{"id":24953,"date":"2021-11-16T16:23:48","date_gmt":"2021-11-16T19:23:48","guid":{"rendered":"https:\/\/jornalfatosenoticias.com.br\/?p=24953"},"modified":"2021-11-16T16:23:52","modified_gmt":"2021-11-16T19:23:52","slug":"evento-da-usp-explica-a-carreira-de-cientista-para-meninas","status":"publish","type":"post","link":"https:\/\/jornalfatosenoticias.com.br\/index.php\/2021\/11\/16\/evento-da-usp-explica-a-carreira-de-cientista-para-meninas\/","title":{"rendered":"Evento da USP explica a carreira de cientista para meninas"},"content":{"rendered":"\n<p><em><span class=\"has-inline-color has-black-color\">Inscri\u00e7\u00e3o para o Vai ter Menina na Ci\u00eancia termina em 25 de novembro<\/span><\/em><\/p>\n\n\n\n<p>Meninas interessadas em seguir carreiras profissionais relacionadas \u00e0 ci\u00eancia, tecnologia, engenharia e matem\u00e1tica, podem conhecer mais dessas \u00e1reas no evento <strong><a href=\"http:\/\/meninaciencia.each.webhostusp.sti.usp.br\/\" target=\"_blank\" rel=\"noreferrer noopener\">Vai ter Menina na Ci\u00eancia<\/a><\/strong>, que vai promover diversas atividades em dois s\u00e1bados, nos dias 27 de novembro e no dia 4 de dezembro. O evento pretende incentivar as garotas de 13 e 14 anos a conhecer mais sobre as \u00e1reas das ci\u00eancias.<br>Podem participar alunas do 8\u00ba ou 9\u00ba ano do ensino fundamental e do ensino m\u00e9dio, que devem fazer a inscri\u00e7\u00e3o at\u00e9 25 de novembro ou at\u00e9 o preenchimento das vagas. As<strong>\u00a0<a href=\"https:\/\/www.sympla.com.br\/vai-ter-menina-na-ciencia-2021__1341549\" target=\"_blank\" rel=\"noreferrer noopener\">inscri\u00e7\u00f5es podem ser feitas pela internet<\/a>.<\/strong><br>O evento \u00e9 totalmente gratuito e contar\u00e1 com diversas atividades, al\u00e9m de palestras e a realiza\u00e7\u00e3o de atividades <em>on-line<\/em>, de forma que as estudantes poder\u00e3o conhecer um pouco do cotidiano de uma cientista. A participa\u00e7\u00e3o ser\u00e1 por meio de plataformas de videoconfer\u00eancia e quem estiver inscrito receber\u00e1 o <em>link<\/em> para assistir \u00e0s transmiss\u00f5es. O evento tamb\u00e9m contar\u00e1 com tradu\u00e7\u00e3o simult\u00e2nea em Libras.<br>O <strong>Vai ter Menina na Ci\u00eancia<\/strong> \u00e9 realizado pela Escola de Artes, Ci\u00eancias e Humanidades (EACH) da Universidade de S\u00e3o Paulo em parceria com a Pr\u00f3-Reitoria de Gradua\u00e7\u00e3o da USP, com coordena\u00e7\u00e3o das professoras K\u00e1thia Hon\u00f3rio, Rosana Vargas e Rosely Imbernon.<\/p>\n\n\n\n<h4 class=\"wp-block-heading\"><span class=\"has-inline-color has-black-color\">Veja a programa\u00e7\u00e3o de atividades:<\/span><\/h4>\n\n\n\n<p><strong><span class=\"has-inline-color has-black-color\">S\u00e1bado, 27 de novembro<br><\/span><\/strong>9h \u00e0s 10h \u2013 Abertura<br>10h \u00e0s 11h \u2013 Palestra de Abertura<br>11h \u00e0s 12h \u2013 Produtos Naturais<br>14h \u00e0s 15h \u2013 Matem\u00e1tica<br>15h \u00e0s 16h \u2013 Farmacologia e Envelhecimento<\/p>\n\n\n\n<p><strong><span class=\"has-inline-color has-black-color\">S\u00e1bado, 4 de dezembro<br><\/span><\/strong>9h \u00e0s 10h \u2013 Biologia<br>10h \u00e0s 11h \u2013 Ci\u00eancias Ambientais\/Oceanografia<br>11h \u00e0s 12h \u2013 Computa\u00e7\u00e3o<br>14h \u00e0s 15h \u2013 Ci\u00eancias da Terra<br>15h \u00e0s 16h \u2013 Qu\u00edmica<br>16h \u00e0s 16h30 \u2013 Encerramento<\/p>\n\n\n\n<p><strong><em>Fonte: <a href=\"https:\/\/agenciabrasil.ebc.com.br\/educacao\/noticia\/2021-11\/evento-da-usp-explica-carreira-de-cientista-para-meninas\">Ag\u00eancia Brasil<\/a><\/em><\/strong><\/p>\n","protected":false},"excerpt":{"rendered":"<p>Inscri\u00e7\u00e3o para o Vai ter Menina na Ci\u00eancia termina em 25 de novembro Meninas interessadas em seguir carreiras profissionais relacionadas \u00e0 ci\u00eancia, tecnologia, engenharia e matem\u00e1tica, podem conhecer mais dessas \u00e1reas no evento Vai ter Menina na Ci\u00eancia, que vai promover diversas atividades em dois s\u00e1bados, nos dias 27 de novembro e no dia 4 [&hellip;]<\/p>\n","protected":false},"author":2,"featured_media":24954,"comment_status":"open","ping_status":"open","sticky":false,"template":"","format":"standard","meta":{"footnotes":""},"categories":[7],"tags":[1105,351,12055],"class_list":["post-24953","post","type-post","status-publish","format-standard","has-post-thumbnail","hentry","category-educacao","tag-cientistas","tag-usp","tag-vai-ter-menina-na-ciencia"],"yoast_head":"<!-- This site is optimized with the Yoast SEO plugin v26.5 - https:\/\/yoast.com\/wordpress\/plugins\/seo\/ -->\n<title>Evento da USP explica a carreira de cientista para meninas - Jornal Fatos e Not\u00edcias<\/title>\n<meta name=\"robots\" content=\"index, follow, max-snippet:-1, max-image-preview:large, max-video-preview:-1\" \/>\n<link rel=\"canonical\" href=\"https:\/\/jornalfatosenoticias.com.br\/index.php\/2021\/11\/16\/evento-da-usp-explica-a-carreira-de-cientista-para-meninas\/\" \/>\n<meta property=\"og:locale\" content=\"pt_BR\" \/>\n<meta property=\"og:type\" content=\"article\" \/>\n<meta property=\"og:title\" content=\"Evento da USP explica a carreira de cientista para meninas - Jornal Fatos e Not\u00edcias\" \/>\n<meta property=\"og:description\" content=\"Inscri\u00e7\u00e3o para o Vai ter Menina na Ci\u00eancia termina em 25 de novembro Meninas interessadas em seguir carreiras profissionais relacionadas \u00e0 ci\u00eancia, tecnologia, engenharia e matem\u00e1tica, podem conhecer mais dessas \u00e1reas no evento Vai ter Menina na Ci\u00eancia, que vai promover diversas atividades em dois s\u00e1bados, nos dias 27 de novembro e no dia 4 [&hellip;]\" \/>\n<meta property=\"og:url\" content=\"https:\/\/jornalfatosenoticias.com.br\/index.php\/2021\/11\/16\/evento-da-usp-explica-a-carreira-de-cientista-para-meninas\/\" \/>\n<meta property=\"og:site_name\" content=\"Jornal Fatos e Not\u00edcias\" \/>\n<meta property=\"article:published_time\" content=\"2021-11-16T19:23:48+00:00\" \/>\n<meta property=\"article:modified_time\" content=\"2021-11-16T19:23:52+00:00\" \/>\n<meta property=\"og:image\" content=\"https:\/\/jornalfatosenoticias.com.br\/wp-content\/uploads\/2021\/11\/fiocruz_-_pesquisa.jpg\" \/>\n\t<meta property=\"og:image:width\" content=\"1000\" \/>\n\t<meta property=\"og:image:height\" content=\"598\" \/>\n\t<meta property=\"og:image:type\" content=\"image\/jpeg\" \/>\n<meta name=\"author\" content=\"Luzimara Fernandes\" \/>\n<meta name=\"twitter:card\" content=\"summary_large_image\" \/>\n<meta name=\"twitter:label1\" content=\"Escrito por\" \/>\n\t<meta name=\"twitter:data1\" content=\"Luzimara Fernandes\" \/>\n\t<meta name=\"twitter:label2\" content=\"Est. tempo de leitura\" \/>\n\t<meta name=\"twitter:data2\" content=\"2 minutos\" \/>\n<script type=\"application\/ld+json\" class=\"yoast-schema-graph\">{\"@context\":\"https:\/\/schema.org\",\"@graph\":[{\"@type\":\"Article\",\"@id\":\"https:\/\/jornalfatosenoticias.com.br\/index.php\/2021\/11\/16\/evento-da-usp-explica-a-carreira-de-cientista-para-meninas\/#article\",\"isPartOf\":{\"@id\":\"https:\/\/jornalfatosenoticias.com.br\/index.php\/2021\/11\/16\/evento-da-usp-explica-a-carreira-de-cientista-para-meninas\/\"},\"author\":{\"name\":\"Luzimara Fernandes\",\"@id\":\"https:\/\/jornalfatosenoticias.com.br\/#\/schema\/person\/d63837fa13ac8666eb9e74e0985d6f81\"},\"headline\":\"Evento da USP explica a carreira de cientista para meninas\",\"datePublished\":\"2021-11-16T19:23:48+00:00\",\"dateModified\":\"2021-11-16T19:23:52+00:00\",\"mainEntityOfPage\":{\"@id\":\"https:\/\/jornalfatosenoticias.com.br\/index.php\/2021\/11\/16\/evento-da-usp-explica-a-carreira-de-cientista-para-meninas\/\"},\"wordCount\":318,\"commentCount\":0,\"publisher\":{\"@id\":\"https:\/\/jornalfatosenoticias.com.br\/#organization\"},\"image\":{\"@id\":\"https:\/\/jornalfatosenoticias.com.br\/index.php\/2021\/11\/16\/evento-da-usp-explica-a-carreira-de-cientista-para-meninas\/#primaryimage\"},\"thumbnailUrl\":\"https:\/\/jornalfatosenoticias.com.br\/wp-content\/uploads\/2021\/11\/fiocruz_-_pesquisa.jpg\",\"keywords\":[\"cientistas\",\"USP\",\"Vai ter Menina na Ci\u00eancia\"],\"articleSection\":[\"Educa\u00e7\u00e3o\"],\"inLanguage\":\"pt-BR\",\"potentialAction\":[{\"@type\":\"CommentAction\",\"name\":\"Comment\",\"target\":[\"https:\/\/jornalfatosenoticias.com.br\/index.php\/2021\/11\/16\/evento-da-usp-explica-a-carreira-de-cientista-para-meninas\/#respond\"]}]},{\"@type\":\"WebPage\",\"@id\":\"https:\/\/jornalfatosenoticias.com.br\/index.php\/2021\/11\/16\/evento-da-usp-explica-a-carreira-de-cientista-para-meninas\/\",\"url\":\"https:\/\/jornalfatosenoticias.com.br\/index.php\/2021\/11\/16\/evento-da-usp-explica-a-carreira-de-cientista-para-meninas\/\",\"name\":\"Evento da USP explica a carreira de cientista para meninas - Jornal Fatos e Not\u00edcias\",\"isPartOf\":{\"@id\":\"https:\/\/jornalfatosenoticias.com.br\/#website\"},\"primaryImageOfPage\":{\"@id\":\"https:\/\/jornalfatosenoticias.com.br\/index.php\/2021\/11\/16\/evento-da-usp-explica-a-carreira-de-cientista-para-meninas\/#primaryimage\"},\"image\":{\"@id\":\"https:\/\/jornalfatosenoticias.com.br\/index.php\/2021\/11\/16\/evento-da-usp-explica-a-carreira-de-cientista-para-meninas\/#primaryimage\"},\"thumbnailUrl\":\"https:\/\/jornalfatosenoticias.com.br\/wp-content\/uploads\/2021\/11\/fiocruz_-_pesquisa.jpg\",\"datePublished\":\"2021-11-16T19:23:48+00:00\",\"dateModified\":\"2021-11-16T19:23:52+00:00\",\"breadcrumb\":{\"@id\":\"https:\/\/jornalfatosenoticias.com.br\/index.php\/2021\/11\/16\/evento-da-usp-explica-a-carreira-de-cientista-para-meninas\/#breadcrumb\"},\"inLanguage\":\"pt-BR\",\"potentialAction\":[{\"@type\":\"ReadAction\",\"target\":[\"https:\/\/jornalfatosenoticias.com.br\/index.php\/2021\/11\/16\/evento-da-usp-explica-a-carreira-de-cientista-para-meninas\/\"]}]},{\"@type\":\"ImageObject\",\"inLanguage\":\"pt-BR\",\"@id\":\"https:\/\/jornalfatosenoticias.com.br\/index.php\/2021\/11\/16\/evento-da-usp-explica-a-carreira-de-cientista-para-meninas\/#primaryimage\",\"url\":\"https:\/\/jornalfatosenoticias.com.br\/wp-content\/uploads\/2021\/11\/fiocruz_-_pesquisa.jpg\",\"contentUrl\":\"https:\/\/jornalfatosenoticias.com.br\/wp-content\/uploads\/2021\/11\/fiocruz_-_pesquisa.jpg\",\"width\":1000,\"height\":598},{\"@type\":\"BreadcrumbList\",\"@id\":\"https:\/\/jornalfatosenoticias.com.br\/index.php\/2021\/11\/16\/evento-da-usp-explica-a-carreira-de-cientista-para-meninas\/#breadcrumb\",\"itemListElement\":[{\"@type\":\"ListItem\",\"position\":1,\"name\":\"In\u00edcio\",\"item\":\"https:\/\/jornalfatosenoticias.com.br\/\"},{\"@type\":\"ListItem\",\"position\":2,\"name\":\"Evento da USP explica a carreira de cientista para meninas\"}]},{\"@type\":\"WebSite\",\"@id\":\"https:\/\/jornalfatosenoticias.com.br\/#website\",\"url\":\"https:\/\/jornalfatosenoticias.com.br\/\",\"name\":\"Jornal Fatos e Not\u00edcias\",\"description\":\"Not\u00edcias em geral\",\"publisher\":{\"@id\":\"https:\/\/jornalfatosenoticias.com.br\/#organization\"},\"potentialAction\":[{\"@type\":\"SearchAction\",\"target\":{\"@type\":\"EntryPoint\",\"urlTemplate\":\"https:\/\/jornalfatosenoticias.com.br\/?s={search_term_string}\"},\"query-input\":{\"@type\":\"PropertyValueSpecification\",\"valueRequired\":true,\"valueName\":\"search_term_string\"}}],\"inLanguage\":\"pt-BR\"},{\"@type\":\"Organization\",\"@id\":\"https:\/\/jornalfatosenoticias.com.br\/#organization\",\"name\":\"Jornal Fatos e Not\u00edcias\",\"url\":\"https:\/\/jornalfatosenoticias.com.br\/\",\"logo\":{\"@type\":\"ImageObject\",\"inLanguage\":\"pt-BR\",\"@id\":\"https:\/\/jornalfatosenoticias.com.br\/#\/schema\/logo\/image\/\",\"url\":\"https:\/\/jornalfatosenoticias.com.br\/wp-content\/uploads\/2020\/02\/logo120.png\",\"contentUrl\":\"https:\/\/jornalfatosenoticias.com.br\/wp-content\/uploads\/2020\/02\/logo120.png\",\"width\":1227,\"height\":120,\"caption\":\"Jornal Fatos e Not\u00edcias\"},\"image\":{\"@id\":\"https:\/\/jornalfatosenoticias.com.br\/#\/schema\/logo\/image\/\"}},{\"@type\":\"Person\",\"@id\":\"https:\/\/jornalfatosenoticias.com.br\/#\/schema\/person\/d63837fa13ac8666eb9e74e0985d6f81\",\"name\":\"Luzimara Fernandes\",\"image\":{\"@type\":\"ImageObject\",\"inLanguage\":\"pt-BR\",\"@id\":\"https:\/\/jornalfatosenoticias.com.br\/#\/schema\/person\/image\/\",\"url\":\"https:\/\/jornalfatosenoticias.com.br\/wp-content\/uploads\/2025\/05\/EU_portal.jpg\",\"contentUrl\":\"https:\/\/jornalfatosenoticias.com.br\/wp-content\/uploads\/2025\/05\/EU_portal.jpg\",\"caption\":\"Luzimara Fernandes\"},\"description\":\"Jornalista MTB 2358-ES\",\"sameAs\":[\"https:\/\/jornalfatosenoticias.com.br\"],\"url\":\"https:\/\/jornalfatosenoticias.com.br\/index.php\/author\/luzimara\/\"}]}<\/script>\n<!-- \/ Yoast SEO plugin. -->","yoast_head_json":{"title":"Evento da USP explica a carreira de cientista para meninas - Jornal Fatos e Not\u00edcias","robots":{"index":"index","follow":"follow","max-snippet":"max-snippet:-1","max-image-preview":"max-image-preview:large","max-video-preview":"max-video-preview:-1"},"canonical":"https:\/\/jornalfatosenoticias.com.br\/index.php\/2021\/11\/16\/evento-da-usp-explica-a-carreira-de-cientista-para-meninas\/","og_locale":"pt_BR","og_type":"article","og_title":"Evento da USP explica a carreira de cientista para meninas - Jornal Fatos e Not\u00edcias","og_description":"Inscri\u00e7\u00e3o para o Vai ter Menina na Ci\u00eancia termina em 25 de novembro Meninas interessadas em seguir carreiras profissionais relacionadas \u00e0 ci\u00eancia, tecnologia, engenharia e matem\u00e1tica, podem conhecer mais dessas \u00e1reas no evento Vai ter Menina na Ci\u00eancia, que vai promover diversas atividades em dois s\u00e1bados, nos dias 27 de novembro e no dia 4 [&hellip;]","og_url":"https:\/\/jornalfatosenoticias.com.br\/index.php\/2021\/11\/16\/evento-da-usp-explica-a-carreira-de-cientista-para-meninas\/","og_site_name":"Jornal Fatos e Not\u00edcias","article_published_time":"2021-11-16T19:23:48+00:00","article_modified_time":"2021-11-16T19:23:52+00:00","og_image":[{"width":1000,"height":598,"url":"https:\/\/jornalfatosenoticias.com.br\/wp-content\/uploads\/2021\/11\/fiocruz_-_pesquisa.jpg","type":"image\/jpeg"}],"author":"Luzimara Fernandes","twitter_card":"summary_large_image","twitter_misc":{"Escrito por":"Luzimara Fernandes","Est. tempo de leitura":"2 minutos"},"schema":{"@context":"https:\/\/schema.org","@graph":[{"@type":"Article","@id":"https:\/\/jornalfatosenoticias.com.br\/index.php\/2021\/11\/16\/evento-da-usp-explica-a-carreira-de-cientista-para-meninas\/#article","isPartOf":{"@id":"https:\/\/jornalfatosenoticias.com.br\/index.php\/2021\/11\/16\/evento-da-usp-explica-a-carreira-de-cientista-para-meninas\/"},"author":{"name":"Luzimara Fernandes","@id":"https:\/\/jornalfatosenoticias.com.br\/#\/schema\/person\/d63837fa13ac8666eb9e74e0985d6f81"},"headline":"Evento da USP explica a carreira de cientista para meninas","datePublished":"2021-11-16T19:23:48+00:00","dateModified":"2021-11-16T19:23:52+00:00","mainEntityOfPage":{"@id":"https:\/\/jornalfatosenoticias.com.br\/index.php\/2021\/11\/16\/evento-da-usp-explica-a-carreira-de-cientista-para-meninas\/"},"wordCount":318,"commentCount":0,"publisher":{"@id":"https:\/\/jornalfatosenoticias.com.br\/#organization"},"image":{"@id":"https:\/\/jornalfatosenoticias.com.br\/index.php\/2021\/11\/16\/evento-da-usp-explica-a-carreira-de-cientista-para-meninas\/#primaryimage"},"thumbnailUrl":"https:\/\/jornalfatosenoticias.com.br\/wp-content\/uploads\/2021\/11\/fiocruz_-_pesquisa.jpg","keywords":["cientistas","USP","Vai ter Menina na Ci\u00eancia"],"articleSection":["Educa\u00e7\u00e3o"],"inLanguage":"pt-BR","potentialAction":[{"@type":"CommentAction","name":"Comment","target":["https:\/\/jornalfatosenoticias.com.br\/index.php\/2021\/11\/16\/evento-da-usp-explica-a-carreira-de-cientista-para-meninas\/#respond"]}]},{"@type":"WebPage","@id":"https:\/\/jornalfatosenoticias.com.br\/index.php\/2021\/11\/16\/evento-da-usp-explica-a-carreira-de-cientista-para-meninas\/","url":"https:\/\/jornalfatosenoticias.com.br\/index.php\/2021\/11\/16\/evento-da-usp-explica-a-carreira-de-cientista-para-meninas\/","name":"Evento da USP explica a carreira de cientista para meninas - Jornal Fatos e Not\u00edcias","isPartOf":{"@id":"https:\/\/jornalfatosenoticias.com.br\/#website"},"primaryImageOfPage":{"@id":"https:\/\/jornalfatosenoticias.com.br\/index.php\/2021\/11\/16\/evento-da-usp-explica-a-carreira-de-cientista-para-meninas\/#primaryimage"},"image":{"@id":"https:\/\/jornalfatosenoticias.com.br\/index.php\/2021\/11\/16\/evento-da-usp-explica-a-carreira-de-cientista-para-meninas\/#primaryimage"},"thumbnailUrl":"https:\/\/jornalfatosenoticias.com.br\/wp-content\/uploads\/2021\/11\/fiocruz_-_pesquisa.jpg","datePublished":"2021-11-16T19:23:48+00:00","dateModified":"2021-11-16T19:23:52+00:00","breadcrumb":{"@id":"https:\/\/jornalfatosenoticias.com.br\/index.php\/2021\/11\/16\/evento-da-usp-explica-a-carreira-de-cientista-para-meninas\/#breadcrumb"},"inLanguage":"pt-BR","potentialAction":[{"@type":"ReadAction","target":["https:\/\/jornalfatosenoticias.com.br\/index.php\/2021\/11\/16\/evento-da-usp-explica-a-carreira-de-cientista-para-meninas\/"]}]},{"@type":"ImageObject","inLanguage":"pt-BR","@id":"https:\/\/jornalfatosenoticias.com.br\/index.php\/2021\/11\/16\/evento-da-usp-explica-a-carreira-de-cientista-para-meninas\/#primaryimage","url":"https:\/\/jornalfatosenoticias.com.br\/wp-content\/uploads\/2021\/11\/fiocruz_-_pesquisa.jpg","contentUrl":"https:\/\/jornalfatosenoticias.com.br\/wp-content\/uploads\/2021\/11\/fiocruz_-_pesquisa.jpg","width":1000,"height":598},{"@type":"BreadcrumbList","@id":"https:\/\/jornalfatosenoticias.com.br\/index.php\/2021\/11\/16\/evento-da-usp-explica-a-carreira-de-cientista-para-meninas\/#breadcrumb","itemListElement":[{"@type":"ListItem","position":1,"name":"In\u00edcio","item":"https:\/\/jornalfatosenoticias.com.br\/"},{"@type":"ListItem","position":2,"name":"Evento da USP explica a carreira de cientista para meninas"}]},{"@type":"WebSite","@id":"https:\/\/jornalfatosenoticias.com.br\/#website","url":"https:\/\/jornalfatosenoticias.com.br\/","name":"Jornal Fatos e Not\u00edcias","description":"Not\u00edcias em geral","publisher":{"@id":"https:\/\/jornalfatosenoticias.com.br\/#organization"},"potentialAction":[{"@type":"SearchAction","target":{"@type":"EntryPoint","urlTemplate":"https:\/\/jornalfatosenoticias.com.br\/?s={search_term_string}"},"query-input":{"@type":"PropertyValueSpecification","valueRequired":true,"valueName":"search_term_string"}}],"inLanguage":"pt-BR"},{"@type":"Organization","@id":"https:\/\/jornalfatosenoticias.com.br\/#organization","name":"Jornal Fatos e Not\u00edcias","url":"https:\/\/jornalfatosenoticias.com.br\/","logo":{"@type":"ImageObject","inLanguage":"pt-BR","@id":"https:\/\/jornalfatosenoticias.com.br\/#\/schema\/logo\/image\/","url":"https:\/\/jornalfatosenoticias.com.br\/wp-content\/uploads\/2020\/02\/logo120.png","contentUrl":"https:\/\/jornalfatosenoticias.com.br\/wp-content\/uploads\/2020\/02\/logo120.png","width":1227,"height":120,"caption":"Jornal Fatos e Not\u00edcias"},"image":{"@id":"https:\/\/jornalfatosenoticias.com.br\/#\/schema\/logo\/image\/"}},{"@type":"Person","@id":"https:\/\/jornalfatosenoticias.com.br\/#\/schema\/person\/d63837fa13ac8666eb9e74e0985d6f81","name":"Luzimara Fernandes","image":{"@type":"ImageObject","inLanguage":"pt-BR","@id":"https:\/\/jornalfatosenoticias.com.br\/#\/schema\/person\/image\/","url":"https:\/\/jornalfatosenoticias.com.br\/wp-content\/uploads\/2025\/05\/EU_portal.jpg","contentUrl":"https:\/\/jornalfatosenoticias.com.br\/wp-content\/uploads\/2025\/05\/EU_portal.jpg","caption":"Luzimara Fernandes"},"description":"Jornalista MTB 2358-ES","sameAs":["https:\/\/jornalfatosenoticias.com.br"],"url":"https:\/\/jornalfatosenoticias.com.br\/index.php\/author\/luzimara\/"}]}},"cc_featured_image_caption":{"caption_text":"(Foto: Fiocruz\/Arquivo)","source_text":"","source_url":""},"jetpack_featured_media_url":"https:\/\/jornalfatosenoticias.com.br\/wp-content\/uploads\/2021\/11\/fiocruz_-_pesquisa.jpg","_links":{"self":[{"href":"https:\/\/jornalfatosenoticias.com.br\/index.php\/wp-json\/wp\/v2\/posts\/24953","targetHints":{"allow":["GET"]}}],"collection":[{"href":"https:\/\/jornalfatosenoticias.com.br\/index.php\/wp-json\/wp\/v2\/posts"}],"about":[{"href":"https:\/\/jornalfatosenoticias.com.br\/index.php\/wp-json\/wp\/v2\/types\/post"}],"author":[{"embeddable":true,"href":"https:\/\/jornalfatosenoticias.com.br\/index.php\/wp-json\/wp\/v2\/users\/2"}],"replies":[{"embeddable":true,"href":"https:\/\/jornalfatosenoticias.com.br\/index.php\/wp-json\/wp\/v2\/comments?post=24953"}],"version-history":[{"count":0,"href":"https:\/\/jornalfatosenoticias.com.br\/index.php\/wp-json\/wp\/v2\/posts\/24953\/revisions"}],"wp:featuredmedia":[{"embeddable":true,"href":"https:\/\/jornalfatosenoticias.com.br\/index.php\/wp-json\/wp\/v2\/media\/24954"}],"wp:attachment":[{"href":"https:\/\/jornalfatosenoticias.com.br\/index.php\/wp-json\/wp\/v2\/media?parent=24953"}],"wp:term":[{"taxonomy":"category","embeddable":true,"href":"https:\/\/jornalfatosenoticias.com.br\/index.php\/wp-json\/wp\/v2\/categories?post=24953"},{"taxonomy":"post_tag","embeddable":true,"href":"https:\/\/jornalfatosenoticias.com.br\/index.php\/wp-json\/wp\/v2\/tags?post=24953"}],"curies":[{"name":"wp","href":"https:\/\/api.w.org\/{rel}","templated":true}]}}