{"id":25008,"date":"2021-11-18T16:50:32","date_gmt":"2021-11-18T19:50:32","guid":{"rendered":"https:\/\/jornalfatosenoticias.com.br\/?p=25008"},"modified":"2021-11-18T16:50:36","modified_gmt":"2021-11-18T19:50:36","slug":"59-dos-dislexicos-nao-receberam-adaptacao-pedagogica-na-pandemia","status":"publish","type":"post","link":"https:\/\/jornalfatosenoticias.com.br\/index.php\/2021\/11\/18\/59-dos-dislexicos-nao-receberam-adaptacao-pedagogica-na-pandemia\/","title":{"rendered":"59% dos disl\u00e9xicos n\u00e3o receberam adapta\u00e7\u00e3o pedag\u00f3gica na pandemia"},"content":{"rendered":"\n<p><em><span class=\"has-inline-color has-black-color\">Essa \u00e9 a realidade de disl\u00e9xicos cuja renda familiar fica em torno de dois sal\u00e1rios m\u00ednimos. Informa\u00e7\u00e3o consta em um mapeamento in\u00e9dito que destaca ainda: diagn\u00f3stico tardio, desgastes e alto custo emocional e financeiro fazem parte do dia a dia dessas pessoas<\/span><\/em><\/p>\n\n\n\n<p>Para 59% dos pais com filhos disl\u00e9xicos e cuja renda familiar gira em torno de R$ 2 mil, n\u00e3o houve adapta\u00e7\u00e3o pedag\u00f3gica durante a pandemia. 49% tamb\u00e9m consideram a escola ruim ou p\u00e9ssima nessa fase. Al\u00e9m disso, 78,8% das fam\u00edlias n\u00e3o receberam orienta\u00e7\u00f5es neste per\u00edodo para realizar as adapta\u00e7\u00f5es necess\u00e1rias. Os dados comp\u00f5em um estudo sobre o perfil da dislexia no Brasil, conduzido pelo Instituto ABCD, organiza\u00e7\u00e3o social com o prop\u00f3sito de promover e disseminar projetos que impactem positivamente a vida de pessoas com dislexia, em parceria com a Cisco e o Instituto IT M\u00eddia.<\/p>\n\n\n\n<blockquote class=\"wp-block-quote is-layout-flow wp-block-quote-is-layout-flow\"><p><span class=\"has-inline-color has-luminous-vivid-orange-color\">\u201cA pandemia escancarou as desigualdades no acesso \u00e0 inclus\u00e3o escolar. Alunos com dislexia que j\u00e1 apresentam maior vulnerabilidade na aprendizagem ficaram sem adapta\u00e7\u00f5es necess\u00e1rias por mais de um ano. Precisamos planejar com urg\u00eancia o refor\u00e7o escolar para essas crian\u00e7as e adolescentes\u201d, avalia Juliana Amorina.<\/span><\/p><\/blockquote>\n\n\n\n<p><span class=\"has-inline-color has-black-color\"><strong>Desgastes emocionais e dificuldade no diagn\u00f3stico<br><\/strong><\/span>Dessa forma chama a aten\u00e7\u00e3o que para 80% das fam\u00edlias, a dislexia tem um impacto emocional negativo na vida de seus filhos e, durante a pandemia, as dificuldades de acesso aos servi\u00e7os de sa\u00fade para diagn\u00f3stico e tratamento aumentaram: 85% relatam que n\u00e3o receberam orienta\u00e7\u00f5es no per\u00edodo.<br>Inclusive, o documento apresenta informa\u00e7\u00f5es sobre as dificuldades de acesso ao diagn\u00f3stico e o custo emocional e financeiro que a dislexia, transtorno que atinge cerca de 10 milh\u00f5es de brasileiros, gera na vida do disl\u00e9xico e de seus familiares.<br>O relat\u00f3rio reuniu 304 participantes disl\u00e9xicos de 20 estados brasileiros e apontou barreiras no diagn\u00f3stico como, por exemplo, a identifica\u00e7\u00e3o tardia do problema, feita por volta dos oito, seis anos, entretanto o ideal seria entre os seis e sete anos. Os desgastes com o deslocamento e a procura pelos profissionais adequados para identificar o transtorno s\u00e3o outros pontos negativos apontados pelo documento.<\/p>\n\n\n\n<blockquote class=\"wp-block-quote is-layout-flow wp-block-quote-is-layout-flow\"><p><span class=\"has-inline-color has-luminous-vivid-orange-color\">\u201cPara realizar a avalia\u00e7\u00e3o, 34% das fam\u00edlias precisaram se deslocar de sua cidade natal para outro ponto e ainda, 30% das crian\u00e7as foram direcionadas a mais de cinco especialistas para chegar ao diagn\u00f3stico final, o que gera desgaste emocional e alto custo. Considerando a realidade da maioria dos munic\u00edpios brasileiros, o diagn\u00f3stico deveria ser realizado com o apoio de at\u00e9 tr\u00eas profissionais\u201d, conclui Juliana Amorina, diretora-presidente do Instituto ABCD.<\/span><\/p><\/blockquote>\n\n\n\n<p>Sobretudo, h\u00e1 uma car\u00eancia de materiais realmente acess\u00edveis para que os familiares compreendam o que \u00e9 a dislexia e como ajudar crian\u00e7as disl\u00e9xicas a aprender, al\u00e9m da aus\u00eancia de profissionais preparados para lidar com a quest\u00e3o e falta de amparo aos pais no processo da busca pelo diagn\u00f3stico. \u201cA pesquisa \u00e9 fundamental para apoiar o Instituto na luta por pol\u00edticas p\u00fablicas e por um atendimento adequado para quem busca ou recebe o diagn\u00f3stico\u201d defende Juliana.<\/p>\n\n\n\n<p><strong><span class=\"has-inline-color has-black-color\">Impacto financeiro<br><\/span><\/strong>Infelizmente, o custo financeiro tamb\u00e9m pesa no or\u00e7amento. De acordo com a pesquisa, o custo m\u00e9dio da avalia\u00e7\u00e3o para a dislexia pode chegar a R$ 1.000,00. Entretanto, 47% das fam\u00edlias revelaram que gastaram o dobro somente na fase de diagn\u00f3stico, cuja despesa atingiu R$ 2 mil.<br>A saber, o acompanhamento segue o mesmo ritmo: 62% das fam\u00edlias entrevistadas investem mais de R$ 800 por m\u00eas em atendimentos especializados e como o gasto \u00e9 elevado, o acompanhamento est\u00e1 diretamente ligado \u00e0 renda familiar dos disl\u00e9xicos: das fam\u00edlias que n\u00e3o conseguem arcar com essa despesa, cerca de 40% t\u00eam renda m\u00e9dia de R$ 2 mil.<\/p>\n\n\n\n<p><strong>Leia:&nbsp;<a rel=\"noreferrer noopener\" href=\"https:\/\/revistaeducacao.com.br\/2021\/11\/16\/alfabetizacao-menos-desigualdade\/\" target=\"_blank\">Alfabetiza\u00e7\u00e3o, caminho para a constru\u00e7\u00e3o de uma sociedade menos desigual<\/a><\/strong><\/p>\n\n\n\n<p><strong><span class=\"has-inline-color has-black-color\">Tecnologia como aliada<br><\/span><\/strong>Em contra partida, aliada da crian\u00e7a com dislexia, a tecnologia foi recomendada a 43% das fam\u00edlias ap\u00f3s o diagn\u00f3stico como recurso para desenvolver a leitura. Entretanto, apenas 2,2% relataram que a orienta\u00e7\u00e3o foi feita pela equipe pedag\u00f3gica, demonstrando que os educadores precisam de apoio para incluir alunos com dislexia.<br>Contudo, na luta para vencer essa batalha, Juliana anuncia inova\u00e7\u00f5es para o EduEdu, aplicativo gratuito de alfabetiza\u00e7\u00e3o e refor\u00e7o escolar com solu\u00e7\u00f5es tecnol\u00f3gicas acess\u00edveis, desenvolvido pelo Instituto ABCD. A vers\u00e3o atualizada contar\u00e1 com uma \u00e1rea de triagem capaz de identificar poss\u00edveis sinais de dislexia.<\/p>\n\n\n\n<p><strong><span class=\"has-inline-color has-black-color\">A dislexia<br><\/span><\/strong>Em conclus\u00e3o, Transtorno espec\u00edfico da aprendizagem de origem neurobiol\u00f3gica, a dislexia \u00e9 caracterizada pela dificuldade no reconhecimento preciso das palavras, pela baixa habilidade de decodifica\u00e7\u00e3o e soletra\u00e7\u00e3o. As dificuldades geralmente derivam de um d\u00e9ficit no componente fonol\u00f3gico da linguagem dos disl\u00e9xicos, muitas vezes surpreendente quando comparado a outras habilidades cognitivas e ao acesso \u00e0 aprendizagem. Igualmente consequ\u00eancias secund\u00e1rias podem incluir dificuldades na compreens\u00e3o de texto e pouca experi\u00eancia de leitura, o que impede o desenvolvimento do vocabul\u00e1rio e do conhecimento geral.<\/p>\n\n\n\n<p><strong><em>Fonte: <a href=\"https:\/\/revistaeducacao.com.br\/2021\/11\/16\/dislexicos-adaptacao-pedagogica\/\">Revista Educa\u00e7\u00e3o<\/a><\/em><\/strong><\/p>\n","protected":false},"excerpt":{"rendered":"<p>Essa \u00e9 a realidade de disl\u00e9xicos cuja renda familiar fica em torno de dois sal\u00e1rios m\u00ednimos. Informa\u00e7\u00e3o consta em um mapeamento in\u00e9dito que destaca ainda: diagn\u00f3stico tardio, desgastes e alto custo emocional e financeiro fazem parte do dia a dia dessas pessoas Para 59% dos pais com filhos disl\u00e9xicos e cuja renda familiar gira em [&hellip;]<\/p>\n","protected":false},"author":2,"featured_media":25009,"comment_status":"open","ping_status":"open","sticky":false,"template":"","format":"standard","meta":{"footnotes":""},"categories":[7],"tags":[12081,3821,8456,12082],"class_list":["post-25008","post","type-post","status-publish","format-standard","has-post-thumbnail","hentry","category-educacao","tag-adaptacoes-pedagogicas","tag-alfabetizacao","tag-dislexia","tag-dislexicos"],"yoast_head":"<!-- This site is optimized with the Yoast SEO plugin v26.5 - https:\/\/yoast.com\/wordpress\/plugins\/seo\/ -->\n<title>59% dos disl\u00e9xicos n\u00e3o receberam adapta\u00e7\u00e3o pedag\u00f3gica na pandemia - Jornal Fatos e Not\u00edcias<\/title>\n<meta name=\"robots\" content=\"index, follow, max-snippet:-1, max-image-preview:large, max-video-preview:-1\" \/>\n<link rel=\"canonical\" href=\"https:\/\/jornalfatosenoticias.com.br\/index.php\/2021\/11\/18\/59-dos-dislexicos-nao-receberam-adaptacao-pedagogica-na-pandemia\/\" \/>\n<meta property=\"og:locale\" content=\"pt_BR\" \/>\n<meta property=\"og:type\" content=\"article\" \/>\n<meta property=\"og:title\" content=\"59% dos disl\u00e9xicos n\u00e3o receberam adapta\u00e7\u00e3o pedag\u00f3gica na pandemia - Jornal Fatos e Not\u00edcias\" \/>\n<meta property=\"og:description\" content=\"Essa \u00e9 a realidade de disl\u00e9xicos cuja renda familiar fica em torno de dois sal\u00e1rios m\u00ednimos. Informa\u00e7\u00e3o consta em um mapeamento in\u00e9dito que destaca ainda: diagn\u00f3stico tardio, desgastes e alto custo emocional e financeiro fazem parte do dia a dia dessas pessoas Para 59% dos pais com filhos disl\u00e9xicos e cuja renda familiar gira em [&hellip;]\" \/>\n<meta property=\"og:url\" content=\"https:\/\/jornalfatosenoticias.com.br\/index.php\/2021\/11\/18\/59-dos-dislexicos-nao-receberam-adaptacao-pedagogica-na-pandemia\/\" \/>\n<meta property=\"og:site_name\" content=\"Jornal Fatos e Not\u00edcias\" \/>\n<meta property=\"article:published_time\" content=\"2021-11-18T19:50:32+00:00\" \/>\n<meta property=\"article:modified_time\" content=\"2021-11-18T19:50:36+00:00\" \/>\n<meta property=\"og:image\" content=\"https:\/\/jornalfatosenoticias.com.br\/wp-content\/uploads\/2021\/11\/DISLEXICOS.jpg\" \/>\n\t<meta property=\"og:image:width\" content=\"1000\" \/>\n\t<meta property=\"og:image:height\" content=\"667\" \/>\n\t<meta property=\"og:image:type\" content=\"image\/jpeg\" \/>\n<meta name=\"author\" content=\"Luzimara Fernandes\" \/>\n<meta name=\"twitter:card\" content=\"summary_large_image\" \/>\n<meta name=\"twitter:label1\" content=\"Escrito por\" \/>\n\t<meta name=\"twitter:data1\" content=\"Luzimara Fernandes\" \/>\n\t<meta name=\"twitter:label2\" content=\"Est. tempo de leitura\" \/>\n\t<meta name=\"twitter:data2\" content=\"4 minutos\" \/>\n<script type=\"application\/ld+json\" class=\"yoast-schema-graph\">{\"@context\":\"https:\/\/schema.org\",\"@graph\":[{\"@type\":\"Article\",\"@id\":\"https:\/\/jornalfatosenoticias.com.br\/index.php\/2021\/11\/18\/59-dos-dislexicos-nao-receberam-adaptacao-pedagogica-na-pandemia\/#article\",\"isPartOf\":{\"@id\":\"https:\/\/jornalfatosenoticias.com.br\/index.php\/2021\/11\/18\/59-dos-dislexicos-nao-receberam-adaptacao-pedagogica-na-pandemia\/\"},\"author\":{\"name\":\"Luzimara Fernandes\",\"@id\":\"https:\/\/jornalfatosenoticias.com.br\/#\/schema\/person\/d63837fa13ac8666eb9e74e0985d6f81\"},\"headline\":\"59% dos disl\u00e9xicos n\u00e3o receberam adapta\u00e7\u00e3o pedag\u00f3gica na pandemia\",\"datePublished\":\"2021-11-18T19:50:32+00:00\",\"dateModified\":\"2021-11-18T19:50:36+00:00\",\"mainEntityOfPage\":{\"@id\":\"https:\/\/jornalfatosenoticias.com.br\/index.php\/2021\/11\/18\/59-dos-dislexicos-nao-receberam-adaptacao-pedagogica-na-pandemia\/\"},\"wordCount\":870,\"commentCount\":0,\"publisher\":{\"@id\":\"https:\/\/jornalfatosenoticias.com.br\/#organization\"},\"image\":{\"@id\":\"https:\/\/jornalfatosenoticias.com.br\/index.php\/2021\/11\/18\/59-dos-dislexicos-nao-receberam-adaptacao-pedagogica-na-pandemia\/#primaryimage\"},\"thumbnailUrl\":\"https:\/\/jornalfatosenoticias.com.br\/wp-content\/uploads\/2021\/11\/DISLEXICOS.jpg\",\"keywords\":[\"adapta\u00e7\u00f5es pedag\u00f3gicas\",\"alfabetiza\u00e7\u00e3o\",\"dislexia\",\"disl\u00e9xicos\"],\"articleSection\":[\"Educa\u00e7\u00e3o\"],\"inLanguage\":\"pt-BR\",\"potentialAction\":[{\"@type\":\"CommentAction\",\"name\":\"Comment\",\"target\":[\"https:\/\/jornalfatosenoticias.com.br\/index.php\/2021\/11\/18\/59-dos-dislexicos-nao-receberam-adaptacao-pedagogica-na-pandemia\/#respond\"]}]},{\"@type\":\"WebPage\",\"@id\":\"https:\/\/jornalfatosenoticias.com.br\/index.php\/2021\/11\/18\/59-dos-dislexicos-nao-receberam-adaptacao-pedagogica-na-pandemia\/\",\"url\":\"https:\/\/jornalfatosenoticias.com.br\/index.php\/2021\/11\/18\/59-dos-dislexicos-nao-receberam-adaptacao-pedagogica-na-pandemia\/\",\"name\":\"59% dos disl\u00e9xicos n\u00e3o receberam adapta\u00e7\u00e3o pedag\u00f3gica na pandemia - Jornal Fatos e Not\u00edcias\",\"isPartOf\":{\"@id\":\"https:\/\/jornalfatosenoticias.com.br\/#website\"},\"primaryImageOfPage\":{\"@id\":\"https:\/\/jornalfatosenoticias.com.br\/index.php\/2021\/11\/18\/59-dos-dislexicos-nao-receberam-adaptacao-pedagogica-na-pandemia\/#primaryimage\"},\"image\":{\"@id\":\"https:\/\/jornalfatosenoticias.com.br\/index.php\/2021\/11\/18\/59-dos-dislexicos-nao-receberam-adaptacao-pedagogica-na-pandemia\/#primaryimage\"},\"thumbnailUrl\":\"https:\/\/jornalfatosenoticias.com.br\/wp-content\/uploads\/2021\/11\/DISLEXICOS.jpg\",\"datePublished\":\"2021-11-18T19:50:32+00:00\",\"dateModified\":\"2021-11-18T19:50:36+00:00\",\"breadcrumb\":{\"@id\":\"https:\/\/jornalfatosenoticias.com.br\/index.php\/2021\/11\/18\/59-dos-dislexicos-nao-receberam-adaptacao-pedagogica-na-pandemia\/#breadcrumb\"},\"inLanguage\":\"pt-BR\",\"potentialAction\":[{\"@type\":\"ReadAction\",\"target\":[\"https:\/\/jornalfatosenoticias.com.br\/index.php\/2021\/11\/18\/59-dos-dislexicos-nao-receberam-adaptacao-pedagogica-na-pandemia\/\"]}]},{\"@type\":\"ImageObject\",\"inLanguage\":\"pt-BR\",\"@id\":\"https:\/\/jornalfatosenoticias.com.br\/index.php\/2021\/11\/18\/59-dos-dislexicos-nao-receberam-adaptacao-pedagogica-na-pandemia\/#primaryimage\",\"url\":\"https:\/\/jornalfatosenoticias.com.br\/wp-content\/uploads\/2021\/11\/DISLEXICOS.jpg\",\"contentUrl\":\"https:\/\/jornalfatosenoticias.com.br\/wp-content\/uploads\/2021\/11\/DISLEXICOS.jpg\",\"width\":1000,\"height\":667},{\"@type\":\"BreadcrumbList\",\"@id\":\"https:\/\/jornalfatosenoticias.com.br\/index.php\/2021\/11\/18\/59-dos-dislexicos-nao-receberam-adaptacao-pedagogica-na-pandemia\/#breadcrumb\",\"itemListElement\":[{\"@type\":\"ListItem\",\"position\":1,\"name\":\"In\u00edcio\",\"item\":\"https:\/\/jornalfatosenoticias.com.br\/\"},{\"@type\":\"ListItem\",\"position\":2,\"name\":\"59% dos disl\u00e9xicos n\u00e3o receberam adapta\u00e7\u00e3o pedag\u00f3gica na pandemia\"}]},{\"@type\":\"WebSite\",\"@id\":\"https:\/\/jornalfatosenoticias.com.br\/#website\",\"url\":\"https:\/\/jornalfatosenoticias.com.br\/\",\"name\":\"Jornal Fatos e Not\u00edcias\",\"description\":\"Not\u00edcias em geral\",\"publisher\":{\"@id\":\"https:\/\/jornalfatosenoticias.com.br\/#organization\"},\"potentialAction\":[{\"@type\":\"SearchAction\",\"target\":{\"@type\":\"EntryPoint\",\"urlTemplate\":\"https:\/\/jornalfatosenoticias.com.br\/?s={search_term_string}\"},\"query-input\":{\"@type\":\"PropertyValueSpecification\",\"valueRequired\":true,\"valueName\":\"search_term_string\"}}],\"inLanguage\":\"pt-BR\"},{\"@type\":\"Organization\",\"@id\":\"https:\/\/jornalfatosenoticias.com.br\/#organization\",\"name\":\"Jornal Fatos e Not\u00edcias\",\"url\":\"https:\/\/jornalfatosenoticias.com.br\/\",\"logo\":{\"@type\":\"ImageObject\",\"inLanguage\":\"pt-BR\",\"@id\":\"https:\/\/jornalfatosenoticias.com.br\/#\/schema\/logo\/image\/\",\"url\":\"https:\/\/jornalfatosenoticias.com.br\/wp-content\/uploads\/2020\/02\/logo120.png\",\"contentUrl\":\"https:\/\/jornalfatosenoticias.com.br\/wp-content\/uploads\/2020\/02\/logo120.png\",\"width\":1227,\"height\":120,\"caption\":\"Jornal Fatos e Not\u00edcias\"},\"image\":{\"@id\":\"https:\/\/jornalfatosenoticias.com.br\/#\/schema\/logo\/image\/\"}},{\"@type\":\"Person\",\"@id\":\"https:\/\/jornalfatosenoticias.com.br\/#\/schema\/person\/d63837fa13ac8666eb9e74e0985d6f81\",\"name\":\"Luzimara Fernandes\",\"image\":{\"@type\":\"ImageObject\",\"inLanguage\":\"pt-BR\",\"@id\":\"https:\/\/jornalfatosenoticias.com.br\/#\/schema\/person\/image\/\",\"url\":\"https:\/\/jornalfatosenoticias.com.br\/wp-content\/uploads\/2025\/05\/EU_portal.jpg\",\"contentUrl\":\"https:\/\/jornalfatosenoticias.com.br\/wp-content\/uploads\/2025\/05\/EU_portal.jpg\",\"caption\":\"Luzimara Fernandes\"},\"description\":\"Jornalista MTB 2358-ES\",\"sameAs\":[\"https:\/\/jornalfatosenoticias.com.br\"],\"url\":\"https:\/\/jornalfatosenoticias.com.br\/index.php\/author\/luzimara\/\"}]}<\/script>\n<!-- \/ Yoast SEO plugin. -->","yoast_head_json":{"title":"59% dos disl\u00e9xicos n\u00e3o receberam adapta\u00e7\u00e3o pedag\u00f3gica na pandemia - Jornal Fatos e Not\u00edcias","robots":{"index":"index","follow":"follow","max-snippet":"max-snippet:-1","max-image-preview":"max-image-preview:large","max-video-preview":"max-video-preview:-1"},"canonical":"https:\/\/jornalfatosenoticias.com.br\/index.php\/2021\/11\/18\/59-dos-dislexicos-nao-receberam-adaptacao-pedagogica-na-pandemia\/","og_locale":"pt_BR","og_type":"article","og_title":"59% dos disl\u00e9xicos n\u00e3o receberam adapta\u00e7\u00e3o pedag\u00f3gica na pandemia - Jornal Fatos e Not\u00edcias","og_description":"Essa \u00e9 a realidade de disl\u00e9xicos cuja renda familiar fica em torno de dois sal\u00e1rios m\u00ednimos. Informa\u00e7\u00e3o consta em um mapeamento in\u00e9dito que destaca ainda: diagn\u00f3stico tardio, desgastes e alto custo emocional e financeiro fazem parte do dia a dia dessas pessoas Para 59% dos pais com filhos disl\u00e9xicos e cuja renda familiar gira em [&hellip;]","og_url":"https:\/\/jornalfatosenoticias.com.br\/index.php\/2021\/11\/18\/59-dos-dislexicos-nao-receberam-adaptacao-pedagogica-na-pandemia\/","og_site_name":"Jornal Fatos e Not\u00edcias","article_published_time":"2021-11-18T19:50:32+00:00","article_modified_time":"2021-11-18T19:50:36+00:00","og_image":[{"width":1000,"height":667,"url":"https:\/\/jornalfatosenoticias.com.br\/wp-content\/uploads\/2021\/11\/DISLEXICOS.jpg","type":"image\/jpeg"}],"author":"Luzimara Fernandes","twitter_card":"summary_large_image","twitter_misc":{"Escrito por":"Luzimara Fernandes","Est. tempo de leitura":"4 minutos"},"schema":{"@context":"https:\/\/schema.org","@graph":[{"@type":"Article","@id":"https:\/\/jornalfatosenoticias.com.br\/index.php\/2021\/11\/18\/59-dos-dislexicos-nao-receberam-adaptacao-pedagogica-na-pandemia\/#article","isPartOf":{"@id":"https:\/\/jornalfatosenoticias.com.br\/index.php\/2021\/11\/18\/59-dos-dislexicos-nao-receberam-adaptacao-pedagogica-na-pandemia\/"},"author":{"name":"Luzimara Fernandes","@id":"https:\/\/jornalfatosenoticias.com.br\/#\/schema\/person\/d63837fa13ac8666eb9e74e0985d6f81"},"headline":"59% dos disl\u00e9xicos n\u00e3o receberam adapta\u00e7\u00e3o pedag\u00f3gica na pandemia","datePublished":"2021-11-18T19:50:32+00:00","dateModified":"2021-11-18T19:50:36+00:00","mainEntityOfPage":{"@id":"https:\/\/jornalfatosenoticias.com.br\/index.php\/2021\/11\/18\/59-dos-dislexicos-nao-receberam-adaptacao-pedagogica-na-pandemia\/"},"wordCount":870,"commentCount":0,"publisher":{"@id":"https:\/\/jornalfatosenoticias.com.br\/#organization"},"image":{"@id":"https:\/\/jornalfatosenoticias.com.br\/index.php\/2021\/11\/18\/59-dos-dislexicos-nao-receberam-adaptacao-pedagogica-na-pandemia\/#primaryimage"},"thumbnailUrl":"https:\/\/jornalfatosenoticias.com.br\/wp-content\/uploads\/2021\/11\/DISLEXICOS.jpg","keywords":["adapta\u00e7\u00f5es pedag\u00f3gicas","alfabetiza\u00e7\u00e3o","dislexia","disl\u00e9xicos"],"articleSection":["Educa\u00e7\u00e3o"],"inLanguage":"pt-BR","potentialAction":[{"@type":"CommentAction","name":"Comment","target":["https:\/\/jornalfatosenoticias.com.br\/index.php\/2021\/11\/18\/59-dos-dislexicos-nao-receberam-adaptacao-pedagogica-na-pandemia\/#respond"]}]},{"@type":"WebPage","@id":"https:\/\/jornalfatosenoticias.com.br\/index.php\/2021\/11\/18\/59-dos-dislexicos-nao-receberam-adaptacao-pedagogica-na-pandemia\/","url":"https:\/\/jornalfatosenoticias.com.br\/index.php\/2021\/11\/18\/59-dos-dislexicos-nao-receberam-adaptacao-pedagogica-na-pandemia\/","name":"59% dos disl\u00e9xicos n\u00e3o receberam adapta\u00e7\u00e3o pedag\u00f3gica na pandemia - Jornal Fatos e Not\u00edcias","isPartOf":{"@id":"https:\/\/jornalfatosenoticias.com.br\/#website"},"primaryImageOfPage":{"@id":"https:\/\/jornalfatosenoticias.com.br\/index.php\/2021\/11\/18\/59-dos-dislexicos-nao-receberam-adaptacao-pedagogica-na-pandemia\/#primaryimage"},"image":{"@id":"https:\/\/jornalfatosenoticias.com.br\/index.php\/2021\/11\/18\/59-dos-dislexicos-nao-receberam-adaptacao-pedagogica-na-pandemia\/#primaryimage"},"thumbnailUrl":"https:\/\/jornalfatosenoticias.com.br\/wp-content\/uploads\/2021\/11\/DISLEXICOS.jpg","datePublished":"2021-11-18T19:50:32+00:00","dateModified":"2021-11-18T19:50:36+00:00","breadcrumb":{"@id":"https:\/\/jornalfatosenoticias.com.br\/index.php\/2021\/11\/18\/59-dos-dislexicos-nao-receberam-adaptacao-pedagogica-na-pandemia\/#breadcrumb"},"inLanguage":"pt-BR","potentialAction":[{"@type":"ReadAction","target":["https:\/\/jornalfatosenoticias.com.br\/index.php\/2021\/11\/18\/59-dos-dislexicos-nao-receberam-adaptacao-pedagogica-na-pandemia\/"]}]},{"@type":"ImageObject","inLanguage":"pt-BR","@id":"https:\/\/jornalfatosenoticias.com.br\/index.php\/2021\/11\/18\/59-dos-dislexicos-nao-receberam-adaptacao-pedagogica-na-pandemia\/#primaryimage","url":"https:\/\/jornalfatosenoticias.com.br\/wp-content\/uploads\/2021\/11\/DISLEXICOS.jpg","contentUrl":"https:\/\/jornalfatosenoticias.com.br\/wp-content\/uploads\/2021\/11\/DISLEXICOS.jpg","width":1000,"height":667},{"@type":"BreadcrumbList","@id":"https:\/\/jornalfatosenoticias.com.br\/index.php\/2021\/11\/18\/59-dos-dislexicos-nao-receberam-adaptacao-pedagogica-na-pandemia\/#breadcrumb","itemListElement":[{"@type":"ListItem","position":1,"name":"In\u00edcio","item":"https:\/\/jornalfatosenoticias.com.br\/"},{"@type":"ListItem","position":2,"name":"59% dos disl\u00e9xicos n\u00e3o receberam adapta\u00e7\u00e3o pedag\u00f3gica na pandemia"}]},{"@type":"WebSite","@id":"https:\/\/jornalfatosenoticias.com.br\/#website","url":"https:\/\/jornalfatosenoticias.com.br\/","name":"Jornal Fatos e Not\u00edcias","description":"Not\u00edcias em geral","publisher":{"@id":"https:\/\/jornalfatosenoticias.com.br\/#organization"},"potentialAction":[{"@type":"SearchAction","target":{"@type":"EntryPoint","urlTemplate":"https:\/\/jornalfatosenoticias.com.br\/?s={search_term_string}"},"query-input":{"@type":"PropertyValueSpecification","valueRequired":true,"valueName":"search_term_string"}}],"inLanguage":"pt-BR"},{"@type":"Organization","@id":"https:\/\/jornalfatosenoticias.com.br\/#organization","name":"Jornal Fatos e Not\u00edcias","url":"https:\/\/jornalfatosenoticias.com.br\/","logo":{"@type":"ImageObject","inLanguage":"pt-BR","@id":"https:\/\/jornalfatosenoticias.com.br\/#\/schema\/logo\/image\/","url":"https:\/\/jornalfatosenoticias.com.br\/wp-content\/uploads\/2020\/02\/logo120.png","contentUrl":"https:\/\/jornalfatosenoticias.com.br\/wp-content\/uploads\/2020\/02\/logo120.png","width":1227,"height":120,"caption":"Jornal Fatos e Not\u00edcias"},"image":{"@id":"https:\/\/jornalfatosenoticias.com.br\/#\/schema\/logo\/image\/"}},{"@type":"Person","@id":"https:\/\/jornalfatosenoticias.com.br\/#\/schema\/person\/d63837fa13ac8666eb9e74e0985d6f81","name":"Luzimara Fernandes","image":{"@type":"ImageObject","inLanguage":"pt-BR","@id":"https:\/\/jornalfatosenoticias.com.br\/#\/schema\/person\/image\/","url":"https:\/\/jornalfatosenoticias.com.br\/wp-content\/uploads\/2025\/05\/EU_portal.jpg","contentUrl":"https:\/\/jornalfatosenoticias.com.br\/wp-content\/uploads\/2025\/05\/EU_portal.jpg","caption":"Luzimara Fernandes"},"description":"Jornalista MTB 2358-ES","sameAs":["https:\/\/jornalfatosenoticias.com.br"],"url":"https:\/\/jornalfatosenoticias.com.br\/index.php\/author\/luzimara\/"}]}},"cc_featured_image_caption":{"caption_text":"(Foto: Envato Elements) ","source_text":"","source_url":""},"jetpack_featured_media_url":"https:\/\/jornalfatosenoticias.com.br\/wp-content\/uploads\/2021\/11\/DISLEXICOS.jpg","_links":{"self":[{"href":"https:\/\/jornalfatosenoticias.com.br\/index.php\/wp-json\/wp\/v2\/posts\/25008","targetHints":{"allow":["GET"]}}],"collection":[{"href":"https:\/\/jornalfatosenoticias.com.br\/index.php\/wp-json\/wp\/v2\/posts"}],"about":[{"href":"https:\/\/jornalfatosenoticias.com.br\/index.php\/wp-json\/wp\/v2\/types\/post"}],"author":[{"embeddable":true,"href":"https:\/\/jornalfatosenoticias.com.br\/index.php\/wp-json\/wp\/v2\/users\/2"}],"replies":[{"embeddable":true,"href":"https:\/\/jornalfatosenoticias.com.br\/index.php\/wp-json\/wp\/v2\/comments?post=25008"}],"version-history":[{"count":0,"href":"https:\/\/jornalfatosenoticias.com.br\/index.php\/wp-json\/wp\/v2\/posts\/25008\/revisions"}],"wp:featuredmedia":[{"embeddable":true,"href":"https:\/\/jornalfatosenoticias.com.br\/index.php\/wp-json\/wp\/v2\/media\/25009"}],"wp:attachment":[{"href":"https:\/\/jornalfatosenoticias.com.br\/index.php\/wp-json\/wp\/v2\/media?parent=25008"}],"wp:term":[{"taxonomy":"category","embeddable":true,"href":"https:\/\/jornalfatosenoticias.com.br\/index.php\/wp-json\/wp\/v2\/categories?post=25008"},{"taxonomy":"post_tag","embeddable":true,"href":"https:\/\/jornalfatosenoticias.com.br\/index.php\/wp-json\/wp\/v2\/tags?post=25008"}],"curies":[{"name":"wp","href":"https:\/\/api.w.org\/{rel}","templated":true}]}}