{"id":25015,"date":"2021-11-18T16:59:27","date_gmt":"2021-11-18T19:59:27","guid":{"rendered":"https:\/\/jornalfatosenoticias.com.br\/?p=25015"},"modified":"2021-11-18T16:59:30","modified_gmt":"2021-11-18T19:59:30","slug":"empreendedorismo-feminino-mulheres-sao-destaque-no-mundo-dos-negocios","status":"publish","type":"post","link":"https:\/\/jornalfatosenoticias.com.br\/index.php\/2021\/11\/18\/empreendedorismo-feminino-mulheres-sao-destaque-no-mundo-dos-negocios\/","title":{"rendered":"Empreendedorismo feminino: mulheres s\u00e3o destaque no mundo dos neg\u00f3cios"},"content":{"rendered":"\n<p>\u00c0s v\u00e9speras da comemora\u00e7\u00e3o do <strong><span class=\"has-inline-color has-black-color\">Dia do Empreendedorismo Feminino<\/span><\/strong>, celebrado em 19 de novembro, \u00e9 poss\u00edvel falar que o protagonismo das mulheres no mundo dos neg\u00f3cios segue avan\u00e7ando: dados da Rede Mulher Empreendedora d\u00e3o conta que, somente em 2020, houve um aumento de 40% no empreendedorismo neste p\u00fablico. Ao todo, elas somam mais de 30 milh\u00f5es de novas empreendedoras no Brasil, de acordo com a Global Entrepreneurship Monitor.<br>No Esp\u00edrito Santo, n\u00e3o \u00e9 de hoje que as mulheres se destacam no mundo dos neg\u00f3cios. Na ind\u00fastria qu\u00edmica capixaba, por exemplo, quase 25% das empresas s\u00e3o comandadas por mulheres, segundo dados do Sindicato das Ind\u00fastrias Qu\u00edmicas do Esp\u00edrito Santo (Sindiqu\u00edmicos-ES). Dentre elas, vale destacar a trajet\u00f3ria da empres\u00e1ria e atual presidente do Sindiqu\u00edmicos-ES, Zilma Bauer. Migrante do interior de Minas Gerais, ela fixou resid\u00eancia em Vila Velha e iniciou a faculdade aos 40 anos e \u00e9 s\u00f3cia-fundadora da Ervas Naturais, empresa de cosm\u00e9ticos capixaba com atua\u00e7\u00e3o em 18 estados do Brasil.<br>\u201cTinha vontade vir para o Esp\u00edrito Santo para eu e meus filhos estudarmos. Fiz o vestibular e a faculdade junto do Kaio Bauer, meu filho. Em 1997, eu estava com queda de cabelo e minha irm\u00e3 me indicou um produto para tratar esse problema e, um ano depois, compramos a marca desse produto, a Ervas Naturais. Nosso objetivo era empreender e deixar um legado, fazer a diferen\u00e7a. No in\u00edcio, eu quem fazia as entregas com um fusca verde, depois fomos melhorando nossa log\u00edstica e toda a cadeia de produ\u00e7\u00e3o por meio de muito estudo e dedica\u00e7\u00e3o e, assim como todo grande sonho, enfrentamos muitos desafios nessa jornada. Atualmente, estamos trabalhando no processo sucess\u00f3rio dos meus filhos dentro da empresa, que \u00e9 um dos meus sonhos, v\u00ea-los na gest\u00e3o da Ervas Naturais\u201d, destaca.<br>A trajet\u00f3ria como empreendedora garantiu \u00e0 Zilma reconhecimentos nacionais como o Pr\u00eamio Mulher de Neg\u00f3cios, promovido pelo Sebrae nos anos de 2017 e 2020 e a Medalha de M\u00e9rito Sindical da Findes, destinada aos industriais que se destacaram na promo\u00e7\u00e3o do associativismo na ind\u00fastria capixaba, em 2020.<br>Pesquisa realizada pela Rede Mulher Empreendedora apurou que, quando empregam, as mulheres empregam mais que os homens (83% contra 63%) e os neg\u00f3cios comandados por mulheres apresentam maior taxa de formaliza\u00e7\u00e3o e tamb\u00e9m partem delas a maior busca por cursos e capacita\u00e7\u00f5es em empreendedorismo. \u201cComo mulher, n\u00e3o podemos desistir, temos muitas fun\u00e7\u00f5es: somos m\u00e3es, dona de casa, esposas, amigas e tamb\u00e9m somos empreendedoras. Busque solu\u00e7\u00f5es, porque elas existem! Temos ainda muito a conquistar, em multinacionais, h\u00e1 poucas mulheres em cargos de comando e esse cen\u00e1rio pode mudar\u201d, destaca a empres\u00e1ria.<\/p>\n","protected":false},"excerpt":{"rendered":"<p>\u00c0s v\u00e9speras da comemora\u00e7\u00e3o do Dia do Empreendedorismo Feminino, celebrado em 19 de novembro, \u00e9 poss\u00edvel falar que o protagonismo das mulheres no mundo dos neg\u00f3cios segue avan\u00e7ando: dados da Rede Mulher Empreendedora d\u00e3o conta que, somente em 2020, houve um aumento de 40% no empreendedorismo neste p\u00fablico. Ao todo, elas somam mais de 30 [&hellip;]<\/p>\n","protected":false},"author":2,"featured_media":25016,"comment_status":"open","ping_status":"open","sticky":false,"template":"","format":"standard","meta":{"footnotes":""},"categories":[9],"tags":[12084,2633,4360,4361,12085,12086],"class_list":["post-25015","post","type-post","status-publish","format-standard","has-post-thumbnail","hentry","category-economia","tag-dia-do-empreendedorismo-feminino","tag-empreendedor","tag-empreendedorismo","tag-negocios","tag-rede-mulher","tag-sindiquimicos-es"],"yoast_head":"<!-- This site is optimized with the Yoast SEO plugin v26.5 - https:\/\/yoast.com\/wordpress\/plugins\/seo\/ -->\n<title>Empreendedorismo feminino: mulheres s\u00e3o destaque no mundo dos neg\u00f3cios - Jornal Fatos e Not\u00edcias<\/title>\n<meta name=\"robots\" content=\"index, follow, max-snippet:-1, max-image-preview:large, max-video-preview:-1\" \/>\n<link rel=\"canonical\" href=\"https:\/\/jornalfatosenoticias.com.br\/index.php\/2021\/11\/18\/empreendedorismo-feminino-mulheres-sao-destaque-no-mundo-dos-negocios\/\" \/>\n<meta property=\"og:locale\" content=\"pt_BR\" \/>\n<meta property=\"og:type\" content=\"article\" \/>\n<meta property=\"og:title\" content=\"Empreendedorismo feminino: mulheres s\u00e3o destaque no mundo dos neg\u00f3cios - Jornal Fatos e Not\u00edcias\" \/>\n<meta property=\"og:description\" content=\"\u00c0s v\u00e9speras da comemora\u00e7\u00e3o do Dia do Empreendedorismo Feminino, celebrado em 19 de novembro, \u00e9 poss\u00edvel falar que o protagonismo das mulheres no mundo dos neg\u00f3cios segue avan\u00e7ando: dados da Rede Mulher Empreendedora d\u00e3o conta que, somente em 2020, houve um aumento de 40% no empreendedorismo neste p\u00fablico. Ao todo, elas somam mais de 30 [&hellip;]\" \/>\n<meta property=\"og:url\" content=\"https:\/\/jornalfatosenoticias.com.br\/index.php\/2021\/11\/18\/empreendedorismo-feminino-mulheres-sao-destaque-no-mundo-dos-negocios\/\" \/>\n<meta property=\"og:site_name\" content=\"Jornal Fatos e Not\u00edcias\" \/>\n<meta property=\"article:published_time\" content=\"2021-11-18T19:59:27+00:00\" \/>\n<meta property=\"article:modified_time\" content=\"2021-11-18T19:59:30+00:00\" \/>\n<meta property=\"og:image\" content=\"https:\/\/jornalfatosenoticias.com.br\/wp-content\/uploads\/2021\/11\/Zilma-Bauer-presidente-Sindiquimicos-ES-divulgacao.jpeg\" \/>\n\t<meta property=\"og:image:width\" content=\"853\" \/>\n\t<meta property=\"og:image:height\" content=\"577\" \/>\n\t<meta property=\"og:image:type\" content=\"image\/jpeg\" \/>\n<meta name=\"author\" content=\"Luzimara Fernandes\" \/>\n<meta name=\"twitter:card\" content=\"summary_large_image\" \/>\n<meta name=\"twitter:label1\" content=\"Escrito por\" \/>\n\t<meta name=\"twitter:data1\" content=\"Luzimara Fernandes\" \/>\n\t<meta name=\"twitter:label2\" content=\"Est. tempo de leitura\" \/>\n\t<meta name=\"twitter:data2\" content=\"2 minutos\" \/>\n<script type=\"application\/ld+json\" class=\"yoast-schema-graph\">{\"@context\":\"https:\/\/schema.org\",\"@graph\":[{\"@type\":\"Article\",\"@id\":\"https:\/\/jornalfatosenoticias.com.br\/index.php\/2021\/11\/18\/empreendedorismo-feminino-mulheres-sao-destaque-no-mundo-dos-negocios\/#article\",\"isPartOf\":{\"@id\":\"https:\/\/jornalfatosenoticias.com.br\/index.php\/2021\/11\/18\/empreendedorismo-feminino-mulheres-sao-destaque-no-mundo-dos-negocios\/\"},\"author\":{\"name\":\"Luzimara Fernandes\",\"@id\":\"https:\/\/jornalfatosenoticias.com.br\/#\/schema\/person\/d63837fa13ac8666eb9e74e0985d6f81\"},\"headline\":\"Empreendedorismo feminino: mulheres s\u00e3o destaque no mundo dos neg\u00f3cios\",\"datePublished\":\"2021-11-18T19:59:27+00:00\",\"dateModified\":\"2021-11-18T19:59:30+00:00\",\"mainEntityOfPage\":{\"@id\":\"https:\/\/jornalfatosenoticias.com.br\/index.php\/2021\/11\/18\/empreendedorismo-feminino-mulheres-sao-destaque-no-mundo-dos-negocios\/\"},\"wordCount\":473,\"commentCount\":0,\"publisher\":{\"@id\":\"https:\/\/jornalfatosenoticias.com.br\/#organization\"},\"image\":{\"@id\":\"https:\/\/jornalfatosenoticias.com.br\/index.php\/2021\/11\/18\/empreendedorismo-feminino-mulheres-sao-destaque-no-mundo-dos-negocios\/#primaryimage\"},\"thumbnailUrl\":\"https:\/\/jornalfatosenoticias.com.br\/wp-content\/uploads\/2021\/11\/Zilma-Bauer-presidente-Sindiquimicos-ES-divulgacao.jpeg\",\"keywords\":[\"Dia do Empreendedorismo Feminino\",\"empreendedor\",\"empreendedorismo\",\"neg\u00f3cios\",\"Rede Mulher\",\"Sindiqu\u00edmicos-ES\"],\"articleSection\":[\"Economia\"],\"inLanguage\":\"pt-BR\",\"potentialAction\":[{\"@type\":\"CommentAction\",\"name\":\"Comment\",\"target\":[\"https:\/\/jornalfatosenoticias.com.br\/index.php\/2021\/11\/18\/empreendedorismo-feminino-mulheres-sao-destaque-no-mundo-dos-negocios\/#respond\"]}]},{\"@type\":\"WebPage\",\"@id\":\"https:\/\/jornalfatosenoticias.com.br\/index.php\/2021\/11\/18\/empreendedorismo-feminino-mulheres-sao-destaque-no-mundo-dos-negocios\/\",\"url\":\"https:\/\/jornalfatosenoticias.com.br\/index.php\/2021\/11\/18\/empreendedorismo-feminino-mulheres-sao-destaque-no-mundo-dos-negocios\/\",\"name\":\"Empreendedorismo feminino: mulheres s\u00e3o destaque no mundo dos neg\u00f3cios - Jornal Fatos e Not\u00edcias\",\"isPartOf\":{\"@id\":\"https:\/\/jornalfatosenoticias.com.br\/#website\"},\"primaryImageOfPage\":{\"@id\":\"https:\/\/jornalfatosenoticias.com.br\/index.php\/2021\/11\/18\/empreendedorismo-feminino-mulheres-sao-destaque-no-mundo-dos-negocios\/#primaryimage\"},\"image\":{\"@id\":\"https:\/\/jornalfatosenoticias.com.br\/index.php\/2021\/11\/18\/empreendedorismo-feminino-mulheres-sao-destaque-no-mundo-dos-negocios\/#primaryimage\"},\"thumbnailUrl\":\"https:\/\/jornalfatosenoticias.com.br\/wp-content\/uploads\/2021\/11\/Zilma-Bauer-presidente-Sindiquimicos-ES-divulgacao.jpeg\",\"datePublished\":\"2021-11-18T19:59:27+00:00\",\"dateModified\":\"2021-11-18T19:59:30+00:00\",\"breadcrumb\":{\"@id\":\"https:\/\/jornalfatosenoticias.com.br\/index.php\/2021\/11\/18\/empreendedorismo-feminino-mulheres-sao-destaque-no-mundo-dos-negocios\/#breadcrumb\"},\"inLanguage\":\"pt-BR\",\"potentialAction\":[{\"@type\":\"ReadAction\",\"target\":[\"https:\/\/jornalfatosenoticias.com.br\/index.php\/2021\/11\/18\/empreendedorismo-feminino-mulheres-sao-destaque-no-mundo-dos-negocios\/\"]}]},{\"@type\":\"ImageObject\",\"inLanguage\":\"pt-BR\",\"@id\":\"https:\/\/jornalfatosenoticias.com.br\/index.php\/2021\/11\/18\/empreendedorismo-feminino-mulheres-sao-destaque-no-mundo-dos-negocios\/#primaryimage\",\"url\":\"https:\/\/jornalfatosenoticias.com.br\/wp-content\/uploads\/2021\/11\/Zilma-Bauer-presidente-Sindiquimicos-ES-divulgacao.jpeg\",\"contentUrl\":\"https:\/\/jornalfatosenoticias.com.br\/wp-content\/uploads\/2021\/11\/Zilma-Bauer-presidente-Sindiquimicos-ES-divulgacao.jpeg\",\"width\":853,\"height\":577},{\"@type\":\"BreadcrumbList\",\"@id\":\"https:\/\/jornalfatosenoticias.com.br\/index.php\/2021\/11\/18\/empreendedorismo-feminino-mulheres-sao-destaque-no-mundo-dos-negocios\/#breadcrumb\",\"itemListElement\":[{\"@type\":\"ListItem\",\"position\":1,\"name\":\"In\u00edcio\",\"item\":\"https:\/\/jornalfatosenoticias.com.br\/\"},{\"@type\":\"ListItem\",\"position\":2,\"name\":\"Empreendedorismo feminino: mulheres s\u00e3o destaque no mundo dos neg\u00f3cios\"}]},{\"@type\":\"WebSite\",\"@id\":\"https:\/\/jornalfatosenoticias.com.br\/#website\",\"url\":\"https:\/\/jornalfatosenoticias.com.br\/\",\"name\":\"Jornal Fatos e Not\u00edcias\",\"description\":\"Not\u00edcias em geral\",\"publisher\":{\"@id\":\"https:\/\/jornalfatosenoticias.com.br\/#organization\"},\"potentialAction\":[{\"@type\":\"SearchAction\",\"target\":{\"@type\":\"EntryPoint\",\"urlTemplate\":\"https:\/\/jornalfatosenoticias.com.br\/?s={search_term_string}\"},\"query-input\":{\"@type\":\"PropertyValueSpecification\",\"valueRequired\":true,\"valueName\":\"search_term_string\"}}],\"inLanguage\":\"pt-BR\"},{\"@type\":\"Organization\",\"@id\":\"https:\/\/jornalfatosenoticias.com.br\/#organization\",\"name\":\"Jornal Fatos e Not\u00edcias\",\"url\":\"https:\/\/jornalfatosenoticias.com.br\/\",\"logo\":{\"@type\":\"ImageObject\",\"inLanguage\":\"pt-BR\",\"@id\":\"https:\/\/jornalfatosenoticias.com.br\/#\/schema\/logo\/image\/\",\"url\":\"https:\/\/jornalfatosenoticias.com.br\/wp-content\/uploads\/2020\/02\/logo120.png\",\"contentUrl\":\"https:\/\/jornalfatosenoticias.com.br\/wp-content\/uploads\/2020\/02\/logo120.png\",\"width\":1227,\"height\":120,\"caption\":\"Jornal Fatos e Not\u00edcias\"},\"image\":{\"@id\":\"https:\/\/jornalfatosenoticias.com.br\/#\/schema\/logo\/image\/\"}},{\"@type\":\"Person\",\"@id\":\"https:\/\/jornalfatosenoticias.com.br\/#\/schema\/person\/d63837fa13ac8666eb9e74e0985d6f81\",\"name\":\"Luzimara Fernandes\",\"image\":{\"@type\":\"ImageObject\",\"inLanguage\":\"pt-BR\",\"@id\":\"https:\/\/jornalfatosenoticias.com.br\/#\/schema\/person\/image\/\",\"url\":\"https:\/\/jornalfatosenoticias.com.br\/wp-content\/uploads\/2025\/05\/EU_portal.jpg\",\"contentUrl\":\"https:\/\/jornalfatosenoticias.com.br\/wp-content\/uploads\/2025\/05\/EU_portal.jpg\",\"caption\":\"Luzimara Fernandes\"},\"description\":\"Jornalista MTB 2358-ES\",\"sameAs\":[\"https:\/\/jornalfatosenoticias.com.br\"],\"url\":\"https:\/\/jornalfatosenoticias.com.br\/index.php\/author\/luzimara\/\"}]}<\/script>\n<!-- \/ Yoast SEO plugin. -->","yoast_head_json":{"title":"Empreendedorismo feminino: mulheres s\u00e3o destaque no mundo dos neg\u00f3cios - Jornal Fatos e Not\u00edcias","robots":{"index":"index","follow":"follow","max-snippet":"max-snippet:-1","max-image-preview":"max-image-preview:large","max-video-preview":"max-video-preview:-1"},"canonical":"https:\/\/jornalfatosenoticias.com.br\/index.php\/2021\/11\/18\/empreendedorismo-feminino-mulheres-sao-destaque-no-mundo-dos-negocios\/","og_locale":"pt_BR","og_type":"article","og_title":"Empreendedorismo feminino: mulheres s\u00e3o destaque no mundo dos neg\u00f3cios - Jornal Fatos e Not\u00edcias","og_description":"\u00c0s v\u00e9speras da comemora\u00e7\u00e3o do Dia do Empreendedorismo Feminino, celebrado em 19 de novembro, \u00e9 poss\u00edvel falar que o protagonismo das mulheres no mundo dos neg\u00f3cios segue avan\u00e7ando: dados da Rede Mulher Empreendedora d\u00e3o conta que, somente em 2020, houve um aumento de 40% no empreendedorismo neste p\u00fablico. Ao todo, elas somam mais de 30 [&hellip;]","og_url":"https:\/\/jornalfatosenoticias.com.br\/index.php\/2021\/11\/18\/empreendedorismo-feminino-mulheres-sao-destaque-no-mundo-dos-negocios\/","og_site_name":"Jornal Fatos e Not\u00edcias","article_published_time":"2021-11-18T19:59:27+00:00","article_modified_time":"2021-11-18T19:59:30+00:00","og_image":[{"width":853,"height":577,"url":"https:\/\/jornalfatosenoticias.com.br\/wp-content\/uploads\/2021\/11\/Zilma-Bauer-presidente-Sindiquimicos-ES-divulgacao.jpeg","type":"image\/jpeg"}],"author":"Luzimara Fernandes","twitter_card":"summary_large_image","twitter_misc":{"Escrito por":"Luzimara Fernandes","Est. tempo de leitura":"2 minutos"},"schema":{"@context":"https:\/\/schema.org","@graph":[{"@type":"Article","@id":"https:\/\/jornalfatosenoticias.com.br\/index.php\/2021\/11\/18\/empreendedorismo-feminino-mulheres-sao-destaque-no-mundo-dos-negocios\/#article","isPartOf":{"@id":"https:\/\/jornalfatosenoticias.com.br\/index.php\/2021\/11\/18\/empreendedorismo-feminino-mulheres-sao-destaque-no-mundo-dos-negocios\/"},"author":{"name":"Luzimara Fernandes","@id":"https:\/\/jornalfatosenoticias.com.br\/#\/schema\/person\/d63837fa13ac8666eb9e74e0985d6f81"},"headline":"Empreendedorismo feminino: mulheres s\u00e3o destaque no mundo dos neg\u00f3cios","datePublished":"2021-11-18T19:59:27+00:00","dateModified":"2021-11-18T19:59:30+00:00","mainEntityOfPage":{"@id":"https:\/\/jornalfatosenoticias.com.br\/index.php\/2021\/11\/18\/empreendedorismo-feminino-mulheres-sao-destaque-no-mundo-dos-negocios\/"},"wordCount":473,"commentCount":0,"publisher":{"@id":"https:\/\/jornalfatosenoticias.com.br\/#organization"},"image":{"@id":"https:\/\/jornalfatosenoticias.com.br\/index.php\/2021\/11\/18\/empreendedorismo-feminino-mulheres-sao-destaque-no-mundo-dos-negocios\/#primaryimage"},"thumbnailUrl":"https:\/\/jornalfatosenoticias.com.br\/wp-content\/uploads\/2021\/11\/Zilma-Bauer-presidente-Sindiquimicos-ES-divulgacao.jpeg","keywords":["Dia do Empreendedorismo Feminino","empreendedor","empreendedorismo","neg\u00f3cios","Rede Mulher","Sindiqu\u00edmicos-ES"],"articleSection":["Economia"],"inLanguage":"pt-BR","potentialAction":[{"@type":"CommentAction","name":"Comment","target":["https:\/\/jornalfatosenoticias.com.br\/index.php\/2021\/11\/18\/empreendedorismo-feminino-mulheres-sao-destaque-no-mundo-dos-negocios\/#respond"]}]},{"@type":"WebPage","@id":"https:\/\/jornalfatosenoticias.com.br\/index.php\/2021\/11\/18\/empreendedorismo-feminino-mulheres-sao-destaque-no-mundo-dos-negocios\/","url":"https:\/\/jornalfatosenoticias.com.br\/index.php\/2021\/11\/18\/empreendedorismo-feminino-mulheres-sao-destaque-no-mundo-dos-negocios\/","name":"Empreendedorismo feminino: mulheres s\u00e3o destaque no mundo dos neg\u00f3cios - Jornal Fatos e Not\u00edcias","isPartOf":{"@id":"https:\/\/jornalfatosenoticias.com.br\/#website"},"primaryImageOfPage":{"@id":"https:\/\/jornalfatosenoticias.com.br\/index.php\/2021\/11\/18\/empreendedorismo-feminino-mulheres-sao-destaque-no-mundo-dos-negocios\/#primaryimage"},"image":{"@id":"https:\/\/jornalfatosenoticias.com.br\/index.php\/2021\/11\/18\/empreendedorismo-feminino-mulheres-sao-destaque-no-mundo-dos-negocios\/#primaryimage"},"thumbnailUrl":"https:\/\/jornalfatosenoticias.com.br\/wp-content\/uploads\/2021\/11\/Zilma-Bauer-presidente-Sindiquimicos-ES-divulgacao.jpeg","datePublished":"2021-11-18T19:59:27+00:00","dateModified":"2021-11-18T19:59:30+00:00","breadcrumb":{"@id":"https:\/\/jornalfatosenoticias.com.br\/index.php\/2021\/11\/18\/empreendedorismo-feminino-mulheres-sao-destaque-no-mundo-dos-negocios\/#breadcrumb"},"inLanguage":"pt-BR","potentialAction":[{"@type":"ReadAction","target":["https:\/\/jornalfatosenoticias.com.br\/index.php\/2021\/11\/18\/empreendedorismo-feminino-mulheres-sao-destaque-no-mundo-dos-negocios\/"]}]},{"@type":"ImageObject","inLanguage":"pt-BR","@id":"https:\/\/jornalfatosenoticias.com.br\/index.php\/2021\/11\/18\/empreendedorismo-feminino-mulheres-sao-destaque-no-mundo-dos-negocios\/#primaryimage","url":"https:\/\/jornalfatosenoticias.com.br\/wp-content\/uploads\/2021\/11\/Zilma-Bauer-presidente-Sindiquimicos-ES-divulgacao.jpeg","contentUrl":"https:\/\/jornalfatosenoticias.com.br\/wp-content\/uploads\/2021\/11\/Zilma-Bauer-presidente-Sindiquimicos-ES-divulgacao.jpeg","width":853,"height":577},{"@type":"BreadcrumbList","@id":"https:\/\/jornalfatosenoticias.com.br\/index.php\/2021\/11\/18\/empreendedorismo-feminino-mulheres-sao-destaque-no-mundo-dos-negocios\/#breadcrumb","itemListElement":[{"@type":"ListItem","position":1,"name":"In\u00edcio","item":"https:\/\/jornalfatosenoticias.com.br\/"},{"@type":"ListItem","position":2,"name":"Empreendedorismo feminino: mulheres s\u00e3o destaque no mundo dos neg\u00f3cios"}]},{"@type":"WebSite","@id":"https:\/\/jornalfatosenoticias.com.br\/#website","url":"https:\/\/jornalfatosenoticias.com.br\/","name":"Jornal Fatos e Not\u00edcias","description":"Not\u00edcias em geral","publisher":{"@id":"https:\/\/jornalfatosenoticias.com.br\/#organization"},"potentialAction":[{"@type":"SearchAction","target":{"@type":"EntryPoint","urlTemplate":"https:\/\/jornalfatosenoticias.com.br\/?s={search_term_string}"},"query-input":{"@type":"PropertyValueSpecification","valueRequired":true,"valueName":"search_term_string"}}],"inLanguage":"pt-BR"},{"@type":"Organization","@id":"https:\/\/jornalfatosenoticias.com.br\/#organization","name":"Jornal Fatos e Not\u00edcias","url":"https:\/\/jornalfatosenoticias.com.br\/","logo":{"@type":"ImageObject","inLanguage":"pt-BR","@id":"https:\/\/jornalfatosenoticias.com.br\/#\/schema\/logo\/image\/","url":"https:\/\/jornalfatosenoticias.com.br\/wp-content\/uploads\/2020\/02\/logo120.png","contentUrl":"https:\/\/jornalfatosenoticias.com.br\/wp-content\/uploads\/2020\/02\/logo120.png","width":1227,"height":120,"caption":"Jornal Fatos e Not\u00edcias"},"image":{"@id":"https:\/\/jornalfatosenoticias.com.br\/#\/schema\/logo\/image\/"}},{"@type":"Person","@id":"https:\/\/jornalfatosenoticias.com.br\/#\/schema\/person\/d63837fa13ac8666eb9e74e0985d6f81","name":"Luzimara Fernandes","image":{"@type":"ImageObject","inLanguage":"pt-BR","@id":"https:\/\/jornalfatosenoticias.com.br\/#\/schema\/person\/image\/","url":"https:\/\/jornalfatosenoticias.com.br\/wp-content\/uploads\/2025\/05\/EU_portal.jpg","contentUrl":"https:\/\/jornalfatosenoticias.com.br\/wp-content\/uploads\/2025\/05\/EU_portal.jpg","caption":"Luzimara Fernandes"},"description":"Jornalista MTB 2358-ES","sameAs":["https:\/\/jornalfatosenoticias.com.br"],"url":"https:\/\/jornalfatosenoticias.com.br\/index.php\/author\/luzimara\/"}]}},"cc_featured_image_caption":{"caption_text":"Zilma Bauer (Foto: Divulga\u00e7\u00e3o)","source_text":"","source_url":""},"jetpack_featured_media_url":"https:\/\/jornalfatosenoticias.com.br\/wp-content\/uploads\/2021\/11\/Zilma-Bauer-presidente-Sindiquimicos-ES-divulgacao.jpeg","_links":{"self":[{"href":"https:\/\/jornalfatosenoticias.com.br\/index.php\/wp-json\/wp\/v2\/posts\/25015","targetHints":{"allow":["GET"]}}],"collection":[{"href":"https:\/\/jornalfatosenoticias.com.br\/index.php\/wp-json\/wp\/v2\/posts"}],"about":[{"href":"https:\/\/jornalfatosenoticias.com.br\/index.php\/wp-json\/wp\/v2\/types\/post"}],"author":[{"embeddable":true,"href":"https:\/\/jornalfatosenoticias.com.br\/index.php\/wp-json\/wp\/v2\/users\/2"}],"replies":[{"embeddable":true,"href":"https:\/\/jornalfatosenoticias.com.br\/index.php\/wp-json\/wp\/v2\/comments?post=25015"}],"version-history":[{"count":0,"href":"https:\/\/jornalfatosenoticias.com.br\/index.php\/wp-json\/wp\/v2\/posts\/25015\/revisions"}],"wp:featuredmedia":[{"embeddable":true,"href":"https:\/\/jornalfatosenoticias.com.br\/index.php\/wp-json\/wp\/v2\/media\/25016"}],"wp:attachment":[{"href":"https:\/\/jornalfatosenoticias.com.br\/index.php\/wp-json\/wp\/v2\/media?parent=25015"}],"wp:term":[{"taxonomy":"category","embeddable":true,"href":"https:\/\/jornalfatosenoticias.com.br\/index.php\/wp-json\/wp\/v2\/categories?post=25015"},{"taxonomy":"post_tag","embeddable":true,"href":"https:\/\/jornalfatosenoticias.com.br\/index.php\/wp-json\/wp\/v2\/tags?post=25015"}],"curies":[{"name":"wp","href":"https:\/\/api.w.org\/{rel}","templated":true}]}}