{"id":25024,"date":"2021-11-18T17:21:23","date_gmt":"2021-11-18T20:21:23","guid":{"rendered":"https:\/\/jornalfatosenoticias.com.br\/?p=25024"},"modified":"2021-11-18T17:21:28","modified_gmt":"2021-11-18T20:21:28","slug":"consciencia-negra-cinco-livros-para-refletir-sobre-o-tema","status":"publish","type":"post","link":"https:\/\/jornalfatosenoticias.com.br\/index.php\/2021\/11\/18\/consciencia-negra-cinco-livros-para-refletir-sobre-o-tema\/","title":{"rendered":"Consci\u00eancia Negra: cinco livros para refletir sobre o tema"},"content":{"rendered":"\n<p><em><span class=\"has-inline-color has-black-color\">De Maya Angelou a James McBride, confira a lista de obras essenciais sobre o tema para voc\u00ea ler<\/span><\/em><\/p>\n\n\n\n<p>Institu\u00eddo como feriado facultativo, o <strong>Dia da Consci\u00eancia Negra<\/strong> \u00e9 comemorado n\u00e3o s\u00f3 em 20 de novembro, mas tamb\u00e9m no m\u00eas inteiro. A data marca o dia da morte de <strong>Zumbi dos Palmares<\/strong>, o \u00faltimo l\u00edder do <strong>Quilombo dos Palmares<\/strong>, e simboliza a <strong>luta contra escravid\u00e3o<\/strong>.<br>Considerando que livros t\u00eam o poder de abrir janelas tanto para o mundo quanto para dentro de si mesmo, que tal refletir sobre essa data t\u00e3o carregada de significados com essa sele\u00e7\u00e3o de cinco livros essenciais? Homenageie a data do m\u00eas lendo tramas que representam a luta do povo negro por liberdade e entenda o porqu\u00ea da celebra\u00e7\u00e3o. Confira.<\/p>\n\n\n\n<h4 class=\"wp-block-heading\"><span class=\"has-inline-color has-black-color\">Queenie, Candice Carty-Williams<\/span><\/h4>\n\n\n\n<figure class=\"wp-block-image size-large is-style-default\"><img loading=\"lazy\" decoding=\"async\" width=\"1024\" height=\"767\" src=\"https:\/\/jornalfatosenoticias.com.br\/wp-content\/uploads\/2021\/11\/Queenie-Candice-Carty-Williams-1024x767.jpg\" alt=\"\" class=\"wp-image-25025\" srcset=\"https:\/\/jornalfatosenoticias.com.br\/wp-content\/uploads\/2021\/11\/Queenie-Candice-Carty-Williams-1024x767.jpg 1024w, https:\/\/jornalfatosenoticias.com.br\/wp-content\/uploads\/2021\/11\/Queenie-Candice-Carty-Williams-300x225.jpg 300w, https:\/\/jornalfatosenoticias.com.br\/wp-content\/uploads\/2021\/11\/Queenie-Candice-Carty-Williams-768x575.jpg 768w, https:\/\/jornalfatosenoticias.com.br\/wp-content\/uploads\/2021\/11\/Queenie-Candice-Carty-Williams.jpg 1080w\" sizes=\"auto, (max-width: 1024px) 100vw, 1024px\" \/><figcaption><em><span class=\"has-inline-color has-black-color\">(Foto: Reprodu\u00e7\u00e3o Instagram)<\/span><\/em><\/figcaption><\/figure>\n\n\n\n<p>Eleito um dos 100 melhores livros de 2019 pela <em>Time<\/em>, a trama aborda Queenie Jenkins, jovem jamaicana-brit\u00e2nica e \u00fanica mulher negra trabalhando em um grande jornal de Londres. Ao ver sua vida totalmente confusa ap\u00f3s o fim do relacionamento com um parceiro branco, ela busca conforto em todos os lugares poss\u00edveis e se envolve com v\u00e1rios homens.<br>Ao tentar recuperar a autoestima, Queenie luta para enfrentar seus dem\u00f4nios e nos guia por uma aventura com tenacidade e humor incompar\u00e1veis, a fim de provar que a vida da mulher negra \u00e9 t\u00e3o importante quanto as outras.<\/p>\n\n\n\n<h4 class=\"wp-block-heading\"><span class=\"has-inline-color has-black-color\">Eu sei por que o p\u00e1ssaro canta na gaiola, Maya Angelou<\/span><\/h4>\n\n\n\n<figure class=\"wp-block-image size-large is-style-default\"><img loading=\"lazy\" decoding=\"async\" width=\"1024\" height=\"1024\" src=\"https:\/\/jornalfatosenoticias.com.br\/wp-content\/uploads\/2021\/11\/Eu-sei-por-que-o-passaro-canta-na-gaiola-Maya-Angelou-1024x1024.jpg\" alt=\"\" class=\"wp-image-25026\" srcset=\"https:\/\/jornalfatosenoticias.com.br\/wp-content\/uploads\/2021\/11\/Eu-sei-por-que-o-passaro-canta-na-gaiola-Maya-Angelou-1024x1024.jpg 1024w, https:\/\/jornalfatosenoticias.com.br\/wp-content\/uploads\/2021\/11\/Eu-sei-por-que-o-passaro-canta-na-gaiola-Maya-Angelou-300x300.jpg 300w, https:\/\/jornalfatosenoticias.com.br\/wp-content\/uploads\/2021\/11\/Eu-sei-por-que-o-passaro-canta-na-gaiola-Maya-Angelou-150x150.jpg 150w, https:\/\/jornalfatosenoticias.com.br\/wp-content\/uploads\/2021\/11\/Eu-sei-por-que-o-passaro-canta-na-gaiola-Maya-Angelou-768x768.jpg 768w, https:\/\/jornalfatosenoticias.com.br\/wp-content\/uploads\/2021\/11\/Eu-sei-por-que-o-passaro-canta-na-gaiola-Maya-Angelou.jpg 1080w\" sizes=\"auto, (max-width: 1024px) 100vw, 1024px\" \/><figcaption><em><span class=\"has-inline-color has-black-color\">(Foto: Reprodu\u00e7\u00e3o Instagram)<\/span><\/em><\/figcaption><\/figure>\n\n\n\n<p>A vida de Marguerite Ann Johnson foi marcada por tr\u00eas palavras: racismo, abuso e liberta\u00e7\u00e3o. Negra e criada no sul pela av\u00f3 paterna, apenas a literatura e as palavras foram capazes de livr\u00e1-la dos enormes fardos impostos a ela pela vida. Com uma escrita poderosa, Maya Angelou resgata suas mem\u00f3rias e transforma aqueles que leem sua obra.<\/p>\n\n\n\n<h4 class=\"wp-block-heading\"><span class=\"has-inline-color has-black-color\">Poesia Completa, Maya Angelou<\/span><\/h4>\n\n\n\n<figure class=\"wp-block-image size-large is-style-default\"><img loading=\"lazy\" decoding=\"async\" width=\"1024\" height=\"780\" src=\"https:\/\/jornalfatosenoticias.com.br\/wp-content\/uploads\/2021\/11\/Poesia-Completa-Maya-Angelou-1024x780.jpg\" alt=\"\" class=\"wp-image-25027\" srcset=\"https:\/\/jornalfatosenoticias.com.br\/wp-content\/uploads\/2021\/11\/Poesia-Completa-Maya-Angelou-1024x780.jpg 1024w, https:\/\/jornalfatosenoticias.com.br\/wp-content\/uploads\/2021\/11\/Poesia-Completa-Maya-Angelou-300x229.jpg 300w, https:\/\/jornalfatosenoticias.com.br\/wp-content\/uploads\/2021\/11\/Poesia-Completa-Maya-Angelou-768x585.jpg 768w, https:\/\/jornalfatosenoticias.com.br\/wp-content\/uploads\/2021\/11\/Poesia-Completa-Maya-Angelou.jpg 1080w\" sizes=\"auto, (max-width: 1024px) 100vw, 1024px\" \/><figcaption><em><span class=\"has-inline-color has-black-color\">(Foto: Reprodu\u00e7\u00e3o Instagram)<\/span><\/em><\/figcaption><\/figure>\n\n\n\n<p>Atrav\u00e9s de sua ilustre carreira na Literatura, Maya Angelou presenteou, curou e inspirou o mundo com suas palavras. Agora, a beleza dessas palavras vivem nesta nova e completa cole\u00e7\u00e3o de poesia que reflete e honra a vida not\u00e1vel da escritora.<\/p>\n\n\n\n<h4 class=\"wp-block-heading\"><span class=\"has-inline-color has-black-color\">Di\u00e1cono King Kong, James McBride<\/span><\/h4>\n\n\n\n<figure class=\"wp-block-image size-large is-style-default\"><img loading=\"lazy\" decoding=\"async\" width=\"1024\" height=\"1024\" src=\"https:\/\/jornalfatosenoticias.com.br\/wp-content\/uploads\/2021\/11\/Diacono-King-Kong-James-McBride-1024x1024.jpg\" alt=\"\" class=\"wp-image-25028\" srcset=\"https:\/\/jornalfatosenoticias.com.br\/wp-content\/uploads\/2021\/11\/Diacono-King-Kong-James-McBride-1024x1024.jpg 1024w, https:\/\/jornalfatosenoticias.com.br\/wp-content\/uploads\/2021\/11\/Diacono-King-Kong-James-McBride-300x300.jpg 300w, https:\/\/jornalfatosenoticias.com.br\/wp-content\/uploads\/2021\/11\/Diacono-King-Kong-James-McBride-150x150.jpg 150w, https:\/\/jornalfatosenoticias.com.br\/wp-content\/uploads\/2021\/11\/Diacono-King-Kong-James-McBride-768x768.jpg 768w, https:\/\/jornalfatosenoticias.com.br\/wp-content\/uploads\/2021\/11\/Diacono-King-Kong-James-McBride.jpg 1080w\" sizes=\"auto, (max-width: 1024px) 100vw, 1024px\" \/><figcaption><span class=\"has-inline-color has-black-color\"><em>(Foto: Reprodu\u00e7\u00e3o Instagram)<\/em><\/span><\/figcaption><\/figure>\n\n\n\n<p>Em setembro de 1969, o velho Di\u00e1cono, atrapalhado, exc\u00eantrico e conhecido na vizinhan\u00e7a como Palet\u00f3, sai cambaleando pelo p\u00e1tio do Projeto Habitacional Causeway no sul do Brooklyn, tira uma arma calibre 38 do bolso e, na frente de todo mundo, atira \u00e0 queima-roupa no traficante local. A obra traz uma trama divertida, perspicaz e surpreendente a partir do tiro em um traficante de drogas do Brooklyn e sob o olhar das pessoas que testemunharam o ocorrido.<\/p>\n\n\n\n<h4 class=\"wp-block-heading\"><span class=\"has-inline-color has-black-color\">A hist\u00f3ria de Barack Obama, Tonya Leslie<\/span><\/h4>\n\n\n\n<figure class=\"wp-block-image size-large is-style-default\"><img loading=\"lazy\" decoding=\"async\" width=\"1024\" height=\"1024\" src=\"https:\/\/jornalfatosenoticias.com.br\/wp-content\/uploads\/2021\/11\/A-historia-de-Barack-Obama-Tonya-Leslie-1024x1024.jpg\" alt=\"\" class=\"wp-image-25029\" srcset=\"https:\/\/jornalfatosenoticias.com.br\/wp-content\/uploads\/2021\/11\/A-historia-de-Barack-Obama-Tonya-Leslie-1024x1024.jpg 1024w, https:\/\/jornalfatosenoticias.com.br\/wp-content\/uploads\/2021\/11\/A-historia-de-Barack-Obama-Tonya-Leslie-300x300.jpg 300w, https:\/\/jornalfatosenoticias.com.br\/wp-content\/uploads\/2021\/11\/A-historia-de-Barack-Obama-Tonya-Leslie-150x150.jpg 150w, https:\/\/jornalfatosenoticias.com.br\/wp-content\/uploads\/2021\/11\/A-historia-de-Barack-Obama-Tonya-Leslie-768x768.jpg 768w, https:\/\/jornalfatosenoticias.com.br\/wp-content\/uploads\/2021\/11\/A-historia-de-Barack-Obama-Tonya-Leslie.jpg 1080w\" sizes=\"auto, (max-width: 1024px) 100vw, 1024px\" \/><figcaption><em><span class=\"has-inline-color has-black-color\">(Foto: Reprodu\u00e7\u00e3o Instagram)<\/span><\/em><\/figcaption><\/figure>\n\n\n\n<p>Mesmo com o preconceito contra a cor de sua pele, Barack Obama cresceu sentindo-se livre para sonhar e ser o que quisesse. Foi por isso que ele se tornou presidente dos Estados Unidos, o primeiro negro a assumir esse importante cargo. O livro re\u00fane fatos de sua trajet\u00f3ria.<\/p>\n\n\n\n<p><strong><em>Fonte: <a href=\"https:\/\/www.terra.com.br\/diversidade\/consciencia-negra-5-livros-para-refletir-sobre-o-tema,aa0b8644d4d5f012c687f7314378b516t3myibq8.html\">Terra<\/a><\/em><\/strong><\/p>\n","protected":false},"excerpt":{"rendered":"<p>De Maya Angelou a James McBride, confira a lista de obras essenciais sobre o tema para voc\u00ea ler Institu\u00eddo como feriado facultativo, o Dia da Consci\u00eancia Negra \u00e9 comemorado n\u00e3o s\u00f3 em 20 de novembro, mas tamb\u00e9m no m\u00eas inteiro. A data marca o dia da morte de Zumbi dos Palmares, o \u00faltimo l\u00edder do [&hellip;]<\/p>\n","protected":false},"author":2,"featured_media":25030,"comment_status":"open","ping_status":"open","sticky":false,"template":"","format":"standard","meta":{"footnotes":""},"categories":[4],"tags":[12092,4860,5390,12094,12093,12095],"class_list":["post-25024","post","type-post","status-publish","format-standard","has-post-thumbnail","hentry","category-cultura","tag-dia-da-consciencia-negra","tag-leitura","tag-livros","tag-luta-contra-escravidao","tag-quilombo-dos-palmares","tag-zumbi-dos-palmares"],"yoast_head":"<!-- This site is optimized with the Yoast SEO plugin v26.5 - https:\/\/yoast.com\/wordpress\/plugins\/seo\/ -->\n<title>Consci\u00eancia Negra: cinco livros para refletir sobre o tema - Jornal Fatos e Not\u00edcias<\/title>\n<meta name=\"robots\" content=\"index, follow, max-snippet:-1, max-image-preview:large, max-video-preview:-1\" \/>\n<link rel=\"canonical\" href=\"https:\/\/jornalfatosenoticias.com.br\/index.php\/2021\/11\/18\/consciencia-negra-cinco-livros-para-refletir-sobre-o-tema\/\" \/>\n<meta property=\"og:locale\" content=\"pt_BR\" \/>\n<meta property=\"og:type\" content=\"article\" \/>\n<meta property=\"og:title\" content=\"Consci\u00eancia Negra: cinco livros para refletir sobre o tema - Jornal Fatos e Not\u00edcias\" \/>\n<meta property=\"og:description\" content=\"De Maya Angelou a James McBride, confira a lista de obras essenciais sobre o tema para voc\u00ea ler Institu\u00eddo como feriado facultativo, o Dia da Consci\u00eancia Negra \u00e9 comemorado n\u00e3o s\u00f3 em 20 de novembro, mas tamb\u00e9m no m\u00eas inteiro. A data marca o dia da morte de Zumbi dos Palmares, o \u00faltimo l\u00edder do [&hellip;]\" \/>\n<meta property=\"og:url\" content=\"https:\/\/jornalfatosenoticias.com.br\/index.php\/2021\/11\/18\/consciencia-negra-cinco-livros-para-refletir-sobre-o-tema\/\" \/>\n<meta property=\"og:site_name\" content=\"Jornal Fatos e Not\u00edcias\" \/>\n<meta property=\"article:published_time\" content=\"2021-11-18T20:21:23+00:00\" \/>\n<meta property=\"article:modified_time\" content=\"2021-11-18T20:21:28+00:00\" \/>\n<meta property=\"og:image\" content=\"https:\/\/jornalfatosenoticias.com.br\/wp-content\/uploads\/2021\/11\/LIVROS-CONSCIENCIA-NEGRA_CAPA.png\" \/>\n\t<meta property=\"og:image:width\" content=\"2900\" \/>\n\t<meta property=\"og:image:height\" content=\"1600\" \/>\n\t<meta property=\"og:image:type\" content=\"image\/png\" \/>\n<meta name=\"author\" content=\"Luzimara Fernandes\" \/>\n<meta name=\"twitter:card\" content=\"summary_large_image\" \/>\n<meta name=\"twitter:label1\" content=\"Escrito por\" \/>\n\t<meta name=\"twitter:data1\" content=\"Luzimara Fernandes\" \/>\n\t<meta name=\"twitter:label2\" content=\"Est. tempo de leitura\" \/>\n\t<meta name=\"twitter:data2\" content=\"3 minutos\" \/>\n<script type=\"application\/ld+json\" class=\"yoast-schema-graph\">{\"@context\":\"https:\/\/schema.org\",\"@graph\":[{\"@type\":\"Article\",\"@id\":\"https:\/\/jornalfatosenoticias.com.br\/index.php\/2021\/11\/18\/consciencia-negra-cinco-livros-para-refletir-sobre-o-tema\/#article\",\"isPartOf\":{\"@id\":\"https:\/\/jornalfatosenoticias.com.br\/index.php\/2021\/11\/18\/consciencia-negra-cinco-livros-para-refletir-sobre-o-tema\/\"},\"author\":{\"name\":\"Luzimara Fernandes\",\"@id\":\"https:\/\/jornalfatosenoticias.com.br\/#\/schema\/person\/d63837fa13ac8666eb9e74e0985d6f81\"},\"headline\":\"Consci\u00eancia Negra: cinco livros para refletir sobre o tema\",\"datePublished\":\"2021-11-18T20:21:23+00:00\",\"dateModified\":\"2021-11-18T20:21:28+00:00\",\"mainEntityOfPage\":{\"@id\":\"https:\/\/jornalfatosenoticias.com.br\/index.php\/2021\/11\/18\/consciencia-negra-cinco-livros-para-refletir-sobre-o-tema\/\"},\"wordCount\":528,\"commentCount\":0,\"publisher\":{\"@id\":\"https:\/\/jornalfatosenoticias.com.br\/#organization\"},\"image\":{\"@id\":\"https:\/\/jornalfatosenoticias.com.br\/index.php\/2021\/11\/18\/consciencia-negra-cinco-livros-para-refletir-sobre-o-tema\/#primaryimage\"},\"thumbnailUrl\":\"https:\/\/jornalfatosenoticias.com.br\/wp-content\/uploads\/2021\/11\/LIVROS-CONSCIENCIA-NEGRA_CAPA.png\",\"keywords\":[\"Dia da Consci\u00eancia Negra\",\"leitura\",\"livros\",\"luta contra escravid\u00e3o\",\"Quilombo dos Palmares\",\"Zumbi dos Palmares\"],\"articleSection\":[\"Cultura\"],\"inLanguage\":\"pt-BR\",\"potentialAction\":[{\"@type\":\"CommentAction\",\"name\":\"Comment\",\"target\":[\"https:\/\/jornalfatosenoticias.com.br\/index.php\/2021\/11\/18\/consciencia-negra-cinco-livros-para-refletir-sobre-o-tema\/#respond\"]}]},{\"@type\":\"WebPage\",\"@id\":\"https:\/\/jornalfatosenoticias.com.br\/index.php\/2021\/11\/18\/consciencia-negra-cinco-livros-para-refletir-sobre-o-tema\/\",\"url\":\"https:\/\/jornalfatosenoticias.com.br\/index.php\/2021\/11\/18\/consciencia-negra-cinco-livros-para-refletir-sobre-o-tema\/\",\"name\":\"Consci\u00eancia Negra: cinco livros para refletir sobre o tema - Jornal Fatos e Not\u00edcias\",\"isPartOf\":{\"@id\":\"https:\/\/jornalfatosenoticias.com.br\/#website\"},\"primaryImageOfPage\":{\"@id\":\"https:\/\/jornalfatosenoticias.com.br\/index.php\/2021\/11\/18\/consciencia-negra-cinco-livros-para-refletir-sobre-o-tema\/#primaryimage\"},\"image\":{\"@id\":\"https:\/\/jornalfatosenoticias.com.br\/index.php\/2021\/11\/18\/consciencia-negra-cinco-livros-para-refletir-sobre-o-tema\/#primaryimage\"},\"thumbnailUrl\":\"https:\/\/jornalfatosenoticias.com.br\/wp-content\/uploads\/2021\/11\/LIVROS-CONSCIENCIA-NEGRA_CAPA.png\",\"datePublished\":\"2021-11-18T20:21:23+00:00\",\"dateModified\":\"2021-11-18T20:21:28+00:00\",\"breadcrumb\":{\"@id\":\"https:\/\/jornalfatosenoticias.com.br\/index.php\/2021\/11\/18\/consciencia-negra-cinco-livros-para-refletir-sobre-o-tema\/#breadcrumb\"},\"inLanguage\":\"pt-BR\",\"potentialAction\":[{\"@type\":\"ReadAction\",\"target\":[\"https:\/\/jornalfatosenoticias.com.br\/index.php\/2021\/11\/18\/consciencia-negra-cinco-livros-para-refletir-sobre-o-tema\/\"]}]},{\"@type\":\"ImageObject\",\"inLanguage\":\"pt-BR\",\"@id\":\"https:\/\/jornalfatosenoticias.com.br\/index.php\/2021\/11\/18\/consciencia-negra-cinco-livros-para-refletir-sobre-o-tema\/#primaryimage\",\"url\":\"https:\/\/jornalfatosenoticias.com.br\/wp-content\/uploads\/2021\/11\/LIVROS-CONSCIENCIA-NEGRA_CAPA.png\",\"contentUrl\":\"https:\/\/jornalfatosenoticias.com.br\/wp-content\/uploads\/2021\/11\/LIVROS-CONSCIENCIA-NEGRA_CAPA.png\",\"width\":2900,\"height\":1600},{\"@type\":\"BreadcrumbList\",\"@id\":\"https:\/\/jornalfatosenoticias.com.br\/index.php\/2021\/11\/18\/consciencia-negra-cinco-livros-para-refletir-sobre-o-tema\/#breadcrumb\",\"itemListElement\":[{\"@type\":\"ListItem\",\"position\":1,\"name\":\"In\u00edcio\",\"item\":\"https:\/\/jornalfatosenoticias.com.br\/\"},{\"@type\":\"ListItem\",\"position\":2,\"name\":\"Consci\u00eancia Negra: cinco livros para refletir sobre o tema\"}]},{\"@type\":\"WebSite\",\"@id\":\"https:\/\/jornalfatosenoticias.com.br\/#website\",\"url\":\"https:\/\/jornalfatosenoticias.com.br\/\",\"name\":\"Jornal Fatos e Not\u00edcias\",\"description\":\"Not\u00edcias em geral\",\"publisher\":{\"@id\":\"https:\/\/jornalfatosenoticias.com.br\/#organization\"},\"potentialAction\":[{\"@type\":\"SearchAction\",\"target\":{\"@type\":\"EntryPoint\",\"urlTemplate\":\"https:\/\/jornalfatosenoticias.com.br\/?s={search_term_string}\"},\"query-input\":{\"@type\":\"PropertyValueSpecification\",\"valueRequired\":true,\"valueName\":\"search_term_string\"}}],\"inLanguage\":\"pt-BR\"},{\"@type\":\"Organization\",\"@id\":\"https:\/\/jornalfatosenoticias.com.br\/#organization\",\"name\":\"Jornal Fatos e Not\u00edcias\",\"url\":\"https:\/\/jornalfatosenoticias.com.br\/\",\"logo\":{\"@type\":\"ImageObject\",\"inLanguage\":\"pt-BR\",\"@id\":\"https:\/\/jornalfatosenoticias.com.br\/#\/schema\/logo\/image\/\",\"url\":\"https:\/\/jornalfatosenoticias.com.br\/wp-content\/uploads\/2020\/02\/logo120.png\",\"contentUrl\":\"https:\/\/jornalfatosenoticias.com.br\/wp-content\/uploads\/2020\/02\/logo120.png\",\"width\":1227,\"height\":120,\"caption\":\"Jornal Fatos e Not\u00edcias\"},\"image\":{\"@id\":\"https:\/\/jornalfatosenoticias.com.br\/#\/schema\/logo\/image\/\"}},{\"@type\":\"Person\",\"@id\":\"https:\/\/jornalfatosenoticias.com.br\/#\/schema\/person\/d63837fa13ac8666eb9e74e0985d6f81\",\"name\":\"Luzimara Fernandes\",\"image\":{\"@type\":\"ImageObject\",\"inLanguage\":\"pt-BR\",\"@id\":\"https:\/\/jornalfatosenoticias.com.br\/#\/schema\/person\/image\/\",\"url\":\"https:\/\/jornalfatosenoticias.com.br\/wp-content\/uploads\/2025\/05\/EU_portal.jpg\",\"contentUrl\":\"https:\/\/jornalfatosenoticias.com.br\/wp-content\/uploads\/2025\/05\/EU_portal.jpg\",\"caption\":\"Luzimara Fernandes\"},\"description\":\"Jornalista MTB 2358-ES\",\"sameAs\":[\"https:\/\/jornalfatosenoticias.com.br\"],\"url\":\"https:\/\/jornalfatosenoticias.com.br\/index.php\/author\/luzimara\/\"}]}<\/script>\n<!-- \/ Yoast SEO plugin. -->","yoast_head_json":{"title":"Consci\u00eancia Negra: cinco livros para refletir sobre o tema - Jornal Fatos e Not\u00edcias","robots":{"index":"index","follow":"follow","max-snippet":"max-snippet:-1","max-image-preview":"max-image-preview:large","max-video-preview":"max-video-preview:-1"},"canonical":"https:\/\/jornalfatosenoticias.com.br\/index.php\/2021\/11\/18\/consciencia-negra-cinco-livros-para-refletir-sobre-o-tema\/","og_locale":"pt_BR","og_type":"article","og_title":"Consci\u00eancia Negra: cinco livros para refletir sobre o tema - Jornal Fatos e Not\u00edcias","og_description":"De Maya Angelou a James McBride, confira a lista de obras essenciais sobre o tema para voc\u00ea ler Institu\u00eddo como feriado facultativo, o Dia da Consci\u00eancia Negra \u00e9 comemorado n\u00e3o s\u00f3 em 20 de novembro, mas tamb\u00e9m no m\u00eas inteiro. A data marca o dia da morte de Zumbi dos Palmares, o \u00faltimo l\u00edder do [&hellip;]","og_url":"https:\/\/jornalfatosenoticias.com.br\/index.php\/2021\/11\/18\/consciencia-negra-cinco-livros-para-refletir-sobre-o-tema\/","og_site_name":"Jornal Fatos e Not\u00edcias","article_published_time":"2021-11-18T20:21:23+00:00","article_modified_time":"2021-11-18T20:21:28+00:00","og_image":[{"width":2900,"height":1600,"url":"https:\/\/jornalfatosenoticias.com.br\/wp-content\/uploads\/2021\/11\/LIVROS-CONSCIENCIA-NEGRA_CAPA.png","type":"image\/png"}],"author":"Luzimara Fernandes","twitter_card":"summary_large_image","twitter_misc":{"Escrito por":"Luzimara Fernandes","Est. tempo de leitura":"3 minutos"},"schema":{"@context":"https:\/\/schema.org","@graph":[{"@type":"Article","@id":"https:\/\/jornalfatosenoticias.com.br\/index.php\/2021\/11\/18\/consciencia-negra-cinco-livros-para-refletir-sobre-o-tema\/#article","isPartOf":{"@id":"https:\/\/jornalfatosenoticias.com.br\/index.php\/2021\/11\/18\/consciencia-negra-cinco-livros-para-refletir-sobre-o-tema\/"},"author":{"name":"Luzimara Fernandes","@id":"https:\/\/jornalfatosenoticias.com.br\/#\/schema\/person\/d63837fa13ac8666eb9e74e0985d6f81"},"headline":"Consci\u00eancia Negra: cinco livros para refletir sobre o tema","datePublished":"2021-11-18T20:21:23+00:00","dateModified":"2021-11-18T20:21:28+00:00","mainEntityOfPage":{"@id":"https:\/\/jornalfatosenoticias.com.br\/index.php\/2021\/11\/18\/consciencia-negra-cinco-livros-para-refletir-sobre-o-tema\/"},"wordCount":528,"commentCount":0,"publisher":{"@id":"https:\/\/jornalfatosenoticias.com.br\/#organization"},"image":{"@id":"https:\/\/jornalfatosenoticias.com.br\/index.php\/2021\/11\/18\/consciencia-negra-cinco-livros-para-refletir-sobre-o-tema\/#primaryimage"},"thumbnailUrl":"https:\/\/jornalfatosenoticias.com.br\/wp-content\/uploads\/2021\/11\/LIVROS-CONSCIENCIA-NEGRA_CAPA.png","keywords":["Dia da Consci\u00eancia Negra","leitura","livros","luta contra escravid\u00e3o","Quilombo dos Palmares","Zumbi dos Palmares"],"articleSection":["Cultura"],"inLanguage":"pt-BR","potentialAction":[{"@type":"CommentAction","name":"Comment","target":["https:\/\/jornalfatosenoticias.com.br\/index.php\/2021\/11\/18\/consciencia-negra-cinco-livros-para-refletir-sobre-o-tema\/#respond"]}]},{"@type":"WebPage","@id":"https:\/\/jornalfatosenoticias.com.br\/index.php\/2021\/11\/18\/consciencia-negra-cinco-livros-para-refletir-sobre-o-tema\/","url":"https:\/\/jornalfatosenoticias.com.br\/index.php\/2021\/11\/18\/consciencia-negra-cinco-livros-para-refletir-sobre-o-tema\/","name":"Consci\u00eancia Negra: cinco livros para refletir sobre o tema - Jornal Fatos e Not\u00edcias","isPartOf":{"@id":"https:\/\/jornalfatosenoticias.com.br\/#website"},"primaryImageOfPage":{"@id":"https:\/\/jornalfatosenoticias.com.br\/index.php\/2021\/11\/18\/consciencia-negra-cinco-livros-para-refletir-sobre-o-tema\/#primaryimage"},"image":{"@id":"https:\/\/jornalfatosenoticias.com.br\/index.php\/2021\/11\/18\/consciencia-negra-cinco-livros-para-refletir-sobre-o-tema\/#primaryimage"},"thumbnailUrl":"https:\/\/jornalfatosenoticias.com.br\/wp-content\/uploads\/2021\/11\/LIVROS-CONSCIENCIA-NEGRA_CAPA.png","datePublished":"2021-11-18T20:21:23+00:00","dateModified":"2021-11-18T20:21:28+00:00","breadcrumb":{"@id":"https:\/\/jornalfatosenoticias.com.br\/index.php\/2021\/11\/18\/consciencia-negra-cinco-livros-para-refletir-sobre-o-tema\/#breadcrumb"},"inLanguage":"pt-BR","potentialAction":[{"@type":"ReadAction","target":["https:\/\/jornalfatosenoticias.com.br\/index.php\/2021\/11\/18\/consciencia-negra-cinco-livros-para-refletir-sobre-o-tema\/"]}]},{"@type":"ImageObject","inLanguage":"pt-BR","@id":"https:\/\/jornalfatosenoticias.com.br\/index.php\/2021\/11\/18\/consciencia-negra-cinco-livros-para-refletir-sobre-o-tema\/#primaryimage","url":"https:\/\/jornalfatosenoticias.com.br\/wp-content\/uploads\/2021\/11\/LIVROS-CONSCIENCIA-NEGRA_CAPA.png","contentUrl":"https:\/\/jornalfatosenoticias.com.br\/wp-content\/uploads\/2021\/11\/LIVROS-CONSCIENCIA-NEGRA_CAPA.png","width":2900,"height":1600},{"@type":"BreadcrumbList","@id":"https:\/\/jornalfatosenoticias.com.br\/index.php\/2021\/11\/18\/consciencia-negra-cinco-livros-para-refletir-sobre-o-tema\/#breadcrumb","itemListElement":[{"@type":"ListItem","position":1,"name":"In\u00edcio","item":"https:\/\/jornalfatosenoticias.com.br\/"},{"@type":"ListItem","position":2,"name":"Consci\u00eancia Negra: cinco livros para refletir sobre o tema"}]},{"@type":"WebSite","@id":"https:\/\/jornalfatosenoticias.com.br\/#website","url":"https:\/\/jornalfatosenoticias.com.br\/","name":"Jornal Fatos e Not\u00edcias","description":"Not\u00edcias em geral","publisher":{"@id":"https:\/\/jornalfatosenoticias.com.br\/#organization"},"potentialAction":[{"@type":"SearchAction","target":{"@type":"EntryPoint","urlTemplate":"https:\/\/jornalfatosenoticias.com.br\/?s={search_term_string}"},"query-input":{"@type":"PropertyValueSpecification","valueRequired":true,"valueName":"search_term_string"}}],"inLanguage":"pt-BR"},{"@type":"Organization","@id":"https:\/\/jornalfatosenoticias.com.br\/#organization","name":"Jornal Fatos e Not\u00edcias","url":"https:\/\/jornalfatosenoticias.com.br\/","logo":{"@type":"ImageObject","inLanguage":"pt-BR","@id":"https:\/\/jornalfatosenoticias.com.br\/#\/schema\/logo\/image\/","url":"https:\/\/jornalfatosenoticias.com.br\/wp-content\/uploads\/2020\/02\/logo120.png","contentUrl":"https:\/\/jornalfatosenoticias.com.br\/wp-content\/uploads\/2020\/02\/logo120.png","width":1227,"height":120,"caption":"Jornal Fatos e Not\u00edcias"},"image":{"@id":"https:\/\/jornalfatosenoticias.com.br\/#\/schema\/logo\/image\/"}},{"@type":"Person","@id":"https:\/\/jornalfatosenoticias.com.br\/#\/schema\/person\/d63837fa13ac8666eb9e74e0985d6f81","name":"Luzimara Fernandes","image":{"@type":"ImageObject","inLanguage":"pt-BR","@id":"https:\/\/jornalfatosenoticias.com.br\/#\/schema\/person\/image\/","url":"https:\/\/jornalfatosenoticias.com.br\/wp-content\/uploads\/2025\/05\/EU_portal.jpg","contentUrl":"https:\/\/jornalfatosenoticias.com.br\/wp-content\/uploads\/2025\/05\/EU_portal.jpg","caption":"Luzimara Fernandes"},"description":"Jornalista MTB 2358-ES","sameAs":["https:\/\/jornalfatosenoticias.com.br"],"url":"https:\/\/jornalfatosenoticias.com.br\/index.php\/author\/luzimara\/"}]}},"cc_featured_image_caption":{"caption_text":"(Foto: Shutterstock\/Alto Astral) ","source_text":"","source_url":""},"jetpack_featured_media_url":"https:\/\/jornalfatosenoticias.com.br\/wp-content\/uploads\/2021\/11\/LIVROS-CONSCIENCIA-NEGRA_CAPA.png","_links":{"self":[{"href":"https:\/\/jornalfatosenoticias.com.br\/index.php\/wp-json\/wp\/v2\/posts\/25024","targetHints":{"allow":["GET"]}}],"collection":[{"href":"https:\/\/jornalfatosenoticias.com.br\/index.php\/wp-json\/wp\/v2\/posts"}],"about":[{"href":"https:\/\/jornalfatosenoticias.com.br\/index.php\/wp-json\/wp\/v2\/types\/post"}],"author":[{"embeddable":true,"href":"https:\/\/jornalfatosenoticias.com.br\/index.php\/wp-json\/wp\/v2\/users\/2"}],"replies":[{"embeddable":true,"href":"https:\/\/jornalfatosenoticias.com.br\/index.php\/wp-json\/wp\/v2\/comments?post=25024"}],"version-history":[{"count":0,"href":"https:\/\/jornalfatosenoticias.com.br\/index.php\/wp-json\/wp\/v2\/posts\/25024\/revisions"}],"wp:featuredmedia":[{"embeddable":true,"href":"https:\/\/jornalfatosenoticias.com.br\/index.php\/wp-json\/wp\/v2\/media\/25030"}],"wp:attachment":[{"href":"https:\/\/jornalfatosenoticias.com.br\/index.php\/wp-json\/wp\/v2\/media?parent=25024"}],"wp:term":[{"taxonomy":"category","embeddable":true,"href":"https:\/\/jornalfatosenoticias.com.br\/index.php\/wp-json\/wp\/v2\/categories?post=25024"},{"taxonomy":"post_tag","embeddable":true,"href":"https:\/\/jornalfatosenoticias.com.br\/index.php\/wp-json\/wp\/v2\/tags?post=25024"}],"curies":[{"name":"wp","href":"https:\/\/api.w.org\/{rel}","templated":true}]}}