{"id":25068,"date":"2021-11-19T14:44:54","date_gmt":"2021-11-19T17:44:54","guid":{"rendered":"https:\/\/jornalfatosenoticias.com.br\/?p=25068"},"modified":"2021-11-19T14:44:58","modified_gmt":"2021-11-19T17:44:58","slug":"como-o-sal-afeta-o-fluxo-sanguineo-do-nosso-cerebro-estudo-responde","status":"publish","type":"post","link":"https:\/\/jornalfatosenoticias.com.br\/index.php\/2021\/11\/19\/como-o-sal-afeta-o-fluxo-sanguineo-do-nosso-cerebro-estudo-responde\/","title":{"rendered":"Como o sal afeta o fluxo sangu\u00edneo do nosso c\u00e9rebro? Estudo responde"},"content":{"rendered":"\n<p>Um novo estudo realizado nos <a href=\"https:\/\/olhardigital.com.br\/2021\/11\/09\/coronavirus\/o-garibaldo-da-vila-sesamo-gerou-polemica-nos-eua-apos-se-vacinar\/\" target=\"_blank\" rel=\"noreferrer noopener\">Estados Unidos<\/a>\u00a0apresentou dados surpreendentes sobre a rela\u00e7\u00e3o entre a\u00a0<a href=\"https:\/\/olhardigital.com.br\/2021\/09\/14\/medicina-e-saude\/por-neuronios-no-cerebro-ratos-podem-ser-mais-espertos-do-que-primatas\/\" target=\"_blank\" rel=\"noreferrer noopener\">atividade neural<\/a>, o fluxo de sangue no c\u00e9rebro e o consumo de sal. Os resultados mostraram que o fluxo sangu\u00edneo do c\u00e9rebro acaba sendo bastante afetado quando h\u00e1 muito consumo de sal.<br>A ativa\u00e7\u00e3o dos neur\u00f4nios causa um r\u00e1pido aumento do fluxo sangu\u00edneo naquela determinada \u00e1rea. Essa rela\u00e7\u00e3o \u00e9 chamada de acoplamento neurovascular ou hiperemia funcional e ocorre por meio da dilata\u00e7\u00e3o dos vasos sangu\u00edneos do c\u00e9rebro, as famosas arter\u00edolas.<\/p>\n\n\n\n<h4 class=\"wp-block-heading\"><strong><span class=\"has-inline-color has-black-color\">Conhecemos a superf\u00edcie<\/span><\/strong><\/h4>\n\n\n\n<figure class=\"wp-block-image size-large is-style-default\"><img loading=\"lazy\" decoding=\"async\" width=\"1000\" height=\"562\" src=\"https:\/\/jornalfatosenoticias.com.br\/wp-content\/uploads\/2021\/11\/SAL-ALIMENTACAO2_shutterstock.jpg\" alt=\"\" class=\"wp-image-25069\" srcset=\"https:\/\/jornalfatosenoticias.com.br\/wp-content\/uploads\/2021\/11\/SAL-ALIMENTACAO2_shutterstock.jpg 1000w, https:\/\/jornalfatosenoticias.com.br\/wp-content\/uploads\/2021\/11\/SAL-ALIMENTACAO2_shutterstock-300x169.jpg 300w, https:\/\/jornalfatosenoticias.com.br\/wp-content\/uploads\/2021\/11\/SAL-ALIMENTACAO2_shutterstock-768x432.jpg 768w\" sizes=\"auto, (max-width: 1000px) 100vw, 1000px\" \/><figcaption><em><span class=\"has-inline-color has-black-color\">Alguns exames de imagem usam o acoplamento neurovascular para diagnosticar transtornos cerebrais (Foto: Life science\/Shutterstock)<\/span><\/em><\/figcaption><\/figure>\n\n\n\n<p>Alguns <a href=\"https:\/\/olhardigital.com.br\/2020\/08\/18\/noticias\/facebook-cria-ia-que-acelera-em-4-vezes-exames-de-ressonancia-magnetica\/\" target=\"_blank\" rel=\"noreferrer noopener\">exames de imagem<\/a> usam o acoplamento neurovascular para diagnosticar dist\u00farbios cerebrais. Por\u00e9m, no geral, o foco \u00e9 em \u00e1reas superficiais do c\u00e9rebro, como o c\u00f3rtex cerebral. Al\u00e9m disso, os cientistas costumam examinar principalmente as mudan\u00e7as no fluxo sangu\u00edneo em resposta a <a href=\"https:\/\/olhardigital.com.br\/2021\/11\/04\/medicina-e-saude\/inteligencia-artificial-e-estimulos-eletricos-podem-melhorar-funcoes-mentais\/\" target=\"_blank\" rel=\"noreferrer noopener\">est\u00edmulos sensoriais<\/a> vindos do ambiente, como est\u00edmulos visuais ou auditivos. Por conta disso, pouco se sabe sobre esse processo em \u00e1reas mais profundas do c\u00e9rebro.<\/p>\n\n\n\n<p><strong><span class=\"has-inline-color has-black-color\">Desconhecemos a profundidade<br><\/span><\/strong>O desconhecimento sobre as mudan\u00e7as no fluxo sangu\u00edneo em regi\u00f5es mais profundas do c\u00e9rebro causa um desconhecimento em rela\u00e7\u00e3o a como esses princ\u00edpios se aplicam aos est\u00edmulos do pr\u00f3prio corpo, que s\u00e3o conhecidos como sinais interoceptivos.<br>Para tentar ter uma luz, a equipe de pesquisa se concentrou no hipot\u00e1lamo, uma regi\u00e3o profunda do c\u00e9rebro envolvida em fun\u00e7\u00f5es corporais cr\u00edticas. Entre as a\u00e7\u00f5es controladas pelo hipot\u00e1lamo est\u00e3o: comer, beber, regular a temperatura do corpo e a <a href=\"https:\/\/olhardigital.com.br\/2021\/06\/01\/medicina-e-saude\/agencia-de-saude-americana-alerta-para-falsos-remedios-que-prometem-curar-infertilidade\/\" target=\"_blank\" rel=\"noreferrer noopener\">reprodu\u00e7\u00e3o<\/a>.<br>Os pesquisadores, ent\u00e3o, examinaram como o fluxo sangu\u00edneo que vai para o hipot\u00e1lamo reagiu \u00e0 ingest\u00e3o de sal. Essa escolha se deu pela necessidade que o corpo tem de controlar os <a href=\"https:\/\/olhardigital.com.br\/2021\/09\/30\/medicina-e-saude\/estudo-aponta-que-reducao-de-sodio-nos-alimentos-pode-prevenir-26-mil-mortes\/\" target=\"_blank\" rel=\"noreferrer noopener\">n\u00edveis de s\u00f3dio<\/a>, sendo que temos at\u00e9 c\u00e9lulas espec\u00edficas para esse controle.<\/p>\n\n\n\n<h4 class=\"wp-block-heading\"><strong><span class=\"has-inline-color has-black-color\">Rea\u00e7\u00e3o ao sal<\/span><\/strong><\/h4>\n\n\n\n<figure class=\"wp-block-image size-large is-style-default\"><img loading=\"lazy\" decoding=\"async\" width=\"1000\" height=\"571\" src=\"https:\/\/jornalfatosenoticias.com.br\/wp-content\/uploads\/2021\/11\/SAL-ALIMENTACAO3_shutterstock.jpg\" alt=\"\" class=\"wp-image-25070\" srcset=\"https:\/\/jornalfatosenoticias.com.br\/wp-content\/uploads\/2021\/11\/SAL-ALIMENTACAO3_shutterstock.jpg 1000w, https:\/\/jornalfatosenoticias.com.br\/wp-content\/uploads\/2021\/11\/SAL-ALIMENTACAO3_shutterstock-300x171.jpg 300w, https:\/\/jornalfatosenoticias.com.br\/wp-content\/uploads\/2021\/11\/SAL-ALIMENTACAO3_shutterstock-768x439.jpg 768w\" sizes=\"auto, (max-width: 1000px) 100vw, 1000px\" \/><figcaption><em><span class=\"has-inline-color has-black-color\">Rea\u00e7\u00e3o do hipot\u00e1lamo aos est\u00edmulos \u00e9 diferente do que acontece no c\u00f3rtex cerebral (Foto: Shutterstock)<\/span><\/em><\/figcaption><\/figure>\n\n\n\n<p>Quando ingerimos uma comida rica em sal, nosso c\u00e9rebro percebe e ativa uma s\u00e9rie de mecanismos compensat\u00f3rios para reduzir os n\u00edveis de s\u00f3dio. Esse processo \u00e9 feito, em parte, pelos neur\u00f4nios, que liberam um horm\u00f4nio chamado vasopressina, que tem fun\u00e7\u00e3o diur\u00e9tica.<br>A vasopressina tem um papel fundamental na manuten\u00e7\u00e3o da concentra\u00e7\u00e3o adequada de sal no corpo. As observa\u00e7\u00f5es anteriores, mostraram um aumento no fluxo sangu\u00edneo diretamente proporcional \u00e0 atividade dos neur\u00f4nios, por\u00e9m, quando se trata do hipot\u00e1lamo, a coisa muda de figura.<\/p>\n\n\n\n<p><strong><span class=\"has-inline-color has-black-color\">Resultados surpreendentes<br><\/span><\/strong>Os pesquisadores foram pegos de surpresa ao perceberem que, diferente do que acontece no c\u00f3rtex, o hipot\u00e1lamo tem uma diminui\u00e7\u00e3o no fluxo sangu\u00edneo quando os neur\u00f4nios s\u00e3o ativados. No c\u00f3rtex, a redu\u00e7\u00e3o do fluxo sangu\u00edneo representa dist\u00farbios cerebrais, como o <a href=\"https:\/\/olhardigital.com.br\/2021\/11\/04\/medicina-e-saude\/alzheimer-pesquisa-descobre-os-motivos-do-avanco-da-doenca-no-cerebro\/\" target=\"_blank\" rel=\"noreferrer noopener\">Alzheimer<\/a>.<br>Outra diferen\u00e7a entre o c\u00f3rtex e o hipot\u00e1lamo, \u00e9 que na regi\u00e3o mais profunda do c\u00e9rebro as respostas aos est\u00edmulos acontecem de maneira mais lenta e difusa, por um longo per\u00edodo de tempo. J\u00e1 no c\u00f3rtex, os est\u00edmulos s\u00e3o bastante r\u00e1pidos e localizados.<br>De acordo com os pesquisadores, o consumo de altas quantidades de sal faz com que os n\u00edveis de s\u00f3dio permane\u00e7am elevados por um longo per\u00edodo. Essas descobertas levantam quest\u00f5es importantes sobre como a <a href=\"https:\/\/olhardigital.com.br\/2021\/09\/01\/medicina-e-saude\/estudo-substituir-o-sal-por-produtos-equivalentes-ajuda-a-controlar-hipertensao\/\" target=\"_blank\" rel=\"noreferrer noopener\">hipertens\u00e3o arterial<\/a> pode afetar o c\u00e9rebro.<\/p>\n\n\n\n<p><strong><em>Fonte: <a href=\"https:\/\/olhardigital.com.br\/2021\/11\/12\/medicina-e-saude\/como-o-sal-afeta-o-fluxo-sanguineo-do-nosso-cerebro-estudo-responde\/\">Olhar Digital<\/a><\/em><\/strong><\/p>\n","protected":false},"excerpt":{"rendered":"<p>Um novo estudo realizado nos Estados Unidos\u00a0apresentou dados surpreendentes sobre a rela\u00e7\u00e3o entre a\u00a0atividade neural, o fluxo de sangue no c\u00e9rebro e o consumo de sal. Os resultados mostraram que o fluxo sangu\u00edneo do c\u00e9rebro acaba sendo bastante afetado quando h\u00e1 muito consumo de sal.A ativa\u00e7\u00e3o dos neur\u00f4nios causa um r\u00e1pido aumento do fluxo sangu\u00edneo [&hellip;]<\/p>\n","protected":false},"author":2,"featured_media":25071,"comment_status":"open","ping_status":"open","sticky":false,"template":"","format":"standard","meta":{"footnotes":""},"categories":[11],"tags":[2336,12105,6914,5975,730],"class_list":["post-25068","post","type-post","status-publish","format-standard","has-post-thumbnail","hentry","category-saude","tag-cerebro","tag-cortex-cerebral","tag-hipertensao","tag-sal","tag-sangue"],"yoast_head":"<!-- This site is optimized with the Yoast SEO plugin v26.5 - https:\/\/yoast.com\/wordpress\/plugins\/seo\/ -->\n<title>Como o sal afeta o fluxo sangu\u00edneo do nosso c\u00e9rebro? Estudo responde - Jornal Fatos e Not\u00edcias<\/title>\n<meta name=\"robots\" content=\"index, follow, max-snippet:-1, max-image-preview:large, max-video-preview:-1\" \/>\n<link rel=\"canonical\" href=\"https:\/\/jornalfatosenoticias.com.br\/index.php\/2021\/11\/19\/como-o-sal-afeta-o-fluxo-sanguineo-do-nosso-cerebro-estudo-responde\/\" \/>\n<meta property=\"og:locale\" content=\"pt_BR\" \/>\n<meta property=\"og:type\" content=\"article\" \/>\n<meta property=\"og:title\" content=\"Como o sal afeta o fluxo sangu\u00edneo do nosso c\u00e9rebro? Estudo responde - Jornal Fatos e Not\u00edcias\" \/>\n<meta property=\"og:description\" content=\"Um novo estudo realizado nos Estados Unidos\u00a0apresentou dados surpreendentes sobre a rela\u00e7\u00e3o entre a\u00a0atividade neural, o fluxo de sangue no c\u00e9rebro e o consumo de sal. Os resultados mostraram que o fluxo sangu\u00edneo do c\u00e9rebro acaba sendo bastante afetado quando h\u00e1 muito consumo de sal.A ativa\u00e7\u00e3o dos neur\u00f4nios causa um r\u00e1pido aumento do fluxo sangu\u00edneo [&hellip;]\" \/>\n<meta property=\"og:url\" content=\"https:\/\/jornalfatosenoticias.com.br\/index.php\/2021\/11\/19\/como-o-sal-afeta-o-fluxo-sanguineo-do-nosso-cerebro-estudo-responde\/\" \/>\n<meta property=\"og:site_name\" content=\"Jornal Fatos e Not\u00edcias\" \/>\n<meta property=\"article:published_time\" content=\"2021-11-19T17:44:54+00:00\" \/>\n<meta property=\"article:modified_time\" content=\"2021-11-19T17:44:58+00:00\" \/>\n<meta property=\"og:image\" content=\"https:\/\/jornalfatosenoticias.com.br\/wp-content\/uploads\/2021\/11\/sal-alimentacao_getty-images.jpg\" \/>\n\t<meta property=\"og:image:width\" content=\"1000\" \/>\n\t<meta property=\"og:image:height\" content=\"666\" \/>\n\t<meta property=\"og:image:type\" content=\"image\/jpeg\" \/>\n<meta name=\"author\" content=\"Luzimara Fernandes\" \/>\n<meta name=\"twitter:card\" content=\"summary_large_image\" \/>\n<meta name=\"twitter:label1\" content=\"Escrito por\" \/>\n\t<meta name=\"twitter:data1\" content=\"Luzimara Fernandes\" \/>\n\t<meta name=\"twitter:label2\" content=\"Est. tempo de leitura\" \/>\n\t<meta name=\"twitter:data2\" content=\"3 minutos\" \/>\n<script type=\"application\/ld+json\" class=\"yoast-schema-graph\">{\"@context\":\"https:\/\/schema.org\",\"@graph\":[{\"@type\":\"Article\",\"@id\":\"https:\/\/jornalfatosenoticias.com.br\/index.php\/2021\/11\/19\/como-o-sal-afeta-o-fluxo-sanguineo-do-nosso-cerebro-estudo-responde\/#article\",\"isPartOf\":{\"@id\":\"https:\/\/jornalfatosenoticias.com.br\/index.php\/2021\/11\/19\/como-o-sal-afeta-o-fluxo-sanguineo-do-nosso-cerebro-estudo-responde\/\"},\"author\":{\"name\":\"Luzimara Fernandes\",\"@id\":\"https:\/\/jornalfatosenoticias.com.br\/#\/schema\/person\/d63837fa13ac8666eb9e74e0985d6f81\"},\"headline\":\"Como o sal afeta o fluxo sangu\u00edneo do nosso c\u00e9rebro? Estudo responde\",\"datePublished\":\"2021-11-19T17:44:54+00:00\",\"dateModified\":\"2021-11-19T17:44:58+00:00\",\"mainEntityOfPage\":{\"@id\":\"https:\/\/jornalfatosenoticias.com.br\/index.php\/2021\/11\/19\/como-o-sal-afeta-o-fluxo-sanguineo-do-nosso-cerebro-estudo-responde\/\"},\"wordCount\":627,\"commentCount\":0,\"publisher\":{\"@id\":\"https:\/\/jornalfatosenoticias.com.br\/#organization\"},\"image\":{\"@id\":\"https:\/\/jornalfatosenoticias.com.br\/index.php\/2021\/11\/19\/como-o-sal-afeta-o-fluxo-sanguineo-do-nosso-cerebro-estudo-responde\/#primaryimage\"},\"thumbnailUrl\":\"https:\/\/jornalfatosenoticias.com.br\/wp-content\/uploads\/2021\/11\/sal-alimentacao_getty-images.jpg\",\"keywords\":[\"c\u00e9rebro\",\"c\u00f3rtex cerebral\",\"hipertens\u00e3o\",\"sal\",\"sangue\"],\"articleSection\":[\"Sa\u00fade\"],\"inLanguage\":\"pt-BR\",\"potentialAction\":[{\"@type\":\"CommentAction\",\"name\":\"Comment\",\"target\":[\"https:\/\/jornalfatosenoticias.com.br\/index.php\/2021\/11\/19\/como-o-sal-afeta-o-fluxo-sanguineo-do-nosso-cerebro-estudo-responde\/#respond\"]}]},{\"@type\":\"WebPage\",\"@id\":\"https:\/\/jornalfatosenoticias.com.br\/index.php\/2021\/11\/19\/como-o-sal-afeta-o-fluxo-sanguineo-do-nosso-cerebro-estudo-responde\/\",\"url\":\"https:\/\/jornalfatosenoticias.com.br\/index.php\/2021\/11\/19\/como-o-sal-afeta-o-fluxo-sanguineo-do-nosso-cerebro-estudo-responde\/\",\"name\":\"Como o sal afeta o fluxo sangu\u00edneo do nosso c\u00e9rebro? Estudo responde - Jornal Fatos e Not\u00edcias\",\"isPartOf\":{\"@id\":\"https:\/\/jornalfatosenoticias.com.br\/#website\"},\"primaryImageOfPage\":{\"@id\":\"https:\/\/jornalfatosenoticias.com.br\/index.php\/2021\/11\/19\/como-o-sal-afeta-o-fluxo-sanguineo-do-nosso-cerebro-estudo-responde\/#primaryimage\"},\"image\":{\"@id\":\"https:\/\/jornalfatosenoticias.com.br\/index.php\/2021\/11\/19\/como-o-sal-afeta-o-fluxo-sanguineo-do-nosso-cerebro-estudo-responde\/#primaryimage\"},\"thumbnailUrl\":\"https:\/\/jornalfatosenoticias.com.br\/wp-content\/uploads\/2021\/11\/sal-alimentacao_getty-images.jpg\",\"datePublished\":\"2021-11-19T17:44:54+00:00\",\"dateModified\":\"2021-11-19T17:44:58+00:00\",\"breadcrumb\":{\"@id\":\"https:\/\/jornalfatosenoticias.com.br\/index.php\/2021\/11\/19\/como-o-sal-afeta-o-fluxo-sanguineo-do-nosso-cerebro-estudo-responde\/#breadcrumb\"},\"inLanguage\":\"pt-BR\",\"potentialAction\":[{\"@type\":\"ReadAction\",\"target\":[\"https:\/\/jornalfatosenoticias.com.br\/index.php\/2021\/11\/19\/como-o-sal-afeta-o-fluxo-sanguineo-do-nosso-cerebro-estudo-responde\/\"]}]},{\"@type\":\"ImageObject\",\"inLanguage\":\"pt-BR\",\"@id\":\"https:\/\/jornalfatosenoticias.com.br\/index.php\/2021\/11\/19\/como-o-sal-afeta-o-fluxo-sanguineo-do-nosso-cerebro-estudo-responde\/#primaryimage\",\"url\":\"https:\/\/jornalfatosenoticias.com.br\/wp-content\/uploads\/2021\/11\/sal-alimentacao_getty-images.jpg\",\"contentUrl\":\"https:\/\/jornalfatosenoticias.com.br\/wp-content\/uploads\/2021\/11\/sal-alimentacao_getty-images.jpg\",\"width\":1000,\"height\":666},{\"@type\":\"BreadcrumbList\",\"@id\":\"https:\/\/jornalfatosenoticias.com.br\/index.php\/2021\/11\/19\/como-o-sal-afeta-o-fluxo-sanguineo-do-nosso-cerebro-estudo-responde\/#breadcrumb\",\"itemListElement\":[{\"@type\":\"ListItem\",\"position\":1,\"name\":\"In\u00edcio\",\"item\":\"https:\/\/jornalfatosenoticias.com.br\/\"},{\"@type\":\"ListItem\",\"position\":2,\"name\":\"Como o sal afeta o fluxo sangu\u00edneo do nosso c\u00e9rebro? Estudo responde\"}]},{\"@type\":\"WebSite\",\"@id\":\"https:\/\/jornalfatosenoticias.com.br\/#website\",\"url\":\"https:\/\/jornalfatosenoticias.com.br\/\",\"name\":\"Jornal Fatos e Not\u00edcias\",\"description\":\"Not\u00edcias em geral\",\"publisher\":{\"@id\":\"https:\/\/jornalfatosenoticias.com.br\/#organization\"},\"potentialAction\":[{\"@type\":\"SearchAction\",\"target\":{\"@type\":\"EntryPoint\",\"urlTemplate\":\"https:\/\/jornalfatosenoticias.com.br\/?s={search_term_string}\"},\"query-input\":{\"@type\":\"PropertyValueSpecification\",\"valueRequired\":true,\"valueName\":\"search_term_string\"}}],\"inLanguage\":\"pt-BR\"},{\"@type\":\"Organization\",\"@id\":\"https:\/\/jornalfatosenoticias.com.br\/#organization\",\"name\":\"Jornal Fatos e Not\u00edcias\",\"url\":\"https:\/\/jornalfatosenoticias.com.br\/\",\"logo\":{\"@type\":\"ImageObject\",\"inLanguage\":\"pt-BR\",\"@id\":\"https:\/\/jornalfatosenoticias.com.br\/#\/schema\/logo\/image\/\",\"url\":\"https:\/\/jornalfatosenoticias.com.br\/wp-content\/uploads\/2020\/02\/logo120.png\",\"contentUrl\":\"https:\/\/jornalfatosenoticias.com.br\/wp-content\/uploads\/2020\/02\/logo120.png\",\"width\":1227,\"height\":120,\"caption\":\"Jornal Fatos e Not\u00edcias\"},\"image\":{\"@id\":\"https:\/\/jornalfatosenoticias.com.br\/#\/schema\/logo\/image\/\"}},{\"@type\":\"Person\",\"@id\":\"https:\/\/jornalfatosenoticias.com.br\/#\/schema\/person\/d63837fa13ac8666eb9e74e0985d6f81\",\"name\":\"Luzimara Fernandes\",\"image\":{\"@type\":\"ImageObject\",\"inLanguage\":\"pt-BR\",\"@id\":\"https:\/\/jornalfatosenoticias.com.br\/#\/schema\/person\/image\/\",\"url\":\"https:\/\/jornalfatosenoticias.com.br\/wp-content\/uploads\/2025\/05\/EU_portal.jpg\",\"contentUrl\":\"https:\/\/jornalfatosenoticias.com.br\/wp-content\/uploads\/2025\/05\/EU_portal.jpg\",\"caption\":\"Luzimara Fernandes\"},\"description\":\"Jornalista MTB 2358-ES\",\"sameAs\":[\"https:\/\/jornalfatosenoticias.com.br\"],\"url\":\"https:\/\/jornalfatosenoticias.com.br\/index.php\/author\/luzimara\/\"}]}<\/script>\n<!-- \/ Yoast SEO plugin. -->","yoast_head_json":{"title":"Como o sal afeta o fluxo sangu\u00edneo do nosso c\u00e9rebro? Estudo responde - Jornal Fatos e Not\u00edcias","robots":{"index":"index","follow":"follow","max-snippet":"max-snippet:-1","max-image-preview":"max-image-preview:large","max-video-preview":"max-video-preview:-1"},"canonical":"https:\/\/jornalfatosenoticias.com.br\/index.php\/2021\/11\/19\/como-o-sal-afeta-o-fluxo-sanguineo-do-nosso-cerebro-estudo-responde\/","og_locale":"pt_BR","og_type":"article","og_title":"Como o sal afeta o fluxo sangu\u00edneo do nosso c\u00e9rebro? Estudo responde - Jornal Fatos e Not\u00edcias","og_description":"Um novo estudo realizado nos Estados Unidos\u00a0apresentou dados surpreendentes sobre a rela\u00e7\u00e3o entre a\u00a0atividade neural, o fluxo de sangue no c\u00e9rebro e o consumo de sal. Os resultados mostraram que o fluxo sangu\u00edneo do c\u00e9rebro acaba sendo bastante afetado quando h\u00e1 muito consumo de sal.A ativa\u00e7\u00e3o dos neur\u00f4nios causa um r\u00e1pido aumento do fluxo sangu\u00edneo [&hellip;]","og_url":"https:\/\/jornalfatosenoticias.com.br\/index.php\/2021\/11\/19\/como-o-sal-afeta-o-fluxo-sanguineo-do-nosso-cerebro-estudo-responde\/","og_site_name":"Jornal Fatos e Not\u00edcias","article_published_time":"2021-11-19T17:44:54+00:00","article_modified_time":"2021-11-19T17:44:58+00:00","og_image":[{"width":1000,"height":666,"url":"https:\/\/jornalfatosenoticias.com.br\/wp-content\/uploads\/2021\/11\/sal-alimentacao_getty-images.jpg","type":"image\/jpeg"}],"author":"Luzimara Fernandes","twitter_card":"summary_large_image","twitter_misc":{"Escrito por":"Luzimara Fernandes","Est. tempo de leitura":"3 minutos"},"schema":{"@context":"https:\/\/schema.org","@graph":[{"@type":"Article","@id":"https:\/\/jornalfatosenoticias.com.br\/index.php\/2021\/11\/19\/como-o-sal-afeta-o-fluxo-sanguineo-do-nosso-cerebro-estudo-responde\/#article","isPartOf":{"@id":"https:\/\/jornalfatosenoticias.com.br\/index.php\/2021\/11\/19\/como-o-sal-afeta-o-fluxo-sanguineo-do-nosso-cerebro-estudo-responde\/"},"author":{"name":"Luzimara Fernandes","@id":"https:\/\/jornalfatosenoticias.com.br\/#\/schema\/person\/d63837fa13ac8666eb9e74e0985d6f81"},"headline":"Como o sal afeta o fluxo sangu\u00edneo do nosso c\u00e9rebro? Estudo responde","datePublished":"2021-11-19T17:44:54+00:00","dateModified":"2021-11-19T17:44:58+00:00","mainEntityOfPage":{"@id":"https:\/\/jornalfatosenoticias.com.br\/index.php\/2021\/11\/19\/como-o-sal-afeta-o-fluxo-sanguineo-do-nosso-cerebro-estudo-responde\/"},"wordCount":627,"commentCount":0,"publisher":{"@id":"https:\/\/jornalfatosenoticias.com.br\/#organization"},"image":{"@id":"https:\/\/jornalfatosenoticias.com.br\/index.php\/2021\/11\/19\/como-o-sal-afeta-o-fluxo-sanguineo-do-nosso-cerebro-estudo-responde\/#primaryimage"},"thumbnailUrl":"https:\/\/jornalfatosenoticias.com.br\/wp-content\/uploads\/2021\/11\/sal-alimentacao_getty-images.jpg","keywords":["c\u00e9rebro","c\u00f3rtex cerebral","hipertens\u00e3o","sal","sangue"],"articleSection":["Sa\u00fade"],"inLanguage":"pt-BR","potentialAction":[{"@type":"CommentAction","name":"Comment","target":["https:\/\/jornalfatosenoticias.com.br\/index.php\/2021\/11\/19\/como-o-sal-afeta-o-fluxo-sanguineo-do-nosso-cerebro-estudo-responde\/#respond"]}]},{"@type":"WebPage","@id":"https:\/\/jornalfatosenoticias.com.br\/index.php\/2021\/11\/19\/como-o-sal-afeta-o-fluxo-sanguineo-do-nosso-cerebro-estudo-responde\/","url":"https:\/\/jornalfatosenoticias.com.br\/index.php\/2021\/11\/19\/como-o-sal-afeta-o-fluxo-sanguineo-do-nosso-cerebro-estudo-responde\/","name":"Como o sal afeta o fluxo sangu\u00edneo do nosso c\u00e9rebro? Estudo responde - Jornal Fatos e Not\u00edcias","isPartOf":{"@id":"https:\/\/jornalfatosenoticias.com.br\/#website"},"primaryImageOfPage":{"@id":"https:\/\/jornalfatosenoticias.com.br\/index.php\/2021\/11\/19\/como-o-sal-afeta-o-fluxo-sanguineo-do-nosso-cerebro-estudo-responde\/#primaryimage"},"image":{"@id":"https:\/\/jornalfatosenoticias.com.br\/index.php\/2021\/11\/19\/como-o-sal-afeta-o-fluxo-sanguineo-do-nosso-cerebro-estudo-responde\/#primaryimage"},"thumbnailUrl":"https:\/\/jornalfatosenoticias.com.br\/wp-content\/uploads\/2021\/11\/sal-alimentacao_getty-images.jpg","datePublished":"2021-11-19T17:44:54+00:00","dateModified":"2021-11-19T17:44:58+00:00","breadcrumb":{"@id":"https:\/\/jornalfatosenoticias.com.br\/index.php\/2021\/11\/19\/como-o-sal-afeta-o-fluxo-sanguineo-do-nosso-cerebro-estudo-responde\/#breadcrumb"},"inLanguage":"pt-BR","potentialAction":[{"@type":"ReadAction","target":["https:\/\/jornalfatosenoticias.com.br\/index.php\/2021\/11\/19\/como-o-sal-afeta-o-fluxo-sanguineo-do-nosso-cerebro-estudo-responde\/"]}]},{"@type":"ImageObject","inLanguage":"pt-BR","@id":"https:\/\/jornalfatosenoticias.com.br\/index.php\/2021\/11\/19\/como-o-sal-afeta-o-fluxo-sanguineo-do-nosso-cerebro-estudo-responde\/#primaryimage","url":"https:\/\/jornalfatosenoticias.com.br\/wp-content\/uploads\/2021\/11\/sal-alimentacao_getty-images.jpg","contentUrl":"https:\/\/jornalfatosenoticias.com.br\/wp-content\/uploads\/2021\/11\/sal-alimentacao_getty-images.jpg","width":1000,"height":666},{"@type":"BreadcrumbList","@id":"https:\/\/jornalfatosenoticias.com.br\/index.php\/2021\/11\/19\/como-o-sal-afeta-o-fluxo-sanguineo-do-nosso-cerebro-estudo-responde\/#breadcrumb","itemListElement":[{"@type":"ListItem","position":1,"name":"In\u00edcio","item":"https:\/\/jornalfatosenoticias.com.br\/"},{"@type":"ListItem","position":2,"name":"Como o sal afeta o fluxo sangu\u00edneo do nosso c\u00e9rebro? Estudo responde"}]},{"@type":"WebSite","@id":"https:\/\/jornalfatosenoticias.com.br\/#website","url":"https:\/\/jornalfatosenoticias.com.br\/","name":"Jornal Fatos e Not\u00edcias","description":"Not\u00edcias em geral","publisher":{"@id":"https:\/\/jornalfatosenoticias.com.br\/#organization"},"potentialAction":[{"@type":"SearchAction","target":{"@type":"EntryPoint","urlTemplate":"https:\/\/jornalfatosenoticias.com.br\/?s={search_term_string}"},"query-input":{"@type":"PropertyValueSpecification","valueRequired":true,"valueName":"search_term_string"}}],"inLanguage":"pt-BR"},{"@type":"Organization","@id":"https:\/\/jornalfatosenoticias.com.br\/#organization","name":"Jornal Fatos e Not\u00edcias","url":"https:\/\/jornalfatosenoticias.com.br\/","logo":{"@type":"ImageObject","inLanguage":"pt-BR","@id":"https:\/\/jornalfatosenoticias.com.br\/#\/schema\/logo\/image\/","url":"https:\/\/jornalfatosenoticias.com.br\/wp-content\/uploads\/2020\/02\/logo120.png","contentUrl":"https:\/\/jornalfatosenoticias.com.br\/wp-content\/uploads\/2020\/02\/logo120.png","width":1227,"height":120,"caption":"Jornal Fatos e Not\u00edcias"},"image":{"@id":"https:\/\/jornalfatosenoticias.com.br\/#\/schema\/logo\/image\/"}},{"@type":"Person","@id":"https:\/\/jornalfatosenoticias.com.br\/#\/schema\/person\/d63837fa13ac8666eb9e74e0985d6f81","name":"Luzimara Fernandes","image":{"@type":"ImageObject","inLanguage":"pt-BR","@id":"https:\/\/jornalfatosenoticias.com.br\/#\/schema\/person\/image\/","url":"https:\/\/jornalfatosenoticias.com.br\/wp-content\/uploads\/2025\/05\/EU_portal.jpg","contentUrl":"https:\/\/jornalfatosenoticias.com.br\/wp-content\/uploads\/2025\/05\/EU_portal.jpg","caption":"Luzimara Fernandes"},"description":"Jornalista MTB 2358-ES","sameAs":["https:\/\/jornalfatosenoticias.com.br"],"url":"https:\/\/jornalfatosenoticias.com.br\/index.php\/author\/luzimara\/"}]}},"cc_featured_image_caption":{"caption_text":"(Foto: Getty Images) ","source_text":"","source_url":""},"jetpack_featured_media_url":"https:\/\/jornalfatosenoticias.com.br\/wp-content\/uploads\/2021\/11\/sal-alimentacao_getty-images.jpg","_links":{"self":[{"href":"https:\/\/jornalfatosenoticias.com.br\/index.php\/wp-json\/wp\/v2\/posts\/25068","targetHints":{"allow":["GET"]}}],"collection":[{"href":"https:\/\/jornalfatosenoticias.com.br\/index.php\/wp-json\/wp\/v2\/posts"}],"about":[{"href":"https:\/\/jornalfatosenoticias.com.br\/index.php\/wp-json\/wp\/v2\/types\/post"}],"author":[{"embeddable":true,"href":"https:\/\/jornalfatosenoticias.com.br\/index.php\/wp-json\/wp\/v2\/users\/2"}],"replies":[{"embeddable":true,"href":"https:\/\/jornalfatosenoticias.com.br\/index.php\/wp-json\/wp\/v2\/comments?post=25068"}],"version-history":[{"count":0,"href":"https:\/\/jornalfatosenoticias.com.br\/index.php\/wp-json\/wp\/v2\/posts\/25068\/revisions"}],"wp:featuredmedia":[{"embeddable":true,"href":"https:\/\/jornalfatosenoticias.com.br\/index.php\/wp-json\/wp\/v2\/media\/25071"}],"wp:attachment":[{"href":"https:\/\/jornalfatosenoticias.com.br\/index.php\/wp-json\/wp\/v2\/media?parent=25068"}],"wp:term":[{"taxonomy":"category","embeddable":true,"href":"https:\/\/jornalfatosenoticias.com.br\/index.php\/wp-json\/wp\/v2\/categories?post=25068"},{"taxonomy":"post_tag","embeddable":true,"href":"https:\/\/jornalfatosenoticias.com.br\/index.php\/wp-json\/wp\/v2\/tags?post=25068"}],"curies":[{"name":"wp","href":"https:\/\/api.w.org\/{rel}","templated":true}]}}