{"id":25089,"date":"2021-11-19T15:06:26","date_gmt":"2021-11-19T18:06:26","guid":{"rendered":"https:\/\/jornalfatosenoticias.com.br\/?p=25089"},"modified":"2021-11-19T15:06:27","modified_gmt":"2021-11-19T18:06:27","slug":"startup-vai-converter-avioes-antigos-em-avioes-eletricos","status":"publish","type":"post","link":"https:\/\/jornalfatosenoticias.com.br\/index.php\/2021\/11\/19\/startup-vai-converter-avioes-antigos-em-avioes-eletricos\/","title":{"rendered":"Startup vai converter avi\u00f5es antigos em avi\u00f5es el\u00e9tricos"},"content":{"rendered":"\n<p><em><span class=\"has-inline-color has-black-color\">Ideia \u00e9 reaproveitar aeronaves que j\u00e1 tem certifica\u00e7\u00e3o para voar para acelerar a convers\u00e3o para voos mais sustent\u00e1veis<\/span><\/em><\/p>\n\n\n\n<p>Respons\u00e1vel por cerca de <a href=\"https:\/\/www.eesi.org\/papers\/view\/fact-sheet-the-growth-in-greenhouse-gas-emissions-from-commercial-aviation\" target=\"_blank\" rel=\"noreferrer noopener\">2,5% das emiss\u00f5es globais<\/a>, a ind\u00fastria da avia\u00e7\u00e3o tem sido pressionada a diminuir suas emiss\u00f5es e o seu impacto e seu impacto clim\u00e1tico, que corresponde a 3,5% de todo o aquecimento global provocado pela humanidade.<br>Muitas pessoas tem evitado os avi\u00f5es e outras buscam por <a href=\"https:\/\/ciclovivo.com.br\/mao-na-massa\/faca-voce-mesmo\/como-combater-o-aquecimento-global-sem-sair-de-casa\/\">alternativas para compensar suas emiss\u00f5es<\/a> quando precisam voar. Empresas est\u00e3o trabalhando para desenvolver combust\u00edveis de avia\u00e7\u00e3o mais sustent\u00e1veis e existem projetos sendo desenvolvidos para um transporte a\u00e9reo com menos impacto ambiental.<br>Somando-se a esta onda de propostas para que seja poss\u00edvel voar de um lugar a outro sem contribuir para a crise clim\u00e1tica, startup <a href=\"https:\/\/www.weflywright.com\/\" target=\"_blank\" rel=\"noreferrer noopener\">Wright Electric<\/a> planeja chegar aos c\u00e9us at\u00e9 2026 com avi\u00f5es el\u00e9tricos. Mas n\u00e3o ser\u00e3o aeronaves 100% novas. A Wright Electric vai converter avi\u00f5es BAe 146 que foram primeira vez pela empresa aeroespacial brit\u00e2nica BAE Systems na d\u00e9cada de 1980 em avi\u00f5es el\u00e9tricos.<br>Ao reutilizar os avi\u00f5es existentes, a Wright Electric pode acelerar os processos de certifica\u00e7\u00e3o para come\u00e7ar a voar mais cedo em aeronaves com emiss\u00f5es zero, j\u00e1 que as certifica\u00e7\u00f5es de novas aeronaves podem levar muitos anos. A empresa far\u00e1 a transi\u00e7\u00e3o de quatro jatos do avi\u00e3o BAe 146 em novos motores de 2 MW. A convers\u00e3o completa est\u00e1 prevista para 2026.<\/p>\n\n\n\n<p><strong><span class=\"has-inline-color has-black-color\">Apoio e reconhecimento<br><\/span><\/strong>Os esfor\u00e7os da Wright Electric para tirar do solo os avi\u00f5es de passageiros com emiss\u00e3o zero foram notados por muitos. A empresa recebeu financiamento, contratos e colabora\u00e7\u00f5es de v\u00e1rios departamentos governamentais, organiza\u00e7\u00f5es e companhias a\u00e9reas para dar vida a essa tecnologia, incluindo Nasa, o Departamento de Energia dos EUA, a For\u00e7a A\u00e9rea dos EUA, Viva Aerobus e easyJet.<\/p>\n\n\n\n<figure class=\"wp-block-image size-large is-style-default\"><img loading=\"lazy\" decoding=\"async\" width=\"1024\" height=\"915\" src=\"https:\/\/jornalfatosenoticias.com.br\/wp-content\/uploads\/2021\/11\/aviao-antigo-em-aviao-eletrico-2.jpg\" alt=\"\" class=\"wp-image-25090\" srcset=\"https:\/\/jornalfatosenoticias.com.br\/wp-content\/uploads\/2021\/11\/aviao-antigo-em-aviao-eletrico-2.jpg 1024w, https:\/\/jornalfatosenoticias.com.br\/wp-content\/uploads\/2021\/11\/aviao-antigo-em-aviao-eletrico-2-300x268.jpg 300w, https:\/\/jornalfatosenoticias.com.br\/wp-content\/uploads\/2021\/11\/aviao-antigo-em-aviao-eletrico-2-768x686.jpg 768w\" sizes=\"auto, (max-width: 1024px) 100vw, 1024px\" \/><figcaption><em><span class=\"has-inline-color has-black-color\">(Foto: Wright Electric)<\/span><\/em><\/figcaption><\/figure>\n\n\n\n<p><strong><span class=\"has-inline-color has-black-color\">Come\u00e7ando por voos curtos<br><\/span><\/strong>Os avi\u00f5es el\u00e9tricos, chamados Wright Spirit, transportar\u00e3o confortavelmente 100 passageiros em um passeio silencioso, ao contr\u00e1rio dos avi\u00f5es convencionalmente barulhentos. Os avi\u00f5es ter\u00e3o um alcance de cerca de 750 quil\u00f4metros de autonomia, o que significa um voo de cerca de uma hora. Por mais que n\u00e3o sejam grandes dist\u00e2ncias quando pensamos na capacidade do transporte a\u00e9reo, o impacto destas viagens \u00e9 significativo considerando que os voos curtos s\u00e3o muito frequentes na Europa e em pa\u00edses continentais, como o Brasil e os EUA.<br>Substituir os voos frequentes e de curta dist\u00e2ncia por viagens com emiss\u00f5es zero pode causar um grande impacto. A Wright Electric est\u00e1 se concentrando na redu\u00e7\u00e3o das emiss\u00f5es para esses voos curtos e de alta demanda, especialmente Seul para Jeju, que \u00e9 a rota mais movimentada do mundo com 14 milh\u00f5es de passageiros anualmente, bem como Londres para Paris, Rio de Janeiro para S\u00e3o Paulo e S\u00e3o Francisco para Los Angeles.<br>\u201cA avia\u00e7\u00e3o se comprometeu com as emiss\u00f5es l\u00edquidas de carbono zero at\u00e9 2050, mas a Wright Electric est\u00e1 comprometida com uma redu\u00e7\u00e3o de 100% em todas as emiss\u00f5es a partir de 2026\u201d, disse Jeff Engler, CEO da Wright Electric.<\/p>\n\n\n\n<p><strong><span class=\"has-inline-color has-black-color\">Pr\u00f3ximos passos<br><\/span><\/strong>Os testes de voo com um propulsor el\u00e9trico come\u00e7ar\u00e3o em 2023, seguidos por testes com dois propulsores el\u00e9tricos em 2024 e levando a avi\u00f5es totalmente el\u00e9tricos em 2026. O pr\u00f3ximo projeto da Wright Electric \u00e9 um avi\u00e3o que transportar\u00e1 186 passageiros e vai ter mais de 1,2 mil quil\u00f4metros de autonomia. Segundo a empresa, o objetivo \u00e9 ter este avi\u00e3o maior em servi\u00e7o at\u00e9 2030.<\/p>\n\n\n\n<p><strong><em>Fonte: <a href=\"https:\/\/ciclovivo.com.br\/arq-urb\/mobilidade\/startup-vai-converter-avioes-antigos-em-avioes-eletricos\/\">CicloVivo<\/a><\/em><\/strong><\/p>\n","protected":false},"excerpt":{"rendered":"<p>Ideia \u00e9 reaproveitar aeronaves que j\u00e1 tem certifica\u00e7\u00e3o para voar para acelerar a convers\u00e3o para voos mais sustent\u00e1veis Respons\u00e1vel por cerca de 2,5% das emiss\u00f5es globais, a ind\u00fastria da avia\u00e7\u00e3o tem sido pressionada a diminuir suas emiss\u00f5es e o seu impacto e seu impacto clim\u00e1tico, que corresponde a 3,5% de todo o aquecimento global provocado [&hellip;]<\/p>\n","protected":false},"author":2,"featured_media":25091,"comment_status":"open","ping_status":"open","sticky":false,"template":"","format":"standard","meta":{"footnotes":""},"categories":[3],"tags":[12111,10659,3059,2504,12112,12113],"class_list":["post-25089","post","type-post","status-publish","format-standard","has-post-thumbnail","hentry","category-tecnologia","tag-avioes-antigos","tag-avioes-eletricos","tag-emissoes","tag-startup","tag-voos-sustentaveis","tag-wright-electric"],"yoast_head":"<!-- This site is optimized with the Yoast SEO plugin v26.5 - https:\/\/yoast.com\/wordpress\/plugins\/seo\/ -->\n<title>Startup vai converter avi\u00f5es antigos em avi\u00f5es el\u00e9tricos - Jornal Fatos e Not\u00edcias<\/title>\n<meta name=\"robots\" content=\"index, follow, max-snippet:-1, max-image-preview:large, max-video-preview:-1\" \/>\n<link rel=\"canonical\" href=\"https:\/\/jornalfatosenoticias.com.br\/index.php\/2021\/11\/19\/startup-vai-converter-avioes-antigos-em-avioes-eletricos\/\" \/>\n<meta property=\"og:locale\" content=\"pt_BR\" \/>\n<meta property=\"og:type\" content=\"article\" \/>\n<meta property=\"og:title\" content=\"Startup vai converter avi\u00f5es antigos em avi\u00f5es el\u00e9tricos - Jornal Fatos e Not\u00edcias\" \/>\n<meta property=\"og:description\" content=\"Ideia \u00e9 reaproveitar aeronaves que j\u00e1 tem certifica\u00e7\u00e3o para voar para acelerar a convers\u00e3o para voos mais sustent\u00e1veis Respons\u00e1vel por cerca de 2,5% das emiss\u00f5es globais, a ind\u00fastria da avia\u00e7\u00e3o tem sido pressionada a diminuir suas emiss\u00f5es e o seu impacto e seu impacto clim\u00e1tico, que corresponde a 3,5% de todo o aquecimento global provocado [&hellip;]\" \/>\n<meta property=\"og:url\" content=\"https:\/\/jornalfatosenoticias.com.br\/index.php\/2021\/11\/19\/startup-vai-converter-avioes-antigos-em-avioes-eletricos\/\" \/>\n<meta property=\"og:site_name\" content=\"Jornal Fatos e Not\u00edcias\" \/>\n<meta property=\"article:published_time\" content=\"2021-11-19T18:06:26+00:00\" \/>\n<meta property=\"article:modified_time\" content=\"2021-11-19T18:06:27+00:00\" \/>\n<meta property=\"og:image\" content=\"https:\/\/jornalfatosenoticias.com.br\/wp-content\/uploads\/2021\/11\/aviao-antigo-em-aviao-eletrico-1.jpg\" \/>\n\t<meta property=\"og:image:width\" content=\"1200\" \/>\n\t<meta property=\"og:image:height\" content=\"780\" \/>\n\t<meta property=\"og:image:type\" content=\"image\/jpeg\" \/>\n<meta name=\"author\" content=\"Luzimara Fernandes\" \/>\n<meta name=\"twitter:card\" content=\"summary_large_image\" \/>\n<meta name=\"twitter:label1\" content=\"Escrito por\" \/>\n\t<meta name=\"twitter:data1\" content=\"Luzimara Fernandes\" \/>\n\t<meta name=\"twitter:label2\" content=\"Est. tempo de leitura\" \/>\n\t<meta name=\"twitter:data2\" content=\"3 minutos\" \/>\n<script type=\"application\/ld+json\" class=\"yoast-schema-graph\">{\"@context\":\"https:\/\/schema.org\",\"@graph\":[{\"@type\":\"Article\",\"@id\":\"https:\/\/jornalfatosenoticias.com.br\/index.php\/2021\/11\/19\/startup-vai-converter-avioes-antigos-em-avioes-eletricos\/#article\",\"isPartOf\":{\"@id\":\"https:\/\/jornalfatosenoticias.com.br\/index.php\/2021\/11\/19\/startup-vai-converter-avioes-antigos-em-avioes-eletricos\/\"},\"author\":{\"name\":\"Luzimara Fernandes\",\"@id\":\"https:\/\/jornalfatosenoticias.com.br\/#\/schema\/person\/d63837fa13ac8666eb9e74e0985d6f81\"},\"headline\":\"Startup vai converter avi\u00f5es antigos em avi\u00f5es el\u00e9tricos\",\"datePublished\":\"2021-11-19T18:06:26+00:00\",\"dateModified\":\"2021-11-19T18:06:27+00:00\",\"mainEntityOfPage\":{\"@id\":\"https:\/\/jornalfatosenoticias.com.br\/index.php\/2021\/11\/19\/startup-vai-converter-avioes-antigos-em-avioes-eletricos\/\"},\"wordCount\":621,\"commentCount\":0,\"publisher\":{\"@id\":\"https:\/\/jornalfatosenoticias.com.br\/#organization\"},\"image\":{\"@id\":\"https:\/\/jornalfatosenoticias.com.br\/index.php\/2021\/11\/19\/startup-vai-converter-avioes-antigos-em-avioes-eletricos\/#primaryimage\"},\"thumbnailUrl\":\"https:\/\/jornalfatosenoticias.com.br\/wp-content\/uploads\/2021\/11\/aviao-antigo-em-aviao-eletrico-1.jpg\",\"keywords\":[\"avi\u00f5es antigos\",\"avi\u00f5es el\u00e9tricos\",\"emiss\u00f5es\",\"startup\",\"voos sustent\u00e1veis\",\"Wright Electric\"],\"articleSection\":[\"Tecnologia &amp; Inova\u00e7\u00e3o\"],\"inLanguage\":\"pt-BR\",\"potentialAction\":[{\"@type\":\"CommentAction\",\"name\":\"Comment\",\"target\":[\"https:\/\/jornalfatosenoticias.com.br\/index.php\/2021\/11\/19\/startup-vai-converter-avioes-antigos-em-avioes-eletricos\/#respond\"]}]},{\"@type\":\"WebPage\",\"@id\":\"https:\/\/jornalfatosenoticias.com.br\/index.php\/2021\/11\/19\/startup-vai-converter-avioes-antigos-em-avioes-eletricos\/\",\"url\":\"https:\/\/jornalfatosenoticias.com.br\/index.php\/2021\/11\/19\/startup-vai-converter-avioes-antigos-em-avioes-eletricos\/\",\"name\":\"Startup vai converter avi\u00f5es antigos em avi\u00f5es el\u00e9tricos - Jornal Fatos e Not\u00edcias\",\"isPartOf\":{\"@id\":\"https:\/\/jornalfatosenoticias.com.br\/#website\"},\"primaryImageOfPage\":{\"@id\":\"https:\/\/jornalfatosenoticias.com.br\/index.php\/2021\/11\/19\/startup-vai-converter-avioes-antigos-em-avioes-eletricos\/#primaryimage\"},\"image\":{\"@id\":\"https:\/\/jornalfatosenoticias.com.br\/index.php\/2021\/11\/19\/startup-vai-converter-avioes-antigos-em-avioes-eletricos\/#primaryimage\"},\"thumbnailUrl\":\"https:\/\/jornalfatosenoticias.com.br\/wp-content\/uploads\/2021\/11\/aviao-antigo-em-aviao-eletrico-1.jpg\",\"datePublished\":\"2021-11-19T18:06:26+00:00\",\"dateModified\":\"2021-11-19T18:06:27+00:00\",\"breadcrumb\":{\"@id\":\"https:\/\/jornalfatosenoticias.com.br\/index.php\/2021\/11\/19\/startup-vai-converter-avioes-antigos-em-avioes-eletricos\/#breadcrumb\"},\"inLanguage\":\"pt-BR\",\"potentialAction\":[{\"@type\":\"ReadAction\",\"target\":[\"https:\/\/jornalfatosenoticias.com.br\/index.php\/2021\/11\/19\/startup-vai-converter-avioes-antigos-em-avioes-eletricos\/\"]}]},{\"@type\":\"ImageObject\",\"inLanguage\":\"pt-BR\",\"@id\":\"https:\/\/jornalfatosenoticias.com.br\/index.php\/2021\/11\/19\/startup-vai-converter-avioes-antigos-em-avioes-eletricos\/#primaryimage\",\"url\":\"https:\/\/jornalfatosenoticias.com.br\/wp-content\/uploads\/2021\/11\/aviao-antigo-em-aviao-eletrico-1.jpg\",\"contentUrl\":\"https:\/\/jornalfatosenoticias.com.br\/wp-content\/uploads\/2021\/11\/aviao-antigo-em-aviao-eletrico-1.jpg\",\"width\":1200,\"height\":780},{\"@type\":\"BreadcrumbList\",\"@id\":\"https:\/\/jornalfatosenoticias.com.br\/index.php\/2021\/11\/19\/startup-vai-converter-avioes-antigos-em-avioes-eletricos\/#breadcrumb\",\"itemListElement\":[{\"@type\":\"ListItem\",\"position\":1,\"name\":\"In\u00edcio\",\"item\":\"https:\/\/jornalfatosenoticias.com.br\/\"},{\"@type\":\"ListItem\",\"position\":2,\"name\":\"Startup vai converter avi\u00f5es antigos em avi\u00f5es el\u00e9tricos\"}]},{\"@type\":\"WebSite\",\"@id\":\"https:\/\/jornalfatosenoticias.com.br\/#website\",\"url\":\"https:\/\/jornalfatosenoticias.com.br\/\",\"name\":\"Jornal Fatos e Not\u00edcias\",\"description\":\"Not\u00edcias em geral\",\"publisher\":{\"@id\":\"https:\/\/jornalfatosenoticias.com.br\/#organization\"},\"potentialAction\":[{\"@type\":\"SearchAction\",\"target\":{\"@type\":\"EntryPoint\",\"urlTemplate\":\"https:\/\/jornalfatosenoticias.com.br\/?s={search_term_string}\"},\"query-input\":{\"@type\":\"PropertyValueSpecification\",\"valueRequired\":true,\"valueName\":\"search_term_string\"}}],\"inLanguage\":\"pt-BR\"},{\"@type\":\"Organization\",\"@id\":\"https:\/\/jornalfatosenoticias.com.br\/#organization\",\"name\":\"Jornal Fatos e Not\u00edcias\",\"url\":\"https:\/\/jornalfatosenoticias.com.br\/\",\"logo\":{\"@type\":\"ImageObject\",\"inLanguage\":\"pt-BR\",\"@id\":\"https:\/\/jornalfatosenoticias.com.br\/#\/schema\/logo\/image\/\",\"url\":\"https:\/\/jornalfatosenoticias.com.br\/wp-content\/uploads\/2020\/02\/logo120.png\",\"contentUrl\":\"https:\/\/jornalfatosenoticias.com.br\/wp-content\/uploads\/2020\/02\/logo120.png\",\"width\":1227,\"height\":120,\"caption\":\"Jornal Fatos e Not\u00edcias\"},\"image\":{\"@id\":\"https:\/\/jornalfatosenoticias.com.br\/#\/schema\/logo\/image\/\"}},{\"@type\":\"Person\",\"@id\":\"https:\/\/jornalfatosenoticias.com.br\/#\/schema\/person\/d63837fa13ac8666eb9e74e0985d6f81\",\"name\":\"Luzimara Fernandes\",\"image\":{\"@type\":\"ImageObject\",\"inLanguage\":\"pt-BR\",\"@id\":\"https:\/\/jornalfatosenoticias.com.br\/#\/schema\/person\/image\/\",\"url\":\"https:\/\/jornalfatosenoticias.com.br\/wp-content\/uploads\/2025\/05\/EU_portal.jpg\",\"contentUrl\":\"https:\/\/jornalfatosenoticias.com.br\/wp-content\/uploads\/2025\/05\/EU_portal.jpg\",\"caption\":\"Luzimara Fernandes\"},\"description\":\"Jornalista MTB 2358-ES\",\"sameAs\":[\"https:\/\/jornalfatosenoticias.com.br\"],\"url\":\"https:\/\/jornalfatosenoticias.com.br\/index.php\/author\/luzimara\/\"}]}<\/script>\n<!-- \/ Yoast SEO plugin. -->","yoast_head_json":{"title":"Startup vai converter avi\u00f5es antigos em avi\u00f5es el\u00e9tricos - Jornal Fatos e Not\u00edcias","robots":{"index":"index","follow":"follow","max-snippet":"max-snippet:-1","max-image-preview":"max-image-preview:large","max-video-preview":"max-video-preview:-1"},"canonical":"https:\/\/jornalfatosenoticias.com.br\/index.php\/2021\/11\/19\/startup-vai-converter-avioes-antigos-em-avioes-eletricos\/","og_locale":"pt_BR","og_type":"article","og_title":"Startup vai converter avi\u00f5es antigos em avi\u00f5es el\u00e9tricos - Jornal Fatos e Not\u00edcias","og_description":"Ideia \u00e9 reaproveitar aeronaves que j\u00e1 tem certifica\u00e7\u00e3o para voar para acelerar a convers\u00e3o para voos mais sustent\u00e1veis Respons\u00e1vel por cerca de 2,5% das emiss\u00f5es globais, a ind\u00fastria da avia\u00e7\u00e3o tem sido pressionada a diminuir suas emiss\u00f5es e o seu impacto e seu impacto clim\u00e1tico, que corresponde a 3,5% de todo o aquecimento global provocado [&hellip;]","og_url":"https:\/\/jornalfatosenoticias.com.br\/index.php\/2021\/11\/19\/startup-vai-converter-avioes-antigos-em-avioes-eletricos\/","og_site_name":"Jornal Fatos e Not\u00edcias","article_published_time":"2021-11-19T18:06:26+00:00","article_modified_time":"2021-11-19T18:06:27+00:00","og_image":[{"width":1200,"height":780,"url":"https:\/\/jornalfatosenoticias.com.br\/wp-content\/uploads\/2021\/11\/aviao-antigo-em-aviao-eletrico-1.jpg","type":"image\/jpeg"}],"author":"Luzimara Fernandes","twitter_card":"summary_large_image","twitter_misc":{"Escrito por":"Luzimara Fernandes","Est. tempo de leitura":"3 minutos"},"schema":{"@context":"https:\/\/schema.org","@graph":[{"@type":"Article","@id":"https:\/\/jornalfatosenoticias.com.br\/index.php\/2021\/11\/19\/startup-vai-converter-avioes-antigos-em-avioes-eletricos\/#article","isPartOf":{"@id":"https:\/\/jornalfatosenoticias.com.br\/index.php\/2021\/11\/19\/startup-vai-converter-avioes-antigos-em-avioes-eletricos\/"},"author":{"name":"Luzimara Fernandes","@id":"https:\/\/jornalfatosenoticias.com.br\/#\/schema\/person\/d63837fa13ac8666eb9e74e0985d6f81"},"headline":"Startup vai converter avi\u00f5es antigos em avi\u00f5es el\u00e9tricos","datePublished":"2021-11-19T18:06:26+00:00","dateModified":"2021-11-19T18:06:27+00:00","mainEntityOfPage":{"@id":"https:\/\/jornalfatosenoticias.com.br\/index.php\/2021\/11\/19\/startup-vai-converter-avioes-antigos-em-avioes-eletricos\/"},"wordCount":621,"commentCount":0,"publisher":{"@id":"https:\/\/jornalfatosenoticias.com.br\/#organization"},"image":{"@id":"https:\/\/jornalfatosenoticias.com.br\/index.php\/2021\/11\/19\/startup-vai-converter-avioes-antigos-em-avioes-eletricos\/#primaryimage"},"thumbnailUrl":"https:\/\/jornalfatosenoticias.com.br\/wp-content\/uploads\/2021\/11\/aviao-antigo-em-aviao-eletrico-1.jpg","keywords":["avi\u00f5es antigos","avi\u00f5es el\u00e9tricos","emiss\u00f5es","startup","voos sustent\u00e1veis","Wright Electric"],"articleSection":["Tecnologia &amp; Inova\u00e7\u00e3o"],"inLanguage":"pt-BR","potentialAction":[{"@type":"CommentAction","name":"Comment","target":["https:\/\/jornalfatosenoticias.com.br\/index.php\/2021\/11\/19\/startup-vai-converter-avioes-antigos-em-avioes-eletricos\/#respond"]}]},{"@type":"WebPage","@id":"https:\/\/jornalfatosenoticias.com.br\/index.php\/2021\/11\/19\/startup-vai-converter-avioes-antigos-em-avioes-eletricos\/","url":"https:\/\/jornalfatosenoticias.com.br\/index.php\/2021\/11\/19\/startup-vai-converter-avioes-antigos-em-avioes-eletricos\/","name":"Startup vai converter avi\u00f5es antigos em avi\u00f5es el\u00e9tricos - Jornal Fatos e Not\u00edcias","isPartOf":{"@id":"https:\/\/jornalfatosenoticias.com.br\/#website"},"primaryImageOfPage":{"@id":"https:\/\/jornalfatosenoticias.com.br\/index.php\/2021\/11\/19\/startup-vai-converter-avioes-antigos-em-avioes-eletricos\/#primaryimage"},"image":{"@id":"https:\/\/jornalfatosenoticias.com.br\/index.php\/2021\/11\/19\/startup-vai-converter-avioes-antigos-em-avioes-eletricos\/#primaryimage"},"thumbnailUrl":"https:\/\/jornalfatosenoticias.com.br\/wp-content\/uploads\/2021\/11\/aviao-antigo-em-aviao-eletrico-1.jpg","datePublished":"2021-11-19T18:06:26+00:00","dateModified":"2021-11-19T18:06:27+00:00","breadcrumb":{"@id":"https:\/\/jornalfatosenoticias.com.br\/index.php\/2021\/11\/19\/startup-vai-converter-avioes-antigos-em-avioes-eletricos\/#breadcrumb"},"inLanguage":"pt-BR","potentialAction":[{"@type":"ReadAction","target":["https:\/\/jornalfatosenoticias.com.br\/index.php\/2021\/11\/19\/startup-vai-converter-avioes-antigos-em-avioes-eletricos\/"]}]},{"@type":"ImageObject","inLanguage":"pt-BR","@id":"https:\/\/jornalfatosenoticias.com.br\/index.php\/2021\/11\/19\/startup-vai-converter-avioes-antigos-em-avioes-eletricos\/#primaryimage","url":"https:\/\/jornalfatosenoticias.com.br\/wp-content\/uploads\/2021\/11\/aviao-antigo-em-aviao-eletrico-1.jpg","contentUrl":"https:\/\/jornalfatosenoticias.com.br\/wp-content\/uploads\/2021\/11\/aviao-antigo-em-aviao-eletrico-1.jpg","width":1200,"height":780},{"@type":"BreadcrumbList","@id":"https:\/\/jornalfatosenoticias.com.br\/index.php\/2021\/11\/19\/startup-vai-converter-avioes-antigos-em-avioes-eletricos\/#breadcrumb","itemListElement":[{"@type":"ListItem","position":1,"name":"In\u00edcio","item":"https:\/\/jornalfatosenoticias.com.br\/"},{"@type":"ListItem","position":2,"name":"Startup vai converter avi\u00f5es antigos em avi\u00f5es el\u00e9tricos"}]},{"@type":"WebSite","@id":"https:\/\/jornalfatosenoticias.com.br\/#website","url":"https:\/\/jornalfatosenoticias.com.br\/","name":"Jornal Fatos e Not\u00edcias","description":"Not\u00edcias em geral","publisher":{"@id":"https:\/\/jornalfatosenoticias.com.br\/#organization"},"potentialAction":[{"@type":"SearchAction","target":{"@type":"EntryPoint","urlTemplate":"https:\/\/jornalfatosenoticias.com.br\/?s={search_term_string}"},"query-input":{"@type":"PropertyValueSpecification","valueRequired":true,"valueName":"search_term_string"}}],"inLanguage":"pt-BR"},{"@type":"Organization","@id":"https:\/\/jornalfatosenoticias.com.br\/#organization","name":"Jornal Fatos e Not\u00edcias","url":"https:\/\/jornalfatosenoticias.com.br\/","logo":{"@type":"ImageObject","inLanguage":"pt-BR","@id":"https:\/\/jornalfatosenoticias.com.br\/#\/schema\/logo\/image\/","url":"https:\/\/jornalfatosenoticias.com.br\/wp-content\/uploads\/2020\/02\/logo120.png","contentUrl":"https:\/\/jornalfatosenoticias.com.br\/wp-content\/uploads\/2020\/02\/logo120.png","width":1227,"height":120,"caption":"Jornal Fatos e Not\u00edcias"},"image":{"@id":"https:\/\/jornalfatosenoticias.com.br\/#\/schema\/logo\/image\/"}},{"@type":"Person","@id":"https:\/\/jornalfatosenoticias.com.br\/#\/schema\/person\/d63837fa13ac8666eb9e74e0985d6f81","name":"Luzimara Fernandes","image":{"@type":"ImageObject","inLanguage":"pt-BR","@id":"https:\/\/jornalfatosenoticias.com.br\/#\/schema\/person\/image\/","url":"https:\/\/jornalfatosenoticias.com.br\/wp-content\/uploads\/2025\/05\/EU_portal.jpg","contentUrl":"https:\/\/jornalfatosenoticias.com.br\/wp-content\/uploads\/2025\/05\/EU_portal.jpg","caption":"Luzimara Fernandes"},"description":"Jornalista MTB 2358-ES","sameAs":["https:\/\/jornalfatosenoticias.com.br"],"url":"https:\/\/jornalfatosenoticias.com.br\/index.php\/author\/luzimara\/"}]}},"cc_featured_image_caption":{"caption_text":"(Foto: Wright Electric) ","source_text":"","source_url":""},"jetpack_featured_media_url":"https:\/\/jornalfatosenoticias.com.br\/wp-content\/uploads\/2021\/11\/aviao-antigo-em-aviao-eletrico-1.jpg","_links":{"self":[{"href":"https:\/\/jornalfatosenoticias.com.br\/index.php\/wp-json\/wp\/v2\/posts\/25089","targetHints":{"allow":["GET"]}}],"collection":[{"href":"https:\/\/jornalfatosenoticias.com.br\/index.php\/wp-json\/wp\/v2\/posts"}],"about":[{"href":"https:\/\/jornalfatosenoticias.com.br\/index.php\/wp-json\/wp\/v2\/types\/post"}],"author":[{"embeddable":true,"href":"https:\/\/jornalfatosenoticias.com.br\/index.php\/wp-json\/wp\/v2\/users\/2"}],"replies":[{"embeddable":true,"href":"https:\/\/jornalfatosenoticias.com.br\/index.php\/wp-json\/wp\/v2\/comments?post=25089"}],"version-history":[{"count":0,"href":"https:\/\/jornalfatosenoticias.com.br\/index.php\/wp-json\/wp\/v2\/posts\/25089\/revisions"}],"wp:featuredmedia":[{"embeddable":true,"href":"https:\/\/jornalfatosenoticias.com.br\/index.php\/wp-json\/wp\/v2\/media\/25091"}],"wp:attachment":[{"href":"https:\/\/jornalfatosenoticias.com.br\/index.php\/wp-json\/wp\/v2\/media?parent=25089"}],"wp:term":[{"taxonomy":"category","embeddable":true,"href":"https:\/\/jornalfatosenoticias.com.br\/index.php\/wp-json\/wp\/v2\/categories?post=25089"},{"taxonomy":"post_tag","embeddable":true,"href":"https:\/\/jornalfatosenoticias.com.br\/index.php\/wp-json\/wp\/v2\/tags?post=25089"}],"curies":[{"name":"wp","href":"https:\/\/api.w.org\/{rel}","templated":true}]}}