{"id":25104,"date":"2021-11-19T15:24:51","date_gmt":"2021-11-19T18:24:51","guid":{"rendered":"https:\/\/jornalfatosenoticias.com.br\/?p=25104"},"modified":"2021-11-19T15:24:55","modified_gmt":"2021-11-19T18:24:55","slug":"consumo-de-cafe-e-cha-pode-reduzir-as-chances-de-demencia-e-derrame","status":"publish","type":"post","link":"https:\/\/jornalfatosenoticias.com.br\/index.php\/2021\/11\/19\/consumo-de-cafe-e-cha-pode-reduzir-as-chances-de-demencia-e-derrame\/","title":{"rendered":"Consumo de caf\u00e9 e ch\u00e1 pode reduzir as chances de dem\u00eancia e derrame"},"content":{"rendered":"\n<p>Uma pesquisa analisou os benef\u00edcios do consumo <a href=\"https:\/\/olhardigital.com.br\/2021\/10\/27\/ciencia-e-espaco\/cientistas-finlandia-cafe-sustentavel\/\" target=\"_blank\" rel=\"noreferrer noopener\">di\u00e1rio de doses<\/a>\u00a0de caf\u00e9 e ch\u00e1 para o c\u00e9rebro. A conclus\u00e3o \u00e9 de que\u00a0<a href=\"https:\/\/olhardigital.com.br\/2021\/11\/12\/medicina-e-saude\/cafe-durante-a-gravidez-reduz-risco-de-doencas-para-a-mae-e-para-o-bebe\/\" target=\"_blank\" rel=\"noreferrer noopener\">quantidades espec\u00edficas<\/a> podem ajudar a diminuir o risco de dem\u00eancia e de derrame. O estudo foi publicado na revista PLoS Medicine na \u00faltima ter\u00e7a-feira (16). Pesquisadores da Universidade de Medicina de Tianjin, na China, analisaram dados de 365,6 mil pessoas cadastradas em um banco de dados de sa\u00fade e encontraram uma incid\u00eancia menor das doen\u00e7as citadas em pessoas saud\u00e1veis com idades entre 50 e 74 anos que consumiam de quatro a seis x\u00edcaras de caf\u00e9 ou ch\u00e1 por dia.<br>Os participantes foram analisados por um per\u00edodo de 10 anos. Nesse tempo, 10.053 tiveram derrame e 5.079 desenvolveram dem\u00eancia. Os resultados mostram que pessoas que beberam de duas a tr\u00eas x\u00edcaras de caf\u00e9 ou de tr\u00eas a cinco x\u00edcaras de ch\u00e1 por dia tiveram chances menores de desenvolverem a doen\u00e7a.<\/p>\n\n\n\n<p><strong><span class=\"has-inline-color has-black-color\">Caf\u00e9 e doen\u00e7as cerebrais<br><\/span><\/strong>A redu\u00e7\u00e3o nas chances de derrame foi de cerca de 32%. J\u00e1 na de dem\u00eancia ficou em torno de 28%. Os cientistas refor\u00e7am, no entanto, que os pacientes analisados eram saud\u00e1veis e existem outros fatores de risco para essas condi\u00e7\u00f5es.<br>\u201cEmbora seja poss\u00edvel que o consumo de caf\u00e9 e ch\u00e1 possa proteger contra derrame, dem\u00eancia e dem\u00eancia p\u00f3s-derrame, essa causalidade n\u00e3o pode ser inferida a partir das associa\u00e7\u00f5es\u201d, exploram os pesquisadores.<br>Outros estudos tamb\u00e9m j\u00e1 indicaram os benef\u00edcios do caf\u00e9. A Food And Drug Administration dos Estados Unidos (FDA), ag\u00eancia regulat\u00f3ria do pa\u00eds, recomenda a ingest\u00e3o de 400 mg de cafe\u00edna por dia, o equivalente a entre quatro e cinco x\u00edcaras.<\/p>\n\n\n\n<p><strong><em>Fonte: <a href=\"https:\/\/olhardigital.com.br\/2021\/11\/17\/medicina-e-saude\/consumo-de-cafe-e-cha-pode-reduzir-as-chances-de-demencia-e-derrame\/\">Olhar Digital<\/a><\/em><\/strong><\/p>\n","protected":false},"excerpt":{"rendered":"<p>Uma pesquisa analisou os benef\u00edcios do consumo di\u00e1rio de doses\u00a0de caf\u00e9 e ch\u00e1 para o c\u00e9rebro. A conclus\u00e3o \u00e9 de que\u00a0quantidades espec\u00edficas podem ajudar a diminuir o risco de dem\u00eancia e de derrame. O estudo foi publicado na revista PLoS Medicine na \u00faltima ter\u00e7a-feira (16). Pesquisadores da Universidade de Medicina de Tianjin, na China, analisaram [&hellip;]<\/p>\n","protected":false},"author":2,"featured_media":25105,"comment_status":"open","ping_status":"open","sticky":false,"template":"","format":"standard","meta":{"footnotes":""},"categories":[11],"tags":[6586,2319,2324,3402],"class_list":["post-25104","post","type-post","status-publish","format-standard","has-post-thumbnail","hentry","category-saude","tag-avc","tag-cafe","tag-cafeina","tag-demencia"],"yoast_head":"<!-- This site is optimized with the Yoast SEO plugin v26.5 - https:\/\/yoast.com\/wordpress\/plugins\/seo\/ -->\n<title>Consumo de caf\u00e9 e ch\u00e1 pode reduzir as chances de dem\u00eancia e derrame - Jornal Fatos e Not\u00edcias<\/title>\n<meta name=\"robots\" content=\"index, follow, max-snippet:-1, max-image-preview:large, max-video-preview:-1\" \/>\n<link rel=\"canonical\" href=\"https:\/\/jornalfatosenoticias.com.br\/index.php\/2021\/11\/19\/consumo-de-cafe-e-cha-pode-reduzir-as-chances-de-demencia-e-derrame\/\" \/>\n<meta property=\"og:locale\" content=\"pt_BR\" \/>\n<meta property=\"og:type\" content=\"article\" \/>\n<meta property=\"og:title\" content=\"Consumo de caf\u00e9 e ch\u00e1 pode reduzir as chances de dem\u00eancia e derrame - Jornal Fatos e Not\u00edcias\" \/>\n<meta property=\"og:description\" content=\"Uma pesquisa analisou os benef\u00edcios do consumo di\u00e1rio de doses\u00a0de caf\u00e9 e ch\u00e1 para o c\u00e9rebro. A conclus\u00e3o \u00e9 de que\u00a0quantidades espec\u00edficas podem ajudar a diminuir o risco de dem\u00eancia e de derrame. O estudo foi publicado na revista PLoS Medicine na \u00faltima ter\u00e7a-feira (16). Pesquisadores da Universidade de Medicina de Tianjin, na China, analisaram [&hellip;]\" \/>\n<meta property=\"og:url\" content=\"https:\/\/jornalfatosenoticias.com.br\/index.php\/2021\/11\/19\/consumo-de-cafe-e-cha-pode-reduzir-as-chances-de-demencia-e-derrame\/\" \/>\n<meta property=\"og:site_name\" content=\"Jornal Fatos e Not\u00edcias\" \/>\n<meta property=\"article:published_time\" content=\"2021-11-19T18:24:51+00:00\" \/>\n<meta property=\"article:modified_time\" content=\"2021-11-19T18:24:55+00:00\" \/>\n<meta property=\"og:image\" content=\"https:\/\/jornalfatosenoticias.com.br\/wp-content\/uploads\/2021\/11\/Cafe-1.jpg\" \/>\n\t<meta property=\"og:image:width\" content=\"1200\" \/>\n\t<meta property=\"og:image:height\" content=\"450\" \/>\n\t<meta property=\"og:image:type\" content=\"image\/jpeg\" \/>\n<meta name=\"author\" content=\"Luzimara Fernandes\" \/>\n<meta name=\"twitter:card\" content=\"summary_large_image\" \/>\n<meta name=\"twitter:label1\" content=\"Escrito por\" \/>\n\t<meta name=\"twitter:data1\" content=\"Luzimara Fernandes\" \/>\n\t<meta name=\"twitter:label2\" content=\"Est. tempo de leitura\" \/>\n\t<meta name=\"twitter:data2\" content=\"1 minuto\" \/>\n<script type=\"application\/ld+json\" class=\"yoast-schema-graph\">{\"@context\":\"https:\/\/schema.org\",\"@graph\":[{\"@type\":\"Article\",\"@id\":\"https:\/\/jornalfatosenoticias.com.br\/index.php\/2021\/11\/19\/consumo-de-cafe-e-cha-pode-reduzir-as-chances-de-demencia-e-derrame\/#article\",\"isPartOf\":{\"@id\":\"https:\/\/jornalfatosenoticias.com.br\/index.php\/2021\/11\/19\/consumo-de-cafe-e-cha-pode-reduzir-as-chances-de-demencia-e-derrame\/\"},\"author\":{\"name\":\"Luzimara Fernandes\",\"@id\":\"https:\/\/jornalfatosenoticias.com.br\/#\/schema\/person\/d63837fa13ac8666eb9e74e0985d6f81\"},\"headline\":\"Consumo de caf\u00e9 e ch\u00e1 pode reduzir as chances de dem\u00eancia e derrame\",\"datePublished\":\"2021-11-19T18:24:51+00:00\",\"dateModified\":\"2021-11-19T18:24:55+00:00\",\"mainEntityOfPage\":{\"@id\":\"https:\/\/jornalfatosenoticias.com.br\/index.php\/2021\/11\/19\/consumo-de-cafe-e-cha-pode-reduzir-as-chances-de-demencia-e-derrame\/\"},\"wordCount\":311,\"commentCount\":0,\"publisher\":{\"@id\":\"https:\/\/jornalfatosenoticias.com.br\/#organization\"},\"image\":{\"@id\":\"https:\/\/jornalfatosenoticias.com.br\/index.php\/2021\/11\/19\/consumo-de-cafe-e-cha-pode-reduzir-as-chances-de-demencia-e-derrame\/#primaryimage\"},\"thumbnailUrl\":\"https:\/\/jornalfatosenoticias.com.br\/wp-content\/uploads\/2021\/11\/Cafe-1.jpg\",\"keywords\":[\"AVC\",\"caf\u00e9\",\"cafe\u00edna\",\"dem\u00eancia\"],\"articleSection\":[\"Sa\u00fade\"],\"inLanguage\":\"pt-BR\",\"potentialAction\":[{\"@type\":\"CommentAction\",\"name\":\"Comment\",\"target\":[\"https:\/\/jornalfatosenoticias.com.br\/index.php\/2021\/11\/19\/consumo-de-cafe-e-cha-pode-reduzir-as-chances-de-demencia-e-derrame\/#respond\"]}]},{\"@type\":\"WebPage\",\"@id\":\"https:\/\/jornalfatosenoticias.com.br\/index.php\/2021\/11\/19\/consumo-de-cafe-e-cha-pode-reduzir-as-chances-de-demencia-e-derrame\/\",\"url\":\"https:\/\/jornalfatosenoticias.com.br\/index.php\/2021\/11\/19\/consumo-de-cafe-e-cha-pode-reduzir-as-chances-de-demencia-e-derrame\/\",\"name\":\"Consumo de caf\u00e9 e ch\u00e1 pode reduzir as chances de dem\u00eancia e derrame - Jornal Fatos e Not\u00edcias\",\"isPartOf\":{\"@id\":\"https:\/\/jornalfatosenoticias.com.br\/#website\"},\"primaryImageOfPage\":{\"@id\":\"https:\/\/jornalfatosenoticias.com.br\/index.php\/2021\/11\/19\/consumo-de-cafe-e-cha-pode-reduzir-as-chances-de-demencia-e-derrame\/#primaryimage\"},\"image\":{\"@id\":\"https:\/\/jornalfatosenoticias.com.br\/index.php\/2021\/11\/19\/consumo-de-cafe-e-cha-pode-reduzir-as-chances-de-demencia-e-derrame\/#primaryimage\"},\"thumbnailUrl\":\"https:\/\/jornalfatosenoticias.com.br\/wp-content\/uploads\/2021\/11\/Cafe-1.jpg\",\"datePublished\":\"2021-11-19T18:24:51+00:00\",\"dateModified\":\"2021-11-19T18:24:55+00:00\",\"breadcrumb\":{\"@id\":\"https:\/\/jornalfatosenoticias.com.br\/index.php\/2021\/11\/19\/consumo-de-cafe-e-cha-pode-reduzir-as-chances-de-demencia-e-derrame\/#breadcrumb\"},\"inLanguage\":\"pt-BR\",\"potentialAction\":[{\"@type\":\"ReadAction\",\"target\":[\"https:\/\/jornalfatosenoticias.com.br\/index.php\/2021\/11\/19\/consumo-de-cafe-e-cha-pode-reduzir-as-chances-de-demencia-e-derrame\/\"]}]},{\"@type\":\"ImageObject\",\"inLanguage\":\"pt-BR\",\"@id\":\"https:\/\/jornalfatosenoticias.com.br\/index.php\/2021\/11\/19\/consumo-de-cafe-e-cha-pode-reduzir-as-chances-de-demencia-e-derrame\/#primaryimage\",\"url\":\"https:\/\/jornalfatosenoticias.com.br\/wp-content\/uploads\/2021\/11\/Cafe-1.jpg\",\"contentUrl\":\"https:\/\/jornalfatosenoticias.com.br\/wp-content\/uploads\/2021\/11\/Cafe-1.jpg\",\"width\":1200,\"height\":450},{\"@type\":\"BreadcrumbList\",\"@id\":\"https:\/\/jornalfatosenoticias.com.br\/index.php\/2021\/11\/19\/consumo-de-cafe-e-cha-pode-reduzir-as-chances-de-demencia-e-derrame\/#breadcrumb\",\"itemListElement\":[{\"@type\":\"ListItem\",\"position\":1,\"name\":\"In\u00edcio\",\"item\":\"https:\/\/jornalfatosenoticias.com.br\/\"},{\"@type\":\"ListItem\",\"position\":2,\"name\":\"Consumo de caf\u00e9 e ch\u00e1 pode reduzir as chances de dem\u00eancia e derrame\"}]},{\"@type\":\"WebSite\",\"@id\":\"https:\/\/jornalfatosenoticias.com.br\/#website\",\"url\":\"https:\/\/jornalfatosenoticias.com.br\/\",\"name\":\"Jornal Fatos e Not\u00edcias\",\"description\":\"Not\u00edcias em geral\",\"publisher\":{\"@id\":\"https:\/\/jornalfatosenoticias.com.br\/#organization\"},\"potentialAction\":[{\"@type\":\"SearchAction\",\"target\":{\"@type\":\"EntryPoint\",\"urlTemplate\":\"https:\/\/jornalfatosenoticias.com.br\/?s={search_term_string}\"},\"query-input\":{\"@type\":\"PropertyValueSpecification\",\"valueRequired\":true,\"valueName\":\"search_term_string\"}}],\"inLanguage\":\"pt-BR\"},{\"@type\":\"Organization\",\"@id\":\"https:\/\/jornalfatosenoticias.com.br\/#organization\",\"name\":\"Jornal Fatos e Not\u00edcias\",\"url\":\"https:\/\/jornalfatosenoticias.com.br\/\",\"logo\":{\"@type\":\"ImageObject\",\"inLanguage\":\"pt-BR\",\"@id\":\"https:\/\/jornalfatosenoticias.com.br\/#\/schema\/logo\/image\/\",\"url\":\"https:\/\/jornalfatosenoticias.com.br\/wp-content\/uploads\/2020\/02\/logo120.png\",\"contentUrl\":\"https:\/\/jornalfatosenoticias.com.br\/wp-content\/uploads\/2020\/02\/logo120.png\",\"width\":1227,\"height\":120,\"caption\":\"Jornal Fatos e Not\u00edcias\"},\"image\":{\"@id\":\"https:\/\/jornalfatosenoticias.com.br\/#\/schema\/logo\/image\/\"}},{\"@type\":\"Person\",\"@id\":\"https:\/\/jornalfatosenoticias.com.br\/#\/schema\/person\/d63837fa13ac8666eb9e74e0985d6f81\",\"name\":\"Luzimara Fernandes\",\"image\":{\"@type\":\"ImageObject\",\"inLanguage\":\"pt-BR\",\"@id\":\"https:\/\/jornalfatosenoticias.com.br\/#\/schema\/person\/image\/\",\"url\":\"https:\/\/jornalfatosenoticias.com.br\/wp-content\/uploads\/2025\/05\/EU_portal.jpg\",\"contentUrl\":\"https:\/\/jornalfatosenoticias.com.br\/wp-content\/uploads\/2025\/05\/EU_portal.jpg\",\"caption\":\"Luzimara Fernandes\"},\"description\":\"Jornalista MTB 2358-ES\",\"sameAs\":[\"https:\/\/jornalfatosenoticias.com.br\"],\"url\":\"https:\/\/jornalfatosenoticias.com.br\/index.php\/author\/luzimara\/\"}]}<\/script>\n<!-- \/ Yoast SEO plugin. -->","yoast_head_json":{"title":"Consumo de caf\u00e9 e ch\u00e1 pode reduzir as chances de dem\u00eancia e derrame - Jornal Fatos e Not\u00edcias","robots":{"index":"index","follow":"follow","max-snippet":"max-snippet:-1","max-image-preview":"max-image-preview:large","max-video-preview":"max-video-preview:-1"},"canonical":"https:\/\/jornalfatosenoticias.com.br\/index.php\/2021\/11\/19\/consumo-de-cafe-e-cha-pode-reduzir-as-chances-de-demencia-e-derrame\/","og_locale":"pt_BR","og_type":"article","og_title":"Consumo de caf\u00e9 e ch\u00e1 pode reduzir as chances de dem\u00eancia e derrame - Jornal Fatos e Not\u00edcias","og_description":"Uma pesquisa analisou os benef\u00edcios do consumo di\u00e1rio de doses\u00a0de caf\u00e9 e ch\u00e1 para o c\u00e9rebro. A conclus\u00e3o \u00e9 de que\u00a0quantidades espec\u00edficas podem ajudar a diminuir o risco de dem\u00eancia e de derrame. O estudo foi publicado na revista PLoS Medicine na \u00faltima ter\u00e7a-feira (16). Pesquisadores da Universidade de Medicina de Tianjin, na China, analisaram [&hellip;]","og_url":"https:\/\/jornalfatosenoticias.com.br\/index.php\/2021\/11\/19\/consumo-de-cafe-e-cha-pode-reduzir-as-chances-de-demencia-e-derrame\/","og_site_name":"Jornal Fatos e Not\u00edcias","article_published_time":"2021-11-19T18:24:51+00:00","article_modified_time":"2021-11-19T18:24:55+00:00","og_image":[{"width":1200,"height":450,"url":"https:\/\/jornalfatosenoticias.com.br\/wp-content\/uploads\/2021\/11\/Cafe-1.jpg","type":"image\/jpeg"}],"author":"Luzimara Fernandes","twitter_card":"summary_large_image","twitter_misc":{"Escrito por":"Luzimara Fernandes","Est. tempo de leitura":"1 minuto"},"schema":{"@context":"https:\/\/schema.org","@graph":[{"@type":"Article","@id":"https:\/\/jornalfatosenoticias.com.br\/index.php\/2021\/11\/19\/consumo-de-cafe-e-cha-pode-reduzir-as-chances-de-demencia-e-derrame\/#article","isPartOf":{"@id":"https:\/\/jornalfatosenoticias.com.br\/index.php\/2021\/11\/19\/consumo-de-cafe-e-cha-pode-reduzir-as-chances-de-demencia-e-derrame\/"},"author":{"name":"Luzimara Fernandes","@id":"https:\/\/jornalfatosenoticias.com.br\/#\/schema\/person\/d63837fa13ac8666eb9e74e0985d6f81"},"headline":"Consumo de caf\u00e9 e ch\u00e1 pode reduzir as chances de dem\u00eancia e derrame","datePublished":"2021-11-19T18:24:51+00:00","dateModified":"2021-11-19T18:24:55+00:00","mainEntityOfPage":{"@id":"https:\/\/jornalfatosenoticias.com.br\/index.php\/2021\/11\/19\/consumo-de-cafe-e-cha-pode-reduzir-as-chances-de-demencia-e-derrame\/"},"wordCount":311,"commentCount":0,"publisher":{"@id":"https:\/\/jornalfatosenoticias.com.br\/#organization"},"image":{"@id":"https:\/\/jornalfatosenoticias.com.br\/index.php\/2021\/11\/19\/consumo-de-cafe-e-cha-pode-reduzir-as-chances-de-demencia-e-derrame\/#primaryimage"},"thumbnailUrl":"https:\/\/jornalfatosenoticias.com.br\/wp-content\/uploads\/2021\/11\/Cafe-1.jpg","keywords":["AVC","caf\u00e9","cafe\u00edna","dem\u00eancia"],"articleSection":["Sa\u00fade"],"inLanguage":"pt-BR","potentialAction":[{"@type":"CommentAction","name":"Comment","target":["https:\/\/jornalfatosenoticias.com.br\/index.php\/2021\/11\/19\/consumo-de-cafe-e-cha-pode-reduzir-as-chances-de-demencia-e-derrame\/#respond"]}]},{"@type":"WebPage","@id":"https:\/\/jornalfatosenoticias.com.br\/index.php\/2021\/11\/19\/consumo-de-cafe-e-cha-pode-reduzir-as-chances-de-demencia-e-derrame\/","url":"https:\/\/jornalfatosenoticias.com.br\/index.php\/2021\/11\/19\/consumo-de-cafe-e-cha-pode-reduzir-as-chances-de-demencia-e-derrame\/","name":"Consumo de caf\u00e9 e ch\u00e1 pode reduzir as chances de dem\u00eancia e derrame - Jornal Fatos e Not\u00edcias","isPartOf":{"@id":"https:\/\/jornalfatosenoticias.com.br\/#website"},"primaryImageOfPage":{"@id":"https:\/\/jornalfatosenoticias.com.br\/index.php\/2021\/11\/19\/consumo-de-cafe-e-cha-pode-reduzir-as-chances-de-demencia-e-derrame\/#primaryimage"},"image":{"@id":"https:\/\/jornalfatosenoticias.com.br\/index.php\/2021\/11\/19\/consumo-de-cafe-e-cha-pode-reduzir-as-chances-de-demencia-e-derrame\/#primaryimage"},"thumbnailUrl":"https:\/\/jornalfatosenoticias.com.br\/wp-content\/uploads\/2021\/11\/Cafe-1.jpg","datePublished":"2021-11-19T18:24:51+00:00","dateModified":"2021-11-19T18:24:55+00:00","breadcrumb":{"@id":"https:\/\/jornalfatosenoticias.com.br\/index.php\/2021\/11\/19\/consumo-de-cafe-e-cha-pode-reduzir-as-chances-de-demencia-e-derrame\/#breadcrumb"},"inLanguage":"pt-BR","potentialAction":[{"@type":"ReadAction","target":["https:\/\/jornalfatosenoticias.com.br\/index.php\/2021\/11\/19\/consumo-de-cafe-e-cha-pode-reduzir-as-chances-de-demencia-e-derrame\/"]}]},{"@type":"ImageObject","inLanguage":"pt-BR","@id":"https:\/\/jornalfatosenoticias.com.br\/index.php\/2021\/11\/19\/consumo-de-cafe-e-cha-pode-reduzir-as-chances-de-demencia-e-derrame\/#primaryimage","url":"https:\/\/jornalfatosenoticias.com.br\/wp-content\/uploads\/2021\/11\/Cafe-1.jpg","contentUrl":"https:\/\/jornalfatosenoticias.com.br\/wp-content\/uploads\/2021\/11\/Cafe-1.jpg","width":1200,"height":450},{"@type":"BreadcrumbList","@id":"https:\/\/jornalfatosenoticias.com.br\/index.php\/2021\/11\/19\/consumo-de-cafe-e-cha-pode-reduzir-as-chances-de-demencia-e-derrame\/#breadcrumb","itemListElement":[{"@type":"ListItem","position":1,"name":"In\u00edcio","item":"https:\/\/jornalfatosenoticias.com.br\/"},{"@type":"ListItem","position":2,"name":"Consumo de caf\u00e9 e ch\u00e1 pode reduzir as chances de dem\u00eancia e derrame"}]},{"@type":"WebSite","@id":"https:\/\/jornalfatosenoticias.com.br\/#website","url":"https:\/\/jornalfatosenoticias.com.br\/","name":"Jornal Fatos e Not\u00edcias","description":"Not\u00edcias em geral","publisher":{"@id":"https:\/\/jornalfatosenoticias.com.br\/#organization"},"potentialAction":[{"@type":"SearchAction","target":{"@type":"EntryPoint","urlTemplate":"https:\/\/jornalfatosenoticias.com.br\/?s={search_term_string}"},"query-input":{"@type":"PropertyValueSpecification","valueRequired":true,"valueName":"search_term_string"}}],"inLanguage":"pt-BR"},{"@type":"Organization","@id":"https:\/\/jornalfatosenoticias.com.br\/#organization","name":"Jornal Fatos e Not\u00edcias","url":"https:\/\/jornalfatosenoticias.com.br\/","logo":{"@type":"ImageObject","inLanguage":"pt-BR","@id":"https:\/\/jornalfatosenoticias.com.br\/#\/schema\/logo\/image\/","url":"https:\/\/jornalfatosenoticias.com.br\/wp-content\/uploads\/2020\/02\/logo120.png","contentUrl":"https:\/\/jornalfatosenoticias.com.br\/wp-content\/uploads\/2020\/02\/logo120.png","width":1227,"height":120,"caption":"Jornal Fatos e Not\u00edcias"},"image":{"@id":"https:\/\/jornalfatosenoticias.com.br\/#\/schema\/logo\/image\/"}},{"@type":"Person","@id":"https:\/\/jornalfatosenoticias.com.br\/#\/schema\/person\/d63837fa13ac8666eb9e74e0985d6f81","name":"Luzimara Fernandes","image":{"@type":"ImageObject","inLanguage":"pt-BR","@id":"https:\/\/jornalfatosenoticias.com.br\/#\/schema\/person\/image\/","url":"https:\/\/jornalfatosenoticias.com.br\/wp-content\/uploads\/2025\/05\/EU_portal.jpg","contentUrl":"https:\/\/jornalfatosenoticias.com.br\/wp-content\/uploads\/2025\/05\/EU_portal.jpg","caption":"Luzimara Fernandes"},"description":"Jornalista MTB 2358-ES","sameAs":["https:\/\/jornalfatosenoticias.com.br"],"url":"https:\/\/jornalfatosenoticias.com.br\/index.php\/author\/luzimara\/"}]}},"cc_featured_image_caption":{"caption_text":"(Foto: Shutterstock) \r\n","source_text":"","source_url":""},"jetpack_featured_media_url":"https:\/\/jornalfatosenoticias.com.br\/wp-content\/uploads\/2021\/11\/Cafe-1.jpg","_links":{"self":[{"href":"https:\/\/jornalfatosenoticias.com.br\/index.php\/wp-json\/wp\/v2\/posts\/25104","targetHints":{"allow":["GET"]}}],"collection":[{"href":"https:\/\/jornalfatosenoticias.com.br\/index.php\/wp-json\/wp\/v2\/posts"}],"about":[{"href":"https:\/\/jornalfatosenoticias.com.br\/index.php\/wp-json\/wp\/v2\/types\/post"}],"author":[{"embeddable":true,"href":"https:\/\/jornalfatosenoticias.com.br\/index.php\/wp-json\/wp\/v2\/users\/2"}],"replies":[{"embeddable":true,"href":"https:\/\/jornalfatosenoticias.com.br\/index.php\/wp-json\/wp\/v2\/comments?post=25104"}],"version-history":[{"count":0,"href":"https:\/\/jornalfatosenoticias.com.br\/index.php\/wp-json\/wp\/v2\/posts\/25104\/revisions"}],"wp:featuredmedia":[{"embeddable":true,"href":"https:\/\/jornalfatosenoticias.com.br\/index.php\/wp-json\/wp\/v2\/media\/25105"}],"wp:attachment":[{"href":"https:\/\/jornalfatosenoticias.com.br\/index.php\/wp-json\/wp\/v2\/media?parent=25104"}],"wp:term":[{"taxonomy":"category","embeddable":true,"href":"https:\/\/jornalfatosenoticias.com.br\/index.php\/wp-json\/wp\/v2\/categories?post=25104"},{"taxonomy":"post_tag","embeddable":true,"href":"https:\/\/jornalfatosenoticias.com.br\/index.php\/wp-json\/wp\/v2\/tags?post=25104"}],"curies":[{"name":"wp","href":"https:\/\/api.w.org\/{rel}","templated":true}]}}