{"id":25160,"date":"2021-11-24T10:07:54","date_gmt":"2021-11-24T13:07:54","guid":{"rendered":"https:\/\/jornalfatosenoticias.com.br\/?p=25160"},"modified":"2021-11-24T10:07:58","modified_gmt":"2021-11-24T13:07:58","slug":"presidente-sanciona-lei-que-institui-o-auxilio-gas","status":"publish","type":"post","link":"https:\/\/jornalfatosenoticias.com.br\/index.php\/2021\/11\/24\/presidente-sanciona-lei-que-institui-o-auxilio-gas\/","title":{"rendered":"Presidente sanciona lei que institui o aux\u00edlio g\u00e1s"},"content":{"rendered":"\n<p><em><span class=\"has-inline-color has-black-color\">Aux\u00edlio ser\u00e1 destinado \u00e0s fam\u00edlias inscritas no Cad\u00danico<\/span><\/em><\/p>\n\n\n\n<p>O presidente Jair Bolsonaro sancionou a lei que cria o Programa G\u00e1s dos Brasileiros, o chamado aux\u00edlio g\u00e1s, que vai subsidiar o pre\u00e7o do g\u00e1s de cozinha para fam\u00edlias de baixa renda. A medida foi publicada na segunda-feira (22) no <strong><a href=\"https:\/\/www.in.gov.br\/en\/web\/dou\/-\/lei-n-14.237-de-19-de-novembro-de-2021-360896474\" target=\"_blank\" rel=\"noreferrer noopener\"><em>Di\u00e1rio Oficial da Uni\u00e3o<\/em><\/a>\u00a0<\/strong>e ficar\u00e1 em vigor por cinco anos, contados a partir da abertura dos cr\u00e9ditos or\u00e7ament\u00e1rios necess\u00e1rios.<br>Cada fam\u00edlia beneficiada vai receber, a cada dois meses, o equivalente a 50% da m\u00e9dia do pre\u00e7o nacional do botij\u00e3o de 13 quilos. Esse valor ser\u00e1 estabelecido pelo Sistema de Levantamento de Pre\u00e7os (SLP) da Ag\u00eancia Nacional do Petr\u00f3leo, G\u00e1s Natural e Biocombust\u00edveis (ANP), nos seis meses anteriores, conforme regras que ainda ser\u00e3o definidas em decreto.<br>O aux\u00edlio ser\u00e1 destinado \u00e0s fam\u00edlias inscritas no Cadastro \u00danico para Programas Sociais do Governo Federal (Cad\u00danico), com renda familiar mensal <em>per capita<\/em> menor ou igual a meio sal\u00e1rio m\u00ednimo, ou que morem na mesma casa de quem recebe o Benef\u00edcio de Presta\u00e7\u00e3o Continuada (BPC).<br>Ele ser\u00e1 concedido, preferencialmente, \u00e0s fam\u00edlias com mulheres v\u00edtimas de viol\u00eancia dom\u00e9stica que estejam sob o monitoramento de medidas protetivas de urg\u00eancia. A prefer\u00eancia de pagamento tamb\u00e9m ser\u00e1 para a mulher respons\u00e1vel pela fam\u00edlia.<br>O governo utilizar\u00e1 a estrutura do <em>Aux\u00edlio Brasil<\/em> para fazer os pagamentos do aux\u00edlio g\u00e1s. A operacionaliza\u00e7\u00e3o do programa social \u00e9 feita pela Caixa Econ\u00f4mica Federal.<\/p>\n\n\n\n<p><strong><strong>Ou\u00e7a na\u00a0<a href=\"https:\/\/agenciabrasil.ebc.com.br\/radioagencia-nacional\" target=\"_blank\" rel=\"noreferrer noopener\">Radioag\u00eancia Nacional<\/a>\u00a0<\/strong><\/strong><\/p>\n\n\n\n<figure class=\"wp-block-audio\"><audio controls src=\"https:\/\/jornalfatosenoticias.com.br\/wp-content\/uploads\/2021\/11\/22_11_21_-_gabriel_brum_-_gas_dos_brasileiros_-_ra_gp.mp3\"><\/audio><\/figure>\n\n\n\n<p><strong><span class=\"has-inline-color has-black-color\">Fonte de recursos<br><\/span><\/strong>O programa ser\u00e1 financiado com recursos dos <em>royalties<\/em> pertencentes \u00e0 Uni\u00e3o na produ\u00e7\u00e3o de petr\u00f3leo e g\u00e1s natural sob o regime de partilha de produ\u00e7\u00e3o, de parte da venda do excedente em \u00f3leo da Uni\u00e3o e b\u00f4nus de assinatura nas licita\u00e7\u00f5es de \u00e1reas para a explora\u00e7\u00e3o de petr\u00f3leo e de g\u00e1s natural. Al\u00e9m disso, ser\u00e3o utilizados outros recursos que venham a ser previstos no Or\u00e7amento Geral da Uni\u00e3o e dividendos da Petrobras pagos ao Tesouro Nacional.<br>A lei tem ainda como uma das fontes de financiamento o montante que cabe \u00e0 Uni\u00e3o da Contribui\u00e7\u00e3o de Interven\u00e7\u00e3o no Dom\u00ednio Econ\u00f4mico (Cide), que passar\u00e1 a incidir sobre o botij\u00e3o de g\u00e1s de 13 quilos.<br><strong><a href=\"https:\/\/agenciabrasil.ebc.com.br\/politica\/noticia\/2021-10\/camara-dos-deputados-aprova-auxilio-gas-para-familias-carentes\" target=\"_blank\" rel=\"noreferrer noopener\">Aprovado no m\u00eas passado pelo Congresso<\/a><\/strong>, a previs\u00e3o \u00e9 que o benef\u00edcio ter\u00e1 um custo de cerca de R$ 592 milh\u00f5es e poder\u00e1 atender dois milh\u00f5es de fam\u00edlias do Cad\u00danico.<\/p>\n\n\n\n<p><strong><em>Fonte: <a href=\"https:\/\/agenciabrasil.ebc.com.br\/economia\/noticia\/2021-11\/bolsonaro-sanciona-lei-que-institui-o-auxilio-gas\">Ag\u00eancia Brasil<\/a><\/em><\/strong><\/p>\n","protected":false},"excerpt":{"rendered":"<p>Aux\u00edlio ser\u00e1 destinado \u00e0s fam\u00edlias inscritas no Cad\u00danico O presidente Jair Bolsonaro sancionou a lei que cria o Programa G\u00e1s dos Brasileiros, o chamado aux\u00edlio g\u00e1s, que vai subsidiar o pre\u00e7o do g\u00e1s de cozinha para fam\u00edlias de baixa renda. A medida foi publicada na segunda-feira (22) no Di\u00e1rio Oficial da Uni\u00e3o\u00a0e ficar\u00e1 em vigor [&hellip;]<\/p>\n","protected":false},"author":2,"featured_media":25162,"comment_status":"open","ping_status":"open","sticky":false,"template":"","format":"standard","meta":{"footnotes":""},"categories":[9,10],"tags":[11936,12141,1795,464,12142],"class_list":["post-25160","post","type-post","status-publish","format-standard","has-post-thumbnail","hentry","category-economia","category-politica","tag-auxilio-brasil","tag-auxilio-gas-2","tag-jair-bolsonaro","tag-lei","tag-programa-gas-dos-brasileiros"],"yoast_head":"<!-- This site is optimized with the Yoast SEO plugin v26.5 - https:\/\/yoast.com\/wordpress\/plugins\/seo\/ -->\n<title>Presidente sanciona lei que institui o aux\u00edlio g\u00e1s - Jornal Fatos e Not\u00edcias<\/title>\n<meta name=\"robots\" content=\"index, follow, max-snippet:-1, max-image-preview:large, max-video-preview:-1\" \/>\n<link rel=\"canonical\" href=\"https:\/\/jornalfatosenoticias.com.br\/index.php\/2021\/11\/24\/presidente-sanciona-lei-que-institui-o-auxilio-gas\/\" \/>\n<meta property=\"og:locale\" content=\"pt_BR\" \/>\n<meta property=\"og:type\" content=\"article\" \/>\n<meta property=\"og:title\" content=\"Presidente sanciona lei que institui o aux\u00edlio g\u00e1s - Jornal Fatos e Not\u00edcias\" \/>\n<meta property=\"og:description\" content=\"Aux\u00edlio ser\u00e1 destinado \u00e0s fam\u00edlias inscritas no Cad\u00danico O presidente Jair Bolsonaro sancionou a lei que cria o Programa G\u00e1s dos Brasileiros, o chamado aux\u00edlio g\u00e1s, que vai subsidiar o pre\u00e7o do g\u00e1s de cozinha para fam\u00edlias de baixa renda. A medida foi publicada na segunda-feira (22) no Di\u00e1rio Oficial da Uni\u00e3o\u00a0e ficar\u00e1 em vigor [&hellip;]\" \/>\n<meta property=\"og:url\" content=\"https:\/\/jornalfatosenoticias.com.br\/index.php\/2021\/11\/24\/presidente-sanciona-lei-que-institui-o-auxilio-gas\/\" \/>\n<meta property=\"og:site_name\" content=\"Jornal Fatos e Not\u00edcias\" \/>\n<meta property=\"article:published_time\" content=\"2021-11-24T13:07:54+00:00\" \/>\n<meta property=\"article:modified_time\" content=\"2021-11-24T13:07:58+00:00\" \/>\n<meta property=\"og:image\" content=\"https:\/\/jornalfatosenoticias.com.br\/wp-content\/uploads\/2021\/11\/gas-de-cozinha.jpg\" \/>\n\t<meta property=\"og:image:width\" content=\"1000\" \/>\n\t<meta property=\"og:image:height\" content=\"598\" \/>\n\t<meta property=\"og:image:type\" content=\"image\/jpeg\" \/>\n<meta name=\"author\" content=\"Luzimara Fernandes\" \/>\n<meta name=\"twitter:card\" content=\"summary_large_image\" \/>\n<meta name=\"twitter:label1\" content=\"Escrito por\" \/>\n\t<meta name=\"twitter:data1\" content=\"Luzimara Fernandes\" \/>\n\t<meta name=\"twitter:label2\" content=\"Est. tempo de leitura\" \/>\n\t<meta name=\"twitter:data2\" content=\"2 minutos\" \/>\n<script type=\"application\/ld+json\" class=\"yoast-schema-graph\">{\"@context\":\"https:\/\/schema.org\",\"@graph\":[{\"@type\":\"Article\",\"@id\":\"https:\/\/jornalfatosenoticias.com.br\/index.php\/2021\/11\/24\/presidente-sanciona-lei-que-institui-o-auxilio-gas\/#article\",\"isPartOf\":{\"@id\":\"https:\/\/jornalfatosenoticias.com.br\/index.php\/2021\/11\/24\/presidente-sanciona-lei-que-institui-o-auxilio-gas\/\"},\"author\":{\"name\":\"Luzimara Fernandes\",\"@id\":\"https:\/\/jornalfatosenoticias.com.br\/#\/schema\/person\/d63837fa13ac8666eb9e74e0985d6f81\"},\"headline\":\"Presidente sanciona lei que institui o aux\u00edlio g\u00e1s\",\"datePublished\":\"2021-11-24T13:07:54+00:00\",\"dateModified\":\"2021-11-24T13:07:58+00:00\",\"mainEntityOfPage\":{\"@id\":\"https:\/\/jornalfatosenoticias.com.br\/index.php\/2021\/11\/24\/presidente-sanciona-lei-que-institui-o-auxilio-gas\/\"},\"wordCount\":460,\"commentCount\":0,\"publisher\":{\"@id\":\"https:\/\/jornalfatosenoticias.com.br\/#organization\"},\"image\":{\"@id\":\"https:\/\/jornalfatosenoticias.com.br\/index.php\/2021\/11\/24\/presidente-sanciona-lei-que-institui-o-auxilio-gas\/#primaryimage\"},\"thumbnailUrl\":\"https:\/\/jornalfatosenoticias.com.br\/wp-content\/uploads\/2021\/11\/gas-de-cozinha.jpg\",\"keywords\":[\"Aux\u00edlio Brasil\",\"aux\u00edlio g\u00e1s\",\"Jair Bolsonaro\",\"lei\",\"Programa G\u00e1s dos Brasileiros\"],\"articleSection\":[\"Economia\",\"Pol\u00edtica\"],\"inLanguage\":\"pt-BR\",\"potentialAction\":[{\"@type\":\"CommentAction\",\"name\":\"Comment\",\"target\":[\"https:\/\/jornalfatosenoticias.com.br\/index.php\/2021\/11\/24\/presidente-sanciona-lei-que-institui-o-auxilio-gas\/#respond\"]}]},{\"@type\":\"WebPage\",\"@id\":\"https:\/\/jornalfatosenoticias.com.br\/index.php\/2021\/11\/24\/presidente-sanciona-lei-que-institui-o-auxilio-gas\/\",\"url\":\"https:\/\/jornalfatosenoticias.com.br\/index.php\/2021\/11\/24\/presidente-sanciona-lei-que-institui-o-auxilio-gas\/\",\"name\":\"Presidente sanciona lei que institui o aux\u00edlio g\u00e1s - Jornal Fatos e Not\u00edcias\",\"isPartOf\":{\"@id\":\"https:\/\/jornalfatosenoticias.com.br\/#website\"},\"primaryImageOfPage\":{\"@id\":\"https:\/\/jornalfatosenoticias.com.br\/index.php\/2021\/11\/24\/presidente-sanciona-lei-que-institui-o-auxilio-gas\/#primaryimage\"},\"image\":{\"@id\":\"https:\/\/jornalfatosenoticias.com.br\/index.php\/2021\/11\/24\/presidente-sanciona-lei-que-institui-o-auxilio-gas\/#primaryimage\"},\"thumbnailUrl\":\"https:\/\/jornalfatosenoticias.com.br\/wp-content\/uploads\/2021\/11\/gas-de-cozinha.jpg\",\"datePublished\":\"2021-11-24T13:07:54+00:00\",\"dateModified\":\"2021-11-24T13:07:58+00:00\",\"breadcrumb\":{\"@id\":\"https:\/\/jornalfatosenoticias.com.br\/index.php\/2021\/11\/24\/presidente-sanciona-lei-que-institui-o-auxilio-gas\/#breadcrumb\"},\"inLanguage\":\"pt-BR\",\"potentialAction\":[{\"@type\":\"ReadAction\",\"target\":[\"https:\/\/jornalfatosenoticias.com.br\/index.php\/2021\/11\/24\/presidente-sanciona-lei-que-institui-o-auxilio-gas\/\"]}]},{\"@type\":\"ImageObject\",\"inLanguage\":\"pt-BR\",\"@id\":\"https:\/\/jornalfatosenoticias.com.br\/index.php\/2021\/11\/24\/presidente-sanciona-lei-que-institui-o-auxilio-gas\/#primaryimage\",\"url\":\"https:\/\/jornalfatosenoticias.com.br\/wp-content\/uploads\/2021\/11\/gas-de-cozinha.jpg\",\"contentUrl\":\"https:\/\/jornalfatosenoticias.com.br\/wp-content\/uploads\/2021\/11\/gas-de-cozinha.jpg\",\"width\":1000,\"height\":598},{\"@type\":\"BreadcrumbList\",\"@id\":\"https:\/\/jornalfatosenoticias.com.br\/index.php\/2021\/11\/24\/presidente-sanciona-lei-que-institui-o-auxilio-gas\/#breadcrumb\",\"itemListElement\":[{\"@type\":\"ListItem\",\"position\":1,\"name\":\"In\u00edcio\",\"item\":\"https:\/\/jornalfatosenoticias.com.br\/\"},{\"@type\":\"ListItem\",\"position\":2,\"name\":\"Presidente sanciona lei que institui o aux\u00edlio g\u00e1s\"}]},{\"@type\":\"WebSite\",\"@id\":\"https:\/\/jornalfatosenoticias.com.br\/#website\",\"url\":\"https:\/\/jornalfatosenoticias.com.br\/\",\"name\":\"Jornal Fatos e Not\u00edcias\",\"description\":\"Not\u00edcias em geral\",\"publisher\":{\"@id\":\"https:\/\/jornalfatosenoticias.com.br\/#organization\"},\"potentialAction\":[{\"@type\":\"SearchAction\",\"target\":{\"@type\":\"EntryPoint\",\"urlTemplate\":\"https:\/\/jornalfatosenoticias.com.br\/?s={search_term_string}\"},\"query-input\":{\"@type\":\"PropertyValueSpecification\",\"valueRequired\":true,\"valueName\":\"search_term_string\"}}],\"inLanguage\":\"pt-BR\"},{\"@type\":\"Organization\",\"@id\":\"https:\/\/jornalfatosenoticias.com.br\/#organization\",\"name\":\"Jornal Fatos e Not\u00edcias\",\"url\":\"https:\/\/jornalfatosenoticias.com.br\/\",\"logo\":{\"@type\":\"ImageObject\",\"inLanguage\":\"pt-BR\",\"@id\":\"https:\/\/jornalfatosenoticias.com.br\/#\/schema\/logo\/image\/\",\"url\":\"https:\/\/jornalfatosenoticias.com.br\/wp-content\/uploads\/2020\/02\/logo120.png\",\"contentUrl\":\"https:\/\/jornalfatosenoticias.com.br\/wp-content\/uploads\/2020\/02\/logo120.png\",\"width\":1227,\"height\":120,\"caption\":\"Jornal Fatos e Not\u00edcias\"},\"image\":{\"@id\":\"https:\/\/jornalfatosenoticias.com.br\/#\/schema\/logo\/image\/\"}},{\"@type\":\"Person\",\"@id\":\"https:\/\/jornalfatosenoticias.com.br\/#\/schema\/person\/d63837fa13ac8666eb9e74e0985d6f81\",\"name\":\"Luzimara Fernandes\",\"image\":{\"@type\":\"ImageObject\",\"inLanguage\":\"pt-BR\",\"@id\":\"https:\/\/jornalfatosenoticias.com.br\/#\/schema\/person\/image\/\",\"url\":\"https:\/\/jornalfatosenoticias.com.br\/wp-content\/uploads\/2025\/05\/EU_portal.jpg\",\"contentUrl\":\"https:\/\/jornalfatosenoticias.com.br\/wp-content\/uploads\/2025\/05\/EU_portal.jpg\",\"caption\":\"Luzimara Fernandes\"},\"description\":\"Jornalista MTB 2358-ES\",\"sameAs\":[\"https:\/\/jornalfatosenoticias.com.br\"],\"url\":\"https:\/\/jornalfatosenoticias.com.br\/index.php\/author\/luzimara\/\"}]}<\/script>\n<!-- \/ Yoast SEO plugin. -->","yoast_head_json":{"title":"Presidente sanciona lei que institui o aux\u00edlio g\u00e1s - Jornal Fatos e Not\u00edcias","robots":{"index":"index","follow":"follow","max-snippet":"max-snippet:-1","max-image-preview":"max-image-preview:large","max-video-preview":"max-video-preview:-1"},"canonical":"https:\/\/jornalfatosenoticias.com.br\/index.php\/2021\/11\/24\/presidente-sanciona-lei-que-institui-o-auxilio-gas\/","og_locale":"pt_BR","og_type":"article","og_title":"Presidente sanciona lei que institui o aux\u00edlio g\u00e1s - Jornal Fatos e Not\u00edcias","og_description":"Aux\u00edlio ser\u00e1 destinado \u00e0s fam\u00edlias inscritas no Cad\u00danico O presidente Jair Bolsonaro sancionou a lei que cria o Programa G\u00e1s dos Brasileiros, o chamado aux\u00edlio g\u00e1s, que vai subsidiar o pre\u00e7o do g\u00e1s de cozinha para fam\u00edlias de baixa renda. A medida foi publicada na segunda-feira (22) no Di\u00e1rio Oficial da Uni\u00e3o\u00a0e ficar\u00e1 em vigor [&hellip;]","og_url":"https:\/\/jornalfatosenoticias.com.br\/index.php\/2021\/11\/24\/presidente-sanciona-lei-que-institui-o-auxilio-gas\/","og_site_name":"Jornal Fatos e Not\u00edcias","article_published_time":"2021-11-24T13:07:54+00:00","article_modified_time":"2021-11-24T13:07:58+00:00","og_image":[{"width":1000,"height":598,"url":"https:\/\/jornalfatosenoticias.com.br\/wp-content\/uploads\/2021\/11\/gas-de-cozinha.jpg","type":"image\/jpeg"}],"author":"Luzimara Fernandes","twitter_card":"summary_large_image","twitter_misc":{"Escrito por":"Luzimara Fernandes","Est. tempo de leitura":"2 minutos"},"schema":{"@context":"https:\/\/schema.org","@graph":[{"@type":"Article","@id":"https:\/\/jornalfatosenoticias.com.br\/index.php\/2021\/11\/24\/presidente-sanciona-lei-que-institui-o-auxilio-gas\/#article","isPartOf":{"@id":"https:\/\/jornalfatosenoticias.com.br\/index.php\/2021\/11\/24\/presidente-sanciona-lei-que-institui-o-auxilio-gas\/"},"author":{"name":"Luzimara Fernandes","@id":"https:\/\/jornalfatosenoticias.com.br\/#\/schema\/person\/d63837fa13ac8666eb9e74e0985d6f81"},"headline":"Presidente sanciona lei que institui o aux\u00edlio g\u00e1s","datePublished":"2021-11-24T13:07:54+00:00","dateModified":"2021-11-24T13:07:58+00:00","mainEntityOfPage":{"@id":"https:\/\/jornalfatosenoticias.com.br\/index.php\/2021\/11\/24\/presidente-sanciona-lei-que-institui-o-auxilio-gas\/"},"wordCount":460,"commentCount":0,"publisher":{"@id":"https:\/\/jornalfatosenoticias.com.br\/#organization"},"image":{"@id":"https:\/\/jornalfatosenoticias.com.br\/index.php\/2021\/11\/24\/presidente-sanciona-lei-que-institui-o-auxilio-gas\/#primaryimage"},"thumbnailUrl":"https:\/\/jornalfatosenoticias.com.br\/wp-content\/uploads\/2021\/11\/gas-de-cozinha.jpg","keywords":["Aux\u00edlio Brasil","aux\u00edlio g\u00e1s","Jair Bolsonaro","lei","Programa G\u00e1s dos Brasileiros"],"articleSection":["Economia","Pol\u00edtica"],"inLanguage":"pt-BR","potentialAction":[{"@type":"CommentAction","name":"Comment","target":["https:\/\/jornalfatosenoticias.com.br\/index.php\/2021\/11\/24\/presidente-sanciona-lei-que-institui-o-auxilio-gas\/#respond"]}]},{"@type":"WebPage","@id":"https:\/\/jornalfatosenoticias.com.br\/index.php\/2021\/11\/24\/presidente-sanciona-lei-que-institui-o-auxilio-gas\/","url":"https:\/\/jornalfatosenoticias.com.br\/index.php\/2021\/11\/24\/presidente-sanciona-lei-que-institui-o-auxilio-gas\/","name":"Presidente sanciona lei que institui o aux\u00edlio g\u00e1s - Jornal Fatos e Not\u00edcias","isPartOf":{"@id":"https:\/\/jornalfatosenoticias.com.br\/#website"},"primaryImageOfPage":{"@id":"https:\/\/jornalfatosenoticias.com.br\/index.php\/2021\/11\/24\/presidente-sanciona-lei-que-institui-o-auxilio-gas\/#primaryimage"},"image":{"@id":"https:\/\/jornalfatosenoticias.com.br\/index.php\/2021\/11\/24\/presidente-sanciona-lei-que-institui-o-auxilio-gas\/#primaryimage"},"thumbnailUrl":"https:\/\/jornalfatosenoticias.com.br\/wp-content\/uploads\/2021\/11\/gas-de-cozinha.jpg","datePublished":"2021-11-24T13:07:54+00:00","dateModified":"2021-11-24T13:07:58+00:00","breadcrumb":{"@id":"https:\/\/jornalfatosenoticias.com.br\/index.php\/2021\/11\/24\/presidente-sanciona-lei-que-institui-o-auxilio-gas\/#breadcrumb"},"inLanguage":"pt-BR","potentialAction":[{"@type":"ReadAction","target":["https:\/\/jornalfatosenoticias.com.br\/index.php\/2021\/11\/24\/presidente-sanciona-lei-que-institui-o-auxilio-gas\/"]}]},{"@type":"ImageObject","inLanguage":"pt-BR","@id":"https:\/\/jornalfatosenoticias.com.br\/index.php\/2021\/11\/24\/presidente-sanciona-lei-que-institui-o-auxilio-gas\/#primaryimage","url":"https:\/\/jornalfatosenoticias.com.br\/wp-content\/uploads\/2021\/11\/gas-de-cozinha.jpg","contentUrl":"https:\/\/jornalfatosenoticias.com.br\/wp-content\/uploads\/2021\/11\/gas-de-cozinha.jpg","width":1000,"height":598},{"@type":"BreadcrumbList","@id":"https:\/\/jornalfatosenoticias.com.br\/index.php\/2021\/11\/24\/presidente-sanciona-lei-que-institui-o-auxilio-gas\/#breadcrumb","itemListElement":[{"@type":"ListItem","position":1,"name":"In\u00edcio","item":"https:\/\/jornalfatosenoticias.com.br\/"},{"@type":"ListItem","position":2,"name":"Presidente sanciona lei que institui o aux\u00edlio g\u00e1s"}]},{"@type":"WebSite","@id":"https:\/\/jornalfatosenoticias.com.br\/#website","url":"https:\/\/jornalfatosenoticias.com.br\/","name":"Jornal Fatos e Not\u00edcias","description":"Not\u00edcias em geral","publisher":{"@id":"https:\/\/jornalfatosenoticias.com.br\/#organization"},"potentialAction":[{"@type":"SearchAction","target":{"@type":"EntryPoint","urlTemplate":"https:\/\/jornalfatosenoticias.com.br\/?s={search_term_string}"},"query-input":{"@type":"PropertyValueSpecification","valueRequired":true,"valueName":"search_term_string"}}],"inLanguage":"pt-BR"},{"@type":"Organization","@id":"https:\/\/jornalfatosenoticias.com.br\/#organization","name":"Jornal Fatos e Not\u00edcias","url":"https:\/\/jornalfatosenoticias.com.br\/","logo":{"@type":"ImageObject","inLanguage":"pt-BR","@id":"https:\/\/jornalfatosenoticias.com.br\/#\/schema\/logo\/image\/","url":"https:\/\/jornalfatosenoticias.com.br\/wp-content\/uploads\/2020\/02\/logo120.png","contentUrl":"https:\/\/jornalfatosenoticias.com.br\/wp-content\/uploads\/2020\/02\/logo120.png","width":1227,"height":120,"caption":"Jornal Fatos e Not\u00edcias"},"image":{"@id":"https:\/\/jornalfatosenoticias.com.br\/#\/schema\/logo\/image\/"}},{"@type":"Person","@id":"https:\/\/jornalfatosenoticias.com.br\/#\/schema\/person\/d63837fa13ac8666eb9e74e0985d6f81","name":"Luzimara Fernandes","image":{"@type":"ImageObject","inLanguage":"pt-BR","@id":"https:\/\/jornalfatosenoticias.com.br\/#\/schema\/person\/image\/","url":"https:\/\/jornalfatosenoticias.com.br\/wp-content\/uploads\/2025\/05\/EU_portal.jpg","contentUrl":"https:\/\/jornalfatosenoticias.com.br\/wp-content\/uploads\/2025\/05\/EU_portal.jpg","caption":"Luzimara Fernandes"},"description":"Jornalista MTB 2358-ES","sameAs":["https:\/\/jornalfatosenoticias.com.br"],"url":"https:\/\/jornalfatosenoticias.com.br\/index.php\/author\/luzimara\/"}]}},"cc_featured_image_caption":{"caption_text":"(Foto: Marcello Casal Jr\/Ag\u00eancia Brasil)","source_text":"","source_url":""},"jetpack_featured_media_url":"https:\/\/jornalfatosenoticias.com.br\/wp-content\/uploads\/2021\/11\/gas-de-cozinha.jpg","_links":{"self":[{"href":"https:\/\/jornalfatosenoticias.com.br\/index.php\/wp-json\/wp\/v2\/posts\/25160","targetHints":{"allow":["GET"]}}],"collection":[{"href":"https:\/\/jornalfatosenoticias.com.br\/index.php\/wp-json\/wp\/v2\/posts"}],"about":[{"href":"https:\/\/jornalfatosenoticias.com.br\/index.php\/wp-json\/wp\/v2\/types\/post"}],"author":[{"embeddable":true,"href":"https:\/\/jornalfatosenoticias.com.br\/index.php\/wp-json\/wp\/v2\/users\/2"}],"replies":[{"embeddable":true,"href":"https:\/\/jornalfatosenoticias.com.br\/index.php\/wp-json\/wp\/v2\/comments?post=25160"}],"version-history":[{"count":0,"href":"https:\/\/jornalfatosenoticias.com.br\/index.php\/wp-json\/wp\/v2\/posts\/25160\/revisions"}],"wp:featuredmedia":[{"embeddable":true,"href":"https:\/\/jornalfatosenoticias.com.br\/index.php\/wp-json\/wp\/v2\/media\/25162"}],"wp:attachment":[{"href":"https:\/\/jornalfatosenoticias.com.br\/index.php\/wp-json\/wp\/v2\/media?parent=25160"}],"wp:term":[{"taxonomy":"category","embeddable":true,"href":"https:\/\/jornalfatosenoticias.com.br\/index.php\/wp-json\/wp\/v2\/categories?post=25160"},{"taxonomy":"post_tag","embeddable":true,"href":"https:\/\/jornalfatosenoticias.com.br\/index.php\/wp-json\/wp\/v2\/tags?post=25160"}],"curies":[{"name":"wp","href":"https:\/\/api.w.org\/{rel}","templated":true}]}}