{"id":25171,"date":"2021-11-24T10:50:23","date_gmt":"2021-11-24T13:50:23","guid":{"rendered":"https:\/\/jornalfatosenoticias.com.br\/?p=25171"},"modified":"2021-11-24T10:50:30","modified_gmt":"2021-11-24T13:50:30","slug":"freddie-mercury-30-anos-sem-a-voz-mais-poderosa-do-rock","status":"publish","type":"post","link":"https:\/\/jornalfatosenoticias.com.br\/index.php\/2021\/11\/24\/freddie-mercury-30-anos-sem-a-voz-mais-poderosa-do-rock\/","title":{"rendered":"Freddie Mercury: 30 anos sem a voz mais poderosa do rock"},"content":{"rendered":"\n<p><em><span class=\"has-inline-color has-black-color\">Conhe\u00e7a a trajet\u00f3ria do Queen e teste seus conhecimentos sobre a banda<\/span><\/em><\/p>\n\n\n\n<p>No dia 24 de novembro de 1991, h\u00e1 exatos 30 anos, o mundo do rock ficava sem um dos seus maiores talentos. Com apenas 45 anos, Freddie Mercury, o vocalista, pianista e principal compositor da banda inglesa Queen, perdia a batalha contra o v\u00edrus da aids. Numa \u00e9poca em que a mais eficaz droga contra a doen\u00e7a ainda era o AZT (azidotimidina) e os coquet\u00e9is antirretrovirais n\u00e3o haviam sido descobertos, o preconceito contra os soropositivos era imenso.<br>Talvez, por isso, apesar dos boatos insistentes dos tabloides brit\u00e2nicos, como o <em>The Sun<\/em>, que j\u00e1 vinham noticiando durante todo aquele ano de 1991 que Freddie Mercury tinha aids, o astro pop s\u00f3 declarou oficialmente que era portador do v\u00edrus um dia antes de morrer.<\/p>\n\n\n\n<p><strong><span class=\"has-inline-color has-black-color\">\u00daltimos dias<br><\/span><\/strong>Os sinais de que o vocalista do Queen, declaradamente homossexual, convivia com o v\u00edrus pareciam claros para os f\u00e3s: a banda n\u00e3o fazia turn\u00eas desde 1986. Nas raras apari\u00e7\u00f5es p\u00fablicas, ele estava bem mais magro e, nos dois clipes que foram feitos para promover o \u00e1lbum <em><a href=\"https:\/\/www.youtube.com\/watch?v=g2N0TkfrQhY\" target=\"_blank\" rel=\"noreferrer noopener\"><strong>Innuendo<\/strong><\/a><\/em>,\u00a0as imagens eram em preto e branco e Freddie aparecia maquiado (<em><a href=\"https:\/\/youtu.be\/oB4K0scMysc\" target=\"_blank\" rel=\"noreferrer noopener\"><strong>These Are The Days Of Our Lives<\/strong>\u00a0<\/a>)\u00a0<\/em>ou fantasiado (como em<a href=\"https:\/\/www.youtube.com\/watch?v=Od6hY_50Dh0\" target=\"_blank\" rel=\"noreferrer noopener\">\u00a0<em><strong>I\u00b4m Going Slightly Mad<\/strong><\/em><\/a>).<br>Para o baterista Roger Taylor, \u201ccoloc\u00e1-lo caracterizado era uma boa camuflagem. A maquiagem, a peruca, o preto e branco, ajudaram a esconder o fato de que Freddie j\u00e1 estava bem doente\u201d. Naquele que foi o \u00faltimo \u00e1lbum de est\u00fadio do Queen com Freddie Mercury, os f\u00e3s tamb\u00e9m consideraram a m\u00fasica <em>The Show Must Go On<\/em> uma despedida em vida. Afinal, alguns trechos do single diziam \u201cO show tem que continuar \/ vou enfrentar com um sorriso \/ eu nunca vou desistir\u201d.<\/p>\n\n\n\n<figure class=\"wp-block-embed-youtube wp-block-embed is-type-video is-provider-youtube wp-embed-aspect-4-3 wp-has-aspect-ratio\"><div class=\"wp-block-embed__wrapper\">\n<iframe loading=\"lazy\" title=\"Queen - The Show Must Go On (Official Video)\" width=\"660\" height=\"495\" src=\"https:\/\/www.youtube.com\/embed\/t99KH0TR-J4?feature=oembed\" frameborder=\"0\" allow=\"accelerometer; autoplay; clipboard-write; encrypted-media; gyroscope; picture-in-picture; web-share\" referrerpolicy=\"strict-origin-when-cross-origin\" allowfullscreen><\/iframe>\n<\/div><\/figure>\n\n\n\n<p>O irland\u00eas Jim Hutton, namorado de Freddie Mercury at\u00e9 os \u00faltimos dias, contou que o exame fat\u00eddico foi feito em abril de 1987.<\/p>\n\n\n\n<blockquote class=\"wp-block-quote is-layout-flow wp-block-quote-is-layout-flow\"><p><span class=\"has-inline-color has-luminous-vivid-orange-color\">\u201cQuando cheguei em casa, Freddie estava na cama. Logo me mostrou uma marca no ombro. Os m\u00e9dicos tinham tirado um peda\u00e7o da pele para fazer uns exames. O resultado tinha acabado de chegar. Freddie estava com aids. \u2018Se voc\u00ea quiser me deixar, eu vou entender\u2019, ele me disse. Eu esperava por um milagre, um diagn\u00f3stico errado\u201d, escreveu no livro Mercury and Me.<\/span><\/p><\/blockquote>\n\n\n\n<p><span class=\"has-inline-color has-black-color\"><strong>Ou\u00e7a tamb\u00e9m o epis\u00f3dio sobre os 30 anos da morte de Freddie Mercury no <\/strong>Hist\u00f3ria Hoje:<\/span><\/p>\n\n\n\n<figure class=\"wp-block-audio\"><audio controls src=\"https:\/\/jornalfatosenoticias.com.br\/wp-content\/uploads\/2021\/11\/24-11-21_-_historia_hoje_-_30_anos_sem_freddie_mercury_-_jm.mp3\"><\/audio><\/figure>\n\n\n\n<p><strong><span class=\"has-inline-color has-black-color\">De Zanzibar para o mundo<br><\/span><\/strong>Freddie Mercury, nascido em Zanzibar, atual Tanz\u00e2nia, em 5 de setembro de 1946, sob o nome de Farrokh Bulsara, realmente, n\u00e3o desistiu. No \u00faltimo ano de vida, mudou-se, com os outros tr\u00eas integrantes da banda, para a pacata cidade su\u00ed\u00e7a de Montreux para ficar pr\u00f3ximo ao est\u00fadio de grava\u00e7\u00f5es.<\/p>\n\n\n\n<blockquote class=\"wp-block-quote is-layout-flow wp-block-quote-is-layout-flow\"><p><span class=\"has-inline-color has-luminous-vivid-orange-color\">\u201cFreddie dizia, eu posso ir hoje por algumas horas. E n\u00f3s aproveit\u00e1vamos para tirar o melhor dele. Ele dizia, escrevam qualquer coisa, que eu canto\u201d, rememorou o guitarrista Brian May em entrevista ao document\u00e1rio Champions of the world, editado quatro anos ap\u00f3s a morte de Freddie.<\/span><\/p><\/blockquote>\n\n\n\n<figure class=\"wp-block-image size-large\"><img loading=\"lazy\" decoding=\"async\" width=\"1000\" height=\"651\" src=\"https:\/\/jornalfatosenoticias.com.br\/wp-content\/uploads\/2021\/11\/freddie-mercury2.jpg\" alt=\"\" class=\"wp-image-25173\" srcset=\"https:\/\/jornalfatosenoticias.com.br\/wp-content\/uploads\/2021\/11\/freddie-mercury2.jpg 1000w, https:\/\/jornalfatosenoticias.com.br\/wp-content\/uploads\/2021\/11\/freddie-mercury2-300x195.jpg 300w, https:\/\/jornalfatosenoticias.com.br\/wp-content\/uploads\/2021\/11\/freddie-mercury2-768x500.jpg 768w\" sizes=\"auto, (max-width: 1000px) 100vw, 1000px\" \/><figcaption><em><span class=\"has-inline-color has-black-color\">Freddie Mercury, em 1991 (Foto: Imago images\/BRIGANI-ART\/Reuters Connect\/Direitos Reservados)<\/span><\/em><\/figcaption><\/figure>\n\n\n\n<p>O <em>Queen<\/em> reinou \u2014 perdoe o trocadilho \u2014 por duas d\u00e9cadas no cen\u00e1rio do pop rock. Desde que se uniram em 1971, Freddie Mercury, Brian May (hoje com 74 anos), Roger Taylor (72) e John Deacon (70 anos e atualmente afastado da cena musical) surpreenderam os cr\u00edticos com um rock progressivo, cheio de nuances e experi\u00eancias, como o uso de harpa na vers\u00e3o original de <em>Love of My Life<\/em>, vocais sobrepostos em <em>Somebody to Love<\/em> ou ainda, um trecho de \u00f3pera no meio de <em>Bohemian Rhapsody<\/em>.<\/p>\n\n\n\n<figure class=\"wp-block-embed-youtube wp-block-embed is-type-video is-provider-youtube wp-embed-aspect-16-9 wp-has-aspect-ratio\"><div class=\"wp-block-embed__wrapper\">\n<iframe loading=\"lazy\" title=\"Queen \u2013 Bohemian Rhapsody (Official Video Remastered)\" width=\"660\" height=\"371\" src=\"https:\/\/www.youtube.com\/embed\/fJ9rUzIMcZQ?feature=oembed\" frameborder=\"0\" allow=\"accelerometer; autoplay; clipboard-write; encrypted-media; gyroscope; picture-in-picture; web-share\" referrerpolicy=\"strict-origin-when-cross-origin\" allowfullscreen><\/iframe>\n<\/div><\/figure>\n\n\n\n<p>Logo que eram lan\u00e7ados, seus hits viravam cl\u00e1ssicos e atingiam o topo das paradas, como <em>We Are The Champions<\/em> e <em>We Will Rock You<\/em>, em 1977.<\/p>\n\n\n\n<figure class=\"wp-block-embed-youtube wp-block-embed is-type-video is-provider-youtube wp-embed-aspect-4-3 wp-has-aspect-ratio\"><div class=\"wp-block-embed__wrapper\">\n<iframe loading=\"lazy\" title=\"Queen - We Are The Champions (Official Video)\" width=\"660\" height=\"495\" src=\"https:\/\/www.youtube.com\/embed\/04854XqcfCY?feature=oembed\" frameborder=\"0\" allow=\"accelerometer; autoplay; clipboard-write; encrypted-media; gyroscope; picture-in-picture; web-share\" referrerpolicy=\"strict-origin-when-cross-origin\" allowfullscreen><\/iframe>\n<\/div><\/figure>\n\n\n\n<p>Nos anos 1980, percebendo a mudan\u00e7a no rumo da m\u00fasica, o <em>Queen<\/em> deixou de lado o<em> rock\u00b4n roll<\/em> e se aventurou no estilo disco (o \u00e1lbum <em>Hot Space<\/em> era a cara das discotecas) e principalmente, na m\u00fasica Pop (basta lembrar os sucessos <em>I Want To Break Free <\/em>e <em>A Kind Of Magic<\/em>). Para mostrar a versatilidade da banda, fizeram ainda trilhas sonoras para filmes, como <em>Flash Gordon<\/em> e <em>Highlander<\/em>.<\/p>\n\n\n\n<figure class=\"wp-block-embed-youtube wp-block-embed is-type-video is-provider-youtube wp-embed-aspect-4-3 wp-has-aspect-ratio\"><div class=\"wp-block-embed__wrapper\">\n<iframe loading=\"lazy\" title=\"Queen - Who Wants To Live Forever (Official Video)\" width=\"660\" height=\"495\" src=\"https:\/\/www.youtube.com\/embed\/_Jtpf8N5IDE?feature=oembed\" frameborder=\"0\" allow=\"accelerometer; autoplay; clipboard-write; encrypted-media; gyroscope; picture-in-picture; web-share\" referrerpolicy=\"strict-origin-when-cross-origin\" allowfullscreen><\/iframe>\n<\/div><\/figure>\n\n\n\n<p><strong><span class=\"has-inline-color has-black-color\">Voz poderosa<br><\/span><\/strong>Em 2016, um grupo de cientistas austr\u00edacos, checos e suecos investigou o vibrato e o tom de voz de Freddie Mercury. A investiga\u00e7\u00e3o mostrou que os vibratos (vibra\u00e7\u00f5es produzidas pelo tremor nervoso no diafragma e laringe para libertar a nota de voz) variam de 5,4 Hz a 6,9 Hz. Chegando a 6,9 Hz j\u00e1 \u00e9 extraordinariamente poderosa. Foi constatado que o vibrato da voz de Freddie Mercury era de 7,04 Hz, muito acima da m\u00e9dia. Tamanho alcance explica o sucesso da parceria com a cantora l\u00edrica espanhola Montserrat Cabell\u00e9 que, em 1988, gravou um \u00e1lbum inteiro com Freddie Mercury.<\/p>\n\n\n\n<figure class=\"wp-block-embed-youtube wp-block-embed is-type-video is-provider-youtube wp-embed-aspect-16-9 wp-has-aspect-ratio\"><div class=\"wp-block-embed__wrapper\">\n<iframe loading=\"lazy\" title=\"Freddie Mercury - Barcelona (2012 Version)\" width=\"660\" height=\"371\" src=\"https:\/\/www.youtube.com\/embed\/q0wdxj8-mAU?feature=oembed\" frameborder=\"0\" allow=\"accelerometer; autoplay; clipboard-write; encrypted-media; gyroscope; picture-in-picture; web-share\" referrerpolicy=\"strict-origin-when-cross-origin\" allowfullscreen><\/iframe>\n<\/div><\/figure>\n\n\n\n<p><strong><span class=\"has-inline-color has-black-color\">Recorde de p\u00fablico no Brasil<br><\/span><\/strong>No auge da forma, o <em>Queen<\/em> se exibiu no Brasil com dois shows no Morumbi, em mar\u00e7o de 1981. Nesta \u00e9poca, Freddie j\u00e1 destoava da imagem dos demais vocalistas de bandas de rock: cabelos curtos, bigod\u00e3o e sem camisa durante todo o show. Mas foi no Rio de Janeiro, durante a primeira edi\u00e7\u00e3o do <em>Rock in Rio<\/em>, que a banda alcan\u00e7ou seu recorde de p\u00fablico (mais de 250 mil pessoas) em cada uma das noites (11 e 18 de janeiro de 1985).<br>As composi\u00e7\u00f5es do <em>Queen<\/em> eram t\u00e3o populares no Brasil que o pr\u00f3prio Freddie Mercury ficou surpreso ao ouvir toda plateia, cantando a uma s\u00f3 voz, em um pa\u00eds que n\u00e3o se fala ingl\u00eas, os versos da m\u00fasica <em>Love of My Life<\/em>.<\/p>\n\n\n\n<figure class=\"wp-block-embed-youtube wp-block-embed is-type-video is-provider-youtube wp-embed-aspect-4-3 wp-has-aspect-ratio\"><div class=\"wp-block-embed__wrapper\">\n<iframe loading=\"lazy\" title=\"Queen - Love Of My Life (Live in Sao Paulo, Brazil &#039;81)\" width=\"660\" height=\"495\" src=\"https:\/\/www.youtube.com\/embed\/czFFXSin3-w?feature=oembed\" frameborder=\"0\" allow=\"accelerometer; autoplay; clipboard-write; encrypted-media; gyroscope; picture-in-picture; web-share\" referrerpolicy=\"strict-origin-when-cross-origin\" allowfullscreen><\/iframe>\n<\/div><\/figure>\n\n\n\n<p><strong><span class=\"has-inline-color has-black-color\">Post mortem<br><\/span><\/strong>A morte do fant\u00e1stico vocalista impediu a banda de continuar sua trajet\u00f3ria e de lan\u00e7ar <em>hits<\/em> que ca\u00edam no gosto popular a cada ano. O guitarrista Brian May e o baterista Roger Taylor tentaram, em v\u00e1rios momentos, ressuscitar a banda. Fosse em \u00e1lbuns p\u00f3stumos, fosse utilizando outro vocalista, como Paul Rodgers ou Adam Lambert. A imagem que Freddie Mercury construiu no imagin\u00e1rio de toda uma gera\u00e7\u00e3o sempre impede o total sucesso das empreitadas, j\u00e1 que as compara\u00e7\u00f5es s\u00e3o inevit\u00e1veis.<\/p>\n\n\n\n<figure class=\"wp-block-image size-large\"><img loading=\"lazy\" decoding=\"async\" width=\"1000\" height=\"664\" src=\"https:\/\/jornalfatosenoticias.com.br\/wp-content\/uploads\/2021\/11\/freddie-mercury3.jpg\" alt=\"\" class=\"wp-image-25174\" srcset=\"https:\/\/jornalfatosenoticias.com.br\/wp-content\/uploads\/2021\/11\/freddie-mercury3.jpg 1000w, https:\/\/jornalfatosenoticias.com.br\/wp-content\/uploads\/2021\/11\/freddie-mercury3-300x199.jpg 300w, https:\/\/jornalfatosenoticias.com.br\/wp-content\/uploads\/2021\/11\/freddie-mercury3-768x510.jpg 768w\" sizes=\"auto, (max-width: 1000px) 100vw, 1000px\" \/><figcaption><em><span class=\"has-inline-color has-black-color\">Freddie Mercury e Brian May von Queen ao vivo em turn\u00ea na Wembley Arena, em Londres, 07.09.1984 (Foto: Rudi Keuntje\/Imago images\/Direitos Reservados)<\/span><\/em><\/figcaption><\/figure>\n\n\n\n<p>O \u00faltimo grande sucesso e que serviu para mostrar todo o esplendor do Queen para as novas gera\u00e7\u00f5es acabou sendo o filme biogr\u00e1fico <em>Bohemian Rhapsody<\/em>, lan\u00e7ado em novembro de 2018, em que o norte-americano Rami Malek deu vida \u00e0 Mercury. Sua atua\u00e7\u00e3o foi t\u00e3o perfeita que ele levou o Oscar de melhor ator.<\/p>\n\n\n\n<p><span class=\"has-inline-color has-black-color\"><strong>Foto: <\/strong>Imago Imagess\/United Archives\/Reuters Connect<\/span><\/p>\n\n\n\n<p><strong><em>Fonte: <a href=\"https:\/\/agenciabrasil.ebc.com.br\/geral\/noticia\/2021-11\/freddie-mercury-30-anos-sem-voz-mais-poderosa-do-rock\">Ag\u00eancia Brasil<\/a><\/em><\/strong><\/p>\n","protected":false},"excerpt":{"rendered":"<p>Conhe\u00e7a a trajet\u00f3ria do Queen e teste seus conhecimentos sobre a banda No dia 24 de novembro de 1991, h\u00e1 exatos 30 anos, o mundo do rock ficava sem um dos seus maiores talentos. Com apenas 45 anos, Freddie Mercury, o vocalista, pianista e principal compositor da banda inglesa Queen, perdia a batalha contra o [&hellip;]<\/p>\n","protected":false},"author":2,"featured_media":25175,"comment_status":"open","ping_status":"open","sticky":false,"template":"","format":"standard","meta":{"footnotes":""},"categories":[4],"tags":[12150,12149,12153,12151,12154,12152],"class_list":["post-25171","post","type-post","status-publish","format-standard","has-post-thumbnail","hentry","category-cultura","tag-banda","tag-freddie-mercury","tag-pop-rock","tag-queen","tag-rockn-roll","tag-voz-mais-poderosa-do-rock"],"yoast_head":"<!-- This site is optimized with the Yoast SEO plugin v26.5 - https:\/\/yoast.com\/wordpress\/plugins\/seo\/ -->\n<title>Freddie Mercury: 30 anos sem a voz mais poderosa do rock - Jornal Fatos e Not\u00edcias<\/title>\n<meta name=\"robots\" content=\"index, follow, max-snippet:-1, max-image-preview:large, max-video-preview:-1\" \/>\n<link rel=\"canonical\" href=\"https:\/\/jornalfatosenoticias.com.br\/index.php\/2021\/11\/24\/freddie-mercury-30-anos-sem-a-voz-mais-poderosa-do-rock\/\" \/>\n<meta property=\"og:locale\" content=\"pt_BR\" \/>\n<meta property=\"og:type\" content=\"article\" \/>\n<meta property=\"og:title\" content=\"Freddie Mercury: 30 anos sem a voz mais poderosa do rock - Jornal Fatos e Not\u00edcias\" \/>\n<meta property=\"og:description\" content=\"Conhe\u00e7a a trajet\u00f3ria do Queen e teste seus conhecimentos sobre a banda No dia 24 de novembro de 1991, h\u00e1 exatos 30 anos, o mundo do rock ficava sem um dos seus maiores talentos. Com apenas 45 anos, Freddie Mercury, o vocalista, pianista e principal compositor da banda inglesa Queen, perdia a batalha contra o [&hellip;]\" \/>\n<meta property=\"og:url\" content=\"https:\/\/jornalfatosenoticias.com.br\/index.php\/2021\/11\/24\/freddie-mercury-30-anos-sem-a-voz-mais-poderosa-do-rock\/\" \/>\n<meta property=\"og:site_name\" content=\"Jornal Fatos e Not\u00edcias\" \/>\n<meta property=\"article:published_time\" content=\"2021-11-24T13:50:23+00:00\" \/>\n<meta property=\"article:modified_time\" content=\"2021-11-24T13:50:30+00:00\" \/>\n<meta property=\"og:image\" content=\"https:\/\/jornalfatosenoticias.com.br\/wp-content\/uploads\/2021\/11\/freddie-mercury.jpg\" \/>\n\t<meta property=\"og:image:width\" content=\"1000\" \/>\n\t<meta property=\"og:image:height\" content=\"598\" \/>\n\t<meta property=\"og:image:type\" content=\"image\/jpeg\" \/>\n<meta name=\"author\" content=\"Luzimara Fernandes\" \/>\n<meta name=\"twitter:card\" content=\"summary_large_image\" \/>\n<meta name=\"twitter:label1\" content=\"Escrito por\" \/>\n\t<meta name=\"twitter:data1\" content=\"Luzimara Fernandes\" \/>\n\t<meta name=\"twitter:label2\" content=\"Est. tempo de leitura\" \/>\n\t<meta name=\"twitter:data2\" content=\"6 minutos\" \/>\n<script type=\"application\/ld+json\" class=\"yoast-schema-graph\">{\"@context\":\"https:\/\/schema.org\",\"@graph\":[{\"@type\":\"Article\",\"@id\":\"https:\/\/jornalfatosenoticias.com.br\/index.php\/2021\/11\/24\/freddie-mercury-30-anos-sem-a-voz-mais-poderosa-do-rock\/#article\",\"isPartOf\":{\"@id\":\"https:\/\/jornalfatosenoticias.com.br\/index.php\/2021\/11\/24\/freddie-mercury-30-anos-sem-a-voz-mais-poderosa-do-rock\/\"},\"author\":{\"name\":\"Luzimara Fernandes\",\"@id\":\"https:\/\/jornalfatosenoticias.com.br\/#\/schema\/person\/d63837fa13ac8666eb9e74e0985d6f81\"},\"headline\":\"Freddie Mercury: 30 anos sem a voz mais poderosa do rock\",\"datePublished\":\"2021-11-24T13:50:23+00:00\",\"dateModified\":\"2021-11-24T13:50:30+00:00\",\"mainEntityOfPage\":{\"@id\":\"https:\/\/jornalfatosenoticias.com.br\/index.php\/2021\/11\/24\/freddie-mercury-30-anos-sem-a-voz-mais-poderosa-do-rock\/\"},\"wordCount\":1221,\"commentCount\":0,\"publisher\":{\"@id\":\"https:\/\/jornalfatosenoticias.com.br\/#organization\"},\"image\":{\"@id\":\"https:\/\/jornalfatosenoticias.com.br\/index.php\/2021\/11\/24\/freddie-mercury-30-anos-sem-a-voz-mais-poderosa-do-rock\/#primaryimage\"},\"thumbnailUrl\":\"https:\/\/jornalfatosenoticias.com.br\/wp-content\/uploads\/2021\/11\/freddie-mercury.jpg\",\"keywords\":[\"banda\",\"Freddie Mercury\",\"pop rock\",\"Queen\",\"rock\u00b4n roll\",\"voz mais poderosa do rock\"],\"articleSection\":[\"Cultura\"],\"inLanguage\":\"pt-BR\",\"potentialAction\":[{\"@type\":\"CommentAction\",\"name\":\"Comment\",\"target\":[\"https:\/\/jornalfatosenoticias.com.br\/index.php\/2021\/11\/24\/freddie-mercury-30-anos-sem-a-voz-mais-poderosa-do-rock\/#respond\"]}]},{\"@type\":\"WebPage\",\"@id\":\"https:\/\/jornalfatosenoticias.com.br\/index.php\/2021\/11\/24\/freddie-mercury-30-anos-sem-a-voz-mais-poderosa-do-rock\/\",\"url\":\"https:\/\/jornalfatosenoticias.com.br\/index.php\/2021\/11\/24\/freddie-mercury-30-anos-sem-a-voz-mais-poderosa-do-rock\/\",\"name\":\"Freddie Mercury: 30 anos sem a voz mais poderosa do rock - Jornal Fatos e Not\u00edcias\",\"isPartOf\":{\"@id\":\"https:\/\/jornalfatosenoticias.com.br\/#website\"},\"primaryImageOfPage\":{\"@id\":\"https:\/\/jornalfatosenoticias.com.br\/index.php\/2021\/11\/24\/freddie-mercury-30-anos-sem-a-voz-mais-poderosa-do-rock\/#primaryimage\"},\"image\":{\"@id\":\"https:\/\/jornalfatosenoticias.com.br\/index.php\/2021\/11\/24\/freddie-mercury-30-anos-sem-a-voz-mais-poderosa-do-rock\/#primaryimage\"},\"thumbnailUrl\":\"https:\/\/jornalfatosenoticias.com.br\/wp-content\/uploads\/2021\/11\/freddie-mercury.jpg\",\"datePublished\":\"2021-11-24T13:50:23+00:00\",\"dateModified\":\"2021-11-24T13:50:30+00:00\",\"breadcrumb\":{\"@id\":\"https:\/\/jornalfatosenoticias.com.br\/index.php\/2021\/11\/24\/freddie-mercury-30-anos-sem-a-voz-mais-poderosa-do-rock\/#breadcrumb\"},\"inLanguage\":\"pt-BR\",\"potentialAction\":[{\"@type\":\"ReadAction\",\"target\":[\"https:\/\/jornalfatosenoticias.com.br\/index.php\/2021\/11\/24\/freddie-mercury-30-anos-sem-a-voz-mais-poderosa-do-rock\/\"]}]},{\"@type\":\"ImageObject\",\"inLanguage\":\"pt-BR\",\"@id\":\"https:\/\/jornalfatosenoticias.com.br\/index.php\/2021\/11\/24\/freddie-mercury-30-anos-sem-a-voz-mais-poderosa-do-rock\/#primaryimage\",\"url\":\"https:\/\/jornalfatosenoticias.com.br\/wp-content\/uploads\/2021\/11\/freddie-mercury.jpg\",\"contentUrl\":\"https:\/\/jornalfatosenoticias.com.br\/wp-content\/uploads\/2021\/11\/freddie-mercury.jpg\",\"width\":1000,\"height\":598,\"caption\":\"Freddie Mercury - Queen-Konzert - 19.07.1986 - Freddie Mercury am 19. Juli 1986 beim legend\u00e4ren Queen-Konzert anl\u00e4sslich der Magic Tour auf der B\u00fchne im M\u00fcngersdorfer Stadion. Es war das letzte Konzert von Queen in Deutschland.Freddie Mercury am 19. Juli 1986 beim legend\u00e4ren Queen-Konzert anl\u00e4sslich der Magic Tour auf der B\u00fchne im M\u00fcngersdorfer Stadion. Es war das letzte Konzert von Queen in Deutschland., K\u00f6ln Nordrhein-Westfalen Deutschland *** Freddie Mercury Queen concert 19 07 1986 Freddie Mercury on July 19, 1986 at the legendary Queen concert on the occasion of the Magic Tour on stage in the M\u00fcngersdorfer Stadium It was the last concert of Queen in Germany Freddie Mercury on July 19, 1986 at the legendary Queen concert o Copyright: ZIKxImages UnitedArchives00010775 EDITORIAL USE ONLYNo Use Switzerland. No Use Germany. No Use Japan. No Use Austria\"},{\"@type\":\"BreadcrumbList\",\"@id\":\"https:\/\/jornalfatosenoticias.com.br\/index.php\/2021\/11\/24\/freddie-mercury-30-anos-sem-a-voz-mais-poderosa-do-rock\/#breadcrumb\",\"itemListElement\":[{\"@type\":\"ListItem\",\"position\":1,\"name\":\"In\u00edcio\",\"item\":\"https:\/\/jornalfatosenoticias.com.br\/\"},{\"@type\":\"ListItem\",\"position\":2,\"name\":\"Freddie Mercury: 30 anos sem a voz mais poderosa do rock\"}]},{\"@type\":\"WebSite\",\"@id\":\"https:\/\/jornalfatosenoticias.com.br\/#website\",\"url\":\"https:\/\/jornalfatosenoticias.com.br\/\",\"name\":\"Jornal Fatos e Not\u00edcias\",\"description\":\"Not\u00edcias em geral\",\"publisher\":{\"@id\":\"https:\/\/jornalfatosenoticias.com.br\/#organization\"},\"potentialAction\":[{\"@type\":\"SearchAction\",\"target\":{\"@type\":\"EntryPoint\",\"urlTemplate\":\"https:\/\/jornalfatosenoticias.com.br\/?s={search_term_string}\"},\"query-input\":{\"@type\":\"PropertyValueSpecification\",\"valueRequired\":true,\"valueName\":\"search_term_string\"}}],\"inLanguage\":\"pt-BR\"},{\"@type\":\"Organization\",\"@id\":\"https:\/\/jornalfatosenoticias.com.br\/#organization\",\"name\":\"Jornal Fatos e Not\u00edcias\",\"url\":\"https:\/\/jornalfatosenoticias.com.br\/\",\"logo\":{\"@type\":\"ImageObject\",\"inLanguage\":\"pt-BR\",\"@id\":\"https:\/\/jornalfatosenoticias.com.br\/#\/schema\/logo\/image\/\",\"url\":\"https:\/\/jornalfatosenoticias.com.br\/wp-content\/uploads\/2020\/02\/logo120.png\",\"contentUrl\":\"https:\/\/jornalfatosenoticias.com.br\/wp-content\/uploads\/2020\/02\/logo120.png\",\"width\":1227,\"height\":120,\"caption\":\"Jornal Fatos e Not\u00edcias\"},\"image\":{\"@id\":\"https:\/\/jornalfatosenoticias.com.br\/#\/schema\/logo\/image\/\"}},{\"@type\":\"Person\",\"@id\":\"https:\/\/jornalfatosenoticias.com.br\/#\/schema\/person\/d63837fa13ac8666eb9e74e0985d6f81\",\"name\":\"Luzimara Fernandes\",\"image\":{\"@type\":\"ImageObject\",\"inLanguage\":\"pt-BR\",\"@id\":\"https:\/\/jornalfatosenoticias.com.br\/#\/schema\/person\/image\/\",\"url\":\"https:\/\/jornalfatosenoticias.com.br\/wp-content\/uploads\/2025\/05\/EU_portal.jpg\",\"contentUrl\":\"https:\/\/jornalfatosenoticias.com.br\/wp-content\/uploads\/2025\/05\/EU_portal.jpg\",\"caption\":\"Luzimara Fernandes\"},\"description\":\"Jornalista MTB 2358-ES\",\"sameAs\":[\"https:\/\/jornalfatosenoticias.com.br\"],\"url\":\"https:\/\/jornalfatosenoticias.com.br\/index.php\/author\/luzimara\/\"}]}<\/script>\n<!-- \/ Yoast SEO plugin. -->","yoast_head_json":{"title":"Freddie Mercury: 30 anos sem a voz mais poderosa do rock - Jornal Fatos e Not\u00edcias","robots":{"index":"index","follow":"follow","max-snippet":"max-snippet:-1","max-image-preview":"max-image-preview:large","max-video-preview":"max-video-preview:-1"},"canonical":"https:\/\/jornalfatosenoticias.com.br\/index.php\/2021\/11\/24\/freddie-mercury-30-anos-sem-a-voz-mais-poderosa-do-rock\/","og_locale":"pt_BR","og_type":"article","og_title":"Freddie Mercury: 30 anos sem a voz mais poderosa do rock - Jornal Fatos e Not\u00edcias","og_description":"Conhe\u00e7a a trajet\u00f3ria do Queen e teste seus conhecimentos sobre a banda No dia 24 de novembro de 1991, h\u00e1 exatos 30 anos, o mundo do rock ficava sem um dos seus maiores talentos. Com apenas 45 anos, Freddie Mercury, o vocalista, pianista e principal compositor da banda inglesa Queen, perdia a batalha contra o [&hellip;]","og_url":"https:\/\/jornalfatosenoticias.com.br\/index.php\/2021\/11\/24\/freddie-mercury-30-anos-sem-a-voz-mais-poderosa-do-rock\/","og_site_name":"Jornal Fatos e Not\u00edcias","article_published_time":"2021-11-24T13:50:23+00:00","article_modified_time":"2021-11-24T13:50:30+00:00","og_image":[{"width":1000,"height":598,"url":"https:\/\/jornalfatosenoticias.com.br\/wp-content\/uploads\/2021\/11\/freddie-mercury.jpg","type":"image\/jpeg"}],"author":"Luzimara Fernandes","twitter_card":"summary_large_image","twitter_misc":{"Escrito por":"Luzimara Fernandes","Est. tempo de leitura":"6 minutos"},"schema":{"@context":"https:\/\/schema.org","@graph":[{"@type":"Article","@id":"https:\/\/jornalfatosenoticias.com.br\/index.php\/2021\/11\/24\/freddie-mercury-30-anos-sem-a-voz-mais-poderosa-do-rock\/#article","isPartOf":{"@id":"https:\/\/jornalfatosenoticias.com.br\/index.php\/2021\/11\/24\/freddie-mercury-30-anos-sem-a-voz-mais-poderosa-do-rock\/"},"author":{"name":"Luzimara Fernandes","@id":"https:\/\/jornalfatosenoticias.com.br\/#\/schema\/person\/d63837fa13ac8666eb9e74e0985d6f81"},"headline":"Freddie Mercury: 30 anos sem a voz mais poderosa do rock","datePublished":"2021-11-24T13:50:23+00:00","dateModified":"2021-11-24T13:50:30+00:00","mainEntityOfPage":{"@id":"https:\/\/jornalfatosenoticias.com.br\/index.php\/2021\/11\/24\/freddie-mercury-30-anos-sem-a-voz-mais-poderosa-do-rock\/"},"wordCount":1221,"commentCount":0,"publisher":{"@id":"https:\/\/jornalfatosenoticias.com.br\/#organization"},"image":{"@id":"https:\/\/jornalfatosenoticias.com.br\/index.php\/2021\/11\/24\/freddie-mercury-30-anos-sem-a-voz-mais-poderosa-do-rock\/#primaryimage"},"thumbnailUrl":"https:\/\/jornalfatosenoticias.com.br\/wp-content\/uploads\/2021\/11\/freddie-mercury.jpg","keywords":["banda","Freddie Mercury","pop rock","Queen","rock\u00b4n roll","voz mais poderosa do rock"],"articleSection":["Cultura"],"inLanguage":"pt-BR","potentialAction":[{"@type":"CommentAction","name":"Comment","target":["https:\/\/jornalfatosenoticias.com.br\/index.php\/2021\/11\/24\/freddie-mercury-30-anos-sem-a-voz-mais-poderosa-do-rock\/#respond"]}]},{"@type":"WebPage","@id":"https:\/\/jornalfatosenoticias.com.br\/index.php\/2021\/11\/24\/freddie-mercury-30-anos-sem-a-voz-mais-poderosa-do-rock\/","url":"https:\/\/jornalfatosenoticias.com.br\/index.php\/2021\/11\/24\/freddie-mercury-30-anos-sem-a-voz-mais-poderosa-do-rock\/","name":"Freddie Mercury: 30 anos sem a voz mais poderosa do rock - Jornal Fatos e Not\u00edcias","isPartOf":{"@id":"https:\/\/jornalfatosenoticias.com.br\/#website"},"primaryImageOfPage":{"@id":"https:\/\/jornalfatosenoticias.com.br\/index.php\/2021\/11\/24\/freddie-mercury-30-anos-sem-a-voz-mais-poderosa-do-rock\/#primaryimage"},"image":{"@id":"https:\/\/jornalfatosenoticias.com.br\/index.php\/2021\/11\/24\/freddie-mercury-30-anos-sem-a-voz-mais-poderosa-do-rock\/#primaryimage"},"thumbnailUrl":"https:\/\/jornalfatosenoticias.com.br\/wp-content\/uploads\/2021\/11\/freddie-mercury.jpg","datePublished":"2021-11-24T13:50:23+00:00","dateModified":"2021-11-24T13:50:30+00:00","breadcrumb":{"@id":"https:\/\/jornalfatosenoticias.com.br\/index.php\/2021\/11\/24\/freddie-mercury-30-anos-sem-a-voz-mais-poderosa-do-rock\/#breadcrumb"},"inLanguage":"pt-BR","potentialAction":[{"@type":"ReadAction","target":["https:\/\/jornalfatosenoticias.com.br\/index.php\/2021\/11\/24\/freddie-mercury-30-anos-sem-a-voz-mais-poderosa-do-rock\/"]}]},{"@type":"ImageObject","inLanguage":"pt-BR","@id":"https:\/\/jornalfatosenoticias.com.br\/index.php\/2021\/11\/24\/freddie-mercury-30-anos-sem-a-voz-mais-poderosa-do-rock\/#primaryimage","url":"https:\/\/jornalfatosenoticias.com.br\/wp-content\/uploads\/2021\/11\/freddie-mercury.jpg","contentUrl":"https:\/\/jornalfatosenoticias.com.br\/wp-content\/uploads\/2021\/11\/freddie-mercury.jpg","width":1000,"height":598,"caption":"Freddie Mercury - Queen-Konzert - 19.07.1986 - Freddie Mercury am 19. Juli 1986 beim legend\u00e4ren Queen-Konzert anl\u00e4sslich der Magic Tour auf der B\u00fchne im M\u00fcngersdorfer Stadion. Es war das letzte Konzert von Queen in Deutschland.Freddie Mercury am 19. Juli 1986 beim legend\u00e4ren Queen-Konzert anl\u00e4sslich der Magic Tour auf der B\u00fchne im M\u00fcngersdorfer Stadion. Es war das letzte Konzert von Queen in Deutschland., K\u00f6ln Nordrhein-Westfalen Deutschland *** Freddie Mercury Queen concert 19 07 1986 Freddie Mercury on July 19, 1986 at the legendary Queen concert on the occasion of the Magic Tour on stage in the M\u00fcngersdorfer Stadium It was the last concert of Queen in Germany Freddie Mercury on July 19, 1986 at the legendary Queen concert o Copyright: ZIKxImages UnitedArchives00010775 EDITORIAL USE ONLYNo Use Switzerland. No Use Germany. No Use Japan. No Use Austria"},{"@type":"BreadcrumbList","@id":"https:\/\/jornalfatosenoticias.com.br\/index.php\/2021\/11\/24\/freddie-mercury-30-anos-sem-a-voz-mais-poderosa-do-rock\/#breadcrumb","itemListElement":[{"@type":"ListItem","position":1,"name":"In\u00edcio","item":"https:\/\/jornalfatosenoticias.com.br\/"},{"@type":"ListItem","position":2,"name":"Freddie Mercury: 30 anos sem a voz mais poderosa do rock"}]},{"@type":"WebSite","@id":"https:\/\/jornalfatosenoticias.com.br\/#website","url":"https:\/\/jornalfatosenoticias.com.br\/","name":"Jornal Fatos e Not\u00edcias","description":"Not\u00edcias em geral","publisher":{"@id":"https:\/\/jornalfatosenoticias.com.br\/#organization"},"potentialAction":[{"@type":"SearchAction","target":{"@type":"EntryPoint","urlTemplate":"https:\/\/jornalfatosenoticias.com.br\/?s={search_term_string}"},"query-input":{"@type":"PropertyValueSpecification","valueRequired":true,"valueName":"search_term_string"}}],"inLanguage":"pt-BR"},{"@type":"Organization","@id":"https:\/\/jornalfatosenoticias.com.br\/#organization","name":"Jornal Fatos e Not\u00edcias","url":"https:\/\/jornalfatosenoticias.com.br\/","logo":{"@type":"ImageObject","inLanguage":"pt-BR","@id":"https:\/\/jornalfatosenoticias.com.br\/#\/schema\/logo\/image\/","url":"https:\/\/jornalfatosenoticias.com.br\/wp-content\/uploads\/2020\/02\/logo120.png","contentUrl":"https:\/\/jornalfatosenoticias.com.br\/wp-content\/uploads\/2020\/02\/logo120.png","width":1227,"height":120,"caption":"Jornal Fatos e Not\u00edcias"},"image":{"@id":"https:\/\/jornalfatosenoticias.com.br\/#\/schema\/logo\/image\/"}},{"@type":"Person","@id":"https:\/\/jornalfatosenoticias.com.br\/#\/schema\/person\/d63837fa13ac8666eb9e74e0985d6f81","name":"Luzimara Fernandes","image":{"@type":"ImageObject","inLanguage":"pt-BR","@id":"https:\/\/jornalfatosenoticias.com.br\/#\/schema\/person\/image\/","url":"https:\/\/jornalfatosenoticias.com.br\/wp-content\/uploads\/2025\/05\/EU_portal.jpg","contentUrl":"https:\/\/jornalfatosenoticias.com.br\/wp-content\/uploads\/2025\/05\/EU_portal.jpg","caption":"Luzimara Fernandes"},"description":"Jornalista MTB 2358-ES","sameAs":["https:\/\/jornalfatosenoticias.com.br"],"url":"https:\/\/jornalfatosenoticias.com.br\/index.php\/author\/luzimara\/"}]}},"cc_featured_image_caption":{"caption_text":"","source_text":"","source_url":""},"jetpack_featured_media_url":"https:\/\/jornalfatosenoticias.com.br\/wp-content\/uploads\/2021\/11\/freddie-mercury.jpg","_links":{"self":[{"href":"https:\/\/jornalfatosenoticias.com.br\/index.php\/wp-json\/wp\/v2\/posts\/25171","targetHints":{"allow":["GET"]}}],"collection":[{"href":"https:\/\/jornalfatosenoticias.com.br\/index.php\/wp-json\/wp\/v2\/posts"}],"about":[{"href":"https:\/\/jornalfatosenoticias.com.br\/index.php\/wp-json\/wp\/v2\/types\/post"}],"author":[{"embeddable":true,"href":"https:\/\/jornalfatosenoticias.com.br\/index.php\/wp-json\/wp\/v2\/users\/2"}],"replies":[{"embeddable":true,"href":"https:\/\/jornalfatosenoticias.com.br\/index.php\/wp-json\/wp\/v2\/comments?post=25171"}],"version-history":[{"count":0,"href":"https:\/\/jornalfatosenoticias.com.br\/index.php\/wp-json\/wp\/v2\/posts\/25171\/revisions"}],"wp:featuredmedia":[{"embeddable":true,"href":"https:\/\/jornalfatosenoticias.com.br\/index.php\/wp-json\/wp\/v2\/media\/25175"}],"wp:attachment":[{"href":"https:\/\/jornalfatosenoticias.com.br\/index.php\/wp-json\/wp\/v2\/media?parent=25171"}],"wp:term":[{"taxonomy":"category","embeddable":true,"href":"https:\/\/jornalfatosenoticias.com.br\/index.php\/wp-json\/wp\/v2\/categories?post=25171"},{"taxonomy":"post_tag","embeddable":true,"href":"https:\/\/jornalfatosenoticias.com.br\/index.php\/wp-json\/wp\/v2\/tags?post=25171"}],"curies":[{"name":"wp","href":"https:\/\/api.w.org\/{rel}","templated":true}]}}