{"id":25191,"date":"2021-11-24T14:04:39","date_gmt":"2021-11-24T17:04:39","guid":{"rendered":"https:\/\/jornalfatosenoticias.com.br\/?p=25191"},"modified":"2021-11-24T14:04:44","modified_gmt":"2021-11-24T17:04:44","slug":"ambiente-de-trabalho-toxico-pode-afetar-sua-saude-mental","status":"publish","type":"post","link":"https:\/\/jornalfatosenoticias.com.br\/index.php\/2021\/11\/24\/ambiente-de-trabalho-toxico-pode-afetar-sua-saude-mental\/","title":{"rendered":"Ambiente de trabalho t\u00f3xico pode afetar sua sa\u00fade mental"},"content":{"rendered":"\n<p><em><span class=\"has-inline-color has-black-color\">Estudo aponta que um ambiente de trabalho t\u00f3xico pode aumentar 300% o risco de depress\u00e3o. O que fazer?<\/span><\/em><\/p>\n\n\n\n<p>Um estudo populacional, conduzido por pesquisadores da Universidade do Sul da Austr\u00e1lia, revelou que enfrentar um <strong>ambiente de trabalho t\u00f3xico<\/strong>\u00a0aumenta o risco de\u00a0<a href=\"https:\/\/www.ecycle.com.br\/depressao-relacionada-a-pandemia-tambem-afeta-criancas-e-adolescentes\/\">depress\u00e3o<\/a>\u00a0em 300%. Os dados indicam que os colaboradores de organiza\u00e7\u00f5es que n\u00e3o priorizam a\u00a0<a href=\"https:\/\/www.ecycle.com.br\/saude-mental\/\">sa\u00fade mental<\/a> de seus funcion\u00e1rios t\u00eam um risco tr\u00eas vezes maior de desenvolver depress\u00e3o do que outros trabalhadores.<br>A autora principal do estudo, Dra. Amy Zadow, afirmou ao jornal da universidade que a m\u00e1 sa\u00fade mental no local de trabalho pode ser atribu\u00edda a pr\u00e1ticas, prioridades e valores de gest\u00e3o inadequados, que naturalmente fluem para altas demandas de trabalho e poucos recursos.<br>Embora trabalhar muitas horas seja um fator de risco para doen\u00e7as cardiovasculares ou derrames, a pesquisa sugere que pr\u00e1ticas de gerenciamento inadequadas representam uma amea\u00e7a ainda maior quando se fala de sa\u00fade mental. O <a href=\"https:\/\/bmjopen.bmj.com\/content\/11\/6\/e044133\" target=\"_blank\" rel=\"noreferrer noopener\">estudo<\/a>, publicado no peri\u00f3dico cient\u00edfico\u00a0<em>British Medical Journal<\/em>, foi liderado pelo Observat\u00f3rio de Clima de Seguran\u00e7a Psicossocial da UniSA, a primeira plataforma de pesquisa do mundo a explorar sa\u00fade e seguran\u00e7a psicol\u00f3gica no ambiente de trabalho.<\/p>\n\n\n\n<p><strong><span class=\"has-inline-color has-black-color\">Clima de seguran\u00e7a psicossocial e trabalho t\u00f3xico<br><\/span><\/strong>Clima de seguran\u00e7a psicossocial (PSC) \u00e9 o termo usado para descrever as pr\u00e1ticas de gest\u00e3o e os sistemas de comunica\u00e7\u00e3o e participa\u00e7\u00e3o que protegem a sa\u00fade mental e a seguran\u00e7a dos trabalhadores. Altos n\u00edveis de esgotamento e intimida\u00e7\u00e3o no local de trabalho tamb\u00e9m est\u00e3o relacionados ao fracasso das empresas em apoiar a sa\u00fade mental dos trabalhadores.<br>Um segundo <a href=\"https:\/\/www.tandfonline.com\/doi\/pdf\/10.1080\/1359432X.2017.1380626\" target=\"_blank\" rel=\"noreferrer noopener\">artigo<\/a>, de coautoria do Professor Dollard e publicado no European Journal of Work and Organizational Psychology, revela que um baixo \u00edndice de PSC \u00e9 um importante preditor de <em>bullying<\/em> e exaust\u00e3o emocional.<br>Os custos globais de intimida\u00e7\u00e3o no local de trabalho e esgotamento do trabalhador s\u00e3o significativos e se manifestam em faltas constantes, pouco comprometimento com o trabalho, licen\u00e7a por estresse e baixa produtividade.<br>A extens\u00e3o do problema foi reconhecida em 2019, quando a Organiza\u00e7\u00e3o Internacional do Trabalho (OIT) implementou uma Comiss\u00e3o Global sobre o Futuro do Trabalho e prop\u00f4s \u201cuma abordagem centrada no ser humano, colocando as pessoas e o trabalho que fazem no centro da vida econ\u00f4mica, social, pol\u00edtica e pr\u00e1tica empresarial\u201d.<br>\u201cAs implica\u00e7\u00f5es pr\u00e1ticas desta pesquisa s\u00e3o de longo alcance. Altos n\u00edveis de esgotamento do trabalhador s\u00e3o extremamente caros para as organiza\u00e7\u00f5es, e est\u00e1 evidente que uma mudan\u00e7a organizacional de alto n\u00edvel \u00e9 necess\u00e1ria para resolver o problema\u201d, diz o professor Dollard.<\/p>\n\n\n\n<p><strong><em>Fonte: <a href=\"https:\/\/www.ecycle.com.br\/trabalho-toxico\/\">eCycle<\/a><\/em><\/strong><\/p>\n","protected":false},"excerpt":{"rendered":"<p>Estudo aponta que um ambiente de trabalho t\u00f3xico pode aumentar 300% o risco de depress\u00e3o. O que fazer? Um estudo populacional, conduzido por pesquisadores da Universidade do Sul da Austr\u00e1lia, revelou que enfrentar um ambiente de trabalho t\u00f3xico\u00a0aumenta o risco de\u00a0depress\u00e3o\u00a0em 300%. Os dados indicam que os colaboradores de organiza\u00e7\u00f5es que n\u00e3o priorizam a\u00a0sa\u00fade mental [&hellip;]<\/p>\n","protected":false},"author":2,"featured_media":25192,"comment_status":"open","ping_status":"open","sticky":false,"template":"","format":"standard","meta":{"footnotes":""},"categories":[2522],"tags":[12158,2375,714,688],"class_list":["post-25191","post","type-post","status-publish","format-standard","has-post-thumbnail","hentry","category-comportamento","tag-ambiente-de-trabalho-toxico","tag-depressao","tag-estudo","tag-saude-mental"],"yoast_head":"<!-- This site is optimized with the Yoast SEO plugin v26.5 - https:\/\/yoast.com\/wordpress\/plugins\/seo\/ -->\n<title>Ambiente de trabalho t\u00f3xico pode afetar sua sa\u00fade mental - Jornal Fatos e Not\u00edcias<\/title>\n<meta name=\"robots\" content=\"index, follow, max-snippet:-1, max-image-preview:large, max-video-preview:-1\" \/>\n<link rel=\"canonical\" href=\"https:\/\/jornalfatosenoticias.com.br\/index.php\/2021\/11\/24\/ambiente-de-trabalho-toxico-pode-afetar-sua-saude-mental\/\" \/>\n<meta property=\"og:locale\" content=\"pt_BR\" \/>\n<meta property=\"og:type\" content=\"article\" \/>\n<meta property=\"og:title\" content=\"Ambiente de trabalho t\u00f3xico pode afetar sua sa\u00fade mental - Jornal Fatos e Not\u00edcias\" \/>\n<meta property=\"og:description\" content=\"Estudo aponta que um ambiente de trabalho t\u00f3xico pode aumentar 300% o risco de depress\u00e3o. O que fazer? Um estudo populacional, conduzido por pesquisadores da Universidade do Sul da Austr\u00e1lia, revelou que enfrentar um ambiente de trabalho t\u00f3xico\u00a0aumenta o risco de\u00a0depress\u00e3o\u00a0em 300%. Os dados indicam que os colaboradores de organiza\u00e7\u00f5es que n\u00e3o priorizam a\u00a0sa\u00fade mental [&hellip;]\" \/>\n<meta property=\"og:url\" content=\"https:\/\/jornalfatosenoticias.com.br\/index.php\/2021\/11\/24\/ambiente-de-trabalho-toxico-pode-afetar-sua-saude-mental\/\" \/>\n<meta property=\"og:site_name\" content=\"Jornal Fatos e Not\u00edcias\" \/>\n<meta property=\"article:published_time\" content=\"2021-11-24T17:04:39+00:00\" \/>\n<meta property=\"article:modified_time\" content=\"2021-11-24T17:04:44+00:00\" \/>\n<meta property=\"og:image\" content=\"https:\/\/jornalfatosenoticias.com.br\/wp-content\/uploads\/2021\/11\/ambiente-de-trabalho-toxico.jpg\" \/>\n\t<meta property=\"og:image:width\" content=\"1000\" \/>\n\t<meta property=\"og:image:height\" content=\"666\" \/>\n\t<meta property=\"og:image:type\" content=\"image\/jpeg\" \/>\n<meta name=\"author\" content=\"Luzimara Fernandes\" \/>\n<meta name=\"twitter:card\" content=\"summary_large_image\" \/>\n<meta name=\"twitter:label1\" content=\"Escrito por\" \/>\n\t<meta name=\"twitter:data1\" content=\"Luzimara Fernandes\" \/>\n\t<meta name=\"twitter:label2\" content=\"Est. tempo de leitura\" \/>\n\t<meta name=\"twitter:data2\" content=\"2 minutos\" \/>\n<script type=\"application\/ld+json\" class=\"yoast-schema-graph\">{\"@context\":\"https:\/\/schema.org\",\"@graph\":[{\"@type\":\"Article\",\"@id\":\"https:\/\/jornalfatosenoticias.com.br\/index.php\/2021\/11\/24\/ambiente-de-trabalho-toxico-pode-afetar-sua-saude-mental\/#article\",\"isPartOf\":{\"@id\":\"https:\/\/jornalfatosenoticias.com.br\/index.php\/2021\/11\/24\/ambiente-de-trabalho-toxico-pode-afetar-sua-saude-mental\/\"},\"author\":{\"name\":\"Luzimara Fernandes\",\"@id\":\"https:\/\/jornalfatosenoticias.com.br\/#\/schema\/person\/d63837fa13ac8666eb9e74e0985d6f81\"},\"headline\":\"Ambiente de trabalho t\u00f3xico pode afetar sua sa\u00fade mental\",\"datePublished\":\"2021-11-24T17:04:39+00:00\",\"dateModified\":\"2021-11-24T17:04:44+00:00\",\"mainEntityOfPage\":{\"@id\":\"https:\/\/jornalfatosenoticias.com.br\/index.php\/2021\/11\/24\/ambiente-de-trabalho-toxico-pode-afetar-sua-saude-mental\/\"},\"wordCount\":477,\"commentCount\":0,\"publisher\":{\"@id\":\"https:\/\/jornalfatosenoticias.com.br\/#organization\"},\"image\":{\"@id\":\"https:\/\/jornalfatosenoticias.com.br\/index.php\/2021\/11\/24\/ambiente-de-trabalho-toxico-pode-afetar-sua-saude-mental\/#primaryimage\"},\"thumbnailUrl\":\"https:\/\/jornalfatosenoticias.com.br\/wp-content\/uploads\/2021\/11\/ambiente-de-trabalho-toxico.jpg\",\"keywords\":[\"ambiente de trabalho t\u00f3xico\",\"depress\u00e3o\",\"Estudo\",\"sa\u00fade mental\"],\"articleSection\":[\"Comportamento &amp; Equil\u00edbrio\"],\"inLanguage\":\"pt-BR\",\"potentialAction\":[{\"@type\":\"CommentAction\",\"name\":\"Comment\",\"target\":[\"https:\/\/jornalfatosenoticias.com.br\/index.php\/2021\/11\/24\/ambiente-de-trabalho-toxico-pode-afetar-sua-saude-mental\/#respond\"]}]},{\"@type\":\"WebPage\",\"@id\":\"https:\/\/jornalfatosenoticias.com.br\/index.php\/2021\/11\/24\/ambiente-de-trabalho-toxico-pode-afetar-sua-saude-mental\/\",\"url\":\"https:\/\/jornalfatosenoticias.com.br\/index.php\/2021\/11\/24\/ambiente-de-trabalho-toxico-pode-afetar-sua-saude-mental\/\",\"name\":\"Ambiente de trabalho t\u00f3xico pode afetar sua sa\u00fade mental - Jornal Fatos e Not\u00edcias\",\"isPartOf\":{\"@id\":\"https:\/\/jornalfatosenoticias.com.br\/#website\"},\"primaryImageOfPage\":{\"@id\":\"https:\/\/jornalfatosenoticias.com.br\/index.php\/2021\/11\/24\/ambiente-de-trabalho-toxico-pode-afetar-sua-saude-mental\/#primaryimage\"},\"image\":{\"@id\":\"https:\/\/jornalfatosenoticias.com.br\/index.php\/2021\/11\/24\/ambiente-de-trabalho-toxico-pode-afetar-sua-saude-mental\/#primaryimage\"},\"thumbnailUrl\":\"https:\/\/jornalfatosenoticias.com.br\/wp-content\/uploads\/2021\/11\/ambiente-de-trabalho-toxico.jpg\",\"datePublished\":\"2021-11-24T17:04:39+00:00\",\"dateModified\":\"2021-11-24T17:04:44+00:00\",\"breadcrumb\":{\"@id\":\"https:\/\/jornalfatosenoticias.com.br\/index.php\/2021\/11\/24\/ambiente-de-trabalho-toxico-pode-afetar-sua-saude-mental\/#breadcrumb\"},\"inLanguage\":\"pt-BR\",\"potentialAction\":[{\"@type\":\"ReadAction\",\"target\":[\"https:\/\/jornalfatosenoticias.com.br\/index.php\/2021\/11\/24\/ambiente-de-trabalho-toxico-pode-afetar-sua-saude-mental\/\"]}]},{\"@type\":\"ImageObject\",\"inLanguage\":\"pt-BR\",\"@id\":\"https:\/\/jornalfatosenoticias.com.br\/index.php\/2021\/11\/24\/ambiente-de-trabalho-toxico-pode-afetar-sua-saude-mental\/#primaryimage\",\"url\":\"https:\/\/jornalfatosenoticias.com.br\/wp-content\/uploads\/2021\/11\/ambiente-de-trabalho-toxico.jpg\",\"contentUrl\":\"https:\/\/jornalfatosenoticias.com.br\/wp-content\/uploads\/2021\/11\/ambiente-de-trabalho-toxico.jpg\",\"width\":1000,\"height\":666},{\"@type\":\"BreadcrumbList\",\"@id\":\"https:\/\/jornalfatosenoticias.com.br\/index.php\/2021\/11\/24\/ambiente-de-trabalho-toxico-pode-afetar-sua-saude-mental\/#breadcrumb\",\"itemListElement\":[{\"@type\":\"ListItem\",\"position\":1,\"name\":\"In\u00edcio\",\"item\":\"https:\/\/jornalfatosenoticias.com.br\/\"},{\"@type\":\"ListItem\",\"position\":2,\"name\":\"Ambiente de trabalho t\u00f3xico pode afetar sua sa\u00fade mental\"}]},{\"@type\":\"WebSite\",\"@id\":\"https:\/\/jornalfatosenoticias.com.br\/#website\",\"url\":\"https:\/\/jornalfatosenoticias.com.br\/\",\"name\":\"Jornal Fatos e Not\u00edcias\",\"description\":\"Not\u00edcias em geral\",\"publisher\":{\"@id\":\"https:\/\/jornalfatosenoticias.com.br\/#organization\"},\"potentialAction\":[{\"@type\":\"SearchAction\",\"target\":{\"@type\":\"EntryPoint\",\"urlTemplate\":\"https:\/\/jornalfatosenoticias.com.br\/?s={search_term_string}\"},\"query-input\":{\"@type\":\"PropertyValueSpecification\",\"valueRequired\":true,\"valueName\":\"search_term_string\"}}],\"inLanguage\":\"pt-BR\"},{\"@type\":\"Organization\",\"@id\":\"https:\/\/jornalfatosenoticias.com.br\/#organization\",\"name\":\"Jornal Fatos e Not\u00edcias\",\"url\":\"https:\/\/jornalfatosenoticias.com.br\/\",\"logo\":{\"@type\":\"ImageObject\",\"inLanguage\":\"pt-BR\",\"@id\":\"https:\/\/jornalfatosenoticias.com.br\/#\/schema\/logo\/image\/\",\"url\":\"https:\/\/jornalfatosenoticias.com.br\/wp-content\/uploads\/2020\/02\/logo120.png\",\"contentUrl\":\"https:\/\/jornalfatosenoticias.com.br\/wp-content\/uploads\/2020\/02\/logo120.png\",\"width\":1227,\"height\":120,\"caption\":\"Jornal Fatos e Not\u00edcias\"},\"image\":{\"@id\":\"https:\/\/jornalfatosenoticias.com.br\/#\/schema\/logo\/image\/\"}},{\"@type\":\"Person\",\"@id\":\"https:\/\/jornalfatosenoticias.com.br\/#\/schema\/person\/d63837fa13ac8666eb9e74e0985d6f81\",\"name\":\"Luzimara Fernandes\",\"image\":{\"@type\":\"ImageObject\",\"inLanguage\":\"pt-BR\",\"@id\":\"https:\/\/jornalfatosenoticias.com.br\/#\/schema\/person\/image\/\",\"url\":\"https:\/\/jornalfatosenoticias.com.br\/wp-content\/uploads\/2025\/05\/EU_portal.jpg\",\"contentUrl\":\"https:\/\/jornalfatosenoticias.com.br\/wp-content\/uploads\/2025\/05\/EU_portal.jpg\",\"caption\":\"Luzimara Fernandes\"},\"description\":\"Jornalista MTB 2358-ES\",\"sameAs\":[\"https:\/\/jornalfatosenoticias.com.br\"],\"url\":\"https:\/\/jornalfatosenoticias.com.br\/index.php\/author\/luzimara\/\"}]}<\/script>\n<!-- \/ Yoast SEO plugin. -->","yoast_head_json":{"title":"Ambiente de trabalho t\u00f3xico pode afetar sua sa\u00fade mental - Jornal Fatos e Not\u00edcias","robots":{"index":"index","follow":"follow","max-snippet":"max-snippet:-1","max-image-preview":"max-image-preview:large","max-video-preview":"max-video-preview:-1"},"canonical":"https:\/\/jornalfatosenoticias.com.br\/index.php\/2021\/11\/24\/ambiente-de-trabalho-toxico-pode-afetar-sua-saude-mental\/","og_locale":"pt_BR","og_type":"article","og_title":"Ambiente de trabalho t\u00f3xico pode afetar sua sa\u00fade mental - Jornal Fatos e Not\u00edcias","og_description":"Estudo aponta que um ambiente de trabalho t\u00f3xico pode aumentar 300% o risco de depress\u00e3o. O que fazer? Um estudo populacional, conduzido por pesquisadores da Universidade do Sul da Austr\u00e1lia, revelou que enfrentar um ambiente de trabalho t\u00f3xico\u00a0aumenta o risco de\u00a0depress\u00e3o\u00a0em 300%. Os dados indicam que os colaboradores de organiza\u00e7\u00f5es que n\u00e3o priorizam a\u00a0sa\u00fade mental [&hellip;]","og_url":"https:\/\/jornalfatosenoticias.com.br\/index.php\/2021\/11\/24\/ambiente-de-trabalho-toxico-pode-afetar-sua-saude-mental\/","og_site_name":"Jornal Fatos e Not\u00edcias","article_published_time":"2021-11-24T17:04:39+00:00","article_modified_time":"2021-11-24T17:04:44+00:00","og_image":[{"width":1000,"height":666,"url":"https:\/\/jornalfatosenoticias.com.br\/wp-content\/uploads\/2021\/11\/ambiente-de-trabalho-toxico.jpg","type":"image\/jpeg"}],"author":"Luzimara Fernandes","twitter_card":"summary_large_image","twitter_misc":{"Escrito por":"Luzimara Fernandes","Est. tempo de leitura":"2 minutos"},"schema":{"@context":"https:\/\/schema.org","@graph":[{"@type":"Article","@id":"https:\/\/jornalfatosenoticias.com.br\/index.php\/2021\/11\/24\/ambiente-de-trabalho-toxico-pode-afetar-sua-saude-mental\/#article","isPartOf":{"@id":"https:\/\/jornalfatosenoticias.com.br\/index.php\/2021\/11\/24\/ambiente-de-trabalho-toxico-pode-afetar-sua-saude-mental\/"},"author":{"name":"Luzimara Fernandes","@id":"https:\/\/jornalfatosenoticias.com.br\/#\/schema\/person\/d63837fa13ac8666eb9e74e0985d6f81"},"headline":"Ambiente de trabalho t\u00f3xico pode afetar sua sa\u00fade mental","datePublished":"2021-11-24T17:04:39+00:00","dateModified":"2021-11-24T17:04:44+00:00","mainEntityOfPage":{"@id":"https:\/\/jornalfatosenoticias.com.br\/index.php\/2021\/11\/24\/ambiente-de-trabalho-toxico-pode-afetar-sua-saude-mental\/"},"wordCount":477,"commentCount":0,"publisher":{"@id":"https:\/\/jornalfatosenoticias.com.br\/#organization"},"image":{"@id":"https:\/\/jornalfatosenoticias.com.br\/index.php\/2021\/11\/24\/ambiente-de-trabalho-toxico-pode-afetar-sua-saude-mental\/#primaryimage"},"thumbnailUrl":"https:\/\/jornalfatosenoticias.com.br\/wp-content\/uploads\/2021\/11\/ambiente-de-trabalho-toxico.jpg","keywords":["ambiente de trabalho t\u00f3xico","depress\u00e3o","Estudo","sa\u00fade mental"],"articleSection":["Comportamento &amp; Equil\u00edbrio"],"inLanguage":"pt-BR","potentialAction":[{"@type":"CommentAction","name":"Comment","target":["https:\/\/jornalfatosenoticias.com.br\/index.php\/2021\/11\/24\/ambiente-de-trabalho-toxico-pode-afetar-sua-saude-mental\/#respond"]}]},{"@type":"WebPage","@id":"https:\/\/jornalfatosenoticias.com.br\/index.php\/2021\/11\/24\/ambiente-de-trabalho-toxico-pode-afetar-sua-saude-mental\/","url":"https:\/\/jornalfatosenoticias.com.br\/index.php\/2021\/11\/24\/ambiente-de-trabalho-toxico-pode-afetar-sua-saude-mental\/","name":"Ambiente de trabalho t\u00f3xico pode afetar sua sa\u00fade mental - Jornal Fatos e Not\u00edcias","isPartOf":{"@id":"https:\/\/jornalfatosenoticias.com.br\/#website"},"primaryImageOfPage":{"@id":"https:\/\/jornalfatosenoticias.com.br\/index.php\/2021\/11\/24\/ambiente-de-trabalho-toxico-pode-afetar-sua-saude-mental\/#primaryimage"},"image":{"@id":"https:\/\/jornalfatosenoticias.com.br\/index.php\/2021\/11\/24\/ambiente-de-trabalho-toxico-pode-afetar-sua-saude-mental\/#primaryimage"},"thumbnailUrl":"https:\/\/jornalfatosenoticias.com.br\/wp-content\/uploads\/2021\/11\/ambiente-de-trabalho-toxico.jpg","datePublished":"2021-11-24T17:04:39+00:00","dateModified":"2021-11-24T17:04:44+00:00","breadcrumb":{"@id":"https:\/\/jornalfatosenoticias.com.br\/index.php\/2021\/11\/24\/ambiente-de-trabalho-toxico-pode-afetar-sua-saude-mental\/#breadcrumb"},"inLanguage":"pt-BR","potentialAction":[{"@type":"ReadAction","target":["https:\/\/jornalfatosenoticias.com.br\/index.php\/2021\/11\/24\/ambiente-de-trabalho-toxico-pode-afetar-sua-saude-mental\/"]}]},{"@type":"ImageObject","inLanguage":"pt-BR","@id":"https:\/\/jornalfatosenoticias.com.br\/index.php\/2021\/11\/24\/ambiente-de-trabalho-toxico-pode-afetar-sua-saude-mental\/#primaryimage","url":"https:\/\/jornalfatosenoticias.com.br\/wp-content\/uploads\/2021\/11\/ambiente-de-trabalho-toxico.jpg","contentUrl":"https:\/\/jornalfatosenoticias.com.br\/wp-content\/uploads\/2021\/11\/ambiente-de-trabalho-toxico.jpg","width":1000,"height":666},{"@type":"BreadcrumbList","@id":"https:\/\/jornalfatosenoticias.com.br\/index.php\/2021\/11\/24\/ambiente-de-trabalho-toxico-pode-afetar-sua-saude-mental\/#breadcrumb","itemListElement":[{"@type":"ListItem","position":1,"name":"In\u00edcio","item":"https:\/\/jornalfatosenoticias.com.br\/"},{"@type":"ListItem","position":2,"name":"Ambiente de trabalho t\u00f3xico pode afetar sua sa\u00fade mental"}]},{"@type":"WebSite","@id":"https:\/\/jornalfatosenoticias.com.br\/#website","url":"https:\/\/jornalfatosenoticias.com.br\/","name":"Jornal Fatos e Not\u00edcias","description":"Not\u00edcias em geral","publisher":{"@id":"https:\/\/jornalfatosenoticias.com.br\/#organization"},"potentialAction":[{"@type":"SearchAction","target":{"@type":"EntryPoint","urlTemplate":"https:\/\/jornalfatosenoticias.com.br\/?s={search_term_string}"},"query-input":{"@type":"PropertyValueSpecification","valueRequired":true,"valueName":"search_term_string"}}],"inLanguage":"pt-BR"},{"@type":"Organization","@id":"https:\/\/jornalfatosenoticias.com.br\/#organization","name":"Jornal Fatos e Not\u00edcias","url":"https:\/\/jornalfatosenoticias.com.br\/","logo":{"@type":"ImageObject","inLanguage":"pt-BR","@id":"https:\/\/jornalfatosenoticias.com.br\/#\/schema\/logo\/image\/","url":"https:\/\/jornalfatosenoticias.com.br\/wp-content\/uploads\/2020\/02\/logo120.png","contentUrl":"https:\/\/jornalfatosenoticias.com.br\/wp-content\/uploads\/2020\/02\/logo120.png","width":1227,"height":120,"caption":"Jornal Fatos e Not\u00edcias"},"image":{"@id":"https:\/\/jornalfatosenoticias.com.br\/#\/schema\/logo\/image\/"}},{"@type":"Person","@id":"https:\/\/jornalfatosenoticias.com.br\/#\/schema\/person\/d63837fa13ac8666eb9e74e0985d6f81","name":"Luzimara Fernandes","image":{"@type":"ImageObject","inLanguage":"pt-BR","@id":"https:\/\/jornalfatosenoticias.com.br\/#\/schema\/person\/image\/","url":"https:\/\/jornalfatosenoticias.com.br\/wp-content\/uploads\/2025\/05\/EU_portal.jpg","contentUrl":"https:\/\/jornalfatosenoticias.com.br\/wp-content\/uploads\/2025\/05\/EU_portal.jpg","caption":"Luzimara Fernandes"},"description":"Jornalista MTB 2358-ES","sameAs":["https:\/\/jornalfatosenoticias.com.br"],"url":"https:\/\/jornalfatosenoticias.com.br\/index.php\/author\/luzimara\/"}]}},"cc_featured_image_caption":{"caption_text":"(Foto: Elisa Ventur\/Unsplash) ","source_text":"","source_url":""},"jetpack_featured_media_url":"https:\/\/jornalfatosenoticias.com.br\/wp-content\/uploads\/2021\/11\/ambiente-de-trabalho-toxico.jpg","_links":{"self":[{"href":"https:\/\/jornalfatosenoticias.com.br\/index.php\/wp-json\/wp\/v2\/posts\/25191","targetHints":{"allow":["GET"]}}],"collection":[{"href":"https:\/\/jornalfatosenoticias.com.br\/index.php\/wp-json\/wp\/v2\/posts"}],"about":[{"href":"https:\/\/jornalfatosenoticias.com.br\/index.php\/wp-json\/wp\/v2\/types\/post"}],"author":[{"embeddable":true,"href":"https:\/\/jornalfatosenoticias.com.br\/index.php\/wp-json\/wp\/v2\/users\/2"}],"replies":[{"embeddable":true,"href":"https:\/\/jornalfatosenoticias.com.br\/index.php\/wp-json\/wp\/v2\/comments?post=25191"}],"version-history":[{"count":0,"href":"https:\/\/jornalfatosenoticias.com.br\/index.php\/wp-json\/wp\/v2\/posts\/25191\/revisions"}],"wp:featuredmedia":[{"embeddable":true,"href":"https:\/\/jornalfatosenoticias.com.br\/index.php\/wp-json\/wp\/v2\/media\/25192"}],"wp:attachment":[{"href":"https:\/\/jornalfatosenoticias.com.br\/index.php\/wp-json\/wp\/v2\/media?parent=25191"}],"wp:term":[{"taxonomy":"category","embeddable":true,"href":"https:\/\/jornalfatosenoticias.com.br\/index.php\/wp-json\/wp\/v2\/categories?post=25191"},{"taxonomy":"post_tag","embeddable":true,"href":"https:\/\/jornalfatosenoticias.com.br\/index.php\/wp-json\/wp\/v2\/tags?post=25191"}],"curies":[{"name":"wp","href":"https:\/\/api.w.org\/{rel}","templated":true}]}}