{"id":25286,"date":"2021-11-26T07:16:12","date_gmt":"2021-11-26T10:16:12","guid":{"rendered":"https:\/\/jornalfatosenoticias.com.br\/?p=25286"},"modified":"2021-11-26T07:16:16","modified_gmt":"2021-11-26T10:16:16","slug":"novembro-azul-preconceito-contra-o-exame-de-toque-retal-diminuiu-entre-os-brasileiros-aponta-pesquisa","status":"publish","type":"post","link":"https:\/\/jornalfatosenoticias.com.br\/index.php\/2021\/11\/26\/novembro-azul-preconceito-contra-o-exame-de-toque-retal-diminuiu-entre-os-brasileiros-aponta-pesquisa\/","title":{"rendered":"Novembro Azul: preconceito contra o exame de toque retal diminuiu entre os brasileiros, aponta pesquisa"},"content":{"rendered":"\n<p>Uma pesquisa in\u00e9dita encomendada ao <a href=\"https:\/\/olhardigital.com.br\/2020\/05\/28\/seguranca\/golpe-se-passa-pelo-datafolha-para-clonar-whatsapp-saiba-se-proteger\/\" target=\"_blank\" rel=\"noreferrer noopener\">Instituto Datafolha<\/a>\u00a0pela plataforma Omens e pelo Instituto Lado a Lado pela Vida (LAL), mostrou que o preconceito em rela\u00e7\u00e3o ao exame de toque retal para preven\u00e7\u00e3o ao\u00a0<a href=\"https:\/\/olhardigital.com.br\/2021\/10\/24\/medicina-e-saude\/cancer-de-prostata-veja-como-identificar-a-doenca-antes-do-estagio-avancado\/\" target=\"_blank\" rel=\"noreferrer noopener\">c\u00e2ncer de pr\u00f3stata<\/a> diminuiu significativamente.<br>De acordo com o levantamento, 95% dos brasileiros reconhecem a import\u00e2ncia do exame de toque retal para o <a href=\"https:\/\/olhardigital.com.br\/2021\/09\/23\/medicina-e-saude\/fiocruz-desenvolve-teste-molecular-para-diagnosticar-lepra-precocemente\/\" target=\"_blank\" rel=\"noreferrer noopener\">diagn\u00f3stico precoce<\/a> do c\u00e2ncer de pr\u00f3stata. Al\u00e9m disso, 88% avaliam que fazer o exame n\u00e3o interfere na masculinidade dos homens.<br>Quando falamos sobre homens maiores de 50 anos, 99% reconhecem a import\u00e2ncia do exame de toque retal. Esse n\u00famero \u00e9 bastante surpreendente, j\u00e1 que essa faixa et\u00e1ria \u00e9 vista como mais preconceituosa em rela\u00e7\u00e3o a temas que envolvem sexualidade e <a href=\"https:\/\/olhardigital.com.br\/2021\/06\/23\/pro\/suicidio-matou-mais-militares-dos-estados-unidos-do-que-combates-desde-2001\/\" target=\"_blank\" rel=\"noreferrer noopener\">masculinidade<\/a>.<\/p>\n\n\n\n<p><strong><span class=\"has-inline-color has-black-color\">Preconceito ainda \u00e9 relevante<br><\/span><\/strong>Por\u00e9m, 9% acreditam que o exame interfere na sexualidade masculina e 11% pensam que o toque retal pode deixar o homem sexualmente impotente. Mas, felizmente, a maioria das pessoas n\u00e3o acredita que o exame interfira na masculinidade ou cause <a href=\"https:\/\/olhardigital.com.br\/2021\/10\/04\/medicina-e-saude\/novo-estudo-descobre-como-evitar-a-disfuncao-eretil\/\" target=\"_blank\" rel=\"noreferrer noopener\">impot\u00eancia sexual<\/a>.<br>Apesar de o preconceito ter ca\u00eddo bastante, esses dados n\u00e3o se traduzem em ades\u00e3o ao exame de toque retal. Apenas 19% dos homens entre 18 e 70 anos j\u00e1 fizeram o exame pelo menos uma vez. O \u00edndice sobe para 56% quando se trata de homens com mais de 50 anos.<\/p>\n\n\n\n<figure class=\"wp-block-image size-large\"><img loading=\"lazy\" decoding=\"async\" width=\"1000\" height=\"667\" src=\"https:\/\/jornalfatosenoticias.com.br\/wp-content\/uploads\/2021\/11\/Cancer-de-prostata-2-1.jpg\" alt=\"\" class=\"wp-image-25287\" srcset=\"https:\/\/jornalfatosenoticias.com.br\/wp-content\/uploads\/2021\/11\/Cancer-de-prostata-2-1.jpg 1000w, https:\/\/jornalfatosenoticias.com.br\/wp-content\/uploads\/2021\/11\/Cancer-de-prostata-2-1-300x200.jpg 300w, https:\/\/jornalfatosenoticias.com.br\/wp-content\/uploads\/2021\/11\/Cancer-de-prostata-2-1-768x512.jpg 768w\" sizes=\"auto, (max-width: 1000px) 100vw, 1000px\" \/><figcaption><em><span class=\"has-inline-color has-black-color\">C\u00e2ncer de pr\u00f3stata \u00e9 amplamente visto como um tumor cur\u00e1vel (Foto: funnyangel\/Shutterstock)<\/span><\/em><\/figcaption><\/figure>\n\n\n\n<p>Al\u00e9m disso, 72% das pessoas ouvidas disseram que nunca fizeram o exame, mas fariam caso fosse necess\u00e1rio, n\u00famero que cai para 40% entre os maiores de 50 anos. Cerca de 5% disseram que n\u00e3o fariam o toque retal em hip\u00f3tese alguma, enquanto 2% n\u00e3o t\u00eam uma opini\u00e3o formada.<\/p>\n\n\n\n<p><strong><span class=\"has-inline-color has-black-color\">Um c\u00e2ncer cur\u00e1vel<br><\/span><\/strong>Os brasileiros tamb\u00e9m se mostraram bastante confiantes em rela\u00e7\u00e3o \u00e0 cura do c\u00e2ncer de pr\u00f3stata, oito em cada dez disseram acreditar que <a href=\"https:\/\/olhardigital.com.br\/2021\/11\/17\/medicina-e-saude\/cancer-de-prostata-veja-os-novos-tratamentos-que-estao-sendo-desenvolvidos\/\" target=\"_blank\" rel=\"noreferrer noopener\">esse tipo de tumor<\/a> tem cura, enquanto apenas 5% disseram acreditar que a doen\u00e7a n\u00e3o tem cura.<br>Entre os homens que j\u00e1 fizeram o exame de toque retal, nada menos do que 90% acreditam que o c\u00e2ncer de pr\u00f3stata \u00e9 cur\u00e1vel, \u00edndice que desce para 74% entre as pessoas que nunca fizeram o exame. Na popula\u00e7\u00e3o geral, 17% n\u00e3o t\u00eam uma opini\u00e3o formada sobre o tema.<br>Ao todo, o Datafolha ouviu 999 homens e mulheres, com idades entre 18 e 70 anos, de diferentes partes do Brasil. O levantamento foi feito atrav\u00e9s da internet, seguindo uma metodologia quantitativa, que \u00e9 a mesma usada, por exemplo, em pesquisas <a href=\"https:\/\/olhardigital.com.br\/2021\/10\/26\/internet-e-redes-sociais\/contra-fake-news-instagram-e-facebook-inserem-avisos-em-postagens-sobre-eleicoes\/\" target=\"_blank\" rel=\"noreferrer noopener\">eleitorais<\/a>.<\/p>\n\n\n\n<p><strong><em>Fonte: <a href=\"https:\/\/olhardigital.com.br\/2021\/11\/19\/medicina-e-saude\/novembro-azul-preconceito-contra-o-exame-de-toque-retal-diminuiu-entre-os-brasileiros-aponta-pesquisa\/\">Olhar Digital<\/a><\/em><\/strong><\/p>\n","protected":false},"excerpt":{"rendered":"<p>Uma pesquisa in\u00e9dita encomendada ao Instituto Datafolha\u00a0pela plataforma Omens e pelo Instituto Lado a Lado pela Vida (LAL), mostrou que o preconceito em rela\u00e7\u00e3o ao exame de toque retal para preven\u00e7\u00e3o ao\u00a0c\u00e2ncer de pr\u00f3stata diminuiu significativamente.De acordo com o levantamento, 95% dos brasileiros reconhecem a import\u00e2ncia do exame de toque retal para o diagn\u00f3stico precoce [&hellip;]<\/p>\n","protected":false},"author":2,"featured_media":25288,"comment_status":"open","ping_status":"open","sticky":false,"template":"","format":"standard","meta":{"footnotes":""},"categories":[11],"tags":[5800,1223,5801,1148],"class_list":["post-25286","post","type-post","status-publish","format-standard","has-post-thumbnail","hentry","category-saude","tag-cancer-de-prostata","tag-exames","tag-novembro-azul","tag-preconceito"],"yoast_head":"<!-- This site is optimized with the Yoast SEO plugin v26.5 - https:\/\/yoast.com\/wordpress\/plugins\/seo\/ -->\n<title>Novembro Azul: preconceito contra o exame de toque retal diminuiu entre os brasileiros, aponta pesquisa - Jornal Fatos e Not\u00edcias<\/title>\n<meta name=\"robots\" content=\"index, follow, max-snippet:-1, max-image-preview:large, max-video-preview:-1\" \/>\n<link rel=\"canonical\" href=\"https:\/\/jornalfatosenoticias.com.br\/index.php\/2021\/11\/26\/novembro-azul-preconceito-contra-o-exame-de-toque-retal-diminuiu-entre-os-brasileiros-aponta-pesquisa\/\" \/>\n<meta property=\"og:locale\" content=\"pt_BR\" \/>\n<meta property=\"og:type\" content=\"article\" \/>\n<meta property=\"og:title\" content=\"Novembro Azul: preconceito contra o exame de toque retal diminuiu entre os brasileiros, aponta pesquisa - Jornal Fatos e Not\u00edcias\" \/>\n<meta property=\"og:description\" content=\"Uma pesquisa in\u00e9dita encomendada ao Instituto Datafolha\u00a0pela plataforma Omens e pelo Instituto Lado a Lado pela Vida (LAL), mostrou que o preconceito em rela\u00e7\u00e3o ao exame de toque retal para preven\u00e7\u00e3o ao\u00a0c\u00e2ncer de pr\u00f3stata diminuiu significativamente.De acordo com o levantamento, 95% dos brasileiros reconhecem a import\u00e2ncia do exame de toque retal para o diagn\u00f3stico precoce [&hellip;]\" \/>\n<meta property=\"og:url\" content=\"https:\/\/jornalfatosenoticias.com.br\/index.php\/2021\/11\/26\/novembro-azul-preconceito-contra-o-exame-de-toque-retal-diminuiu-entre-os-brasileiros-aponta-pesquisa\/\" \/>\n<meta property=\"og:site_name\" content=\"Jornal Fatos e Not\u00edcias\" \/>\n<meta property=\"article:published_time\" content=\"2021-11-26T10:16:12+00:00\" \/>\n<meta property=\"article:modified_time\" content=\"2021-11-26T10:16:16+00:00\" \/>\n<meta property=\"og:image\" content=\"https:\/\/jornalfatosenoticias.com.br\/wp-content\/uploads\/2021\/11\/Cancer-de-prostata-1.jpg\" \/>\n\t<meta property=\"og:image:width\" content=\"1000\" \/>\n\t<meta property=\"og:image:height\" content=\"607\" \/>\n\t<meta property=\"og:image:type\" content=\"image\/jpeg\" \/>\n<meta name=\"author\" content=\"Luzimara Fernandes\" \/>\n<meta name=\"twitter:card\" content=\"summary_large_image\" \/>\n<meta name=\"twitter:label1\" content=\"Escrito por\" \/>\n\t<meta name=\"twitter:data1\" content=\"Luzimara Fernandes\" \/>\n\t<meta name=\"twitter:label2\" content=\"Est. tempo de leitura\" \/>\n\t<meta name=\"twitter:data2\" content=\"2 minutos\" \/>\n<script type=\"application\/ld+json\" class=\"yoast-schema-graph\">{\"@context\":\"https:\/\/schema.org\",\"@graph\":[{\"@type\":\"Article\",\"@id\":\"https:\/\/jornalfatosenoticias.com.br\/index.php\/2021\/11\/26\/novembro-azul-preconceito-contra-o-exame-de-toque-retal-diminuiu-entre-os-brasileiros-aponta-pesquisa\/#article\",\"isPartOf\":{\"@id\":\"https:\/\/jornalfatosenoticias.com.br\/index.php\/2021\/11\/26\/novembro-azul-preconceito-contra-o-exame-de-toque-retal-diminuiu-entre-os-brasileiros-aponta-pesquisa\/\"},\"author\":{\"name\":\"Luzimara Fernandes\",\"@id\":\"https:\/\/jornalfatosenoticias.com.br\/#\/schema\/person\/d63837fa13ac8666eb9e74e0985d6f81\"},\"headline\":\"Novembro Azul: preconceito contra o exame de toque retal diminuiu entre os brasileiros, aponta pesquisa\",\"datePublished\":\"2021-11-26T10:16:12+00:00\",\"dateModified\":\"2021-11-26T10:16:16+00:00\",\"mainEntityOfPage\":{\"@id\":\"https:\/\/jornalfatosenoticias.com.br\/index.php\/2021\/11\/26\/novembro-azul-preconceito-contra-o-exame-de-toque-retal-diminuiu-entre-os-brasileiros-aponta-pesquisa\/\"},\"wordCount\":443,\"commentCount\":0,\"publisher\":{\"@id\":\"https:\/\/jornalfatosenoticias.com.br\/#organization\"},\"image\":{\"@id\":\"https:\/\/jornalfatosenoticias.com.br\/index.php\/2021\/11\/26\/novembro-azul-preconceito-contra-o-exame-de-toque-retal-diminuiu-entre-os-brasileiros-aponta-pesquisa\/#primaryimage\"},\"thumbnailUrl\":\"https:\/\/jornalfatosenoticias.com.br\/wp-content\/uploads\/2021\/11\/Cancer-de-prostata-1.jpg\",\"keywords\":[\"c\u00e2ncer de pr\u00f3stata\",\"exames\",\"Novembro Azul\",\"preconceito\"],\"articleSection\":[\"Sa\u00fade\"],\"inLanguage\":\"pt-BR\",\"potentialAction\":[{\"@type\":\"CommentAction\",\"name\":\"Comment\",\"target\":[\"https:\/\/jornalfatosenoticias.com.br\/index.php\/2021\/11\/26\/novembro-azul-preconceito-contra-o-exame-de-toque-retal-diminuiu-entre-os-brasileiros-aponta-pesquisa\/#respond\"]}]},{\"@type\":\"WebPage\",\"@id\":\"https:\/\/jornalfatosenoticias.com.br\/index.php\/2021\/11\/26\/novembro-azul-preconceito-contra-o-exame-de-toque-retal-diminuiu-entre-os-brasileiros-aponta-pesquisa\/\",\"url\":\"https:\/\/jornalfatosenoticias.com.br\/index.php\/2021\/11\/26\/novembro-azul-preconceito-contra-o-exame-de-toque-retal-diminuiu-entre-os-brasileiros-aponta-pesquisa\/\",\"name\":\"Novembro Azul: preconceito contra o exame de toque retal diminuiu entre os brasileiros, aponta pesquisa - Jornal Fatos e Not\u00edcias\",\"isPartOf\":{\"@id\":\"https:\/\/jornalfatosenoticias.com.br\/#website\"},\"primaryImageOfPage\":{\"@id\":\"https:\/\/jornalfatosenoticias.com.br\/index.php\/2021\/11\/26\/novembro-azul-preconceito-contra-o-exame-de-toque-retal-diminuiu-entre-os-brasileiros-aponta-pesquisa\/#primaryimage\"},\"image\":{\"@id\":\"https:\/\/jornalfatosenoticias.com.br\/index.php\/2021\/11\/26\/novembro-azul-preconceito-contra-o-exame-de-toque-retal-diminuiu-entre-os-brasileiros-aponta-pesquisa\/#primaryimage\"},\"thumbnailUrl\":\"https:\/\/jornalfatosenoticias.com.br\/wp-content\/uploads\/2021\/11\/Cancer-de-prostata-1.jpg\",\"datePublished\":\"2021-11-26T10:16:12+00:00\",\"dateModified\":\"2021-11-26T10:16:16+00:00\",\"breadcrumb\":{\"@id\":\"https:\/\/jornalfatosenoticias.com.br\/index.php\/2021\/11\/26\/novembro-azul-preconceito-contra-o-exame-de-toque-retal-diminuiu-entre-os-brasileiros-aponta-pesquisa\/#breadcrumb\"},\"inLanguage\":\"pt-BR\",\"potentialAction\":[{\"@type\":\"ReadAction\",\"target\":[\"https:\/\/jornalfatosenoticias.com.br\/index.php\/2021\/11\/26\/novembro-azul-preconceito-contra-o-exame-de-toque-retal-diminuiu-entre-os-brasileiros-aponta-pesquisa\/\"]}]},{\"@type\":\"ImageObject\",\"inLanguage\":\"pt-BR\",\"@id\":\"https:\/\/jornalfatosenoticias.com.br\/index.php\/2021\/11\/26\/novembro-azul-preconceito-contra-o-exame-de-toque-retal-diminuiu-entre-os-brasileiros-aponta-pesquisa\/#primaryimage\",\"url\":\"https:\/\/jornalfatosenoticias.com.br\/wp-content\/uploads\/2021\/11\/Cancer-de-prostata-1.jpg\",\"contentUrl\":\"https:\/\/jornalfatosenoticias.com.br\/wp-content\/uploads\/2021\/11\/Cancer-de-prostata-1.jpg\",\"width\":1000,\"height\":607},{\"@type\":\"BreadcrumbList\",\"@id\":\"https:\/\/jornalfatosenoticias.com.br\/index.php\/2021\/11\/26\/novembro-azul-preconceito-contra-o-exame-de-toque-retal-diminuiu-entre-os-brasileiros-aponta-pesquisa\/#breadcrumb\",\"itemListElement\":[{\"@type\":\"ListItem\",\"position\":1,\"name\":\"In\u00edcio\",\"item\":\"https:\/\/jornalfatosenoticias.com.br\/\"},{\"@type\":\"ListItem\",\"position\":2,\"name\":\"Novembro Azul: preconceito contra o exame de toque retal diminuiu entre os brasileiros, aponta pesquisa\"}]},{\"@type\":\"WebSite\",\"@id\":\"https:\/\/jornalfatosenoticias.com.br\/#website\",\"url\":\"https:\/\/jornalfatosenoticias.com.br\/\",\"name\":\"Jornal Fatos e Not\u00edcias\",\"description\":\"Not\u00edcias em geral\",\"publisher\":{\"@id\":\"https:\/\/jornalfatosenoticias.com.br\/#organization\"},\"potentialAction\":[{\"@type\":\"SearchAction\",\"target\":{\"@type\":\"EntryPoint\",\"urlTemplate\":\"https:\/\/jornalfatosenoticias.com.br\/?s={search_term_string}\"},\"query-input\":{\"@type\":\"PropertyValueSpecification\",\"valueRequired\":true,\"valueName\":\"search_term_string\"}}],\"inLanguage\":\"pt-BR\"},{\"@type\":\"Organization\",\"@id\":\"https:\/\/jornalfatosenoticias.com.br\/#organization\",\"name\":\"Jornal Fatos e Not\u00edcias\",\"url\":\"https:\/\/jornalfatosenoticias.com.br\/\",\"logo\":{\"@type\":\"ImageObject\",\"inLanguage\":\"pt-BR\",\"@id\":\"https:\/\/jornalfatosenoticias.com.br\/#\/schema\/logo\/image\/\",\"url\":\"https:\/\/jornalfatosenoticias.com.br\/wp-content\/uploads\/2020\/02\/logo120.png\",\"contentUrl\":\"https:\/\/jornalfatosenoticias.com.br\/wp-content\/uploads\/2020\/02\/logo120.png\",\"width\":1227,\"height\":120,\"caption\":\"Jornal Fatos e Not\u00edcias\"},\"image\":{\"@id\":\"https:\/\/jornalfatosenoticias.com.br\/#\/schema\/logo\/image\/\"}},{\"@type\":\"Person\",\"@id\":\"https:\/\/jornalfatosenoticias.com.br\/#\/schema\/person\/d63837fa13ac8666eb9e74e0985d6f81\",\"name\":\"Luzimara Fernandes\",\"image\":{\"@type\":\"ImageObject\",\"inLanguage\":\"pt-BR\",\"@id\":\"https:\/\/jornalfatosenoticias.com.br\/#\/schema\/person\/image\/\",\"url\":\"https:\/\/jornalfatosenoticias.com.br\/wp-content\/uploads\/2025\/05\/EU_portal.jpg\",\"contentUrl\":\"https:\/\/jornalfatosenoticias.com.br\/wp-content\/uploads\/2025\/05\/EU_portal.jpg\",\"caption\":\"Luzimara Fernandes\"},\"description\":\"Jornalista MTB 2358-ES\",\"sameAs\":[\"https:\/\/jornalfatosenoticias.com.br\"],\"url\":\"https:\/\/jornalfatosenoticias.com.br\/index.php\/author\/luzimara\/\"}]}<\/script>\n<!-- \/ Yoast SEO plugin. -->","yoast_head_json":{"title":"Novembro Azul: preconceito contra o exame de toque retal diminuiu entre os brasileiros, aponta pesquisa - Jornal Fatos e Not\u00edcias","robots":{"index":"index","follow":"follow","max-snippet":"max-snippet:-1","max-image-preview":"max-image-preview:large","max-video-preview":"max-video-preview:-1"},"canonical":"https:\/\/jornalfatosenoticias.com.br\/index.php\/2021\/11\/26\/novembro-azul-preconceito-contra-o-exame-de-toque-retal-diminuiu-entre-os-brasileiros-aponta-pesquisa\/","og_locale":"pt_BR","og_type":"article","og_title":"Novembro Azul: preconceito contra o exame de toque retal diminuiu entre os brasileiros, aponta pesquisa - Jornal Fatos e Not\u00edcias","og_description":"Uma pesquisa in\u00e9dita encomendada ao Instituto Datafolha\u00a0pela plataforma Omens e pelo Instituto Lado a Lado pela Vida (LAL), mostrou que o preconceito em rela\u00e7\u00e3o ao exame de toque retal para preven\u00e7\u00e3o ao\u00a0c\u00e2ncer de pr\u00f3stata diminuiu significativamente.De acordo com o levantamento, 95% dos brasileiros reconhecem a import\u00e2ncia do exame de toque retal para o diagn\u00f3stico precoce [&hellip;]","og_url":"https:\/\/jornalfatosenoticias.com.br\/index.php\/2021\/11\/26\/novembro-azul-preconceito-contra-o-exame-de-toque-retal-diminuiu-entre-os-brasileiros-aponta-pesquisa\/","og_site_name":"Jornal Fatos e Not\u00edcias","article_published_time":"2021-11-26T10:16:12+00:00","article_modified_time":"2021-11-26T10:16:16+00:00","og_image":[{"width":1000,"height":607,"url":"https:\/\/jornalfatosenoticias.com.br\/wp-content\/uploads\/2021\/11\/Cancer-de-prostata-1.jpg","type":"image\/jpeg"}],"author":"Luzimara Fernandes","twitter_card":"summary_large_image","twitter_misc":{"Escrito por":"Luzimara Fernandes","Est. tempo de leitura":"2 minutos"},"schema":{"@context":"https:\/\/schema.org","@graph":[{"@type":"Article","@id":"https:\/\/jornalfatosenoticias.com.br\/index.php\/2021\/11\/26\/novembro-azul-preconceito-contra-o-exame-de-toque-retal-diminuiu-entre-os-brasileiros-aponta-pesquisa\/#article","isPartOf":{"@id":"https:\/\/jornalfatosenoticias.com.br\/index.php\/2021\/11\/26\/novembro-azul-preconceito-contra-o-exame-de-toque-retal-diminuiu-entre-os-brasileiros-aponta-pesquisa\/"},"author":{"name":"Luzimara Fernandes","@id":"https:\/\/jornalfatosenoticias.com.br\/#\/schema\/person\/d63837fa13ac8666eb9e74e0985d6f81"},"headline":"Novembro Azul: preconceito contra o exame de toque retal diminuiu entre os brasileiros, aponta pesquisa","datePublished":"2021-11-26T10:16:12+00:00","dateModified":"2021-11-26T10:16:16+00:00","mainEntityOfPage":{"@id":"https:\/\/jornalfatosenoticias.com.br\/index.php\/2021\/11\/26\/novembro-azul-preconceito-contra-o-exame-de-toque-retal-diminuiu-entre-os-brasileiros-aponta-pesquisa\/"},"wordCount":443,"commentCount":0,"publisher":{"@id":"https:\/\/jornalfatosenoticias.com.br\/#organization"},"image":{"@id":"https:\/\/jornalfatosenoticias.com.br\/index.php\/2021\/11\/26\/novembro-azul-preconceito-contra-o-exame-de-toque-retal-diminuiu-entre-os-brasileiros-aponta-pesquisa\/#primaryimage"},"thumbnailUrl":"https:\/\/jornalfatosenoticias.com.br\/wp-content\/uploads\/2021\/11\/Cancer-de-prostata-1.jpg","keywords":["c\u00e2ncer de pr\u00f3stata","exames","Novembro Azul","preconceito"],"articleSection":["Sa\u00fade"],"inLanguage":"pt-BR","potentialAction":[{"@type":"CommentAction","name":"Comment","target":["https:\/\/jornalfatosenoticias.com.br\/index.php\/2021\/11\/26\/novembro-azul-preconceito-contra-o-exame-de-toque-retal-diminuiu-entre-os-brasileiros-aponta-pesquisa\/#respond"]}]},{"@type":"WebPage","@id":"https:\/\/jornalfatosenoticias.com.br\/index.php\/2021\/11\/26\/novembro-azul-preconceito-contra-o-exame-de-toque-retal-diminuiu-entre-os-brasileiros-aponta-pesquisa\/","url":"https:\/\/jornalfatosenoticias.com.br\/index.php\/2021\/11\/26\/novembro-azul-preconceito-contra-o-exame-de-toque-retal-diminuiu-entre-os-brasileiros-aponta-pesquisa\/","name":"Novembro Azul: preconceito contra o exame de toque retal diminuiu entre os brasileiros, aponta pesquisa - Jornal Fatos e Not\u00edcias","isPartOf":{"@id":"https:\/\/jornalfatosenoticias.com.br\/#website"},"primaryImageOfPage":{"@id":"https:\/\/jornalfatosenoticias.com.br\/index.php\/2021\/11\/26\/novembro-azul-preconceito-contra-o-exame-de-toque-retal-diminuiu-entre-os-brasileiros-aponta-pesquisa\/#primaryimage"},"image":{"@id":"https:\/\/jornalfatosenoticias.com.br\/index.php\/2021\/11\/26\/novembro-azul-preconceito-contra-o-exame-de-toque-retal-diminuiu-entre-os-brasileiros-aponta-pesquisa\/#primaryimage"},"thumbnailUrl":"https:\/\/jornalfatosenoticias.com.br\/wp-content\/uploads\/2021\/11\/Cancer-de-prostata-1.jpg","datePublished":"2021-11-26T10:16:12+00:00","dateModified":"2021-11-26T10:16:16+00:00","breadcrumb":{"@id":"https:\/\/jornalfatosenoticias.com.br\/index.php\/2021\/11\/26\/novembro-azul-preconceito-contra-o-exame-de-toque-retal-diminuiu-entre-os-brasileiros-aponta-pesquisa\/#breadcrumb"},"inLanguage":"pt-BR","potentialAction":[{"@type":"ReadAction","target":["https:\/\/jornalfatosenoticias.com.br\/index.php\/2021\/11\/26\/novembro-azul-preconceito-contra-o-exame-de-toque-retal-diminuiu-entre-os-brasileiros-aponta-pesquisa\/"]}]},{"@type":"ImageObject","inLanguage":"pt-BR","@id":"https:\/\/jornalfatosenoticias.com.br\/index.php\/2021\/11\/26\/novembro-azul-preconceito-contra-o-exame-de-toque-retal-diminuiu-entre-os-brasileiros-aponta-pesquisa\/#primaryimage","url":"https:\/\/jornalfatosenoticias.com.br\/wp-content\/uploads\/2021\/11\/Cancer-de-prostata-1.jpg","contentUrl":"https:\/\/jornalfatosenoticias.com.br\/wp-content\/uploads\/2021\/11\/Cancer-de-prostata-1.jpg","width":1000,"height":607},{"@type":"BreadcrumbList","@id":"https:\/\/jornalfatosenoticias.com.br\/index.php\/2021\/11\/26\/novembro-azul-preconceito-contra-o-exame-de-toque-retal-diminuiu-entre-os-brasileiros-aponta-pesquisa\/#breadcrumb","itemListElement":[{"@type":"ListItem","position":1,"name":"In\u00edcio","item":"https:\/\/jornalfatosenoticias.com.br\/"},{"@type":"ListItem","position":2,"name":"Novembro Azul: preconceito contra o exame de toque retal diminuiu entre os brasileiros, aponta pesquisa"}]},{"@type":"WebSite","@id":"https:\/\/jornalfatosenoticias.com.br\/#website","url":"https:\/\/jornalfatosenoticias.com.br\/","name":"Jornal Fatos e Not\u00edcias","description":"Not\u00edcias em geral","publisher":{"@id":"https:\/\/jornalfatosenoticias.com.br\/#organization"},"potentialAction":[{"@type":"SearchAction","target":{"@type":"EntryPoint","urlTemplate":"https:\/\/jornalfatosenoticias.com.br\/?s={search_term_string}"},"query-input":{"@type":"PropertyValueSpecification","valueRequired":true,"valueName":"search_term_string"}}],"inLanguage":"pt-BR"},{"@type":"Organization","@id":"https:\/\/jornalfatosenoticias.com.br\/#organization","name":"Jornal Fatos e Not\u00edcias","url":"https:\/\/jornalfatosenoticias.com.br\/","logo":{"@type":"ImageObject","inLanguage":"pt-BR","@id":"https:\/\/jornalfatosenoticias.com.br\/#\/schema\/logo\/image\/","url":"https:\/\/jornalfatosenoticias.com.br\/wp-content\/uploads\/2020\/02\/logo120.png","contentUrl":"https:\/\/jornalfatosenoticias.com.br\/wp-content\/uploads\/2020\/02\/logo120.png","width":1227,"height":120,"caption":"Jornal Fatos e Not\u00edcias"},"image":{"@id":"https:\/\/jornalfatosenoticias.com.br\/#\/schema\/logo\/image\/"}},{"@type":"Person","@id":"https:\/\/jornalfatosenoticias.com.br\/#\/schema\/person\/d63837fa13ac8666eb9e74e0985d6f81","name":"Luzimara Fernandes","image":{"@type":"ImageObject","inLanguage":"pt-BR","@id":"https:\/\/jornalfatosenoticias.com.br\/#\/schema\/person\/image\/","url":"https:\/\/jornalfatosenoticias.com.br\/wp-content\/uploads\/2025\/05\/EU_portal.jpg","contentUrl":"https:\/\/jornalfatosenoticias.com.br\/wp-content\/uploads\/2025\/05\/EU_portal.jpg","caption":"Luzimara Fernandes"},"description":"Jornalista MTB 2358-ES","sameAs":["https:\/\/jornalfatosenoticias.com.br"],"url":"https:\/\/jornalfatosenoticias.com.br\/index.php\/author\/luzimara\/"}]}},"cc_featured_image_caption":{"caption_text":"\r\n(Foto: Shutterstock) \r\n","source_text":"","source_url":""},"jetpack_featured_media_url":"https:\/\/jornalfatosenoticias.com.br\/wp-content\/uploads\/2021\/11\/Cancer-de-prostata-1.jpg","_links":{"self":[{"href":"https:\/\/jornalfatosenoticias.com.br\/index.php\/wp-json\/wp\/v2\/posts\/25286","targetHints":{"allow":["GET"]}}],"collection":[{"href":"https:\/\/jornalfatosenoticias.com.br\/index.php\/wp-json\/wp\/v2\/posts"}],"about":[{"href":"https:\/\/jornalfatosenoticias.com.br\/index.php\/wp-json\/wp\/v2\/types\/post"}],"author":[{"embeddable":true,"href":"https:\/\/jornalfatosenoticias.com.br\/index.php\/wp-json\/wp\/v2\/users\/2"}],"replies":[{"embeddable":true,"href":"https:\/\/jornalfatosenoticias.com.br\/index.php\/wp-json\/wp\/v2\/comments?post=25286"}],"version-history":[{"count":0,"href":"https:\/\/jornalfatosenoticias.com.br\/index.php\/wp-json\/wp\/v2\/posts\/25286\/revisions"}],"wp:featuredmedia":[{"embeddable":true,"href":"https:\/\/jornalfatosenoticias.com.br\/index.php\/wp-json\/wp\/v2\/media\/25288"}],"wp:attachment":[{"href":"https:\/\/jornalfatosenoticias.com.br\/index.php\/wp-json\/wp\/v2\/media?parent=25286"}],"wp:term":[{"taxonomy":"category","embeddable":true,"href":"https:\/\/jornalfatosenoticias.com.br\/index.php\/wp-json\/wp\/v2\/categories?post=25286"},{"taxonomy":"post_tag","embeddable":true,"href":"https:\/\/jornalfatosenoticias.com.br\/index.php\/wp-json\/wp\/v2\/tags?post=25286"}],"curies":[{"name":"wp","href":"https:\/\/api.w.org\/{rel}","templated":true}]}}