{"id":25341,"date":"2021-11-29T10:22:47","date_gmt":"2021-11-29T13:22:47","guid":{"rendered":"https:\/\/jornalfatosenoticias.com.br\/?p=25341"},"modified":"2021-11-29T10:22:50","modified_gmt":"2021-11-29T13:22:50","slug":"oms-reune-especialistas-para-criar-tratado-de-combate-a-pandemias","status":"publish","type":"post","link":"https:\/\/jornalfatosenoticias.com.br\/index.php\/2021\/11\/29\/oms-reune-especialistas-para-criar-tratado-de-combate-a-pandemias\/","title":{"rendered":"OMS re\u00fane especialistas para criar tratado de combate a pandemias"},"content":{"rendered":"\n<p><em><span class=\"has-inline-color has-black-color\">Objetivo \u00e9 que popula\u00e7\u00f5es n\u00e3o sejam apanhadas desprevenidas<\/span><\/em><\/p>\n\n\n\n<p>A Organiza\u00e7\u00e3o Mundial da Sa\u00fade (OMS) re\u00fane-se nesta segunda-feira (29) para discutir o Tratado Global de Combate \u00e0s Pandemias.<br>Durante tr\u00eas dias, representantes de quase duas centenas de pa\u00edses v\u00e3o analisar as propostas do grupo de trabalho criado para pensar como \u00e9 que o mundo se deve preparar para outras pandemias. O objetivo \u00e9 que as popula\u00e7\u00f5es n\u00e3o voltem a ser apanhadas desprevenidas.<\/p>\n\n\n\n<p><strong><span class=\"has-inline-color has-black-color\">Alerta<br><\/span><\/strong>Segundo a OMS, a variante \u00d4micron do SARS-CoV-2, detectada inicialmente na \u00c1frica do Sul, est\u00e1 se alastrando em n\u00edvel global, apresentando risco &#8220;muito elevado&#8221;, em que os surtos de covid-19 podem ter &#8220;consequ\u00eancias graves&#8221; em algumas regi\u00f5es.<br>A ag\u00eancia da ONU pediu aos 194 Estados-membros, que acelerem a vacina\u00e7\u00e3o dos grupos de risco e \u201cgarantam que os programas de mitiga\u00e7\u00e3o\u201d estejam em vigor\u201d, de forma a manter os servi\u00e7os de sa\u00fade essenciais.<\/p>\n\n\n\n<blockquote class=\"wp-block-quote is-layout-flow wp-block-quote-is-layout-flow\"><p><span class=\"has-inline-color has-luminous-vivid-orange-color\">\u201cA \u00d4micron\u201d tem um n\u00famero sem precedentes de muta\u00e7\u00f5es de pico, algumas das quais s\u00e3o preocupantes pelo seu impacto potencial na trajet\u00f3ria da pandemia\u201d, alertou a OMS.<\/span><\/p><\/blockquote>\n\n\n\n<p>Para a Organiza\u00e7\u00e3o Mundial da Sa\u00fade, \u201co risco global geral relacionado \u00e0 nova variante de preocupa\u00e7\u00e3o \u00e9 avaliado como muito elevado\u201d.<br>S\u00e3o necess\u00e1rias mais investiga\u00e7\u00f5es para entender melhor o perigo da \u00d4micron de escapar da prote\u00e7\u00e3o da imunidade induzida pelo processo de vacina\u00e7\u00e3o e infec\u00e7\u00f5es anteriores. A OMS espera ter mais dados nas pr\u00f3ximas semanas.<br>\u201cInfec\u00e7\u00f5es de covid-19 s\u00e3o esperadas em pessoas vacinadas, embora numa propor\u00e7\u00e3o pequena e previs\u00edvel\u201d acrescenta a ag\u00eancia.<\/p>\n\n\n\n<p><strong><em>Fonte: <a href=\"https:\/\/agenciabrasil.ebc.com.br\/internacional\/noticia\/2021-11\/oms-reune-especialistas-para-criar-tratado-de-combate-pandemias\">Ag\u00eancia Brasil<\/a><\/em><\/strong><\/p>\n","protected":false},"excerpt":{"rendered":"<p>Objetivo \u00e9 que popula\u00e7\u00f5es n\u00e3o sejam apanhadas desprevenidas A Organiza\u00e7\u00e3o Mundial da Sa\u00fade (OMS) re\u00fane-se nesta segunda-feira (29) para discutir o Tratado Global de Combate \u00e0s Pandemias.Durante tr\u00eas dias, representantes de quase duas centenas de pa\u00edses v\u00e3o analisar as propostas do grupo de trabalho criado para pensar como \u00e9 que o mundo se deve preparar [&hellip;]<\/p>\n","protected":false},"author":2,"featured_media":25342,"comment_status":"open","ping_status":"open","sticky":false,"template":"","format":"standard","meta":{"footnotes":""},"categories":[11],"tags":[1266,73,273,12240,89,330],"class_list":["post-25341","post","type-post","status-publish","format-standard","has-post-thumbnail","hentry","category-saude","tag-alerta","tag-coronavirus","tag-covid-19","tag-nova-variante","tag-oms","tag-pandemia"],"yoast_head":"<!-- This site is optimized with the Yoast SEO plugin v26.5 - https:\/\/yoast.com\/wordpress\/plugins\/seo\/ -->\n<title>OMS re\u00fane especialistas para criar tratado de combate a pandemias - Jornal Fatos e Not\u00edcias<\/title>\n<meta name=\"robots\" content=\"index, follow, max-snippet:-1, max-image-preview:large, max-video-preview:-1\" \/>\n<link rel=\"canonical\" href=\"https:\/\/jornalfatosenoticias.com.br\/index.php\/2021\/11\/29\/oms-reune-especialistas-para-criar-tratado-de-combate-a-pandemias\/\" \/>\n<meta property=\"og:locale\" content=\"pt_BR\" \/>\n<meta property=\"og:type\" content=\"article\" \/>\n<meta property=\"og:title\" content=\"OMS re\u00fane especialistas para criar tratado de combate a pandemias - Jornal Fatos e Not\u00edcias\" \/>\n<meta property=\"og:description\" content=\"Objetivo \u00e9 que popula\u00e7\u00f5es n\u00e3o sejam apanhadas desprevenidas A Organiza\u00e7\u00e3o Mundial da Sa\u00fade (OMS) re\u00fane-se nesta segunda-feira (29) para discutir o Tratado Global de Combate \u00e0s Pandemias.Durante tr\u00eas dias, representantes de quase duas centenas de pa\u00edses v\u00e3o analisar as propostas do grupo de trabalho criado para pensar como \u00e9 que o mundo se deve preparar [&hellip;]\" \/>\n<meta property=\"og:url\" content=\"https:\/\/jornalfatosenoticias.com.br\/index.php\/2021\/11\/29\/oms-reune-especialistas-para-criar-tratado-de-combate-a-pandemias\/\" \/>\n<meta property=\"og:site_name\" content=\"Jornal Fatos e Not\u00edcias\" \/>\n<meta property=\"article:published_time\" content=\"2021-11-29T13:22:47+00:00\" \/>\n<meta property=\"article:modified_time\" content=\"2021-11-29T13:22:50+00:00\" \/>\n<meta property=\"og:image\" content=\"https:\/\/jornalfatosenoticias.com.br\/wp-content\/uploads\/2021\/11\/oms.jpg\" \/>\n\t<meta property=\"og:image:width\" content=\"1000\" \/>\n\t<meta property=\"og:image:height\" content=\"598\" \/>\n\t<meta property=\"og:image:type\" content=\"image\/jpeg\" \/>\n<meta name=\"author\" content=\"Luzimara Fernandes\" \/>\n<meta name=\"twitter:card\" content=\"summary_large_image\" \/>\n<meta name=\"twitter:label1\" content=\"Escrito por\" \/>\n\t<meta name=\"twitter:data1\" content=\"Luzimara Fernandes\" \/>\n\t<meta name=\"twitter:label2\" content=\"Est. tempo de leitura\" \/>\n\t<meta name=\"twitter:data2\" content=\"1 minuto\" \/>\n<script type=\"application\/ld+json\" class=\"yoast-schema-graph\">{\"@context\":\"https:\/\/schema.org\",\"@graph\":[{\"@type\":\"Article\",\"@id\":\"https:\/\/jornalfatosenoticias.com.br\/index.php\/2021\/11\/29\/oms-reune-especialistas-para-criar-tratado-de-combate-a-pandemias\/#article\",\"isPartOf\":{\"@id\":\"https:\/\/jornalfatosenoticias.com.br\/index.php\/2021\/11\/29\/oms-reune-especialistas-para-criar-tratado-de-combate-a-pandemias\/\"},\"author\":{\"name\":\"Luzimara Fernandes\",\"@id\":\"https:\/\/jornalfatosenoticias.com.br\/#\/schema\/person\/d63837fa13ac8666eb9e74e0985d6f81\"},\"headline\":\"OMS re\u00fane especialistas para criar tratado de combate a pandemias\",\"datePublished\":\"2021-11-29T13:22:47+00:00\",\"dateModified\":\"2021-11-29T13:22:50+00:00\",\"mainEntityOfPage\":{\"@id\":\"https:\/\/jornalfatosenoticias.com.br\/index.php\/2021\/11\/29\/oms-reune-especialistas-para-criar-tratado-de-combate-a-pandemias\/\"},\"wordCount\":288,\"commentCount\":0,\"publisher\":{\"@id\":\"https:\/\/jornalfatosenoticias.com.br\/#organization\"},\"image\":{\"@id\":\"https:\/\/jornalfatosenoticias.com.br\/index.php\/2021\/11\/29\/oms-reune-especialistas-para-criar-tratado-de-combate-a-pandemias\/#primaryimage\"},\"thumbnailUrl\":\"https:\/\/jornalfatosenoticias.com.br\/wp-content\/uploads\/2021\/11\/oms.jpg\",\"keywords\":[\"alerta\",\"coronav\u00edrus\",\"covid-19\",\"nova variante\",\"oms\",\"pandemia\"],\"articleSection\":[\"Sa\u00fade\"],\"inLanguage\":\"pt-BR\",\"potentialAction\":[{\"@type\":\"CommentAction\",\"name\":\"Comment\",\"target\":[\"https:\/\/jornalfatosenoticias.com.br\/index.php\/2021\/11\/29\/oms-reune-especialistas-para-criar-tratado-de-combate-a-pandemias\/#respond\"]}]},{\"@type\":\"WebPage\",\"@id\":\"https:\/\/jornalfatosenoticias.com.br\/index.php\/2021\/11\/29\/oms-reune-especialistas-para-criar-tratado-de-combate-a-pandemias\/\",\"url\":\"https:\/\/jornalfatosenoticias.com.br\/index.php\/2021\/11\/29\/oms-reune-especialistas-para-criar-tratado-de-combate-a-pandemias\/\",\"name\":\"OMS re\u00fane especialistas para criar tratado de combate a pandemias - Jornal Fatos e Not\u00edcias\",\"isPartOf\":{\"@id\":\"https:\/\/jornalfatosenoticias.com.br\/#website\"},\"primaryImageOfPage\":{\"@id\":\"https:\/\/jornalfatosenoticias.com.br\/index.php\/2021\/11\/29\/oms-reune-especialistas-para-criar-tratado-de-combate-a-pandemias\/#primaryimage\"},\"image\":{\"@id\":\"https:\/\/jornalfatosenoticias.com.br\/index.php\/2021\/11\/29\/oms-reune-especialistas-para-criar-tratado-de-combate-a-pandemias\/#primaryimage\"},\"thumbnailUrl\":\"https:\/\/jornalfatosenoticias.com.br\/wp-content\/uploads\/2021\/11\/oms.jpg\",\"datePublished\":\"2021-11-29T13:22:47+00:00\",\"dateModified\":\"2021-11-29T13:22:50+00:00\",\"breadcrumb\":{\"@id\":\"https:\/\/jornalfatosenoticias.com.br\/index.php\/2021\/11\/29\/oms-reune-especialistas-para-criar-tratado-de-combate-a-pandemias\/#breadcrumb\"},\"inLanguage\":\"pt-BR\",\"potentialAction\":[{\"@type\":\"ReadAction\",\"target\":[\"https:\/\/jornalfatosenoticias.com.br\/index.php\/2021\/11\/29\/oms-reune-especialistas-para-criar-tratado-de-combate-a-pandemias\/\"]}]},{\"@type\":\"ImageObject\",\"inLanguage\":\"pt-BR\",\"@id\":\"https:\/\/jornalfatosenoticias.com.br\/index.php\/2021\/11\/29\/oms-reune-especialistas-para-criar-tratado-de-combate-a-pandemias\/#primaryimage\",\"url\":\"https:\/\/jornalfatosenoticias.com.br\/wp-content\/uploads\/2021\/11\/oms.jpg\",\"contentUrl\":\"https:\/\/jornalfatosenoticias.com.br\/wp-content\/uploads\/2021\/11\/oms.jpg\",\"width\":1000,\"height\":598},{\"@type\":\"BreadcrumbList\",\"@id\":\"https:\/\/jornalfatosenoticias.com.br\/index.php\/2021\/11\/29\/oms-reune-especialistas-para-criar-tratado-de-combate-a-pandemias\/#breadcrumb\",\"itemListElement\":[{\"@type\":\"ListItem\",\"position\":1,\"name\":\"In\u00edcio\",\"item\":\"https:\/\/jornalfatosenoticias.com.br\/\"},{\"@type\":\"ListItem\",\"position\":2,\"name\":\"OMS re\u00fane especialistas para criar tratado de combate a pandemias\"}]},{\"@type\":\"WebSite\",\"@id\":\"https:\/\/jornalfatosenoticias.com.br\/#website\",\"url\":\"https:\/\/jornalfatosenoticias.com.br\/\",\"name\":\"Jornal Fatos e Not\u00edcias\",\"description\":\"Not\u00edcias em geral\",\"publisher\":{\"@id\":\"https:\/\/jornalfatosenoticias.com.br\/#organization\"},\"potentialAction\":[{\"@type\":\"SearchAction\",\"target\":{\"@type\":\"EntryPoint\",\"urlTemplate\":\"https:\/\/jornalfatosenoticias.com.br\/?s={search_term_string}\"},\"query-input\":{\"@type\":\"PropertyValueSpecification\",\"valueRequired\":true,\"valueName\":\"search_term_string\"}}],\"inLanguage\":\"pt-BR\"},{\"@type\":\"Organization\",\"@id\":\"https:\/\/jornalfatosenoticias.com.br\/#organization\",\"name\":\"Jornal Fatos e Not\u00edcias\",\"url\":\"https:\/\/jornalfatosenoticias.com.br\/\",\"logo\":{\"@type\":\"ImageObject\",\"inLanguage\":\"pt-BR\",\"@id\":\"https:\/\/jornalfatosenoticias.com.br\/#\/schema\/logo\/image\/\",\"url\":\"https:\/\/jornalfatosenoticias.com.br\/wp-content\/uploads\/2020\/02\/logo120.png\",\"contentUrl\":\"https:\/\/jornalfatosenoticias.com.br\/wp-content\/uploads\/2020\/02\/logo120.png\",\"width\":1227,\"height\":120,\"caption\":\"Jornal Fatos e Not\u00edcias\"},\"image\":{\"@id\":\"https:\/\/jornalfatosenoticias.com.br\/#\/schema\/logo\/image\/\"}},{\"@type\":\"Person\",\"@id\":\"https:\/\/jornalfatosenoticias.com.br\/#\/schema\/person\/d63837fa13ac8666eb9e74e0985d6f81\",\"name\":\"Luzimara Fernandes\",\"image\":{\"@type\":\"ImageObject\",\"inLanguage\":\"pt-BR\",\"@id\":\"https:\/\/jornalfatosenoticias.com.br\/#\/schema\/person\/image\/\",\"url\":\"https:\/\/jornalfatosenoticias.com.br\/wp-content\/uploads\/2025\/05\/EU_portal.jpg\",\"contentUrl\":\"https:\/\/jornalfatosenoticias.com.br\/wp-content\/uploads\/2025\/05\/EU_portal.jpg\",\"caption\":\"Luzimara Fernandes\"},\"description\":\"Jornalista MTB 2358-ES\",\"sameAs\":[\"https:\/\/jornalfatosenoticias.com.br\"],\"url\":\"https:\/\/jornalfatosenoticias.com.br\/index.php\/author\/luzimara\/\"}]}<\/script>\n<!-- \/ Yoast SEO plugin. -->","yoast_head_json":{"title":"OMS re\u00fane especialistas para criar tratado de combate a pandemias - Jornal Fatos e Not\u00edcias","robots":{"index":"index","follow":"follow","max-snippet":"max-snippet:-1","max-image-preview":"max-image-preview:large","max-video-preview":"max-video-preview:-1"},"canonical":"https:\/\/jornalfatosenoticias.com.br\/index.php\/2021\/11\/29\/oms-reune-especialistas-para-criar-tratado-de-combate-a-pandemias\/","og_locale":"pt_BR","og_type":"article","og_title":"OMS re\u00fane especialistas para criar tratado de combate a pandemias - Jornal Fatos e Not\u00edcias","og_description":"Objetivo \u00e9 que popula\u00e7\u00f5es n\u00e3o sejam apanhadas desprevenidas A Organiza\u00e7\u00e3o Mundial da Sa\u00fade (OMS) re\u00fane-se nesta segunda-feira (29) para discutir o Tratado Global de Combate \u00e0s Pandemias.Durante tr\u00eas dias, representantes de quase duas centenas de pa\u00edses v\u00e3o analisar as propostas do grupo de trabalho criado para pensar como \u00e9 que o mundo se deve preparar [&hellip;]","og_url":"https:\/\/jornalfatosenoticias.com.br\/index.php\/2021\/11\/29\/oms-reune-especialistas-para-criar-tratado-de-combate-a-pandemias\/","og_site_name":"Jornal Fatos e Not\u00edcias","article_published_time":"2021-11-29T13:22:47+00:00","article_modified_time":"2021-11-29T13:22:50+00:00","og_image":[{"width":1000,"height":598,"url":"https:\/\/jornalfatosenoticias.com.br\/wp-content\/uploads\/2021\/11\/oms.jpg","type":"image\/jpeg"}],"author":"Luzimara Fernandes","twitter_card":"summary_large_image","twitter_misc":{"Escrito por":"Luzimara Fernandes","Est. tempo de leitura":"1 minuto"},"schema":{"@context":"https:\/\/schema.org","@graph":[{"@type":"Article","@id":"https:\/\/jornalfatosenoticias.com.br\/index.php\/2021\/11\/29\/oms-reune-especialistas-para-criar-tratado-de-combate-a-pandemias\/#article","isPartOf":{"@id":"https:\/\/jornalfatosenoticias.com.br\/index.php\/2021\/11\/29\/oms-reune-especialistas-para-criar-tratado-de-combate-a-pandemias\/"},"author":{"name":"Luzimara Fernandes","@id":"https:\/\/jornalfatosenoticias.com.br\/#\/schema\/person\/d63837fa13ac8666eb9e74e0985d6f81"},"headline":"OMS re\u00fane especialistas para criar tratado de combate a pandemias","datePublished":"2021-11-29T13:22:47+00:00","dateModified":"2021-11-29T13:22:50+00:00","mainEntityOfPage":{"@id":"https:\/\/jornalfatosenoticias.com.br\/index.php\/2021\/11\/29\/oms-reune-especialistas-para-criar-tratado-de-combate-a-pandemias\/"},"wordCount":288,"commentCount":0,"publisher":{"@id":"https:\/\/jornalfatosenoticias.com.br\/#organization"},"image":{"@id":"https:\/\/jornalfatosenoticias.com.br\/index.php\/2021\/11\/29\/oms-reune-especialistas-para-criar-tratado-de-combate-a-pandemias\/#primaryimage"},"thumbnailUrl":"https:\/\/jornalfatosenoticias.com.br\/wp-content\/uploads\/2021\/11\/oms.jpg","keywords":["alerta","coronav\u00edrus","covid-19","nova variante","oms","pandemia"],"articleSection":["Sa\u00fade"],"inLanguage":"pt-BR","potentialAction":[{"@type":"CommentAction","name":"Comment","target":["https:\/\/jornalfatosenoticias.com.br\/index.php\/2021\/11\/29\/oms-reune-especialistas-para-criar-tratado-de-combate-a-pandemias\/#respond"]}]},{"@type":"WebPage","@id":"https:\/\/jornalfatosenoticias.com.br\/index.php\/2021\/11\/29\/oms-reune-especialistas-para-criar-tratado-de-combate-a-pandemias\/","url":"https:\/\/jornalfatosenoticias.com.br\/index.php\/2021\/11\/29\/oms-reune-especialistas-para-criar-tratado-de-combate-a-pandemias\/","name":"OMS re\u00fane especialistas para criar tratado de combate a pandemias - Jornal Fatos e Not\u00edcias","isPartOf":{"@id":"https:\/\/jornalfatosenoticias.com.br\/#website"},"primaryImageOfPage":{"@id":"https:\/\/jornalfatosenoticias.com.br\/index.php\/2021\/11\/29\/oms-reune-especialistas-para-criar-tratado-de-combate-a-pandemias\/#primaryimage"},"image":{"@id":"https:\/\/jornalfatosenoticias.com.br\/index.php\/2021\/11\/29\/oms-reune-especialistas-para-criar-tratado-de-combate-a-pandemias\/#primaryimage"},"thumbnailUrl":"https:\/\/jornalfatosenoticias.com.br\/wp-content\/uploads\/2021\/11\/oms.jpg","datePublished":"2021-11-29T13:22:47+00:00","dateModified":"2021-11-29T13:22:50+00:00","breadcrumb":{"@id":"https:\/\/jornalfatosenoticias.com.br\/index.php\/2021\/11\/29\/oms-reune-especialistas-para-criar-tratado-de-combate-a-pandemias\/#breadcrumb"},"inLanguage":"pt-BR","potentialAction":[{"@type":"ReadAction","target":["https:\/\/jornalfatosenoticias.com.br\/index.php\/2021\/11\/29\/oms-reune-especialistas-para-criar-tratado-de-combate-a-pandemias\/"]}]},{"@type":"ImageObject","inLanguage":"pt-BR","@id":"https:\/\/jornalfatosenoticias.com.br\/index.php\/2021\/11\/29\/oms-reune-especialistas-para-criar-tratado-de-combate-a-pandemias\/#primaryimage","url":"https:\/\/jornalfatosenoticias.com.br\/wp-content\/uploads\/2021\/11\/oms.jpg","contentUrl":"https:\/\/jornalfatosenoticias.com.br\/wp-content\/uploads\/2021\/11\/oms.jpg","width":1000,"height":598},{"@type":"BreadcrumbList","@id":"https:\/\/jornalfatosenoticias.com.br\/index.php\/2021\/11\/29\/oms-reune-especialistas-para-criar-tratado-de-combate-a-pandemias\/#breadcrumb","itemListElement":[{"@type":"ListItem","position":1,"name":"In\u00edcio","item":"https:\/\/jornalfatosenoticias.com.br\/"},{"@type":"ListItem","position":2,"name":"OMS re\u00fane especialistas para criar tratado de combate a pandemias"}]},{"@type":"WebSite","@id":"https:\/\/jornalfatosenoticias.com.br\/#website","url":"https:\/\/jornalfatosenoticias.com.br\/","name":"Jornal Fatos e Not\u00edcias","description":"Not\u00edcias em geral","publisher":{"@id":"https:\/\/jornalfatosenoticias.com.br\/#organization"},"potentialAction":[{"@type":"SearchAction","target":{"@type":"EntryPoint","urlTemplate":"https:\/\/jornalfatosenoticias.com.br\/?s={search_term_string}"},"query-input":{"@type":"PropertyValueSpecification","valueRequired":true,"valueName":"search_term_string"}}],"inLanguage":"pt-BR"},{"@type":"Organization","@id":"https:\/\/jornalfatosenoticias.com.br\/#organization","name":"Jornal Fatos e Not\u00edcias","url":"https:\/\/jornalfatosenoticias.com.br\/","logo":{"@type":"ImageObject","inLanguage":"pt-BR","@id":"https:\/\/jornalfatosenoticias.com.br\/#\/schema\/logo\/image\/","url":"https:\/\/jornalfatosenoticias.com.br\/wp-content\/uploads\/2020\/02\/logo120.png","contentUrl":"https:\/\/jornalfatosenoticias.com.br\/wp-content\/uploads\/2020\/02\/logo120.png","width":1227,"height":120,"caption":"Jornal Fatos e Not\u00edcias"},"image":{"@id":"https:\/\/jornalfatosenoticias.com.br\/#\/schema\/logo\/image\/"}},{"@type":"Person","@id":"https:\/\/jornalfatosenoticias.com.br\/#\/schema\/person\/d63837fa13ac8666eb9e74e0985d6f81","name":"Luzimara Fernandes","image":{"@type":"ImageObject","inLanguage":"pt-BR","@id":"https:\/\/jornalfatosenoticias.com.br\/#\/schema\/person\/image\/","url":"https:\/\/jornalfatosenoticias.com.br\/wp-content\/uploads\/2025\/05\/EU_portal.jpg","contentUrl":"https:\/\/jornalfatosenoticias.com.br\/wp-content\/uploads\/2025\/05\/EU_portal.jpg","caption":"Luzimara Fernandes"},"description":"Jornalista MTB 2358-ES","sameAs":["https:\/\/jornalfatosenoticias.com.br"],"url":"https:\/\/jornalfatosenoticias.com.br\/index.php\/author\/luzimara\/"}]}},"cc_featured_image_caption":{"caption_text":"(Foto: Reuters\/Denis Balibouse\/Diretos Reservados) ","source_text":"","source_url":""},"jetpack_featured_media_url":"https:\/\/jornalfatosenoticias.com.br\/wp-content\/uploads\/2021\/11\/oms.jpg","_links":{"self":[{"href":"https:\/\/jornalfatosenoticias.com.br\/index.php\/wp-json\/wp\/v2\/posts\/25341","targetHints":{"allow":["GET"]}}],"collection":[{"href":"https:\/\/jornalfatosenoticias.com.br\/index.php\/wp-json\/wp\/v2\/posts"}],"about":[{"href":"https:\/\/jornalfatosenoticias.com.br\/index.php\/wp-json\/wp\/v2\/types\/post"}],"author":[{"embeddable":true,"href":"https:\/\/jornalfatosenoticias.com.br\/index.php\/wp-json\/wp\/v2\/users\/2"}],"replies":[{"embeddable":true,"href":"https:\/\/jornalfatosenoticias.com.br\/index.php\/wp-json\/wp\/v2\/comments?post=25341"}],"version-history":[{"count":0,"href":"https:\/\/jornalfatosenoticias.com.br\/index.php\/wp-json\/wp\/v2\/posts\/25341\/revisions"}],"wp:featuredmedia":[{"embeddable":true,"href":"https:\/\/jornalfatosenoticias.com.br\/index.php\/wp-json\/wp\/v2\/media\/25342"}],"wp:attachment":[{"href":"https:\/\/jornalfatosenoticias.com.br\/index.php\/wp-json\/wp\/v2\/media?parent=25341"}],"wp:term":[{"taxonomy":"category","embeddable":true,"href":"https:\/\/jornalfatosenoticias.com.br\/index.php\/wp-json\/wp\/v2\/categories?post=25341"},{"taxonomy":"post_tag","embeddable":true,"href":"https:\/\/jornalfatosenoticias.com.br\/index.php\/wp-json\/wp\/v2\/tags?post=25341"}],"curies":[{"name":"wp","href":"https:\/\/api.w.org\/{rel}","templated":true}]}}