{"id":25347,"date":"2021-11-29T10:51:05","date_gmt":"2021-11-29T13:51:05","guid":{"rendered":"https:\/\/jornalfatosenoticias.com.br\/?p=25347"},"modified":"2021-11-29T10:51:10","modified_gmt":"2021-11-29T13:51:10","slug":"alunos-de-vargem-alta-lancam-video-documentario-em-360o-sobre-meio-ambiente","status":"publish","type":"post","link":"https:\/\/jornalfatosenoticias.com.br\/index.php\/2021\/11\/29\/alunos-de-vargem-alta-lancam-video-documentario-em-360o-sobre-meio-ambiente\/","title":{"rendered":"Alunos de Vargem Alta lan\u00e7am v\u00eddeo document\u00e1rio em 360\u00ba sobre Meio Ambiente"},"content":{"rendered":"\n<p><em><span class=\"has-inline-color has-black-color\">\u201cSaberes da Mata\u201d aborda a rela\u00e7\u00e3o da comunidade rural com a Mata Atl\u00e2ntica<\/span><\/em><\/p>\n\n\n\n<p>Alunos do 9\u00ba ano da EMEB Jo\u00e3o Domingos Fassarella lan\u00e7am o v\u00eddeo document\u00e1rio em 360\u00ba \u201cSaberes da Mata\u201d no YouTube. A produ\u00e7\u00e3o \u00e9 fruto de oficinas do projeto NOSSA MATA EM 360\u00ba que alia educa\u00e7\u00e3o ambiental com realidade virtual de v\u00eddeo em 360\u00ba. O v\u00eddeo aborda a rela\u00e7\u00e3o das pessoas da comunidade de Castelinho, em Vargem Alta-ES, com a Mata Atl\u00e2ntica e pode ser assistido no canal do Coletivo Campo Aberto.<br>De acordo com a resolu\u00e7\u00e3o n\u00ba 03\/91 do Conselho Estadual de Cultura da Secretaria de Estado de Educa\u00e7\u00e3o e Cultura do Governo do Esp\u00edrito Santo est\u00e1 aprovado o tombamento da Mata Atl\u00e2ntica e seus Ecossistemas Associados no Estado do Esp\u00edrito Santo. Ainda de acordo com essa resolu\u00e7\u00e3o, o munic\u00edpio de Vargem Alta est\u00e1 entre os munic\u00edpios pertencentes ao tombamento da Mata Atl\u00e2ntica. A Mata Atl\u00e2ntica na comunidade de Castelinho \u00e9 refer\u00eancia internacional, pelo fato de ter sido redescoberto nessa regi\u00e3o a sa\u00edra-apunhalada, um p\u00e1ssaro que havia sido considerado em extin\u00e7\u00e3o por muito tempo.<\/p>\n\n\n\n<div class=\"wp-block-image\"><figure class=\"aligncenter size-large\"><img loading=\"lazy\" decoding=\"async\" width=\"560\" height=\"1000\" src=\"https:\/\/jornalfatosenoticias.com.br\/wp-content\/uploads\/2021\/11\/FOT-3-2.jpeg\" alt=\"\" class=\"wp-image-25349\" srcset=\"https:\/\/jornalfatosenoticias.com.br\/wp-content\/uploads\/2021\/11\/FOT-3-2.jpeg 560w, https:\/\/jornalfatosenoticias.com.br\/wp-content\/uploads\/2021\/11\/FOT-3-2-168x300.jpeg 168w\" sizes=\"auto, (max-width: 560px) 100vw, 560px\" \/><figcaption><em><span class=\"has-inline-color has-black-color\">(Foto: Divulga\u00e7\u00e3o)<\/span><\/em><\/figcaption><\/figure><\/div>\n\n\n\n<p>Durante os meses de outubro e novembro, os alunos participaram de oficinas de roteiro, filmagem, edi\u00e7\u00e3o e exibi\u00e7\u00e3o. De acordo com Sara Passabon, produtora-executiva do projeto, o impacto \u00e9 o vislumbre e o in\u00edcio da transforma\u00e7\u00e3o em torno de quest\u00f5es sociais, ambientais e de relacionamento humano. \u201cA arte \u00e9 uma \u00f3tima forma de sensibilizar os jovens. As artes audiovisuais permitem o trabalho coletivo e a mobiliza\u00e7\u00e3o de imagens e sons para representar o mundo, pessoas e sonhos\u201d, afirma Sara.<br>O v\u00eddeo conta ainda com interpreta\u00e7\u00e3o em libras produzido pelo aluno Marcos Henrikson Schiavo sob a orienta\u00e7\u00e3o da professora int\u00e9rprete de Libras, Maria Aparecida Damazio. O projeto NOSSA MATA EM 360\u00ba \u00e9 uma realiza\u00e7\u00e3o do Coletivo Campo Aberto e Paisagem, com o apoio da EXP Filmes e da Secult\/ES atrav\u00e9s de recursos do Funcultura.<\/p>\n\n\n\n<figure class=\"wp-block-image size-large\"><img loading=\"lazy\" decoding=\"async\" width=\"666\" height=\"1000\" src=\"https:\/\/jornalfatosenoticias.com.br\/wp-content\/uploads\/2021\/11\/IMG_8053-1.jpg\" alt=\"\" class=\"wp-image-25350\" srcset=\"https:\/\/jornalfatosenoticias.com.br\/wp-content\/uploads\/2021\/11\/IMG_8053-1.jpg 666w, https:\/\/jornalfatosenoticias.com.br\/wp-content\/uploads\/2021\/11\/IMG_8053-1-200x300.jpg 200w\" sizes=\"auto, (max-width: 666px) 100vw, 666px\" \/><figcaption><em><span class=\"has-inline-color has-black-color\">(Foto: Divulga\u00e7\u00e3o)<\/span><\/em><\/figcaption><\/figure>\n\n\n\n<p><strong><span class=\"has-inline-color has-black-color\">Doc 360\u00ba \u201cSaberes da Mata\u201d<br><\/span><\/strong><span class=\"has-inline-color has-black-color\">Doc, 5\u2019, 2021<br><strong>Onde assistir:<\/strong> <a href=\"http:\/\/www.nossamata360.com\/\" target=\"_blank\" rel=\"noreferrer noopener\">www.nossamata360.com<\/a><br><strong>Instagram:<\/strong> <a href=\"https:\/\/www.instagram.com\/nossamata360\/\" target=\"_blank\" rel=\"noreferrer noopener\">www.instagram.com\/nossamata360<\/a><br><strong>Facebook: <\/strong><a href=\"https:\/\/www.facebook.com\/nossamata360\/\" target=\"_blank\" rel=\"noreferrer noopener\">www.facebook.com\/nossamata360<\/a><\/span><\/p>\n","protected":false},"excerpt":{"rendered":"<p>\u201cSaberes da Mata\u201d aborda a rela\u00e7\u00e3o da comunidade rural com a Mata Atl\u00e2ntica Alunos do 9\u00ba ano da EMEB Jo\u00e3o Domingos Fassarella lan\u00e7am o v\u00eddeo document\u00e1rio em 360\u00ba \u201cSaberes da Mata\u201d no YouTube. A produ\u00e7\u00e3o \u00e9 fruto de oficinas do projeto NOSSA MATA EM 360\u00ba que alia educa\u00e7\u00e3o ambiental com realidade virtual de v\u00eddeo em [&hellip;]<\/p>\n","protected":false},"author":2,"featured_media":25348,"comment_status":"open","ping_status":"open","sticky":false,"template":"","format":"standard","meta":{"footnotes":""},"categories":[4,7],"tags":[649,258,945,10826,12243],"class_list":["post-25347","post","type-post","status-publish","format-standard","has-post-thumbnail","hentry","category-cultura","category-educacao","tag-alunos","tag-mata-atlantica","tag-meio-ambiente","tag-vargem-alta","tag-video-documentario"],"yoast_head":"<!-- This site is optimized with the Yoast SEO plugin v26.5 - https:\/\/yoast.com\/wordpress\/plugins\/seo\/ -->\n<title>Alunos de Vargem Alta lan\u00e7am v\u00eddeo document\u00e1rio em 360\u00ba sobre Meio Ambiente - Jornal Fatos e Not\u00edcias<\/title>\n<meta name=\"robots\" content=\"index, follow, max-snippet:-1, max-image-preview:large, max-video-preview:-1\" \/>\n<link rel=\"canonical\" href=\"https:\/\/jornalfatosenoticias.com.br\/index.php\/2021\/11\/29\/alunos-de-vargem-alta-lancam-video-documentario-em-360o-sobre-meio-ambiente\/\" \/>\n<meta property=\"og:locale\" content=\"pt_BR\" \/>\n<meta property=\"og:type\" content=\"article\" \/>\n<meta property=\"og:title\" content=\"Alunos de Vargem Alta lan\u00e7am v\u00eddeo document\u00e1rio em 360\u00ba sobre Meio Ambiente - Jornal Fatos e Not\u00edcias\" \/>\n<meta property=\"og:description\" content=\"\u201cSaberes da Mata\u201d aborda a rela\u00e7\u00e3o da comunidade rural com a Mata Atl\u00e2ntica Alunos do 9\u00ba ano da EMEB Jo\u00e3o Domingos Fassarella lan\u00e7am o v\u00eddeo document\u00e1rio em 360\u00ba \u201cSaberes da Mata\u201d no YouTube. A produ\u00e7\u00e3o \u00e9 fruto de oficinas do projeto NOSSA MATA EM 360\u00ba que alia educa\u00e7\u00e3o ambiental com realidade virtual de v\u00eddeo em [&hellip;]\" \/>\n<meta property=\"og:url\" content=\"https:\/\/jornalfatosenoticias.com.br\/index.php\/2021\/11\/29\/alunos-de-vargem-alta-lancam-video-documentario-em-360o-sobre-meio-ambiente\/\" \/>\n<meta property=\"og:site_name\" content=\"Jornal Fatos e Not\u00edcias\" \/>\n<meta property=\"article:published_time\" content=\"2021-11-29T13:51:05+00:00\" \/>\n<meta property=\"article:modified_time\" content=\"2021-11-29T13:51:10+00:00\" \/>\n<meta property=\"og:image\" content=\"https:\/\/jornalfatosenoticias.com.br\/wp-content\/uploads\/2021\/11\/IMG_8793-1.jpg\" \/>\n\t<meta property=\"og:image:width\" content=\"1000\" \/>\n\t<meta property=\"og:image:height\" content=\"666\" \/>\n\t<meta property=\"og:image:type\" content=\"image\/jpeg\" \/>\n<meta name=\"author\" content=\"Luzimara Fernandes\" \/>\n<meta name=\"twitter:card\" content=\"summary_large_image\" \/>\n<meta name=\"twitter:label1\" content=\"Escrito por\" \/>\n\t<meta name=\"twitter:data1\" content=\"Luzimara Fernandes\" \/>\n\t<meta name=\"twitter:label2\" content=\"Est. tempo de leitura\" \/>\n\t<meta name=\"twitter:data2\" content=\"2 minutos\" \/>\n<script type=\"application\/ld+json\" class=\"yoast-schema-graph\">{\"@context\":\"https:\/\/schema.org\",\"@graph\":[{\"@type\":\"Article\",\"@id\":\"https:\/\/jornalfatosenoticias.com.br\/index.php\/2021\/11\/29\/alunos-de-vargem-alta-lancam-video-documentario-em-360o-sobre-meio-ambiente\/#article\",\"isPartOf\":{\"@id\":\"https:\/\/jornalfatosenoticias.com.br\/index.php\/2021\/11\/29\/alunos-de-vargem-alta-lancam-video-documentario-em-360o-sobre-meio-ambiente\/\"},\"author\":{\"name\":\"Luzimara Fernandes\",\"@id\":\"https:\/\/jornalfatosenoticias.com.br\/#\/schema\/person\/d63837fa13ac8666eb9e74e0985d6f81\"},\"headline\":\"Alunos de Vargem Alta lan\u00e7am v\u00eddeo document\u00e1rio em 360\u00ba sobre Meio Ambiente\",\"datePublished\":\"2021-11-29T13:51:05+00:00\",\"dateModified\":\"2021-11-29T13:51:10+00:00\",\"mainEntityOfPage\":{\"@id\":\"https:\/\/jornalfatosenoticias.com.br\/index.php\/2021\/11\/29\/alunos-de-vargem-alta-lancam-video-documentario-em-360o-sobre-meio-ambiente\/\"},\"wordCount\":379,\"commentCount\":0,\"publisher\":{\"@id\":\"https:\/\/jornalfatosenoticias.com.br\/#organization\"},\"image\":{\"@id\":\"https:\/\/jornalfatosenoticias.com.br\/index.php\/2021\/11\/29\/alunos-de-vargem-alta-lancam-video-documentario-em-360o-sobre-meio-ambiente\/#primaryimage\"},\"thumbnailUrl\":\"https:\/\/jornalfatosenoticias.com.br\/wp-content\/uploads\/2021\/11\/IMG_8793-1.jpg\",\"keywords\":[\"alunos\",\"mata atl\u00e2ntica\",\"meio ambiente\",\"Vargem Alta\",\"v\u00eddeo document\u00e1rio\"],\"articleSection\":[\"Cultura\",\"Educa\u00e7\u00e3o\"],\"inLanguage\":\"pt-BR\",\"potentialAction\":[{\"@type\":\"CommentAction\",\"name\":\"Comment\",\"target\":[\"https:\/\/jornalfatosenoticias.com.br\/index.php\/2021\/11\/29\/alunos-de-vargem-alta-lancam-video-documentario-em-360o-sobre-meio-ambiente\/#respond\"]}]},{\"@type\":\"WebPage\",\"@id\":\"https:\/\/jornalfatosenoticias.com.br\/index.php\/2021\/11\/29\/alunos-de-vargem-alta-lancam-video-documentario-em-360o-sobre-meio-ambiente\/\",\"url\":\"https:\/\/jornalfatosenoticias.com.br\/index.php\/2021\/11\/29\/alunos-de-vargem-alta-lancam-video-documentario-em-360o-sobre-meio-ambiente\/\",\"name\":\"Alunos de Vargem Alta lan\u00e7am v\u00eddeo document\u00e1rio em 360\u00ba sobre Meio Ambiente - Jornal Fatos e Not\u00edcias\",\"isPartOf\":{\"@id\":\"https:\/\/jornalfatosenoticias.com.br\/#website\"},\"primaryImageOfPage\":{\"@id\":\"https:\/\/jornalfatosenoticias.com.br\/index.php\/2021\/11\/29\/alunos-de-vargem-alta-lancam-video-documentario-em-360o-sobre-meio-ambiente\/#primaryimage\"},\"image\":{\"@id\":\"https:\/\/jornalfatosenoticias.com.br\/index.php\/2021\/11\/29\/alunos-de-vargem-alta-lancam-video-documentario-em-360o-sobre-meio-ambiente\/#primaryimage\"},\"thumbnailUrl\":\"https:\/\/jornalfatosenoticias.com.br\/wp-content\/uploads\/2021\/11\/IMG_8793-1.jpg\",\"datePublished\":\"2021-11-29T13:51:05+00:00\",\"dateModified\":\"2021-11-29T13:51:10+00:00\",\"breadcrumb\":{\"@id\":\"https:\/\/jornalfatosenoticias.com.br\/index.php\/2021\/11\/29\/alunos-de-vargem-alta-lancam-video-documentario-em-360o-sobre-meio-ambiente\/#breadcrumb\"},\"inLanguage\":\"pt-BR\",\"potentialAction\":[{\"@type\":\"ReadAction\",\"target\":[\"https:\/\/jornalfatosenoticias.com.br\/index.php\/2021\/11\/29\/alunos-de-vargem-alta-lancam-video-documentario-em-360o-sobre-meio-ambiente\/\"]}]},{\"@type\":\"ImageObject\",\"inLanguage\":\"pt-BR\",\"@id\":\"https:\/\/jornalfatosenoticias.com.br\/index.php\/2021\/11\/29\/alunos-de-vargem-alta-lancam-video-documentario-em-360o-sobre-meio-ambiente\/#primaryimage\",\"url\":\"https:\/\/jornalfatosenoticias.com.br\/wp-content\/uploads\/2021\/11\/IMG_8793-1.jpg\",\"contentUrl\":\"https:\/\/jornalfatosenoticias.com.br\/wp-content\/uploads\/2021\/11\/IMG_8793-1.jpg\",\"width\":1000,\"height\":666},{\"@type\":\"BreadcrumbList\",\"@id\":\"https:\/\/jornalfatosenoticias.com.br\/index.php\/2021\/11\/29\/alunos-de-vargem-alta-lancam-video-documentario-em-360o-sobre-meio-ambiente\/#breadcrumb\",\"itemListElement\":[{\"@type\":\"ListItem\",\"position\":1,\"name\":\"In\u00edcio\",\"item\":\"https:\/\/jornalfatosenoticias.com.br\/\"},{\"@type\":\"ListItem\",\"position\":2,\"name\":\"Alunos de Vargem Alta lan\u00e7am v\u00eddeo document\u00e1rio em 360\u00ba sobre Meio Ambiente\"}]},{\"@type\":\"WebSite\",\"@id\":\"https:\/\/jornalfatosenoticias.com.br\/#website\",\"url\":\"https:\/\/jornalfatosenoticias.com.br\/\",\"name\":\"Jornal Fatos e Not\u00edcias\",\"description\":\"Not\u00edcias em geral\",\"publisher\":{\"@id\":\"https:\/\/jornalfatosenoticias.com.br\/#organization\"},\"potentialAction\":[{\"@type\":\"SearchAction\",\"target\":{\"@type\":\"EntryPoint\",\"urlTemplate\":\"https:\/\/jornalfatosenoticias.com.br\/?s={search_term_string}\"},\"query-input\":{\"@type\":\"PropertyValueSpecification\",\"valueRequired\":true,\"valueName\":\"search_term_string\"}}],\"inLanguage\":\"pt-BR\"},{\"@type\":\"Organization\",\"@id\":\"https:\/\/jornalfatosenoticias.com.br\/#organization\",\"name\":\"Jornal Fatos e Not\u00edcias\",\"url\":\"https:\/\/jornalfatosenoticias.com.br\/\",\"logo\":{\"@type\":\"ImageObject\",\"inLanguage\":\"pt-BR\",\"@id\":\"https:\/\/jornalfatosenoticias.com.br\/#\/schema\/logo\/image\/\",\"url\":\"https:\/\/jornalfatosenoticias.com.br\/wp-content\/uploads\/2020\/02\/logo120.png\",\"contentUrl\":\"https:\/\/jornalfatosenoticias.com.br\/wp-content\/uploads\/2020\/02\/logo120.png\",\"width\":1227,\"height\":120,\"caption\":\"Jornal Fatos e Not\u00edcias\"},\"image\":{\"@id\":\"https:\/\/jornalfatosenoticias.com.br\/#\/schema\/logo\/image\/\"}},{\"@type\":\"Person\",\"@id\":\"https:\/\/jornalfatosenoticias.com.br\/#\/schema\/person\/d63837fa13ac8666eb9e74e0985d6f81\",\"name\":\"Luzimara Fernandes\",\"image\":{\"@type\":\"ImageObject\",\"inLanguage\":\"pt-BR\",\"@id\":\"https:\/\/jornalfatosenoticias.com.br\/#\/schema\/person\/image\/\",\"url\":\"https:\/\/jornalfatosenoticias.com.br\/wp-content\/uploads\/2025\/05\/EU_portal.jpg\",\"contentUrl\":\"https:\/\/jornalfatosenoticias.com.br\/wp-content\/uploads\/2025\/05\/EU_portal.jpg\",\"caption\":\"Luzimara Fernandes\"},\"description\":\"Jornalista MTB 2358-ES\",\"sameAs\":[\"https:\/\/jornalfatosenoticias.com.br\"],\"url\":\"https:\/\/jornalfatosenoticias.com.br\/index.php\/author\/luzimara\/\"}]}<\/script>\n<!-- \/ Yoast SEO plugin. -->","yoast_head_json":{"title":"Alunos de Vargem Alta lan\u00e7am v\u00eddeo document\u00e1rio em 360\u00ba sobre Meio Ambiente - Jornal Fatos e Not\u00edcias","robots":{"index":"index","follow":"follow","max-snippet":"max-snippet:-1","max-image-preview":"max-image-preview:large","max-video-preview":"max-video-preview:-1"},"canonical":"https:\/\/jornalfatosenoticias.com.br\/index.php\/2021\/11\/29\/alunos-de-vargem-alta-lancam-video-documentario-em-360o-sobre-meio-ambiente\/","og_locale":"pt_BR","og_type":"article","og_title":"Alunos de Vargem Alta lan\u00e7am v\u00eddeo document\u00e1rio em 360\u00ba sobre Meio Ambiente - Jornal Fatos e Not\u00edcias","og_description":"\u201cSaberes da Mata\u201d aborda a rela\u00e7\u00e3o da comunidade rural com a Mata Atl\u00e2ntica Alunos do 9\u00ba ano da EMEB Jo\u00e3o Domingos Fassarella lan\u00e7am o v\u00eddeo document\u00e1rio em 360\u00ba \u201cSaberes da Mata\u201d no YouTube. A produ\u00e7\u00e3o \u00e9 fruto de oficinas do projeto NOSSA MATA EM 360\u00ba que alia educa\u00e7\u00e3o ambiental com realidade virtual de v\u00eddeo em [&hellip;]","og_url":"https:\/\/jornalfatosenoticias.com.br\/index.php\/2021\/11\/29\/alunos-de-vargem-alta-lancam-video-documentario-em-360o-sobre-meio-ambiente\/","og_site_name":"Jornal Fatos e Not\u00edcias","article_published_time":"2021-11-29T13:51:05+00:00","article_modified_time":"2021-11-29T13:51:10+00:00","og_image":[{"width":1000,"height":666,"url":"https:\/\/jornalfatosenoticias.com.br\/wp-content\/uploads\/2021\/11\/IMG_8793-1.jpg","type":"image\/jpeg"}],"author":"Luzimara Fernandes","twitter_card":"summary_large_image","twitter_misc":{"Escrito por":"Luzimara Fernandes","Est. tempo de leitura":"2 minutos"},"schema":{"@context":"https:\/\/schema.org","@graph":[{"@type":"Article","@id":"https:\/\/jornalfatosenoticias.com.br\/index.php\/2021\/11\/29\/alunos-de-vargem-alta-lancam-video-documentario-em-360o-sobre-meio-ambiente\/#article","isPartOf":{"@id":"https:\/\/jornalfatosenoticias.com.br\/index.php\/2021\/11\/29\/alunos-de-vargem-alta-lancam-video-documentario-em-360o-sobre-meio-ambiente\/"},"author":{"name":"Luzimara Fernandes","@id":"https:\/\/jornalfatosenoticias.com.br\/#\/schema\/person\/d63837fa13ac8666eb9e74e0985d6f81"},"headline":"Alunos de Vargem Alta lan\u00e7am v\u00eddeo document\u00e1rio em 360\u00ba sobre Meio Ambiente","datePublished":"2021-11-29T13:51:05+00:00","dateModified":"2021-11-29T13:51:10+00:00","mainEntityOfPage":{"@id":"https:\/\/jornalfatosenoticias.com.br\/index.php\/2021\/11\/29\/alunos-de-vargem-alta-lancam-video-documentario-em-360o-sobre-meio-ambiente\/"},"wordCount":379,"commentCount":0,"publisher":{"@id":"https:\/\/jornalfatosenoticias.com.br\/#organization"},"image":{"@id":"https:\/\/jornalfatosenoticias.com.br\/index.php\/2021\/11\/29\/alunos-de-vargem-alta-lancam-video-documentario-em-360o-sobre-meio-ambiente\/#primaryimage"},"thumbnailUrl":"https:\/\/jornalfatosenoticias.com.br\/wp-content\/uploads\/2021\/11\/IMG_8793-1.jpg","keywords":["alunos","mata atl\u00e2ntica","meio ambiente","Vargem Alta","v\u00eddeo document\u00e1rio"],"articleSection":["Cultura","Educa\u00e7\u00e3o"],"inLanguage":"pt-BR","potentialAction":[{"@type":"CommentAction","name":"Comment","target":["https:\/\/jornalfatosenoticias.com.br\/index.php\/2021\/11\/29\/alunos-de-vargem-alta-lancam-video-documentario-em-360o-sobre-meio-ambiente\/#respond"]}]},{"@type":"WebPage","@id":"https:\/\/jornalfatosenoticias.com.br\/index.php\/2021\/11\/29\/alunos-de-vargem-alta-lancam-video-documentario-em-360o-sobre-meio-ambiente\/","url":"https:\/\/jornalfatosenoticias.com.br\/index.php\/2021\/11\/29\/alunos-de-vargem-alta-lancam-video-documentario-em-360o-sobre-meio-ambiente\/","name":"Alunos de Vargem Alta lan\u00e7am v\u00eddeo document\u00e1rio em 360\u00ba sobre Meio Ambiente - Jornal Fatos e Not\u00edcias","isPartOf":{"@id":"https:\/\/jornalfatosenoticias.com.br\/#website"},"primaryImageOfPage":{"@id":"https:\/\/jornalfatosenoticias.com.br\/index.php\/2021\/11\/29\/alunos-de-vargem-alta-lancam-video-documentario-em-360o-sobre-meio-ambiente\/#primaryimage"},"image":{"@id":"https:\/\/jornalfatosenoticias.com.br\/index.php\/2021\/11\/29\/alunos-de-vargem-alta-lancam-video-documentario-em-360o-sobre-meio-ambiente\/#primaryimage"},"thumbnailUrl":"https:\/\/jornalfatosenoticias.com.br\/wp-content\/uploads\/2021\/11\/IMG_8793-1.jpg","datePublished":"2021-11-29T13:51:05+00:00","dateModified":"2021-11-29T13:51:10+00:00","breadcrumb":{"@id":"https:\/\/jornalfatosenoticias.com.br\/index.php\/2021\/11\/29\/alunos-de-vargem-alta-lancam-video-documentario-em-360o-sobre-meio-ambiente\/#breadcrumb"},"inLanguage":"pt-BR","potentialAction":[{"@type":"ReadAction","target":["https:\/\/jornalfatosenoticias.com.br\/index.php\/2021\/11\/29\/alunos-de-vargem-alta-lancam-video-documentario-em-360o-sobre-meio-ambiente\/"]}]},{"@type":"ImageObject","inLanguage":"pt-BR","@id":"https:\/\/jornalfatosenoticias.com.br\/index.php\/2021\/11\/29\/alunos-de-vargem-alta-lancam-video-documentario-em-360o-sobre-meio-ambiente\/#primaryimage","url":"https:\/\/jornalfatosenoticias.com.br\/wp-content\/uploads\/2021\/11\/IMG_8793-1.jpg","contentUrl":"https:\/\/jornalfatosenoticias.com.br\/wp-content\/uploads\/2021\/11\/IMG_8793-1.jpg","width":1000,"height":666},{"@type":"BreadcrumbList","@id":"https:\/\/jornalfatosenoticias.com.br\/index.php\/2021\/11\/29\/alunos-de-vargem-alta-lancam-video-documentario-em-360o-sobre-meio-ambiente\/#breadcrumb","itemListElement":[{"@type":"ListItem","position":1,"name":"In\u00edcio","item":"https:\/\/jornalfatosenoticias.com.br\/"},{"@type":"ListItem","position":2,"name":"Alunos de Vargem Alta lan\u00e7am v\u00eddeo document\u00e1rio em 360\u00ba sobre Meio Ambiente"}]},{"@type":"WebSite","@id":"https:\/\/jornalfatosenoticias.com.br\/#website","url":"https:\/\/jornalfatosenoticias.com.br\/","name":"Jornal Fatos e Not\u00edcias","description":"Not\u00edcias em geral","publisher":{"@id":"https:\/\/jornalfatosenoticias.com.br\/#organization"},"potentialAction":[{"@type":"SearchAction","target":{"@type":"EntryPoint","urlTemplate":"https:\/\/jornalfatosenoticias.com.br\/?s={search_term_string}"},"query-input":{"@type":"PropertyValueSpecification","valueRequired":true,"valueName":"search_term_string"}}],"inLanguage":"pt-BR"},{"@type":"Organization","@id":"https:\/\/jornalfatosenoticias.com.br\/#organization","name":"Jornal Fatos e Not\u00edcias","url":"https:\/\/jornalfatosenoticias.com.br\/","logo":{"@type":"ImageObject","inLanguage":"pt-BR","@id":"https:\/\/jornalfatosenoticias.com.br\/#\/schema\/logo\/image\/","url":"https:\/\/jornalfatosenoticias.com.br\/wp-content\/uploads\/2020\/02\/logo120.png","contentUrl":"https:\/\/jornalfatosenoticias.com.br\/wp-content\/uploads\/2020\/02\/logo120.png","width":1227,"height":120,"caption":"Jornal Fatos e Not\u00edcias"},"image":{"@id":"https:\/\/jornalfatosenoticias.com.br\/#\/schema\/logo\/image\/"}},{"@type":"Person","@id":"https:\/\/jornalfatosenoticias.com.br\/#\/schema\/person\/d63837fa13ac8666eb9e74e0985d6f81","name":"Luzimara Fernandes","image":{"@type":"ImageObject","inLanguage":"pt-BR","@id":"https:\/\/jornalfatosenoticias.com.br\/#\/schema\/person\/image\/","url":"https:\/\/jornalfatosenoticias.com.br\/wp-content\/uploads\/2025\/05\/EU_portal.jpg","contentUrl":"https:\/\/jornalfatosenoticias.com.br\/wp-content\/uploads\/2025\/05\/EU_portal.jpg","caption":"Luzimara Fernandes"},"description":"Jornalista MTB 2358-ES","sameAs":["https:\/\/jornalfatosenoticias.com.br"],"url":"https:\/\/jornalfatosenoticias.com.br\/index.php\/author\/luzimara\/"}]}},"cc_featured_image_caption":{"caption_text":"(Foto: Divulga\u00e7\u00e3o) ","source_text":"","source_url":""},"jetpack_featured_media_url":"https:\/\/jornalfatosenoticias.com.br\/wp-content\/uploads\/2021\/11\/IMG_8793-1.jpg","_links":{"self":[{"href":"https:\/\/jornalfatosenoticias.com.br\/index.php\/wp-json\/wp\/v2\/posts\/25347","targetHints":{"allow":["GET"]}}],"collection":[{"href":"https:\/\/jornalfatosenoticias.com.br\/index.php\/wp-json\/wp\/v2\/posts"}],"about":[{"href":"https:\/\/jornalfatosenoticias.com.br\/index.php\/wp-json\/wp\/v2\/types\/post"}],"author":[{"embeddable":true,"href":"https:\/\/jornalfatosenoticias.com.br\/index.php\/wp-json\/wp\/v2\/users\/2"}],"replies":[{"embeddable":true,"href":"https:\/\/jornalfatosenoticias.com.br\/index.php\/wp-json\/wp\/v2\/comments?post=25347"}],"version-history":[{"count":0,"href":"https:\/\/jornalfatosenoticias.com.br\/index.php\/wp-json\/wp\/v2\/posts\/25347\/revisions"}],"wp:featuredmedia":[{"embeddable":true,"href":"https:\/\/jornalfatosenoticias.com.br\/index.php\/wp-json\/wp\/v2\/media\/25348"}],"wp:attachment":[{"href":"https:\/\/jornalfatosenoticias.com.br\/index.php\/wp-json\/wp\/v2\/media?parent=25347"}],"wp:term":[{"taxonomy":"category","embeddable":true,"href":"https:\/\/jornalfatosenoticias.com.br\/index.php\/wp-json\/wp\/v2\/categories?post=25347"},{"taxonomy":"post_tag","embeddable":true,"href":"https:\/\/jornalfatosenoticias.com.br\/index.php\/wp-json\/wp\/v2\/tags?post=25347"}],"curies":[{"name":"wp","href":"https:\/\/api.w.org\/{rel}","templated":true}]}}