{"id":25359,"date":"2021-11-29T11:16:24","date_gmt":"2021-11-29T14:16:24","guid":{"rendered":"https:\/\/jornalfatosenoticias.com.br\/?p=25359"},"modified":"2021-11-29T11:16:24","modified_gmt":"2021-11-29T14:16:24","slug":"paris-usara-carros-voadores-eletricos-para-transportar-passageiros-nas-olimpiadas","status":"publish","type":"post","link":"https:\/\/jornalfatosenoticias.com.br\/index.php\/2021\/11\/29\/paris-usara-carros-voadores-eletricos-para-transportar-passageiros-nas-olimpiadas\/","title":{"rendered":"Paris usar\u00e1 carros voadores el\u00e9tricos para transportar passageiros nas Olimp\u00edadas"},"content":{"rendered":"\n<p>Autoridades francesas anunciaram na \u00faltima quinta-feira (25) que Paris vai come\u00e7ar a testar <a href=\"https:\/\/olhardigital.com.br\/2021\/07\/27\/reviews\/taxi-aereo-eletrico-completa-voo-de-240-km-nos-eua-veja\/\" target=\"_blank\" rel=\"noreferrer noopener\">t\u00e1xis a\u00e9reos el\u00e9tricos<\/a>, com o objetivo de criar pelo menos duas rotas de voo para os passageiros durante as\u00a0<a href=\"https:\/\/olhardigital.com.br\/tag\/olimpiadas\/\" target=\"_blank\" rel=\"noreferrer noopener\">Olimp\u00edadas<\/a> de 2024.<br>O ministro dos Transportes franc\u00eas, Jean-Baptiste Djebbari, foi \u00e0 inaugura\u00e7\u00e3o do novo local de testes de mobilidade a\u00e9rea em um campo de avia\u00e7\u00e3o a alguns quil\u00f4metros a noroeste de Paris.<br>\u201cTudo est\u00e1 se encaixando: parcerias, inova\u00e7\u00e3o, \u00e1reas de teste, regulamenta\u00e7\u00f5es, financiamento. Todos os ingredientes para o sucesso est\u00e3o a\u00ed, tudo o que resta \u00e9 fazer acontecer\u201d, disse Djebbari.<\/p>\n\n\n\n<p><strong><span class=\"has-inline-color has-black-color\">Rotas dos carros voadores nas Olimp\u00edadas<br><\/span><\/strong>A primeira rota ol\u00edmpica deve transportar passageiros entre os aeroportos Paris-Charles de Gaulle e Le Bourget, e uma segunda ligaria dois sub\u00farbios parisienses. Cerca de 30 fabricantes responderam \u00e0 chamada para testar v\u00e1rias pe\u00e7as de aeronaves el\u00e9tricas de decolagem e pouso vertical (<a href=\"https:\/\/olhardigital.com.br\/2021\/11\/17\/carros-e-tecnologia\/multicoptero-evtol\/\" target=\"_blank\" rel=\"noreferrer noopener\">eVTOLs<\/a>), e a infraestrutura que um aeroporto seguro exigiria.<br>O aer\u00f3dromo perto de Paris j\u00e1 foi adaptado para incluir uma \u00e1rea de pouso e decolagem, pistas de taxiamento, pra\u00e7as de estacionamento, planejamento de dep\u00f3sito e muito mais.<\/p>\n\n\n\n<figure class=\"wp-block-image size-large\"><img loading=\"lazy\" decoding=\"async\" width=\"1000\" height=\"570\" src=\"https:\/\/jornalfatosenoticias.com.br\/wp-content\/uploads\/2021\/11\/Futur_Vertiport_infrastructure_at_Paris-Charles_de_Gaulle_Airport_\u00a9Groupe_ADP.jpg\" alt=\"\" class=\"wp-image-25360\" srcset=\"https:\/\/jornalfatosenoticias.com.br\/wp-content\/uploads\/2021\/11\/Futur_Vertiport_infrastructure_at_Paris-Charles_de_Gaulle_Airport_\u00a9Groupe_ADP.jpg 1000w, https:\/\/jornalfatosenoticias.com.br\/wp-content\/uploads\/2021\/11\/Futur_Vertiport_infrastructure_at_Paris-Charles_de_Gaulle_Airport_\u00a9Groupe_ADP-300x171.jpg 300w, https:\/\/jornalfatosenoticias.com.br\/wp-content\/uploads\/2021\/11\/Futur_Vertiport_infrastructure_at_Paris-Charles_de_Gaulle_Airport_\u00a9Groupe_ADP-768x438.jpg 768w\" sizes=\"auto, (max-width: 1000px) 100vw, 1000px\" \/><figcaption><em><span class=\"has-inline-color has-black-color\">Futuro \u201cvertiporto\u201d no aeroporto Paris-Charles de Gaulle (Foto: Grupo ADP)<\/span><\/em><\/figcaption><\/figure>\n\n\n\n<p>Testes de voo j\u00e1 foram realizados com um drone, que carregou suprimentos m\u00e9dicos, como bolsas de sangue e kits de sa\u00fade. Sistemas anticolis\u00e3o e de recarga tamb\u00e9m foram avaliados.<\/p>\n\n\n\n<p><strong><span class=\"has-inline-color has-black-color\">O futuro dos carros voadores<br><\/span><\/strong>Em setembro deste ano, a Bloomberg informou que 65 centros de t\u00e1xi voadores foram planejados para cidades que inclu\u00edam Londres e Los Angeles. Um site na Inglaterra, com inaugura\u00e7\u00e3o prevista para 2022, est\u00e1 programado para ser o primeiro.<br>Em setembro, a Nasa iniciou oficialmente os testes de voo de uma aeronave eVTOL constru\u00edda pela Joby Aviation, com sede na Calif\u00f3rnia, com a esperan\u00e7a de estabelecer uma nova forma de transporte cidade a cidade. A Joby tamb\u00e9m est\u00e1 testando t\u00e1xis a\u00e9reos em Paris no novo local de teste ol\u00edmpico.<\/p>\n\n\n\n<p><strong><em>Fonte: <a href=\"https:\/\/olhardigital.com.br\/2021\/11\/28\/carros-e-tecnologia\/paris-usara-carros-voadores-eletricos-para-transportar-passageiros-nas-olimpiadas\/\">Olhar Digital<\/a><\/em><\/strong><\/p>\n","protected":false},"excerpt":{"rendered":"<p>Autoridades francesas anunciaram na \u00faltima quinta-feira (25) que Paris vai come\u00e7ar a testar t\u00e1xis a\u00e9reos el\u00e9tricos, com o objetivo de criar pelo menos duas rotas de voo para os passageiros durante as\u00a0Olimp\u00edadas de 2024.O ministro dos Transportes franc\u00eas, Jean-Baptiste Djebbari, foi \u00e0 inaugura\u00e7\u00e3o do novo local de testes de mobilidade a\u00e9rea em um campo de [&hellip;]<\/p>\n","protected":false},"author":2,"featured_media":25361,"comment_status":"open","ping_status":"open","sticky":false,"template":"","format":"standard","meta":{"footnotes":""},"categories":[3],"tags":[9273,8724,6143,8326,3364,2705],"class_list":["post-25359","post","type-post","status-publish","format-standard","has-post-thumbnail","hentry","category-tecnologia","tag-carros-voadores","tag-evtol","tag-olimpiadas","tag-paris","tag-taxi-aereo","tag-veiculos-eletricos"],"yoast_head":"<!-- This site is optimized with the Yoast SEO plugin v26.5 - https:\/\/yoast.com\/wordpress\/plugins\/seo\/ -->\n<title>Paris usar\u00e1 carros voadores el\u00e9tricos para transportar passageiros nas Olimp\u00edadas - Jornal Fatos e Not\u00edcias<\/title>\n<meta name=\"robots\" content=\"index, follow, max-snippet:-1, max-image-preview:large, max-video-preview:-1\" \/>\n<link rel=\"canonical\" href=\"https:\/\/jornalfatosenoticias.com.br\/index.php\/2021\/11\/29\/paris-usara-carros-voadores-eletricos-para-transportar-passageiros-nas-olimpiadas\/\" \/>\n<meta property=\"og:locale\" content=\"pt_BR\" \/>\n<meta property=\"og:type\" content=\"article\" \/>\n<meta property=\"og:title\" content=\"Paris usar\u00e1 carros voadores el\u00e9tricos para transportar passageiros nas Olimp\u00edadas - Jornal Fatos e Not\u00edcias\" \/>\n<meta property=\"og:description\" content=\"Autoridades francesas anunciaram na \u00faltima quinta-feira (25) que Paris vai come\u00e7ar a testar t\u00e1xis a\u00e9reos el\u00e9tricos, com o objetivo de criar pelo menos duas rotas de voo para os passageiros durante as\u00a0Olimp\u00edadas de 2024.O ministro dos Transportes franc\u00eas, Jean-Baptiste Djebbari, foi \u00e0 inaugura\u00e7\u00e3o do novo local de testes de mobilidade a\u00e9rea em um campo de [&hellip;]\" \/>\n<meta property=\"og:url\" content=\"https:\/\/jornalfatosenoticias.com.br\/index.php\/2021\/11\/29\/paris-usara-carros-voadores-eletricos-para-transportar-passageiros-nas-olimpiadas\/\" \/>\n<meta property=\"og:site_name\" content=\"Jornal Fatos e Not\u00edcias\" \/>\n<meta property=\"article:published_time\" content=\"2021-11-29T14:16:24+00:00\" \/>\n<meta property=\"og:image\" content=\"https:\/\/jornalfatosenoticias.com.br\/wp-content\/uploads\/2021\/11\/eVTOL_flying_over_Paris_city_\u00a9iStock.jpg\" \/>\n\t<meta property=\"og:image:width\" content=\"1000\" \/>\n\t<meta property=\"og:image:height\" content=\"660\" \/>\n\t<meta property=\"og:image:type\" content=\"image\/jpeg\" \/>\n<meta name=\"author\" content=\"Luzimara Fernandes\" \/>\n<meta name=\"twitter:card\" content=\"summary_large_image\" \/>\n<meta name=\"twitter:label1\" content=\"Escrito por\" \/>\n\t<meta name=\"twitter:data1\" content=\"Luzimara Fernandes\" \/>\n\t<meta name=\"twitter:label2\" content=\"Est. tempo de leitura\" \/>\n\t<meta name=\"twitter:data2\" content=\"2 minutos\" \/>\n<script type=\"application\/ld+json\" class=\"yoast-schema-graph\">{\"@context\":\"https:\/\/schema.org\",\"@graph\":[{\"@type\":\"Article\",\"@id\":\"https:\/\/jornalfatosenoticias.com.br\/index.php\/2021\/11\/29\/paris-usara-carros-voadores-eletricos-para-transportar-passageiros-nas-olimpiadas\/#article\",\"isPartOf\":{\"@id\":\"https:\/\/jornalfatosenoticias.com.br\/index.php\/2021\/11\/29\/paris-usara-carros-voadores-eletricos-para-transportar-passageiros-nas-olimpiadas\/\"},\"author\":{\"name\":\"Luzimara Fernandes\",\"@id\":\"https:\/\/jornalfatosenoticias.com.br\/#\/schema\/person\/d63837fa13ac8666eb9e74e0985d6f81\"},\"headline\":\"Paris usar\u00e1 carros voadores el\u00e9tricos para transportar passageiros nas Olimp\u00edadas\",\"datePublished\":\"2021-11-29T14:16:24+00:00\",\"mainEntityOfPage\":{\"@id\":\"https:\/\/jornalfatosenoticias.com.br\/index.php\/2021\/11\/29\/paris-usara-carros-voadores-eletricos-para-transportar-passageiros-nas-olimpiadas\/\"},\"wordCount\":353,\"commentCount\":0,\"publisher\":{\"@id\":\"https:\/\/jornalfatosenoticias.com.br\/#organization\"},\"image\":{\"@id\":\"https:\/\/jornalfatosenoticias.com.br\/index.php\/2021\/11\/29\/paris-usara-carros-voadores-eletricos-para-transportar-passageiros-nas-olimpiadas\/#primaryimage\"},\"thumbnailUrl\":\"https:\/\/jornalfatosenoticias.com.br\/wp-content\/uploads\/2021\/11\/eVTOL_flying_over_Paris_city_\u00a9iStock.jpg\",\"keywords\":[\"carros voadores\",\"eVTOL\",\"olimp\u00edadas\",\"Paris\",\"t\u00e1xi a\u00e9reo\",\"ve\u00edculos el\u00e9tricos\"],\"articleSection\":[\"Tecnologia &amp; Inova\u00e7\u00e3o\"],\"inLanguage\":\"pt-BR\",\"potentialAction\":[{\"@type\":\"CommentAction\",\"name\":\"Comment\",\"target\":[\"https:\/\/jornalfatosenoticias.com.br\/index.php\/2021\/11\/29\/paris-usara-carros-voadores-eletricos-para-transportar-passageiros-nas-olimpiadas\/#respond\"]}]},{\"@type\":\"WebPage\",\"@id\":\"https:\/\/jornalfatosenoticias.com.br\/index.php\/2021\/11\/29\/paris-usara-carros-voadores-eletricos-para-transportar-passageiros-nas-olimpiadas\/\",\"url\":\"https:\/\/jornalfatosenoticias.com.br\/index.php\/2021\/11\/29\/paris-usara-carros-voadores-eletricos-para-transportar-passageiros-nas-olimpiadas\/\",\"name\":\"Paris usar\u00e1 carros voadores el\u00e9tricos para transportar passageiros nas Olimp\u00edadas - Jornal Fatos e Not\u00edcias\",\"isPartOf\":{\"@id\":\"https:\/\/jornalfatosenoticias.com.br\/#website\"},\"primaryImageOfPage\":{\"@id\":\"https:\/\/jornalfatosenoticias.com.br\/index.php\/2021\/11\/29\/paris-usara-carros-voadores-eletricos-para-transportar-passageiros-nas-olimpiadas\/#primaryimage\"},\"image\":{\"@id\":\"https:\/\/jornalfatosenoticias.com.br\/index.php\/2021\/11\/29\/paris-usara-carros-voadores-eletricos-para-transportar-passageiros-nas-olimpiadas\/#primaryimage\"},\"thumbnailUrl\":\"https:\/\/jornalfatosenoticias.com.br\/wp-content\/uploads\/2021\/11\/eVTOL_flying_over_Paris_city_\u00a9iStock.jpg\",\"datePublished\":\"2021-11-29T14:16:24+00:00\",\"breadcrumb\":{\"@id\":\"https:\/\/jornalfatosenoticias.com.br\/index.php\/2021\/11\/29\/paris-usara-carros-voadores-eletricos-para-transportar-passageiros-nas-olimpiadas\/#breadcrumb\"},\"inLanguage\":\"pt-BR\",\"potentialAction\":[{\"@type\":\"ReadAction\",\"target\":[\"https:\/\/jornalfatosenoticias.com.br\/index.php\/2021\/11\/29\/paris-usara-carros-voadores-eletricos-para-transportar-passageiros-nas-olimpiadas\/\"]}]},{\"@type\":\"ImageObject\",\"inLanguage\":\"pt-BR\",\"@id\":\"https:\/\/jornalfatosenoticias.com.br\/index.php\/2021\/11\/29\/paris-usara-carros-voadores-eletricos-para-transportar-passageiros-nas-olimpiadas\/#primaryimage\",\"url\":\"https:\/\/jornalfatosenoticias.com.br\/wp-content\/uploads\/2021\/11\/eVTOL_flying_over_Paris_city_\u00a9iStock.jpg\",\"contentUrl\":\"https:\/\/jornalfatosenoticias.com.br\/wp-content\/uploads\/2021\/11\/eVTOL_flying_over_Paris_city_\u00a9iStock.jpg\",\"width\":1000,\"height\":660},{\"@type\":\"BreadcrumbList\",\"@id\":\"https:\/\/jornalfatosenoticias.com.br\/index.php\/2021\/11\/29\/paris-usara-carros-voadores-eletricos-para-transportar-passageiros-nas-olimpiadas\/#breadcrumb\",\"itemListElement\":[{\"@type\":\"ListItem\",\"position\":1,\"name\":\"In\u00edcio\",\"item\":\"https:\/\/jornalfatosenoticias.com.br\/\"},{\"@type\":\"ListItem\",\"position\":2,\"name\":\"Paris usar\u00e1 carros voadores el\u00e9tricos para transportar passageiros nas Olimp\u00edadas\"}]},{\"@type\":\"WebSite\",\"@id\":\"https:\/\/jornalfatosenoticias.com.br\/#website\",\"url\":\"https:\/\/jornalfatosenoticias.com.br\/\",\"name\":\"Jornal Fatos e Not\u00edcias\",\"description\":\"Not\u00edcias em geral\",\"publisher\":{\"@id\":\"https:\/\/jornalfatosenoticias.com.br\/#organization\"},\"potentialAction\":[{\"@type\":\"SearchAction\",\"target\":{\"@type\":\"EntryPoint\",\"urlTemplate\":\"https:\/\/jornalfatosenoticias.com.br\/?s={search_term_string}\"},\"query-input\":{\"@type\":\"PropertyValueSpecification\",\"valueRequired\":true,\"valueName\":\"search_term_string\"}}],\"inLanguage\":\"pt-BR\"},{\"@type\":\"Organization\",\"@id\":\"https:\/\/jornalfatosenoticias.com.br\/#organization\",\"name\":\"Jornal Fatos e Not\u00edcias\",\"url\":\"https:\/\/jornalfatosenoticias.com.br\/\",\"logo\":{\"@type\":\"ImageObject\",\"inLanguage\":\"pt-BR\",\"@id\":\"https:\/\/jornalfatosenoticias.com.br\/#\/schema\/logo\/image\/\",\"url\":\"https:\/\/jornalfatosenoticias.com.br\/wp-content\/uploads\/2020\/02\/logo120.png\",\"contentUrl\":\"https:\/\/jornalfatosenoticias.com.br\/wp-content\/uploads\/2020\/02\/logo120.png\",\"width\":1227,\"height\":120,\"caption\":\"Jornal Fatos e Not\u00edcias\"},\"image\":{\"@id\":\"https:\/\/jornalfatosenoticias.com.br\/#\/schema\/logo\/image\/\"}},{\"@type\":\"Person\",\"@id\":\"https:\/\/jornalfatosenoticias.com.br\/#\/schema\/person\/d63837fa13ac8666eb9e74e0985d6f81\",\"name\":\"Luzimara Fernandes\",\"image\":{\"@type\":\"ImageObject\",\"inLanguage\":\"pt-BR\",\"@id\":\"https:\/\/jornalfatosenoticias.com.br\/#\/schema\/person\/image\/\",\"url\":\"https:\/\/jornalfatosenoticias.com.br\/wp-content\/uploads\/2025\/05\/EU_portal.jpg\",\"contentUrl\":\"https:\/\/jornalfatosenoticias.com.br\/wp-content\/uploads\/2025\/05\/EU_portal.jpg\",\"caption\":\"Luzimara Fernandes\"},\"description\":\"Jornalista MTB 2358-ES\",\"sameAs\":[\"https:\/\/jornalfatosenoticias.com.br\"],\"url\":\"https:\/\/jornalfatosenoticias.com.br\/index.php\/author\/luzimara\/\"}]}<\/script>\n<!-- \/ Yoast SEO plugin. -->","yoast_head_json":{"title":"Paris usar\u00e1 carros voadores el\u00e9tricos para transportar passageiros nas Olimp\u00edadas - Jornal Fatos e Not\u00edcias","robots":{"index":"index","follow":"follow","max-snippet":"max-snippet:-1","max-image-preview":"max-image-preview:large","max-video-preview":"max-video-preview:-1"},"canonical":"https:\/\/jornalfatosenoticias.com.br\/index.php\/2021\/11\/29\/paris-usara-carros-voadores-eletricos-para-transportar-passageiros-nas-olimpiadas\/","og_locale":"pt_BR","og_type":"article","og_title":"Paris usar\u00e1 carros voadores el\u00e9tricos para transportar passageiros nas Olimp\u00edadas - Jornal Fatos e Not\u00edcias","og_description":"Autoridades francesas anunciaram na \u00faltima quinta-feira (25) que Paris vai come\u00e7ar a testar t\u00e1xis a\u00e9reos el\u00e9tricos, com o objetivo de criar pelo menos duas rotas de voo para os passageiros durante as\u00a0Olimp\u00edadas de 2024.O ministro dos Transportes franc\u00eas, Jean-Baptiste Djebbari, foi \u00e0 inaugura\u00e7\u00e3o do novo local de testes de mobilidade a\u00e9rea em um campo de [&hellip;]","og_url":"https:\/\/jornalfatosenoticias.com.br\/index.php\/2021\/11\/29\/paris-usara-carros-voadores-eletricos-para-transportar-passageiros-nas-olimpiadas\/","og_site_name":"Jornal Fatos e Not\u00edcias","article_published_time":"2021-11-29T14:16:24+00:00","og_image":[{"width":1000,"height":660,"url":"https:\/\/jornalfatosenoticias.com.br\/wp-content\/uploads\/2021\/11\/eVTOL_flying_over_Paris_city_\u00a9iStock.jpg","type":"image\/jpeg"}],"author":"Luzimara Fernandes","twitter_card":"summary_large_image","twitter_misc":{"Escrito por":"Luzimara Fernandes","Est. tempo de leitura":"2 minutos"},"schema":{"@context":"https:\/\/schema.org","@graph":[{"@type":"Article","@id":"https:\/\/jornalfatosenoticias.com.br\/index.php\/2021\/11\/29\/paris-usara-carros-voadores-eletricos-para-transportar-passageiros-nas-olimpiadas\/#article","isPartOf":{"@id":"https:\/\/jornalfatosenoticias.com.br\/index.php\/2021\/11\/29\/paris-usara-carros-voadores-eletricos-para-transportar-passageiros-nas-olimpiadas\/"},"author":{"name":"Luzimara Fernandes","@id":"https:\/\/jornalfatosenoticias.com.br\/#\/schema\/person\/d63837fa13ac8666eb9e74e0985d6f81"},"headline":"Paris usar\u00e1 carros voadores el\u00e9tricos para transportar passageiros nas Olimp\u00edadas","datePublished":"2021-11-29T14:16:24+00:00","mainEntityOfPage":{"@id":"https:\/\/jornalfatosenoticias.com.br\/index.php\/2021\/11\/29\/paris-usara-carros-voadores-eletricos-para-transportar-passageiros-nas-olimpiadas\/"},"wordCount":353,"commentCount":0,"publisher":{"@id":"https:\/\/jornalfatosenoticias.com.br\/#organization"},"image":{"@id":"https:\/\/jornalfatosenoticias.com.br\/index.php\/2021\/11\/29\/paris-usara-carros-voadores-eletricos-para-transportar-passageiros-nas-olimpiadas\/#primaryimage"},"thumbnailUrl":"https:\/\/jornalfatosenoticias.com.br\/wp-content\/uploads\/2021\/11\/eVTOL_flying_over_Paris_city_\u00a9iStock.jpg","keywords":["carros voadores","eVTOL","olimp\u00edadas","Paris","t\u00e1xi a\u00e9reo","ve\u00edculos el\u00e9tricos"],"articleSection":["Tecnologia &amp; Inova\u00e7\u00e3o"],"inLanguage":"pt-BR","potentialAction":[{"@type":"CommentAction","name":"Comment","target":["https:\/\/jornalfatosenoticias.com.br\/index.php\/2021\/11\/29\/paris-usara-carros-voadores-eletricos-para-transportar-passageiros-nas-olimpiadas\/#respond"]}]},{"@type":"WebPage","@id":"https:\/\/jornalfatosenoticias.com.br\/index.php\/2021\/11\/29\/paris-usara-carros-voadores-eletricos-para-transportar-passageiros-nas-olimpiadas\/","url":"https:\/\/jornalfatosenoticias.com.br\/index.php\/2021\/11\/29\/paris-usara-carros-voadores-eletricos-para-transportar-passageiros-nas-olimpiadas\/","name":"Paris usar\u00e1 carros voadores el\u00e9tricos para transportar passageiros nas Olimp\u00edadas - Jornal Fatos e Not\u00edcias","isPartOf":{"@id":"https:\/\/jornalfatosenoticias.com.br\/#website"},"primaryImageOfPage":{"@id":"https:\/\/jornalfatosenoticias.com.br\/index.php\/2021\/11\/29\/paris-usara-carros-voadores-eletricos-para-transportar-passageiros-nas-olimpiadas\/#primaryimage"},"image":{"@id":"https:\/\/jornalfatosenoticias.com.br\/index.php\/2021\/11\/29\/paris-usara-carros-voadores-eletricos-para-transportar-passageiros-nas-olimpiadas\/#primaryimage"},"thumbnailUrl":"https:\/\/jornalfatosenoticias.com.br\/wp-content\/uploads\/2021\/11\/eVTOL_flying_over_Paris_city_\u00a9iStock.jpg","datePublished":"2021-11-29T14:16:24+00:00","breadcrumb":{"@id":"https:\/\/jornalfatosenoticias.com.br\/index.php\/2021\/11\/29\/paris-usara-carros-voadores-eletricos-para-transportar-passageiros-nas-olimpiadas\/#breadcrumb"},"inLanguage":"pt-BR","potentialAction":[{"@type":"ReadAction","target":["https:\/\/jornalfatosenoticias.com.br\/index.php\/2021\/11\/29\/paris-usara-carros-voadores-eletricos-para-transportar-passageiros-nas-olimpiadas\/"]}]},{"@type":"ImageObject","inLanguage":"pt-BR","@id":"https:\/\/jornalfatosenoticias.com.br\/index.php\/2021\/11\/29\/paris-usara-carros-voadores-eletricos-para-transportar-passageiros-nas-olimpiadas\/#primaryimage","url":"https:\/\/jornalfatosenoticias.com.br\/wp-content\/uploads\/2021\/11\/eVTOL_flying_over_Paris_city_\u00a9iStock.jpg","contentUrl":"https:\/\/jornalfatosenoticias.com.br\/wp-content\/uploads\/2021\/11\/eVTOL_flying_over_Paris_city_\u00a9iStock.jpg","width":1000,"height":660},{"@type":"BreadcrumbList","@id":"https:\/\/jornalfatosenoticias.com.br\/index.php\/2021\/11\/29\/paris-usara-carros-voadores-eletricos-para-transportar-passageiros-nas-olimpiadas\/#breadcrumb","itemListElement":[{"@type":"ListItem","position":1,"name":"In\u00edcio","item":"https:\/\/jornalfatosenoticias.com.br\/"},{"@type":"ListItem","position":2,"name":"Paris usar\u00e1 carros voadores el\u00e9tricos para transportar passageiros nas Olimp\u00edadas"}]},{"@type":"WebSite","@id":"https:\/\/jornalfatosenoticias.com.br\/#website","url":"https:\/\/jornalfatosenoticias.com.br\/","name":"Jornal Fatos e Not\u00edcias","description":"Not\u00edcias em geral","publisher":{"@id":"https:\/\/jornalfatosenoticias.com.br\/#organization"},"potentialAction":[{"@type":"SearchAction","target":{"@type":"EntryPoint","urlTemplate":"https:\/\/jornalfatosenoticias.com.br\/?s={search_term_string}"},"query-input":{"@type":"PropertyValueSpecification","valueRequired":true,"valueName":"search_term_string"}}],"inLanguage":"pt-BR"},{"@type":"Organization","@id":"https:\/\/jornalfatosenoticias.com.br\/#organization","name":"Jornal Fatos e Not\u00edcias","url":"https:\/\/jornalfatosenoticias.com.br\/","logo":{"@type":"ImageObject","inLanguage":"pt-BR","@id":"https:\/\/jornalfatosenoticias.com.br\/#\/schema\/logo\/image\/","url":"https:\/\/jornalfatosenoticias.com.br\/wp-content\/uploads\/2020\/02\/logo120.png","contentUrl":"https:\/\/jornalfatosenoticias.com.br\/wp-content\/uploads\/2020\/02\/logo120.png","width":1227,"height":120,"caption":"Jornal Fatos e Not\u00edcias"},"image":{"@id":"https:\/\/jornalfatosenoticias.com.br\/#\/schema\/logo\/image\/"}},{"@type":"Person","@id":"https:\/\/jornalfatosenoticias.com.br\/#\/schema\/person\/d63837fa13ac8666eb9e74e0985d6f81","name":"Luzimara Fernandes","image":{"@type":"ImageObject","inLanguage":"pt-BR","@id":"https:\/\/jornalfatosenoticias.com.br\/#\/schema\/person\/image\/","url":"https:\/\/jornalfatosenoticias.com.br\/wp-content\/uploads\/2025\/05\/EU_portal.jpg","contentUrl":"https:\/\/jornalfatosenoticias.com.br\/wp-content\/uploads\/2025\/05\/EU_portal.jpg","caption":"Luzimara Fernandes"},"description":"Jornalista MTB 2358-ES","sameAs":["https:\/\/jornalfatosenoticias.com.br"],"url":"https:\/\/jornalfatosenoticias.com.br\/index.php\/author\/luzimara\/"}]}},"cc_featured_image_caption":{"caption_text":"(Foto: iStock)  ","source_text":"","source_url":""},"jetpack_featured_media_url":"https:\/\/jornalfatosenoticias.com.br\/wp-content\/uploads\/2021\/11\/eVTOL_flying_over_Paris_city_\u00a9iStock.jpg","_links":{"self":[{"href":"https:\/\/jornalfatosenoticias.com.br\/index.php\/wp-json\/wp\/v2\/posts\/25359","targetHints":{"allow":["GET"]}}],"collection":[{"href":"https:\/\/jornalfatosenoticias.com.br\/index.php\/wp-json\/wp\/v2\/posts"}],"about":[{"href":"https:\/\/jornalfatosenoticias.com.br\/index.php\/wp-json\/wp\/v2\/types\/post"}],"author":[{"embeddable":true,"href":"https:\/\/jornalfatosenoticias.com.br\/index.php\/wp-json\/wp\/v2\/users\/2"}],"replies":[{"embeddable":true,"href":"https:\/\/jornalfatosenoticias.com.br\/index.php\/wp-json\/wp\/v2\/comments?post=25359"}],"version-history":[{"count":0,"href":"https:\/\/jornalfatosenoticias.com.br\/index.php\/wp-json\/wp\/v2\/posts\/25359\/revisions"}],"wp:featuredmedia":[{"embeddable":true,"href":"https:\/\/jornalfatosenoticias.com.br\/index.php\/wp-json\/wp\/v2\/media\/25361"}],"wp:attachment":[{"href":"https:\/\/jornalfatosenoticias.com.br\/index.php\/wp-json\/wp\/v2\/media?parent=25359"}],"wp:term":[{"taxonomy":"category","embeddable":true,"href":"https:\/\/jornalfatosenoticias.com.br\/index.php\/wp-json\/wp\/v2\/categories?post=25359"},{"taxonomy":"post_tag","embeddable":true,"href":"https:\/\/jornalfatosenoticias.com.br\/index.php\/wp-json\/wp\/v2\/tags?post=25359"}],"curies":[{"name":"wp","href":"https:\/\/api.w.org\/{rel}","templated":true}]}}