{"id":25481,"date":"2021-12-02T17:19:51","date_gmt":"2021-12-02T20:19:51","guid":{"rendered":"https:\/\/jornalfatosenoticias.com.br\/?p=25481"},"modified":"2021-12-02T17:19:53","modified_gmt":"2021-12-02T20:19:53","slug":"a-importancia-de-desenvolver-a-etica-desde-a-infancia","status":"publish","type":"post","link":"https:\/\/jornalfatosenoticias.com.br\/index.php\/2021\/12\/02\/a-importancia-de-desenvolver-a-etica-desde-a-infancia\/","title":{"rendered":"A import\u00e2ncia de desenvolver a \u00e9tica desde a inf\u00e2ncia"},"content":{"rendered":"\n<p><em><span class=\"has-inline-color has-black-color\">Comemorar pequenas demonstra\u00e7\u00f5es de \u00e9tica do seu filho \u00e9 um excelente refor\u00e7o positivo para que ele continue desenvolvendo esse comportamento<\/span><\/em><\/p>\n\n\n\n<p>Se voc\u00ea se lembrar das aulas de Filosofia, aprendemos na escola que a \u00e9tica \u2014 do grego \u00e9thos \u2014 significa car\u00e1ter e uma disposi\u00e7\u00e3o individual para agir no mundo. Este \u00e9 um conceito complexo e n\u00e3o \u00e9 absoluto e imut\u00e1vel, mas que pode ser cultivado desde a inf\u00e2ncia.<br>A inf\u00e2ncia tem uma enorme influ\u00eancia em quem seremos quando adultos. Por mais que a gente sempre tenha a oportunidade de melhorar, alguns tra\u00e7os fundamentais da personalidade s\u00e3o definidos nos primeiros anos de vida. O car\u00e1ter \u00e9tico \u00e9 um deles: trata-se de uma orienta\u00e7\u00e3o pessoal para bons valores que permanecer\u00e1 com os pequenos para sempre.<br>Assim, ensinar sobre esses valores desde cedo para seu filho \u00e9 uma forma de contribuir para a pessoa que ele ser\u00e1 depois. Levando em conta que as crian\u00e7as de hoje s\u00e3o os adultos do futuro, podemos dizer que ensinar \u00e9tica para crian\u00e7as \u00e9 contribuir para a forma\u00e7\u00e3o de uma sociedade cada vez mais \u00edntegra, justa e tolerante.<\/p>\n\n\n\n<p><strong><span class=\"has-inline-color has-black-color\">Como ajudar os pequenos a desenvolver o senso de \u00e9tica?<br><\/span><\/strong>Agora que voc\u00ea entendeu melhor a import\u00e2ncia de ensinar \u00e9tica para as crian\u00e7as, veja s\u00f3 algumas dicas para colocar isso em pr\u00e1tica na educa\u00e7\u00e3o do seu filho!<\/p>\n\n\n\n<p><strong><span class=\"has-inline-color has-black-color\">Ensine valores<br><\/span><\/strong>Para ensinar sobre \u00e9tica para crian\u00e7as, voc\u00ea precisa conversar com ela sobre valores que orientam as pessoas no conv\u00edvio social saud\u00e1vel. Entre eles, est\u00e3o a ideia de fazer o bem, de prezar pela justi\u00e7a, de ter honestidade e respeito, e de ser solid\u00e1rio.<br>Uma boa forma de entender melhor quais valores s\u00e3o universalmente considerados \u00e9ticos \u00e9 dar uma olhada na Declara\u00e7\u00e3o Universal dos Direitos Humanos, defendida por organiza\u00e7\u00f5es internacionais, como o Fundo das Na\u00e7\u00f5es Unidas para a Inf\u00e2ncia (Unicef).<br>O ideal \u00e9 que esses valores sejam passados para os pequenos com paci\u00eancia e em conjunto com explica\u00e7\u00f5es sobre como eles causam consequ\u00eancias positivas, ao contr\u00e1rio de seus opostos. Considere sempre a necessidade de desenvolver o pensamento cr\u00edtico dos pequenos, isto \u00e9, ajude-os a refletir, a questionar e a chegar \u00e0 conclus\u00e3o de que aqueles valores s\u00e3o necess\u00e1rios na sociedade, em vez de apenas imp\u00f4-los.<\/p>\n\n\n\n<p><strong><span class=\"has-inline-color has-black-color\">D\u00ea o exemplo<br><\/span><\/strong>J\u00e1 ouviu falar que as crian\u00e7as aprendem pelo exemplo, n\u00e3o \u00e9? Essa \u00e9 uma grande verdade: de pouco adianta explicar para os pequenos o que \u00e9 certo e o que \u00e9 errado, se no dia a dia os pais cometem pequenas a\u00e7\u00f5es anti\u00e9ticas. Eles percebem tudo, e o comportamento dos adultos tem uma influ\u00eancia enorme na sua forma\u00e7\u00e3o.<br>Ent\u00e3o, \u00e9 muito importante exercitar a autocr\u00edtica e usar esse momento de transmitir valores aos filhos como uma boa oportunidade para se aprimorar cada vez mais como ser humano. Seguir leis e regras, ter honestidade e cultivar o respeito por todos s\u00e3o atitudes essenciais.<\/p>\n\n\n\n<p><strong><em>Fonte: <a href=\"https:\/\/catracalivre.com.br\/educacao\/etica-infancia\/\">Catraca Livre<\/a><\/em><\/strong><\/p>\n","protected":false},"excerpt":{"rendered":"<p>Comemorar pequenas demonstra\u00e7\u00f5es de \u00e9tica do seu filho \u00e9 um excelente refor\u00e7o positivo para que ele continue desenvolvendo esse comportamento Se voc\u00ea se lembrar das aulas de Filosofia, aprendemos na escola que a \u00e9tica \u2014 do grego \u00e9thos \u2014 significa car\u00e1ter e uma disposi\u00e7\u00e3o individual para agir no mundo. Este \u00e9 um conceito complexo e [&hellip;]<\/p>\n","protected":false},"author":2,"featured_media":25482,"comment_status":"open","ping_status":"open","sticky":false,"template":"","format":"standard","meta":{"footnotes":""},"categories":[2522],"tags":[345,4768,12304,2607,12303,12302],"class_list":["post-25481","post","type-post","status-publish","format-standard","has-post-thumbnail","hentry","category-comportamento","tag-educacao","tag-etica","tag-honestidade","tag-infancia","tag-integridade","tag-valores"],"yoast_head":"<!-- This site is optimized with the Yoast SEO plugin v26.5 - https:\/\/yoast.com\/wordpress\/plugins\/seo\/ -->\n<title>A import\u00e2ncia de desenvolver a \u00e9tica desde a inf\u00e2ncia - Jornal Fatos e Not\u00edcias<\/title>\n<meta name=\"robots\" content=\"index, follow, max-snippet:-1, max-image-preview:large, max-video-preview:-1\" \/>\n<link rel=\"canonical\" href=\"https:\/\/jornalfatosenoticias.com.br\/index.php\/2021\/12\/02\/a-importancia-de-desenvolver-a-etica-desde-a-infancia\/\" \/>\n<meta property=\"og:locale\" content=\"pt_BR\" \/>\n<meta property=\"og:type\" content=\"article\" \/>\n<meta property=\"og:title\" content=\"A import\u00e2ncia de desenvolver a \u00e9tica desde a inf\u00e2ncia - Jornal Fatos e Not\u00edcias\" \/>\n<meta property=\"og:description\" content=\"Comemorar pequenas demonstra\u00e7\u00f5es de \u00e9tica do seu filho \u00e9 um excelente refor\u00e7o positivo para que ele continue desenvolvendo esse comportamento Se voc\u00ea se lembrar das aulas de Filosofia, aprendemos na escola que a \u00e9tica \u2014 do grego \u00e9thos \u2014 significa car\u00e1ter e uma disposi\u00e7\u00e3o individual para agir no mundo. Este \u00e9 um conceito complexo e [&hellip;]\" \/>\n<meta property=\"og:url\" content=\"https:\/\/jornalfatosenoticias.com.br\/index.php\/2021\/12\/02\/a-importancia-de-desenvolver-a-etica-desde-a-infancia\/\" \/>\n<meta property=\"og:site_name\" content=\"Jornal Fatos e Not\u00edcias\" \/>\n<meta property=\"article:published_time\" content=\"2021-12-02T20:19:51+00:00\" \/>\n<meta property=\"article:modified_time\" content=\"2021-12-02T20:19:53+00:00\" \/>\n<meta property=\"og:image\" content=\"https:\/\/jornalfatosenoticias.com.br\/wp-content\/uploads\/2021\/12\/etica-na-infancia_pexels-cottonbro.jpg\" \/>\n\t<meta property=\"og:image:width\" content=\"1000\" \/>\n\t<meta property=\"og:image:height\" content=\"666\" \/>\n\t<meta property=\"og:image:type\" content=\"image\/jpeg\" \/>\n<meta name=\"author\" content=\"Luzimara Fernandes\" \/>\n<meta name=\"twitter:card\" content=\"summary_large_image\" \/>\n<meta name=\"twitter:label1\" content=\"Escrito por\" \/>\n\t<meta name=\"twitter:data1\" content=\"Luzimara Fernandes\" \/>\n\t<meta name=\"twitter:label2\" content=\"Est. tempo de leitura\" \/>\n\t<meta name=\"twitter:data2\" content=\"3 minutos\" \/>\n<script type=\"application\/ld+json\" class=\"yoast-schema-graph\">{\"@context\":\"https:\/\/schema.org\",\"@graph\":[{\"@type\":\"Article\",\"@id\":\"https:\/\/jornalfatosenoticias.com.br\/index.php\/2021\/12\/02\/a-importancia-de-desenvolver-a-etica-desde-a-infancia\/#article\",\"isPartOf\":{\"@id\":\"https:\/\/jornalfatosenoticias.com.br\/index.php\/2021\/12\/02\/a-importancia-de-desenvolver-a-etica-desde-a-infancia\/\"},\"author\":{\"name\":\"Luzimara Fernandes\",\"@id\":\"https:\/\/jornalfatosenoticias.com.br\/#\/schema\/person\/d63837fa13ac8666eb9e74e0985d6f81\"},\"headline\":\"A import\u00e2ncia de desenvolver a \u00e9tica desde a inf\u00e2ncia\",\"datePublished\":\"2021-12-02T20:19:51+00:00\",\"dateModified\":\"2021-12-02T20:19:53+00:00\",\"mainEntityOfPage\":{\"@id\":\"https:\/\/jornalfatosenoticias.com.br\/index.php\/2021\/12\/02\/a-importancia-de-desenvolver-a-etica-desde-a-infancia\/\"},\"wordCount\":515,\"commentCount\":0,\"publisher\":{\"@id\":\"https:\/\/jornalfatosenoticias.com.br\/#organization\"},\"image\":{\"@id\":\"https:\/\/jornalfatosenoticias.com.br\/index.php\/2021\/12\/02\/a-importancia-de-desenvolver-a-etica-desde-a-infancia\/#primaryimage\"},\"thumbnailUrl\":\"https:\/\/jornalfatosenoticias.com.br\/wp-content\/uploads\/2021\/12\/etica-na-infancia_pexels-cottonbro.jpg\",\"keywords\":[\"educa\u00e7\u00e3o\",\"\u00e9tica\",\"honestidade\",\"inf\u00e2ncia\",\"integridade\",\"valores\"],\"articleSection\":[\"Comportamento &amp; Equil\u00edbrio\"],\"inLanguage\":\"pt-BR\",\"potentialAction\":[{\"@type\":\"CommentAction\",\"name\":\"Comment\",\"target\":[\"https:\/\/jornalfatosenoticias.com.br\/index.php\/2021\/12\/02\/a-importancia-de-desenvolver-a-etica-desde-a-infancia\/#respond\"]}]},{\"@type\":\"WebPage\",\"@id\":\"https:\/\/jornalfatosenoticias.com.br\/index.php\/2021\/12\/02\/a-importancia-de-desenvolver-a-etica-desde-a-infancia\/\",\"url\":\"https:\/\/jornalfatosenoticias.com.br\/index.php\/2021\/12\/02\/a-importancia-de-desenvolver-a-etica-desde-a-infancia\/\",\"name\":\"A import\u00e2ncia de desenvolver a \u00e9tica desde a inf\u00e2ncia - Jornal Fatos e Not\u00edcias\",\"isPartOf\":{\"@id\":\"https:\/\/jornalfatosenoticias.com.br\/#website\"},\"primaryImageOfPage\":{\"@id\":\"https:\/\/jornalfatosenoticias.com.br\/index.php\/2021\/12\/02\/a-importancia-de-desenvolver-a-etica-desde-a-infancia\/#primaryimage\"},\"image\":{\"@id\":\"https:\/\/jornalfatosenoticias.com.br\/index.php\/2021\/12\/02\/a-importancia-de-desenvolver-a-etica-desde-a-infancia\/#primaryimage\"},\"thumbnailUrl\":\"https:\/\/jornalfatosenoticias.com.br\/wp-content\/uploads\/2021\/12\/etica-na-infancia_pexels-cottonbro.jpg\",\"datePublished\":\"2021-12-02T20:19:51+00:00\",\"dateModified\":\"2021-12-02T20:19:53+00:00\",\"breadcrumb\":{\"@id\":\"https:\/\/jornalfatosenoticias.com.br\/index.php\/2021\/12\/02\/a-importancia-de-desenvolver-a-etica-desde-a-infancia\/#breadcrumb\"},\"inLanguage\":\"pt-BR\",\"potentialAction\":[{\"@type\":\"ReadAction\",\"target\":[\"https:\/\/jornalfatosenoticias.com.br\/index.php\/2021\/12\/02\/a-importancia-de-desenvolver-a-etica-desde-a-infancia\/\"]}]},{\"@type\":\"ImageObject\",\"inLanguage\":\"pt-BR\",\"@id\":\"https:\/\/jornalfatosenoticias.com.br\/index.php\/2021\/12\/02\/a-importancia-de-desenvolver-a-etica-desde-a-infancia\/#primaryimage\",\"url\":\"https:\/\/jornalfatosenoticias.com.br\/wp-content\/uploads\/2021\/12\/etica-na-infancia_pexels-cottonbro.jpg\",\"contentUrl\":\"https:\/\/jornalfatosenoticias.com.br\/wp-content\/uploads\/2021\/12\/etica-na-infancia_pexels-cottonbro.jpg\",\"width\":1000,\"height\":666},{\"@type\":\"BreadcrumbList\",\"@id\":\"https:\/\/jornalfatosenoticias.com.br\/index.php\/2021\/12\/02\/a-importancia-de-desenvolver-a-etica-desde-a-infancia\/#breadcrumb\",\"itemListElement\":[{\"@type\":\"ListItem\",\"position\":1,\"name\":\"In\u00edcio\",\"item\":\"https:\/\/jornalfatosenoticias.com.br\/\"},{\"@type\":\"ListItem\",\"position\":2,\"name\":\"A import\u00e2ncia de desenvolver a \u00e9tica desde a inf\u00e2ncia\"}]},{\"@type\":\"WebSite\",\"@id\":\"https:\/\/jornalfatosenoticias.com.br\/#website\",\"url\":\"https:\/\/jornalfatosenoticias.com.br\/\",\"name\":\"Jornal Fatos e Not\u00edcias\",\"description\":\"Not\u00edcias em geral\",\"publisher\":{\"@id\":\"https:\/\/jornalfatosenoticias.com.br\/#organization\"},\"potentialAction\":[{\"@type\":\"SearchAction\",\"target\":{\"@type\":\"EntryPoint\",\"urlTemplate\":\"https:\/\/jornalfatosenoticias.com.br\/?s={search_term_string}\"},\"query-input\":{\"@type\":\"PropertyValueSpecification\",\"valueRequired\":true,\"valueName\":\"search_term_string\"}}],\"inLanguage\":\"pt-BR\"},{\"@type\":\"Organization\",\"@id\":\"https:\/\/jornalfatosenoticias.com.br\/#organization\",\"name\":\"Jornal Fatos e Not\u00edcias\",\"url\":\"https:\/\/jornalfatosenoticias.com.br\/\",\"logo\":{\"@type\":\"ImageObject\",\"inLanguage\":\"pt-BR\",\"@id\":\"https:\/\/jornalfatosenoticias.com.br\/#\/schema\/logo\/image\/\",\"url\":\"https:\/\/jornalfatosenoticias.com.br\/wp-content\/uploads\/2020\/02\/logo120.png\",\"contentUrl\":\"https:\/\/jornalfatosenoticias.com.br\/wp-content\/uploads\/2020\/02\/logo120.png\",\"width\":1227,\"height\":120,\"caption\":\"Jornal Fatos e Not\u00edcias\"},\"image\":{\"@id\":\"https:\/\/jornalfatosenoticias.com.br\/#\/schema\/logo\/image\/\"}},{\"@type\":\"Person\",\"@id\":\"https:\/\/jornalfatosenoticias.com.br\/#\/schema\/person\/d63837fa13ac8666eb9e74e0985d6f81\",\"name\":\"Luzimara Fernandes\",\"image\":{\"@type\":\"ImageObject\",\"inLanguage\":\"pt-BR\",\"@id\":\"https:\/\/jornalfatosenoticias.com.br\/#\/schema\/person\/image\/\",\"url\":\"https:\/\/jornalfatosenoticias.com.br\/wp-content\/uploads\/2025\/05\/EU_portal.jpg\",\"contentUrl\":\"https:\/\/jornalfatosenoticias.com.br\/wp-content\/uploads\/2025\/05\/EU_portal.jpg\",\"caption\":\"Luzimara Fernandes\"},\"description\":\"Jornalista MTB 2358-ES\",\"sameAs\":[\"https:\/\/jornalfatosenoticias.com.br\"],\"url\":\"https:\/\/jornalfatosenoticias.com.br\/index.php\/author\/luzimara\/\"}]}<\/script>\n<!-- \/ Yoast SEO plugin. -->","yoast_head_json":{"title":"A import\u00e2ncia de desenvolver a \u00e9tica desde a inf\u00e2ncia - Jornal Fatos e Not\u00edcias","robots":{"index":"index","follow":"follow","max-snippet":"max-snippet:-1","max-image-preview":"max-image-preview:large","max-video-preview":"max-video-preview:-1"},"canonical":"https:\/\/jornalfatosenoticias.com.br\/index.php\/2021\/12\/02\/a-importancia-de-desenvolver-a-etica-desde-a-infancia\/","og_locale":"pt_BR","og_type":"article","og_title":"A import\u00e2ncia de desenvolver a \u00e9tica desde a inf\u00e2ncia - Jornal Fatos e Not\u00edcias","og_description":"Comemorar pequenas demonstra\u00e7\u00f5es de \u00e9tica do seu filho \u00e9 um excelente refor\u00e7o positivo para que ele continue desenvolvendo esse comportamento Se voc\u00ea se lembrar das aulas de Filosofia, aprendemos na escola que a \u00e9tica \u2014 do grego \u00e9thos \u2014 significa car\u00e1ter e uma disposi\u00e7\u00e3o individual para agir no mundo. Este \u00e9 um conceito complexo e [&hellip;]","og_url":"https:\/\/jornalfatosenoticias.com.br\/index.php\/2021\/12\/02\/a-importancia-de-desenvolver-a-etica-desde-a-infancia\/","og_site_name":"Jornal Fatos e Not\u00edcias","article_published_time":"2021-12-02T20:19:51+00:00","article_modified_time":"2021-12-02T20:19:53+00:00","og_image":[{"width":1000,"height":666,"url":"https:\/\/jornalfatosenoticias.com.br\/wp-content\/uploads\/2021\/12\/etica-na-infancia_pexels-cottonbro.jpg","type":"image\/jpeg"}],"author":"Luzimara Fernandes","twitter_card":"summary_large_image","twitter_misc":{"Escrito por":"Luzimara Fernandes","Est. tempo de leitura":"3 minutos"},"schema":{"@context":"https:\/\/schema.org","@graph":[{"@type":"Article","@id":"https:\/\/jornalfatosenoticias.com.br\/index.php\/2021\/12\/02\/a-importancia-de-desenvolver-a-etica-desde-a-infancia\/#article","isPartOf":{"@id":"https:\/\/jornalfatosenoticias.com.br\/index.php\/2021\/12\/02\/a-importancia-de-desenvolver-a-etica-desde-a-infancia\/"},"author":{"name":"Luzimara Fernandes","@id":"https:\/\/jornalfatosenoticias.com.br\/#\/schema\/person\/d63837fa13ac8666eb9e74e0985d6f81"},"headline":"A import\u00e2ncia de desenvolver a \u00e9tica desde a inf\u00e2ncia","datePublished":"2021-12-02T20:19:51+00:00","dateModified":"2021-12-02T20:19:53+00:00","mainEntityOfPage":{"@id":"https:\/\/jornalfatosenoticias.com.br\/index.php\/2021\/12\/02\/a-importancia-de-desenvolver-a-etica-desde-a-infancia\/"},"wordCount":515,"commentCount":0,"publisher":{"@id":"https:\/\/jornalfatosenoticias.com.br\/#organization"},"image":{"@id":"https:\/\/jornalfatosenoticias.com.br\/index.php\/2021\/12\/02\/a-importancia-de-desenvolver-a-etica-desde-a-infancia\/#primaryimage"},"thumbnailUrl":"https:\/\/jornalfatosenoticias.com.br\/wp-content\/uploads\/2021\/12\/etica-na-infancia_pexels-cottonbro.jpg","keywords":["educa\u00e7\u00e3o","\u00e9tica","honestidade","inf\u00e2ncia","integridade","valores"],"articleSection":["Comportamento &amp; Equil\u00edbrio"],"inLanguage":"pt-BR","potentialAction":[{"@type":"CommentAction","name":"Comment","target":["https:\/\/jornalfatosenoticias.com.br\/index.php\/2021\/12\/02\/a-importancia-de-desenvolver-a-etica-desde-a-infancia\/#respond"]}]},{"@type":"WebPage","@id":"https:\/\/jornalfatosenoticias.com.br\/index.php\/2021\/12\/02\/a-importancia-de-desenvolver-a-etica-desde-a-infancia\/","url":"https:\/\/jornalfatosenoticias.com.br\/index.php\/2021\/12\/02\/a-importancia-de-desenvolver-a-etica-desde-a-infancia\/","name":"A import\u00e2ncia de desenvolver a \u00e9tica desde a inf\u00e2ncia - Jornal Fatos e Not\u00edcias","isPartOf":{"@id":"https:\/\/jornalfatosenoticias.com.br\/#website"},"primaryImageOfPage":{"@id":"https:\/\/jornalfatosenoticias.com.br\/index.php\/2021\/12\/02\/a-importancia-de-desenvolver-a-etica-desde-a-infancia\/#primaryimage"},"image":{"@id":"https:\/\/jornalfatosenoticias.com.br\/index.php\/2021\/12\/02\/a-importancia-de-desenvolver-a-etica-desde-a-infancia\/#primaryimage"},"thumbnailUrl":"https:\/\/jornalfatosenoticias.com.br\/wp-content\/uploads\/2021\/12\/etica-na-infancia_pexels-cottonbro.jpg","datePublished":"2021-12-02T20:19:51+00:00","dateModified":"2021-12-02T20:19:53+00:00","breadcrumb":{"@id":"https:\/\/jornalfatosenoticias.com.br\/index.php\/2021\/12\/02\/a-importancia-de-desenvolver-a-etica-desde-a-infancia\/#breadcrumb"},"inLanguage":"pt-BR","potentialAction":[{"@type":"ReadAction","target":["https:\/\/jornalfatosenoticias.com.br\/index.php\/2021\/12\/02\/a-importancia-de-desenvolver-a-etica-desde-a-infancia\/"]}]},{"@type":"ImageObject","inLanguage":"pt-BR","@id":"https:\/\/jornalfatosenoticias.com.br\/index.php\/2021\/12\/02\/a-importancia-de-desenvolver-a-etica-desde-a-infancia\/#primaryimage","url":"https:\/\/jornalfatosenoticias.com.br\/wp-content\/uploads\/2021\/12\/etica-na-infancia_pexels-cottonbro.jpg","contentUrl":"https:\/\/jornalfatosenoticias.com.br\/wp-content\/uploads\/2021\/12\/etica-na-infancia_pexels-cottonbro.jpg","width":1000,"height":666},{"@type":"BreadcrumbList","@id":"https:\/\/jornalfatosenoticias.com.br\/index.php\/2021\/12\/02\/a-importancia-de-desenvolver-a-etica-desde-a-infancia\/#breadcrumb","itemListElement":[{"@type":"ListItem","position":1,"name":"In\u00edcio","item":"https:\/\/jornalfatosenoticias.com.br\/"},{"@type":"ListItem","position":2,"name":"A import\u00e2ncia de desenvolver a \u00e9tica desde a inf\u00e2ncia"}]},{"@type":"WebSite","@id":"https:\/\/jornalfatosenoticias.com.br\/#website","url":"https:\/\/jornalfatosenoticias.com.br\/","name":"Jornal Fatos e Not\u00edcias","description":"Not\u00edcias em geral","publisher":{"@id":"https:\/\/jornalfatosenoticias.com.br\/#organization"},"potentialAction":[{"@type":"SearchAction","target":{"@type":"EntryPoint","urlTemplate":"https:\/\/jornalfatosenoticias.com.br\/?s={search_term_string}"},"query-input":{"@type":"PropertyValueSpecification","valueRequired":true,"valueName":"search_term_string"}}],"inLanguage":"pt-BR"},{"@type":"Organization","@id":"https:\/\/jornalfatosenoticias.com.br\/#organization","name":"Jornal Fatos e Not\u00edcias","url":"https:\/\/jornalfatosenoticias.com.br\/","logo":{"@type":"ImageObject","inLanguage":"pt-BR","@id":"https:\/\/jornalfatosenoticias.com.br\/#\/schema\/logo\/image\/","url":"https:\/\/jornalfatosenoticias.com.br\/wp-content\/uploads\/2020\/02\/logo120.png","contentUrl":"https:\/\/jornalfatosenoticias.com.br\/wp-content\/uploads\/2020\/02\/logo120.png","width":1227,"height":120,"caption":"Jornal Fatos e Not\u00edcias"},"image":{"@id":"https:\/\/jornalfatosenoticias.com.br\/#\/schema\/logo\/image\/"}},{"@type":"Person","@id":"https:\/\/jornalfatosenoticias.com.br\/#\/schema\/person\/d63837fa13ac8666eb9e74e0985d6f81","name":"Luzimara Fernandes","image":{"@type":"ImageObject","inLanguage":"pt-BR","@id":"https:\/\/jornalfatosenoticias.com.br\/#\/schema\/person\/image\/","url":"https:\/\/jornalfatosenoticias.com.br\/wp-content\/uploads\/2025\/05\/EU_portal.jpg","contentUrl":"https:\/\/jornalfatosenoticias.com.br\/wp-content\/uploads\/2025\/05\/EU_portal.jpg","caption":"Luzimara Fernandes"},"description":"Jornalista MTB 2358-ES","sameAs":["https:\/\/jornalfatosenoticias.com.br"],"url":"https:\/\/jornalfatosenoticias.com.br\/index.php\/author\/luzimara\/"}]}},"cc_featured_image_caption":{"caption_text":"(Foto: Cottonbro\/Pexels) ","source_text":"","source_url":""},"jetpack_featured_media_url":"https:\/\/jornalfatosenoticias.com.br\/wp-content\/uploads\/2021\/12\/etica-na-infancia_pexels-cottonbro.jpg","_links":{"self":[{"href":"https:\/\/jornalfatosenoticias.com.br\/index.php\/wp-json\/wp\/v2\/posts\/25481","targetHints":{"allow":["GET"]}}],"collection":[{"href":"https:\/\/jornalfatosenoticias.com.br\/index.php\/wp-json\/wp\/v2\/posts"}],"about":[{"href":"https:\/\/jornalfatosenoticias.com.br\/index.php\/wp-json\/wp\/v2\/types\/post"}],"author":[{"embeddable":true,"href":"https:\/\/jornalfatosenoticias.com.br\/index.php\/wp-json\/wp\/v2\/users\/2"}],"replies":[{"embeddable":true,"href":"https:\/\/jornalfatosenoticias.com.br\/index.php\/wp-json\/wp\/v2\/comments?post=25481"}],"version-history":[{"count":0,"href":"https:\/\/jornalfatosenoticias.com.br\/index.php\/wp-json\/wp\/v2\/posts\/25481\/revisions"}],"wp:featuredmedia":[{"embeddable":true,"href":"https:\/\/jornalfatosenoticias.com.br\/index.php\/wp-json\/wp\/v2\/media\/25482"}],"wp:attachment":[{"href":"https:\/\/jornalfatosenoticias.com.br\/index.php\/wp-json\/wp\/v2\/media?parent=25481"}],"wp:term":[{"taxonomy":"category","embeddable":true,"href":"https:\/\/jornalfatosenoticias.com.br\/index.php\/wp-json\/wp\/v2\/categories?post=25481"},{"taxonomy":"post_tag","embeddable":true,"href":"https:\/\/jornalfatosenoticias.com.br\/index.php\/wp-json\/wp\/v2\/tags?post=25481"}],"curies":[{"name":"wp","href":"https:\/\/api.w.org\/{rel}","templated":true}]}}