{"id":2551,"date":"2020-03-30T13:27:13","date_gmt":"2020-03-30T16:27:13","guid":{"rendered":"https:\/\/jornalfatosenoticias.com.br\/?p=2551"},"modified":"2020-03-30T13:28:13","modified_gmt":"2020-03-30T16:28:13","slug":"conheca-as-cinco-maiores-pandemias-da-historia","status":"publish","type":"post","link":"https:\/\/jornalfatosenoticias.com.br\/index.php\/2020\/03\/30\/conheca-as-cinco-maiores-pandemias-da-historia\/","title":{"rendered":"Conhe\u00e7a as cinco maiores pandemias da hist\u00f3ria"},"content":{"rendered":"\n<h6 class=\"wp-block-heading\"><em>O coronav\u00edrus n\u00e3o \u00e9 o primeiro causador de pandemias mundiais. Relembre outras doen\u00e7as que mudaram os rumos da hist\u00f3ria da humanidade<\/em><\/h6>\n\n\n\n<p>A pandemia do novo coronav\u00edrus est\u00e1 causando medo em todo o mundo \u2014 e n\u00e3o \u00e9 para menos. O v\u00edrus causador da Covid-19 j\u00e1 infectou mais de 500 mil pessoas em centenas de pa\u00edses, com milhares de casos mortais. <br>\nO cen\u00e1rio \u00e9 semelhante ao que j\u00e1 aconteceu em outros momentos da humanidade, em que doen\u00e7as se espalharam pelo mundo e causaram estragos. <\/p>\n\n\n\n<p>Conhe\u00e7a as principais pandemias que assolaram o planeta.<\/p>\n\n\n\n<ol class=\"wp-block-list\"><li><strong>Peste bub\u00f4nica<\/strong><\/li><\/ol>\n\n\n\n<p>A peste bub\u00f4nica \u00e9 causada pela bact\u00e9ria Yersinia pestis e pode se disseminar pelo contato com pulgas e roedores infectados. Seus sintomas incluem incha\u00e7o dos g\u00e2nglios linf\u00e1ticos na virilha, na axila ou no pesco\u00e7o. Outros sintomas s\u00e3o febre, calafrios, dor de cabe\u00e7a, fadiga e dores musculares. A doen\u00e7a \u00e9 considerada, historicamente, a causadora da Peste Negra, que assolou a Europa no s\u00e9culo 14, matando entre 75 e 200 milh\u00f5es pessoas na antiga Eur\u00e1sia. No total, a praga pode ter reduzido a popula\u00e7\u00e3o mundial de 450 milh\u00f5es de pessoas para 350 milh\u00f5es.<\/p>\n\n\n\n<figure class=\"wp-block-image size-large\"><img loading=\"lazy\" decoding=\"async\" width=\"980\" height=\"870\" src=\"https:\/\/jornalfatosenoticias.com.br\/wp-content\/uploads\/2020\/03\/gripe_espanhola.jpg\" alt=\"\" class=\"wp-image-2553\" srcset=\"https:\/\/jornalfatosenoticias.com.br\/wp-content\/uploads\/2020\/03\/gripe_espanhola.jpg 980w, https:\/\/jornalfatosenoticias.com.br\/wp-content\/uploads\/2020\/03\/gripe_espanhola-300x266.jpg 300w, https:\/\/jornalfatosenoticias.com.br\/wp-content\/uploads\/2020\/03\/gripe_espanhola-768x682.jpg 768w\" sizes=\"auto, (max-width: 980px) 100vw, 980px\" \/><figcaption><em>Jornal do Recife com a manchete sobre a chegada do navio ao Brasil (Foto: Biblioteca Nacional)<\/em><\/figcaption><\/figure>\n\n\n\n<p><strong>2. Var\u00edola<\/strong><\/p>\n\n\n\n<p>A doen\u00e7a atormentou a humanidade por mais de tr\u00eas mil anos. O fara\u00f3 eg\u00edpcio Rams\u00e9s II, a rainha Maria II da Inglaterra e o rei Lu\u00eds XV da Fran\u00e7a tiveram a temida \u201cbixiga\u201d. O v\u00edrus Orthopoxv\u00edrus variolae era transmitido de pessoa para pessoa, por meio das vias respirat\u00f3rias. Os sintomas eram febre, seguida de erup\u00e7\u00f5es na garganta, na boca e no rosto. Felizmente, a var\u00edola foi erradicada do planeta em 1980, ap\u00f3s campanha de vacina\u00e7\u00e3o em massa.<\/p>\n\n\n\n<p><strong>3. C\u00f3lera<\/strong><\/p>\n\n\n\n<p>Sua primeira epidemia global, em 1817, matou centenas de milhares de pessoas. Desde ent\u00e3o, a bact\u00e9ria Vibrio cholerae sofre diversas muta\u00e7\u00f5es e causa novos ciclos epid\u00eamicos de tempos em tempos e, portanto, ainda \u00e9 considerada uma pandemia.<br> Sua transmiss\u00e3o acontece a partir do consumo de \u00e1gua ou alimentos contaminados, e \u00e9 mais comum em pa\u00edses subdesenvolvidos. Um dos pa\u00edses mais atingidos pela c\u00f3lera foi o Haiti, em 2010. O Brasil j\u00e1 teve v\u00e1rios surtos da doen\u00e7a, principalmente em \u00e1reas mais pobres do Nordeste. No I\u00eamen, em 2019, mais de 40 mil pessoas morreram devido \u00e0 enfermidade.<br> Os sintomas s\u00e3o diarreia intensa, c\u00f3licas e enjoo. Apesar de existir vacina contra a doen\u00e7a, ela n\u00e3o \u00e9 100% eficaz. O tratamento \u00e9 \u00e0 base de antibi\u00f3ticos. <\/p>\n\n\n\n<p><strong>4. Gripe Espanhola<\/strong><\/p>\n\n\n\n<p>Acredita-se que entre 40 e 50 milh\u00f5es de pessoas tenham morrido na pandemia de gripe espanhola de 1918, causada por um v\u00edrus influenza mortal. Mais de um quarto da popula\u00e7\u00e3o mundial na \u00e9poca foi infectada e at\u00e9 ent\u00e3o presidente do Brasil, Rodrigues Alves, morreu da doen\u00e7a, em 1919. O v\u00edrus veio da Europa, a bordo do navio Demerara. O transatl\u00e2ntico desembarcou passageiros infectados no Recife, em Salvador e no Rio de Janeiro.<br> Os sintomas da doen\u00e7a eram muito parecidos com o atual coronav\u00edrus Sars-CoV-2, e n\u00e3o existia cura. Em S\u00e3o Paulo, a popula\u00e7\u00e3o foi atr\u00e1s de um rem\u00e9dio caseiro feito com cacha\u00e7a, lim\u00e3o e mel. De acordo com o Instituto Brasileiro da Cacha\u00e7a, foi dessa receita supostamente terap\u00eautica que nasceu a caipirinha.<\/p>\n\n\n\n<p><strong>5. Gripe Su\u00edna (H1N1)<\/strong><\/p>\n\n\n\n<p>Conhecido como gripe su\u00edna, o H1N1 foi o primeiro causador de pandemia do s\u00e9culo 21. O v\u00edrus surgido em porcos no M\u00e9xico, em 2009, e se espalhou rapidamente pelo mundo, matando 16 mil pessoas. No Brasil, o primeiro caso foi confirmado em maio daquele ano e, no fim de junho, 627 pessoas estavam infectadas no Pa\u00eds, de acordo com o Minist\u00e9rio da Sa\u00fade. <br>\nO cont\u00e1gio acontece a partir de got\u00edculas respirat\u00f3rias no ar ou em uma superf\u00edcie contaminada. Seus sintomas s\u00e3o os mesmos de uma gripe: febre, tosse, dor de garganta, calafrio e dor no corpo.<\/p>\n\n\n\n<p><strong><em>Fonte: <a href=\"https:\/\/revistagalileu.globo.com\/Ciencia\/Saude\/noticia\/2020\/03\/conheca-5-maiores-pandemias-da-historia.html\">Galileu.com<\/a><\/em><\/strong><\/p>\n","protected":false},"excerpt":{"rendered":"<p>O coronav\u00edrus n\u00e3o \u00e9 o primeiro causador de pandemias mundiais. Relembre outras doen\u00e7as que mudaram os rumos da hist\u00f3ria da humanidade A pandemia do novo coronav\u00edrus est\u00e1 causando medo em todo o mundo \u2014 e n\u00e3o \u00e9 para menos. O v\u00edrus causador da Covid-19 j\u00e1 infectou mais de 500 mil pessoas em centenas de pa\u00edses, [&hellip;]<\/p>\n","protected":false},"author":2,"featured_media":2552,"comment_status":"open","ping_status":"open","sticky":false,"template":"","format":"standard","meta":{"footnotes":""},"categories":[11],"tags":[1187,73,1188,1189,1184,1185,165,1186],"class_list":["post-2551","post","type-post","status-publish","format-standard","has-post-thumbnail","hentry","category-saude","tag-colera","tag-coronavirus","tag-gripe-espanhola","tag-gripe-suina","tag-pandemias-no-mundo","tag-peste-bubonica","tag-planeta","tag-variola"],"yoast_head":"<!-- This site is optimized with the Yoast SEO plugin v26.5 - https:\/\/yoast.com\/wordpress\/plugins\/seo\/ -->\n<title>Conhe\u00e7a as cinco maiores pandemias da hist\u00f3ria - Jornal Fatos e Not\u00edcias<\/title>\n<meta name=\"robots\" content=\"index, follow, max-snippet:-1, max-image-preview:large, max-video-preview:-1\" \/>\n<link rel=\"canonical\" href=\"https:\/\/jornalfatosenoticias.com.br\/index.php\/2020\/03\/30\/conheca-as-cinco-maiores-pandemias-da-historia\/\" \/>\n<meta property=\"og:locale\" content=\"pt_BR\" \/>\n<meta property=\"og:type\" content=\"article\" \/>\n<meta property=\"og:title\" content=\"Conhe\u00e7a as cinco maiores pandemias da hist\u00f3ria - Jornal Fatos e Not\u00edcias\" \/>\n<meta property=\"og:description\" content=\"O coronav\u00edrus n\u00e3o \u00e9 o primeiro causador de pandemias mundiais. Relembre outras doen\u00e7as que mudaram os rumos da hist\u00f3ria da humanidade A pandemia do novo coronav\u00edrus est\u00e1 causando medo em todo o mundo \u2014 e n\u00e3o \u00e9 para menos. O v\u00edrus causador da Covid-19 j\u00e1 infectou mais de 500 mil pessoas em centenas de pa\u00edses, [&hellip;]\" \/>\n<meta property=\"og:url\" content=\"https:\/\/jornalfatosenoticias.com.br\/index.php\/2020\/03\/30\/conheca-as-cinco-maiores-pandemias-da-historia\/\" \/>\n<meta property=\"og:site_name\" content=\"Jornal Fatos e Not\u00edcias\" \/>\n<meta property=\"article:published_time\" content=\"2020-03-30T16:27:13+00:00\" \/>\n<meta property=\"article:modified_time\" content=\"2020-03-30T16:28:13+00:00\" \/>\n<meta property=\"og:image\" content=\"https:\/\/jornalfatosenoticias.com.br\/wp-content\/uploads\/2020\/03\/pandemias-mundo.jpg\" \/>\n\t<meta property=\"og:image:width\" content=\"980\" \/>\n\t<meta property=\"og:image:height\" content=\"686\" \/>\n\t<meta property=\"og:image:type\" content=\"image\/jpeg\" \/>\n<meta name=\"author\" content=\"Luzimara Fernandes\" \/>\n<meta name=\"twitter:card\" content=\"summary_large_image\" \/>\n<meta name=\"twitter:label1\" content=\"Escrito por\" \/>\n\t<meta name=\"twitter:data1\" content=\"Luzimara Fernandes\" \/>\n\t<meta name=\"twitter:label2\" content=\"Est. tempo de leitura\" \/>\n\t<meta name=\"twitter:data2\" content=\"3 minutos\" \/>\n<script type=\"application\/ld+json\" class=\"yoast-schema-graph\">{\"@context\":\"https:\/\/schema.org\",\"@graph\":[{\"@type\":\"Article\",\"@id\":\"https:\/\/jornalfatosenoticias.com.br\/index.php\/2020\/03\/30\/conheca-as-cinco-maiores-pandemias-da-historia\/#article\",\"isPartOf\":{\"@id\":\"https:\/\/jornalfatosenoticias.com.br\/index.php\/2020\/03\/30\/conheca-as-cinco-maiores-pandemias-da-historia\/\"},\"author\":{\"name\":\"Luzimara Fernandes\",\"@id\":\"https:\/\/jornalfatosenoticias.com.br\/#\/schema\/person\/d63837fa13ac8666eb9e74e0985d6f81\"},\"headline\":\"Conhe\u00e7a as cinco maiores pandemias da hist\u00f3ria\",\"datePublished\":\"2020-03-30T16:27:13+00:00\",\"dateModified\":\"2020-03-30T16:28:13+00:00\",\"mainEntityOfPage\":{\"@id\":\"https:\/\/jornalfatosenoticias.com.br\/index.php\/2020\/03\/30\/conheca-as-cinco-maiores-pandemias-da-historia\/\"},\"wordCount\":696,\"commentCount\":0,\"publisher\":{\"@id\":\"https:\/\/jornalfatosenoticias.com.br\/#organization\"},\"image\":{\"@id\":\"https:\/\/jornalfatosenoticias.com.br\/index.php\/2020\/03\/30\/conheca-as-cinco-maiores-pandemias-da-historia\/#primaryimage\"},\"thumbnailUrl\":\"https:\/\/jornalfatosenoticias.com.br\/wp-content\/uploads\/2020\/03\/pandemias-mundo.jpg\",\"keywords\":[\"c\u00f3lera\",\"coronav\u00edrus\",\"gripe espanhola\",\"gripe su\u00edna\",\"pandemias no mundo\",\"peste bub\u00f4nica\",\"planeta\",\"var\u00edola\"],\"articleSection\":[\"Sa\u00fade\"],\"inLanguage\":\"pt-BR\",\"potentialAction\":[{\"@type\":\"CommentAction\",\"name\":\"Comment\",\"target\":[\"https:\/\/jornalfatosenoticias.com.br\/index.php\/2020\/03\/30\/conheca-as-cinco-maiores-pandemias-da-historia\/#respond\"]}]},{\"@type\":\"WebPage\",\"@id\":\"https:\/\/jornalfatosenoticias.com.br\/index.php\/2020\/03\/30\/conheca-as-cinco-maiores-pandemias-da-historia\/\",\"url\":\"https:\/\/jornalfatosenoticias.com.br\/index.php\/2020\/03\/30\/conheca-as-cinco-maiores-pandemias-da-historia\/\",\"name\":\"Conhe\u00e7a as cinco maiores pandemias da hist\u00f3ria - Jornal Fatos e Not\u00edcias\",\"isPartOf\":{\"@id\":\"https:\/\/jornalfatosenoticias.com.br\/#website\"},\"primaryImageOfPage\":{\"@id\":\"https:\/\/jornalfatosenoticias.com.br\/index.php\/2020\/03\/30\/conheca-as-cinco-maiores-pandemias-da-historia\/#primaryimage\"},\"image\":{\"@id\":\"https:\/\/jornalfatosenoticias.com.br\/index.php\/2020\/03\/30\/conheca-as-cinco-maiores-pandemias-da-historia\/#primaryimage\"},\"thumbnailUrl\":\"https:\/\/jornalfatosenoticias.com.br\/wp-content\/uploads\/2020\/03\/pandemias-mundo.jpg\",\"datePublished\":\"2020-03-30T16:27:13+00:00\",\"dateModified\":\"2020-03-30T16:28:13+00:00\",\"breadcrumb\":{\"@id\":\"https:\/\/jornalfatosenoticias.com.br\/index.php\/2020\/03\/30\/conheca-as-cinco-maiores-pandemias-da-historia\/#breadcrumb\"},\"inLanguage\":\"pt-BR\",\"potentialAction\":[{\"@type\":\"ReadAction\",\"target\":[\"https:\/\/jornalfatosenoticias.com.br\/index.php\/2020\/03\/30\/conheca-as-cinco-maiores-pandemias-da-historia\/\"]}]},{\"@type\":\"ImageObject\",\"inLanguage\":\"pt-BR\",\"@id\":\"https:\/\/jornalfatosenoticias.com.br\/index.php\/2020\/03\/30\/conheca-as-cinco-maiores-pandemias-da-historia\/#primaryimage\",\"url\":\"https:\/\/jornalfatosenoticias.com.br\/wp-content\/uploads\/2020\/03\/pandemias-mundo.jpg\",\"contentUrl\":\"https:\/\/jornalfatosenoticias.com.br\/wp-content\/uploads\/2020\/03\/pandemias-mundo.jpg\",\"width\":980,\"height\":686},{\"@type\":\"BreadcrumbList\",\"@id\":\"https:\/\/jornalfatosenoticias.com.br\/index.php\/2020\/03\/30\/conheca-as-cinco-maiores-pandemias-da-historia\/#breadcrumb\",\"itemListElement\":[{\"@type\":\"ListItem\",\"position\":1,\"name\":\"In\u00edcio\",\"item\":\"https:\/\/jornalfatosenoticias.com.br\/\"},{\"@type\":\"ListItem\",\"position\":2,\"name\":\"Conhe\u00e7a as cinco maiores pandemias da hist\u00f3ria\"}]},{\"@type\":\"WebSite\",\"@id\":\"https:\/\/jornalfatosenoticias.com.br\/#website\",\"url\":\"https:\/\/jornalfatosenoticias.com.br\/\",\"name\":\"Jornal Fatos e Not\u00edcias\",\"description\":\"Not\u00edcias em geral\",\"publisher\":{\"@id\":\"https:\/\/jornalfatosenoticias.com.br\/#organization\"},\"potentialAction\":[{\"@type\":\"SearchAction\",\"target\":{\"@type\":\"EntryPoint\",\"urlTemplate\":\"https:\/\/jornalfatosenoticias.com.br\/?s={search_term_string}\"},\"query-input\":{\"@type\":\"PropertyValueSpecification\",\"valueRequired\":true,\"valueName\":\"search_term_string\"}}],\"inLanguage\":\"pt-BR\"},{\"@type\":\"Organization\",\"@id\":\"https:\/\/jornalfatosenoticias.com.br\/#organization\",\"name\":\"Jornal Fatos e Not\u00edcias\",\"url\":\"https:\/\/jornalfatosenoticias.com.br\/\",\"logo\":{\"@type\":\"ImageObject\",\"inLanguage\":\"pt-BR\",\"@id\":\"https:\/\/jornalfatosenoticias.com.br\/#\/schema\/logo\/image\/\",\"url\":\"https:\/\/jornalfatosenoticias.com.br\/wp-content\/uploads\/2020\/02\/logo120.png\",\"contentUrl\":\"https:\/\/jornalfatosenoticias.com.br\/wp-content\/uploads\/2020\/02\/logo120.png\",\"width\":1227,\"height\":120,\"caption\":\"Jornal Fatos e Not\u00edcias\"},\"image\":{\"@id\":\"https:\/\/jornalfatosenoticias.com.br\/#\/schema\/logo\/image\/\"}},{\"@type\":\"Person\",\"@id\":\"https:\/\/jornalfatosenoticias.com.br\/#\/schema\/person\/d63837fa13ac8666eb9e74e0985d6f81\",\"name\":\"Luzimara Fernandes\",\"image\":{\"@type\":\"ImageObject\",\"inLanguage\":\"pt-BR\",\"@id\":\"https:\/\/jornalfatosenoticias.com.br\/#\/schema\/person\/image\/\",\"url\":\"https:\/\/jornalfatosenoticias.com.br\/wp-content\/uploads\/2025\/05\/EU_portal.jpg\",\"contentUrl\":\"https:\/\/jornalfatosenoticias.com.br\/wp-content\/uploads\/2025\/05\/EU_portal.jpg\",\"caption\":\"Luzimara Fernandes\"},\"description\":\"Jornalista MTB 2358-ES\",\"sameAs\":[\"https:\/\/jornalfatosenoticias.com.br\"],\"url\":\"https:\/\/jornalfatosenoticias.com.br\/index.php\/author\/luzimara\/\"}]}<\/script>\n<!-- \/ Yoast SEO plugin. -->","yoast_head_json":{"title":"Conhe\u00e7a as cinco maiores pandemias da hist\u00f3ria - Jornal Fatos e Not\u00edcias","robots":{"index":"index","follow":"follow","max-snippet":"max-snippet:-1","max-image-preview":"max-image-preview:large","max-video-preview":"max-video-preview:-1"},"canonical":"https:\/\/jornalfatosenoticias.com.br\/index.php\/2020\/03\/30\/conheca-as-cinco-maiores-pandemias-da-historia\/","og_locale":"pt_BR","og_type":"article","og_title":"Conhe\u00e7a as cinco maiores pandemias da hist\u00f3ria - Jornal Fatos e Not\u00edcias","og_description":"O coronav\u00edrus n\u00e3o \u00e9 o primeiro causador de pandemias mundiais. Relembre outras doen\u00e7as que mudaram os rumos da hist\u00f3ria da humanidade A pandemia do novo coronav\u00edrus est\u00e1 causando medo em todo o mundo \u2014 e n\u00e3o \u00e9 para menos. O v\u00edrus causador da Covid-19 j\u00e1 infectou mais de 500 mil pessoas em centenas de pa\u00edses, [&hellip;]","og_url":"https:\/\/jornalfatosenoticias.com.br\/index.php\/2020\/03\/30\/conheca-as-cinco-maiores-pandemias-da-historia\/","og_site_name":"Jornal Fatos e Not\u00edcias","article_published_time":"2020-03-30T16:27:13+00:00","article_modified_time":"2020-03-30T16:28:13+00:00","og_image":[{"width":980,"height":686,"url":"https:\/\/jornalfatosenoticias.com.br\/wp-content\/uploads\/2020\/03\/pandemias-mundo.jpg","type":"image\/jpeg"}],"author":"Luzimara Fernandes","twitter_card":"summary_large_image","twitter_misc":{"Escrito por":"Luzimara Fernandes","Est. tempo de leitura":"3 minutos"},"schema":{"@context":"https:\/\/schema.org","@graph":[{"@type":"Article","@id":"https:\/\/jornalfatosenoticias.com.br\/index.php\/2020\/03\/30\/conheca-as-cinco-maiores-pandemias-da-historia\/#article","isPartOf":{"@id":"https:\/\/jornalfatosenoticias.com.br\/index.php\/2020\/03\/30\/conheca-as-cinco-maiores-pandemias-da-historia\/"},"author":{"name":"Luzimara Fernandes","@id":"https:\/\/jornalfatosenoticias.com.br\/#\/schema\/person\/d63837fa13ac8666eb9e74e0985d6f81"},"headline":"Conhe\u00e7a as cinco maiores pandemias da hist\u00f3ria","datePublished":"2020-03-30T16:27:13+00:00","dateModified":"2020-03-30T16:28:13+00:00","mainEntityOfPage":{"@id":"https:\/\/jornalfatosenoticias.com.br\/index.php\/2020\/03\/30\/conheca-as-cinco-maiores-pandemias-da-historia\/"},"wordCount":696,"commentCount":0,"publisher":{"@id":"https:\/\/jornalfatosenoticias.com.br\/#organization"},"image":{"@id":"https:\/\/jornalfatosenoticias.com.br\/index.php\/2020\/03\/30\/conheca-as-cinco-maiores-pandemias-da-historia\/#primaryimage"},"thumbnailUrl":"https:\/\/jornalfatosenoticias.com.br\/wp-content\/uploads\/2020\/03\/pandemias-mundo.jpg","keywords":["c\u00f3lera","coronav\u00edrus","gripe espanhola","gripe su\u00edna","pandemias no mundo","peste bub\u00f4nica","planeta","var\u00edola"],"articleSection":["Sa\u00fade"],"inLanguage":"pt-BR","potentialAction":[{"@type":"CommentAction","name":"Comment","target":["https:\/\/jornalfatosenoticias.com.br\/index.php\/2020\/03\/30\/conheca-as-cinco-maiores-pandemias-da-historia\/#respond"]}]},{"@type":"WebPage","@id":"https:\/\/jornalfatosenoticias.com.br\/index.php\/2020\/03\/30\/conheca-as-cinco-maiores-pandemias-da-historia\/","url":"https:\/\/jornalfatosenoticias.com.br\/index.php\/2020\/03\/30\/conheca-as-cinco-maiores-pandemias-da-historia\/","name":"Conhe\u00e7a as cinco maiores pandemias da hist\u00f3ria - Jornal Fatos e Not\u00edcias","isPartOf":{"@id":"https:\/\/jornalfatosenoticias.com.br\/#website"},"primaryImageOfPage":{"@id":"https:\/\/jornalfatosenoticias.com.br\/index.php\/2020\/03\/30\/conheca-as-cinco-maiores-pandemias-da-historia\/#primaryimage"},"image":{"@id":"https:\/\/jornalfatosenoticias.com.br\/index.php\/2020\/03\/30\/conheca-as-cinco-maiores-pandemias-da-historia\/#primaryimage"},"thumbnailUrl":"https:\/\/jornalfatosenoticias.com.br\/wp-content\/uploads\/2020\/03\/pandemias-mundo.jpg","datePublished":"2020-03-30T16:27:13+00:00","dateModified":"2020-03-30T16:28:13+00:00","breadcrumb":{"@id":"https:\/\/jornalfatosenoticias.com.br\/index.php\/2020\/03\/30\/conheca-as-cinco-maiores-pandemias-da-historia\/#breadcrumb"},"inLanguage":"pt-BR","potentialAction":[{"@type":"ReadAction","target":["https:\/\/jornalfatosenoticias.com.br\/index.php\/2020\/03\/30\/conheca-as-cinco-maiores-pandemias-da-historia\/"]}]},{"@type":"ImageObject","inLanguage":"pt-BR","@id":"https:\/\/jornalfatosenoticias.com.br\/index.php\/2020\/03\/30\/conheca-as-cinco-maiores-pandemias-da-historia\/#primaryimage","url":"https:\/\/jornalfatosenoticias.com.br\/wp-content\/uploads\/2020\/03\/pandemias-mundo.jpg","contentUrl":"https:\/\/jornalfatosenoticias.com.br\/wp-content\/uploads\/2020\/03\/pandemias-mundo.jpg","width":980,"height":686},{"@type":"BreadcrumbList","@id":"https:\/\/jornalfatosenoticias.com.br\/index.php\/2020\/03\/30\/conheca-as-cinco-maiores-pandemias-da-historia\/#breadcrumb","itemListElement":[{"@type":"ListItem","position":1,"name":"In\u00edcio","item":"https:\/\/jornalfatosenoticias.com.br\/"},{"@type":"ListItem","position":2,"name":"Conhe\u00e7a as cinco maiores pandemias da hist\u00f3ria"}]},{"@type":"WebSite","@id":"https:\/\/jornalfatosenoticias.com.br\/#website","url":"https:\/\/jornalfatosenoticias.com.br\/","name":"Jornal Fatos e Not\u00edcias","description":"Not\u00edcias em geral","publisher":{"@id":"https:\/\/jornalfatosenoticias.com.br\/#organization"},"potentialAction":[{"@type":"SearchAction","target":{"@type":"EntryPoint","urlTemplate":"https:\/\/jornalfatosenoticias.com.br\/?s={search_term_string}"},"query-input":{"@type":"PropertyValueSpecification","valueRequired":true,"valueName":"search_term_string"}}],"inLanguage":"pt-BR"},{"@type":"Organization","@id":"https:\/\/jornalfatosenoticias.com.br\/#organization","name":"Jornal Fatos e Not\u00edcias","url":"https:\/\/jornalfatosenoticias.com.br\/","logo":{"@type":"ImageObject","inLanguage":"pt-BR","@id":"https:\/\/jornalfatosenoticias.com.br\/#\/schema\/logo\/image\/","url":"https:\/\/jornalfatosenoticias.com.br\/wp-content\/uploads\/2020\/02\/logo120.png","contentUrl":"https:\/\/jornalfatosenoticias.com.br\/wp-content\/uploads\/2020\/02\/logo120.png","width":1227,"height":120,"caption":"Jornal Fatos e Not\u00edcias"},"image":{"@id":"https:\/\/jornalfatosenoticias.com.br\/#\/schema\/logo\/image\/"}},{"@type":"Person","@id":"https:\/\/jornalfatosenoticias.com.br\/#\/schema\/person\/d63837fa13ac8666eb9e74e0985d6f81","name":"Luzimara Fernandes","image":{"@type":"ImageObject","inLanguage":"pt-BR","@id":"https:\/\/jornalfatosenoticias.com.br\/#\/schema\/person\/image\/","url":"https:\/\/jornalfatosenoticias.com.br\/wp-content\/uploads\/2025\/05\/EU_portal.jpg","contentUrl":"https:\/\/jornalfatosenoticias.com.br\/wp-content\/uploads\/2025\/05\/EU_portal.jpg","caption":"Luzimara Fernandes"},"description":"Jornalista MTB 2358-ES","sameAs":["https:\/\/jornalfatosenoticias.com.br"],"url":"https:\/\/jornalfatosenoticias.com.br\/index.php\/author\/luzimara\/"}]}},"cc_featured_image_caption":{"caption_text":"Pandemia de 1918 (Foto: W. Commons)","source_text":"","source_url":""},"jetpack_featured_media_url":"https:\/\/jornalfatosenoticias.com.br\/wp-content\/uploads\/2020\/03\/pandemias-mundo.jpg","_links":{"self":[{"href":"https:\/\/jornalfatosenoticias.com.br\/index.php\/wp-json\/wp\/v2\/posts\/2551","targetHints":{"allow":["GET"]}}],"collection":[{"href":"https:\/\/jornalfatosenoticias.com.br\/index.php\/wp-json\/wp\/v2\/posts"}],"about":[{"href":"https:\/\/jornalfatosenoticias.com.br\/index.php\/wp-json\/wp\/v2\/types\/post"}],"author":[{"embeddable":true,"href":"https:\/\/jornalfatosenoticias.com.br\/index.php\/wp-json\/wp\/v2\/users\/2"}],"replies":[{"embeddable":true,"href":"https:\/\/jornalfatosenoticias.com.br\/index.php\/wp-json\/wp\/v2\/comments?post=2551"}],"version-history":[{"count":0,"href":"https:\/\/jornalfatosenoticias.com.br\/index.php\/wp-json\/wp\/v2\/posts\/2551\/revisions"}],"wp:featuredmedia":[{"embeddable":true,"href":"https:\/\/jornalfatosenoticias.com.br\/index.php\/wp-json\/wp\/v2\/media\/2552"}],"wp:attachment":[{"href":"https:\/\/jornalfatosenoticias.com.br\/index.php\/wp-json\/wp\/v2\/media?parent=2551"}],"wp:term":[{"taxonomy":"category","embeddable":true,"href":"https:\/\/jornalfatosenoticias.com.br\/index.php\/wp-json\/wp\/v2\/categories?post=2551"},{"taxonomy":"post_tag","embeddable":true,"href":"https:\/\/jornalfatosenoticias.com.br\/index.php\/wp-json\/wp\/v2\/tags?post=2551"}],"curies":[{"name":"wp","href":"https:\/\/api.w.org\/{rel}","templated":true}]}}