{"id":25566,"date":"2021-12-03T12:04:51","date_gmt":"2021-12-03T15:04:51","guid":{"rendered":"https:\/\/jornalfatosenoticias.com.br\/?p=25566"},"modified":"2021-12-03T12:04:55","modified_gmt":"2021-12-03T15:04:55","slug":"pegadas-de-tigre-siberiano-sao-vistas-pela-primeira-vez-em-50-anos","status":"publish","type":"post","link":"https:\/\/jornalfatosenoticias.com.br\/index.php\/2021\/12\/03\/pegadas-de-tigre-siberiano-sao-vistas-pela-primeira-vez-em-50-anos\/","title":{"rendered":"Pegadas de tigre-siberiano s\u00e3o vistas pela primeira vez em 50 anos"},"content":{"rendered":"\n<p><span class=\"has-inline-color has-black-color\"><em>De acordo com zo\u00f3logos, essa esp\u00e9cie raramente \u00e9 encontrada na R\u00fassia, mas a sua presen\u00e7a indica um crescimento no n\u00famero de animais que estavam amea\u00e7ados de extin\u00e7\u00e3o<\/em><\/span><\/p>\n\n\n\n<p>A ag\u00eancia estatal de not\u00edcias russa TASS relatou uma descoberta impressionante: <strong>a primeira apari\u00e7\u00e3o de pegadas de tigre-siberiano no nordeste da rep\u00fablica siberiana de Sakha<\/strong>, na R\u00fassia, pela primeira vez em meio s\u00e9culo.<br>O servi\u00e7o de prote\u00e7\u00e3o florestal do pa\u00eds avistou as pegadas ao longo da margem direita do rio Aldan, no sudeste de Sakha. De acordo com zo\u00f3logos, os tigres siberianos t\u00eam dificuldade de se fixar nesta regi\u00e3o devido \u00e0 falta de florestas dec\u00edduas e de javalis, que lhes servem de alimento.<br>A descoberta das pegadas indica que <strong>a popula\u00e7\u00e3o da esp\u00e9cie amea\u00e7ada de extin\u00e7\u00e3o est\u00e1 se recuperando, gra\u00e7as aos trabalhos de conserva\u00e7\u00e3o em andamento.<\/strong> A R\u00fassia decidiu proteger o tigre-de-amur, como tamb\u00e9m \u00e9 conhecido, depois que a ca\u00e7a excessiva levou a esp\u00e9cie \u00e0 beira da extin\u00e7\u00e3o em meados do s\u00e9culo 20.<br>Agora, a sua popula\u00e7\u00e3o no Extremo Oriente da R\u00fassia quase dobrou desde 2005, quando havia apenas 330 tigres registrados. Viktor Nikiforov, chefe da institui\u00e7\u00e3o de caridade ambiental Tigrus afirmou ao Optimist Daily que \u201co fato de os tigres explorarem seus ancestrais locais de ca\u00e7a indica que o n\u00famero de animais mais ao norte n\u00e3o \u00e9 motivo de preocupa\u00e7\u00e3o\u201d.<\/p>\n\n\n\n<p><strong><em>Fonte: <a href=\"https:\/\/umsoplaneta.globo.com\/biodiversidade\/noticia\/2021\/12\/01\/pegadas-de-tigre-siberiano-sao-vistas-pela-primeira-vez-em-50-anos.ghtml\">Um S\u00f3 Planeta<\/a><\/em><\/strong><\/p>\n","protected":false},"excerpt":{"rendered":"<p>De acordo com zo\u00f3logos, essa esp\u00e9cie raramente \u00e9 encontrada na R\u00fassia, mas a sua presen\u00e7a indica um crescimento no n\u00famero de animais que estavam amea\u00e7ados de extin\u00e7\u00e3o A ag\u00eancia estatal de not\u00edcias russa TASS relatou uma descoberta impressionante: a primeira apari\u00e7\u00e3o de pegadas de tigre-siberiano no nordeste da rep\u00fablica siberiana de Sakha, na R\u00fassia, pela [&hellip;]<\/p>\n","protected":false},"author":2,"featured_media":25567,"comment_status":"open","ping_status":"open","sticky":false,"template":"","format":"standard","meta":{"footnotes":""},"categories":[8],"tags":[7846,3442,991,12342,12341],"class_list":["post-25566","post","type-post","status-publish","format-standard","has-post-thumbnail","hentry","category-meio-ambiente","tag-ameacados-de-extincao","tag-pegadas","tag-russia","tag-tigre-de-amur","tag-tigre-siberiano"],"yoast_head":"<!-- This site is optimized with the Yoast SEO plugin v26.5 - https:\/\/yoast.com\/wordpress\/plugins\/seo\/ -->\n<title>Pegadas de tigre-siberiano s\u00e3o vistas pela primeira vez em 50 anos - Jornal Fatos e Not\u00edcias<\/title>\n<meta name=\"robots\" content=\"index, follow, max-snippet:-1, max-image-preview:large, max-video-preview:-1\" \/>\n<link rel=\"canonical\" href=\"https:\/\/jornalfatosenoticias.com.br\/index.php\/2021\/12\/03\/pegadas-de-tigre-siberiano-sao-vistas-pela-primeira-vez-em-50-anos\/\" \/>\n<meta property=\"og:locale\" content=\"pt_BR\" \/>\n<meta property=\"og:type\" content=\"article\" \/>\n<meta property=\"og:title\" content=\"Pegadas de tigre-siberiano s\u00e3o vistas pela primeira vez em 50 anos - Jornal Fatos e Not\u00edcias\" \/>\n<meta property=\"og:description\" content=\"De acordo com zo\u00f3logos, essa esp\u00e9cie raramente \u00e9 encontrada na R\u00fassia, mas a sua presen\u00e7a indica um crescimento no n\u00famero de animais que estavam amea\u00e7ados de extin\u00e7\u00e3o A ag\u00eancia estatal de not\u00edcias russa TASS relatou uma descoberta impressionante: a primeira apari\u00e7\u00e3o de pegadas de tigre-siberiano no nordeste da rep\u00fablica siberiana de Sakha, na R\u00fassia, pela [&hellip;]\" \/>\n<meta property=\"og:url\" content=\"https:\/\/jornalfatosenoticias.com.br\/index.php\/2021\/12\/03\/pegadas-de-tigre-siberiano-sao-vistas-pela-primeira-vez-em-50-anos\/\" \/>\n<meta property=\"og:site_name\" content=\"Jornal Fatos e Not\u00edcias\" \/>\n<meta property=\"article:published_time\" content=\"2021-12-03T15:04:51+00:00\" \/>\n<meta property=\"article:modified_time\" content=\"2021-12-03T15:04:55+00:00\" \/>\n<meta property=\"og:image\" content=\"https:\/\/jornalfatosenoticias.com.br\/wp-content\/uploads\/2021\/12\/tigre-siberiano.jpg\" \/>\n\t<meta property=\"og:image:width\" content=\"1000\" \/>\n\t<meta property=\"og:image:height\" content=\"666\" \/>\n\t<meta property=\"og:image:type\" content=\"image\/jpeg\" \/>\n<meta name=\"author\" content=\"Luzimara Fernandes\" \/>\n<meta name=\"twitter:card\" content=\"summary_large_image\" \/>\n<meta name=\"twitter:label1\" content=\"Escrito por\" \/>\n\t<meta name=\"twitter:data1\" content=\"Luzimara Fernandes\" \/>\n\t<meta name=\"twitter:label2\" content=\"Est. tempo de leitura\" \/>\n\t<meta name=\"twitter:data2\" content=\"1 minuto\" \/>\n<script type=\"application\/ld+json\" class=\"yoast-schema-graph\">{\"@context\":\"https:\/\/schema.org\",\"@graph\":[{\"@type\":\"Article\",\"@id\":\"https:\/\/jornalfatosenoticias.com.br\/index.php\/2021\/12\/03\/pegadas-de-tigre-siberiano-sao-vistas-pela-primeira-vez-em-50-anos\/#article\",\"isPartOf\":{\"@id\":\"https:\/\/jornalfatosenoticias.com.br\/index.php\/2021\/12\/03\/pegadas-de-tigre-siberiano-sao-vistas-pela-primeira-vez-em-50-anos\/\"},\"author\":{\"name\":\"Luzimara Fernandes\",\"@id\":\"https:\/\/jornalfatosenoticias.com.br\/#\/schema\/person\/d63837fa13ac8666eb9e74e0985d6f81\"},\"headline\":\"Pegadas de tigre-siberiano s\u00e3o vistas pela primeira vez em 50 anos\",\"datePublished\":\"2021-12-03T15:04:51+00:00\",\"dateModified\":\"2021-12-03T15:04:55+00:00\",\"mainEntityOfPage\":{\"@id\":\"https:\/\/jornalfatosenoticias.com.br\/index.php\/2021\/12\/03\/pegadas-de-tigre-siberiano-sao-vistas-pela-primeira-vez-em-50-anos\/\"},\"wordCount\":264,\"commentCount\":0,\"publisher\":{\"@id\":\"https:\/\/jornalfatosenoticias.com.br\/#organization\"},\"image\":{\"@id\":\"https:\/\/jornalfatosenoticias.com.br\/index.php\/2021\/12\/03\/pegadas-de-tigre-siberiano-sao-vistas-pela-primeira-vez-em-50-anos\/#primaryimage\"},\"thumbnailUrl\":\"https:\/\/jornalfatosenoticias.com.br\/wp-content\/uploads\/2021\/12\/tigre-siberiano.jpg\",\"keywords\":[\"amea\u00e7ados de extin\u00e7\u00e3o\",\"pegadas\",\"R\u00fassia\",\"tigre-de-amur\",\"tigre-siberiano\"],\"articleSection\":[\"Meio ambiente\"],\"inLanguage\":\"pt-BR\",\"potentialAction\":[{\"@type\":\"CommentAction\",\"name\":\"Comment\",\"target\":[\"https:\/\/jornalfatosenoticias.com.br\/index.php\/2021\/12\/03\/pegadas-de-tigre-siberiano-sao-vistas-pela-primeira-vez-em-50-anos\/#respond\"]}]},{\"@type\":\"WebPage\",\"@id\":\"https:\/\/jornalfatosenoticias.com.br\/index.php\/2021\/12\/03\/pegadas-de-tigre-siberiano-sao-vistas-pela-primeira-vez-em-50-anos\/\",\"url\":\"https:\/\/jornalfatosenoticias.com.br\/index.php\/2021\/12\/03\/pegadas-de-tigre-siberiano-sao-vistas-pela-primeira-vez-em-50-anos\/\",\"name\":\"Pegadas de tigre-siberiano s\u00e3o vistas pela primeira vez em 50 anos - Jornal Fatos e Not\u00edcias\",\"isPartOf\":{\"@id\":\"https:\/\/jornalfatosenoticias.com.br\/#website\"},\"primaryImageOfPage\":{\"@id\":\"https:\/\/jornalfatosenoticias.com.br\/index.php\/2021\/12\/03\/pegadas-de-tigre-siberiano-sao-vistas-pela-primeira-vez-em-50-anos\/#primaryimage\"},\"image\":{\"@id\":\"https:\/\/jornalfatosenoticias.com.br\/index.php\/2021\/12\/03\/pegadas-de-tigre-siberiano-sao-vistas-pela-primeira-vez-em-50-anos\/#primaryimage\"},\"thumbnailUrl\":\"https:\/\/jornalfatosenoticias.com.br\/wp-content\/uploads\/2021\/12\/tigre-siberiano.jpg\",\"datePublished\":\"2021-12-03T15:04:51+00:00\",\"dateModified\":\"2021-12-03T15:04:55+00:00\",\"breadcrumb\":{\"@id\":\"https:\/\/jornalfatosenoticias.com.br\/index.php\/2021\/12\/03\/pegadas-de-tigre-siberiano-sao-vistas-pela-primeira-vez-em-50-anos\/#breadcrumb\"},\"inLanguage\":\"pt-BR\",\"potentialAction\":[{\"@type\":\"ReadAction\",\"target\":[\"https:\/\/jornalfatosenoticias.com.br\/index.php\/2021\/12\/03\/pegadas-de-tigre-siberiano-sao-vistas-pela-primeira-vez-em-50-anos\/\"]}]},{\"@type\":\"ImageObject\",\"inLanguage\":\"pt-BR\",\"@id\":\"https:\/\/jornalfatosenoticias.com.br\/index.php\/2021\/12\/03\/pegadas-de-tigre-siberiano-sao-vistas-pela-primeira-vez-em-50-anos\/#primaryimage\",\"url\":\"https:\/\/jornalfatosenoticias.com.br\/wp-content\/uploads\/2021\/12\/tigre-siberiano.jpg\",\"contentUrl\":\"https:\/\/jornalfatosenoticias.com.br\/wp-content\/uploads\/2021\/12\/tigre-siberiano.jpg\",\"width\":1000,\"height\":666},{\"@type\":\"BreadcrumbList\",\"@id\":\"https:\/\/jornalfatosenoticias.com.br\/index.php\/2021\/12\/03\/pegadas-de-tigre-siberiano-sao-vistas-pela-primeira-vez-em-50-anos\/#breadcrumb\",\"itemListElement\":[{\"@type\":\"ListItem\",\"position\":1,\"name\":\"In\u00edcio\",\"item\":\"https:\/\/jornalfatosenoticias.com.br\/\"},{\"@type\":\"ListItem\",\"position\":2,\"name\":\"Pegadas de tigre-siberiano s\u00e3o vistas pela primeira vez em 50 anos\"}]},{\"@type\":\"WebSite\",\"@id\":\"https:\/\/jornalfatosenoticias.com.br\/#website\",\"url\":\"https:\/\/jornalfatosenoticias.com.br\/\",\"name\":\"Jornal Fatos e Not\u00edcias\",\"description\":\"Not\u00edcias em geral\",\"publisher\":{\"@id\":\"https:\/\/jornalfatosenoticias.com.br\/#organization\"},\"potentialAction\":[{\"@type\":\"SearchAction\",\"target\":{\"@type\":\"EntryPoint\",\"urlTemplate\":\"https:\/\/jornalfatosenoticias.com.br\/?s={search_term_string}\"},\"query-input\":{\"@type\":\"PropertyValueSpecification\",\"valueRequired\":true,\"valueName\":\"search_term_string\"}}],\"inLanguage\":\"pt-BR\"},{\"@type\":\"Organization\",\"@id\":\"https:\/\/jornalfatosenoticias.com.br\/#organization\",\"name\":\"Jornal Fatos e Not\u00edcias\",\"url\":\"https:\/\/jornalfatosenoticias.com.br\/\",\"logo\":{\"@type\":\"ImageObject\",\"inLanguage\":\"pt-BR\",\"@id\":\"https:\/\/jornalfatosenoticias.com.br\/#\/schema\/logo\/image\/\",\"url\":\"https:\/\/jornalfatosenoticias.com.br\/wp-content\/uploads\/2020\/02\/logo120.png\",\"contentUrl\":\"https:\/\/jornalfatosenoticias.com.br\/wp-content\/uploads\/2020\/02\/logo120.png\",\"width\":1227,\"height\":120,\"caption\":\"Jornal Fatos e Not\u00edcias\"},\"image\":{\"@id\":\"https:\/\/jornalfatosenoticias.com.br\/#\/schema\/logo\/image\/\"}},{\"@type\":\"Person\",\"@id\":\"https:\/\/jornalfatosenoticias.com.br\/#\/schema\/person\/d63837fa13ac8666eb9e74e0985d6f81\",\"name\":\"Luzimara Fernandes\",\"image\":{\"@type\":\"ImageObject\",\"inLanguage\":\"pt-BR\",\"@id\":\"https:\/\/jornalfatosenoticias.com.br\/#\/schema\/person\/image\/\",\"url\":\"https:\/\/jornalfatosenoticias.com.br\/wp-content\/uploads\/2025\/05\/EU_portal.jpg\",\"contentUrl\":\"https:\/\/jornalfatosenoticias.com.br\/wp-content\/uploads\/2025\/05\/EU_portal.jpg\",\"caption\":\"Luzimara Fernandes\"},\"description\":\"Jornalista MTB 2358-ES\",\"sameAs\":[\"https:\/\/jornalfatosenoticias.com.br\"],\"url\":\"https:\/\/jornalfatosenoticias.com.br\/index.php\/author\/luzimara\/\"}]}<\/script>\n<!-- \/ Yoast SEO plugin. -->","yoast_head_json":{"title":"Pegadas de tigre-siberiano s\u00e3o vistas pela primeira vez em 50 anos - Jornal Fatos e Not\u00edcias","robots":{"index":"index","follow":"follow","max-snippet":"max-snippet:-1","max-image-preview":"max-image-preview:large","max-video-preview":"max-video-preview:-1"},"canonical":"https:\/\/jornalfatosenoticias.com.br\/index.php\/2021\/12\/03\/pegadas-de-tigre-siberiano-sao-vistas-pela-primeira-vez-em-50-anos\/","og_locale":"pt_BR","og_type":"article","og_title":"Pegadas de tigre-siberiano s\u00e3o vistas pela primeira vez em 50 anos - Jornal Fatos e Not\u00edcias","og_description":"De acordo com zo\u00f3logos, essa esp\u00e9cie raramente \u00e9 encontrada na R\u00fassia, mas a sua presen\u00e7a indica um crescimento no n\u00famero de animais que estavam amea\u00e7ados de extin\u00e7\u00e3o A ag\u00eancia estatal de not\u00edcias russa TASS relatou uma descoberta impressionante: a primeira apari\u00e7\u00e3o de pegadas de tigre-siberiano no nordeste da rep\u00fablica siberiana de Sakha, na R\u00fassia, pela [&hellip;]","og_url":"https:\/\/jornalfatosenoticias.com.br\/index.php\/2021\/12\/03\/pegadas-de-tigre-siberiano-sao-vistas-pela-primeira-vez-em-50-anos\/","og_site_name":"Jornal Fatos e Not\u00edcias","article_published_time":"2021-12-03T15:04:51+00:00","article_modified_time":"2021-12-03T15:04:55+00:00","og_image":[{"width":1000,"height":666,"url":"https:\/\/jornalfatosenoticias.com.br\/wp-content\/uploads\/2021\/12\/tigre-siberiano.jpg","type":"image\/jpeg"}],"author":"Luzimara Fernandes","twitter_card":"summary_large_image","twitter_misc":{"Escrito por":"Luzimara Fernandes","Est. tempo de leitura":"1 minuto"},"schema":{"@context":"https:\/\/schema.org","@graph":[{"@type":"Article","@id":"https:\/\/jornalfatosenoticias.com.br\/index.php\/2021\/12\/03\/pegadas-de-tigre-siberiano-sao-vistas-pela-primeira-vez-em-50-anos\/#article","isPartOf":{"@id":"https:\/\/jornalfatosenoticias.com.br\/index.php\/2021\/12\/03\/pegadas-de-tigre-siberiano-sao-vistas-pela-primeira-vez-em-50-anos\/"},"author":{"name":"Luzimara Fernandes","@id":"https:\/\/jornalfatosenoticias.com.br\/#\/schema\/person\/d63837fa13ac8666eb9e74e0985d6f81"},"headline":"Pegadas de tigre-siberiano s\u00e3o vistas pela primeira vez em 50 anos","datePublished":"2021-12-03T15:04:51+00:00","dateModified":"2021-12-03T15:04:55+00:00","mainEntityOfPage":{"@id":"https:\/\/jornalfatosenoticias.com.br\/index.php\/2021\/12\/03\/pegadas-de-tigre-siberiano-sao-vistas-pela-primeira-vez-em-50-anos\/"},"wordCount":264,"commentCount":0,"publisher":{"@id":"https:\/\/jornalfatosenoticias.com.br\/#organization"},"image":{"@id":"https:\/\/jornalfatosenoticias.com.br\/index.php\/2021\/12\/03\/pegadas-de-tigre-siberiano-sao-vistas-pela-primeira-vez-em-50-anos\/#primaryimage"},"thumbnailUrl":"https:\/\/jornalfatosenoticias.com.br\/wp-content\/uploads\/2021\/12\/tigre-siberiano.jpg","keywords":["amea\u00e7ados de extin\u00e7\u00e3o","pegadas","R\u00fassia","tigre-de-amur","tigre-siberiano"],"articleSection":["Meio ambiente"],"inLanguage":"pt-BR","potentialAction":[{"@type":"CommentAction","name":"Comment","target":["https:\/\/jornalfatosenoticias.com.br\/index.php\/2021\/12\/03\/pegadas-de-tigre-siberiano-sao-vistas-pela-primeira-vez-em-50-anos\/#respond"]}]},{"@type":"WebPage","@id":"https:\/\/jornalfatosenoticias.com.br\/index.php\/2021\/12\/03\/pegadas-de-tigre-siberiano-sao-vistas-pela-primeira-vez-em-50-anos\/","url":"https:\/\/jornalfatosenoticias.com.br\/index.php\/2021\/12\/03\/pegadas-de-tigre-siberiano-sao-vistas-pela-primeira-vez-em-50-anos\/","name":"Pegadas de tigre-siberiano s\u00e3o vistas pela primeira vez em 50 anos - Jornal Fatos e Not\u00edcias","isPartOf":{"@id":"https:\/\/jornalfatosenoticias.com.br\/#website"},"primaryImageOfPage":{"@id":"https:\/\/jornalfatosenoticias.com.br\/index.php\/2021\/12\/03\/pegadas-de-tigre-siberiano-sao-vistas-pela-primeira-vez-em-50-anos\/#primaryimage"},"image":{"@id":"https:\/\/jornalfatosenoticias.com.br\/index.php\/2021\/12\/03\/pegadas-de-tigre-siberiano-sao-vistas-pela-primeira-vez-em-50-anos\/#primaryimage"},"thumbnailUrl":"https:\/\/jornalfatosenoticias.com.br\/wp-content\/uploads\/2021\/12\/tigre-siberiano.jpg","datePublished":"2021-12-03T15:04:51+00:00","dateModified":"2021-12-03T15:04:55+00:00","breadcrumb":{"@id":"https:\/\/jornalfatosenoticias.com.br\/index.php\/2021\/12\/03\/pegadas-de-tigre-siberiano-sao-vistas-pela-primeira-vez-em-50-anos\/#breadcrumb"},"inLanguage":"pt-BR","potentialAction":[{"@type":"ReadAction","target":["https:\/\/jornalfatosenoticias.com.br\/index.php\/2021\/12\/03\/pegadas-de-tigre-siberiano-sao-vistas-pela-primeira-vez-em-50-anos\/"]}]},{"@type":"ImageObject","inLanguage":"pt-BR","@id":"https:\/\/jornalfatosenoticias.com.br\/index.php\/2021\/12\/03\/pegadas-de-tigre-siberiano-sao-vistas-pela-primeira-vez-em-50-anos\/#primaryimage","url":"https:\/\/jornalfatosenoticias.com.br\/wp-content\/uploads\/2021\/12\/tigre-siberiano.jpg","contentUrl":"https:\/\/jornalfatosenoticias.com.br\/wp-content\/uploads\/2021\/12\/tigre-siberiano.jpg","width":1000,"height":666},{"@type":"BreadcrumbList","@id":"https:\/\/jornalfatosenoticias.com.br\/index.php\/2021\/12\/03\/pegadas-de-tigre-siberiano-sao-vistas-pela-primeira-vez-em-50-anos\/#breadcrumb","itemListElement":[{"@type":"ListItem","position":1,"name":"In\u00edcio","item":"https:\/\/jornalfatosenoticias.com.br\/"},{"@type":"ListItem","position":2,"name":"Pegadas de tigre-siberiano s\u00e3o vistas pela primeira vez em 50 anos"}]},{"@type":"WebSite","@id":"https:\/\/jornalfatosenoticias.com.br\/#website","url":"https:\/\/jornalfatosenoticias.com.br\/","name":"Jornal Fatos e Not\u00edcias","description":"Not\u00edcias em geral","publisher":{"@id":"https:\/\/jornalfatosenoticias.com.br\/#organization"},"potentialAction":[{"@type":"SearchAction","target":{"@type":"EntryPoint","urlTemplate":"https:\/\/jornalfatosenoticias.com.br\/?s={search_term_string}"},"query-input":{"@type":"PropertyValueSpecification","valueRequired":true,"valueName":"search_term_string"}}],"inLanguage":"pt-BR"},{"@type":"Organization","@id":"https:\/\/jornalfatosenoticias.com.br\/#organization","name":"Jornal Fatos e Not\u00edcias","url":"https:\/\/jornalfatosenoticias.com.br\/","logo":{"@type":"ImageObject","inLanguage":"pt-BR","@id":"https:\/\/jornalfatosenoticias.com.br\/#\/schema\/logo\/image\/","url":"https:\/\/jornalfatosenoticias.com.br\/wp-content\/uploads\/2020\/02\/logo120.png","contentUrl":"https:\/\/jornalfatosenoticias.com.br\/wp-content\/uploads\/2020\/02\/logo120.png","width":1227,"height":120,"caption":"Jornal Fatos e Not\u00edcias"},"image":{"@id":"https:\/\/jornalfatosenoticias.com.br\/#\/schema\/logo\/image\/"}},{"@type":"Person","@id":"https:\/\/jornalfatosenoticias.com.br\/#\/schema\/person\/d63837fa13ac8666eb9e74e0985d6f81","name":"Luzimara Fernandes","image":{"@type":"ImageObject","inLanguage":"pt-BR","@id":"https:\/\/jornalfatosenoticias.com.br\/#\/schema\/person\/image\/","url":"https:\/\/jornalfatosenoticias.com.br\/wp-content\/uploads\/2025\/05\/EU_portal.jpg","contentUrl":"https:\/\/jornalfatosenoticias.com.br\/wp-content\/uploads\/2025\/05\/EU_portal.jpg","caption":"Luzimara Fernandes"},"description":"Jornalista MTB 2358-ES","sameAs":["https:\/\/jornalfatosenoticias.com.br"],"url":"https:\/\/jornalfatosenoticias.com.br\/index.php\/author\/luzimara\/"}]}},"cc_featured_image_caption":{"caption_text":"Tigre-siberiano (Foto: Pixabay)","source_text":"","source_url":""},"jetpack_featured_media_url":"https:\/\/jornalfatosenoticias.com.br\/wp-content\/uploads\/2021\/12\/tigre-siberiano.jpg","_links":{"self":[{"href":"https:\/\/jornalfatosenoticias.com.br\/index.php\/wp-json\/wp\/v2\/posts\/25566","targetHints":{"allow":["GET"]}}],"collection":[{"href":"https:\/\/jornalfatosenoticias.com.br\/index.php\/wp-json\/wp\/v2\/posts"}],"about":[{"href":"https:\/\/jornalfatosenoticias.com.br\/index.php\/wp-json\/wp\/v2\/types\/post"}],"author":[{"embeddable":true,"href":"https:\/\/jornalfatosenoticias.com.br\/index.php\/wp-json\/wp\/v2\/users\/2"}],"replies":[{"embeddable":true,"href":"https:\/\/jornalfatosenoticias.com.br\/index.php\/wp-json\/wp\/v2\/comments?post=25566"}],"version-history":[{"count":0,"href":"https:\/\/jornalfatosenoticias.com.br\/index.php\/wp-json\/wp\/v2\/posts\/25566\/revisions"}],"wp:featuredmedia":[{"embeddable":true,"href":"https:\/\/jornalfatosenoticias.com.br\/index.php\/wp-json\/wp\/v2\/media\/25567"}],"wp:attachment":[{"href":"https:\/\/jornalfatosenoticias.com.br\/index.php\/wp-json\/wp\/v2\/media?parent=25566"}],"wp:term":[{"taxonomy":"category","embeddable":true,"href":"https:\/\/jornalfatosenoticias.com.br\/index.php\/wp-json\/wp\/v2\/categories?post=25566"},{"taxonomy":"post_tag","embeddable":true,"href":"https:\/\/jornalfatosenoticias.com.br\/index.php\/wp-json\/wp\/v2\/tags?post=25566"}],"curies":[{"name":"wp","href":"https:\/\/api.w.org\/{rel}","templated":true}]}}