{"id":25619,"date":"2021-12-07T11:09:45","date_gmt":"2021-12-07T14:09:45","guid":{"rendered":"https:\/\/jornalfatosenoticias.com.br\/?p=25619"},"modified":"2021-12-07T11:09:50","modified_gmt":"2021-12-07T14:09:50","slug":"descoberta-uma-das-maiores-malocas-vikings-da-escandinavia","status":"publish","type":"post","link":"https:\/\/jornalfatosenoticias.com.br\/index.php\/2021\/12\/07\/descoberta-uma-das-maiores-malocas-vikings-da-escandinavia\/","title":{"rendered":"Descoberta uma das maiores malocas vikings da Escandin\u00e1via"},"content":{"rendered":"\n<p><em><span class=\"has-inline-color has-black-color\">Resid\u00eancia comunit\u00e1ria encontrada na Noruega tinha quase 60 metros de extens\u00e3o; as malocas vikings t\u00edpicas chegavam no m\u00e1ximo \u00e0 metade desse comprimento<\/span><\/em><\/p>\n\n\n\n<p>Arque\u00f3logos descobriram v\u00e1rias malocas (resid\u00eancias comunit\u00e1rias) <strong><a href=\"https:\/\/www.revistaplaneta.com.br\/salao-para-beber-viking-e-descoberto-em-ilha-escocesa\/\">vikings<\/a><\/strong> da Idade do Ferro no sudeste da Noruega, de acordo com uma nota divulgada em 6 de dezembro pelo Instituto Noruegu\u00eas de Pesquisa do Patrim\u00f4nio Cultural (Niku, na abreviatura em noruegu\u00eas). A descoberta foi feita por uma equipe que trabalhava em um projeto para mapear a presen\u00e7a de vikings em Gjellestad, aldeia a 86 km de Oslo considerada um lugar de grande import\u00e2ncia durante a Idade do Ferro (cerca de 1200 a.C. \u2014 600 a.C.).<br>\u201cEncontrar essas malocas confirma que Gjellestad era um lugar central no final da Idade do Ferro\u201d, disse Lars Gustavsen, doutorando que est\u00e1 ajudando a liderar esse projeto.<br>A maior das cinco longas e estreitas edifica\u00e7\u00f5es, identificadas com um radar de penetra\u00e7\u00e3o no solo, media quase 60 metros de comprimento por 15 metros de largura. Isso a torna uma das maiores constru\u00e7\u00f5es do tipo conhecidas na Escandin\u00e1via. Acredita-se que uma maloca t\u00edpica da Idade do Ferro tenha medido de 20 a 30 metros de comprimento.<\/p>\n\n\n\n<p><strong><span class=\"has-inline-color has-black-color\">Navio funer\u00e1rio<br><\/span><\/strong>A dimens\u00e3o de uma maloca viking correspondia \u00e0 riqueza e influ\u00eancia do seu propriet\u00e1rio, apenas mais uma prova de que esse local era de grande import\u00e2ncia. N\u00e3o se sabe ainda, por\u00e9m, quem exatamente ocupou aquela maloca.<\/p>\n\n\n\n<figure class=\"wp-block-image size-large\"><img loading=\"lazy\" decoding=\"async\" width=\"1000\" height=\"573\" src=\"https:\/\/jornalfatosenoticias.com.br\/wp-content\/uploads\/2021\/12\/maloca2.jpg\" alt=\"\" class=\"wp-image-25620\" srcset=\"https:\/\/jornalfatosenoticias.com.br\/wp-content\/uploads\/2021\/12\/maloca2.jpg 1000w, https:\/\/jornalfatosenoticias.com.br\/wp-content\/uploads\/2021\/12\/maloca2-300x172.jpg 300w, https:\/\/jornalfatosenoticias.com.br\/wp-content\/uploads\/2021\/12\/maloca2-768x440.jpg 768w\" sizes=\"auto, (max-width: 1000px) 100vw, 1000px\" \/><figcaption><em><span class=\"has-inline-color has-black-color\">Uma das cinco malocas encontradas perto do navio de Gjellestad tem 60 metros, o que a torna uma das maiores da Escandin\u00e1via (Cr\u00e9dito ilustra\u00e7\u00e3o: Lars Gustavsen\/Niku\/Arild L. Teigen\/VIken fylkeskommune)<\/span><\/em><\/figcaption><\/figure>\n\n\n\n<p>\u201cN\u00e3o sabemos a idade das casas nem a fun\u00e7\u00e3o que tinham. Escava\u00e7\u00f5es arqueol\u00f3gicas e data\u00e7\u00e3o nos ajudar\u00e3o a obter uma resposta para isso\u201d, disse no mesmo comunicado Sigrid Manns\u00e5ker Gundersen, arque\u00f3loga da equipe.<br>No mesmo local, foram encontrados v\u00e1rios t\u00famulos, juntamente com um navio descoberto em 2018. Chamada de navio de Gjellestad, a embarca\u00e7\u00e3o foi intencionalmente colocada sob aquele campo, em uma pr\u00e1tica conhecida como navio funer\u00e1rio, reservada para os nobres mais importantes da sociedade viking. Como parte do procedimento, um barco de recreio seria requisitado ou constru\u00eddo de outra forma e trazido para a terra. O falecido seria colocado no barco, ao lado de oferendas, e toda a estrutura seria enterrada.<br>O governo noruegu\u00eas reservou US$ 1,5 milh\u00e3o em financiamento para a escava\u00e7\u00e3o acelerada do navio. Essa embarca\u00e7\u00e3o \u00e9 um dos poucos exemplos da pr\u00e1tica que sobreviveram, e est\u00e1 se degradando rapidamente devido a uma infesta\u00e7\u00e3o por fungos. Com esse investimento, a equipe espera descobrir muitas informa\u00e7\u00f5es sobre os escal\u00f5es superiores da sociedade viking na Idade do Ferro.<\/p>\n\n\n\n<p><strong><em>Fonte: <a href=\"https:\/\/www.revistaplaneta.com.br\/descoberta-uma-das-maiores-malocas-vikings-da-escandinavia\/\">Revista Planeta<\/a><\/em><\/strong><\/p>\n","protected":false},"excerpt":{"rendered":"<p>Resid\u00eancia comunit\u00e1ria encontrada na Noruega tinha quase 60 metros de extens\u00e3o; as malocas vikings t\u00edpicas chegavam no m\u00e1ximo \u00e0 metade desse comprimento Arque\u00f3logos descobriram v\u00e1rias malocas (resid\u00eancias comunit\u00e1rias) vikings da Idade do Ferro no sudeste da Noruega, de acordo com uma nota divulgada em 6 de dezembro pelo Instituto Noruegu\u00eas de Pesquisa do Patrim\u00f4nio Cultural [&hellip;]<\/p>\n","protected":false},"author":2,"featured_media":25621,"comment_status":"open","ping_status":"open","sticky":false,"template":"","format":"standard","meta":{"footnotes":""},"categories":[9808],"tags":[3482,12373,12374,12375,12376,12377,4098,12378,1958,12379,606],"class_list":["post-25619","post","type-post","status-publish","format-standard","has-post-thumbnail","hentry","category-paleo-arqueologia","tag-barco","tag-barco-funerario","tag-gjellestad","tag-idade-do-ferro","tag-lars-gustavsen","tag-maloca","tag-navio","tag-niku","tag-noruega","tag-sigrid-mannsaker-gundersen","tag-viking"],"yoast_head":"<!-- This site is optimized with the Yoast SEO plugin v26.5 - https:\/\/yoast.com\/wordpress\/plugins\/seo\/ -->\n<title>Descoberta uma das maiores malocas vikings da Escandin\u00e1via - Jornal Fatos e Not\u00edcias<\/title>\n<meta name=\"robots\" content=\"index, follow, max-snippet:-1, max-image-preview:large, max-video-preview:-1\" \/>\n<link rel=\"canonical\" href=\"https:\/\/jornalfatosenoticias.com.br\/index.php\/2021\/12\/07\/descoberta-uma-das-maiores-malocas-vikings-da-escandinavia\/\" \/>\n<meta property=\"og:locale\" content=\"pt_BR\" \/>\n<meta property=\"og:type\" content=\"article\" \/>\n<meta property=\"og:title\" content=\"Descoberta uma das maiores malocas vikings da Escandin\u00e1via - Jornal Fatos e Not\u00edcias\" \/>\n<meta property=\"og:description\" content=\"Resid\u00eancia comunit\u00e1ria encontrada na Noruega tinha quase 60 metros de extens\u00e3o; as malocas vikings t\u00edpicas chegavam no m\u00e1ximo \u00e0 metade desse comprimento Arque\u00f3logos descobriram v\u00e1rias malocas (resid\u00eancias comunit\u00e1rias) vikings da Idade do Ferro no sudeste da Noruega, de acordo com uma nota divulgada em 6 de dezembro pelo Instituto Noruegu\u00eas de Pesquisa do Patrim\u00f4nio Cultural [&hellip;]\" \/>\n<meta property=\"og:url\" content=\"https:\/\/jornalfatosenoticias.com.br\/index.php\/2021\/12\/07\/descoberta-uma-das-maiores-malocas-vikings-da-escandinavia\/\" \/>\n<meta property=\"og:site_name\" content=\"Jornal Fatos e Not\u00edcias\" \/>\n<meta property=\"article:published_time\" content=\"2021-12-07T14:09:45+00:00\" \/>\n<meta property=\"article:modified_time\" content=\"2021-12-07T14:09:50+00:00\" \/>\n<meta property=\"og:image\" content=\"https:\/\/jornalfatosenoticias.com.br\/wp-content\/uploads\/2021\/12\/maloca-escandinva.jpeg\" \/>\n\t<meta property=\"og:image:width\" content=\"1000\" \/>\n\t<meta property=\"og:image:height\" content=\"692\" \/>\n\t<meta property=\"og:image:type\" content=\"image\/jpeg\" \/>\n<meta name=\"author\" content=\"Luzimara Fernandes\" \/>\n<meta name=\"twitter:card\" content=\"summary_large_image\" \/>\n<meta name=\"twitter:label1\" content=\"Escrito por\" \/>\n\t<meta name=\"twitter:data1\" content=\"Luzimara Fernandes\" \/>\n\t<meta name=\"twitter:label2\" content=\"Est. tempo de leitura\" \/>\n\t<meta name=\"twitter:data2\" content=\"2 minutos\" \/>\n<script type=\"application\/ld+json\" class=\"yoast-schema-graph\">{\"@context\":\"https:\/\/schema.org\",\"@graph\":[{\"@type\":\"Article\",\"@id\":\"https:\/\/jornalfatosenoticias.com.br\/index.php\/2021\/12\/07\/descoberta-uma-das-maiores-malocas-vikings-da-escandinavia\/#article\",\"isPartOf\":{\"@id\":\"https:\/\/jornalfatosenoticias.com.br\/index.php\/2021\/12\/07\/descoberta-uma-das-maiores-malocas-vikings-da-escandinavia\/\"},\"author\":{\"name\":\"Luzimara Fernandes\",\"@id\":\"https:\/\/jornalfatosenoticias.com.br\/#\/schema\/person\/d63837fa13ac8666eb9e74e0985d6f81\"},\"headline\":\"Descoberta uma das maiores malocas vikings da Escandin\u00e1via\",\"datePublished\":\"2021-12-07T14:09:45+00:00\",\"dateModified\":\"2021-12-07T14:09:50+00:00\",\"mainEntityOfPage\":{\"@id\":\"https:\/\/jornalfatosenoticias.com.br\/index.php\/2021\/12\/07\/descoberta-uma-das-maiores-malocas-vikings-da-escandinavia\/\"},\"wordCount\":476,\"commentCount\":0,\"publisher\":{\"@id\":\"https:\/\/jornalfatosenoticias.com.br\/#organization\"},\"image\":{\"@id\":\"https:\/\/jornalfatosenoticias.com.br\/index.php\/2021\/12\/07\/descoberta-uma-das-maiores-malocas-vikings-da-escandinavia\/#primaryimage\"},\"thumbnailUrl\":\"https:\/\/jornalfatosenoticias.com.br\/wp-content\/uploads\/2021\/12\/maloca-escandinva.jpeg\",\"keywords\":[\"barco\",\"barco funer\u00e1rio\",\"Gjellestad\",\"Idade do Ferro\",\"Lars Gustavsen\",\"maloca\",\"navio\",\"Niku\",\"Noruega\",\"Sigrid Manns\u00e5ker Gundersen\",\"viking\"],\"articleSection\":[\"Paleo &amp; Arqueologia\"],\"inLanguage\":\"pt-BR\",\"potentialAction\":[{\"@type\":\"CommentAction\",\"name\":\"Comment\",\"target\":[\"https:\/\/jornalfatosenoticias.com.br\/index.php\/2021\/12\/07\/descoberta-uma-das-maiores-malocas-vikings-da-escandinavia\/#respond\"]}]},{\"@type\":\"WebPage\",\"@id\":\"https:\/\/jornalfatosenoticias.com.br\/index.php\/2021\/12\/07\/descoberta-uma-das-maiores-malocas-vikings-da-escandinavia\/\",\"url\":\"https:\/\/jornalfatosenoticias.com.br\/index.php\/2021\/12\/07\/descoberta-uma-das-maiores-malocas-vikings-da-escandinavia\/\",\"name\":\"Descoberta uma das maiores malocas vikings da Escandin\u00e1via - Jornal Fatos e Not\u00edcias\",\"isPartOf\":{\"@id\":\"https:\/\/jornalfatosenoticias.com.br\/#website\"},\"primaryImageOfPage\":{\"@id\":\"https:\/\/jornalfatosenoticias.com.br\/index.php\/2021\/12\/07\/descoberta-uma-das-maiores-malocas-vikings-da-escandinavia\/#primaryimage\"},\"image\":{\"@id\":\"https:\/\/jornalfatosenoticias.com.br\/index.php\/2021\/12\/07\/descoberta-uma-das-maiores-malocas-vikings-da-escandinavia\/#primaryimage\"},\"thumbnailUrl\":\"https:\/\/jornalfatosenoticias.com.br\/wp-content\/uploads\/2021\/12\/maloca-escandinva.jpeg\",\"datePublished\":\"2021-12-07T14:09:45+00:00\",\"dateModified\":\"2021-12-07T14:09:50+00:00\",\"breadcrumb\":{\"@id\":\"https:\/\/jornalfatosenoticias.com.br\/index.php\/2021\/12\/07\/descoberta-uma-das-maiores-malocas-vikings-da-escandinavia\/#breadcrumb\"},\"inLanguage\":\"pt-BR\",\"potentialAction\":[{\"@type\":\"ReadAction\",\"target\":[\"https:\/\/jornalfatosenoticias.com.br\/index.php\/2021\/12\/07\/descoberta-uma-das-maiores-malocas-vikings-da-escandinavia\/\"]}]},{\"@type\":\"ImageObject\",\"inLanguage\":\"pt-BR\",\"@id\":\"https:\/\/jornalfatosenoticias.com.br\/index.php\/2021\/12\/07\/descoberta-uma-das-maiores-malocas-vikings-da-escandinavia\/#primaryimage\",\"url\":\"https:\/\/jornalfatosenoticias.com.br\/wp-content\/uploads\/2021\/12\/maloca-escandinva.jpeg\",\"contentUrl\":\"https:\/\/jornalfatosenoticias.com.br\/wp-content\/uploads\/2021\/12\/maloca-escandinva.jpeg\",\"width\":1000,\"height\":692},{\"@type\":\"BreadcrumbList\",\"@id\":\"https:\/\/jornalfatosenoticias.com.br\/index.php\/2021\/12\/07\/descoberta-uma-das-maiores-malocas-vikings-da-escandinavia\/#breadcrumb\",\"itemListElement\":[{\"@type\":\"ListItem\",\"position\":1,\"name\":\"In\u00edcio\",\"item\":\"https:\/\/jornalfatosenoticias.com.br\/\"},{\"@type\":\"ListItem\",\"position\":2,\"name\":\"Descoberta uma das maiores malocas vikings da Escandin\u00e1via\"}]},{\"@type\":\"WebSite\",\"@id\":\"https:\/\/jornalfatosenoticias.com.br\/#website\",\"url\":\"https:\/\/jornalfatosenoticias.com.br\/\",\"name\":\"Jornal Fatos e Not\u00edcias\",\"description\":\"Not\u00edcias em geral\",\"publisher\":{\"@id\":\"https:\/\/jornalfatosenoticias.com.br\/#organization\"},\"potentialAction\":[{\"@type\":\"SearchAction\",\"target\":{\"@type\":\"EntryPoint\",\"urlTemplate\":\"https:\/\/jornalfatosenoticias.com.br\/?s={search_term_string}\"},\"query-input\":{\"@type\":\"PropertyValueSpecification\",\"valueRequired\":true,\"valueName\":\"search_term_string\"}}],\"inLanguage\":\"pt-BR\"},{\"@type\":\"Organization\",\"@id\":\"https:\/\/jornalfatosenoticias.com.br\/#organization\",\"name\":\"Jornal Fatos e Not\u00edcias\",\"url\":\"https:\/\/jornalfatosenoticias.com.br\/\",\"logo\":{\"@type\":\"ImageObject\",\"inLanguage\":\"pt-BR\",\"@id\":\"https:\/\/jornalfatosenoticias.com.br\/#\/schema\/logo\/image\/\",\"url\":\"https:\/\/jornalfatosenoticias.com.br\/wp-content\/uploads\/2020\/02\/logo120.png\",\"contentUrl\":\"https:\/\/jornalfatosenoticias.com.br\/wp-content\/uploads\/2020\/02\/logo120.png\",\"width\":1227,\"height\":120,\"caption\":\"Jornal Fatos e Not\u00edcias\"},\"image\":{\"@id\":\"https:\/\/jornalfatosenoticias.com.br\/#\/schema\/logo\/image\/\"}},{\"@type\":\"Person\",\"@id\":\"https:\/\/jornalfatosenoticias.com.br\/#\/schema\/person\/d63837fa13ac8666eb9e74e0985d6f81\",\"name\":\"Luzimara Fernandes\",\"image\":{\"@type\":\"ImageObject\",\"inLanguage\":\"pt-BR\",\"@id\":\"https:\/\/jornalfatosenoticias.com.br\/#\/schema\/person\/image\/\",\"url\":\"https:\/\/jornalfatosenoticias.com.br\/wp-content\/uploads\/2025\/05\/EU_portal.jpg\",\"contentUrl\":\"https:\/\/jornalfatosenoticias.com.br\/wp-content\/uploads\/2025\/05\/EU_portal.jpg\",\"caption\":\"Luzimara Fernandes\"},\"description\":\"Jornalista MTB 2358-ES\",\"sameAs\":[\"https:\/\/jornalfatosenoticias.com.br\"],\"url\":\"https:\/\/jornalfatosenoticias.com.br\/index.php\/author\/luzimara\/\"}]}<\/script>\n<!-- \/ Yoast SEO plugin. -->","yoast_head_json":{"title":"Descoberta uma das maiores malocas vikings da Escandin\u00e1via - Jornal Fatos e Not\u00edcias","robots":{"index":"index","follow":"follow","max-snippet":"max-snippet:-1","max-image-preview":"max-image-preview:large","max-video-preview":"max-video-preview:-1"},"canonical":"https:\/\/jornalfatosenoticias.com.br\/index.php\/2021\/12\/07\/descoberta-uma-das-maiores-malocas-vikings-da-escandinavia\/","og_locale":"pt_BR","og_type":"article","og_title":"Descoberta uma das maiores malocas vikings da Escandin\u00e1via - Jornal Fatos e Not\u00edcias","og_description":"Resid\u00eancia comunit\u00e1ria encontrada na Noruega tinha quase 60 metros de extens\u00e3o; as malocas vikings t\u00edpicas chegavam no m\u00e1ximo \u00e0 metade desse comprimento Arque\u00f3logos descobriram v\u00e1rias malocas (resid\u00eancias comunit\u00e1rias) vikings da Idade do Ferro no sudeste da Noruega, de acordo com uma nota divulgada em 6 de dezembro pelo Instituto Noruegu\u00eas de Pesquisa do Patrim\u00f4nio Cultural [&hellip;]","og_url":"https:\/\/jornalfatosenoticias.com.br\/index.php\/2021\/12\/07\/descoberta-uma-das-maiores-malocas-vikings-da-escandinavia\/","og_site_name":"Jornal Fatos e Not\u00edcias","article_published_time":"2021-12-07T14:09:45+00:00","article_modified_time":"2021-12-07T14:09:50+00:00","og_image":[{"width":1000,"height":692,"url":"https:\/\/jornalfatosenoticias.com.br\/wp-content\/uploads\/2021\/12\/maloca-escandinva.jpeg","type":"image\/jpeg"}],"author":"Luzimara Fernandes","twitter_card":"summary_large_image","twitter_misc":{"Escrito por":"Luzimara Fernandes","Est. tempo de leitura":"2 minutos"},"schema":{"@context":"https:\/\/schema.org","@graph":[{"@type":"Article","@id":"https:\/\/jornalfatosenoticias.com.br\/index.php\/2021\/12\/07\/descoberta-uma-das-maiores-malocas-vikings-da-escandinavia\/#article","isPartOf":{"@id":"https:\/\/jornalfatosenoticias.com.br\/index.php\/2021\/12\/07\/descoberta-uma-das-maiores-malocas-vikings-da-escandinavia\/"},"author":{"name":"Luzimara Fernandes","@id":"https:\/\/jornalfatosenoticias.com.br\/#\/schema\/person\/d63837fa13ac8666eb9e74e0985d6f81"},"headline":"Descoberta uma das maiores malocas vikings da Escandin\u00e1via","datePublished":"2021-12-07T14:09:45+00:00","dateModified":"2021-12-07T14:09:50+00:00","mainEntityOfPage":{"@id":"https:\/\/jornalfatosenoticias.com.br\/index.php\/2021\/12\/07\/descoberta-uma-das-maiores-malocas-vikings-da-escandinavia\/"},"wordCount":476,"commentCount":0,"publisher":{"@id":"https:\/\/jornalfatosenoticias.com.br\/#organization"},"image":{"@id":"https:\/\/jornalfatosenoticias.com.br\/index.php\/2021\/12\/07\/descoberta-uma-das-maiores-malocas-vikings-da-escandinavia\/#primaryimage"},"thumbnailUrl":"https:\/\/jornalfatosenoticias.com.br\/wp-content\/uploads\/2021\/12\/maloca-escandinva.jpeg","keywords":["barco","barco funer\u00e1rio","Gjellestad","Idade do Ferro","Lars Gustavsen","maloca","navio","Niku","Noruega","Sigrid Manns\u00e5ker Gundersen","viking"],"articleSection":["Paleo &amp; Arqueologia"],"inLanguage":"pt-BR","potentialAction":[{"@type":"CommentAction","name":"Comment","target":["https:\/\/jornalfatosenoticias.com.br\/index.php\/2021\/12\/07\/descoberta-uma-das-maiores-malocas-vikings-da-escandinavia\/#respond"]}]},{"@type":"WebPage","@id":"https:\/\/jornalfatosenoticias.com.br\/index.php\/2021\/12\/07\/descoberta-uma-das-maiores-malocas-vikings-da-escandinavia\/","url":"https:\/\/jornalfatosenoticias.com.br\/index.php\/2021\/12\/07\/descoberta-uma-das-maiores-malocas-vikings-da-escandinavia\/","name":"Descoberta uma das maiores malocas vikings da Escandin\u00e1via - Jornal Fatos e Not\u00edcias","isPartOf":{"@id":"https:\/\/jornalfatosenoticias.com.br\/#website"},"primaryImageOfPage":{"@id":"https:\/\/jornalfatosenoticias.com.br\/index.php\/2021\/12\/07\/descoberta-uma-das-maiores-malocas-vikings-da-escandinavia\/#primaryimage"},"image":{"@id":"https:\/\/jornalfatosenoticias.com.br\/index.php\/2021\/12\/07\/descoberta-uma-das-maiores-malocas-vikings-da-escandinavia\/#primaryimage"},"thumbnailUrl":"https:\/\/jornalfatosenoticias.com.br\/wp-content\/uploads\/2021\/12\/maloca-escandinva.jpeg","datePublished":"2021-12-07T14:09:45+00:00","dateModified":"2021-12-07T14:09:50+00:00","breadcrumb":{"@id":"https:\/\/jornalfatosenoticias.com.br\/index.php\/2021\/12\/07\/descoberta-uma-das-maiores-malocas-vikings-da-escandinavia\/#breadcrumb"},"inLanguage":"pt-BR","potentialAction":[{"@type":"ReadAction","target":["https:\/\/jornalfatosenoticias.com.br\/index.php\/2021\/12\/07\/descoberta-uma-das-maiores-malocas-vikings-da-escandinavia\/"]}]},{"@type":"ImageObject","inLanguage":"pt-BR","@id":"https:\/\/jornalfatosenoticias.com.br\/index.php\/2021\/12\/07\/descoberta-uma-das-maiores-malocas-vikings-da-escandinavia\/#primaryimage","url":"https:\/\/jornalfatosenoticias.com.br\/wp-content\/uploads\/2021\/12\/maloca-escandinva.jpeg","contentUrl":"https:\/\/jornalfatosenoticias.com.br\/wp-content\/uploads\/2021\/12\/maloca-escandinva.jpeg","width":1000,"height":692},{"@type":"BreadcrumbList","@id":"https:\/\/jornalfatosenoticias.com.br\/index.php\/2021\/12\/07\/descoberta-uma-das-maiores-malocas-vikings-da-escandinavia\/#breadcrumb","itemListElement":[{"@type":"ListItem","position":1,"name":"In\u00edcio","item":"https:\/\/jornalfatosenoticias.com.br\/"},{"@type":"ListItem","position":2,"name":"Descoberta uma das maiores malocas vikings da Escandin\u00e1via"}]},{"@type":"WebSite","@id":"https:\/\/jornalfatosenoticias.com.br\/#website","url":"https:\/\/jornalfatosenoticias.com.br\/","name":"Jornal Fatos e Not\u00edcias","description":"Not\u00edcias em geral","publisher":{"@id":"https:\/\/jornalfatosenoticias.com.br\/#organization"},"potentialAction":[{"@type":"SearchAction","target":{"@type":"EntryPoint","urlTemplate":"https:\/\/jornalfatosenoticias.com.br\/?s={search_term_string}"},"query-input":{"@type":"PropertyValueSpecification","valueRequired":true,"valueName":"search_term_string"}}],"inLanguage":"pt-BR"},{"@type":"Organization","@id":"https:\/\/jornalfatosenoticias.com.br\/#organization","name":"Jornal Fatos e Not\u00edcias","url":"https:\/\/jornalfatosenoticias.com.br\/","logo":{"@type":"ImageObject","inLanguage":"pt-BR","@id":"https:\/\/jornalfatosenoticias.com.br\/#\/schema\/logo\/image\/","url":"https:\/\/jornalfatosenoticias.com.br\/wp-content\/uploads\/2020\/02\/logo120.png","contentUrl":"https:\/\/jornalfatosenoticias.com.br\/wp-content\/uploads\/2020\/02\/logo120.png","width":1227,"height":120,"caption":"Jornal Fatos e Not\u00edcias"},"image":{"@id":"https:\/\/jornalfatosenoticias.com.br\/#\/schema\/logo\/image\/"}},{"@type":"Person","@id":"https:\/\/jornalfatosenoticias.com.br\/#\/schema\/person\/d63837fa13ac8666eb9e74e0985d6f81","name":"Luzimara Fernandes","image":{"@type":"ImageObject","inLanguage":"pt-BR","@id":"https:\/\/jornalfatosenoticias.com.br\/#\/schema\/person\/image\/","url":"https:\/\/jornalfatosenoticias.com.br\/wp-content\/uploads\/2025\/05\/EU_portal.jpg","contentUrl":"https:\/\/jornalfatosenoticias.com.br\/wp-content\/uploads\/2025\/05\/EU_portal.jpg","caption":"Luzimara Fernandes"},"description":"Jornalista MTB 2358-ES","sameAs":["https:\/\/jornalfatosenoticias.com.br"],"url":"https:\/\/jornalfatosenoticias.com.br\/index.php\/author\/luzimara\/"}]}},"cc_featured_image_caption":{"caption_text":"(Foto: Lars Gustavsen\/Niku)","source_text":"","source_url":""},"jetpack_featured_media_url":"https:\/\/jornalfatosenoticias.com.br\/wp-content\/uploads\/2021\/12\/maloca-escandinva.jpeg","_links":{"self":[{"href":"https:\/\/jornalfatosenoticias.com.br\/index.php\/wp-json\/wp\/v2\/posts\/25619","targetHints":{"allow":["GET"]}}],"collection":[{"href":"https:\/\/jornalfatosenoticias.com.br\/index.php\/wp-json\/wp\/v2\/posts"}],"about":[{"href":"https:\/\/jornalfatosenoticias.com.br\/index.php\/wp-json\/wp\/v2\/types\/post"}],"author":[{"embeddable":true,"href":"https:\/\/jornalfatosenoticias.com.br\/index.php\/wp-json\/wp\/v2\/users\/2"}],"replies":[{"embeddable":true,"href":"https:\/\/jornalfatosenoticias.com.br\/index.php\/wp-json\/wp\/v2\/comments?post=25619"}],"version-history":[{"count":0,"href":"https:\/\/jornalfatosenoticias.com.br\/index.php\/wp-json\/wp\/v2\/posts\/25619\/revisions"}],"wp:featuredmedia":[{"embeddable":true,"href":"https:\/\/jornalfatosenoticias.com.br\/index.php\/wp-json\/wp\/v2\/media\/25621"}],"wp:attachment":[{"href":"https:\/\/jornalfatosenoticias.com.br\/index.php\/wp-json\/wp\/v2\/media?parent=25619"}],"wp:term":[{"taxonomy":"category","embeddable":true,"href":"https:\/\/jornalfatosenoticias.com.br\/index.php\/wp-json\/wp\/v2\/categories?post=25619"},{"taxonomy":"post_tag","embeddable":true,"href":"https:\/\/jornalfatosenoticias.com.br\/index.php\/wp-json\/wp\/v2\/tags?post=25619"}],"curies":[{"name":"wp","href":"https:\/\/api.w.org\/{rel}","templated":true}]}}