{"id":25661,"date":"2021-12-08T10:45:14","date_gmt":"2021-12-08T13:45:14","guid":{"rendered":"https:\/\/jornalfatosenoticias.com.br\/?p=25661"},"modified":"2021-12-08T10:45:16","modified_gmt":"2021-12-08T13:45:16","slug":"dezembrite-cinco-passos-para-lidar-com-a-sindrome-de-final-de-ano","status":"publish","type":"post","link":"https:\/\/jornalfatosenoticias.com.br\/index.php\/2021\/12\/08\/dezembrite-cinco-passos-para-lidar-com-a-sindrome-de-final-de-ano\/","title":{"rendered":"\u2018Dezembrite\u2019: cinco passos para lidar com a s\u00edndrome de final de ano"},"content":{"rendered":"\n<p><em><span class=\"has-inline-color has-black-color\">Apesar do clima festivo, muitas pessoas se sentem melanc\u00f3licas durante esta \u00e9poca. Saiba como mudar isso!<\/span><\/em><\/p>\n\n\n\n<p>Final de ano \u00e9 sin\u00f4nimo de festa, alegrias e esperan\u00e7a, certo? Bom, nem todos compartilham destes bons sentimentos e esta \u00e9poca, na verdade, pode se tornar um gatilho para a ang\u00fastia e a tristeza. A s\u00edndrome de final de ano \u00e9 mais comum do que se imagina. Contudo, h\u00e1 maneiras de minimizar este sofrimento.<br>\u201cTodo final de ano \u00e9 assim. As pessoas param para fazer um balan\u00e7o do ano e se planejar para o seguinte. E, mesmo sendo um per\u00edodo de confraternizar, de estar junto de pessoas queridas, sentimentos de melancolia, estresse e autocobran\u00e7a podem tomar conta\u201d, explica a psic\u00f3loga Sabrina Amaral, da Epopeia Desenvolvimento Humano.<br>Os fatores que explicam a chegada de emo\u00e7\u00f5es t\u00e3o pesadas e o aumento da dificuldade de lidar com as adversidades s\u00e3o in\u00fameros, mas \u00e9 poss\u00edvel mapear alguns, com base nas demandas adicionais que n\u00e3o existem nos outros meses do ano, como elenca Sabrina logo abaixo:<\/p>\n\n\n\n<p>\u2022 Excesso de trabalho e dificuldade de gerir bem o tempo;<br>\u2022 Falta de dinheiro e cobran\u00e7a por presentes;<br>\u2022 Conflitos em reuni\u00f5es familiares e <a href=\"https:\/\/www.youtube.com\/watch?v=kntYPWtVwgk\" rel=\"noreferrer noopener\" target=\"_blank\">compara\u00e7\u00f5es com os outros<\/a>;<br>\u2022 Saudade de pessoas que j\u00e1 faleceram;<br>\u2022 Press\u00e3o por felicidade e gratid\u00e3o;<br>\u2022 Culpa por coisas que n\u00e3o realizamos.<\/p>\n\n\n\n<p>A forma com que a <em>\u2018dezembrite\u2019<\/em> \u00e9 vivenciada varia de caso a caso, entretanto, no geral, o que acontece \u00e9 uma aten\u00e7\u00e3o muito intensa nas expectativas n\u00e3o atendidas: \u201cMaximizamos o lado negativo e esta atitude gera ang\u00fastia e sentimentos de menos-valia. N\u00e3o obstante, \u00e9 fato que o impacto emocional \u00e9 ainda maior para pessoas que s\u00e3o muito exigentes consigo mesmas ou perfeccionistas. E a\u00ed surgem os sintomas f\u00edsicos e psicol\u00f3gicos como ansiedade, irritabilidade, melancolia, ins\u00f4nia, gastrite nervosa, entre outros\u201d, conta a psic\u00f3loga.<\/p>\n\n\n\n<p><strong><span class=\"has-inline-color has-black-color\">Como lidar com o final de ano sem sofrer<br><\/span><\/strong>Viajar para o futuro e saltar todas as temporadas de festas de fim ano n\u00e3o \u00e9 uma op\u00e7\u00e3o plaus\u00edvel para resolver este problema. No entanto, a psic\u00f3loga sugere uma postura mais acolhedora com os pr\u00f3prios sentimentos, em vez de fuga e nega\u00e7\u00e3o. Confira abaixo cinco passos para come\u00e7ar:<\/p>\n\n\n\n<p><strong><span class=\"has-inline-color has-black-color\">Valorize o positivo<br><\/span><\/strong>Desenvolva o h\u00e1bito de ressaltar seus aspectos positivos, vit\u00f3rias e acontecimentos ao longo do ano que foram bons. Isso vai aumentar sua autoestima, despertar em voc\u00ea uma sensa\u00e7\u00e3o de contentamento e bem-estar. Estes s\u00e3o os ingredientes fundamentais para uma boa sa\u00fade emocional. Respeite suas limita\u00e7\u00f5es, valorize-se e agrade\u00e7a as pequenas conquistas.<\/p>\n\n\n\n<p><strong><span class=\"has-inline-color has-black-color\">Baixe a r\u00e9gua da autoexig\u00eancia<br><\/span><\/strong>Quanto mais somos exigentes conosco, mais ampliamos um estado emocional dolorido. Ent\u00e3o, que tal baixar um pouco a r\u00e9gua da autocr\u00edtica um pouquinho? Permita-se fazer uma reflex\u00e3o mais generosa, analisando o que voc\u00ea fez bem e o que pode ser feito diferente da pr\u00f3xima vez. Em resumo: transforme o erro em aprendizado.<\/p>\n\n\n\n<p><strong><span class=\"has-inline-color has-black-color\">Ressignifique as coisas<br><\/span><\/strong>J\u00e1 passou pela sua cabe\u00e7a que, talvez o fato de n\u00e3o ter concretizado aquele plano que queria \u00e9 consequ\u00eancia de voc\u00ea ainda n\u00e3o estar preparado? Ou, ainda, da possibilidade de voc\u00ea n\u00e3o aproveitar os frutos dele como gostaria? Por isso, substitua a culpa por \u201cresponsa-habilidade\u201d (a habilidade para responder diferente numa pr\u00f3xima vez). Mas se voc\u00ea chegar \u00e0 conclus\u00e3o de que faltou for\u00e7a de vontade, reflita se o que voc\u00ea almeja \u00e9 algo que voc\u00ea genuinamente deseja, ou se est\u00e1 fazendo isso por expectativa dos outros ou conven\u00e7\u00f5es sociais.<\/p>\n\n\n\n<p><span class=\"has-inline-color has-black-color\"><strong>Diminua a expectativa em rela\u00e7\u00e3o ao outro<br><\/strong><\/span>Todo ano a hist\u00f3ria se repete. O \u2018tio do pav\u00ea\u2019 vai contar suas piadinhas sem gra\u00e7a, os parentes v\u00e3o surgir com perguntas inconvenientes do tipo \u201ce a\u00ed, est\u00e1 namorando?\u201d \u2014 e nem sempre essas pessoas fazem isso por mal. \u00c0s vezes, \u00e9 apenas a forma de elas demonstrarem interesse ou quererem participar de sua vida, embora n\u00e3o saibam fazer isso com responsabilidade afetiva. Ent\u00e3o, ao inv\u00e9s de querer mudar o outro e criar expectativas, que tal trabalhar com sua rea\u00e7\u00e3o a estas adversidades? Sugiro que voc\u00ea pense em estrat\u00e9gias para te ajudar neste momento: deixe claro seus limites (a comunica\u00e7\u00e3o n\u00e3o violenta \u00e9 sua aliada nessas horas), diga n\u00e3o e evite discuss\u00f5es desnecess\u00e1rias. Por fim, respire fundo e saiba que isso vai passar.<\/p>\n\n\n\n<p><span class=\"has-inline-color has-black-color\"><strong>Presente n\u00e3o \u00e9 moeda de troca de afeto<br><\/strong><\/span>Trocar presentes no final do ano \u00e9 algo comum, todavia, em nome desta tradi\u00e7\u00e3o, muitos gastam mais do que deveriam. Logo, tenha em mente que o valor do seu presente n\u00e3o representa o valor do seu sentimento pela pessoa. Saiba que o valor do presente n\u00e3o \u00e9 proporcional ao tanto de afeto que voc\u00ea sente por ela. Al\u00e9m disso, n\u00e3o \u00e9 dem\u00e9rito voc\u00ea estar passando por dificuldades financeiras e, por conta disso, n\u00e3o conseguir presentear as pessoas (ou a si mesmo) como gostaria. Portanto, fa\u00e7a um planejamento financeiro e assuma compromissos apenas com aquilo que vai caber no seu or\u00e7amento. Afinal, \u00e9 bem melhor come\u00e7ar o ano sem d\u00edvidas, n\u00e3o \u00e9?<\/p>\n\n\n\n<h4 class=\"wp-block-heading\"><span class=\"has-inline-color has-black-color\"><strong>Como recomenda\u00e7\u00e3o final, Sabrina aconselha:<\/strong><\/span><\/h4>\n\n\n\n<blockquote class=\"wp-block-quote is-layout-flow wp-block-quote-is-layout-flow\"><p><span class=\"has-inline-color has-luminous-vivid-orange-color\">\u201cRessalto que \u00e9 perfeitamente normal sentir-se mais triste, ansioso ou estressado neste per\u00edodo. Contudo, tome cuidado para n\u00e3o aliviar o sentimento atrav\u00e9s de comportamentos \u2018escapistas\u2019, como comprar compulsivamente, comer demais ou exagerar na bebida. Tenha um olhar generoso e compassivo com os sentimentos, acolhendo-os ao inv\u00e9s de neg\u00e1-los. Este \u00e9 o come\u00e7o do caminho\u201d, diz a psic\u00f3loga.<\/span><\/p><\/blockquote>\n\n\n\n<p><strong><span class=\"has-inline-color has-vivid-red-color\">Quem \u00e9 Sabrina Amaral?<br><\/span><\/strong>Psic\u00f3loga, hipnoterapeuta cl\u00ednica, Practitioner em PNL e Coach da Mente, Sabrina Amaral \u00e9 p\u00f3s-graduada em Gest\u00e3o de Pessoas e especialista em neuroci\u00eancia aplicada ao comportamento humano. Ao longo de 20 anos de carreira j\u00e1 desenvolveu e treinou mais de 8.000 pessoas em cursos e palestras para uma vida mais plena e feliz.<br>Al\u00e9m disso, \u00e9 Embaixadora da Rede Mulher Empreendedora em Campinas, volunt\u00e1ria na Humanitarian Coaching Network, que prov\u00ea servi\u00e7os de coaching para l\u00edderes da ONU e Unicef; e fundadora da Epop\u00e9ia Desenvolvimento Humano, que vem formando her\u00f3is e protagonistas de suas hist\u00f3rias rumo ao final feliz desde 2012.<\/p>\n\n\n\n<p><strong><em>Fonte: <a href=\"https:\/\/ciclovivo.com.br\/vida-sustentavel\/equilibrio\/dezembrite-5-passos-para-lidar-com-a-sindrome-de-final-de-ano\/\">CicloVivo<\/a><\/em><\/strong><\/p>\n","protected":false},"excerpt":{"rendered":"<p>Apesar do clima festivo, muitas pessoas se sentem melanc\u00f3licas durante esta \u00e9poca. Saiba como mudar isso! Final de ano \u00e9 sin\u00f4nimo de festa, alegrias e esperan\u00e7a, certo? Bom, nem todos compartilham destes bons sentimentos e esta \u00e9poca, na verdade, pode se tornar um gatilho para a ang\u00fastia e a tristeza. A s\u00edndrome de final de [&hellip;]<\/p>\n","protected":false},"author":2,"featured_media":25662,"comment_status":"open","ping_status":"open","sticky":false,"template":"","format":"standard","meta":{"footnotes":""},"categories":[2522],"tags":[3807,12394,12392,4204,12393,2623],"class_list":["post-25661","post","type-post","status-publish","format-standard","has-post-thumbnail","hentry","category-comportamento","tag-angustia","tag-clima-festivo","tag-dezembrite","tag-gatilho","tag-sindrome-de-final-de-ano","tag-tristeza"],"yoast_head":"<!-- This site is optimized with the Yoast SEO plugin v26.5 - https:\/\/yoast.com\/wordpress\/plugins\/seo\/ -->\n<title>\u2018Dezembrite\u2019: cinco passos para lidar com a s\u00edndrome de final de ano - Jornal Fatos e Not\u00edcias<\/title>\n<meta name=\"robots\" content=\"index, follow, max-snippet:-1, max-image-preview:large, max-video-preview:-1\" \/>\n<link rel=\"canonical\" href=\"https:\/\/jornalfatosenoticias.com.br\/index.php\/2021\/12\/08\/dezembrite-cinco-passos-para-lidar-com-a-sindrome-de-final-de-ano\/\" \/>\n<meta property=\"og:locale\" content=\"pt_BR\" \/>\n<meta property=\"og:type\" content=\"article\" \/>\n<meta property=\"og:title\" content=\"\u2018Dezembrite\u2019: cinco passos para lidar com a s\u00edndrome de final de ano - Jornal Fatos e Not\u00edcias\" \/>\n<meta property=\"og:description\" content=\"Apesar do clima festivo, muitas pessoas se sentem melanc\u00f3licas durante esta \u00e9poca. Saiba como mudar isso! Final de ano \u00e9 sin\u00f4nimo de festa, alegrias e esperan\u00e7a, certo? Bom, nem todos compartilham destes bons sentimentos e esta \u00e9poca, na verdade, pode se tornar um gatilho para a ang\u00fastia e a tristeza. A s\u00edndrome de final de [&hellip;]\" \/>\n<meta property=\"og:url\" content=\"https:\/\/jornalfatosenoticias.com.br\/index.php\/2021\/12\/08\/dezembrite-cinco-passos-para-lidar-com-a-sindrome-de-final-de-ano\/\" \/>\n<meta property=\"og:site_name\" content=\"Jornal Fatos e Not\u00edcias\" \/>\n<meta property=\"article:published_time\" content=\"2021-12-08T13:45:14+00:00\" \/>\n<meta property=\"article:modified_time\" content=\"2021-12-08T13:45:16+00:00\" \/>\n<meta property=\"og:image\" content=\"https:\/\/jornalfatosenoticias.com.br\/wp-content\/uploads\/2021\/12\/dezembrite_final-de-ano.jpg\" \/>\n\t<meta property=\"og:image:width\" content=\"1000\" \/>\n\t<meta property=\"og:image:height\" content=\"666\" \/>\n\t<meta property=\"og:image:type\" content=\"image\/jpeg\" \/>\n<meta name=\"author\" content=\"Luzimara Fernandes\" \/>\n<meta name=\"twitter:card\" content=\"summary_large_image\" \/>\n<meta name=\"twitter:label1\" content=\"Escrito por\" \/>\n\t<meta name=\"twitter:data1\" content=\"Luzimara Fernandes\" \/>\n\t<meta name=\"twitter:label2\" content=\"Est. tempo de leitura\" \/>\n\t<meta name=\"twitter:data2\" content=\"5 minutos\" \/>\n<script type=\"application\/ld+json\" class=\"yoast-schema-graph\">{\"@context\":\"https:\/\/schema.org\",\"@graph\":[{\"@type\":\"Article\",\"@id\":\"https:\/\/jornalfatosenoticias.com.br\/index.php\/2021\/12\/08\/dezembrite-cinco-passos-para-lidar-com-a-sindrome-de-final-de-ano\/#article\",\"isPartOf\":{\"@id\":\"https:\/\/jornalfatosenoticias.com.br\/index.php\/2021\/12\/08\/dezembrite-cinco-passos-para-lidar-com-a-sindrome-de-final-de-ano\/\"},\"author\":{\"name\":\"Luzimara Fernandes\",\"@id\":\"https:\/\/jornalfatosenoticias.com.br\/#\/schema\/person\/d63837fa13ac8666eb9e74e0985d6f81\"},\"headline\":\"\u2018Dezembrite\u2019: cinco passos para lidar com a s\u00edndrome de final de ano\",\"datePublished\":\"2021-12-08T13:45:14+00:00\",\"dateModified\":\"2021-12-08T13:45:16+00:00\",\"mainEntityOfPage\":{\"@id\":\"https:\/\/jornalfatosenoticias.com.br\/index.php\/2021\/12\/08\/dezembrite-cinco-passos-para-lidar-com-a-sindrome-de-final-de-ano\/\"},\"wordCount\":1059,\"commentCount\":0,\"publisher\":{\"@id\":\"https:\/\/jornalfatosenoticias.com.br\/#organization\"},\"image\":{\"@id\":\"https:\/\/jornalfatosenoticias.com.br\/index.php\/2021\/12\/08\/dezembrite-cinco-passos-para-lidar-com-a-sindrome-de-final-de-ano\/#primaryimage\"},\"thumbnailUrl\":\"https:\/\/jornalfatosenoticias.com.br\/wp-content\/uploads\/2021\/12\/dezembrite_final-de-ano.jpg\",\"keywords\":[\"ang\u00fastia\",\"clima festivo\",\"dezembrite\",\"gatilho\",\"s\u00edndrome de final de ano\",\"tristeza\"],\"articleSection\":[\"Comportamento &amp; Equil\u00edbrio\"],\"inLanguage\":\"pt-BR\",\"potentialAction\":[{\"@type\":\"CommentAction\",\"name\":\"Comment\",\"target\":[\"https:\/\/jornalfatosenoticias.com.br\/index.php\/2021\/12\/08\/dezembrite-cinco-passos-para-lidar-com-a-sindrome-de-final-de-ano\/#respond\"]}]},{\"@type\":\"WebPage\",\"@id\":\"https:\/\/jornalfatosenoticias.com.br\/index.php\/2021\/12\/08\/dezembrite-cinco-passos-para-lidar-com-a-sindrome-de-final-de-ano\/\",\"url\":\"https:\/\/jornalfatosenoticias.com.br\/index.php\/2021\/12\/08\/dezembrite-cinco-passos-para-lidar-com-a-sindrome-de-final-de-ano\/\",\"name\":\"\u2018Dezembrite\u2019: cinco passos para lidar com a s\u00edndrome de final de ano - Jornal Fatos e Not\u00edcias\",\"isPartOf\":{\"@id\":\"https:\/\/jornalfatosenoticias.com.br\/#website\"},\"primaryImageOfPage\":{\"@id\":\"https:\/\/jornalfatosenoticias.com.br\/index.php\/2021\/12\/08\/dezembrite-cinco-passos-para-lidar-com-a-sindrome-de-final-de-ano\/#primaryimage\"},\"image\":{\"@id\":\"https:\/\/jornalfatosenoticias.com.br\/index.php\/2021\/12\/08\/dezembrite-cinco-passos-para-lidar-com-a-sindrome-de-final-de-ano\/#primaryimage\"},\"thumbnailUrl\":\"https:\/\/jornalfatosenoticias.com.br\/wp-content\/uploads\/2021\/12\/dezembrite_final-de-ano.jpg\",\"datePublished\":\"2021-12-08T13:45:14+00:00\",\"dateModified\":\"2021-12-08T13:45:16+00:00\",\"breadcrumb\":{\"@id\":\"https:\/\/jornalfatosenoticias.com.br\/index.php\/2021\/12\/08\/dezembrite-cinco-passos-para-lidar-com-a-sindrome-de-final-de-ano\/#breadcrumb\"},\"inLanguage\":\"pt-BR\",\"potentialAction\":[{\"@type\":\"ReadAction\",\"target\":[\"https:\/\/jornalfatosenoticias.com.br\/index.php\/2021\/12\/08\/dezembrite-cinco-passos-para-lidar-com-a-sindrome-de-final-de-ano\/\"]}]},{\"@type\":\"ImageObject\",\"inLanguage\":\"pt-BR\",\"@id\":\"https:\/\/jornalfatosenoticias.com.br\/index.php\/2021\/12\/08\/dezembrite-cinco-passos-para-lidar-com-a-sindrome-de-final-de-ano\/#primaryimage\",\"url\":\"https:\/\/jornalfatosenoticias.com.br\/wp-content\/uploads\/2021\/12\/dezembrite_final-de-ano.jpg\",\"contentUrl\":\"https:\/\/jornalfatosenoticias.com.br\/wp-content\/uploads\/2021\/12\/dezembrite_final-de-ano.jpg\",\"width\":1000,\"height\":666},{\"@type\":\"BreadcrumbList\",\"@id\":\"https:\/\/jornalfatosenoticias.com.br\/index.php\/2021\/12\/08\/dezembrite-cinco-passos-para-lidar-com-a-sindrome-de-final-de-ano\/#breadcrumb\",\"itemListElement\":[{\"@type\":\"ListItem\",\"position\":1,\"name\":\"In\u00edcio\",\"item\":\"https:\/\/jornalfatosenoticias.com.br\/\"},{\"@type\":\"ListItem\",\"position\":2,\"name\":\"\u2018Dezembrite\u2019: cinco passos para lidar com a s\u00edndrome de final de ano\"}]},{\"@type\":\"WebSite\",\"@id\":\"https:\/\/jornalfatosenoticias.com.br\/#website\",\"url\":\"https:\/\/jornalfatosenoticias.com.br\/\",\"name\":\"Jornal Fatos e Not\u00edcias\",\"description\":\"Not\u00edcias em geral\",\"publisher\":{\"@id\":\"https:\/\/jornalfatosenoticias.com.br\/#organization\"},\"potentialAction\":[{\"@type\":\"SearchAction\",\"target\":{\"@type\":\"EntryPoint\",\"urlTemplate\":\"https:\/\/jornalfatosenoticias.com.br\/?s={search_term_string}\"},\"query-input\":{\"@type\":\"PropertyValueSpecification\",\"valueRequired\":true,\"valueName\":\"search_term_string\"}}],\"inLanguage\":\"pt-BR\"},{\"@type\":\"Organization\",\"@id\":\"https:\/\/jornalfatosenoticias.com.br\/#organization\",\"name\":\"Jornal Fatos e Not\u00edcias\",\"url\":\"https:\/\/jornalfatosenoticias.com.br\/\",\"logo\":{\"@type\":\"ImageObject\",\"inLanguage\":\"pt-BR\",\"@id\":\"https:\/\/jornalfatosenoticias.com.br\/#\/schema\/logo\/image\/\",\"url\":\"https:\/\/jornalfatosenoticias.com.br\/wp-content\/uploads\/2020\/02\/logo120.png\",\"contentUrl\":\"https:\/\/jornalfatosenoticias.com.br\/wp-content\/uploads\/2020\/02\/logo120.png\",\"width\":1227,\"height\":120,\"caption\":\"Jornal Fatos e Not\u00edcias\"},\"image\":{\"@id\":\"https:\/\/jornalfatosenoticias.com.br\/#\/schema\/logo\/image\/\"}},{\"@type\":\"Person\",\"@id\":\"https:\/\/jornalfatosenoticias.com.br\/#\/schema\/person\/d63837fa13ac8666eb9e74e0985d6f81\",\"name\":\"Luzimara Fernandes\",\"image\":{\"@type\":\"ImageObject\",\"inLanguage\":\"pt-BR\",\"@id\":\"https:\/\/jornalfatosenoticias.com.br\/#\/schema\/person\/image\/\",\"url\":\"https:\/\/jornalfatosenoticias.com.br\/wp-content\/uploads\/2025\/05\/EU_portal.jpg\",\"contentUrl\":\"https:\/\/jornalfatosenoticias.com.br\/wp-content\/uploads\/2025\/05\/EU_portal.jpg\",\"caption\":\"Luzimara Fernandes\"},\"description\":\"Jornalista MTB 2358-ES\",\"sameAs\":[\"https:\/\/jornalfatosenoticias.com.br\"],\"url\":\"https:\/\/jornalfatosenoticias.com.br\/index.php\/author\/luzimara\/\"}]}<\/script>\n<!-- \/ Yoast SEO plugin. -->","yoast_head_json":{"title":"\u2018Dezembrite\u2019: cinco passos para lidar com a s\u00edndrome de final de ano - Jornal Fatos e Not\u00edcias","robots":{"index":"index","follow":"follow","max-snippet":"max-snippet:-1","max-image-preview":"max-image-preview:large","max-video-preview":"max-video-preview:-1"},"canonical":"https:\/\/jornalfatosenoticias.com.br\/index.php\/2021\/12\/08\/dezembrite-cinco-passos-para-lidar-com-a-sindrome-de-final-de-ano\/","og_locale":"pt_BR","og_type":"article","og_title":"\u2018Dezembrite\u2019: cinco passos para lidar com a s\u00edndrome de final de ano - Jornal Fatos e Not\u00edcias","og_description":"Apesar do clima festivo, muitas pessoas se sentem melanc\u00f3licas durante esta \u00e9poca. Saiba como mudar isso! Final de ano \u00e9 sin\u00f4nimo de festa, alegrias e esperan\u00e7a, certo? Bom, nem todos compartilham destes bons sentimentos e esta \u00e9poca, na verdade, pode se tornar um gatilho para a ang\u00fastia e a tristeza. A s\u00edndrome de final de [&hellip;]","og_url":"https:\/\/jornalfatosenoticias.com.br\/index.php\/2021\/12\/08\/dezembrite-cinco-passos-para-lidar-com-a-sindrome-de-final-de-ano\/","og_site_name":"Jornal Fatos e Not\u00edcias","article_published_time":"2021-12-08T13:45:14+00:00","article_modified_time":"2021-12-08T13:45:16+00:00","og_image":[{"width":1000,"height":666,"url":"https:\/\/jornalfatosenoticias.com.br\/wp-content\/uploads\/2021\/12\/dezembrite_final-de-ano.jpg","type":"image\/jpeg"}],"author":"Luzimara Fernandes","twitter_card":"summary_large_image","twitter_misc":{"Escrito por":"Luzimara Fernandes","Est. tempo de leitura":"5 minutos"},"schema":{"@context":"https:\/\/schema.org","@graph":[{"@type":"Article","@id":"https:\/\/jornalfatosenoticias.com.br\/index.php\/2021\/12\/08\/dezembrite-cinco-passos-para-lidar-com-a-sindrome-de-final-de-ano\/#article","isPartOf":{"@id":"https:\/\/jornalfatosenoticias.com.br\/index.php\/2021\/12\/08\/dezembrite-cinco-passos-para-lidar-com-a-sindrome-de-final-de-ano\/"},"author":{"name":"Luzimara Fernandes","@id":"https:\/\/jornalfatosenoticias.com.br\/#\/schema\/person\/d63837fa13ac8666eb9e74e0985d6f81"},"headline":"\u2018Dezembrite\u2019: cinco passos para lidar com a s\u00edndrome de final de ano","datePublished":"2021-12-08T13:45:14+00:00","dateModified":"2021-12-08T13:45:16+00:00","mainEntityOfPage":{"@id":"https:\/\/jornalfatosenoticias.com.br\/index.php\/2021\/12\/08\/dezembrite-cinco-passos-para-lidar-com-a-sindrome-de-final-de-ano\/"},"wordCount":1059,"commentCount":0,"publisher":{"@id":"https:\/\/jornalfatosenoticias.com.br\/#organization"},"image":{"@id":"https:\/\/jornalfatosenoticias.com.br\/index.php\/2021\/12\/08\/dezembrite-cinco-passos-para-lidar-com-a-sindrome-de-final-de-ano\/#primaryimage"},"thumbnailUrl":"https:\/\/jornalfatosenoticias.com.br\/wp-content\/uploads\/2021\/12\/dezembrite_final-de-ano.jpg","keywords":["ang\u00fastia","clima festivo","dezembrite","gatilho","s\u00edndrome de final de ano","tristeza"],"articleSection":["Comportamento &amp; Equil\u00edbrio"],"inLanguage":"pt-BR","potentialAction":[{"@type":"CommentAction","name":"Comment","target":["https:\/\/jornalfatosenoticias.com.br\/index.php\/2021\/12\/08\/dezembrite-cinco-passos-para-lidar-com-a-sindrome-de-final-de-ano\/#respond"]}]},{"@type":"WebPage","@id":"https:\/\/jornalfatosenoticias.com.br\/index.php\/2021\/12\/08\/dezembrite-cinco-passos-para-lidar-com-a-sindrome-de-final-de-ano\/","url":"https:\/\/jornalfatosenoticias.com.br\/index.php\/2021\/12\/08\/dezembrite-cinco-passos-para-lidar-com-a-sindrome-de-final-de-ano\/","name":"\u2018Dezembrite\u2019: cinco passos para lidar com a s\u00edndrome de final de ano - Jornal Fatos e Not\u00edcias","isPartOf":{"@id":"https:\/\/jornalfatosenoticias.com.br\/#website"},"primaryImageOfPage":{"@id":"https:\/\/jornalfatosenoticias.com.br\/index.php\/2021\/12\/08\/dezembrite-cinco-passos-para-lidar-com-a-sindrome-de-final-de-ano\/#primaryimage"},"image":{"@id":"https:\/\/jornalfatosenoticias.com.br\/index.php\/2021\/12\/08\/dezembrite-cinco-passos-para-lidar-com-a-sindrome-de-final-de-ano\/#primaryimage"},"thumbnailUrl":"https:\/\/jornalfatosenoticias.com.br\/wp-content\/uploads\/2021\/12\/dezembrite_final-de-ano.jpg","datePublished":"2021-12-08T13:45:14+00:00","dateModified":"2021-12-08T13:45:16+00:00","breadcrumb":{"@id":"https:\/\/jornalfatosenoticias.com.br\/index.php\/2021\/12\/08\/dezembrite-cinco-passos-para-lidar-com-a-sindrome-de-final-de-ano\/#breadcrumb"},"inLanguage":"pt-BR","potentialAction":[{"@type":"ReadAction","target":["https:\/\/jornalfatosenoticias.com.br\/index.php\/2021\/12\/08\/dezembrite-cinco-passos-para-lidar-com-a-sindrome-de-final-de-ano\/"]}]},{"@type":"ImageObject","inLanguage":"pt-BR","@id":"https:\/\/jornalfatosenoticias.com.br\/index.php\/2021\/12\/08\/dezembrite-cinco-passos-para-lidar-com-a-sindrome-de-final-de-ano\/#primaryimage","url":"https:\/\/jornalfatosenoticias.com.br\/wp-content\/uploads\/2021\/12\/dezembrite_final-de-ano.jpg","contentUrl":"https:\/\/jornalfatosenoticias.com.br\/wp-content\/uploads\/2021\/12\/dezembrite_final-de-ano.jpg","width":1000,"height":666},{"@type":"BreadcrumbList","@id":"https:\/\/jornalfatosenoticias.com.br\/index.php\/2021\/12\/08\/dezembrite-cinco-passos-para-lidar-com-a-sindrome-de-final-de-ano\/#breadcrumb","itemListElement":[{"@type":"ListItem","position":1,"name":"In\u00edcio","item":"https:\/\/jornalfatosenoticias.com.br\/"},{"@type":"ListItem","position":2,"name":"\u2018Dezembrite\u2019: cinco passos para lidar com a s\u00edndrome de final de ano"}]},{"@type":"WebSite","@id":"https:\/\/jornalfatosenoticias.com.br\/#website","url":"https:\/\/jornalfatosenoticias.com.br\/","name":"Jornal Fatos e Not\u00edcias","description":"Not\u00edcias em geral","publisher":{"@id":"https:\/\/jornalfatosenoticias.com.br\/#organization"},"potentialAction":[{"@type":"SearchAction","target":{"@type":"EntryPoint","urlTemplate":"https:\/\/jornalfatosenoticias.com.br\/?s={search_term_string}"},"query-input":{"@type":"PropertyValueSpecification","valueRequired":true,"valueName":"search_term_string"}}],"inLanguage":"pt-BR"},{"@type":"Organization","@id":"https:\/\/jornalfatosenoticias.com.br\/#organization","name":"Jornal Fatos e Not\u00edcias","url":"https:\/\/jornalfatosenoticias.com.br\/","logo":{"@type":"ImageObject","inLanguage":"pt-BR","@id":"https:\/\/jornalfatosenoticias.com.br\/#\/schema\/logo\/image\/","url":"https:\/\/jornalfatosenoticias.com.br\/wp-content\/uploads\/2020\/02\/logo120.png","contentUrl":"https:\/\/jornalfatosenoticias.com.br\/wp-content\/uploads\/2020\/02\/logo120.png","width":1227,"height":120,"caption":"Jornal Fatos e Not\u00edcias"},"image":{"@id":"https:\/\/jornalfatosenoticias.com.br\/#\/schema\/logo\/image\/"}},{"@type":"Person","@id":"https:\/\/jornalfatosenoticias.com.br\/#\/schema\/person\/d63837fa13ac8666eb9e74e0985d6f81","name":"Luzimara Fernandes","image":{"@type":"ImageObject","inLanguage":"pt-BR","@id":"https:\/\/jornalfatosenoticias.com.br\/#\/schema\/person\/image\/","url":"https:\/\/jornalfatosenoticias.com.br\/wp-content\/uploads\/2025\/05\/EU_portal.jpg","contentUrl":"https:\/\/jornalfatosenoticias.com.br\/wp-content\/uploads\/2025\/05\/EU_portal.jpg","caption":"Luzimara Fernandes"},"description":"Jornalista MTB 2358-ES","sameAs":["https:\/\/jornalfatosenoticias.com.br"],"url":"https:\/\/jornalfatosenoticias.com.br\/index.php\/author\/luzimara\/"}]}},"cc_featured_image_caption":{"caption_text":"(Foto: Freestocks\/Unsplash) ","source_text":"","source_url":""},"jetpack_featured_media_url":"https:\/\/jornalfatosenoticias.com.br\/wp-content\/uploads\/2021\/12\/dezembrite_final-de-ano.jpg","_links":{"self":[{"href":"https:\/\/jornalfatosenoticias.com.br\/index.php\/wp-json\/wp\/v2\/posts\/25661","targetHints":{"allow":["GET"]}}],"collection":[{"href":"https:\/\/jornalfatosenoticias.com.br\/index.php\/wp-json\/wp\/v2\/posts"}],"about":[{"href":"https:\/\/jornalfatosenoticias.com.br\/index.php\/wp-json\/wp\/v2\/types\/post"}],"author":[{"embeddable":true,"href":"https:\/\/jornalfatosenoticias.com.br\/index.php\/wp-json\/wp\/v2\/users\/2"}],"replies":[{"embeddable":true,"href":"https:\/\/jornalfatosenoticias.com.br\/index.php\/wp-json\/wp\/v2\/comments?post=25661"}],"version-history":[{"count":0,"href":"https:\/\/jornalfatosenoticias.com.br\/index.php\/wp-json\/wp\/v2\/posts\/25661\/revisions"}],"wp:featuredmedia":[{"embeddable":true,"href":"https:\/\/jornalfatosenoticias.com.br\/index.php\/wp-json\/wp\/v2\/media\/25662"}],"wp:attachment":[{"href":"https:\/\/jornalfatosenoticias.com.br\/index.php\/wp-json\/wp\/v2\/media?parent=25661"}],"wp:term":[{"taxonomy":"category","embeddable":true,"href":"https:\/\/jornalfatosenoticias.com.br\/index.php\/wp-json\/wp\/v2\/categories?post=25661"},{"taxonomy":"post_tag","embeddable":true,"href":"https:\/\/jornalfatosenoticias.com.br\/index.php\/wp-json\/wp\/v2\/tags?post=25661"}],"curies":[{"name":"wp","href":"https:\/\/api.w.org\/{rel}","templated":true}]}}