{"id":25712,"date":"2021-12-09T15:14:54","date_gmt":"2021-12-09T18:14:54","guid":{"rendered":"https:\/\/jornalfatosenoticias.com.br\/?p=25712"},"modified":"2021-12-09T15:14:55","modified_gmt":"2021-12-09T18:14:55","slug":"manjar-branco-especial-para-uma-sobremesa-facil","status":"publish","type":"post","link":"https:\/\/jornalfatosenoticias.com.br\/index.php\/2021\/12\/09\/manjar-branco-especial-para-uma-sobremesa-facil\/","title":{"rendered":"Manjar branco especial para uma sobremesa f\u00e1cil"},"content":{"rendered":"\n<p>Prepare uma sobremesa diferente com essa receita de manjar branco especial. Ela \u00e9 f\u00e1cil de fazer, pois a sua parte fica pronta em apenas meia hora, o resto \u00e9 com a geladeira. Ou seja, \u00e9 perfeita para quem quer um docinho pr\u00e1tico e delicioso.<br>Al\u00e9m disso, esta receita de manjar branco especial tem uma calda incr\u00edvel de ameixas com vinho tinto que combina bastante com as festas de final de ano. Ningu\u00e9m ser\u00e1 capaz de resistir! Aprenda a fazer essa maravilha hoje mesmo com o nosso passo a passo.<\/p>\n\n\n\n<h4 class=\"wp-block-heading\"><span class=\"has-inline-color has-black-color\">Ingredientes<\/span><\/h4>\n\n\n\n<ul class=\"wp-block-list\"><li>1 lata de leite condensado<\/li><li>2 e \u00bd latas de leite (use a lata de leite condensado vazia para medir)<\/li><li>1 vidro de leite de coco (200ml)<\/li><li>\u00bd x\u00edcara (ch\u00e1) de maisena<\/li><\/ul>\n\n\n\n<h4 class=\"wp-block-heading\"><span class=\"has-inline-color has-black-color\">Calda<\/span><\/h4>\n\n\n\n<ul class=\"wp-block-list\"><li>1 e \u00bd x\u00edcara (ch\u00e1) de a\u00e7\u00facar<\/li><li>\u00bd colher (sopa) de vinho tinto<\/li><li>1 e \u00bd x\u00edcara (ch\u00e1) de ameixas-pretas secas sem caro\u00e7o<\/li><li>1 canela em pau<\/li><li>2 cravos-da-\u00edndia<\/li><li>2 x\u00edcaras (ch\u00e1) de \u00e1gua<\/li><\/ul>\n\n\n\n<p><strong><span class=\"has-inline-color has-black-color\">Modo de preparo<br><\/span><\/strong>Em uma tigela, misture o leite condensado, o leite, o leite de coco e a maisena. Leve ao fogo baixo, mexendo sempre, at\u00e9 engrossar. Despeje em uma f\u00f4rma de buraco no meio de 20cm de di\u00e2metro umedecida e leve \u00e0 geladeira por quatro horas. Para a calda, misture todos os ingredientes em uma panela. Leve ao fogo m\u00e9dio por 10 minutos. Desenforme o manjar e cubra com a calda.<\/p>\n\n\n\n<p><em><span class=\"has-inline-color has-black-color\">Rendimento: 10 por\u00e7\u00f5es<br><\/span><\/em><strong><em>Fonte: <a href=\"https:\/\/www.terra.com.br\/vida-e-estilo\/culinaria\/receitas\/manjar-branco-especial-para-uma-sobremesa-facil,b0d3a8d0303eb5efb8e31c2585e3de3661lxqnbq.html\">Terra<\/a><\/em><\/strong><\/p>\n","protected":false},"excerpt":{"rendered":"<p>Prepare uma sobremesa diferente com essa receita de manjar branco especial. Ela \u00e9 f\u00e1cil de fazer, pois a sua parte fica pronta em apenas meia hora, o resto \u00e9 com a geladeira. Ou seja, \u00e9 perfeita para quem quer um docinho pr\u00e1tico e delicioso.Al\u00e9m disso, esta receita de manjar branco especial tem uma calda incr\u00edvel [&hellip;]<\/p>\n","protected":false},"author":10,"featured_media":25713,"comment_status":"open","ping_status":"open","sticky":false,"template":"","format":"standard","meta":{"footnotes":""},"categories":[745],"tags":[12413,12412,7915,12411,5816],"class_list":["post-25712","post","type-post","status-publish","format-standard","has-post-thumbnail","hentry","category-gastronomia","tag-docinho-delicioso","tag-docinho-pratico","tag-manjar","tag-manjar-branco-especial","tag-sobremesa"],"yoast_head":"<!-- This site is optimized with the Yoast SEO plugin v26.5 - https:\/\/yoast.com\/wordpress\/plugins\/seo\/ -->\n<title>Manjar branco especial para uma sobremesa f\u00e1cil - Jornal Fatos e Not\u00edcias<\/title>\n<meta name=\"robots\" content=\"index, follow, max-snippet:-1, max-image-preview:large, max-video-preview:-1\" \/>\n<link rel=\"canonical\" href=\"https:\/\/jornalfatosenoticias.com.br\/index.php\/2021\/12\/09\/manjar-branco-especial-para-uma-sobremesa-facil\/\" \/>\n<meta property=\"og:locale\" content=\"pt_BR\" \/>\n<meta property=\"og:type\" content=\"article\" \/>\n<meta property=\"og:title\" content=\"Manjar branco especial para uma sobremesa f\u00e1cil - Jornal Fatos e Not\u00edcias\" \/>\n<meta property=\"og:description\" content=\"Prepare uma sobremesa diferente com essa receita de manjar branco especial. Ela \u00e9 f\u00e1cil de fazer, pois a sua parte fica pronta em apenas meia hora, o resto \u00e9 com a geladeira. Ou seja, \u00e9 perfeita para quem quer um docinho pr\u00e1tico e delicioso.Al\u00e9m disso, esta receita de manjar branco especial tem uma calda incr\u00edvel [&hellip;]\" \/>\n<meta property=\"og:url\" content=\"https:\/\/jornalfatosenoticias.com.br\/index.php\/2021\/12\/09\/manjar-branco-especial-para-uma-sobremesa-facil\/\" \/>\n<meta property=\"og:site_name\" content=\"Jornal Fatos e Not\u00edcias\" \/>\n<meta property=\"article:published_time\" content=\"2021-12-09T18:14:54+00:00\" \/>\n<meta property=\"article:modified_time\" content=\"2021-12-09T18:14:55+00:00\" \/>\n<meta property=\"og:image\" content=\"https:\/\/jornalfatosenoticias.com.br\/wp-content\/uploads\/2021\/12\/manjar-branco-especial.jpg\" \/>\n\t<meta property=\"og:image:width\" content=\"1000\" \/>\n\t<meta property=\"og:image:height\" content=\"666\" \/>\n\t<meta property=\"og:image:type\" content=\"image\/jpeg\" \/>\n<meta name=\"author\" content=\"Gabriela Messner Aresi Oliveira\" \/>\n<meta name=\"twitter:card\" content=\"summary_large_image\" \/>\n<meta name=\"twitter:label1\" content=\"Escrito por\" \/>\n\t<meta name=\"twitter:data1\" content=\"Gabriela Messner Aresi Oliveira\" \/>\n\t<meta name=\"twitter:label2\" content=\"Est. tempo de leitura\" \/>\n\t<meta name=\"twitter:data2\" content=\"1 minuto\" \/>\n<script type=\"application\/ld+json\" class=\"yoast-schema-graph\">{\"@context\":\"https:\/\/schema.org\",\"@graph\":[{\"@type\":\"Article\",\"@id\":\"https:\/\/jornalfatosenoticias.com.br\/index.php\/2021\/12\/09\/manjar-branco-especial-para-uma-sobremesa-facil\/#article\",\"isPartOf\":{\"@id\":\"https:\/\/jornalfatosenoticias.com.br\/index.php\/2021\/12\/09\/manjar-branco-especial-para-uma-sobremesa-facil\/\"},\"author\":{\"name\":\"Gabriela Messner Aresi Oliveira\",\"@id\":\"https:\/\/jornalfatosenoticias.com.br\/#\/schema\/person\/8e0fe72f7a2b1f60eecd0c7d1dc4d8f1\"},\"headline\":\"Manjar branco especial para uma sobremesa f\u00e1cil\",\"datePublished\":\"2021-12-09T18:14:54+00:00\",\"dateModified\":\"2021-12-09T18:14:55+00:00\",\"mainEntityOfPage\":{\"@id\":\"https:\/\/jornalfatosenoticias.com.br\/index.php\/2021\/12\/09\/manjar-branco-especial-para-uma-sobremesa-facil\/\"},\"wordCount\":239,\"commentCount\":0,\"publisher\":{\"@id\":\"https:\/\/jornalfatosenoticias.com.br\/#organization\"},\"image\":{\"@id\":\"https:\/\/jornalfatosenoticias.com.br\/index.php\/2021\/12\/09\/manjar-branco-especial-para-uma-sobremesa-facil\/#primaryimage\"},\"thumbnailUrl\":\"https:\/\/jornalfatosenoticias.com.br\/wp-content\/uploads\/2021\/12\/manjar-branco-especial.jpg\",\"keywords\":[\"docinho delicioso\",\"docinho pr\u00e1tico\",\"manjar\",\"manjar branco especial\",\"sobremesa\"],\"articleSection\":[\"Gastronomia\"],\"inLanguage\":\"pt-BR\",\"potentialAction\":[{\"@type\":\"CommentAction\",\"name\":\"Comment\",\"target\":[\"https:\/\/jornalfatosenoticias.com.br\/index.php\/2021\/12\/09\/manjar-branco-especial-para-uma-sobremesa-facil\/#respond\"]}]},{\"@type\":\"WebPage\",\"@id\":\"https:\/\/jornalfatosenoticias.com.br\/index.php\/2021\/12\/09\/manjar-branco-especial-para-uma-sobremesa-facil\/\",\"url\":\"https:\/\/jornalfatosenoticias.com.br\/index.php\/2021\/12\/09\/manjar-branco-especial-para-uma-sobremesa-facil\/\",\"name\":\"Manjar branco especial para uma sobremesa f\u00e1cil - Jornal Fatos e Not\u00edcias\",\"isPartOf\":{\"@id\":\"https:\/\/jornalfatosenoticias.com.br\/#website\"},\"primaryImageOfPage\":{\"@id\":\"https:\/\/jornalfatosenoticias.com.br\/index.php\/2021\/12\/09\/manjar-branco-especial-para-uma-sobremesa-facil\/#primaryimage\"},\"image\":{\"@id\":\"https:\/\/jornalfatosenoticias.com.br\/index.php\/2021\/12\/09\/manjar-branco-especial-para-uma-sobremesa-facil\/#primaryimage\"},\"thumbnailUrl\":\"https:\/\/jornalfatosenoticias.com.br\/wp-content\/uploads\/2021\/12\/manjar-branco-especial.jpg\",\"datePublished\":\"2021-12-09T18:14:54+00:00\",\"dateModified\":\"2021-12-09T18:14:55+00:00\",\"breadcrumb\":{\"@id\":\"https:\/\/jornalfatosenoticias.com.br\/index.php\/2021\/12\/09\/manjar-branco-especial-para-uma-sobremesa-facil\/#breadcrumb\"},\"inLanguage\":\"pt-BR\",\"potentialAction\":[{\"@type\":\"ReadAction\",\"target\":[\"https:\/\/jornalfatosenoticias.com.br\/index.php\/2021\/12\/09\/manjar-branco-especial-para-uma-sobremesa-facil\/\"]}]},{\"@type\":\"ImageObject\",\"inLanguage\":\"pt-BR\",\"@id\":\"https:\/\/jornalfatosenoticias.com.br\/index.php\/2021\/12\/09\/manjar-branco-especial-para-uma-sobremesa-facil\/#primaryimage\",\"url\":\"https:\/\/jornalfatosenoticias.com.br\/wp-content\/uploads\/2021\/12\/manjar-branco-especial.jpg\",\"contentUrl\":\"https:\/\/jornalfatosenoticias.com.br\/wp-content\/uploads\/2021\/12\/manjar-branco-especial.jpg\",\"width\":1000,\"height\":666},{\"@type\":\"BreadcrumbList\",\"@id\":\"https:\/\/jornalfatosenoticias.com.br\/index.php\/2021\/12\/09\/manjar-branco-especial-para-uma-sobremesa-facil\/#breadcrumb\",\"itemListElement\":[{\"@type\":\"ListItem\",\"position\":1,\"name\":\"In\u00edcio\",\"item\":\"https:\/\/jornalfatosenoticias.com.br\/\"},{\"@type\":\"ListItem\",\"position\":2,\"name\":\"Manjar branco especial para uma sobremesa f\u00e1cil\"}]},{\"@type\":\"WebSite\",\"@id\":\"https:\/\/jornalfatosenoticias.com.br\/#website\",\"url\":\"https:\/\/jornalfatosenoticias.com.br\/\",\"name\":\"Jornal Fatos e Not\u00edcias\",\"description\":\"Not\u00edcias em geral\",\"publisher\":{\"@id\":\"https:\/\/jornalfatosenoticias.com.br\/#organization\"},\"potentialAction\":[{\"@type\":\"SearchAction\",\"target\":{\"@type\":\"EntryPoint\",\"urlTemplate\":\"https:\/\/jornalfatosenoticias.com.br\/?s={search_term_string}\"},\"query-input\":{\"@type\":\"PropertyValueSpecification\",\"valueRequired\":true,\"valueName\":\"search_term_string\"}}],\"inLanguage\":\"pt-BR\"},{\"@type\":\"Organization\",\"@id\":\"https:\/\/jornalfatosenoticias.com.br\/#organization\",\"name\":\"Jornal Fatos e Not\u00edcias\",\"url\":\"https:\/\/jornalfatosenoticias.com.br\/\",\"logo\":{\"@type\":\"ImageObject\",\"inLanguage\":\"pt-BR\",\"@id\":\"https:\/\/jornalfatosenoticias.com.br\/#\/schema\/logo\/image\/\",\"url\":\"https:\/\/jornalfatosenoticias.com.br\/wp-content\/uploads\/2020\/02\/logo120.png\",\"contentUrl\":\"https:\/\/jornalfatosenoticias.com.br\/wp-content\/uploads\/2020\/02\/logo120.png\",\"width\":1227,\"height\":120,\"caption\":\"Jornal Fatos e Not\u00edcias\"},\"image\":{\"@id\":\"https:\/\/jornalfatosenoticias.com.br\/#\/schema\/logo\/image\/\"}},{\"@type\":\"Person\",\"@id\":\"https:\/\/jornalfatosenoticias.com.br\/#\/schema\/person\/8e0fe72f7a2b1f60eecd0c7d1dc4d8f1\",\"name\":\"Gabriela Messner Aresi Oliveira\",\"image\":{\"@type\":\"ImageObject\",\"inLanguage\":\"pt-BR\",\"@id\":\"https:\/\/jornalfatosenoticias.com.br\/#\/schema\/person\/image\/\",\"url\":\"https:\/\/jornalfatosenoticias.com.br\/wp-content\/uploads\/2020\/03\/Gabriela-messner-150x150.jpg\",\"contentUrl\":\"https:\/\/jornalfatosenoticias.com.br\/wp-content\/uploads\/2020\/03\/Gabriela-messner-150x150.jpg\",\"caption\":\"Gabriela Messner Aresi Oliveira\"},\"url\":\"https:\/\/jornalfatosenoticias.com.br\/index.php\/author\/gabriela\/\"}]}<\/script>\n<!-- \/ Yoast SEO plugin. -->","yoast_head_json":{"title":"Manjar branco especial para uma sobremesa f\u00e1cil - Jornal Fatos e Not\u00edcias","robots":{"index":"index","follow":"follow","max-snippet":"max-snippet:-1","max-image-preview":"max-image-preview:large","max-video-preview":"max-video-preview:-1"},"canonical":"https:\/\/jornalfatosenoticias.com.br\/index.php\/2021\/12\/09\/manjar-branco-especial-para-uma-sobremesa-facil\/","og_locale":"pt_BR","og_type":"article","og_title":"Manjar branco especial para uma sobremesa f\u00e1cil - Jornal Fatos e Not\u00edcias","og_description":"Prepare uma sobremesa diferente com essa receita de manjar branco especial. Ela \u00e9 f\u00e1cil de fazer, pois a sua parte fica pronta em apenas meia hora, o resto \u00e9 com a geladeira. Ou seja, \u00e9 perfeita para quem quer um docinho pr\u00e1tico e delicioso.Al\u00e9m disso, esta receita de manjar branco especial tem uma calda incr\u00edvel [&hellip;]","og_url":"https:\/\/jornalfatosenoticias.com.br\/index.php\/2021\/12\/09\/manjar-branco-especial-para-uma-sobremesa-facil\/","og_site_name":"Jornal Fatos e Not\u00edcias","article_published_time":"2021-12-09T18:14:54+00:00","article_modified_time":"2021-12-09T18:14:55+00:00","og_image":[{"width":1000,"height":666,"url":"https:\/\/jornalfatosenoticias.com.br\/wp-content\/uploads\/2021\/12\/manjar-branco-especial.jpg","type":"image\/jpeg"}],"author":"Gabriela Messner Aresi Oliveira","twitter_card":"summary_large_image","twitter_misc":{"Escrito por":"Gabriela Messner Aresi Oliveira","Est. tempo de leitura":"1 minuto"},"schema":{"@context":"https:\/\/schema.org","@graph":[{"@type":"Article","@id":"https:\/\/jornalfatosenoticias.com.br\/index.php\/2021\/12\/09\/manjar-branco-especial-para-uma-sobremesa-facil\/#article","isPartOf":{"@id":"https:\/\/jornalfatosenoticias.com.br\/index.php\/2021\/12\/09\/manjar-branco-especial-para-uma-sobremesa-facil\/"},"author":{"name":"Gabriela Messner Aresi Oliveira","@id":"https:\/\/jornalfatosenoticias.com.br\/#\/schema\/person\/8e0fe72f7a2b1f60eecd0c7d1dc4d8f1"},"headline":"Manjar branco especial para uma sobremesa f\u00e1cil","datePublished":"2021-12-09T18:14:54+00:00","dateModified":"2021-12-09T18:14:55+00:00","mainEntityOfPage":{"@id":"https:\/\/jornalfatosenoticias.com.br\/index.php\/2021\/12\/09\/manjar-branco-especial-para-uma-sobremesa-facil\/"},"wordCount":239,"commentCount":0,"publisher":{"@id":"https:\/\/jornalfatosenoticias.com.br\/#organization"},"image":{"@id":"https:\/\/jornalfatosenoticias.com.br\/index.php\/2021\/12\/09\/manjar-branco-especial-para-uma-sobremesa-facil\/#primaryimage"},"thumbnailUrl":"https:\/\/jornalfatosenoticias.com.br\/wp-content\/uploads\/2021\/12\/manjar-branco-especial.jpg","keywords":["docinho delicioso","docinho pr\u00e1tico","manjar","manjar branco especial","sobremesa"],"articleSection":["Gastronomia"],"inLanguage":"pt-BR","potentialAction":[{"@type":"CommentAction","name":"Comment","target":["https:\/\/jornalfatosenoticias.com.br\/index.php\/2021\/12\/09\/manjar-branco-especial-para-uma-sobremesa-facil\/#respond"]}]},{"@type":"WebPage","@id":"https:\/\/jornalfatosenoticias.com.br\/index.php\/2021\/12\/09\/manjar-branco-especial-para-uma-sobremesa-facil\/","url":"https:\/\/jornalfatosenoticias.com.br\/index.php\/2021\/12\/09\/manjar-branco-especial-para-uma-sobremesa-facil\/","name":"Manjar branco especial para uma sobremesa f\u00e1cil - Jornal Fatos e Not\u00edcias","isPartOf":{"@id":"https:\/\/jornalfatosenoticias.com.br\/#website"},"primaryImageOfPage":{"@id":"https:\/\/jornalfatosenoticias.com.br\/index.php\/2021\/12\/09\/manjar-branco-especial-para-uma-sobremesa-facil\/#primaryimage"},"image":{"@id":"https:\/\/jornalfatosenoticias.com.br\/index.php\/2021\/12\/09\/manjar-branco-especial-para-uma-sobremesa-facil\/#primaryimage"},"thumbnailUrl":"https:\/\/jornalfatosenoticias.com.br\/wp-content\/uploads\/2021\/12\/manjar-branco-especial.jpg","datePublished":"2021-12-09T18:14:54+00:00","dateModified":"2021-12-09T18:14:55+00:00","breadcrumb":{"@id":"https:\/\/jornalfatosenoticias.com.br\/index.php\/2021\/12\/09\/manjar-branco-especial-para-uma-sobremesa-facil\/#breadcrumb"},"inLanguage":"pt-BR","potentialAction":[{"@type":"ReadAction","target":["https:\/\/jornalfatosenoticias.com.br\/index.php\/2021\/12\/09\/manjar-branco-especial-para-uma-sobremesa-facil\/"]}]},{"@type":"ImageObject","inLanguage":"pt-BR","@id":"https:\/\/jornalfatosenoticias.com.br\/index.php\/2021\/12\/09\/manjar-branco-especial-para-uma-sobremesa-facil\/#primaryimage","url":"https:\/\/jornalfatosenoticias.com.br\/wp-content\/uploads\/2021\/12\/manjar-branco-especial.jpg","contentUrl":"https:\/\/jornalfatosenoticias.com.br\/wp-content\/uploads\/2021\/12\/manjar-branco-especial.jpg","width":1000,"height":666},{"@type":"BreadcrumbList","@id":"https:\/\/jornalfatosenoticias.com.br\/index.php\/2021\/12\/09\/manjar-branco-especial-para-uma-sobremesa-facil\/#breadcrumb","itemListElement":[{"@type":"ListItem","position":1,"name":"In\u00edcio","item":"https:\/\/jornalfatosenoticias.com.br\/"},{"@type":"ListItem","position":2,"name":"Manjar branco especial para uma sobremesa f\u00e1cil"}]},{"@type":"WebSite","@id":"https:\/\/jornalfatosenoticias.com.br\/#website","url":"https:\/\/jornalfatosenoticias.com.br\/","name":"Jornal Fatos e Not\u00edcias","description":"Not\u00edcias em geral","publisher":{"@id":"https:\/\/jornalfatosenoticias.com.br\/#organization"},"potentialAction":[{"@type":"SearchAction","target":{"@type":"EntryPoint","urlTemplate":"https:\/\/jornalfatosenoticias.com.br\/?s={search_term_string}"},"query-input":{"@type":"PropertyValueSpecification","valueRequired":true,"valueName":"search_term_string"}}],"inLanguage":"pt-BR"},{"@type":"Organization","@id":"https:\/\/jornalfatosenoticias.com.br\/#organization","name":"Jornal Fatos e Not\u00edcias","url":"https:\/\/jornalfatosenoticias.com.br\/","logo":{"@type":"ImageObject","inLanguage":"pt-BR","@id":"https:\/\/jornalfatosenoticias.com.br\/#\/schema\/logo\/image\/","url":"https:\/\/jornalfatosenoticias.com.br\/wp-content\/uploads\/2020\/02\/logo120.png","contentUrl":"https:\/\/jornalfatosenoticias.com.br\/wp-content\/uploads\/2020\/02\/logo120.png","width":1227,"height":120,"caption":"Jornal Fatos e Not\u00edcias"},"image":{"@id":"https:\/\/jornalfatosenoticias.com.br\/#\/schema\/logo\/image\/"}},{"@type":"Person","@id":"https:\/\/jornalfatosenoticias.com.br\/#\/schema\/person\/8e0fe72f7a2b1f60eecd0c7d1dc4d8f1","name":"Gabriela Messner Aresi Oliveira","image":{"@type":"ImageObject","inLanguage":"pt-BR","@id":"https:\/\/jornalfatosenoticias.com.br\/#\/schema\/person\/image\/","url":"https:\/\/jornalfatosenoticias.com.br\/wp-content\/uploads\/2020\/03\/Gabriela-messner-150x150.jpg","contentUrl":"https:\/\/jornalfatosenoticias.com.br\/wp-content\/uploads\/2020\/03\/Gabriela-messner-150x150.jpg","caption":"Gabriela Messner Aresi Oliveira"},"url":"https:\/\/jornalfatosenoticias.com.br\/index.php\/author\/gabriela\/"}]}},"cc_featured_image_caption":{"caption_text":"(Foto: Guia da Cozinha)","source_text":"","source_url":""},"jetpack_featured_media_url":"https:\/\/jornalfatosenoticias.com.br\/wp-content\/uploads\/2021\/12\/manjar-branco-especial.jpg","_links":{"self":[{"href":"https:\/\/jornalfatosenoticias.com.br\/index.php\/wp-json\/wp\/v2\/posts\/25712","targetHints":{"allow":["GET"]}}],"collection":[{"href":"https:\/\/jornalfatosenoticias.com.br\/index.php\/wp-json\/wp\/v2\/posts"}],"about":[{"href":"https:\/\/jornalfatosenoticias.com.br\/index.php\/wp-json\/wp\/v2\/types\/post"}],"author":[{"embeddable":true,"href":"https:\/\/jornalfatosenoticias.com.br\/index.php\/wp-json\/wp\/v2\/users\/10"}],"replies":[{"embeddable":true,"href":"https:\/\/jornalfatosenoticias.com.br\/index.php\/wp-json\/wp\/v2\/comments?post=25712"}],"version-history":[{"count":0,"href":"https:\/\/jornalfatosenoticias.com.br\/index.php\/wp-json\/wp\/v2\/posts\/25712\/revisions"}],"wp:featuredmedia":[{"embeddable":true,"href":"https:\/\/jornalfatosenoticias.com.br\/index.php\/wp-json\/wp\/v2\/media\/25713"}],"wp:attachment":[{"href":"https:\/\/jornalfatosenoticias.com.br\/index.php\/wp-json\/wp\/v2\/media?parent=25712"}],"wp:term":[{"taxonomy":"category","embeddable":true,"href":"https:\/\/jornalfatosenoticias.com.br\/index.php\/wp-json\/wp\/v2\/categories?post=25712"},{"taxonomy":"post_tag","embeddable":true,"href":"https:\/\/jornalfatosenoticias.com.br\/index.php\/wp-json\/wp\/v2\/tags?post=25712"}],"curies":[{"name":"wp","href":"https:\/\/api.w.org\/{rel}","templated":true}]}}