{"id":25732,"date":"2021-12-09T15:41:35","date_gmt":"2021-12-09T18:41:35","guid":{"rendered":"https:\/\/jornalfatosenoticias.com.br\/?p=25732"},"modified":"2021-12-09T15:41:35","modified_gmt":"2021-12-09T18:41:35","slug":"coqueiral-cultural-ganha-edicao-de-natal-no-clube-da-orla","status":"publish","type":"post","link":"https:\/\/jornalfatosenoticias.com.br\/index.php\/2021\/12\/09\/coqueiral-cultural-ganha-edicao-de-natal-no-clube-da-orla\/","title":{"rendered":"Coqueiral Cultural ganha edi\u00e7\u00e3o de Natal no Clube da Orla"},"content":{"rendered":"\n<p><em><span class=\"has-inline-color has-black-color\">Festival re\u00fane expositores de gastronomia, artes, artesanato, moda e servi\u00e7os<\/span><\/em><\/p>\n\n\n\n<p><span class=\"has-inline-color has-luminous-vivid-orange-color\"><em><strong>Texto: <\/strong>Divulga\u00e7\u00e3o<\/em><\/span><\/p>\n\n\n\n<p>No pr\u00f3ximo s\u00e1bado (11), acontece a segunda edi\u00e7\u00e3o do Coqueiral Cultural, um festival de gastronomia, artes, artesanato, moda e servi\u00e7os, em Coqueiral de Aracruz. A partir das 11h, no Clube da Orla, com entrada gratuita, o evento ter\u00e1 m\u00fasica ao vivo, atividades infantis e atra\u00e7\u00f5es diversas para a comunidade local.<br>Idealizado por Inaih\u00e1 Pignaton e Clara Lug\u00e3o, o festival nasceu da necessidade de destacar o trabalho de produtores locais, entre artes\u00e3os, artistas, culinaristas, chefs e servi\u00e7os em geral. &#8220;Pensamos como \u00e9 importante fazer essa rede local se conhecer, o com\u00e9rcio girar aqui dentro, valorizando aquilo que \u00e9 feito pelas pessoas daqui. Depois do sucesso da primeira edi\u00e7\u00e3o, estamos preparando uma ainda mais especial, com novas atra\u00e7\u00f5es e expositores&#8221;, afirmam as organizadoras.<\/p>\n\n\n\n<div class=\"wp-block-jetpack-slideshow aligncenter\" data-effect=\"slide\"><div class=\"wp-block-jetpack-slideshow_container swiper-container\"><ul class=\"wp-block-jetpack-slideshow_swiper-wrapper swiper-wrapper\"><li class=\"wp-block-jetpack-slideshow_slide swiper-slide\"><figure><img loading=\"lazy\" decoding=\"async\" width=\"1000\" height=\"531\" alt=\"\" class=\"wp-block-jetpack-slideshow_image wp-image-25733\" data-id=\"25733\" src=\"https:\/\/jornalfatosenoticias.com.br\/wp-content\/uploads\/2021\/12\/Coqueiral_Cultural_2021_Primeira_edicao-1.jpg\" srcset=\"https:\/\/jornalfatosenoticias.com.br\/wp-content\/uploads\/2021\/12\/Coqueiral_Cultural_2021_Primeira_edicao-1.jpg 1000w, https:\/\/jornalfatosenoticias.com.br\/wp-content\/uploads\/2021\/12\/Coqueiral_Cultural_2021_Primeira_edicao-1-300x159.jpg 300w, https:\/\/jornalfatosenoticias.com.br\/wp-content\/uploads\/2021\/12\/Coqueiral_Cultural_2021_Primeira_edicao-1-768x408.jpg 768w\" sizes=\"auto, (max-width: 1000px) 100vw, 1000px\" \/><figcaption class=\"wp-block-jetpack-slideshow_caption gallery-caption\">(Foto: Paula Ki\u00e7ula Fotografia) <\/figcaption><\/figure><\/li><li class=\"wp-block-jetpack-slideshow_slide swiper-slide\"><figure><img loading=\"lazy\" decoding=\"async\" width=\"1000\" height=\"638\" alt=\"\" class=\"wp-block-jetpack-slideshow_image wp-image-25734\" data-id=\"25734\" src=\"https:\/\/jornalfatosenoticias.com.br\/wp-content\/uploads\/2021\/12\/Coqueiral_Cultural_2021_Primeira_edicao-7.jpg\" srcset=\"https:\/\/jornalfatosenoticias.com.br\/wp-content\/uploads\/2021\/12\/Coqueiral_Cultural_2021_Primeira_edicao-7.jpg 1000w, https:\/\/jornalfatosenoticias.com.br\/wp-content\/uploads\/2021\/12\/Coqueiral_Cultural_2021_Primeira_edicao-7-300x191.jpg 300w, https:\/\/jornalfatosenoticias.com.br\/wp-content\/uploads\/2021\/12\/Coqueiral_Cultural_2021_Primeira_edicao-7-768x490.jpg 768w\" sizes=\"auto, (max-width: 1000px) 100vw, 1000px\" \/><figcaption class=\"wp-block-jetpack-slideshow_caption gallery-caption\">(Foto: Paula Ki\u00e7ula Fotografia) <\/figcaption><\/figure><\/li><li class=\"wp-block-jetpack-slideshow_slide swiper-slide\"><figure><img loading=\"lazy\" decoding=\"async\" width=\"1000\" height=\"604\" alt=\"\" class=\"wp-block-jetpack-slideshow_image wp-image-25735\" data-id=\"25735\" src=\"https:\/\/jornalfatosenoticias.com.br\/wp-content\/uploads\/2021\/12\/Coqueiral_Cultural_2021_Primeira_edicao-8.jpg\" srcset=\"https:\/\/jornalfatosenoticias.com.br\/wp-content\/uploads\/2021\/12\/Coqueiral_Cultural_2021_Primeira_edicao-8.jpg 1000w, https:\/\/jornalfatosenoticias.com.br\/wp-content\/uploads\/2021\/12\/Coqueiral_Cultural_2021_Primeira_edicao-8-300x181.jpg 300w, https:\/\/jornalfatosenoticias.com.br\/wp-content\/uploads\/2021\/12\/Coqueiral_Cultural_2021_Primeira_edicao-8-768x464.jpg 768w\" sizes=\"auto, (max-width: 1000px) 100vw, 1000px\" \/><figcaption class=\"wp-block-jetpack-slideshow_caption gallery-caption\">(Foto: Paula Ki\u00e7ula Fotografia) <\/figcaption><\/figure><\/li><\/ul><a class=\"wp-block-jetpack-slideshow_button-prev swiper-button-prev swiper-button-white\" role=\"button\"><\/a><a class=\"wp-block-jetpack-slideshow_button-next swiper-button-next swiper-button-white\" role=\"button\"><\/a><a aria-label=\"Pause Slideshow\" class=\"wp-block-jetpack-slideshow_button-pause\" role=\"button\"><\/a><div class=\"wp-block-jetpack-slideshow_pagination swiper-pagination swiper-pagination-white\"><\/div><\/div><\/div>\n\n\n\n<p>Os shows ao vivo ficam por conta de Matheus Telles e da banda Vinil Box e haver\u00e1 ainda oficina e apresenta\u00e7\u00e3o da banda de Congo Blocongo, al\u00e9m de teatro de fantoches, atividades infantis e muito mais. O evento seguir\u00e1 todas as normas de distanciamento e uso de m\u00e1scaras. As organizadoras pedem a quem puder que leve itens de higiene pessoal para doa\u00e7\u00e3o a pessoas em situa\u00e7\u00e3o de vulnerabilidade.<\/p>\n\n\n\n<div class=\"wp-block-group\"><div class=\"wp-block-group__inner-container is-layout-flow wp-block-group-is-layout-flow\">\n<div class=\"wp-block-jetpack-tiled-gallery aligncenter is-style-columns\"><div class=\"tiled-gallery__gallery\"><div class=\"tiled-gallery__row\"><div class=\"tiled-gallery__col\" style=\"flex-basis:31.432981394322912%\"><figure class=\"tiled-gallery__item\"><img decoding=\"async\" alt=\"\" data-height=\"599\" data-id=\"25736\" data-link=\"https:\/\/jornalfatosenoticias.com.br\/?attachment_id=25736\" data-url=\"https:\/\/jornalfatosenoticias.com.br\/wp-content\/uploads\/2021\/12\/Coqueiral_Cultural_2021_Primeira_edicao-24.jpg\" data-width=\"1000\" src=\"https:\/\/i2.wp.com\/jornalfatosenoticias.com.br\/wp-content\/uploads\/2021\/12\/Coqueiral_Cultural_2021_Primeira_edicao-24.jpg?ssl=1\" layout=\"responsive\"\/><\/figure><\/div><div class=\"tiled-gallery__col\" style=\"flex-basis:35.550794741285266%\"><figure class=\"tiled-gallery__item\"><img decoding=\"async\" alt=\"\" data-height=\"529\" data-id=\"25737\" data-link=\"https:\/\/jornalfatosenoticias.com.br\/?attachment_id=25737\" data-url=\"https:\/\/jornalfatosenoticias.com.br\/wp-content\/uploads\/2021\/12\/Coqueiral_Cultural_2021_Primeira_edicao-29.jpg\" data-width=\"1000\" src=\"https:\/\/i2.wp.com\/jornalfatosenoticias.com.br\/wp-content\/uploads\/2021\/12\/Coqueiral_Cultural_2021_Primeira_edicao-29.jpg?ssl=1\" layout=\"responsive\"\/><\/figure><\/div><div class=\"tiled-gallery__col\" style=\"flex-basis:33.01622386439182%\"><figure class=\"tiled-gallery__item\"><img decoding=\"async\" alt=\"\" data-height=\"570\" data-id=\"25738\" data-link=\"https:\/\/jornalfatosenoticias.com.br\/?attachment_id=25738\" data-url=\"https:\/\/jornalfatosenoticias.com.br\/wp-content\/uploads\/2021\/12\/Coqueiral_Cultural_2021_Primeira_edicao-48.jpg\" data-width=\"1000\" src=\"https:\/\/i0.wp.com\/jornalfatosenoticias.com.br\/wp-content\/uploads\/2021\/12\/Coqueiral_Cultural_2021_Primeira_edicao-48.jpg?ssl=1\" layout=\"responsive\"\/><\/figure><\/div><\/div><\/div><\/div>\n\n\n\n<p><em><span class=\"has-inline-color has-black-color\">(Fotos: Paula Ki\u00e7ula Fotografia)<\/span><\/em><\/p>\n<\/div><\/div>\n\n\n\n<p>O Coqueiral Cultural conta com a parceria de Sister Personalizados, Paula Ki\u00e7ula Fotografia, Andreia Patr\u00edcio, RD Embalagens, Gregos Burguers e Amoc Coqueiral e o patroc\u00ednio de Becker, CMC Servi\u00e7os Industriais, Izabel Rossow Enfermeira Esteta, Molina Personal Studio, Meta x, Centro Educacional Praia da Costa e Clube da Orla.<\/p>\n\n\n\n<p><strong><span class=\"has-inline-color has-vivid-red-color\">Coqueiral Cultural<br><\/span><\/strong><span class=\"has-inline-color has-black-color\">11 de dezembro no Clube da Orla<br>A partir das 11h<br>Entrada gratuita<br>Instagram: @coqueiralcultural<\/span><\/p>\n","protected":false},"excerpt":{"rendered":"<p>Festival re\u00fane expositores de gastronomia, artes, artesanato, moda e servi\u00e7os Texto: Divulga\u00e7\u00e3o No pr\u00f3ximo s\u00e1bado (11), acontece a segunda edi\u00e7\u00e3o do Coqueiral Cultural, um festival de gastronomia, artes, artesanato, moda e servi\u00e7os, em Coqueiral de Aracruz. A partir das 11h, no Clube da Orla, com entrada gratuita, o evento ter\u00e1 m\u00fasica ao vivo, atividades infantis [&hellip;]<\/p>\n","protected":false},"author":2,"featured_media":25739,"comment_status":"open","ping_status":"open","sticky":false,"template":"","format":"standard","meta":{"footnotes":""},"categories":[4],"tags":[1431,4274,12424,12421,12423,12422],"class_list":["post-25732","post","type-post","status-publish","format-standard","has-post-thumbnail","hentry","category-cultura","tag-artes","tag-artesanato","tag-clube-da-orla","tag-coqueiral-cultural","tag-coqueiral-de-aracruz","tag-feira-de-gastronomia"],"yoast_head":"<!-- This site is optimized with the Yoast SEO plugin v26.5 - https:\/\/yoast.com\/wordpress\/plugins\/seo\/ -->\n<title>Coqueiral Cultural ganha edi\u00e7\u00e3o de Natal no Clube da Orla - Jornal Fatos e Not\u00edcias<\/title>\n<meta name=\"robots\" content=\"index, follow, max-snippet:-1, max-image-preview:large, max-video-preview:-1\" \/>\n<link rel=\"canonical\" href=\"https:\/\/jornalfatosenoticias.com.br\/index.php\/2021\/12\/09\/coqueiral-cultural-ganha-edicao-de-natal-no-clube-da-orla\/\" \/>\n<meta property=\"og:locale\" content=\"pt_BR\" \/>\n<meta property=\"og:type\" content=\"article\" \/>\n<meta property=\"og:title\" content=\"Coqueiral Cultural ganha edi\u00e7\u00e3o de Natal no Clube da Orla - Jornal Fatos e Not\u00edcias\" \/>\n<meta property=\"og:description\" content=\"Festival re\u00fane expositores de gastronomia, artes, artesanato, moda e servi\u00e7os Texto: Divulga\u00e7\u00e3o No pr\u00f3ximo s\u00e1bado (11), acontece a segunda edi\u00e7\u00e3o do Coqueiral Cultural, um festival de gastronomia, artes, artesanato, moda e servi\u00e7os, em Coqueiral de Aracruz. A partir das 11h, no Clube da Orla, com entrada gratuita, o evento ter\u00e1 m\u00fasica ao vivo, atividades infantis [&hellip;]\" \/>\n<meta property=\"og:url\" content=\"https:\/\/jornalfatosenoticias.com.br\/index.php\/2021\/12\/09\/coqueiral-cultural-ganha-edicao-de-natal-no-clube-da-orla\/\" \/>\n<meta property=\"og:site_name\" content=\"Jornal Fatos e Not\u00edcias\" \/>\n<meta property=\"article:published_time\" content=\"2021-12-09T18:41:35+00:00\" \/>\n<meta property=\"og:image\" content=\"https:\/\/jornalfatosenoticias.com.br\/wp-content\/uploads\/2021\/12\/Coqueiral_Cultural_2021_Primeira_edicao-21.jpg\" \/>\n\t<meta property=\"og:image:width\" content=\"1000\" \/>\n\t<meta property=\"og:image:height\" content=\"495\" \/>\n\t<meta property=\"og:image:type\" content=\"image\/jpeg\" \/>\n<meta name=\"author\" content=\"Luzimara Fernandes\" \/>\n<meta name=\"twitter:card\" content=\"summary_large_image\" \/>\n<meta name=\"twitter:label1\" content=\"Escrito por\" \/>\n\t<meta name=\"twitter:data1\" content=\"Luzimara Fernandes\" \/>\n\t<meta name=\"twitter:label2\" content=\"Est. tempo de leitura\" \/>\n\t<meta name=\"twitter:data2\" content=\"2 minutos\" \/>\n<script type=\"application\/ld+json\" class=\"yoast-schema-graph\">{\"@context\":\"https:\/\/schema.org\",\"@graph\":[{\"@type\":\"Article\",\"@id\":\"https:\/\/jornalfatosenoticias.com.br\/index.php\/2021\/12\/09\/coqueiral-cultural-ganha-edicao-de-natal-no-clube-da-orla\/#article\",\"isPartOf\":{\"@id\":\"https:\/\/jornalfatosenoticias.com.br\/index.php\/2021\/12\/09\/coqueiral-cultural-ganha-edicao-de-natal-no-clube-da-orla\/\"},\"author\":{\"name\":\"Luzimara Fernandes\",\"@id\":\"https:\/\/jornalfatosenoticias.com.br\/#\/schema\/person\/d63837fa13ac8666eb9e74e0985d6f81\"},\"headline\":\"Coqueiral Cultural ganha edi\u00e7\u00e3o de Natal no Clube da Orla\",\"datePublished\":\"2021-12-09T18:41:35+00:00\",\"mainEntityOfPage\":{\"@id\":\"https:\/\/jornalfatosenoticias.com.br\/index.php\/2021\/12\/09\/coqueiral-cultural-ganha-edicao-de-natal-no-clube-da-orla\/\"},\"wordCount\":314,\"commentCount\":0,\"publisher\":{\"@id\":\"https:\/\/jornalfatosenoticias.com.br\/#organization\"},\"image\":{\"@id\":\"https:\/\/jornalfatosenoticias.com.br\/index.php\/2021\/12\/09\/coqueiral-cultural-ganha-edicao-de-natal-no-clube-da-orla\/#primaryimage\"},\"thumbnailUrl\":\"https:\/\/jornalfatosenoticias.com.br\/wp-content\/uploads\/2021\/12\/Coqueiral_Cultural_2021_Primeira_edicao-21.jpg\",\"keywords\":[\"artes\",\"artesanato\",\"Clube da Orla\",\"Coqueiral Cultural\",\"Coqueiral de Aracruz\",\"feira de gastronomia\"],\"articleSection\":[\"Cultura\"],\"inLanguage\":\"pt-BR\",\"potentialAction\":[{\"@type\":\"CommentAction\",\"name\":\"Comment\",\"target\":[\"https:\/\/jornalfatosenoticias.com.br\/index.php\/2021\/12\/09\/coqueiral-cultural-ganha-edicao-de-natal-no-clube-da-orla\/#respond\"]}]},{\"@type\":\"WebPage\",\"@id\":\"https:\/\/jornalfatosenoticias.com.br\/index.php\/2021\/12\/09\/coqueiral-cultural-ganha-edicao-de-natal-no-clube-da-orla\/\",\"url\":\"https:\/\/jornalfatosenoticias.com.br\/index.php\/2021\/12\/09\/coqueiral-cultural-ganha-edicao-de-natal-no-clube-da-orla\/\",\"name\":\"Coqueiral Cultural ganha edi\u00e7\u00e3o de Natal no Clube da Orla - Jornal Fatos e Not\u00edcias\",\"isPartOf\":{\"@id\":\"https:\/\/jornalfatosenoticias.com.br\/#website\"},\"primaryImageOfPage\":{\"@id\":\"https:\/\/jornalfatosenoticias.com.br\/index.php\/2021\/12\/09\/coqueiral-cultural-ganha-edicao-de-natal-no-clube-da-orla\/#primaryimage\"},\"image\":{\"@id\":\"https:\/\/jornalfatosenoticias.com.br\/index.php\/2021\/12\/09\/coqueiral-cultural-ganha-edicao-de-natal-no-clube-da-orla\/#primaryimage\"},\"thumbnailUrl\":\"https:\/\/jornalfatosenoticias.com.br\/wp-content\/uploads\/2021\/12\/Coqueiral_Cultural_2021_Primeira_edicao-21.jpg\",\"datePublished\":\"2021-12-09T18:41:35+00:00\",\"breadcrumb\":{\"@id\":\"https:\/\/jornalfatosenoticias.com.br\/index.php\/2021\/12\/09\/coqueiral-cultural-ganha-edicao-de-natal-no-clube-da-orla\/#breadcrumb\"},\"inLanguage\":\"pt-BR\",\"potentialAction\":[{\"@type\":\"ReadAction\",\"target\":[\"https:\/\/jornalfatosenoticias.com.br\/index.php\/2021\/12\/09\/coqueiral-cultural-ganha-edicao-de-natal-no-clube-da-orla\/\"]}]},{\"@type\":\"ImageObject\",\"inLanguage\":\"pt-BR\",\"@id\":\"https:\/\/jornalfatosenoticias.com.br\/index.php\/2021\/12\/09\/coqueiral-cultural-ganha-edicao-de-natal-no-clube-da-orla\/#primaryimage\",\"url\":\"https:\/\/jornalfatosenoticias.com.br\/wp-content\/uploads\/2021\/12\/Coqueiral_Cultural_2021_Primeira_edicao-21.jpg\",\"contentUrl\":\"https:\/\/jornalfatosenoticias.com.br\/wp-content\/uploads\/2021\/12\/Coqueiral_Cultural_2021_Primeira_edicao-21.jpg\",\"width\":1000,\"height\":495},{\"@type\":\"BreadcrumbList\",\"@id\":\"https:\/\/jornalfatosenoticias.com.br\/index.php\/2021\/12\/09\/coqueiral-cultural-ganha-edicao-de-natal-no-clube-da-orla\/#breadcrumb\",\"itemListElement\":[{\"@type\":\"ListItem\",\"position\":1,\"name\":\"In\u00edcio\",\"item\":\"https:\/\/jornalfatosenoticias.com.br\/\"},{\"@type\":\"ListItem\",\"position\":2,\"name\":\"Coqueiral Cultural ganha edi\u00e7\u00e3o de Natal no Clube da Orla\"}]},{\"@type\":\"WebSite\",\"@id\":\"https:\/\/jornalfatosenoticias.com.br\/#website\",\"url\":\"https:\/\/jornalfatosenoticias.com.br\/\",\"name\":\"Jornal Fatos e Not\u00edcias\",\"description\":\"Not\u00edcias em geral\",\"publisher\":{\"@id\":\"https:\/\/jornalfatosenoticias.com.br\/#organization\"},\"potentialAction\":[{\"@type\":\"SearchAction\",\"target\":{\"@type\":\"EntryPoint\",\"urlTemplate\":\"https:\/\/jornalfatosenoticias.com.br\/?s={search_term_string}\"},\"query-input\":{\"@type\":\"PropertyValueSpecification\",\"valueRequired\":true,\"valueName\":\"search_term_string\"}}],\"inLanguage\":\"pt-BR\"},{\"@type\":\"Organization\",\"@id\":\"https:\/\/jornalfatosenoticias.com.br\/#organization\",\"name\":\"Jornal Fatos e Not\u00edcias\",\"url\":\"https:\/\/jornalfatosenoticias.com.br\/\",\"logo\":{\"@type\":\"ImageObject\",\"inLanguage\":\"pt-BR\",\"@id\":\"https:\/\/jornalfatosenoticias.com.br\/#\/schema\/logo\/image\/\",\"url\":\"https:\/\/jornalfatosenoticias.com.br\/wp-content\/uploads\/2020\/02\/logo120.png\",\"contentUrl\":\"https:\/\/jornalfatosenoticias.com.br\/wp-content\/uploads\/2020\/02\/logo120.png\",\"width\":1227,\"height\":120,\"caption\":\"Jornal Fatos e Not\u00edcias\"},\"image\":{\"@id\":\"https:\/\/jornalfatosenoticias.com.br\/#\/schema\/logo\/image\/\"}},{\"@type\":\"Person\",\"@id\":\"https:\/\/jornalfatosenoticias.com.br\/#\/schema\/person\/d63837fa13ac8666eb9e74e0985d6f81\",\"name\":\"Luzimara Fernandes\",\"image\":{\"@type\":\"ImageObject\",\"inLanguage\":\"pt-BR\",\"@id\":\"https:\/\/jornalfatosenoticias.com.br\/#\/schema\/person\/image\/\",\"url\":\"https:\/\/jornalfatosenoticias.com.br\/wp-content\/uploads\/2025\/05\/EU_portal.jpg\",\"contentUrl\":\"https:\/\/jornalfatosenoticias.com.br\/wp-content\/uploads\/2025\/05\/EU_portal.jpg\",\"caption\":\"Luzimara Fernandes\"},\"description\":\"Jornalista MTB 2358-ES\",\"sameAs\":[\"https:\/\/jornalfatosenoticias.com.br\"],\"url\":\"https:\/\/jornalfatosenoticias.com.br\/index.php\/author\/luzimara\/\"}]}<\/script>\n<!-- \/ Yoast SEO plugin. -->","yoast_head_json":{"title":"Coqueiral Cultural ganha edi\u00e7\u00e3o de Natal no Clube da Orla - Jornal Fatos e Not\u00edcias","robots":{"index":"index","follow":"follow","max-snippet":"max-snippet:-1","max-image-preview":"max-image-preview:large","max-video-preview":"max-video-preview:-1"},"canonical":"https:\/\/jornalfatosenoticias.com.br\/index.php\/2021\/12\/09\/coqueiral-cultural-ganha-edicao-de-natal-no-clube-da-orla\/","og_locale":"pt_BR","og_type":"article","og_title":"Coqueiral Cultural ganha edi\u00e7\u00e3o de Natal no Clube da Orla - Jornal Fatos e Not\u00edcias","og_description":"Festival re\u00fane expositores de gastronomia, artes, artesanato, moda e servi\u00e7os Texto: Divulga\u00e7\u00e3o No pr\u00f3ximo s\u00e1bado (11), acontece a segunda edi\u00e7\u00e3o do Coqueiral Cultural, um festival de gastronomia, artes, artesanato, moda e servi\u00e7os, em Coqueiral de Aracruz. A partir das 11h, no Clube da Orla, com entrada gratuita, o evento ter\u00e1 m\u00fasica ao vivo, atividades infantis [&hellip;]","og_url":"https:\/\/jornalfatosenoticias.com.br\/index.php\/2021\/12\/09\/coqueiral-cultural-ganha-edicao-de-natal-no-clube-da-orla\/","og_site_name":"Jornal Fatos e Not\u00edcias","article_published_time":"2021-12-09T18:41:35+00:00","og_image":[{"width":1000,"height":495,"url":"https:\/\/jornalfatosenoticias.com.br\/wp-content\/uploads\/2021\/12\/Coqueiral_Cultural_2021_Primeira_edicao-21.jpg","type":"image\/jpeg"}],"author":"Luzimara Fernandes","twitter_card":"summary_large_image","twitter_misc":{"Escrito por":"Luzimara Fernandes","Est. tempo de leitura":"2 minutos"},"schema":{"@context":"https:\/\/schema.org","@graph":[{"@type":"Article","@id":"https:\/\/jornalfatosenoticias.com.br\/index.php\/2021\/12\/09\/coqueiral-cultural-ganha-edicao-de-natal-no-clube-da-orla\/#article","isPartOf":{"@id":"https:\/\/jornalfatosenoticias.com.br\/index.php\/2021\/12\/09\/coqueiral-cultural-ganha-edicao-de-natal-no-clube-da-orla\/"},"author":{"name":"Luzimara Fernandes","@id":"https:\/\/jornalfatosenoticias.com.br\/#\/schema\/person\/d63837fa13ac8666eb9e74e0985d6f81"},"headline":"Coqueiral Cultural ganha edi\u00e7\u00e3o de Natal no Clube da Orla","datePublished":"2021-12-09T18:41:35+00:00","mainEntityOfPage":{"@id":"https:\/\/jornalfatosenoticias.com.br\/index.php\/2021\/12\/09\/coqueiral-cultural-ganha-edicao-de-natal-no-clube-da-orla\/"},"wordCount":314,"commentCount":0,"publisher":{"@id":"https:\/\/jornalfatosenoticias.com.br\/#organization"},"image":{"@id":"https:\/\/jornalfatosenoticias.com.br\/index.php\/2021\/12\/09\/coqueiral-cultural-ganha-edicao-de-natal-no-clube-da-orla\/#primaryimage"},"thumbnailUrl":"https:\/\/jornalfatosenoticias.com.br\/wp-content\/uploads\/2021\/12\/Coqueiral_Cultural_2021_Primeira_edicao-21.jpg","keywords":["artes","artesanato","Clube da Orla","Coqueiral Cultural","Coqueiral de Aracruz","feira de gastronomia"],"articleSection":["Cultura"],"inLanguage":"pt-BR","potentialAction":[{"@type":"CommentAction","name":"Comment","target":["https:\/\/jornalfatosenoticias.com.br\/index.php\/2021\/12\/09\/coqueiral-cultural-ganha-edicao-de-natal-no-clube-da-orla\/#respond"]}]},{"@type":"WebPage","@id":"https:\/\/jornalfatosenoticias.com.br\/index.php\/2021\/12\/09\/coqueiral-cultural-ganha-edicao-de-natal-no-clube-da-orla\/","url":"https:\/\/jornalfatosenoticias.com.br\/index.php\/2021\/12\/09\/coqueiral-cultural-ganha-edicao-de-natal-no-clube-da-orla\/","name":"Coqueiral Cultural ganha edi\u00e7\u00e3o de Natal no Clube da Orla - Jornal Fatos e Not\u00edcias","isPartOf":{"@id":"https:\/\/jornalfatosenoticias.com.br\/#website"},"primaryImageOfPage":{"@id":"https:\/\/jornalfatosenoticias.com.br\/index.php\/2021\/12\/09\/coqueiral-cultural-ganha-edicao-de-natal-no-clube-da-orla\/#primaryimage"},"image":{"@id":"https:\/\/jornalfatosenoticias.com.br\/index.php\/2021\/12\/09\/coqueiral-cultural-ganha-edicao-de-natal-no-clube-da-orla\/#primaryimage"},"thumbnailUrl":"https:\/\/jornalfatosenoticias.com.br\/wp-content\/uploads\/2021\/12\/Coqueiral_Cultural_2021_Primeira_edicao-21.jpg","datePublished":"2021-12-09T18:41:35+00:00","breadcrumb":{"@id":"https:\/\/jornalfatosenoticias.com.br\/index.php\/2021\/12\/09\/coqueiral-cultural-ganha-edicao-de-natal-no-clube-da-orla\/#breadcrumb"},"inLanguage":"pt-BR","potentialAction":[{"@type":"ReadAction","target":["https:\/\/jornalfatosenoticias.com.br\/index.php\/2021\/12\/09\/coqueiral-cultural-ganha-edicao-de-natal-no-clube-da-orla\/"]}]},{"@type":"ImageObject","inLanguage":"pt-BR","@id":"https:\/\/jornalfatosenoticias.com.br\/index.php\/2021\/12\/09\/coqueiral-cultural-ganha-edicao-de-natal-no-clube-da-orla\/#primaryimage","url":"https:\/\/jornalfatosenoticias.com.br\/wp-content\/uploads\/2021\/12\/Coqueiral_Cultural_2021_Primeira_edicao-21.jpg","contentUrl":"https:\/\/jornalfatosenoticias.com.br\/wp-content\/uploads\/2021\/12\/Coqueiral_Cultural_2021_Primeira_edicao-21.jpg","width":1000,"height":495},{"@type":"BreadcrumbList","@id":"https:\/\/jornalfatosenoticias.com.br\/index.php\/2021\/12\/09\/coqueiral-cultural-ganha-edicao-de-natal-no-clube-da-orla\/#breadcrumb","itemListElement":[{"@type":"ListItem","position":1,"name":"In\u00edcio","item":"https:\/\/jornalfatosenoticias.com.br\/"},{"@type":"ListItem","position":2,"name":"Coqueiral Cultural ganha edi\u00e7\u00e3o de Natal no Clube da Orla"}]},{"@type":"WebSite","@id":"https:\/\/jornalfatosenoticias.com.br\/#website","url":"https:\/\/jornalfatosenoticias.com.br\/","name":"Jornal Fatos e Not\u00edcias","description":"Not\u00edcias em geral","publisher":{"@id":"https:\/\/jornalfatosenoticias.com.br\/#organization"},"potentialAction":[{"@type":"SearchAction","target":{"@type":"EntryPoint","urlTemplate":"https:\/\/jornalfatosenoticias.com.br\/?s={search_term_string}"},"query-input":{"@type":"PropertyValueSpecification","valueRequired":true,"valueName":"search_term_string"}}],"inLanguage":"pt-BR"},{"@type":"Organization","@id":"https:\/\/jornalfatosenoticias.com.br\/#organization","name":"Jornal Fatos e Not\u00edcias","url":"https:\/\/jornalfatosenoticias.com.br\/","logo":{"@type":"ImageObject","inLanguage":"pt-BR","@id":"https:\/\/jornalfatosenoticias.com.br\/#\/schema\/logo\/image\/","url":"https:\/\/jornalfatosenoticias.com.br\/wp-content\/uploads\/2020\/02\/logo120.png","contentUrl":"https:\/\/jornalfatosenoticias.com.br\/wp-content\/uploads\/2020\/02\/logo120.png","width":1227,"height":120,"caption":"Jornal Fatos e Not\u00edcias"},"image":{"@id":"https:\/\/jornalfatosenoticias.com.br\/#\/schema\/logo\/image\/"}},{"@type":"Person","@id":"https:\/\/jornalfatosenoticias.com.br\/#\/schema\/person\/d63837fa13ac8666eb9e74e0985d6f81","name":"Luzimara Fernandes","image":{"@type":"ImageObject","inLanguage":"pt-BR","@id":"https:\/\/jornalfatosenoticias.com.br\/#\/schema\/person\/image\/","url":"https:\/\/jornalfatosenoticias.com.br\/wp-content\/uploads\/2025\/05\/EU_portal.jpg","contentUrl":"https:\/\/jornalfatosenoticias.com.br\/wp-content\/uploads\/2025\/05\/EU_portal.jpg","caption":"Luzimara Fernandes"},"description":"Jornalista MTB 2358-ES","sameAs":["https:\/\/jornalfatosenoticias.com.br"],"url":"https:\/\/jornalfatosenoticias.com.br\/index.php\/author\/luzimara\/"}]}},"cc_featured_image_caption":{"caption_text":"(Foto: Paula Ki\u00e7ula Fotografia) ","source_text":"","source_url":""},"jetpack_featured_media_url":"https:\/\/jornalfatosenoticias.com.br\/wp-content\/uploads\/2021\/12\/Coqueiral_Cultural_2021_Primeira_edicao-21.jpg","_links":{"self":[{"href":"https:\/\/jornalfatosenoticias.com.br\/index.php\/wp-json\/wp\/v2\/posts\/25732","targetHints":{"allow":["GET"]}}],"collection":[{"href":"https:\/\/jornalfatosenoticias.com.br\/index.php\/wp-json\/wp\/v2\/posts"}],"about":[{"href":"https:\/\/jornalfatosenoticias.com.br\/index.php\/wp-json\/wp\/v2\/types\/post"}],"author":[{"embeddable":true,"href":"https:\/\/jornalfatosenoticias.com.br\/index.php\/wp-json\/wp\/v2\/users\/2"}],"replies":[{"embeddable":true,"href":"https:\/\/jornalfatosenoticias.com.br\/index.php\/wp-json\/wp\/v2\/comments?post=25732"}],"version-history":[{"count":0,"href":"https:\/\/jornalfatosenoticias.com.br\/index.php\/wp-json\/wp\/v2\/posts\/25732\/revisions"}],"wp:featuredmedia":[{"embeddable":true,"href":"https:\/\/jornalfatosenoticias.com.br\/index.php\/wp-json\/wp\/v2\/media\/25739"}],"wp:attachment":[{"href":"https:\/\/jornalfatosenoticias.com.br\/index.php\/wp-json\/wp\/v2\/media?parent=25732"}],"wp:term":[{"taxonomy":"category","embeddable":true,"href":"https:\/\/jornalfatosenoticias.com.br\/index.php\/wp-json\/wp\/v2\/categories?post=25732"},{"taxonomy":"post_tag","embeddable":true,"href":"https:\/\/jornalfatosenoticias.com.br\/index.php\/wp-json\/wp\/v2\/tags?post=25732"}],"curies":[{"name":"wp","href":"https:\/\/api.w.org\/{rel}","templated":true}]}}