{"id":25741,"date":"2021-12-09T15:52:17","date_gmt":"2021-12-09T18:52:17","guid":{"rendered":"https:\/\/jornalfatosenoticias.com.br\/?p=25741"},"modified":"2021-12-09T15:52:22","modified_gmt":"2021-12-09T18:52:22","slug":"cartilha-traz-exercicios-para-melhorar-dor-de-cabeca-e-pescoco","status":"publish","type":"post","link":"https:\/\/jornalfatosenoticias.com.br\/index.php\/2021\/12\/09\/cartilha-traz-exercicios-para-melhorar-dor-de-cabeca-e-pescoco\/","title":{"rendered":"Cartilha traz exerc\u00edcios para melhorar dor de cabe\u00e7a e pesco\u00e7o"},"content":{"rendered":"\n<p><em><span class=\"has-inline-color has-black-color\">Material gratuito foi desenvolvido pela Faculdade de Medicina de Ribeir\u00e3o Preto<\/span><\/em><\/p>\n\n\n\n<p>Se voc\u00ea teve um dia dif\u00edcil ou uma noite maldormida pode sentir a chegada da tem\u00edvel dor de cabe\u00e7a. Apesar da condi\u00e7\u00e3o ser muito comum, as causas podem ser diferentes. Afinal, a Sociedade Brasileira de Cefaleia estima que existem mais de 150 tipos de cefaleia e um exemplo bem conhecido \u00e9 a enxaqueca, que pode ser incapacitante e diminuir a qualidade de vida de quem sofre com ela.<br>Para levar mais informa\u00e7\u00f5es sobre a condi\u00e7\u00e3o para a popula\u00e7\u00e3o, o <a href=\"http:\/\/dtmcefaleia.fmrp.usp.br\/index.php\" target=\"_blank\" rel=\"noreferrer noopener\">Grupo DTM e Cefaleia<\/a>\u00a0da Faculdade de Medicina de Ribeir\u00e3o Preto (FMRP) da USP desenvolveu, em parceria com a farmac\u00eautica Allergan da Abbvie, a\u00a0<a href=\"https:\/\/dtmcefaleia.activehosted.com\/f\/1\" target=\"_blank\" rel=\"noreferrer noopener\">Cartilha de Orienta\u00e7\u00e3o: Dores de Cabe\u00e7a e Pesco\u00e7o<\/a>. O material gratuito re\u00fane dicas para o entendimento da dor, como ter uma rotina de cuidados e dicas de exerc\u00edcios f\u00edsicos, alongamentos e automassagem que auxiliam na melhora da dor.<br>\u201cO tratamento da cefaleia vai depender do tipo de dor e os rem\u00e9dios prescritos pelo m\u00e9dico devem ser usados exatamente como recomendados. Mas, isoladamente, podem n\u00e3o funcionar, uma vez que a dor de cabe\u00e7a pode estar associada a outras condi\u00e7\u00f5es, como altera\u00e7\u00f5es ou disfun\u00e7\u00f5es musculoesquel\u00e9ticas. Para ter melhora do quadro, \u00e9 necess\u00e1rio adotar h\u00e1bitos saud\u00e1veis, usar ferramentas de autocuidado e buscar a orienta\u00e7\u00e3o da fisioterapia\u201d, conta a professora D\u00e9bora Grossi, professora da FMRP, fisioterapeuta e coordenadora do Grupo DTM e Cefaleia.<\/p>\n\n\n\n<figure class=\"wp-block-image size-large\"><img loading=\"lazy\" decoding=\"async\" width=\"1000\" height=\"525\" src=\"https:\/\/jornalfatosenoticias.com.br\/wp-content\/uploads\/2021\/12\/cartilha-dor-de-cabeca-2-1.jpg\" alt=\"\" class=\"wp-image-25743\" srcset=\"https:\/\/jornalfatosenoticias.com.br\/wp-content\/uploads\/2021\/12\/cartilha-dor-de-cabeca-2-1.jpg 1000w, https:\/\/jornalfatosenoticias.com.br\/wp-content\/uploads\/2021\/12\/cartilha-dor-de-cabeca-2-1-300x158.jpg 300w, https:\/\/jornalfatosenoticias.com.br\/wp-content\/uploads\/2021\/12\/cartilha-dor-de-cabeca-2-1-768x403.jpg 768w\" sizes=\"auto, (max-width: 1000px) 100vw, 1000px\" \/><figcaption><em><span class=\"has-inline-color has-black-color\">(Foto: Reprodu\u00e7\u00e3o\/Cartilha de Orienta\u00e7\u00e3o: Dores de Cabe\u00e7a e Pesco\u00e7o)<\/span><\/em><\/figcaption><\/figure>\n\n\n\n<p>Como h\u00e1 diversas causas e tipos, \u00e9 necess\u00e1rio procurar um m\u00e9dico especialista, preferencialmente um neurologista, para receber o diagn\u00f3stico e o tratamento adequado. Durante a consulta, o profissional precisar\u00e1 entender diversos aspectos, como: frequ\u00eancia das crises, sintomas da dor de cabe\u00e7a, medicamentos utilizados e poss\u00edveis suspeitas de fatores que podem desencadear a dor.<\/p>\n\n\n\n<blockquote class=\"wp-block-quote is-layout-flow wp-block-quote-is-layout-flow\"><p><span class=\"has-inline-color has-luminous-vivid-orange-color\">\u201c\u00c9 importante ter ajuda m\u00e9dica o quanto antes, pois quanto mais tempo a dor perdura, mais sens\u00edveis os nervos se tornam. Isso far\u00e1 com que o sistema nervoso produza a dor com maior facilidade. Tamb\u00e9m \u00e9 importante buscar fontes confi\u00e1veis de informa\u00e7\u00e3o para conhecer melhor a dor e consequ\u00eancias para sua sa\u00fade f\u00edsica e mental\u201d, afirma a fisioterapeuta.<\/span><\/p><\/blockquote>\n\n\n\n<p>Dessa forma, o tratamento multidisciplinar da dor de cabe\u00e7a pode ser muito ben\u00e9fico para a evolu\u00e7\u00e3o da dor. Afinal, a condi\u00e7\u00e3o pode ser desencadeada ou perpetuada por diversos fatores, como m\u00e1 postura, dores cervicais e Disfun\u00e7\u00e3o Temporomandibular (DTM), com dores da face e comprometimento da funcionalidade da boca. \u201cO paciente pode conversar com o m\u00e9dico e procurar um fisioterapeuta que possa aplicar um protocolo de tratamento voltado para a dor de cabe\u00e7a\u201d, completa.<\/p>\n\n\n\n<h4 class=\"wp-block-heading\"><strong><span class=\"has-inline-color has-black-color\">Autocuidado e dor de cabe\u00e7a<\/span><\/strong><\/h4>\n\n\n\n<figure class=\"wp-block-image size-large\"><img loading=\"lazy\" decoding=\"async\" width=\"1000\" height=\"701\" src=\"https:\/\/jornalfatosenoticias.com.br\/wp-content\/uploads\/2021\/12\/cartilha-dor-decabeca-christian-erfurt-unsplash-3.jpg\" alt=\"\" class=\"wp-image-25744\" srcset=\"https:\/\/jornalfatosenoticias.com.br\/wp-content\/uploads\/2021\/12\/cartilha-dor-decabeca-christian-erfurt-unsplash-3.jpg 1000w, https:\/\/jornalfatosenoticias.com.br\/wp-content\/uploads\/2021\/12\/cartilha-dor-decabeca-christian-erfurt-unsplash-3-300x210.jpg 300w, https:\/\/jornalfatosenoticias.com.br\/wp-content\/uploads\/2021\/12\/cartilha-dor-decabeca-christian-erfurt-unsplash-3-768x538.jpg 768w\" sizes=\"auto, (max-width: 1000px) 100vw, 1000px\" \/><figcaption><em><span class=\"has-inline-color has-black-color\">(Foto: Christian Erfurt\/Unsplash)<\/span><\/em><\/figcaption><\/figure>\n\n\n\n<p>Apesar de n\u00e3o substituir o atendimento m\u00e9dico e fisioter\u00e1pico, a professora D\u00e9bora explica que o paciente pode incluir um protocolo de atividades para promover o autoconhecimento e aliviar os sintomas. \u201cUma das estrat\u00e9gias mais recomendadas pelos m\u00e9dicos especialistas \u00e9 elaborar um di\u00e1rio da dor. Os registros no di\u00e1rio ir\u00e3o ajudar a monitorar e a registrar as caracter\u00edsticas das suas crises, bem como sua frequ\u00eancia e intensidade. Isso ir\u00e1 colaborar para o autoconhecimento\u201d, explica D\u00e9bora.<br>Outro recurso que pode ser feito em casa \u00e9 a respira\u00e7\u00e3o profunda que impacta os sintomas de estresse, depress\u00e3o e ansiedade. \u201cO estresse pode sobrecarregar a musculatura da face, do pesco\u00e7o e dos ombros. Com isso, essas regi\u00f5es ficam mais tensas e aumentam a chance de desencadear uma crise de enxaqueca e cervicalgia\u201d, conta D\u00e9bora.<br>A cartilha orienta sobre a maneira mais adequada de fazer a respira\u00e7\u00e3o profunda, al\u00e9m de ensinar 16 exerc\u00edcios, alongamentos e automassagem voltados para o relaxamento, equil\u00edbrio e estabiliza\u00e7\u00e3o. Al\u00e9m de ter imagens para mostrar o passo a passo, o grupo tamb\u00e9m gravou e disponibilizou conte\u00fados em v\u00eddeo.<\/p>\n\n\n\n<figure class=\"wp-block-embed-youtube wp-block-embed is-type-video is-provider-youtube wp-embed-aspect-16-9 wp-has-aspect-ratio\"><div class=\"wp-block-embed__wrapper\">\n<iframe loading=\"lazy\" title=\"Fisioterapia na Cefaleia e DTM - Prof\u00aa Dr\u00aa D\u00e9bora Bevilaqua Grossi\" width=\"660\" height=\"371\" src=\"https:\/\/www.youtube.com\/embed\/NSJIPbeR1Zs?feature=oembed\" frameborder=\"0\" allow=\"accelerometer; autoplay; clipboard-write; encrypted-media; gyroscope; picture-in-picture; web-share\" referrerpolicy=\"strict-origin-when-cross-origin\" allowfullscreen><\/iframe>\n<\/div><\/figure>\n\n\n\n<p><\/p>\n\n\n\n<p><strong><span class=\"has-inline-color has-black-color\">Postura e a dor de pesco\u00e7o<br><\/span><\/strong>A dor no pesco\u00e7o pode surgir se voc\u00ea faz trabalho repetitivo, tem postura incorreta por per\u00edodos longos, teve algum traumatismo na regi\u00e3o do pesco\u00e7o ou est\u00e1 passando por momentos de estresse. \u201cQuando a pessoa adota uma posi\u00e7\u00e3o inadequada, por\u00e9m mais confort\u00e1vel para determinado movimento, de forma cont\u00ednua, favorece com que se instale um v\u00edcio postural. Isso aumenta a sobrecarga no sistema musculoesquel\u00e9tico\u201d, explica a professora da FMRP.<\/p>\n\n\n\n<figure class=\"wp-block-image size-large\"><img loading=\"lazy\" decoding=\"async\" width=\"1000\" height=\"488\" src=\"https:\/\/jornalfatosenoticias.com.br\/wp-content\/uploads\/2021\/12\/cartilha-dor-de-cabeca-4.jpg\" alt=\"\" class=\"wp-image-25745\" srcset=\"https:\/\/jornalfatosenoticias.com.br\/wp-content\/uploads\/2021\/12\/cartilha-dor-de-cabeca-4.jpg 1000w, https:\/\/jornalfatosenoticias.com.br\/wp-content\/uploads\/2021\/12\/cartilha-dor-de-cabeca-4-300x146.jpg 300w, https:\/\/jornalfatosenoticias.com.br\/wp-content\/uploads\/2021\/12\/cartilha-dor-de-cabeca-4-768x375.jpg 768w\" sizes=\"auto, (max-width: 1000px) 100vw, 1000px\" \/><figcaption><em><span class=\"has-inline-color has-black-color\">(Foto: Reprodu\u00e7\u00e3o\/Cartilha de Orienta\u00e7\u00e3o: Dores de Cabe\u00e7a e Pesco\u00e7o)<\/span><\/em><\/figcaption><\/figure>\n\n\n\n<p>Dessa forma, a cartilha aponta erros e acertos na postura ao usar computador e celular atrav\u00e9s de ilustra\u00e7\u00f5es. A postura correta envolve o equil\u00edbrio entre todas as estruturas musculoesquel\u00e9ticas, protegendo partes do corpo respons\u00e1veis pela sustenta\u00e7\u00e3o, como pesco\u00e7o, ombros, joelhos, coluna e p\u00e9s.<\/p>\n\n\n\n<p><strong>Para acessar a Cartilha de Orienta\u00e7\u00e3o: Dores de Cabe\u00e7a e Pesco\u00e7o, clique\u00a0<a href=\"https:\/\/dtmcefaleia.activehosted.com\/f\/1\" target=\"_blank\" rel=\"noreferrer noopener\">AQUI<\/a>.<\/strong><\/p>\n\n\n\n<p><em><span class=\"has-inline-color has-black-color\"><strong>Foto de capa:<\/strong> Reprodu\u00e7\u00e3o\/Cartilha de Orienta\u00e7\u00e3o: Dores de Cabe\u00e7a e Pesco\u00e7o<\/span><\/em><\/p>\n\n\n\n<p><strong><em>Fonte: <a href=\"https:\/\/ciclovivo.com.br\/vida-sustentavel\/bem-estar\/cartilha-traz-exercicios-para-melhorar-dor-de-cabeca-e-pescoco\/\">CicloVivo<\/a><\/em><\/strong><\/p>\n","protected":false},"excerpt":{"rendered":"<p>Material gratuito foi desenvolvido pela Faculdade de Medicina de Ribeir\u00e3o Preto Se voc\u00ea teve um dia dif\u00edcil ou uma noite maldormida pode sentir a chegada da tem\u00edvel dor de cabe\u00e7a. Apesar da condi\u00e7\u00e3o ser muito comum, as causas podem ser diferentes. Afinal, a Sociedade Brasileira de Cefaleia estima que existem mais de 150 tipos de [&hellip;]<\/p>\n","protected":false},"author":2,"featured_media":25746,"comment_status":"open","ping_status":"open","sticky":false,"template":"","format":"standard","meta":{"footnotes":""},"categories":[42],"tags":[7623,6966,950,4437,12425,717],"class_list":["post-25741","post","type-post","status-publish","format-standard","has-post-thumbnail","hentry","category-bem-estar","tag-cartilha","tag-cefaleia","tag-crise","tag-dor-de-cabeca","tag-dor-de-pescoco","tag-sintomas"],"yoast_head":"<!-- This site is optimized with the Yoast SEO plugin v26.5 - https:\/\/yoast.com\/wordpress\/plugins\/seo\/ -->\n<title>Cartilha traz exerc\u00edcios para melhorar dor de cabe\u00e7a e pesco\u00e7o - Jornal Fatos e Not\u00edcias<\/title>\n<meta name=\"robots\" content=\"index, follow, max-snippet:-1, max-image-preview:large, max-video-preview:-1\" \/>\n<link rel=\"canonical\" href=\"https:\/\/jornalfatosenoticias.com.br\/index.php\/2021\/12\/09\/cartilha-traz-exercicios-para-melhorar-dor-de-cabeca-e-pescoco\/\" \/>\n<meta property=\"og:locale\" content=\"pt_BR\" \/>\n<meta property=\"og:type\" content=\"article\" \/>\n<meta property=\"og:title\" content=\"Cartilha traz exerc\u00edcios para melhorar dor de cabe\u00e7a e pesco\u00e7o - Jornal Fatos e Not\u00edcias\" \/>\n<meta property=\"og:description\" content=\"Material gratuito foi desenvolvido pela Faculdade de Medicina de Ribeir\u00e3o Preto Se voc\u00ea teve um dia dif\u00edcil ou uma noite maldormida pode sentir a chegada da tem\u00edvel dor de cabe\u00e7a. Apesar da condi\u00e7\u00e3o ser muito comum, as causas podem ser diferentes. Afinal, a Sociedade Brasileira de Cefaleia estima que existem mais de 150 tipos de [&hellip;]\" \/>\n<meta property=\"og:url\" content=\"https:\/\/jornalfatosenoticias.com.br\/index.php\/2021\/12\/09\/cartilha-traz-exercicios-para-melhorar-dor-de-cabeca-e-pescoco\/\" \/>\n<meta property=\"og:site_name\" content=\"Jornal Fatos e Not\u00edcias\" \/>\n<meta property=\"article:published_time\" content=\"2021-12-09T18:52:17+00:00\" \/>\n<meta property=\"article:modified_time\" content=\"2021-12-09T18:52:22+00:00\" \/>\n<meta property=\"og:image\" content=\"https:\/\/jornalfatosenoticias.com.br\/wp-content\/uploads\/2021\/12\/cartilha-dor-de-cabeca-1.jpg\" \/>\n\t<meta property=\"og:image:width\" content=\"1000\" \/>\n\t<meta property=\"og:image:height\" content=\"645\" \/>\n\t<meta property=\"og:image:type\" content=\"image\/jpeg\" \/>\n<meta name=\"author\" content=\"Luzimara Fernandes\" \/>\n<meta name=\"twitter:card\" content=\"summary_large_image\" \/>\n<meta name=\"twitter:label1\" content=\"Escrito por\" \/>\n\t<meta name=\"twitter:data1\" content=\"Luzimara Fernandes\" \/>\n\t<meta name=\"twitter:label2\" content=\"Est. tempo de leitura\" \/>\n\t<meta name=\"twitter:data2\" content=\"4 minutos\" \/>\n<script type=\"application\/ld+json\" class=\"yoast-schema-graph\">{\"@context\":\"https:\/\/schema.org\",\"@graph\":[{\"@type\":\"Article\",\"@id\":\"https:\/\/jornalfatosenoticias.com.br\/index.php\/2021\/12\/09\/cartilha-traz-exercicios-para-melhorar-dor-de-cabeca-e-pescoco\/#article\",\"isPartOf\":{\"@id\":\"https:\/\/jornalfatosenoticias.com.br\/index.php\/2021\/12\/09\/cartilha-traz-exercicios-para-melhorar-dor-de-cabeca-e-pescoco\/\"},\"author\":{\"name\":\"Luzimara Fernandes\",\"@id\":\"https:\/\/jornalfatosenoticias.com.br\/#\/schema\/person\/d63837fa13ac8666eb9e74e0985d6f81\"},\"headline\":\"Cartilha traz exerc\u00edcios para melhorar dor de cabe\u00e7a e pesco\u00e7o\",\"datePublished\":\"2021-12-09T18:52:17+00:00\",\"dateModified\":\"2021-12-09T18:52:22+00:00\",\"mainEntityOfPage\":{\"@id\":\"https:\/\/jornalfatosenoticias.com.br\/index.php\/2021\/12\/09\/cartilha-traz-exercicios-para-melhorar-dor-de-cabeca-e-pescoco\/\"},\"wordCount\":893,\"commentCount\":0,\"publisher\":{\"@id\":\"https:\/\/jornalfatosenoticias.com.br\/#organization\"},\"image\":{\"@id\":\"https:\/\/jornalfatosenoticias.com.br\/index.php\/2021\/12\/09\/cartilha-traz-exercicios-para-melhorar-dor-de-cabeca-e-pescoco\/#primaryimage\"},\"thumbnailUrl\":\"https:\/\/jornalfatosenoticias.com.br\/wp-content\/uploads\/2021\/12\/cartilha-dor-de-cabeca-1.jpg\",\"keywords\":[\"cartilha\",\"cefaleia\",\"crise\",\"dor de cabe\u00e7a\",\"dor de pesco\u00e7o\",\"sintomas\"],\"articleSection\":[\"Bem-estar\"],\"inLanguage\":\"pt-BR\",\"potentialAction\":[{\"@type\":\"CommentAction\",\"name\":\"Comment\",\"target\":[\"https:\/\/jornalfatosenoticias.com.br\/index.php\/2021\/12\/09\/cartilha-traz-exercicios-para-melhorar-dor-de-cabeca-e-pescoco\/#respond\"]}]},{\"@type\":\"WebPage\",\"@id\":\"https:\/\/jornalfatosenoticias.com.br\/index.php\/2021\/12\/09\/cartilha-traz-exercicios-para-melhorar-dor-de-cabeca-e-pescoco\/\",\"url\":\"https:\/\/jornalfatosenoticias.com.br\/index.php\/2021\/12\/09\/cartilha-traz-exercicios-para-melhorar-dor-de-cabeca-e-pescoco\/\",\"name\":\"Cartilha traz exerc\u00edcios para melhorar dor de cabe\u00e7a e pesco\u00e7o - Jornal Fatos e Not\u00edcias\",\"isPartOf\":{\"@id\":\"https:\/\/jornalfatosenoticias.com.br\/#website\"},\"primaryImageOfPage\":{\"@id\":\"https:\/\/jornalfatosenoticias.com.br\/index.php\/2021\/12\/09\/cartilha-traz-exercicios-para-melhorar-dor-de-cabeca-e-pescoco\/#primaryimage\"},\"image\":{\"@id\":\"https:\/\/jornalfatosenoticias.com.br\/index.php\/2021\/12\/09\/cartilha-traz-exercicios-para-melhorar-dor-de-cabeca-e-pescoco\/#primaryimage\"},\"thumbnailUrl\":\"https:\/\/jornalfatosenoticias.com.br\/wp-content\/uploads\/2021\/12\/cartilha-dor-de-cabeca-1.jpg\",\"datePublished\":\"2021-12-09T18:52:17+00:00\",\"dateModified\":\"2021-12-09T18:52:22+00:00\",\"breadcrumb\":{\"@id\":\"https:\/\/jornalfatosenoticias.com.br\/index.php\/2021\/12\/09\/cartilha-traz-exercicios-para-melhorar-dor-de-cabeca-e-pescoco\/#breadcrumb\"},\"inLanguage\":\"pt-BR\",\"potentialAction\":[{\"@type\":\"ReadAction\",\"target\":[\"https:\/\/jornalfatosenoticias.com.br\/index.php\/2021\/12\/09\/cartilha-traz-exercicios-para-melhorar-dor-de-cabeca-e-pescoco\/\"]}]},{\"@type\":\"ImageObject\",\"inLanguage\":\"pt-BR\",\"@id\":\"https:\/\/jornalfatosenoticias.com.br\/index.php\/2021\/12\/09\/cartilha-traz-exercicios-para-melhorar-dor-de-cabeca-e-pescoco\/#primaryimage\",\"url\":\"https:\/\/jornalfatosenoticias.com.br\/wp-content\/uploads\/2021\/12\/cartilha-dor-de-cabeca-1.jpg\",\"contentUrl\":\"https:\/\/jornalfatosenoticias.com.br\/wp-content\/uploads\/2021\/12\/cartilha-dor-de-cabeca-1.jpg\",\"width\":1000,\"height\":645},{\"@type\":\"BreadcrumbList\",\"@id\":\"https:\/\/jornalfatosenoticias.com.br\/index.php\/2021\/12\/09\/cartilha-traz-exercicios-para-melhorar-dor-de-cabeca-e-pescoco\/#breadcrumb\",\"itemListElement\":[{\"@type\":\"ListItem\",\"position\":1,\"name\":\"In\u00edcio\",\"item\":\"https:\/\/jornalfatosenoticias.com.br\/\"},{\"@type\":\"ListItem\",\"position\":2,\"name\":\"Cartilha traz exerc\u00edcios para melhorar dor de cabe\u00e7a e pesco\u00e7o\"}]},{\"@type\":\"WebSite\",\"@id\":\"https:\/\/jornalfatosenoticias.com.br\/#website\",\"url\":\"https:\/\/jornalfatosenoticias.com.br\/\",\"name\":\"Jornal Fatos e Not\u00edcias\",\"description\":\"Not\u00edcias em geral\",\"publisher\":{\"@id\":\"https:\/\/jornalfatosenoticias.com.br\/#organization\"},\"potentialAction\":[{\"@type\":\"SearchAction\",\"target\":{\"@type\":\"EntryPoint\",\"urlTemplate\":\"https:\/\/jornalfatosenoticias.com.br\/?s={search_term_string}\"},\"query-input\":{\"@type\":\"PropertyValueSpecification\",\"valueRequired\":true,\"valueName\":\"search_term_string\"}}],\"inLanguage\":\"pt-BR\"},{\"@type\":\"Organization\",\"@id\":\"https:\/\/jornalfatosenoticias.com.br\/#organization\",\"name\":\"Jornal Fatos e Not\u00edcias\",\"url\":\"https:\/\/jornalfatosenoticias.com.br\/\",\"logo\":{\"@type\":\"ImageObject\",\"inLanguage\":\"pt-BR\",\"@id\":\"https:\/\/jornalfatosenoticias.com.br\/#\/schema\/logo\/image\/\",\"url\":\"https:\/\/jornalfatosenoticias.com.br\/wp-content\/uploads\/2020\/02\/logo120.png\",\"contentUrl\":\"https:\/\/jornalfatosenoticias.com.br\/wp-content\/uploads\/2020\/02\/logo120.png\",\"width\":1227,\"height\":120,\"caption\":\"Jornal Fatos e Not\u00edcias\"},\"image\":{\"@id\":\"https:\/\/jornalfatosenoticias.com.br\/#\/schema\/logo\/image\/\"}},{\"@type\":\"Person\",\"@id\":\"https:\/\/jornalfatosenoticias.com.br\/#\/schema\/person\/d63837fa13ac8666eb9e74e0985d6f81\",\"name\":\"Luzimara Fernandes\",\"image\":{\"@type\":\"ImageObject\",\"inLanguage\":\"pt-BR\",\"@id\":\"https:\/\/jornalfatosenoticias.com.br\/#\/schema\/person\/image\/\",\"url\":\"https:\/\/jornalfatosenoticias.com.br\/wp-content\/uploads\/2025\/05\/EU_portal.jpg\",\"contentUrl\":\"https:\/\/jornalfatosenoticias.com.br\/wp-content\/uploads\/2025\/05\/EU_portal.jpg\",\"caption\":\"Luzimara Fernandes\"},\"description\":\"Jornalista MTB 2358-ES\",\"sameAs\":[\"https:\/\/jornalfatosenoticias.com.br\"],\"url\":\"https:\/\/jornalfatosenoticias.com.br\/index.php\/author\/luzimara\/\"}]}<\/script>\n<!-- \/ Yoast SEO plugin. -->","yoast_head_json":{"title":"Cartilha traz exerc\u00edcios para melhorar dor de cabe\u00e7a e pesco\u00e7o - Jornal Fatos e Not\u00edcias","robots":{"index":"index","follow":"follow","max-snippet":"max-snippet:-1","max-image-preview":"max-image-preview:large","max-video-preview":"max-video-preview:-1"},"canonical":"https:\/\/jornalfatosenoticias.com.br\/index.php\/2021\/12\/09\/cartilha-traz-exercicios-para-melhorar-dor-de-cabeca-e-pescoco\/","og_locale":"pt_BR","og_type":"article","og_title":"Cartilha traz exerc\u00edcios para melhorar dor de cabe\u00e7a e pesco\u00e7o - Jornal Fatos e Not\u00edcias","og_description":"Material gratuito foi desenvolvido pela Faculdade de Medicina de Ribeir\u00e3o Preto Se voc\u00ea teve um dia dif\u00edcil ou uma noite maldormida pode sentir a chegada da tem\u00edvel dor de cabe\u00e7a. Apesar da condi\u00e7\u00e3o ser muito comum, as causas podem ser diferentes. Afinal, a Sociedade Brasileira de Cefaleia estima que existem mais de 150 tipos de [&hellip;]","og_url":"https:\/\/jornalfatosenoticias.com.br\/index.php\/2021\/12\/09\/cartilha-traz-exercicios-para-melhorar-dor-de-cabeca-e-pescoco\/","og_site_name":"Jornal Fatos e Not\u00edcias","article_published_time":"2021-12-09T18:52:17+00:00","article_modified_time":"2021-12-09T18:52:22+00:00","og_image":[{"width":1000,"height":645,"url":"https:\/\/jornalfatosenoticias.com.br\/wp-content\/uploads\/2021\/12\/cartilha-dor-de-cabeca-1.jpg","type":"image\/jpeg"}],"author":"Luzimara Fernandes","twitter_card":"summary_large_image","twitter_misc":{"Escrito por":"Luzimara Fernandes","Est. tempo de leitura":"4 minutos"},"schema":{"@context":"https:\/\/schema.org","@graph":[{"@type":"Article","@id":"https:\/\/jornalfatosenoticias.com.br\/index.php\/2021\/12\/09\/cartilha-traz-exercicios-para-melhorar-dor-de-cabeca-e-pescoco\/#article","isPartOf":{"@id":"https:\/\/jornalfatosenoticias.com.br\/index.php\/2021\/12\/09\/cartilha-traz-exercicios-para-melhorar-dor-de-cabeca-e-pescoco\/"},"author":{"name":"Luzimara Fernandes","@id":"https:\/\/jornalfatosenoticias.com.br\/#\/schema\/person\/d63837fa13ac8666eb9e74e0985d6f81"},"headline":"Cartilha traz exerc\u00edcios para melhorar dor de cabe\u00e7a e pesco\u00e7o","datePublished":"2021-12-09T18:52:17+00:00","dateModified":"2021-12-09T18:52:22+00:00","mainEntityOfPage":{"@id":"https:\/\/jornalfatosenoticias.com.br\/index.php\/2021\/12\/09\/cartilha-traz-exercicios-para-melhorar-dor-de-cabeca-e-pescoco\/"},"wordCount":893,"commentCount":0,"publisher":{"@id":"https:\/\/jornalfatosenoticias.com.br\/#organization"},"image":{"@id":"https:\/\/jornalfatosenoticias.com.br\/index.php\/2021\/12\/09\/cartilha-traz-exercicios-para-melhorar-dor-de-cabeca-e-pescoco\/#primaryimage"},"thumbnailUrl":"https:\/\/jornalfatosenoticias.com.br\/wp-content\/uploads\/2021\/12\/cartilha-dor-de-cabeca-1.jpg","keywords":["cartilha","cefaleia","crise","dor de cabe\u00e7a","dor de pesco\u00e7o","sintomas"],"articleSection":["Bem-estar"],"inLanguage":"pt-BR","potentialAction":[{"@type":"CommentAction","name":"Comment","target":["https:\/\/jornalfatosenoticias.com.br\/index.php\/2021\/12\/09\/cartilha-traz-exercicios-para-melhorar-dor-de-cabeca-e-pescoco\/#respond"]}]},{"@type":"WebPage","@id":"https:\/\/jornalfatosenoticias.com.br\/index.php\/2021\/12\/09\/cartilha-traz-exercicios-para-melhorar-dor-de-cabeca-e-pescoco\/","url":"https:\/\/jornalfatosenoticias.com.br\/index.php\/2021\/12\/09\/cartilha-traz-exercicios-para-melhorar-dor-de-cabeca-e-pescoco\/","name":"Cartilha traz exerc\u00edcios para melhorar dor de cabe\u00e7a e pesco\u00e7o - Jornal Fatos e Not\u00edcias","isPartOf":{"@id":"https:\/\/jornalfatosenoticias.com.br\/#website"},"primaryImageOfPage":{"@id":"https:\/\/jornalfatosenoticias.com.br\/index.php\/2021\/12\/09\/cartilha-traz-exercicios-para-melhorar-dor-de-cabeca-e-pescoco\/#primaryimage"},"image":{"@id":"https:\/\/jornalfatosenoticias.com.br\/index.php\/2021\/12\/09\/cartilha-traz-exercicios-para-melhorar-dor-de-cabeca-e-pescoco\/#primaryimage"},"thumbnailUrl":"https:\/\/jornalfatosenoticias.com.br\/wp-content\/uploads\/2021\/12\/cartilha-dor-de-cabeca-1.jpg","datePublished":"2021-12-09T18:52:17+00:00","dateModified":"2021-12-09T18:52:22+00:00","breadcrumb":{"@id":"https:\/\/jornalfatosenoticias.com.br\/index.php\/2021\/12\/09\/cartilha-traz-exercicios-para-melhorar-dor-de-cabeca-e-pescoco\/#breadcrumb"},"inLanguage":"pt-BR","potentialAction":[{"@type":"ReadAction","target":["https:\/\/jornalfatosenoticias.com.br\/index.php\/2021\/12\/09\/cartilha-traz-exercicios-para-melhorar-dor-de-cabeca-e-pescoco\/"]}]},{"@type":"ImageObject","inLanguage":"pt-BR","@id":"https:\/\/jornalfatosenoticias.com.br\/index.php\/2021\/12\/09\/cartilha-traz-exercicios-para-melhorar-dor-de-cabeca-e-pescoco\/#primaryimage","url":"https:\/\/jornalfatosenoticias.com.br\/wp-content\/uploads\/2021\/12\/cartilha-dor-de-cabeca-1.jpg","contentUrl":"https:\/\/jornalfatosenoticias.com.br\/wp-content\/uploads\/2021\/12\/cartilha-dor-de-cabeca-1.jpg","width":1000,"height":645},{"@type":"BreadcrumbList","@id":"https:\/\/jornalfatosenoticias.com.br\/index.php\/2021\/12\/09\/cartilha-traz-exercicios-para-melhorar-dor-de-cabeca-e-pescoco\/#breadcrumb","itemListElement":[{"@type":"ListItem","position":1,"name":"In\u00edcio","item":"https:\/\/jornalfatosenoticias.com.br\/"},{"@type":"ListItem","position":2,"name":"Cartilha traz exerc\u00edcios para melhorar dor de cabe\u00e7a e pesco\u00e7o"}]},{"@type":"WebSite","@id":"https:\/\/jornalfatosenoticias.com.br\/#website","url":"https:\/\/jornalfatosenoticias.com.br\/","name":"Jornal Fatos e Not\u00edcias","description":"Not\u00edcias em geral","publisher":{"@id":"https:\/\/jornalfatosenoticias.com.br\/#organization"},"potentialAction":[{"@type":"SearchAction","target":{"@type":"EntryPoint","urlTemplate":"https:\/\/jornalfatosenoticias.com.br\/?s={search_term_string}"},"query-input":{"@type":"PropertyValueSpecification","valueRequired":true,"valueName":"search_term_string"}}],"inLanguage":"pt-BR"},{"@type":"Organization","@id":"https:\/\/jornalfatosenoticias.com.br\/#organization","name":"Jornal Fatos e Not\u00edcias","url":"https:\/\/jornalfatosenoticias.com.br\/","logo":{"@type":"ImageObject","inLanguage":"pt-BR","@id":"https:\/\/jornalfatosenoticias.com.br\/#\/schema\/logo\/image\/","url":"https:\/\/jornalfatosenoticias.com.br\/wp-content\/uploads\/2020\/02\/logo120.png","contentUrl":"https:\/\/jornalfatosenoticias.com.br\/wp-content\/uploads\/2020\/02\/logo120.png","width":1227,"height":120,"caption":"Jornal Fatos e Not\u00edcias"},"image":{"@id":"https:\/\/jornalfatosenoticias.com.br\/#\/schema\/logo\/image\/"}},{"@type":"Person","@id":"https:\/\/jornalfatosenoticias.com.br\/#\/schema\/person\/d63837fa13ac8666eb9e74e0985d6f81","name":"Luzimara Fernandes","image":{"@type":"ImageObject","inLanguage":"pt-BR","@id":"https:\/\/jornalfatosenoticias.com.br\/#\/schema\/person\/image\/","url":"https:\/\/jornalfatosenoticias.com.br\/wp-content\/uploads\/2025\/05\/EU_portal.jpg","contentUrl":"https:\/\/jornalfatosenoticias.com.br\/wp-content\/uploads\/2025\/05\/EU_portal.jpg","caption":"Luzimara Fernandes"},"description":"Jornalista MTB 2358-ES","sameAs":["https:\/\/jornalfatosenoticias.com.br"],"url":"https:\/\/jornalfatosenoticias.com.br\/index.php\/author\/luzimara\/"}]}},"cc_featured_image_caption":{"caption_text":"","source_text":"","source_url":""},"jetpack_featured_media_url":"https:\/\/jornalfatosenoticias.com.br\/wp-content\/uploads\/2021\/12\/cartilha-dor-de-cabeca-1.jpg","_links":{"self":[{"href":"https:\/\/jornalfatosenoticias.com.br\/index.php\/wp-json\/wp\/v2\/posts\/25741","targetHints":{"allow":["GET"]}}],"collection":[{"href":"https:\/\/jornalfatosenoticias.com.br\/index.php\/wp-json\/wp\/v2\/posts"}],"about":[{"href":"https:\/\/jornalfatosenoticias.com.br\/index.php\/wp-json\/wp\/v2\/types\/post"}],"author":[{"embeddable":true,"href":"https:\/\/jornalfatosenoticias.com.br\/index.php\/wp-json\/wp\/v2\/users\/2"}],"replies":[{"embeddable":true,"href":"https:\/\/jornalfatosenoticias.com.br\/index.php\/wp-json\/wp\/v2\/comments?post=25741"}],"version-history":[{"count":0,"href":"https:\/\/jornalfatosenoticias.com.br\/index.php\/wp-json\/wp\/v2\/posts\/25741\/revisions"}],"wp:featuredmedia":[{"embeddable":true,"href":"https:\/\/jornalfatosenoticias.com.br\/index.php\/wp-json\/wp\/v2\/media\/25746"}],"wp:attachment":[{"href":"https:\/\/jornalfatosenoticias.com.br\/index.php\/wp-json\/wp\/v2\/media?parent=25741"}],"wp:term":[{"taxonomy":"category","embeddable":true,"href":"https:\/\/jornalfatosenoticias.com.br\/index.php\/wp-json\/wp\/v2\/categories?post=25741"},{"taxonomy":"post_tag","embeddable":true,"href":"https:\/\/jornalfatosenoticias.com.br\/index.php\/wp-json\/wp\/v2\/tags?post=25741"}],"curies":[{"name":"wp","href":"https:\/\/api.w.org\/{rel}","templated":true}]}}