{"id":2575,"date":"2020-03-31T10:36:48","date_gmt":"2020-03-31T13:36:48","guid":{"rendered":"https:\/\/jornalfatosenoticias.com.br\/?p=2575"},"modified":"2020-03-31T10:36:53","modified_gmt":"2020-03-31T13:36:53","slug":"ong-acusa-grecia-de-deter-migrantes-em-condicoes-inaceitaveis","status":"publish","type":"post","link":"https:\/\/jornalfatosenoticias.com.br\/index.php\/2020\/03\/31\/ong-acusa-grecia-de-deter-migrantes-em-condicoes-inaceitaveis\/","title":{"rendered":"ONG acusa Gr\u00e9cia de deter migrantes em condi\u00e7\u00f5es inaceit\u00e1veis"},"content":{"rendered":"\n<h6 class=\"wp-block-heading\"><em>Situa\u00e7\u00e3o pode potencializar pandemia de covid-19<\/em><\/h6>\n\n\n\n<p>A organiza\u00e7\u00e3o n\u00e3o governamental (ONG) Human Rights Watch (HRW) acusou hoje (31) as autoridades gregas de deterem arbitrariamente quase dois mil migrantes em condi\u00e7\u00f5es inaceit\u00e1veis, que podem potencializar a pandemia de covid-19, negando-lhes o direito de apresentar pedidos de asilo.<\/p>\n\n\n\n<blockquote class=\"wp-block-quote is-layout-flow wp-block-quote-is-layout-flow\"><p> For\u00e7ar as pessoas, algumas das quais com alto risco de doen\u00e7a grave ou morte, a viver em condi\u00e7\u00f5es insalubres sujas e apertadas \u00e9 uma receita para espalhar o v\u00edrus, sem mencionar que \u00e9 degradante e desumano <\/p><\/blockquote>\n\n\n\n<p><br> Segundo a ONG, as autoridades afirmam que mant\u00eam os rec\u00e9m-chegados, incluindo crian\u00e7as, pessoas com defici\u00eancia, idosos e mulheres gr\u00e1vidas, em quarentena devido \u00e0 pandemia de covid-19. A organiza\u00e7\u00e3o alega, no entanto, que &#8220;a aus\u00eancia de precau\u00e7\u00f5es b\u00e1sicas de sa\u00fade provavelmente ir\u00e1 ajudar o v\u00edrus a espalhar-se&#8221;.<br> &#8220;For\u00e7ar as pessoas, algumas das quais com alto risco de doen\u00e7a grave ou morte, a viver em condi\u00e7\u00f5es insalubres sujas e apertadas \u00e9 uma receita para espalhar o v\u00edrus, sem mencionar que \u00e9 degradante e desumano&#8221;, afirmou Belkis Wille, da HRW.<br> O novo coronav\u00edrus, respons\u00e1vel pela pandemia de covid-19, j\u00e1 infectou mais de 750 mil pessoas em todo o mundo, das quais morreram mais de 36 mil.<br> Dos casos de infe\u00e7\u00e3o, pelo menos 148.500 s\u00e3o considerados curados.<br> Depois de surgir na China, em dezembro, o surto espalhou-se por todo o mundo, o que levou a Organiza\u00e7\u00e3o Mundial da Sa\u00fade (OMS) a declarar situa\u00e7\u00e3o de pandemia.<\/p>\n\n\n\n<p><em><strong>Fonte: <a href=\"https:\/\/agenciabrasil.ebc.com.br\/internacional\/noticia\/2020-03\/ong-acusa-grecia-de-deter-migrantes-em-condicoes-inaceitaveis\">Ag\u00eancia Brasil<\/a><\/strong><\/em><\/p>\n","protected":false},"excerpt":{"rendered":"<p>Situa\u00e7\u00e3o pode potencializar pandemia de covid-19 A organiza\u00e7\u00e3o n\u00e3o governamental (ONG) Human Rights Watch (HRW) acusou hoje (31) as autoridades gregas de deterem arbitrariamente quase dois mil migrantes em condi\u00e7\u00f5es inaceit\u00e1veis, que podem potencializar a pandemia de covid-19, negando-lhes o direito de apresentar pedidos de asilo. For\u00e7ar as pessoas, algumas das quais com alto risco [&hellip;]<\/p>\n","protected":false},"author":2,"featured_media":2578,"comment_status":"open","ping_status":"open","sticky":false,"template":"","format":"standard","meta":{"footnotes":""},"categories":[41],"tags":[1214,668,1213,1215,89,775],"class_list":["post-2575","post","type-post","status-publish","format-standard","has-post-thumbnail","hentry","category-internacional","tag-acusacao","tag-grecia","tag-human-rights-watch","tag-migrantes","tag-oms","tag-ong"],"yoast_head":"<!-- This site is optimized with the Yoast SEO plugin v26.5 - https:\/\/yoast.com\/wordpress\/plugins\/seo\/ -->\n<title>ONG acusa Gr\u00e9cia de deter migrantes em condi\u00e7\u00f5es inaceit\u00e1veis - Jornal Fatos e Not\u00edcias<\/title>\n<meta name=\"robots\" content=\"index, follow, max-snippet:-1, max-image-preview:large, max-video-preview:-1\" \/>\n<link rel=\"canonical\" href=\"https:\/\/jornalfatosenoticias.com.br\/index.php\/2020\/03\/31\/ong-acusa-grecia-de-deter-migrantes-em-condicoes-inaceitaveis\/\" \/>\n<meta property=\"og:locale\" content=\"pt_BR\" \/>\n<meta property=\"og:type\" content=\"article\" \/>\n<meta property=\"og:title\" content=\"ONG acusa Gr\u00e9cia de deter migrantes em condi\u00e7\u00f5es inaceit\u00e1veis - Jornal Fatos e Not\u00edcias\" \/>\n<meta property=\"og:description\" content=\"Situa\u00e7\u00e3o pode potencializar pandemia de covid-19 A organiza\u00e7\u00e3o n\u00e3o governamental (ONG) Human Rights Watch (HRW) acusou hoje (31) as autoridades gregas de deterem arbitrariamente quase dois mil migrantes em condi\u00e7\u00f5es inaceit\u00e1veis, que podem potencializar a pandemia de covid-19, negando-lhes o direito de apresentar pedidos de asilo. For\u00e7ar as pessoas, algumas das quais com alto risco [&hellip;]\" \/>\n<meta property=\"og:url\" content=\"https:\/\/jornalfatosenoticias.com.br\/index.php\/2020\/03\/31\/ong-acusa-grecia-de-deter-migrantes-em-condicoes-inaceitaveis\/\" \/>\n<meta property=\"og:site_name\" content=\"Jornal Fatos e Not\u00edcias\" \/>\n<meta property=\"article:published_time\" content=\"2020-03-31T13:36:48+00:00\" \/>\n<meta property=\"article:modified_time\" content=\"2020-03-31T13:36:53+00:00\" \/>\n<meta property=\"og:image\" content=\"https:\/\/jornalfatosenoticias.com.br\/wp-content\/uploads\/2020\/03\/refugiados2.jpg\" \/>\n\t<meta property=\"og:image:width\" content=\"1170\" \/>\n\t<meta property=\"og:image:height\" content=\"700\" \/>\n\t<meta property=\"og:image:type\" content=\"image\/jpeg\" \/>\n<meta name=\"author\" content=\"Luzimara Fernandes\" \/>\n<meta name=\"twitter:card\" content=\"summary_large_image\" \/>\n<meta name=\"twitter:label1\" content=\"Escrito por\" \/>\n\t<meta name=\"twitter:data1\" content=\"Luzimara Fernandes\" \/>\n\t<meta name=\"twitter:label2\" content=\"Est. tempo de leitura\" \/>\n\t<meta name=\"twitter:data2\" content=\"1 minuto\" \/>\n<script type=\"application\/ld+json\" class=\"yoast-schema-graph\">{\"@context\":\"https:\/\/schema.org\",\"@graph\":[{\"@type\":\"Article\",\"@id\":\"https:\/\/jornalfatosenoticias.com.br\/index.php\/2020\/03\/31\/ong-acusa-grecia-de-deter-migrantes-em-condicoes-inaceitaveis\/#article\",\"isPartOf\":{\"@id\":\"https:\/\/jornalfatosenoticias.com.br\/index.php\/2020\/03\/31\/ong-acusa-grecia-de-deter-migrantes-em-condicoes-inaceitaveis\/\"},\"author\":{\"name\":\"Luzimara Fernandes\",\"@id\":\"https:\/\/jornalfatosenoticias.com.br\/#\/schema\/person\/d63837fa13ac8666eb9e74e0985d6f81\"},\"headline\":\"ONG acusa Gr\u00e9cia de deter migrantes em condi\u00e7\u00f5es inaceit\u00e1veis\",\"datePublished\":\"2020-03-31T13:36:48+00:00\",\"dateModified\":\"2020-03-31T13:36:53+00:00\",\"mainEntityOfPage\":{\"@id\":\"https:\/\/jornalfatosenoticias.com.br\/index.php\/2020\/03\/31\/ong-acusa-grecia-de-deter-migrantes-em-condicoes-inaceitaveis\/\"},\"wordCount\":271,\"commentCount\":0,\"publisher\":{\"@id\":\"https:\/\/jornalfatosenoticias.com.br\/#organization\"},\"image\":{\"@id\":\"https:\/\/jornalfatosenoticias.com.br\/index.php\/2020\/03\/31\/ong-acusa-grecia-de-deter-migrantes-em-condicoes-inaceitaveis\/#primaryimage\"},\"thumbnailUrl\":\"https:\/\/jornalfatosenoticias.com.br\/wp-content\/uploads\/2020\/03\/refugiados2.jpg\",\"keywords\":[\"acusa\u00e7\u00e3o\",\"Gr\u00e9cia\",\"Human Rights Watch\",\"migrantes\",\"oms\",\"ONG\"],\"articleSection\":[\"Internacional\"],\"inLanguage\":\"pt-BR\",\"potentialAction\":[{\"@type\":\"CommentAction\",\"name\":\"Comment\",\"target\":[\"https:\/\/jornalfatosenoticias.com.br\/index.php\/2020\/03\/31\/ong-acusa-grecia-de-deter-migrantes-em-condicoes-inaceitaveis\/#respond\"]}]},{\"@type\":\"WebPage\",\"@id\":\"https:\/\/jornalfatosenoticias.com.br\/index.php\/2020\/03\/31\/ong-acusa-grecia-de-deter-migrantes-em-condicoes-inaceitaveis\/\",\"url\":\"https:\/\/jornalfatosenoticias.com.br\/index.php\/2020\/03\/31\/ong-acusa-grecia-de-deter-migrantes-em-condicoes-inaceitaveis\/\",\"name\":\"ONG acusa Gr\u00e9cia de deter migrantes em condi\u00e7\u00f5es inaceit\u00e1veis - Jornal Fatos e Not\u00edcias\",\"isPartOf\":{\"@id\":\"https:\/\/jornalfatosenoticias.com.br\/#website\"},\"primaryImageOfPage\":{\"@id\":\"https:\/\/jornalfatosenoticias.com.br\/index.php\/2020\/03\/31\/ong-acusa-grecia-de-deter-migrantes-em-condicoes-inaceitaveis\/#primaryimage\"},\"image\":{\"@id\":\"https:\/\/jornalfatosenoticias.com.br\/index.php\/2020\/03\/31\/ong-acusa-grecia-de-deter-migrantes-em-condicoes-inaceitaveis\/#primaryimage\"},\"thumbnailUrl\":\"https:\/\/jornalfatosenoticias.com.br\/wp-content\/uploads\/2020\/03\/refugiados2.jpg\",\"datePublished\":\"2020-03-31T13:36:48+00:00\",\"dateModified\":\"2020-03-31T13:36:53+00:00\",\"breadcrumb\":{\"@id\":\"https:\/\/jornalfatosenoticias.com.br\/index.php\/2020\/03\/31\/ong-acusa-grecia-de-deter-migrantes-em-condicoes-inaceitaveis\/#breadcrumb\"},\"inLanguage\":\"pt-BR\",\"potentialAction\":[{\"@type\":\"ReadAction\",\"target\":[\"https:\/\/jornalfatosenoticias.com.br\/index.php\/2020\/03\/31\/ong-acusa-grecia-de-deter-migrantes-em-condicoes-inaceitaveis\/\"]}]},{\"@type\":\"ImageObject\",\"inLanguage\":\"pt-BR\",\"@id\":\"https:\/\/jornalfatosenoticias.com.br\/index.php\/2020\/03\/31\/ong-acusa-grecia-de-deter-migrantes-em-condicoes-inaceitaveis\/#primaryimage\",\"url\":\"https:\/\/jornalfatosenoticias.com.br\/wp-content\/uploads\/2020\/03\/refugiados2.jpg\",\"contentUrl\":\"https:\/\/jornalfatosenoticias.com.br\/wp-content\/uploads\/2020\/03\/refugiados2.jpg\",\"width\":1170,\"height\":700},{\"@type\":\"BreadcrumbList\",\"@id\":\"https:\/\/jornalfatosenoticias.com.br\/index.php\/2020\/03\/31\/ong-acusa-grecia-de-deter-migrantes-em-condicoes-inaceitaveis\/#breadcrumb\",\"itemListElement\":[{\"@type\":\"ListItem\",\"position\":1,\"name\":\"In\u00edcio\",\"item\":\"https:\/\/jornalfatosenoticias.com.br\/\"},{\"@type\":\"ListItem\",\"position\":2,\"name\":\"ONG acusa Gr\u00e9cia de deter migrantes em condi\u00e7\u00f5es inaceit\u00e1veis\"}]},{\"@type\":\"WebSite\",\"@id\":\"https:\/\/jornalfatosenoticias.com.br\/#website\",\"url\":\"https:\/\/jornalfatosenoticias.com.br\/\",\"name\":\"Jornal Fatos e Not\u00edcias\",\"description\":\"Not\u00edcias em geral\",\"publisher\":{\"@id\":\"https:\/\/jornalfatosenoticias.com.br\/#organization\"},\"potentialAction\":[{\"@type\":\"SearchAction\",\"target\":{\"@type\":\"EntryPoint\",\"urlTemplate\":\"https:\/\/jornalfatosenoticias.com.br\/?s={search_term_string}\"},\"query-input\":{\"@type\":\"PropertyValueSpecification\",\"valueRequired\":true,\"valueName\":\"search_term_string\"}}],\"inLanguage\":\"pt-BR\"},{\"@type\":\"Organization\",\"@id\":\"https:\/\/jornalfatosenoticias.com.br\/#organization\",\"name\":\"Jornal Fatos e Not\u00edcias\",\"url\":\"https:\/\/jornalfatosenoticias.com.br\/\",\"logo\":{\"@type\":\"ImageObject\",\"inLanguage\":\"pt-BR\",\"@id\":\"https:\/\/jornalfatosenoticias.com.br\/#\/schema\/logo\/image\/\",\"url\":\"https:\/\/jornalfatosenoticias.com.br\/wp-content\/uploads\/2020\/02\/logo120.png\",\"contentUrl\":\"https:\/\/jornalfatosenoticias.com.br\/wp-content\/uploads\/2020\/02\/logo120.png\",\"width\":1227,\"height\":120,\"caption\":\"Jornal Fatos e Not\u00edcias\"},\"image\":{\"@id\":\"https:\/\/jornalfatosenoticias.com.br\/#\/schema\/logo\/image\/\"}},{\"@type\":\"Person\",\"@id\":\"https:\/\/jornalfatosenoticias.com.br\/#\/schema\/person\/d63837fa13ac8666eb9e74e0985d6f81\",\"name\":\"Luzimara Fernandes\",\"image\":{\"@type\":\"ImageObject\",\"inLanguage\":\"pt-BR\",\"@id\":\"https:\/\/jornalfatosenoticias.com.br\/#\/schema\/person\/image\/\",\"url\":\"https:\/\/jornalfatosenoticias.com.br\/wp-content\/uploads\/2025\/05\/EU_portal.jpg\",\"contentUrl\":\"https:\/\/jornalfatosenoticias.com.br\/wp-content\/uploads\/2025\/05\/EU_portal.jpg\",\"caption\":\"Luzimara Fernandes\"},\"description\":\"Jornalista MTB 2358-ES\",\"sameAs\":[\"https:\/\/jornalfatosenoticias.com.br\"],\"url\":\"https:\/\/jornalfatosenoticias.com.br\/index.php\/author\/luzimara\/\"}]}<\/script>\n<!-- \/ Yoast SEO plugin. -->","yoast_head_json":{"title":"ONG acusa Gr\u00e9cia de deter migrantes em condi\u00e7\u00f5es inaceit\u00e1veis - Jornal Fatos e Not\u00edcias","robots":{"index":"index","follow":"follow","max-snippet":"max-snippet:-1","max-image-preview":"max-image-preview:large","max-video-preview":"max-video-preview:-1"},"canonical":"https:\/\/jornalfatosenoticias.com.br\/index.php\/2020\/03\/31\/ong-acusa-grecia-de-deter-migrantes-em-condicoes-inaceitaveis\/","og_locale":"pt_BR","og_type":"article","og_title":"ONG acusa Gr\u00e9cia de deter migrantes em condi\u00e7\u00f5es inaceit\u00e1veis - Jornal Fatos e Not\u00edcias","og_description":"Situa\u00e7\u00e3o pode potencializar pandemia de covid-19 A organiza\u00e7\u00e3o n\u00e3o governamental (ONG) Human Rights Watch (HRW) acusou hoje (31) as autoridades gregas de deterem arbitrariamente quase dois mil migrantes em condi\u00e7\u00f5es inaceit\u00e1veis, que podem potencializar a pandemia de covid-19, negando-lhes o direito de apresentar pedidos de asilo. For\u00e7ar as pessoas, algumas das quais com alto risco [&hellip;]","og_url":"https:\/\/jornalfatosenoticias.com.br\/index.php\/2020\/03\/31\/ong-acusa-grecia-de-deter-migrantes-em-condicoes-inaceitaveis\/","og_site_name":"Jornal Fatos e Not\u00edcias","article_published_time":"2020-03-31T13:36:48+00:00","article_modified_time":"2020-03-31T13:36:53+00:00","og_image":[{"width":1170,"height":700,"url":"https:\/\/jornalfatosenoticias.com.br\/wp-content\/uploads\/2020\/03\/refugiados2.jpg","type":"image\/jpeg"}],"author":"Luzimara Fernandes","twitter_card":"summary_large_image","twitter_misc":{"Escrito por":"Luzimara Fernandes","Est. tempo de leitura":"1 minuto"},"schema":{"@context":"https:\/\/schema.org","@graph":[{"@type":"Article","@id":"https:\/\/jornalfatosenoticias.com.br\/index.php\/2020\/03\/31\/ong-acusa-grecia-de-deter-migrantes-em-condicoes-inaceitaveis\/#article","isPartOf":{"@id":"https:\/\/jornalfatosenoticias.com.br\/index.php\/2020\/03\/31\/ong-acusa-grecia-de-deter-migrantes-em-condicoes-inaceitaveis\/"},"author":{"name":"Luzimara Fernandes","@id":"https:\/\/jornalfatosenoticias.com.br\/#\/schema\/person\/d63837fa13ac8666eb9e74e0985d6f81"},"headline":"ONG acusa Gr\u00e9cia de deter migrantes em condi\u00e7\u00f5es inaceit\u00e1veis","datePublished":"2020-03-31T13:36:48+00:00","dateModified":"2020-03-31T13:36:53+00:00","mainEntityOfPage":{"@id":"https:\/\/jornalfatosenoticias.com.br\/index.php\/2020\/03\/31\/ong-acusa-grecia-de-deter-migrantes-em-condicoes-inaceitaveis\/"},"wordCount":271,"commentCount":0,"publisher":{"@id":"https:\/\/jornalfatosenoticias.com.br\/#organization"},"image":{"@id":"https:\/\/jornalfatosenoticias.com.br\/index.php\/2020\/03\/31\/ong-acusa-grecia-de-deter-migrantes-em-condicoes-inaceitaveis\/#primaryimage"},"thumbnailUrl":"https:\/\/jornalfatosenoticias.com.br\/wp-content\/uploads\/2020\/03\/refugiados2.jpg","keywords":["acusa\u00e7\u00e3o","Gr\u00e9cia","Human Rights Watch","migrantes","oms","ONG"],"articleSection":["Internacional"],"inLanguage":"pt-BR","potentialAction":[{"@type":"CommentAction","name":"Comment","target":["https:\/\/jornalfatosenoticias.com.br\/index.php\/2020\/03\/31\/ong-acusa-grecia-de-deter-migrantes-em-condicoes-inaceitaveis\/#respond"]}]},{"@type":"WebPage","@id":"https:\/\/jornalfatosenoticias.com.br\/index.php\/2020\/03\/31\/ong-acusa-grecia-de-deter-migrantes-em-condicoes-inaceitaveis\/","url":"https:\/\/jornalfatosenoticias.com.br\/index.php\/2020\/03\/31\/ong-acusa-grecia-de-deter-migrantes-em-condicoes-inaceitaveis\/","name":"ONG acusa Gr\u00e9cia de deter migrantes em condi\u00e7\u00f5es inaceit\u00e1veis - Jornal Fatos e Not\u00edcias","isPartOf":{"@id":"https:\/\/jornalfatosenoticias.com.br\/#website"},"primaryImageOfPage":{"@id":"https:\/\/jornalfatosenoticias.com.br\/index.php\/2020\/03\/31\/ong-acusa-grecia-de-deter-migrantes-em-condicoes-inaceitaveis\/#primaryimage"},"image":{"@id":"https:\/\/jornalfatosenoticias.com.br\/index.php\/2020\/03\/31\/ong-acusa-grecia-de-deter-migrantes-em-condicoes-inaceitaveis\/#primaryimage"},"thumbnailUrl":"https:\/\/jornalfatosenoticias.com.br\/wp-content\/uploads\/2020\/03\/refugiados2.jpg","datePublished":"2020-03-31T13:36:48+00:00","dateModified":"2020-03-31T13:36:53+00:00","breadcrumb":{"@id":"https:\/\/jornalfatosenoticias.com.br\/index.php\/2020\/03\/31\/ong-acusa-grecia-de-deter-migrantes-em-condicoes-inaceitaveis\/#breadcrumb"},"inLanguage":"pt-BR","potentialAction":[{"@type":"ReadAction","target":["https:\/\/jornalfatosenoticias.com.br\/index.php\/2020\/03\/31\/ong-acusa-grecia-de-deter-migrantes-em-condicoes-inaceitaveis\/"]}]},{"@type":"ImageObject","inLanguage":"pt-BR","@id":"https:\/\/jornalfatosenoticias.com.br\/index.php\/2020\/03\/31\/ong-acusa-grecia-de-deter-migrantes-em-condicoes-inaceitaveis\/#primaryimage","url":"https:\/\/jornalfatosenoticias.com.br\/wp-content\/uploads\/2020\/03\/refugiados2.jpg","contentUrl":"https:\/\/jornalfatosenoticias.com.br\/wp-content\/uploads\/2020\/03\/refugiados2.jpg","width":1170,"height":700},{"@type":"BreadcrumbList","@id":"https:\/\/jornalfatosenoticias.com.br\/index.php\/2020\/03\/31\/ong-acusa-grecia-de-deter-migrantes-em-condicoes-inaceitaveis\/#breadcrumb","itemListElement":[{"@type":"ListItem","position":1,"name":"In\u00edcio","item":"https:\/\/jornalfatosenoticias.com.br\/"},{"@type":"ListItem","position":2,"name":"ONG acusa Gr\u00e9cia de deter migrantes em condi\u00e7\u00f5es inaceit\u00e1veis"}]},{"@type":"WebSite","@id":"https:\/\/jornalfatosenoticias.com.br\/#website","url":"https:\/\/jornalfatosenoticias.com.br\/","name":"Jornal Fatos e Not\u00edcias","description":"Not\u00edcias em geral","publisher":{"@id":"https:\/\/jornalfatosenoticias.com.br\/#organization"},"potentialAction":[{"@type":"SearchAction","target":{"@type":"EntryPoint","urlTemplate":"https:\/\/jornalfatosenoticias.com.br\/?s={search_term_string}"},"query-input":{"@type":"PropertyValueSpecification","valueRequired":true,"valueName":"search_term_string"}}],"inLanguage":"pt-BR"},{"@type":"Organization","@id":"https:\/\/jornalfatosenoticias.com.br\/#organization","name":"Jornal Fatos e Not\u00edcias","url":"https:\/\/jornalfatosenoticias.com.br\/","logo":{"@type":"ImageObject","inLanguage":"pt-BR","@id":"https:\/\/jornalfatosenoticias.com.br\/#\/schema\/logo\/image\/","url":"https:\/\/jornalfatosenoticias.com.br\/wp-content\/uploads\/2020\/02\/logo120.png","contentUrl":"https:\/\/jornalfatosenoticias.com.br\/wp-content\/uploads\/2020\/02\/logo120.png","width":1227,"height":120,"caption":"Jornal Fatos e Not\u00edcias"},"image":{"@id":"https:\/\/jornalfatosenoticias.com.br\/#\/schema\/logo\/image\/"}},{"@type":"Person","@id":"https:\/\/jornalfatosenoticias.com.br\/#\/schema\/person\/d63837fa13ac8666eb9e74e0985d6f81","name":"Luzimara Fernandes","image":{"@type":"ImageObject","inLanguage":"pt-BR","@id":"https:\/\/jornalfatosenoticias.com.br\/#\/schema\/person\/image\/","url":"https:\/\/jornalfatosenoticias.com.br\/wp-content\/uploads\/2025\/05\/EU_portal.jpg","contentUrl":"https:\/\/jornalfatosenoticias.com.br\/wp-content\/uploads\/2025\/05\/EU_portal.jpg","caption":"Luzimara Fernandes"},"description":"Jornalista MTB 2358-ES","sameAs":["https:\/\/jornalfatosenoticias.com.br"],"url":"https:\/\/jornalfatosenoticias.com.br\/index.php\/author\/luzimara\/"}]}},"cc_featured_image_caption":{"caption_text":"Migrantes em situa\u00e7\u00e3o degradante na Gr\u00e9cia","source_text":"","source_url":""},"jetpack_featured_media_url":"https:\/\/jornalfatosenoticias.com.br\/wp-content\/uploads\/2020\/03\/refugiados2.jpg","_links":{"self":[{"href":"https:\/\/jornalfatosenoticias.com.br\/index.php\/wp-json\/wp\/v2\/posts\/2575","targetHints":{"allow":["GET"]}}],"collection":[{"href":"https:\/\/jornalfatosenoticias.com.br\/index.php\/wp-json\/wp\/v2\/posts"}],"about":[{"href":"https:\/\/jornalfatosenoticias.com.br\/index.php\/wp-json\/wp\/v2\/types\/post"}],"author":[{"embeddable":true,"href":"https:\/\/jornalfatosenoticias.com.br\/index.php\/wp-json\/wp\/v2\/users\/2"}],"replies":[{"embeddable":true,"href":"https:\/\/jornalfatosenoticias.com.br\/index.php\/wp-json\/wp\/v2\/comments?post=2575"}],"version-history":[{"count":0,"href":"https:\/\/jornalfatosenoticias.com.br\/index.php\/wp-json\/wp\/v2\/posts\/2575\/revisions"}],"wp:featuredmedia":[{"embeddable":true,"href":"https:\/\/jornalfatosenoticias.com.br\/index.php\/wp-json\/wp\/v2\/media\/2578"}],"wp:attachment":[{"href":"https:\/\/jornalfatosenoticias.com.br\/index.php\/wp-json\/wp\/v2\/media?parent=2575"}],"wp:term":[{"taxonomy":"category","embeddable":true,"href":"https:\/\/jornalfatosenoticias.com.br\/index.php\/wp-json\/wp\/v2\/categories?post=2575"},{"taxonomy":"post_tag","embeddable":true,"href":"https:\/\/jornalfatosenoticias.com.br\/index.php\/wp-json\/wp\/v2\/tags?post=2575"}],"curies":[{"name":"wp","href":"https:\/\/api.w.org\/{rel}","templated":true}]}}