{"id":25805,"date":"2021-12-10T13:19:39","date_gmt":"2021-12-10T16:19:39","guid":{"rendered":"https:\/\/jornalfatosenoticias.com.br\/?p=25805"},"modified":"2021-12-10T13:19:43","modified_gmt":"2021-12-10T16:19:43","slug":"brenda-riva-anuncia-a-chegada-da-colecao-de-fim-de-ano-de-sua-marca-de-sapatos-para-o-alto-verao-2022","status":"publish","type":"post","link":"https:\/\/jornalfatosenoticias.com.br\/index.php\/2021\/12\/10\/brenda-riva-anuncia-a-chegada-da-colecao-de-fim-de-ano-de-sua-marca-de-sapatos-para-o-alto-verao-2022\/","title":{"rendered":"Brenda Riva anuncia a chegada da Cole\u00e7\u00e3o de Fim de Ano de sua marca de sapatos para o alto ver\u00e3o 2022"},"content":{"rendered":"\n<p><em><span class=\"has-inline-color has-luminous-vivid-orange-color\"><strong>Texto:<\/strong> Divulga\u00e7\u00e3o<\/span><\/em><\/p>\n\n\n\n<p><em><span class=\"has-inline-color has-black-color\">Queridinhas da esta\u00e7\u00e3o, as rasteiras, flats e papetes ir\u00e3o deixar seus p\u00e9s nas nuvens, para curtir o ver\u00e3o 2022, com in\u00fameras op\u00e7\u00f5es de modelos, cheios de leveza, fluidez e conforto<\/span><\/em><\/p>\n\n\n\n<p>A empres\u00e1ria e designer de sapatos Brenda Riva investe em rasteiras, flats e papetes diferenciadas para sua cole\u00e7\u00e3o de fim de ano, com um brinde a chegada do alto ver\u00e3o 2022, da loja Vith Shoes, na Praia do Canto. A novidade ser\u00e1 apresentada no dia 10 de dezembro, a partir das 10 horas, com recep\u00e7\u00e3o super refrescante com picol\u00e9s, \u00e1gua de coco, salada de frutas, sucos naturais e aperitivos especiais.<br>As rasteiras ser\u00e3o as protagonistas da temporada mais quente ano e, para esse lan\u00e7amento, a designer investiu em pe\u00e7as autorais e de multimarcas, todas com um estilo mais tropical que exalta qualquer tipo de look mais despojado.<br>Ela avisa que as novas rasteiras, flats e papetes ir\u00e3o deixar os p\u00e9s nas nuvens, e est\u00e3o cheias de estilo, brilho, pedras e bossa. A cartela de cores est\u00e1 multicolorida cheia de combina\u00e7\u00f5es encantadoras, como pink com laranja e a\u00e7afr\u00e3o com rosa candy, al\u00e9m de detalhes diferenciados como corda, transpar\u00eancia e metal charms, aqueles detalhes que decoram os modelos mais cl\u00e1ssicos, dando um toque de brilho ao look mais casual. A marca oferece in\u00fameras op\u00e7\u00f5es para curtir o ver\u00e3o 2022 com leveza, fluidez e conforto.<\/p>\n\n\n\n<div class=\"wp-block-jetpack-slideshow aligncenter\" data-effect=\"slide\"><div class=\"wp-block-jetpack-slideshow_container swiper-container\"><ul class=\"wp-block-jetpack-slideshow_swiper-wrapper swiper-wrapper\"><li class=\"wp-block-jetpack-slideshow_slide swiper-slide\"><figure><img loading=\"lazy\" decoding=\"async\" width=\"666\" height=\"1000\" alt=\"\" class=\"wp-block-jetpack-slideshow_image wp-image-25806\" data-id=\"25806\" src=\"https:\/\/jornalfatosenoticias.com.br\/wp-content\/uploads\/2021\/12\/IMG_9073-1.jpg\" srcset=\"https:\/\/jornalfatosenoticias.com.br\/wp-content\/uploads\/2021\/12\/IMG_9073-1.jpg 666w, https:\/\/jornalfatosenoticias.com.br\/wp-content\/uploads\/2021\/12\/IMG_9073-1-200x300.jpg 200w\" sizes=\"auto, (max-width: 666px) 100vw, 666px\" \/><figcaption class=\"wp-block-jetpack-slideshow_caption gallery-caption\">(Foto: Divulga\u00e7\u00e3o)<\/figcaption><\/figure><\/li><li class=\"wp-block-jetpack-slideshow_slide swiper-slide\"><figure><img loading=\"lazy\" decoding=\"async\" width=\"666\" height=\"1000\" alt=\"\" class=\"wp-block-jetpack-slideshow_image wp-image-25807\" data-id=\"25807\" src=\"https:\/\/jornalfatosenoticias.com.br\/wp-content\/uploads\/2021\/12\/IMG_9072.jpg\" srcset=\"https:\/\/jornalfatosenoticias.com.br\/wp-content\/uploads\/2021\/12\/IMG_9072.jpg 666w, https:\/\/jornalfatosenoticias.com.br\/wp-content\/uploads\/2021\/12\/IMG_9072-200x300.jpg 200w\" sizes=\"auto, (max-width: 666px) 100vw, 666px\" \/><figcaption class=\"wp-block-jetpack-slideshow_caption gallery-caption\">(Foto: Divulga\u00e7\u00e3o)<\/figcaption><\/figure><\/li><li class=\"wp-block-jetpack-slideshow_slide swiper-slide\"><figure><img loading=\"lazy\" decoding=\"async\" width=\"1000\" height=\"940\" alt=\"\" class=\"wp-block-jetpack-slideshow_image wp-image-25808\" data-id=\"25808\" src=\"https:\/\/jornalfatosenoticias.com.br\/wp-content\/uploads\/2021\/12\/IMG_9068-1.jpg\" srcset=\"https:\/\/jornalfatosenoticias.com.br\/wp-content\/uploads\/2021\/12\/IMG_9068-1.jpg 1000w, https:\/\/jornalfatosenoticias.com.br\/wp-content\/uploads\/2021\/12\/IMG_9068-1-300x282.jpg 300w, https:\/\/jornalfatosenoticias.com.br\/wp-content\/uploads\/2021\/12\/IMG_9068-1-768x722.jpg 768w\" sizes=\"auto, (max-width: 1000px) 100vw, 1000px\" \/><figcaption class=\"wp-block-jetpack-slideshow_caption gallery-caption\">(Foto: Divulga\u00e7\u00e3o)<\/figcaption><\/figure><\/li><li class=\"wp-block-jetpack-slideshow_slide swiper-slide\"><figure><img loading=\"lazy\" decoding=\"async\" width=\"666\" height=\"1000\" alt=\"\" class=\"wp-block-jetpack-slideshow_image wp-image-25809\" data-id=\"25809\" src=\"https:\/\/jornalfatosenoticias.com.br\/wp-content\/uploads\/2021\/12\/IMG_8939.jpg\" srcset=\"https:\/\/jornalfatosenoticias.com.br\/wp-content\/uploads\/2021\/12\/IMG_8939.jpg 666w, https:\/\/jornalfatosenoticias.com.br\/wp-content\/uploads\/2021\/12\/IMG_8939-200x300.jpg 200w\" sizes=\"auto, (max-width: 666px) 100vw, 666px\" \/><figcaption class=\"wp-block-jetpack-slideshow_caption gallery-caption\">(Foto: Divulga\u00e7\u00e3o)<\/figcaption><\/figure><\/li><\/ul><a class=\"wp-block-jetpack-slideshow_button-prev swiper-button-prev swiper-button-white\" role=\"button\"><\/a><a class=\"wp-block-jetpack-slideshow_button-next swiper-button-next swiper-button-white\" role=\"button\"><\/a><a aria-label=\"Pause Slideshow\" class=\"wp-block-jetpack-slideshow_button-pause\" role=\"button\"><\/a><div class=\"wp-block-jetpack-slideshow_pagination swiper-pagination swiper-pagination-white\"><\/div><\/div><\/div>\n\n\n\n<p><span class=\"has-inline-color has-black-color\"><strong>Onde encontrar:<\/strong> Endere\u00e7o: R. Aleixo Netto, 1188 \u2014 Loja 01 \u2014 Praia do Canto, Vit\u00f3ria<\/span><\/p>\n","protected":false},"excerpt":{"rendered":"<p>Texto: Divulga\u00e7\u00e3o Queridinhas da esta\u00e7\u00e3o, as rasteiras, flats e papetes ir\u00e3o deixar seus p\u00e9s nas nuvens, para curtir o ver\u00e3o 2022, com in\u00fameras op\u00e7\u00f5es de modelos, cheios de leveza, fluidez e conforto A empres\u00e1ria e designer de sapatos Brenda Riva investe em rasteiras, flats e papetes diferenciadas para sua cole\u00e7\u00e3o de fim de ano, com [&hellip;]<\/p>\n","protected":false},"author":2,"featured_media":25810,"comment_status":"open","ping_status":"open","sticky":false,"template":"","format":"standard","meta":{"footnotes":""},"categories":[2522],"tags":[12465,12466,2191,2192,12464,12463,12462],"class_list":["post-25805","post","type-post","status-publish","format-standard","has-post-thumbnail","hentry","category-comportamento","tag-brenda-riva","tag-colecao-de-fim-de-ano","tag-estilo","tag-moda","tag-moda-verao","tag-rasteirinhas","tag-sandalias"],"yoast_head":"<!-- This site is optimized with the Yoast SEO plugin v26.5 - https:\/\/yoast.com\/wordpress\/plugins\/seo\/ -->\n<title>Brenda Riva anuncia a chegada da Cole\u00e7\u00e3o de Fim de Ano de sua marca de sapatos para o alto ver\u00e3o 2022 - Jornal Fatos e Not\u00edcias<\/title>\n<meta name=\"robots\" content=\"index, follow, max-snippet:-1, max-image-preview:large, max-video-preview:-1\" \/>\n<link rel=\"canonical\" href=\"https:\/\/jornalfatosenoticias.com.br\/index.php\/2021\/12\/10\/brenda-riva-anuncia-a-chegada-da-colecao-de-fim-de-ano-de-sua-marca-de-sapatos-para-o-alto-verao-2022\/\" \/>\n<meta property=\"og:locale\" content=\"pt_BR\" \/>\n<meta property=\"og:type\" content=\"article\" \/>\n<meta property=\"og:title\" content=\"Brenda Riva anuncia a chegada da Cole\u00e7\u00e3o de Fim de Ano de sua marca de sapatos para o alto ver\u00e3o 2022 - Jornal Fatos e Not\u00edcias\" \/>\n<meta property=\"og:description\" content=\"Texto: Divulga\u00e7\u00e3o Queridinhas da esta\u00e7\u00e3o, as rasteiras, flats e papetes ir\u00e3o deixar seus p\u00e9s nas nuvens, para curtir o ver\u00e3o 2022, com in\u00fameras op\u00e7\u00f5es de modelos, cheios de leveza, fluidez e conforto A empres\u00e1ria e designer de sapatos Brenda Riva investe em rasteiras, flats e papetes diferenciadas para sua cole\u00e7\u00e3o de fim de ano, com [&hellip;]\" \/>\n<meta property=\"og:url\" content=\"https:\/\/jornalfatosenoticias.com.br\/index.php\/2021\/12\/10\/brenda-riva-anuncia-a-chegada-da-colecao-de-fim-de-ano-de-sua-marca-de-sapatos-para-o-alto-verao-2022\/\" \/>\n<meta property=\"og:site_name\" content=\"Jornal Fatos e Not\u00edcias\" \/>\n<meta property=\"article:published_time\" content=\"2021-12-10T16:19:39+00:00\" \/>\n<meta property=\"article:modified_time\" content=\"2021-12-10T16:19:43+00:00\" \/>\n<meta property=\"og:image\" content=\"https:\/\/jornalfatosenoticias.com.br\/wp-content\/uploads\/2021\/12\/IMG_9070.jpg\" \/>\n\t<meta property=\"og:image:width\" content=\"1000\" \/>\n\t<meta property=\"og:image:height\" content=\"666\" \/>\n\t<meta property=\"og:image:type\" content=\"image\/jpeg\" \/>\n<meta name=\"author\" content=\"Luzimara Fernandes\" \/>\n<meta name=\"twitter:card\" content=\"summary_large_image\" \/>\n<meta name=\"twitter:label1\" content=\"Escrito por\" \/>\n\t<meta name=\"twitter:data1\" content=\"Luzimara Fernandes\" \/>\n\t<meta name=\"twitter:label2\" content=\"Est. tempo de leitura\" \/>\n\t<meta name=\"twitter:data2\" content=\"1 minuto\" \/>\n<script type=\"application\/ld+json\" class=\"yoast-schema-graph\">{\"@context\":\"https:\/\/schema.org\",\"@graph\":[{\"@type\":\"Article\",\"@id\":\"https:\/\/jornalfatosenoticias.com.br\/index.php\/2021\/12\/10\/brenda-riva-anuncia-a-chegada-da-colecao-de-fim-de-ano-de-sua-marca-de-sapatos-para-o-alto-verao-2022\/#article\",\"isPartOf\":{\"@id\":\"https:\/\/jornalfatosenoticias.com.br\/index.php\/2021\/12\/10\/brenda-riva-anuncia-a-chegada-da-colecao-de-fim-de-ano-de-sua-marca-de-sapatos-para-o-alto-verao-2022\/\"},\"author\":{\"name\":\"Luzimara Fernandes\",\"@id\":\"https:\/\/jornalfatosenoticias.com.br\/#\/schema\/person\/d63837fa13ac8666eb9e74e0985d6f81\"},\"headline\":\"Brenda Riva anuncia a chegada da Cole\u00e7\u00e3o de Fim de Ano de sua marca de sapatos para o alto ver\u00e3o 2022\",\"datePublished\":\"2021-12-10T16:19:39+00:00\",\"dateModified\":\"2021-12-10T16:19:43+00:00\",\"mainEntityOfPage\":{\"@id\":\"https:\/\/jornalfatosenoticias.com.br\/index.php\/2021\/12\/10\/brenda-riva-anuncia-a-chegada-da-colecao-de-fim-de-ano-de-sua-marca-de-sapatos-para-o-alto-verao-2022\/\"},\"wordCount\":293,\"commentCount\":0,\"publisher\":{\"@id\":\"https:\/\/jornalfatosenoticias.com.br\/#organization\"},\"image\":{\"@id\":\"https:\/\/jornalfatosenoticias.com.br\/index.php\/2021\/12\/10\/brenda-riva-anuncia-a-chegada-da-colecao-de-fim-de-ano-de-sua-marca-de-sapatos-para-o-alto-verao-2022\/#primaryimage\"},\"thumbnailUrl\":\"https:\/\/jornalfatosenoticias.com.br\/wp-content\/uploads\/2021\/12\/IMG_9070.jpg\",\"keywords\":[\"Brenda Riva\",\"cole\u00e7\u00e3o de fim de ano\",\"estilo\",\"moda\",\"moda ver\u00e3o\",\"rasteirinhas\",\"sand\u00e1lias\"],\"articleSection\":[\"Comportamento &amp; Equil\u00edbrio\"],\"inLanguage\":\"pt-BR\",\"potentialAction\":[{\"@type\":\"CommentAction\",\"name\":\"Comment\",\"target\":[\"https:\/\/jornalfatosenoticias.com.br\/index.php\/2021\/12\/10\/brenda-riva-anuncia-a-chegada-da-colecao-de-fim-de-ano-de-sua-marca-de-sapatos-para-o-alto-verao-2022\/#respond\"]}]},{\"@type\":\"WebPage\",\"@id\":\"https:\/\/jornalfatosenoticias.com.br\/index.php\/2021\/12\/10\/brenda-riva-anuncia-a-chegada-da-colecao-de-fim-de-ano-de-sua-marca-de-sapatos-para-o-alto-verao-2022\/\",\"url\":\"https:\/\/jornalfatosenoticias.com.br\/index.php\/2021\/12\/10\/brenda-riva-anuncia-a-chegada-da-colecao-de-fim-de-ano-de-sua-marca-de-sapatos-para-o-alto-verao-2022\/\",\"name\":\"Brenda Riva anuncia a chegada da Cole\u00e7\u00e3o de Fim de Ano de sua marca de sapatos para o alto ver\u00e3o 2022 - Jornal Fatos e Not\u00edcias\",\"isPartOf\":{\"@id\":\"https:\/\/jornalfatosenoticias.com.br\/#website\"},\"primaryImageOfPage\":{\"@id\":\"https:\/\/jornalfatosenoticias.com.br\/index.php\/2021\/12\/10\/brenda-riva-anuncia-a-chegada-da-colecao-de-fim-de-ano-de-sua-marca-de-sapatos-para-o-alto-verao-2022\/#primaryimage\"},\"image\":{\"@id\":\"https:\/\/jornalfatosenoticias.com.br\/index.php\/2021\/12\/10\/brenda-riva-anuncia-a-chegada-da-colecao-de-fim-de-ano-de-sua-marca-de-sapatos-para-o-alto-verao-2022\/#primaryimage\"},\"thumbnailUrl\":\"https:\/\/jornalfatosenoticias.com.br\/wp-content\/uploads\/2021\/12\/IMG_9070.jpg\",\"datePublished\":\"2021-12-10T16:19:39+00:00\",\"dateModified\":\"2021-12-10T16:19:43+00:00\",\"breadcrumb\":{\"@id\":\"https:\/\/jornalfatosenoticias.com.br\/index.php\/2021\/12\/10\/brenda-riva-anuncia-a-chegada-da-colecao-de-fim-de-ano-de-sua-marca-de-sapatos-para-o-alto-verao-2022\/#breadcrumb\"},\"inLanguage\":\"pt-BR\",\"potentialAction\":[{\"@type\":\"ReadAction\",\"target\":[\"https:\/\/jornalfatosenoticias.com.br\/index.php\/2021\/12\/10\/brenda-riva-anuncia-a-chegada-da-colecao-de-fim-de-ano-de-sua-marca-de-sapatos-para-o-alto-verao-2022\/\"]}]},{\"@type\":\"ImageObject\",\"inLanguage\":\"pt-BR\",\"@id\":\"https:\/\/jornalfatosenoticias.com.br\/index.php\/2021\/12\/10\/brenda-riva-anuncia-a-chegada-da-colecao-de-fim-de-ano-de-sua-marca-de-sapatos-para-o-alto-verao-2022\/#primaryimage\",\"url\":\"https:\/\/jornalfatosenoticias.com.br\/wp-content\/uploads\/2021\/12\/IMG_9070.jpg\",\"contentUrl\":\"https:\/\/jornalfatosenoticias.com.br\/wp-content\/uploads\/2021\/12\/IMG_9070.jpg\",\"width\":1000,\"height\":666},{\"@type\":\"BreadcrumbList\",\"@id\":\"https:\/\/jornalfatosenoticias.com.br\/index.php\/2021\/12\/10\/brenda-riva-anuncia-a-chegada-da-colecao-de-fim-de-ano-de-sua-marca-de-sapatos-para-o-alto-verao-2022\/#breadcrumb\",\"itemListElement\":[{\"@type\":\"ListItem\",\"position\":1,\"name\":\"In\u00edcio\",\"item\":\"https:\/\/jornalfatosenoticias.com.br\/\"},{\"@type\":\"ListItem\",\"position\":2,\"name\":\"Brenda Riva anuncia a chegada da Cole\u00e7\u00e3o de Fim de Ano de sua marca de sapatos para o alto ver\u00e3o 2022\"}]},{\"@type\":\"WebSite\",\"@id\":\"https:\/\/jornalfatosenoticias.com.br\/#website\",\"url\":\"https:\/\/jornalfatosenoticias.com.br\/\",\"name\":\"Jornal Fatos e Not\u00edcias\",\"description\":\"Not\u00edcias em geral\",\"publisher\":{\"@id\":\"https:\/\/jornalfatosenoticias.com.br\/#organization\"},\"potentialAction\":[{\"@type\":\"SearchAction\",\"target\":{\"@type\":\"EntryPoint\",\"urlTemplate\":\"https:\/\/jornalfatosenoticias.com.br\/?s={search_term_string}\"},\"query-input\":{\"@type\":\"PropertyValueSpecification\",\"valueRequired\":true,\"valueName\":\"search_term_string\"}}],\"inLanguage\":\"pt-BR\"},{\"@type\":\"Organization\",\"@id\":\"https:\/\/jornalfatosenoticias.com.br\/#organization\",\"name\":\"Jornal Fatos e Not\u00edcias\",\"url\":\"https:\/\/jornalfatosenoticias.com.br\/\",\"logo\":{\"@type\":\"ImageObject\",\"inLanguage\":\"pt-BR\",\"@id\":\"https:\/\/jornalfatosenoticias.com.br\/#\/schema\/logo\/image\/\",\"url\":\"https:\/\/jornalfatosenoticias.com.br\/wp-content\/uploads\/2020\/02\/logo120.png\",\"contentUrl\":\"https:\/\/jornalfatosenoticias.com.br\/wp-content\/uploads\/2020\/02\/logo120.png\",\"width\":1227,\"height\":120,\"caption\":\"Jornal Fatos e Not\u00edcias\"},\"image\":{\"@id\":\"https:\/\/jornalfatosenoticias.com.br\/#\/schema\/logo\/image\/\"}},{\"@type\":\"Person\",\"@id\":\"https:\/\/jornalfatosenoticias.com.br\/#\/schema\/person\/d63837fa13ac8666eb9e74e0985d6f81\",\"name\":\"Luzimara Fernandes\",\"image\":{\"@type\":\"ImageObject\",\"inLanguage\":\"pt-BR\",\"@id\":\"https:\/\/jornalfatosenoticias.com.br\/#\/schema\/person\/image\/\",\"url\":\"https:\/\/jornalfatosenoticias.com.br\/wp-content\/uploads\/2025\/05\/EU_portal.jpg\",\"contentUrl\":\"https:\/\/jornalfatosenoticias.com.br\/wp-content\/uploads\/2025\/05\/EU_portal.jpg\",\"caption\":\"Luzimara Fernandes\"},\"description\":\"Jornalista MTB 2358-ES\",\"sameAs\":[\"https:\/\/jornalfatosenoticias.com.br\"],\"url\":\"https:\/\/jornalfatosenoticias.com.br\/index.php\/author\/luzimara\/\"}]}<\/script>\n<!-- \/ Yoast SEO plugin. -->","yoast_head_json":{"title":"Brenda Riva anuncia a chegada da Cole\u00e7\u00e3o de Fim de Ano de sua marca de sapatos para o alto ver\u00e3o 2022 - Jornal Fatos e Not\u00edcias","robots":{"index":"index","follow":"follow","max-snippet":"max-snippet:-1","max-image-preview":"max-image-preview:large","max-video-preview":"max-video-preview:-1"},"canonical":"https:\/\/jornalfatosenoticias.com.br\/index.php\/2021\/12\/10\/brenda-riva-anuncia-a-chegada-da-colecao-de-fim-de-ano-de-sua-marca-de-sapatos-para-o-alto-verao-2022\/","og_locale":"pt_BR","og_type":"article","og_title":"Brenda Riva anuncia a chegada da Cole\u00e7\u00e3o de Fim de Ano de sua marca de sapatos para o alto ver\u00e3o 2022 - Jornal Fatos e Not\u00edcias","og_description":"Texto: Divulga\u00e7\u00e3o Queridinhas da esta\u00e7\u00e3o, as rasteiras, flats e papetes ir\u00e3o deixar seus p\u00e9s nas nuvens, para curtir o ver\u00e3o 2022, com in\u00fameras op\u00e7\u00f5es de modelos, cheios de leveza, fluidez e conforto A empres\u00e1ria e designer de sapatos Brenda Riva investe em rasteiras, flats e papetes diferenciadas para sua cole\u00e7\u00e3o de fim de ano, com [&hellip;]","og_url":"https:\/\/jornalfatosenoticias.com.br\/index.php\/2021\/12\/10\/brenda-riva-anuncia-a-chegada-da-colecao-de-fim-de-ano-de-sua-marca-de-sapatos-para-o-alto-verao-2022\/","og_site_name":"Jornal Fatos e Not\u00edcias","article_published_time":"2021-12-10T16:19:39+00:00","article_modified_time":"2021-12-10T16:19:43+00:00","og_image":[{"width":1000,"height":666,"url":"https:\/\/jornalfatosenoticias.com.br\/wp-content\/uploads\/2021\/12\/IMG_9070.jpg","type":"image\/jpeg"}],"author":"Luzimara Fernandes","twitter_card":"summary_large_image","twitter_misc":{"Escrito por":"Luzimara Fernandes","Est. tempo de leitura":"1 minuto"},"schema":{"@context":"https:\/\/schema.org","@graph":[{"@type":"Article","@id":"https:\/\/jornalfatosenoticias.com.br\/index.php\/2021\/12\/10\/brenda-riva-anuncia-a-chegada-da-colecao-de-fim-de-ano-de-sua-marca-de-sapatos-para-o-alto-verao-2022\/#article","isPartOf":{"@id":"https:\/\/jornalfatosenoticias.com.br\/index.php\/2021\/12\/10\/brenda-riva-anuncia-a-chegada-da-colecao-de-fim-de-ano-de-sua-marca-de-sapatos-para-o-alto-verao-2022\/"},"author":{"name":"Luzimara Fernandes","@id":"https:\/\/jornalfatosenoticias.com.br\/#\/schema\/person\/d63837fa13ac8666eb9e74e0985d6f81"},"headline":"Brenda Riva anuncia a chegada da Cole\u00e7\u00e3o de Fim de Ano de sua marca de sapatos para o alto ver\u00e3o 2022","datePublished":"2021-12-10T16:19:39+00:00","dateModified":"2021-12-10T16:19:43+00:00","mainEntityOfPage":{"@id":"https:\/\/jornalfatosenoticias.com.br\/index.php\/2021\/12\/10\/brenda-riva-anuncia-a-chegada-da-colecao-de-fim-de-ano-de-sua-marca-de-sapatos-para-o-alto-verao-2022\/"},"wordCount":293,"commentCount":0,"publisher":{"@id":"https:\/\/jornalfatosenoticias.com.br\/#organization"},"image":{"@id":"https:\/\/jornalfatosenoticias.com.br\/index.php\/2021\/12\/10\/brenda-riva-anuncia-a-chegada-da-colecao-de-fim-de-ano-de-sua-marca-de-sapatos-para-o-alto-verao-2022\/#primaryimage"},"thumbnailUrl":"https:\/\/jornalfatosenoticias.com.br\/wp-content\/uploads\/2021\/12\/IMG_9070.jpg","keywords":["Brenda Riva","cole\u00e7\u00e3o de fim de ano","estilo","moda","moda ver\u00e3o","rasteirinhas","sand\u00e1lias"],"articleSection":["Comportamento &amp; Equil\u00edbrio"],"inLanguage":"pt-BR","potentialAction":[{"@type":"CommentAction","name":"Comment","target":["https:\/\/jornalfatosenoticias.com.br\/index.php\/2021\/12\/10\/brenda-riva-anuncia-a-chegada-da-colecao-de-fim-de-ano-de-sua-marca-de-sapatos-para-o-alto-verao-2022\/#respond"]}]},{"@type":"WebPage","@id":"https:\/\/jornalfatosenoticias.com.br\/index.php\/2021\/12\/10\/brenda-riva-anuncia-a-chegada-da-colecao-de-fim-de-ano-de-sua-marca-de-sapatos-para-o-alto-verao-2022\/","url":"https:\/\/jornalfatosenoticias.com.br\/index.php\/2021\/12\/10\/brenda-riva-anuncia-a-chegada-da-colecao-de-fim-de-ano-de-sua-marca-de-sapatos-para-o-alto-verao-2022\/","name":"Brenda Riva anuncia a chegada da Cole\u00e7\u00e3o de Fim de Ano de sua marca de sapatos para o alto ver\u00e3o 2022 - Jornal Fatos e Not\u00edcias","isPartOf":{"@id":"https:\/\/jornalfatosenoticias.com.br\/#website"},"primaryImageOfPage":{"@id":"https:\/\/jornalfatosenoticias.com.br\/index.php\/2021\/12\/10\/brenda-riva-anuncia-a-chegada-da-colecao-de-fim-de-ano-de-sua-marca-de-sapatos-para-o-alto-verao-2022\/#primaryimage"},"image":{"@id":"https:\/\/jornalfatosenoticias.com.br\/index.php\/2021\/12\/10\/brenda-riva-anuncia-a-chegada-da-colecao-de-fim-de-ano-de-sua-marca-de-sapatos-para-o-alto-verao-2022\/#primaryimage"},"thumbnailUrl":"https:\/\/jornalfatosenoticias.com.br\/wp-content\/uploads\/2021\/12\/IMG_9070.jpg","datePublished":"2021-12-10T16:19:39+00:00","dateModified":"2021-12-10T16:19:43+00:00","breadcrumb":{"@id":"https:\/\/jornalfatosenoticias.com.br\/index.php\/2021\/12\/10\/brenda-riva-anuncia-a-chegada-da-colecao-de-fim-de-ano-de-sua-marca-de-sapatos-para-o-alto-verao-2022\/#breadcrumb"},"inLanguage":"pt-BR","potentialAction":[{"@type":"ReadAction","target":["https:\/\/jornalfatosenoticias.com.br\/index.php\/2021\/12\/10\/brenda-riva-anuncia-a-chegada-da-colecao-de-fim-de-ano-de-sua-marca-de-sapatos-para-o-alto-verao-2022\/"]}]},{"@type":"ImageObject","inLanguage":"pt-BR","@id":"https:\/\/jornalfatosenoticias.com.br\/index.php\/2021\/12\/10\/brenda-riva-anuncia-a-chegada-da-colecao-de-fim-de-ano-de-sua-marca-de-sapatos-para-o-alto-verao-2022\/#primaryimage","url":"https:\/\/jornalfatosenoticias.com.br\/wp-content\/uploads\/2021\/12\/IMG_9070.jpg","contentUrl":"https:\/\/jornalfatosenoticias.com.br\/wp-content\/uploads\/2021\/12\/IMG_9070.jpg","width":1000,"height":666},{"@type":"BreadcrumbList","@id":"https:\/\/jornalfatosenoticias.com.br\/index.php\/2021\/12\/10\/brenda-riva-anuncia-a-chegada-da-colecao-de-fim-de-ano-de-sua-marca-de-sapatos-para-o-alto-verao-2022\/#breadcrumb","itemListElement":[{"@type":"ListItem","position":1,"name":"In\u00edcio","item":"https:\/\/jornalfatosenoticias.com.br\/"},{"@type":"ListItem","position":2,"name":"Brenda Riva anuncia a chegada da Cole\u00e7\u00e3o de Fim de Ano de sua marca de sapatos para o alto ver\u00e3o 2022"}]},{"@type":"WebSite","@id":"https:\/\/jornalfatosenoticias.com.br\/#website","url":"https:\/\/jornalfatosenoticias.com.br\/","name":"Jornal Fatos e Not\u00edcias","description":"Not\u00edcias em geral","publisher":{"@id":"https:\/\/jornalfatosenoticias.com.br\/#organization"},"potentialAction":[{"@type":"SearchAction","target":{"@type":"EntryPoint","urlTemplate":"https:\/\/jornalfatosenoticias.com.br\/?s={search_term_string}"},"query-input":{"@type":"PropertyValueSpecification","valueRequired":true,"valueName":"search_term_string"}}],"inLanguage":"pt-BR"},{"@type":"Organization","@id":"https:\/\/jornalfatosenoticias.com.br\/#organization","name":"Jornal Fatos e Not\u00edcias","url":"https:\/\/jornalfatosenoticias.com.br\/","logo":{"@type":"ImageObject","inLanguage":"pt-BR","@id":"https:\/\/jornalfatosenoticias.com.br\/#\/schema\/logo\/image\/","url":"https:\/\/jornalfatosenoticias.com.br\/wp-content\/uploads\/2020\/02\/logo120.png","contentUrl":"https:\/\/jornalfatosenoticias.com.br\/wp-content\/uploads\/2020\/02\/logo120.png","width":1227,"height":120,"caption":"Jornal Fatos e Not\u00edcias"},"image":{"@id":"https:\/\/jornalfatosenoticias.com.br\/#\/schema\/logo\/image\/"}},{"@type":"Person","@id":"https:\/\/jornalfatosenoticias.com.br\/#\/schema\/person\/d63837fa13ac8666eb9e74e0985d6f81","name":"Luzimara Fernandes","image":{"@type":"ImageObject","inLanguage":"pt-BR","@id":"https:\/\/jornalfatosenoticias.com.br\/#\/schema\/person\/image\/","url":"https:\/\/jornalfatosenoticias.com.br\/wp-content\/uploads\/2025\/05\/EU_portal.jpg","contentUrl":"https:\/\/jornalfatosenoticias.com.br\/wp-content\/uploads\/2025\/05\/EU_portal.jpg","caption":"Luzimara Fernandes"},"description":"Jornalista MTB 2358-ES","sameAs":["https:\/\/jornalfatosenoticias.com.br"],"url":"https:\/\/jornalfatosenoticias.com.br\/index.php\/author\/luzimara\/"}]}},"cc_featured_image_caption":{"caption_text":"(Foto: Divulga\u00e7\u00e3o)","source_text":"","source_url":""},"jetpack_featured_media_url":"https:\/\/jornalfatosenoticias.com.br\/wp-content\/uploads\/2021\/12\/IMG_9070.jpg","_links":{"self":[{"href":"https:\/\/jornalfatosenoticias.com.br\/index.php\/wp-json\/wp\/v2\/posts\/25805","targetHints":{"allow":["GET"]}}],"collection":[{"href":"https:\/\/jornalfatosenoticias.com.br\/index.php\/wp-json\/wp\/v2\/posts"}],"about":[{"href":"https:\/\/jornalfatosenoticias.com.br\/index.php\/wp-json\/wp\/v2\/types\/post"}],"author":[{"embeddable":true,"href":"https:\/\/jornalfatosenoticias.com.br\/index.php\/wp-json\/wp\/v2\/users\/2"}],"replies":[{"embeddable":true,"href":"https:\/\/jornalfatosenoticias.com.br\/index.php\/wp-json\/wp\/v2\/comments?post=25805"}],"version-history":[{"count":0,"href":"https:\/\/jornalfatosenoticias.com.br\/index.php\/wp-json\/wp\/v2\/posts\/25805\/revisions"}],"wp:featuredmedia":[{"embeddable":true,"href":"https:\/\/jornalfatosenoticias.com.br\/index.php\/wp-json\/wp\/v2\/media\/25810"}],"wp:attachment":[{"href":"https:\/\/jornalfatosenoticias.com.br\/index.php\/wp-json\/wp\/v2\/media?parent=25805"}],"wp:term":[{"taxonomy":"category","embeddable":true,"href":"https:\/\/jornalfatosenoticias.com.br\/index.php\/wp-json\/wp\/v2\/categories?post=25805"},{"taxonomy":"post_tag","embeddable":true,"href":"https:\/\/jornalfatosenoticias.com.br\/index.php\/wp-json\/wp\/v2\/tags?post=25805"}],"curies":[{"name":"wp","href":"https:\/\/api.w.org\/{rel}","templated":true}]}}