{"id":25840,"date":"2021-12-13T12:35:49","date_gmt":"2021-12-13T15:35:49","guid":{"rendered":"https:\/\/jornalfatosenoticias.com.br\/?p=25840"},"modified":"2021-12-13T12:35:52","modified_gmt":"2021-12-13T15:35:52","slug":"cobertura-de-estacao-de-trem-vira-grande-parque-linear","status":"publish","type":"post","link":"https:\/\/jornalfatosenoticias.com.br\/index.php\/2021\/12\/13\/cobertura-de-estacao-de-trem-vira-grande-parque-linear\/","title":{"rendered":"Cobertura de esta\u00e7\u00e3o de trem vira grande parque linear"},"content":{"rendered":"\n<p><em><span class=\"has-inline-color has-black-color\">Telhado sem uso de esta\u00e7\u00e3o e dep\u00f3sito recebeu duas escolas, centro esportivo e espa\u00e7o de lazer<\/span><\/em><\/p>\n\n\n\n<p>A cidade de Shenzhen, na China, \u00e9 conhecida pela sua produ\u00e7\u00e3o de eletr\u00f4nicos, que s\u00e3o exportados para todo o mundo. E tamb\u00e9m \u00e9 o lar de cerca de 17 milh\u00f5es de pessoas \u2014 que poder\u00e3o contar com um novo espa\u00e7o de lazer.<br>Um grande terminal ferrovi\u00e1rio divide espa\u00e7o com um dep\u00f3sito de trens que precisam de reparos. A constru\u00e7\u00e3o fica perto da ponte para Hong Kong e separa \u00e1reas residenciais da orla mar\u00edtima. Outra caracter\u00edstica \u00e9 sua enorme cobertura de cerca de 1,2 quil\u00f4metro de comprimento, com a largura variando entre e 48 a 60 e uma altura de 15 metros.<\/p>\n\n\n\n<div class=\"wp-block-jetpack-slideshow aligncenter\" data-effect=\"slide\"><div class=\"wp-block-jetpack-slideshow_container swiper-container\"><ul class=\"wp-block-jetpack-slideshow_swiper-wrapper swiper-wrapper\"><li class=\"wp-block-jetpack-slideshow_slide swiper-slide\"><figure><img loading=\"lazy\" decoding=\"async\" width=\"1000\" height=\"487\" alt=\"\" class=\"wp-block-jetpack-slideshow_image wp-image-25841\" data-id=\"25841\" src=\"https:\/\/jornalfatosenoticias.com.br\/wp-content\/uploads\/2021\/12\/parque-linear-china-2.jpg\" srcset=\"https:\/\/jornalfatosenoticias.com.br\/wp-content\/uploads\/2021\/12\/parque-linear-china-2.jpg 1000w, https:\/\/jornalfatosenoticias.com.br\/wp-content\/uploads\/2021\/12\/parque-linear-china-2-300x146.jpg 300w, https:\/\/jornalfatosenoticias.com.br\/wp-content\/uploads\/2021\/12\/parque-linear-china-2-768x374.jpg 768w\" sizes=\"auto, (max-width: 1000px) 100vw, 1000px\" \/><figcaption class=\"wp-block-jetpack-slideshow_caption gallery-caption\">Toda esta \u00e1rea n\u00e3o era utilizada, at\u00e9 que um projeto mudou este cen\u00e1rio. O grande teto deu espa\u00e7o a um parque linear (Foto: BAI Yu\/V2com)<\/figcaption><\/figure><\/li><li class=\"wp-block-jetpack-slideshow_slide swiper-slide\"><figure><img loading=\"lazy\" decoding=\"async\" width=\"1000\" height=\"657\" alt=\"\" class=\"wp-block-jetpack-slideshow_image wp-image-25842\" data-id=\"25842\" src=\"https:\/\/jornalfatosenoticias.com.br\/wp-content\/uploads\/2021\/12\/parque-linear-china-3.jpg\" srcset=\"https:\/\/jornalfatosenoticias.com.br\/wp-content\/uploads\/2021\/12\/parque-linear-china-3.jpg 1000w, https:\/\/jornalfatosenoticias.com.br\/wp-content\/uploads\/2021\/12\/parque-linear-china-3-300x197.jpg 300w, https:\/\/jornalfatosenoticias.com.br\/wp-content\/uploads\/2021\/12\/parque-linear-china-3-768x505.jpg 768w\" sizes=\"auto, (max-width: 1000px) 100vw, 1000px\" \/><figcaption class=\"wp-block-jetpack-slideshow_caption gallery-caption\">(Foto: BAI Yu\/V2com)<\/figcaption><\/figure><\/li><\/ul><a class=\"wp-block-jetpack-slideshow_button-prev swiper-button-prev swiper-button-white\" role=\"button\"><\/a><a class=\"wp-block-jetpack-slideshow_button-next swiper-button-next swiper-button-white\" role=\"button\"><\/a><a aria-label=\"Pause Slideshow\" class=\"wp-block-jetpack-slideshow_button-pause\" role=\"button\"><\/a><div class=\"wp-block-jetpack-slideshow_pagination swiper-pagination swiper-pagination-white\"><\/div><\/div><\/div>\n\n\n\n<blockquote class=\"wp-block-quote is-layout-flow wp-block-quote-is-layout-flow\"><p><span class=\"has-inline-color has-luminous-vivid-orange-color\">\u201cO principal objetivo do projeto era aproveitar a \u00e1rea da cobertura existente, mas antes subutilizada, e integrar melhor o edif\u00edcio \u00e0 estrutura do seu entorno, repensando simultaneamente a fun\u00e7\u00e3o c\u00edvica do desenho urbano no s\u00e9culo XXI\u201d, diz o comunicado do Beijing Landscape Architects Crossboundaries<\/span><\/p><\/blockquote>\n\n\n\n<p>\u201cO desafio era acomodar as necessidades de diferentes grupos de usu\u00e1rios: primeiro, melhorar a qualidade da educa\u00e7\u00e3o f\u00edsica nas escolas vizinhas, segundo, fornecer lugares para o p\u00fablico em geral praticar esportes de lazer e, terceiro, estabelecer instala\u00e7\u00f5es para eventos esportivos profissionais e competi\u00e7\u00f5es com p\u00fablico\u201d, explicam os arquitetos do Beijing Landscape Architects Crossboundaries, respons\u00e1veis pelo projeto.<br>O telhado \u00e9 t\u00e3o longo que p\u00f4de ser dividido entre duas escola, uma \u00e1rea de treinamento esportivo profissional e uma \u00e1rea para o p\u00fablico em geral. \u201cEm um sentido funcional, a faixa atende \u00e0s necessidades de m\u00faltiplos grupos de usu\u00e1rios para a facilita\u00e7\u00e3o do esporte e do lazer, tornando-se um centro de recrea\u00e7\u00e3o linear ao servi\u00e7o da vizinhan\u00e7a\u201d, observam os arquitetos.<\/p>\n\n\n\n<figure class=\"wp-block-image size-large\"><img loading=\"lazy\" decoding=\"async\" width=\"1000\" height=\"677\" src=\"https:\/\/jornalfatosenoticias.com.br\/wp-content\/uploads\/2021\/12\/parque-linear-china-5.jpg\" alt=\"\" class=\"wp-image-25844\" srcset=\"https:\/\/jornalfatosenoticias.com.br\/wp-content\/uploads\/2021\/12\/parque-linear-china-5.jpg 1000w, https:\/\/jornalfatosenoticias.com.br\/wp-content\/uploads\/2021\/12\/parque-linear-china-5-300x203.jpg 300w, https:\/\/jornalfatosenoticias.com.br\/wp-content\/uploads\/2021\/12\/parque-linear-china-5-768x520.jpg 768w\" sizes=\"auto, (max-width: 1000px) 100vw, 1000px\" \/><figcaption><em><span class=\"has-inline-color has-black-color\">H\u00e1 uma s\u00e9rie de trilhas em toda a extens\u00e3o do parque, com excelentes vistas da cidade e para o porto, altas o suficiente para que se aviste a grande pra\u00e7a de controle de fronteira que leva \u00e0 ponte para Hong Kong (Foto: BAI Yu\/V2com)<\/span><\/em><\/figcaption><\/figure>\n\n\n\n<p>A sustentabilidade foi uma preocupa\u00e7\u00e3o e crit\u00e9rio para a escolha de materiais e inclus\u00e3o de vastas \u00e1reas verdes no projeto, que usa muita madeira e estruturas arquitet\u00f4nicas perme\u00e1veis, com vegeta\u00e7\u00e3o plantada ao longo dos caminhos fornecendo sombra, ao mesmo tempo que contribui para uma drenagem eficiente e controle de temperatura.<br>\u201cNosso parque linear \u00e9 como um quebra-cabe\u00e7a perdido que se conecta \u00e0s comunidades vizinhas\u201d, conclui Binke Lenhardt, cofundador da Crossboundaries. \u201cO projeto cria a liga\u00e7\u00e3o f\u00edsica e visual necess\u00e1ria entre o tecido urbano e o litoral e, ao longo do percurso, visa satisfazer as necessidades cada vez maiores das escolas e do p\u00fablico por espa\u00e7os de lazer\u201d.<\/p>\n\n\n\n<div class=\"wp-block-group\"><div class=\"wp-block-group__inner-container is-layout-flow wp-block-group-is-layout-flow\">\n<div class=\"wp-block-jetpack-tiled-gallery aligncenter is-style-columns\"><div class=\"tiled-gallery__gallery\"><div class=\"tiled-gallery__row\"><div class=\"tiled-gallery__col\" style=\"flex-basis:49.81232358188734%\"><figure class=\"tiled-gallery__item\"><img decoding=\"async\" alt=\"\" data-height=\"665\" data-id=\"25845\" data-link=\"https:\/\/jornalfatosenoticias.com.br\/?attachment_id=25845\" data-url=\"https:\/\/jornalfatosenoticias.com.br\/wp-content\/uploads\/2021\/12\/parque-linear-china-6.jpg\" data-width=\"1000\" src=\"https:\/\/i1.wp.com\/jornalfatosenoticias.com.br\/wp-content\/uploads\/2021\/12\/parque-linear-china-6.jpg?ssl=1\" layout=\"responsive\"\/><\/figure><\/div><div class=\"tiled-gallery__col\" style=\"flex-basis:50.18767641811267%\"><figure class=\"tiled-gallery__item\"><img decoding=\"async\" alt=\"\" data-height=\"660\" data-id=\"25846\" data-link=\"https:\/\/jornalfatosenoticias.com.br\/?attachment_id=25846\" data-url=\"https:\/\/jornalfatosenoticias.com.br\/wp-content\/uploads\/2021\/12\/parque-linear-china-4-1.jpg\" data-width=\"1000\" src=\"https:\/\/i1.wp.com\/jornalfatosenoticias.com.br\/wp-content\/uploads\/2021\/12\/parque-linear-china-4-1.jpg?ssl=1\" layout=\"responsive\"\/><\/figure><\/div><\/div><\/div><\/div>\n\n\n\n<p><strong><span class=\"has-inline-color has-black-color\">(Fotos: BAI Yu\/V2com)<\/span><\/strong><\/p>\n<\/div><\/div>\n\n\n\n<p><strong><em>Fonte: <a href=\"https:\/\/ciclovivo.com.br\/arq-urb\/urbanismo\/cobertura-de-estacao-de-trem-vira-grande-parque-linear\/\">CicloVivo<\/a><\/em><\/strong><\/p>\n","protected":false},"excerpt":{"rendered":"<p>Telhado sem uso de esta\u00e7\u00e3o e dep\u00f3sito recebeu duas escolas, centro esportivo e espa\u00e7o de lazer A cidade de Shenzhen, na China, \u00e9 conhecida pela sua produ\u00e7\u00e3o de eletr\u00f4nicos, que s\u00e3o exportados para todo o mundo. E tamb\u00e9m \u00e9 o lar de cerca de 17 milh\u00f5es de pessoas \u2014 que poder\u00e3o contar com um novo [&hellip;]<\/p>\n","protected":false},"author":2,"featured_media":25847,"comment_status":"open","ping_status":"open","sticky":false,"template":"","format":"standard","meta":{"footnotes":""},"categories":[744],"tags":[85,10361,12472,12473],"class_list":["post-25840","post","type-post","status-publish","format-standard","has-post-thumbnail","hentry","category-arq-urbanismo","tag-china","tag-estacao-de-trem","tag-shenzhen","tag-telhado"],"yoast_head":"<!-- This site is optimized with the Yoast SEO plugin v26.5 - https:\/\/yoast.com\/wordpress\/plugins\/seo\/ -->\n<title>Cobertura de esta\u00e7\u00e3o de trem vira grande parque linear - Jornal Fatos e Not\u00edcias<\/title>\n<meta name=\"robots\" content=\"index, follow, max-snippet:-1, max-image-preview:large, max-video-preview:-1\" \/>\n<link rel=\"canonical\" href=\"https:\/\/jornalfatosenoticias.com.br\/index.php\/2021\/12\/13\/cobertura-de-estacao-de-trem-vira-grande-parque-linear\/\" \/>\n<meta property=\"og:locale\" content=\"pt_BR\" \/>\n<meta property=\"og:type\" content=\"article\" \/>\n<meta property=\"og:title\" content=\"Cobertura de esta\u00e7\u00e3o de trem vira grande parque linear - Jornal Fatos e Not\u00edcias\" \/>\n<meta property=\"og:description\" content=\"Telhado sem uso de esta\u00e7\u00e3o e dep\u00f3sito recebeu duas escolas, centro esportivo e espa\u00e7o de lazer A cidade de Shenzhen, na China, \u00e9 conhecida pela sua produ\u00e7\u00e3o de eletr\u00f4nicos, que s\u00e3o exportados para todo o mundo. E tamb\u00e9m \u00e9 o lar de cerca de 17 milh\u00f5es de pessoas \u2014 que poder\u00e3o contar com um novo [&hellip;]\" \/>\n<meta property=\"og:url\" content=\"https:\/\/jornalfatosenoticias.com.br\/index.php\/2021\/12\/13\/cobertura-de-estacao-de-trem-vira-grande-parque-linear\/\" \/>\n<meta property=\"og:site_name\" content=\"Jornal Fatos e Not\u00edcias\" \/>\n<meta property=\"article:published_time\" content=\"2021-12-13T15:35:49+00:00\" \/>\n<meta property=\"article:modified_time\" content=\"2021-12-13T15:35:52+00:00\" \/>\n<meta property=\"og:image\" content=\"https:\/\/jornalfatosenoticias.com.br\/wp-content\/uploads\/2021\/12\/parque-linear-china-1.jpg\" \/>\n\t<meta property=\"og:image:width\" content=\"1000\" \/>\n\t<meta property=\"og:image:height\" content=\"665\" \/>\n\t<meta property=\"og:image:type\" content=\"image\/jpeg\" \/>\n<meta name=\"author\" content=\"Luzimara Fernandes\" \/>\n<meta name=\"twitter:card\" content=\"summary_large_image\" \/>\n<meta name=\"twitter:label1\" content=\"Escrito por\" \/>\n\t<meta name=\"twitter:data1\" content=\"Luzimara Fernandes\" \/>\n\t<meta name=\"twitter:label2\" content=\"Est. tempo de leitura\" \/>\n\t<meta name=\"twitter:data2\" content=\"3 minutos\" \/>\n<script type=\"application\/ld+json\" class=\"yoast-schema-graph\">{\"@context\":\"https:\/\/schema.org\",\"@graph\":[{\"@type\":\"Article\",\"@id\":\"https:\/\/jornalfatosenoticias.com.br\/index.php\/2021\/12\/13\/cobertura-de-estacao-de-trem-vira-grande-parque-linear\/#article\",\"isPartOf\":{\"@id\":\"https:\/\/jornalfatosenoticias.com.br\/index.php\/2021\/12\/13\/cobertura-de-estacao-de-trem-vira-grande-parque-linear\/\"},\"author\":{\"name\":\"Luzimara Fernandes\",\"@id\":\"https:\/\/jornalfatosenoticias.com.br\/#\/schema\/person\/d63837fa13ac8666eb9e74e0985d6f81\"},\"headline\":\"Cobertura de esta\u00e7\u00e3o de trem vira grande parque linear\",\"datePublished\":\"2021-12-13T15:35:49+00:00\",\"dateModified\":\"2021-12-13T15:35:52+00:00\",\"mainEntityOfPage\":{\"@id\":\"https:\/\/jornalfatosenoticias.com.br\/index.php\/2021\/12\/13\/cobertura-de-estacao-de-trem-vira-grande-parque-linear\/\"},\"wordCount\":523,\"commentCount\":0,\"publisher\":{\"@id\":\"https:\/\/jornalfatosenoticias.com.br\/#organization\"},\"image\":{\"@id\":\"https:\/\/jornalfatosenoticias.com.br\/index.php\/2021\/12\/13\/cobertura-de-estacao-de-trem-vira-grande-parque-linear\/#primaryimage\"},\"thumbnailUrl\":\"https:\/\/jornalfatosenoticias.com.br\/wp-content\/uploads\/2021\/12\/parque-linear-china-1.jpg\",\"keywords\":[\"china\",\"esta\u00e7\u00e3o de trem\",\"Shenzhen\",\"telhado\"],\"articleSection\":[\"Arq &amp; Urb\"],\"inLanguage\":\"pt-BR\",\"potentialAction\":[{\"@type\":\"CommentAction\",\"name\":\"Comment\",\"target\":[\"https:\/\/jornalfatosenoticias.com.br\/index.php\/2021\/12\/13\/cobertura-de-estacao-de-trem-vira-grande-parque-linear\/#respond\"]}]},{\"@type\":\"WebPage\",\"@id\":\"https:\/\/jornalfatosenoticias.com.br\/index.php\/2021\/12\/13\/cobertura-de-estacao-de-trem-vira-grande-parque-linear\/\",\"url\":\"https:\/\/jornalfatosenoticias.com.br\/index.php\/2021\/12\/13\/cobertura-de-estacao-de-trem-vira-grande-parque-linear\/\",\"name\":\"Cobertura de esta\u00e7\u00e3o de trem vira grande parque linear - Jornal Fatos e Not\u00edcias\",\"isPartOf\":{\"@id\":\"https:\/\/jornalfatosenoticias.com.br\/#website\"},\"primaryImageOfPage\":{\"@id\":\"https:\/\/jornalfatosenoticias.com.br\/index.php\/2021\/12\/13\/cobertura-de-estacao-de-trem-vira-grande-parque-linear\/#primaryimage\"},\"image\":{\"@id\":\"https:\/\/jornalfatosenoticias.com.br\/index.php\/2021\/12\/13\/cobertura-de-estacao-de-trem-vira-grande-parque-linear\/#primaryimage\"},\"thumbnailUrl\":\"https:\/\/jornalfatosenoticias.com.br\/wp-content\/uploads\/2021\/12\/parque-linear-china-1.jpg\",\"datePublished\":\"2021-12-13T15:35:49+00:00\",\"dateModified\":\"2021-12-13T15:35:52+00:00\",\"breadcrumb\":{\"@id\":\"https:\/\/jornalfatosenoticias.com.br\/index.php\/2021\/12\/13\/cobertura-de-estacao-de-trem-vira-grande-parque-linear\/#breadcrumb\"},\"inLanguage\":\"pt-BR\",\"potentialAction\":[{\"@type\":\"ReadAction\",\"target\":[\"https:\/\/jornalfatosenoticias.com.br\/index.php\/2021\/12\/13\/cobertura-de-estacao-de-trem-vira-grande-parque-linear\/\"]}]},{\"@type\":\"ImageObject\",\"inLanguage\":\"pt-BR\",\"@id\":\"https:\/\/jornalfatosenoticias.com.br\/index.php\/2021\/12\/13\/cobertura-de-estacao-de-trem-vira-grande-parque-linear\/#primaryimage\",\"url\":\"https:\/\/jornalfatosenoticias.com.br\/wp-content\/uploads\/2021\/12\/parque-linear-china-1.jpg\",\"contentUrl\":\"https:\/\/jornalfatosenoticias.com.br\/wp-content\/uploads\/2021\/12\/parque-linear-china-1.jpg\",\"width\":1000,\"height\":665},{\"@type\":\"BreadcrumbList\",\"@id\":\"https:\/\/jornalfatosenoticias.com.br\/index.php\/2021\/12\/13\/cobertura-de-estacao-de-trem-vira-grande-parque-linear\/#breadcrumb\",\"itemListElement\":[{\"@type\":\"ListItem\",\"position\":1,\"name\":\"In\u00edcio\",\"item\":\"https:\/\/jornalfatosenoticias.com.br\/\"},{\"@type\":\"ListItem\",\"position\":2,\"name\":\"Cobertura de esta\u00e7\u00e3o de trem vira grande parque linear\"}]},{\"@type\":\"WebSite\",\"@id\":\"https:\/\/jornalfatosenoticias.com.br\/#website\",\"url\":\"https:\/\/jornalfatosenoticias.com.br\/\",\"name\":\"Jornal Fatos e Not\u00edcias\",\"description\":\"Not\u00edcias em geral\",\"publisher\":{\"@id\":\"https:\/\/jornalfatosenoticias.com.br\/#organization\"},\"potentialAction\":[{\"@type\":\"SearchAction\",\"target\":{\"@type\":\"EntryPoint\",\"urlTemplate\":\"https:\/\/jornalfatosenoticias.com.br\/?s={search_term_string}\"},\"query-input\":{\"@type\":\"PropertyValueSpecification\",\"valueRequired\":true,\"valueName\":\"search_term_string\"}}],\"inLanguage\":\"pt-BR\"},{\"@type\":\"Organization\",\"@id\":\"https:\/\/jornalfatosenoticias.com.br\/#organization\",\"name\":\"Jornal Fatos e Not\u00edcias\",\"url\":\"https:\/\/jornalfatosenoticias.com.br\/\",\"logo\":{\"@type\":\"ImageObject\",\"inLanguage\":\"pt-BR\",\"@id\":\"https:\/\/jornalfatosenoticias.com.br\/#\/schema\/logo\/image\/\",\"url\":\"https:\/\/jornalfatosenoticias.com.br\/wp-content\/uploads\/2020\/02\/logo120.png\",\"contentUrl\":\"https:\/\/jornalfatosenoticias.com.br\/wp-content\/uploads\/2020\/02\/logo120.png\",\"width\":1227,\"height\":120,\"caption\":\"Jornal Fatos e Not\u00edcias\"},\"image\":{\"@id\":\"https:\/\/jornalfatosenoticias.com.br\/#\/schema\/logo\/image\/\"}},{\"@type\":\"Person\",\"@id\":\"https:\/\/jornalfatosenoticias.com.br\/#\/schema\/person\/d63837fa13ac8666eb9e74e0985d6f81\",\"name\":\"Luzimara Fernandes\",\"image\":{\"@type\":\"ImageObject\",\"inLanguage\":\"pt-BR\",\"@id\":\"https:\/\/jornalfatosenoticias.com.br\/#\/schema\/person\/image\/\",\"url\":\"https:\/\/jornalfatosenoticias.com.br\/wp-content\/uploads\/2025\/05\/EU_portal.jpg\",\"contentUrl\":\"https:\/\/jornalfatosenoticias.com.br\/wp-content\/uploads\/2025\/05\/EU_portal.jpg\",\"caption\":\"Luzimara Fernandes\"},\"description\":\"Jornalista MTB 2358-ES\",\"sameAs\":[\"https:\/\/jornalfatosenoticias.com.br\"],\"url\":\"https:\/\/jornalfatosenoticias.com.br\/index.php\/author\/luzimara\/\"}]}<\/script>\n<!-- \/ Yoast SEO plugin. -->","yoast_head_json":{"title":"Cobertura de esta\u00e7\u00e3o de trem vira grande parque linear - Jornal Fatos e Not\u00edcias","robots":{"index":"index","follow":"follow","max-snippet":"max-snippet:-1","max-image-preview":"max-image-preview:large","max-video-preview":"max-video-preview:-1"},"canonical":"https:\/\/jornalfatosenoticias.com.br\/index.php\/2021\/12\/13\/cobertura-de-estacao-de-trem-vira-grande-parque-linear\/","og_locale":"pt_BR","og_type":"article","og_title":"Cobertura de esta\u00e7\u00e3o de trem vira grande parque linear - Jornal Fatos e Not\u00edcias","og_description":"Telhado sem uso de esta\u00e7\u00e3o e dep\u00f3sito recebeu duas escolas, centro esportivo e espa\u00e7o de lazer A cidade de Shenzhen, na China, \u00e9 conhecida pela sua produ\u00e7\u00e3o de eletr\u00f4nicos, que s\u00e3o exportados para todo o mundo. E tamb\u00e9m \u00e9 o lar de cerca de 17 milh\u00f5es de pessoas \u2014 que poder\u00e3o contar com um novo [&hellip;]","og_url":"https:\/\/jornalfatosenoticias.com.br\/index.php\/2021\/12\/13\/cobertura-de-estacao-de-trem-vira-grande-parque-linear\/","og_site_name":"Jornal Fatos e Not\u00edcias","article_published_time":"2021-12-13T15:35:49+00:00","article_modified_time":"2021-12-13T15:35:52+00:00","og_image":[{"width":1000,"height":665,"url":"https:\/\/jornalfatosenoticias.com.br\/wp-content\/uploads\/2021\/12\/parque-linear-china-1.jpg","type":"image\/jpeg"}],"author":"Luzimara Fernandes","twitter_card":"summary_large_image","twitter_misc":{"Escrito por":"Luzimara Fernandes","Est. tempo de leitura":"3 minutos"},"schema":{"@context":"https:\/\/schema.org","@graph":[{"@type":"Article","@id":"https:\/\/jornalfatosenoticias.com.br\/index.php\/2021\/12\/13\/cobertura-de-estacao-de-trem-vira-grande-parque-linear\/#article","isPartOf":{"@id":"https:\/\/jornalfatosenoticias.com.br\/index.php\/2021\/12\/13\/cobertura-de-estacao-de-trem-vira-grande-parque-linear\/"},"author":{"name":"Luzimara Fernandes","@id":"https:\/\/jornalfatosenoticias.com.br\/#\/schema\/person\/d63837fa13ac8666eb9e74e0985d6f81"},"headline":"Cobertura de esta\u00e7\u00e3o de trem vira grande parque linear","datePublished":"2021-12-13T15:35:49+00:00","dateModified":"2021-12-13T15:35:52+00:00","mainEntityOfPage":{"@id":"https:\/\/jornalfatosenoticias.com.br\/index.php\/2021\/12\/13\/cobertura-de-estacao-de-trem-vira-grande-parque-linear\/"},"wordCount":523,"commentCount":0,"publisher":{"@id":"https:\/\/jornalfatosenoticias.com.br\/#organization"},"image":{"@id":"https:\/\/jornalfatosenoticias.com.br\/index.php\/2021\/12\/13\/cobertura-de-estacao-de-trem-vira-grande-parque-linear\/#primaryimage"},"thumbnailUrl":"https:\/\/jornalfatosenoticias.com.br\/wp-content\/uploads\/2021\/12\/parque-linear-china-1.jpg","keywords":["china","esta\u00e7\u00e3o de trem","Shenzhen","telhado"],"articleSection":["Arq &amp; Urb"],"inLanguage":"pt-BR","potentialAction":[{"@type":"CommentAction","name":"Comment","target":["https:\/\/jornalfatosenoticias.com.br\/index.php\/2021\/12\/13\/cobertura-de-estacao-de-trem-vira-grande-parque-linear\/#respond"]}]},{"@type":"WebPage","@id":"https:\/\/jornalfatosenoticias.com.br\/index.php\/2021\/12\/13\/cobertura-de-estacao-de-trem-vira-grande-parque-linear\/","url":"https:\/\/jornalfatosenoticias.com.br\/index.php\/2021\/12\/13\/cobertura-de-estacao-de-trem-vira-grande-parque-linear\/","name":"Cobertura de esta\u00e7\u00e3o de trem vira grande parque linear - Jornal Fatos e Not\u00edcias","isPartOf":{"@id":"https:\/\/jornalfatosenoticias.com.br\/#website"},"primaryImageOfPage":{"@id":"https:\/\/jornalfatosenoticias.com.br\/index.php\/2021\/12\/13\/cobertura-de-estacao-de-trem-vira-grande-parque-linear\/#primaryimage"},"image":{"@id":"https:\/\/jornalfatosenoticias.com.br\/index.php\/2021\/12\/13\/cobertura-de-estacao-de-trem-vira-grande-parque-linear\/#primaryimage"},"thumbnailUrl":"https:\/\/jornalfatosenoticias.com.br\/wp-content\/uploads\/2021\/12\/parque-linear-china-1.jpg","datePublished":"2021-12-13T15:35:49+00:00","dateModified":"2021-12-13T15:35:52+00:00","breadcrumb":{"@id":"https:\/\/jornalfatosenoticias.com.br\/index.php\/2021\/12\/13\/cobertura-de-estacao-de-trem-vira-grande-parque-linear\/#breadcrumb"},"inLanguage":"pt-BR","potentialAction":[{"@type":"ReadAction","target":["https:\/\/jornalfatosenoticias.com.br\/index.php\/2021\/12\/13\/cobertura-de-estacao-de-trem-vira-grande-parque-linear\/"]}]},{"@type":"ImageObject","inLanguage":"pt-BR","@id":"https:\/\/jornalfatosenoticias.com.br\/index.php\/2021\/12\/13\/cobertura-de-estacao-de-trem-vira-grande-parque-linear\/#primaryimage","url":"https:\/\/jornalfatosenoticias.com.br\/wp-content\/uploads\/2021\/12\/parque-linear-china-1.jpg","contentUrl":"https:\/\/jornalfatosenoticias.com.br\/wp-content\/uploads\/2021\/12\/parque-linear-china-1.jpg","width":1000,"height":665},{"@type":"BreadcrumbList","@id":"https:\/\/jornalfatosenoticias.com.br\/index.php\/2021\/12\/13\/cobertura-de-estacao-de-trem-vira-grande-parque-linear\/#breadcrumb","itemListElement":[{"@type":"ListItem","position":1,"name":"In\u00edcio","item":"https:\/\/jornalfatosenoticias.com.br\/"},{"@type":"ListItem","position":2,"name":"Cobertura de esta\u00e7\u00e3o de trem vira grande parque linear"}]},{"@type":"WebSite","@id":"https:\/\/jornalfatosenoticias.com.br\/#website","url":"https:\/\/jornalfatosenoticias.com.br\/","name":"Jornal Fatos e Not\u00edcias","description":"Not\u00edcias em geral","publisher":{"@id":"https:\/\/jornalfatosenoticias.com.br\/#organization"},"potentialAction":[{"@type":"SearchAction","target":{"@type":"EntryPoint","urlTemplate":"https:\/\/jornalfatosenoticias.com.br\/?s={search_term_string}"},"query-input":{"@type":"PropertyValueSpecification","valueRequired":true,"valueName":"search_term_string"}}],"inLanguage":"pt-BR"},{"@type":"Organization","@id":"https:\/\/jornalfatosenoticias.com.br\/#organization","name":"Jornal Fatos e Not\u00edcias","url":"https:\/\/jornalfatosenoticias.com.br\/","logo":{"@type":"ImageObject","inLanguage":"pt-BR","@id":"https:\/\/jornalfatosenoticias.com.br\/#\/schema\/logo\/image\/","url":"https:\/\/jornalfatosenoticias.com.br\/wp-content\/uploads\/2020\/02\/logo120.png","contentUrl":"https:\/\/jornalfatosenoticias.com.br\/wp-content\/uploads\/2020\/02\/logo120.png","width":1227,"height":120,"caption":"Jornal Fatos e Not\u00edcias"},"image":{"@id":"https:\/\/jornalfatosenoticias.com.br\/#\/schema\/logo\/image\/"}},{"@type":"Person","@id":"https:\/\/jornalfatosenoticias.com.br\/#\/schema\/person\/d63837fa13ac8666eb9e74e0985d6f81","name":"Luzimara Fernandes","image":{"@type":"ImageObject","inLanguage":"pt-BR","@id":"https:\/\/jornalfatosenoticias.com.br\/#\/schema\/person\/image\/","url":"https:\/\/jornalfatosenoticias.com.br\/wp-content\/uploads\/2025\/05\/EU_portal.jpg","contentUrl":"https:\/\/jornalfatosenoticias.com.br\/wp-content\/uploads\/2025\/05\/EU_portal.jpg","caption":"Luzimara Fernandes"},"description":"Jornalista MTB 2358-ES","sameAs":["https:\/\/jornalfatosenoticias.com.br"],"url":"https:\/\/jornalfatosenoticias.com.br\/index.php\/author\/luzimara\/"}]}},"cc_featured_image_caption":{"caption_text":"(Foto: BAI Yu\/V2com)  ","source_text":"","source_url":""},"jetpack_featured_media_url":"https:\/\/jornalfatosenoticias.com.br\/wp-content\/uploads\/2021\/12\/parque-linear-china-1.jpg","_links":{"self":[{"href":"https:\/\/jornalfatosenoticias.com.br\/index.php\/wp-json\/wp\/v2\/posts\/25840","targetHints":{"allow":["GET"]}}],"collection":[{"href":"https:\/\/jornalfatosenoticias.com.br\/index.php\/wp-json\/wp\/v2\/posts"}],"about":[{"href":"https:\/\/jornalfatosenoticias.com.br\/index.php\/wp-json\/wp\/v2\/types\/post"}],"author":[{"embeddable":true,"href":"https:\/\/jornalfatosenoticias.com.br\/index.php\/wp-json\/wp\/v2\/users\/2"}],"replies":[{"embeddable":true,"href":"https:\/\/jornalfatosenoticias.com.br\/index.php\/wp-json\/wp\/v2\/comments?post=25840"}],"version-history":[{"count":0,"href":"https:\/\/jornalfatosenoticias.com.br\/index.php\/wp-json\/wp\/v2\/posts\/25840\/revisions"}],"wp:featuredmedia":[{"embeddable":true,"href":"https:\/\/jornalfatosenoticias.com.br\/index.php\/wp-json\/wp\/v2\/media\/25847"}],"wp:attachment":[{"href":"https:\/\/jornalfatosenoticias.com.br\/index.php\/wp-json\/wp\/v2\/media?parent=25840"}],"wp:term":[{"taxonomy":"category","embeddable":true,"href":"https:\/\/jornalfatosenoticias.com.br\/index.php\/wp-json\/wp\/v2\/categories?post=25840"},{"taxonomy":"post_tag","embeddable":true,"href":"https:\/\/jornalfatosenoticias.com.br\/index.php\/wp-json\/wp\/v2\/tags?post=25840"}],"curies":[{"name":"wp","href":"https:\/\/api.w.org\/{rel}","templated":true}]}}