{"id":2588,"date":"2020-03-31T11:26:58","date_gmt":"2020-03-31T14:26:58","guid":{"rendered":"https:\/\/jornalfatosenoticias.com.br\/?p=2588"},"modified":"2020-03-31T11:27:03","modified_gmt":"2020-03-31T14:27:03","slug":"em-tempos-de-coronavirus-nao-nos-esquecamos-da-gripe-do-sarampo-da-dengue","status":"publish","type":"post","link":"https:\/\/jornalfatosenoticias.com.br\/index.php\/2020\/03\/31\/em-tempos-de-coronavirus-nao-nos-esquecamos-da-gripe-do-sarampo-da-dengue\/","title":{"rendered":"Em tempos de coronav\u00edrus, n\u00e3o nos esque\u00e7amos da gripe, do sarampo, da dengue&#8230;"},"content":{"rendered":"\n<h6 class=\"wp-block-heading\"><em>A prolifera\u00e7\u00e3o do novo v\u00edrus e da doen\u00e7a causada por ele preocupam, mas outros problemas, ainda persistentes, n\u00e3o podem ser relegados<\/em><\/h6>\n\n\n\n<p>O Brasil tem, at\u00e9 esta segunda-feira (30), a confirma\u00e7\u00e3o de 159 mortos e 4.579 infectados, com uma taxa de letalidade de 3,5%. Em todo o mundo, mais de 786 mil pessoas contra\u00edram o v\u00edrus Sars-Cov-2 e 38 mil perderam suas vidas. A Covid-19 matou 849 pessoas em um dia na Espanha, informou nesta ter\u00e7a-feira (31) o Minist\u00e9rio da Sa\u00fade local, que reportou ainda que 94.417 pessoas foram contaminadas e, destas, mais de 50 mil tiveram de ser hospitalizadas. Da\u00ed a preocupa\u00e7\u00e3o global com o surto epid\u00eamico. Al\u00e9m da pandemia, quando h\u00e1 transmiss\u00e3o sustentada em v\u00e1rios continentes, o Brasil vem sendo assolado pela dengue. <br>\nDe acordo com Lisa Maragakis, diretora s\u00eanior de preven\u00e7\u00e3o a infec\u00e7\u00f5es na Jonhs Hopkins Medicine, nos Estados Unidos, a gripe est\u00e1 apresentando um maior impacto nos americanos no inverno deste ano do que a covid-19. Segundo o Centers for Disease Control and Prevention (CDC), tamb\u00e9m nos Estados Unidos, as estimativas apontam que houve 34 milh\u00f5es de casos de gripe, 350 mil hospitaliza\u00e7\u00f5es e 20 mil mortes na esta\u00e7\u00e3o do frio \u2013 esta\u00e7\u00e3o na qual o v\u00edrus por tr\u00e1s dessa infec\u00e7\u00e3o respirat\u00f3ria costuma proliferar. <br>\n\u201cO coronav\u00edrus est\u00e1 tendo essa aten\u00e7\u00e3o porque come\u00e7ou agora\u201d, diz Alfredo Gilio, m\u00e9dico coordenador da Cl\u00ednica de Imuniza\u00e7\u00f5es do Hospital Israelita Albert Einstein. \u201cMas h\u00e1 uma diferen\u00e7a de escala brutal entre o covid-19 e a gripe at\u00e9 o momento\u201d. O pediatra Juarez Cunha, que \u00e9 presidente da Sociedade Brasileira de Imuniza\u00e7\u00f5es, diz: \u201cTodo mundo est\u00e1 preocupado com uma doen\u00e7a que n\u00e3o est\u00e1 t\u00e3o presente quanto outras que causam mais mortes, como gripe, sarampo e febre amarela\u201d. Para ter uma ideia, em 2019 foram cerca de um bilh\u00e3o de casos de gripe no planeta, com 291 mil a 646 mil mortes. No Brasil, de acordo com informa\u00e7\u00f5es preliminares do Minist\u00e9rio da Sa\u00fade, at\u00e9 29 de fevereiro deste ano foram registrados 90 casos, com seis mortes \u2013 em 2019, houve 5.714 casos e 1.109 \u00f3bitos. A t\u00edtulo de compara\u00e7\u00e3o, sua letalidade \u00e9 de 0,1% e a do coronav\u00edrus, 3,4%. Sem contar que existe vacina contra gripe. Para o novo v\u00edrus que veio da China, as pesquisas ainda est\u00e3o em andamento. \u201cH\u00e1 tr\u00eas imunizantes em estudo\u201d, fala Cunha. <br>\nOutro problema para o qual existe vacina e que provocou surtos em v\u00e1rios pa\u00edses no ano passado, inclusive o Brasil, foi o sarampo. Um dos motivos foi a queda nas taxas de imuniza\u00e7\u00e3o, em parte estimuladas pelos grupos antivacina. Foram 18.203 casos confirmados entre n\u00f3s, com 15 mortes, sendo 14 em S\u00e3o Paulo, onde houve uma irrup\u00e7\u00e3o com 16.090 ocorr\u00eancias. Chegamos a perder o certificado de pa\u00eds livre da doen\u00e7a outorgado pela Organiza\u00e7\u00e3o Panamericana de Sa\u00fade (Opas) em 2016.<br>\nNo quesito de doen\u00e7as transmitidas pelo mosquito Aedes aegypti, a dengue, segundo o Minist\u00e9rio da Sa\u00fade, contabilizou 1.544.987 de casos prov\u00e1veis no ano passado, aumento de 488% em rela\u00e7\u00e3o a 2018, com 728 \u00f3bitos. As ocorr\u00eancias de Chikungunya ficaram no patamar de 132.205 e as de Zika, 10.768. <br>\nS\u00e3o n\u00fameros que impressionam. Todos os cuidados que t\u00eam sido tomados ao redor do mundo s\u00e3o v\u00e1lidos. <\/p>\n\n\n\n<h4 class=\"wp-block-heading\">Campanha de vacina\u00e7\u00e3o contra a gripe antecipada <\/h4>\n\n\n\n<p>O Minist\u00e9rio da Sa\u00fade anunciou na semana passada que vai antecipar a vacina\u00e7\u00e3o contra a Influenza, o nome cient\u00edfico da gripe, para reduzir o n\u00famero de pessoas com a enfermidade no inverno. A campanha come\u00e7ou no dia 23 de mar\u00e7o e n\u00e3o mais na segunda quinzena de abril. Gestantes, crian\u00e7as at\u00e9 seis anos, mulheres at\u00e9 45 dias ap\u00f3s o parto e idosos, historicamente mais vulner\u00e1veis ao problema, ter\u00e3o prioridade. Segundo o ministro da Sa\u00fade, Luiz Henrique Mandetta, mesmo que a vacina n\u00e3o apresente efic\u00e1cia contra o coronav\u00edrus, \u00e9 uma forma de auxiliar os profissionais de sa\u00fade a descartarem as influenzas na triagem e acelerarem o diagn\u00f3stico para o novo v\u00edrus. At\u00e9 porque os sintomas da gripe e da covid-19 s\u00e3o semelhantes: febre, tosse, fadiga, dores pelo corpo e, \u00e0s vezes, h\u00e1 v\u00f4mito e diarreia. <\/p>\n\n\n\n<p><strong><em>Fonte: Ag\u00eancia Einstein<\/em><\/strong><\/p>\n","protected":false},"excerpt":{"rendered":"<p>A prolifera\u00e7\u00e3o do novo v\u00edrus e da doen\u00e7a causada por ele preocupam, mas outros problemas, ainda persistentes, n\u00e3o podem ser relegados O Brasil tem, at\u00e9 esta segunda-feira (30), a confirma\u00e7\u00e3o de 159 mortos e 4.579 infectados, com uma taxa de letalidade de 3,5%. Em todo o mundo, mais de 786 mil pessoas contra\u00edram o v\u00edrus [&hellip;]<\/p>\n","protected":false},"author":2,"featured_media":2589,"comment_status":"open","ping_status":"open","sticky":false,"template":"","format":"standard","meta":{"footnotes":""},"categories":[11],"tags":[129,127,1227,566,1225,569,1226,128],"class_list":["post-2588","post","type-post","status-publish","format-standard","has-post-thumbnail","hentry","category-saude","tag-chikungunya","tag-dengue","tag-diarreia","tag-gripe","tag-novo-virus","tag-sarampo","tag-vomito","tag-zika"],"yoast_head":"<!-- This site is optimized with the Yoast SEO plugin v26.5 - https:\/\/yoast.com\/wordpress\/plugins\/seo\/ -->\n<title>Em tempos de coronav\u00edrus, n\u00e3o nos esque\u00e7amos da gripe, do sarampo, da dengue... - Jornal Fatos e Not\u00edcias<\/title>\n<meta name=\"robots\" content=\"index, follow, max-snippet:-1, max-image-preview:large, max-video-preview:-1\" \/>\n<link rel=\"canonical\" href=\"https:\/\/jornalfatosenoticias.com.br\/index.php\/2020\/03\/31\/em-tempos-de-coronavirus-nao-nos-esquecamos-da-gripe-do-sarampo-da-dengue\/\" \/>\n<meta property=\"og:locale\" content=\"pt_BR\" \/>\n<meta property=\"og:type\" content=\"article\" \/>\n<meta property=\"og:title\" content=\"Em tempos de coronav\u00edrus, n\u00e3o nos esque\u00e7amos da gripe, do sarampo, da dengue... - Jornal Fatos e Not\u00edcias\" \/>\n<meta property=\"og:description\" content=\"A prolifera\u00e7\u00e3o do novo v\u00edrus e da doen\u00e7a causada por ele preocupam, mas outros problemas, ainda persistentes, n\u00e3o podem ser relegados O Brasil tem, at\u00e9 esta segunda-feira (30), a confirma\u00e7\u00e3o de 159 mortos e 4.579 infectados, com uma taxa de letalidade de 3,5%. Em todo o mundo, mais de 786 mil pessoas contra\u00edram o v\u00edrus [&hellip;]\" \/>\n<meta property=\"og:url\" content=\"https:\/\/jornalfatosenoticias.com.br\/index.php\/2020\/03\/31\/em-tempos-de-coronavirus-nao-nos-esquecamos-da-gripe-do-sarampo-da-dengue\/\" \/>\n<meta property=\"og:site_name\" content=\"Jornal Fatos e Not\u00edcias\" \/>\n<meta property=\"article:published_time\" content=\"2020-03-31T14:26:58+00:00\" \/>\n<meta property=\"article:modified_time\" content=\"2020-03-31T14:27:03+00:00\" \/>\n<meta property=\"og:image\" content=\"https:\/\/jornalfatosenoticias.com.br\/wp-content\/uploads\/2020\/03\/novo-coronavirus.jpg\" \/>\n\t<meta property=\"og:image:width\" content=\"1000\" \/>\n\t<meta property=\"og:image:height\" content=\"478\" \/>\n\t<meta property=\"og:image:type\" content=\"image\/jpeg\" \/>\n<meta name=\"author\" content=\"Luzimara Fernandes\" \/>\n<meta name=\"twitter:card\" content=\"summary_large_image\" \/>\n<meta name=\"twitter:label1\" content=\"Escrito por\" \/>\n\t<meta name=\"twitter:data1\" content=\"Luzimara Fernandes\" \/>\n\t<meta name=\"twitter:label2\" content=\"Est. tempo de leitura\" \/>\n\t<meta name=\"twitter:data2\" content=\"4 minutos\" \/>\n<script type=\"application\/ld+json\" class=\"yoast-schema-graph\">{\"@context\":\"https:\/\/schema.org\",\"@graph\":[{\"@type\":\"Article\",\"@id\":\"https:\/\/jornalfatosenoticias.com.br\/index.php\/2020\/03\/31\/em-tempos-de-coronavirus-nao-nos-esquecamos-da-gripe-do-sarampo-da-dengue\/#article\",\"isPartOf\":{\"@id\":\"https:\/\/jornalfatosenoticias.com.br\/index.php\/2020\/03\/31\/em-tempos-de-coronavirus-nao-nos-esquecamos-da-gripe-do-sarampo-da-dengue\/\"},\"author\":{\"name\":\"Luzimara Fernandes\",\"@id\":\"https:\/\/jornalfatosenoticias.com.br\/#\/schema\/person\/d63837fa13ac8666eb9e74e0985d6f81\"},\"headline\":\"Em tempos de coronav\u00edrus, n\u00e3o nos esque\u00e7amos da gripe, do sarampo, da dengue&#8230;\",\"datePublished\":\"2020-03-31T14:26:58+00:00\",\"dateModified\":\"2020-03-31T14:27:03+00:00\",\"mainEntityOfPage\":{\"@id\":\"https:\/\/jornalfatosenoticias.com.br\/index.php\/2020\/03\/31\/em-tempos-de-coronavirus-nao-nos-esquecamos-da-gripe-do-sarampo-da-dengue\/\"},\"wordCount\":738,\"commentCount\":0,\"publisher\":{\"@id\":\"https:\/\/jornalfatosenoticias.com.br\/#organization\"},\"image\":{\"@id\":\"https:\/\/jornalfatosenoticias.com.br\/index.php\/2020\/03\/31\/em-tempos-de-coronavirus-nao-nos-esquecamos-da-gripe-do-sarampo-da-dengue\/#primaryimage\"},\"thumbnailUrl\":\"https:\/\/jornalfatosenoticias.com.br\/wp-content\/uploads\/2020\/03\/novo-coronavirus.jpg\",\"keywords\":[\"chikungunya\",\"dengue\",\"diarreia\",\"gripe\",\"novo v\u00edrus\",\"sarampo\",\"v\u00f4mito\",\"zika\"],\"articleSection\":[\"Sa\u00fade\"],\"inLanguage\":\"pt-BR\",\"potentialAction\":[{\"@type\":\"CommentAction\",\"name\":\"Comment\",\"target\":[\"https:\/\/jornalfatosenoticias.com.br\/index.php\/2020\/03\/31\/em-tempos-de-coronavirus-nao-nos-esquecamos-da-gripe-do-sarampo-da-dengue\/#respond\"]}]},{\"@type\":\"WebPage\",\"@id\":\"https:\/\/jornalfatosenoticias.com.br\/index.php\/2020\/03\/31\/em-tempos-de-coronavirus-nao-nos-esquecamos-da-gripe-do-sarampo-da-dengue\/\",\"url\":\"https:\/\/jornalfatosenoticias.com.br\/index.php\/2020\/03\/31\/em-tempos-de-coronavirus-nao-nos-esquecamos-da-gripe-do-sarampo-da-dengue\/\",\"name\":\"Em tempos de coronav\u00edrus, n\u00e3o nos esque\u00e7amos da gripe, do sarampo, da dengue... - Jornal Fatos e Not\u00edcias\",\"isPartOf\":{\"@id\":\"https:\/\/jornalfatosenoticias.com.br\/#website\"},\"primaryImageOfPage\":{\"@id\":\"https:\/\/jornalfatosenoticias.com.br\/index.php\/2020\/03\/31\/em-tempos-de-coronavirus-nao-nos-esquecamos-da-gripe-do-sarampo-da-dengue\/#primaryimage\"},\"image\":{\"@id\":\"https:\/\/jornalfatosenoticias.com.br\/index.php\/2020\/03\/31\/em-tempos-de-coronavirus-nao-nos-esquecamos-da-gripe-do-sarampo-da-dengue\/#primaryimage\"},\"thumbnailUrl\":\"https:\/\/jornalfatosenoticias.com.br\/wp-content\/uploads\/2020\/03\/novo-coronavirus.jpg\",\"datePublished\":\"2020-03-31T14:26:58+00:00\",\"dateModified\":\"2020-03-31T14:27:03+00:00\",\"breadcrumb\":{\"@id\":\"https:\/\/jornalfatosenoticias.com.br\/index.php\/2020\/03\/31\/em-tempos-de-coronavirus-nao-nos-esquecamos-da-gripe-do-sarampo-da-dengue\/#breadcrumb\"},\"inLanguage\":\"pt-BR\",\"potentialAction\":[{\"@type\":\"ReadAction\",\"target\":[\"https:\/\/jornalfatosenoticias.com.br\/index.php\/2020\/03\/31\/em-tempos-de-coronavirus-nao-nos-esquecamos-da-gripe-do-sarampo-da-dengue\/\"]}]},{\"@type\":\"ImageObject\",\"inLanguage\":\"pt-BR\",\"@id\":\"https:\/\/jornalfatosenoticias.com.br\/index.php\/2020\/03\/31\/em-tempos-de-coronavirus-nao-nos-esquecamos-da-gripe-do-sarampo-da-dengue\/#primaryimage\",\"url\":\"https:\/\/jornalfatosenoticias.com.br\/wp-content\/uploads\/2020\/03\/novo-coronavirus.jpg\",\"contentUrl\":\"https:\/\/jornalfatosenoticias.com.br\/wp-content\/uploads\/2020\/03\/novo-coronavirus.jpg\",\"width\":1000,\"height\":478},{\"@type\":\"BreadcrumbList\",\"@id\":\"https:\/\/jornalfatosenoticias.com.br\/index.php\/2020\/03\/31\/em-tempos-de-coronavirus-nao-nos-esquecamos-da-gripe-do-sarampo-da-dengue\/#breadcrumb\",\"itemListElement\":[{\"@type\":\"ListItem\",\"position\":1,\"name\":\"In\u00edcio\",\"item\":\"https:\/\/jornalfatosenoticias.com.br\/\"},{\"@type\":\"ListItem\",\"position\":2,\"name\":\"Em tempos de coronav\u00edrus, n\u00e3o nos esque\u00e7amos da gripe, do sarampo, da dengue&#8230;\"}]},{\"@type\":\"WebSite\",\"@id\":\"https:\/\/jornalfatosenoticias.com.br\/#website\",\"url\":\"https:\/\/jornalfatosenoticias.com.br\/\",\"name\":\"Jornal Fatos e Not\u00edcias\",\"description\":\"Not\u00edcias em geral\",\"publisher\":{\"@id\":\"https:\/\/jornalfatosenoticias.com.br\/#organization\"},\"potentialAction\":[{\"@type\":\"SearchAction\",\"target\":{\"@type\":\"EntryPoint\",\"urlTemplate\":\"https:\/\/jornalfatosenoticias.com.br\/?s={search_term_string}\"},\"query-input\":{\"@type\":\"PropertyValueSpecification\",\"valueRequired\":true,\"valueName\":\"search_term_string\"}}],\"inLanguage\":\"pt-BR\"},{\"@type\":\"Organization\",\"@id\":\"https:\/\/jornalfatosenoticias.com.br\/#organization\",\"name\":\"Jornal Fatos e Not\u00edcias\",\"url\":\"https:\/\/jornalfatosenoticias.com.br\/\",\"logo\":{\"@type\":\"ImageObject\",\"inLanguage\":\"pt-BR\",\"@id\":\"https:\/\/jornalfatosenoticias.com.br\/#\/schema\/logo\/image\/\",\"url\":\"https:\/\/jornalfatosenoticias.com.br\/wp-content\/uploads\/2020\/02\/logo120.png\",\"contentUrl\":\"https:\/\/jornalfatosenoticias.com.br\/wp-content\/uploads\/2020\/02\/logo120.png\",\"width\":1227,\"height\":120,\"caption\":\"Jornal Fatos e Not\u00edcias\"},\"image\":{\"@id\":\"https:\/\/jornalfatosenoticias.com.br\/#\/schema\/logo\/image\/\"}},{\"@type\":\"Person\",\"@id\":\"https:\/\/jornalfatosenoticias.com.br\/#\/schema\/person\/d63837fa13ac8666eb9e74e0985d6f81\",\"name\":\"Luzimara Fernandes\",\"image\":{\"@type\":\"ImageObject\",\"inLanguage\":\"pt-BR\",\"@id\":\"https:\/\/jornalfatosenoticias.com.br\/#\/schema\/person\/image\/\",\"url\":\"https:\/\/jornalfatosenoticias.com.br\/wp-content\/uploads\/2025\/05\/EU_portal.jpg\",\"contentUrl\":\"https:\/\/jornalfatosenoticias.com.br\/wp-content\/uploads\/2025\/05\/EU_portal.jpg\",\"caption\":\"Luzimara Fernandes\"},\"description\":\"Jornalista MTB 2358-ES\",\"sameAs\":[\"https:\/\/jornalfatosenoticias.com.br\"],\"url\":\"https:\/\/jornalfatosenoticias.com.br\/index.php\/author\/luzimara\/\"}]}<\/script>\n<!-- \/ Yoast SEO plugin. -->","yoast_head_json":{"title":"Em tempos de coronav\u00edrus, n\u00e3o nos esque\u00e7amos da gripe, do sarampo, da dengue... - Jornal Fatos e Not\u00edcias","robots":{"index":"index","follow":"follow","max-snippet":"max-snippet:-1","max-image-preview":"max-image-preview:large","max-video-preview":"max-video-preview:-1"},"canonical":"https:\/\/jornalfatosenoticias.com.br\/index.php\/2020\/03\/31\/em-tempos-de-coronavirus-nao-nos-esquecamos-da-gripe-do-sarampo-da-dengue\/","og_locale":"pt_BR","og_type":"article","og_title":"Em tempos de coronav\u00edrus, n\u00e3o nos esque\u00e7amos da gripe, do sarampo, da dengue... - Jornal Fatos e Not\u00edcias","og_description":"A prolifera\u00e7\u00e3o do novo v\u00edrus e da doen\u00e7a causada por ele preocupam, mas outros problemas, ainda persistentes, n\u00e3o podem ser relegados O Brasil tem, at\u00e9 esta segunda-feira (30), a confirma\u00e7\u00e3o de 159 mortos e 4.579 infectados, com uma taxa de letalidade de 3,5%. Em todo o mundo, mais de 786 mil pessoas contra\u00edram o v\u00edrus [&hellip;]","og_url":"https:\/\/jornalfatosenoticias.com.br\/index.php\/2020\/03\/31\/em-tempos-de-coronavirus-nao-nos-esquecamos-da-gripe-do-sarampo-da-dengue\/","og_site_name":"Jornal Fatos e Not\u00edcias","article_published_time":"2020-03-31T14:26:58+00:00","article_modified_time":"2020-03-31T14:27:03+00:00","og_image":[{"width":1000,"height":478,"url":"https:\/\/jornalfatosenoticias.com.br\/wp-content\/uploads\/2020\/03\/novo-coronavirus.jpg","type":"image\/jpeg"}],"author":"Luzimara Fernandes","twitter_card":"summary_large_image","twitter_misc":{"Escrito por":"Luzimara Fernandes","Est. tempo de leitura":"4 minutos"},"schema":{"@context":"https:\/\/schema.org","@graph":[{"@type":"Article","@id":"https:\/\/jornalfatosenoticias.com.br\/index.php\/2020\/03\/31\/em-tempos-de-coronavirus-nao-nos-esquecamos-da-gripe-do-sarampo-da-dengue\/#article","isPartOf":{"@id":"https:\/\/jornalfatosenoticias.com.br\/index.php\/2020\/03\/31\/em-tempos-de-coronavirus-nao-nos-esquecamos-da-gripe-do-sarampo-da-dengue\/"},"author":{"name":"Luzimara Fernandes","@id":"https:\/\/jornalfatosenoticias.com.br\/#\/schema\/person\/d63837fa13ac8666eb9e74e0985d6f81"},"headline":"Em tempos de coronav\u00edrus, n\u00e3o nos esque\u00e7amos da gripe, do sarampo, da dengue&#8230;","datePublished":"2020-03-31T14:26:58+00:00","dateModified":"2020-03-31T14:27:03+00:00","mainEntityOfPage":{"@id":"https:\/\/jornalfatosenoticias.com.br\/index.php\/2020\/03\/31\/em-tempos-de-coronavirus-nao-nos-esquecamos-da-gripe-do-sarampo-da-dengue\/"},"wordCount":738,"commentCount":0,"publisher":{"@id":"https:\/\/jornalfatosenoticias.com.br\/#organization"},"image":{"@id":"https:\/\/jornalfatosenoticias.com.br\/index.php\/2020\/03\/31\/em-tempos-de-coronavirus-nao-nos-esquecamos-da-gripe-do-sarampo-da-dengue\/#primaryimage"},"thumbnailUrl":"https:\/\/jornalfatosenoticias.com.br\/wp-content\/uploads\/2020\/03\/novo-coronavirus.jpg","keywords":["chikungunya","dengue","diarreia","gripe","novo v\u00edrus","sarampo","v\u00f4mito","zika"],"articleSection":["Sa\u00fade"],"inLanguage":"pt-BR","potentialAction":[{"@type":"CommentAction","name":"Comment","target":["https:\/\/jornalfatosenoticias.com.br\/index.php\/2020\/03\/31\/em-tempos-de-coronavirus-nao-nos-esquecamos-da-gripe-do-sarampo-da-dengue\/#respond"]}]},{"@type":"WebPage","@id":"https:\/\/jornalfatosenoticias.com.br\/index.php\/2020\/03\/31\/em-tempos-de-coronavirus-nao-nos-esquecamos-da-gripe-do-sarampo-da-dengue\/","url":"https:\/\/jornalfatosenoticias.com.br\/index.php\/2020\/03\/31\/em-tempos-de-coronavirus-nao-nos-esquecamos-da-gripe-do-sarampo-da-dengue\/","name":"Em tempos de coronav\u00edrus, n\u00e3o nos esque\u00e7amos da gripe, do sarampo, da dengue... - Jornal Fatos e Not\u00edcias","isPartOf":{"@id":"https:\/\/jornalfatosenoticias.com.br\/#website"},"primaryImageOfPage":{"@id":"https:\/\/jornalfatosenoticias.com.br\/index.php\/2020\/03\/31\/em-tempos-de-coronavirus-nao-nos-esquecamos-da-gripe-do-sarampo-da-dengue\/#primaryimage"},"image":{"@id":"https:\/\/jornalfatosenoticias.com.br\/index.php\/2020\/03\/31\/em-tempos-de-coronavirus-nao-nos-esquecamos-da-gripe-do-sarampo-da-dengue\/#primaryimage"},"thumbnailUrl":"https:\/\/jornalfatosenoticias.com.br\/wp-content\/uploads\/2020\/03\/novo-coronavirus.jpg","datePublished":"2020-03-31T14:26:58+00:00","dateModified":"2020-03-31T14:27:03+00:00","breadcrumb":{"@id":"https:\/\/jornalfatosenoticias.com.br\/index.php\/2020\/03\/31\/em-tempos-de-coronavirus-nao-nos-esquecamos-da-gripe-do-sarampo-da-dengue\/#breadcrumb"},"inLanguage":"pt-BR","potentialAction":[{"@type":"ReadAction","target":["https:\/\/jornalfatosenoticias.com.br\/index.php\/2020\/03\/31\/em-tempos-de-coronavirus-nao-nos-esquecamos-da-gripe-do-sarampo-da-dengue\/"]}]},{"@type":"ImageObject","inLanguage":"pt-BR","@id":"https:\/\/jornalfatosenoticias.com.br\/index.php\/2020\/03\/31\/em-tempos-de-coronavirus-nao-nos-esquecamos-da-gripe-do-sarampo-da-dengue\/#primaryimage","url":"https:\/\/jornalfatosenoticias.com.br\/wp-content\/uploads\/2020\/03\/novo-coronavirus.jpg","contentUrl":"https:\/\/jornalfatosenoticias.com.br\/wp-content\/uploads\/2020\/03\/novo-coronavirus.jpg","width":1000,"height":478},{"@type":"BreadcrumbList","@id":"https:\/\/jornalfatosenoticias.com.br\/index.php\/2020\/03\/31\/em-tempos-de-coronavirus-nao-nos-esquecamos-da-gripe-do-sarampo-da-dengue\/#breadcrumb","itemListElement":[{"@type":"ListItem","position":1,"name":"In\u00edcio","item":"https:\/\/jornalfatosenoticias.com.br\/"},{"@type":"ListItem","position":2,"name":"Em tempos de coronav\u00edrus, n\u00e3o nos esque\u00e7amos da gripe, do sarampo, da dengue&#8230;"}]},{"@type":"WebSite","@id":"https:\/\/jornalfatosenoticias.com.br\/#website","url":"https:\/\/jornalfatosenoticias.com.br\/","name":"Jornal Fatos e Not\u00edcias","description":"Not\u00edcias em geral","publisher":{"@id":"https:\/\/jornalfatosenoticias.com.br\/#organization"},"potentialAction":[{"@type":"SearchAction","target":{"@type":"EntryPoint","urlTemplate":"https:\/\/jornalfatosenoticias.com.br\/?s={search_term_string}"},"query-input":{"@type":"PropertyValueSpecification","valueRequired":true,"valueName":"search_term_string"}}],"inLanguage":"pt-BR"},{"@type":"Organization","@id":"https:\/\/jornalfatosenoticias.com.br\/#organization","name":"Jornal Fatos e Not\u00edcias","url":"https:\/\/jornalfatosenoticias.com.br\/","logo":{"@type":"ImageObject","inLanguage":"pt-BR","@id":"https:\/\/jornalfatosenoticias.com.br\/#\/schema\/logo\/image\/","url":"https:\/\/jornalfatosenoticias.com.br\/wp-content\/uploads\/2020\/02\/logo120.png","contentUrl":"https:\/\/jornalfatosenoticias.com.br\/wp-content\/uploads\/2020\/02\/logo120.png","width":1227,"height":120,"caption":"Jornal Fatos e Not\u00edcias"},"image":{"@id":"https:\/\/jornalfatosenoticias.com.br\/#\/schema\/logo\/image\/"}},{"@type":"Person","@id":"https:\/\/jornalfatosenoticias.com.br\/#\/schema\/person\/d63837fa13ac8666eb9e74e0985d6f81","name":"Luzimara Fernandes","image":{"@type":"ImageObject","inLanguage":"pt-BR","@id":"https:\/\/jornalfatosenoticias.com.br\/#\/schema\/person\/image\/","url":"https:\/\/jornalfatosenoticias.com.br\/wp-content\/uploads\/2025\/05\/EU_portal.jpg","contentUrl":"https:\/\/jornalfatosenoticias.com.br\/wp-content\/uploads\/2025\/05\/EU_portal.jpg","caption":"Luzimara Fernandes"},"description":"Jornalista MTB 2358-ES","sameAs":["https:\/\/jornalfatosenoticias.com.br"],"url":"https:\/\/jornalfatosenoticias.com.br\/index.php\/author\/luzimara\/"}]}},"cc_featured_image_caption":{"caption_text":"Novo coronav\u00edrus (Foto: Reuters)","source_text":"","source_url":""},"jetpack_featured_media_url":"https:\/\/jornalfatosenoticias.com.br\/wp-content\/uploads\/2020\/03\/novo-coronavirus.jpg","_links":{"self":[{"href":"https:\/\/jornalfatosenoticias.com.br\/index.php\/wp-json\/wp\/v2\/posts\/2588","targetHints":{"allow":["GET"]}}],"collection":[{"href":"https:\/\/jornalfatosenoticias.com.br\/index.php\/wp-json\/wp\/v2\/posts"}],"about":[{"href":"https:\/\/jornalfatosenoticias.com.br\/index.php\/wp-json\/wp\/v2\/types\/post"}],"author":[{"embeddable":true,"href":"https:\/\/jornalfatosenoticias.com.br\/index.php\/wp-json\/wp\/v2\/users\/2"}],"replies":[{"embeddable":true,"href":"https:\/\/jornalfatosenoticias.com.br\/index.php\/wp-json\/wp\/v2\/comments?post=2588"}],"version-history":[{"count":0,"href":"https:\/\/jornalfatosenoticias.com.br\/index.php\/wp-json\/wp\/v2\/posts\/2588\/revisions"}],"wp:featuredmedia":[{"embeddable":true,"href":"https:\/\/jornalfatosenoticias.com.br\/index.php\/wp-json\/wp\/v2\/media\/2589"}],"wp:attachment":[{"href":"https:\/\/jornalfatosenoticias.com.br\/index.php\/wp-json\/wp\/v2\/media?parent=2588"}],"wp:term":[{"taxonomy":"category","embeddable":true,"href":"https:\/\/jornalfatosenoticias.com.br\/index.php\/wp-json\/wp\/v2\/categories?post=2588"},{"taxonomy":"post_tag","embeddable":true,"href":"https:\/\/jornalfatosenoticias.com.br\/index.php\/wp-json\/wp\/v2\/tags?post=2588"}],"curies":[{"name":"wp","href":"https:\/\/api.w.org\/{rel}","templated":true}]}}