{"id":25885,"date":"2021-12-14T09:35:28","date_gmt":"2021-12-14T12:35:28","guid":{"rendered":"https:\/\/jornalfatosenoticias.com.br\/?p=25885"},"modified":"2021-12-14T09:35:38","modified_gmt":"2021-12-14T12:35:38","slug":"camara-aprova-texto-base-do-projeto-de-lei-das-ferrovias","status":"publish","type":"post","link":"https:\/\/jornalfatosenoticias.com.br\/index.php\/2021\/12\/14\/camara-aprova-texto-base-do-projeto-de-lei-das-ferrovias\/","title":{"rendered":"C\u00e2mara aprova texto-base do Projeto de Lei das Ferrovias"},"content":{"rendered":"\n<p><em><span class=\"has-inline-color has-black-color\">Os destaques apresentados pelos partidos ser\u00e3o analisados hoje<\/span><\/em><\/p>\n\n\n\n<p>A C\u00e2mara dos Deputados aprovou, em vota\u00e7\u00e3o simb\u00f3lica, o texto-base do Projeto de Lei 3754\/21, do Senado, que cria a Lei das Ferrovias. O projeto foi analisado em sess\u00e3o plen\u00e1ria realizada na noite dessa segunda-feira (13).<br>O deputado Z\u00e9 Vitor (PL-MG), relator do projeto, deu parecer favor\u00e1vel e recomendou a aprova\u00e7\u00e3o do texto sem mudan\u00e7as.<br>Os destaques apresentados pelos partidos, visando alterar partes do texto ser\u00e3o analisados hoje (14).<br>O projeto de lei permite \u00e0 Uni\u00e3o autorizar a explora\u00e7\u00e3o de servi\u00e7os de transporte ferrovi\u00e1rio pelo setor privado em vez de usar a concess\u00e3o ou permiss\u00e3o. O prazo do contrato poder\u00e1 ser de 25 at\u00e9 99 anos, prorrog\u00e1veis.<\/p>\n\n\n\n<p><strong><em>Fonte: <a href=\"https:\/\/agenciabrasil.ebc.com.br\/politica\/noticia\/2021-12\/camara-aprova-texto-base-do-projeto-de-lei-das-ferrovias#\">Ag\u00eancia Brasil<\/a><\/em><\/strong><\/p>\n","protected":false},"excerpt":{"rendered":"<p>Os destaques apresentados pelos partidos ser\u00e3o analisados hoje A C\u00e2mara dos Deputados aprovou, em vota\u00e7\u00e3o simb\u00f3lica, o texto-base do Projeto de Lei 3754\/21, do Senado, que cria a Lei das Ferrovias. O projeto foi analisado em sess\u00e3o plen\u00e1ria realizada na noite dessa segunda-feira (13).O deputado Z\u00e9 Vitor (PL-MG), relator do projeto, deu parecer favor\u00e1vel e [&hellip;]<\/p>\n","protected":false},"author":2,"featured_media":25886,"comment_status":"open","ping_status":"open","sticky":false,"template":"","format":"standard","meta":{"footnotes":""},"categories":[10],"tags":[982,12486,12485],"class_list":["post-25885","post","type-post","status-publish","format-standard","has-post-thumbnail","hentry","category-politica","tag-camara-dos-deputados","tag-lei-das-ferrovias","tag-marco-legal-das-ferrovias"],"yoast_head":"<!-- This site is optimized with the Yoast SEO plugin v26.5 - https:\/\/yoast.com\/wordpress\/plugins\/seo\/ -->\n<title>C\u00e2mara aprova texto-base do Projeto de Lei das Ferrovias - Jornal Fatos e Not\u00edcias<\/title>\n<meta name=\"robots\" content=\"index, follow, max-snippet:-1, max-image-preview:large, max-video-preview:-1\" \/>\n<link rel=\"canonical\" href=\"https:\/\/jornalfatosenoticias.com.br\/index.php\/2021\/12\/14\/camara-aprova-texto-base-do-projeto-de-lei-das-ferrovias\/\" \/>\n<meta property=\"og:locale\" content=\"pt_BR\" \/>\n<meta property=\"og:type\" content=\"article\" \/>\n<meta property=\"og:title\" content=\"C\u00e2mara aprova texto-base do Projeto de Lei das Ferrovias - Jornal Fatos e Not\u00edcias\" \/>\n<meta property=\"og:description\" content=\"Os destaques apresentados pelos partidos ser\u00e3o analisados hoje A C\u00e2mara dos Deputados aprovou, em vota\u00e7\u00e3o simb\u00f3lica, o texto-base do Projeto de Lei 3754\/21, do Senado, que cria a Lei das Ferrovias. O projeto foi analisado em sess\u00e3o plen\u00e1ria realizada na noite dessa segunda-feira (13).O deputado Z\u00e9 Vitor (PL-MG), relator do projeto, deu parecer favor\u00e1vel e [&hellip;]\" \/>\n<meta property=\"og:url\" content=\"https:\/\/jornalfatosenoticias.com.br\/index.php\/2021\/12\/14\/camara-aprova-texto-base-do-projeto-de-lei-das-ferrovias\/\" \/>\n<meta property=\"og:site_name\" content=\"Jornal Fatos e Not\u00edcias\" \/>\n<meta property=\"article:published_time\" content=\"2021-12-14T12:35:28+00:00\" \/>\n<meta property=\"article:modified_time\" content=\"2021-12-14T12:35:38+00:00\" \/>\n<meta property=\"og:image\" content=\"https:\/\/jornalfatosenoticias.com.br\/wp-content\/uploads\/2021\/12\/construcao_e_operacao_de_ferrovias_ferrovia_trilhos_de_trem.jpeg\" \/>\n\t<meta property=\"og:image:width\" content=\"1000\" \/>\n\t<meta property=\"og:image:height\" content=\"598\" \/>\n\t<meta property=\"og:image:type\" content=\"image\/jpeg\" \/>\n<meta name=\"author\" content=\"Luzimara Fernandes\" \/>\n<meta name=\"twitter:card\" content=\"summary_large_image\" \/>\n<meta name=\"twitter:label1\" content=\"Escrito por\" \/>\n\t<meta name=\"twitter:data1\" content=\"Luzimara Fernandes\" \/>\n\t<meta name=\"twitter:label2\" content=\"Est. tempo de leitura\" \/>\n\t<meta name=\"twitter:data2\" content=\"1 minuto\" \/>\n<script type=\"application\/ld+json\" class=\"yoast-schema-graph\">{\"@context\":\"https:\/\/schema.org\",\"@graph\":[{\"@type\":\"Article\",\"@id\":\"https:\/\/jornalfatosenoticias.com.br\/index.php\/2021\/12\/14\/camara-aprova-texto-base-do-projeto-de-lei-das-ferrovias\/#article\",\"isPartOf\":{\"@id\":\"https:\/\/jornalfatosenoticias.com.br\/index.php\/2021\/12\/14\/camara-aprova-texto-base-do-projeto-de-lei-das-ferrovias\/\"},\"author\":{\"name\":\"Luzimara Fernandes\",\"@id\":\"https:\/\/jornalfatosenoticias.com.br\/#\/schema\/person\/d63837fa13ac8666eb9e74e0985d6f81\"},\"headline\":\"C\u00e2mara aprova texto-base do Projeto de Lei das Ferrovias\",\"datePublished\":\"2021-12-14T12:35:28+00:00\",\"dateModified\":\"2021-12-14T12:35:38+00:00\",\"mainEntityOfPage\":{\"@id\":\"https:\/\/jornalfatosenoticias.com.br\/index.php\/2021\/12\/14\/camara-aprova-texto-base-do-projeto-de-lei-das-ferrovias\/\"},\"wordCount\":140,\"commentCount\":0,\"publisher\":{\"@id\":\"https:\/\/jornalfatosenoticias.com.br\/#organization\"},\"image\":{\"@id\":\"https:\/\/jornalfatosenoticias.com.br\/index.php\/2021\/12\/14\/camara-aprova-texto-base-do-projeto-de-lei-das-ferrovias\/#primaryimage\"},\"thumbnailUrl\":\"https:\/\/jornalfatosenoticias.com.br\/wp-content\/uploads\/2021\/12\/construcao_e_operacao_de_ferrovias_ferrovia_trilhos_de_trem.jpeg\",\"keywords\":[\"C\u00e2mara dos Deputados\",\"Lei das Ferrovias\",\"marco legal das ferrovias\"],\"articleSection\":[\"Pol\u00edtica\"],\"inLanguage\":\"pt-BR\",\"potentialAction\":[{\"@type\":\"CommentAction\",\"name\":\"Comment\",\"target\":[\"https:\/\/jornalfatosenoticias.com.br\/index.php\/2021\/12\/14\/camara-aprova-texto-base-do-projeto-de-lei-das-ferrovias\/#respond\"]}]},{\"@type\":\"WebPage\",\"@id\":\"https:\/\/jornalfatosenoticias.com.br\/index.php\/2021\/12\/14\/camara-aprova-texto-base-do-projeto-de-lei-das-ferrovias\/\",\"url\":\"https:\/\/jornalfatosenoticias.com.br\/index.php\/2021\/12\/14\/camara-aprova-texto-base-do-projeto-de-lei-das-ferrovias\/\",\"name\":\"C\u00e2mara aprova texto-base do Projeto de Lei das Ferrovias - Jornal Fatos e Not\u00edcias\",\"isPartOf\":{\"@id\":\"https:\/\/jornalfatosenoticias.com.br\/#website\"},\"primaryImageOfPage\":{\"@id\":\"https:\/\/jornalfatosenoticias.com.br\/index.php\/2021\/12\/14\/camara-aprova-texto-base-do-projeto-de-lei-das-ferrovias\/#primaryimage\"},\"image\":{\"@id\":\"https:\/\/jornalfatosenoticias.com.br\/index.php\/2021\/12\/14\/camara-aprova-texto-base-do-projeto-de-lei-das-ferrovias\/#primaryimage\"},\"thumbnailUrl\":\"https:\/\/jornalfatosenoticias.com.br\/wp-content\/uploads\/2021\/12\/construcao_e_operacao_de_ferrovias_ferrovia_trilhos_de_trem.jpeg\",\"datePublished\":\"2021-12-14T12:35:28+00:00\",\"dateModified\":\"2021-12-14T12:35:38+00:00\",\"breadcrumb\":{\"@id\":\"https:\/\/jornalfatosenoticias.com.br\/index.php\/2021\/12\/14\/camara-aprova-texto-base-do-projeto-de-lei-das-ferrovias\/#breadcrumb\"},\"inLanguage\":\"pt-BR\",\"potentialAction\":[{\"@type\":\"ReadAction\",\"target\":[\"https:\/\/jornalfatosenoticias.com.br\/index.php\/2021\/12\/14\/camara-aprova-texto-base-do-projeto-de-lei-das-ferrovias\/\"]}]},{\"@type\":\"ImageObject\",\"inLanguage\":\"pt-BR\",\"@id\":\"https:\/\/jornalfatosenoticias.com.br\/index.php\/2021\/12\/14\/camara-aprova-texto-base-do-projeto-de-lei-das-ferrovias\/#primaryimage\",\"url\":\"https:\/\/jornalfatosenoticias.com.br\/wp-content\/uploads\/2021\/12\/construcao_e_operacao_de_ferrovias_ferrovia_trilhos_de_trem.jpeg\",\"contentUrl\":\"https:\/\/jornalfatosenoticias.com.br\/wp-content\/uploads\/2021\/12\/construcao_e_operacao_de_ferrovias_ferrovia_trilhos_de_trem.jpeg\",\"width\":1000,\"height\":598,\"caption\":\"Seis empresas solicitaram autoriza\u00e7\u00f5es para constru\u00e7\u00e3o e opera\u00e7\u00e3o de ferrovias - Cr\u00e9dito: Ricardo Botelho\/MInfra\"},{\"@type\":\"BreadcrumbList\",\"@id\":\"https:\/\/jornalfatosenoticias.com.br\/index.php\/2021\/12\/14\/camara-aprova-texto-base-do-projeto-de-lei-das-ferrovias\/#breadcrumb\",\"itemListElement\":[{\"@type\":\"ListItem\",\"position\":1,\"name\":\"In\u00edcio\",\"item\":\"https:\/\/jornalfatosenoticias.com.br\/\"},{\"@type\":\"ListItem\",\"position\":2,\"name\":\"C\u00e2mara aprova texto-base do Projeto de Lei das Ferrovias\"}]},{\"@type\":\"WebSite\",\"@id\":\"https:\/\/jornalfatosenoticias.com.br\/#website\",\"url\":\"https:\/\/jornalfatosenoticias.com.br\/\",\"name\":\"Jornal Fatos e Not\u00edcias\",\"description\":\"Not\u00edcias em geral\",\"publisher\":{\"@id\":\"https:\/\/jornalfatosenoticias.com.br\/#organization\"},\"potentialAction\":[{\"@type\":\"SearchAction\",\"target\":{\"@type\":\"EntryPoint\",\"urlTemplate\":\"https:\/\/jornalfatosenoticias.com.br\/?s={search_term_string}\"},\"query-input\":{\"@type\":\"PropertyValueSpecification\",\"valueRequired\":true,\"valueName\":\"search_term_string\"}}],\"inLanguage\":\"pt-BR\"},{\"@type\":\"Organization\",\"@id\":\"https:\/\/jornalfatosenoticias.com.br\/#organization\",\"name\":\"Jornal Fatos e Not\u00edcias\",\"url\":\"https:\/\/jornalfatosenoticias.com.br\/\",\"logo\":{\"@type\":\"ImageObject\",\"inLanguage\":\"pt-BR\",\"@id\":\"https:\/\/jornalfatosenoticias.com.br\/#\/schema\/logo\/image\/\",\"url\":\"https:\/\/jornalfatosenoticias.com.br\/wp-content\/uploads\/2020\/02\/logo120.png\",\"contentUrl\":\"https:\/\/jornalfatosenoticias.com.br\/wp-content\/uploads\/2020\/02\/logo120.png\",\"width\":1227,\"height\":120,\"caption\":\"Jornal Fatos e Not\u00edcias\"},\"image\":{\"@id\":\"https:\/\/jornalfatosenoticias.com.br\/#\/schema\/logo\/image\/\"}},{\"@type\":\"Person\",\"@id\":\"https:\/\/jornalfatosenoticias.com.br\/#\/schema\/person\/d63837fa13ac8666eb9e74e0985d6f81\",\"name\":\"Luzimara Fernandes\",\"image\":{\"@type\":\"ImageObject\",\"inLanguage\":\"pt-BR\",\"@id\":\"https:\/\/jornalfatosenoticias.com.br\/#\/schema\/person\/image\/\",\"url\":\"https:\/\/jornalfatosenoticias.com.br\/wp-content\/uploads\/2025\/05\/EU_portal.jpg\",\"contentUrl\":\"https:\/\/jornalfatosenoticias.com.br\/wp-content\/uploads\/2025\/05\/EU_portal.jpg\",\"caption\":\"Luzimara Fernandes\"},\"description\":\"Jornalista MTB 2358-ES\",\"sameAs\":[\"https:\/\/jornalfatosenoticias.com.br\"],\"url\":\"https:\/\/jornalfatosenoticias.com.br\/index.php\/author\/luzimara\/\"}]}<\/script>\n<!-- \/ Yoast SEO plugin. -->","yoast_head_json":{"title":"C\u00e2mara aprova texto-base do Projeto de Lei das Ferrovias - Jornal Fatos e Not\u00edcias","robots":{"index":"index","follow":"follow","max-snippet":"max-snippet:-1","max-image-preview":"max-image-preview:large","max-video-preview":"max-video-preview:-1"},"canonical":"https:\/\/jornalfatosenoticias.com.br\/index.php\/2021\/12\/14\/camara-aprova-texto-base-do-projeto-de-lei-das-ferrovias\/","og_locale":"pt_BR","og_type":"article","og_title":"C\u00e2mara aprova texto-base do Projeto de Lei das Ferrovias - Jornal Fatos e Not\u00edcias","og_description":"Os destaques apresentados pelos partidos ser\u00e3o analisados hoje A C\u00e2mara dos Deputados aprovou, em vota\u00e7\u00e3o simb\u00f3lica, o texto-base do Projeto de Lei 3754\/21, do Senado, que cria a Lei das Ferrovias. O projeto foi analisado em sess\u00e3o plen\u00e1ria realizada na noite dessa segunda-feira (13).O deputado Z\u00e9 Vitor (PL-MG), relator do projeto, deu parecer favor\u00e1vel e [&hellip;]","og_url":"https:\/\/jornalfatosenoticias.com.br\/index.php\/2021\/12\/14\/camara-aprova-texto-base-do-projeto-de-lei-das-ferrovias\/","og_site_name":"Jornal Fatos e Not\u00edcias","article_published_time":"2021-12-14T12:35:28+00:00","article_modified_time":"2021-12-14T12:35:38+00:00","og_image":[{"width":1000,"height":598,"url":"https:\/\/jornalfatosenoticias.com.br\/wp-content\/uploads\/2021\/12\/construcao_e_operacao_de_ferrovias_ferrovia_trilhos_de_trem.jpeg","type":"image\/jpeg"}],"author":"Luzimara Fernandes","twitter_card":"summary_large_image","twitter_misc":{"Escrito por":"Luzimara Fernandes","Est. tempo de leitura":"1 minuto"},"schema":{"@context":"https:\/\/schema.org","@graph":[{"@type":"Article","@id":"https:\/\/jornalfatosenoticias.com.br\/index.php\/2021\/12\/14\/camara-aprova-texto-base-do-projeto-de-lei-das-ferrovias\/#article","isPartOf":{"@id":"https:\/\/jornalfatosenoticias.com.br\/index.php\/2021\/12\/14\/camara-aprova-texto-base-do-projeto-de-lei-das-ferrovias\/"},"author":{"name":"Luzimara Fernandes","@id":"https:\/\/jornalfatosenoticias.com.br\/#\/schema\/person\/d63837fa13ac8666eb9e74e0985d6f81"},"headline":"C\u00e2mara aprova texto-base do Projeto de Lei das Ferrovias","datePublished":"2021-12-14T12:35:28+00:00","dateModified":"2021-12-14T12:35:38+00:00","mainEntityOfPage":{"@id":"https:\/\/jornalfatosenoticias.com.br\/index.php\/2021\/12\/14\/camara-aprova-texto-base-do-projeto-de-lei-das-ferrovias\/"},"wordCount":140,"commentCount":0,"publisher":{"@id":"https:\/\/jornalfatosenoticias.com.br\/#organization"},"image":{"@id":"https:\/\/jornalfatosenoticias.com.br\/index.php\/2021\/12\/14\/camara-aprova-texto-base-do-projeto-de-lei-das-ferrovias\/#primaryimage"},"thumbnailUrl":"https:\/\/jornalfatosenoticias.com.br\/wp-content\/uploads\/2021\/12\/construcao_e_operacao_de_ferrovias_ferrovia_trilhos_de_trem.jpeg","keywords":["C\u00e2mara dos Deputados","Lei das Ferrovias","marco legal das ferrovias"],"articleSection":["Pol\u00edtica"],"inLanguage":"pt-BR","potentialAction":[{"@type":"CommentAction","name":"Comment","target":["https:\/\/jornalfatosenoticias.com.br\/index.php\/2021\/12\/14\/camara-aprova-texto-base-do-projeto-de-lei-das-ferrovias\/#respond"]}]},{"@type":"WebPage","@id":"https:\/\/jornalfatosenoticias.com.br\/index.php\/2021\/12\/14\/camara-aprova-texto-base-do-projeto-de-lei-das-ferrovias\/","url":"https:\/\/jornalfatosenoticias.com.br\/index.php\/2021\/12\/14\/camara-aprova-texto-base-do-projeto-de-lei-das-ferrovias\/","name":"C\u00e2mara aprova texto-base do Projeto de Lei das Ferrovias - Jornal Fatos e Not\u00edcias","isPartOf":{"@id":"https:\/\/jornalfatosenoticias.com.br\/#website"},"primaryImageOfPage":{"@id":"https:\/\/jornalfatosenoticias.com.br\/index.php\/2021\/12\/14\/camara-aprova-texto-base-do-projeto-de-lei-das-ferrovias\/#primaryimage"},"image":{"@id":"https:\/\/jornalfatosenoticias.com.br\/index.php\/2021\/12\/14\/camara-aprova-texto-base-do-projeto-de-lei-das-ferrovias\/#primaryimage"},"thumbnailUrl":"https:\/\/jornalfatosenoticias.com.br\/wp-content\/uploads\/2021\/12\/construcao_e_operacao_de_ferrovias_ferrovia_trilhos_de_trem.jpeg","datePublished":"2021-12-14T12:35:28+00:00","dateModified":"2021-12-14T12:35:38+00:00","breadcrumb":{"@id":"https:\/\/jornalfatosenoticias.com.br\/index.php\/2021\/12\/14\/camara-aprova-texto-base-do-projeto-de-lei-das-ferrovias\/#breadcrumb"},"inLanguage":"pt-BR","potentialAction":[{"@type":"ReadAction","target":["https:\/\/jornalfatosenoticias.com.br\/index.php\/2021\/12\/14\/camara-aprova-texto-base-do-projeto-de-lei-das-ferrovias\/"]}]},{"@type":"ImageObject","inLanguage":"pt-BR","@id":"https:\/\/jornalfatosenoticias.com.br\/index.php\/2021\/12\/14\/camara-aprova-texto-base-do-projeto-de-lei-das-ferrovias\/#primaryimage","url":"https:\/\/jornalfatosenoticias.com.br\/wp-content\/uploads\/2021\/12\/construcao_e_operacao_de_ferrovias_ferrovia_trilhos_de_trem.jpeg","contentUrl":"https:\/\/jornalfatosenoticias.com.br\/wp-content\/uploads\/2021\/12\/construcao_e_operacao_de_ferrovias_ferrovia_trilhos_de_trem.jpeg","width":1000,"height":598,"caption":"Seis empresas solicitaram autoriza\u00e7\u00f5es para constru\u00e7\u00e3o e opera\u00e7\u00e3o de ferrovias - Cr\u00e9dito: Ricardo Botelho\/MInfra"},{"@type":"BreadcrumbList","@id":"https:\/\/jornalfatosenoticias.com.br\/index.php\/2021\/12\/14\/camara-aprova-texto-base-do-projeto-de-lei-das-ferrovias\/#breadcrumb","itemListElement":[{"@type":"ListItem","position":1,"name":"In\u00edcio","item":"https:\/\/jornalfatosenoticias.com.br\/"},{"@type":"ListItem","position":2,"name":"C\u00e2mara aprova texto-base do Projeto de Lei das Ferrovias"}]},{"@type":"WebSite","@id":"https:\/\/jornalfatosenoticias.com.br\/#website","url":"https:\/\/jornalfatosenoticias.com.br\/","name":"Jornal Fatos e Not\u00edcias","description":"Not\u00edcias em geral","publisher":{"@id":"https:\/\/jornalfatosenoticias.com.br\/#organization"},"potentialAction":[{"@type":"SearchAction","target":{"@type":"EntryPoint","urlTemplate":"https:\/\/jornalfatosenoticias.com.br\/?s={search_term_string}"},"query-input":{"@type":"PropertyValueSpecification","valueRequired":true,"valueName":"search_term_string"}}],"inLanguage":"pt-BR"},{"@type":"Organization","@id":"https:\/\/jornalfatosenoticias.com.br\/#organization","name":"Jornal Fatos e Not\u00edcias","url":"https:\/\/jornalfatosenoticias.com.br\/","logo":{"@type":"ImageObject","inLanguage":"pt-BR","@id":"https:\/\/jornalfatosenoticias.com.br\/#\/schema\/logo\/image\/","url":"https:\/\/jornalfatosenoticias.com.br\/wp-content\/uploads\/2020\/02\/logo120.png","contentUrl":"https:\/\/jornalfatosenoticias.com.br\/wp-content\/uploads\/2020\/02\/logo120.png","width":1227,"height":120,"caption":"Jornal Fatos e Not\u00edcias"},"image":{"@id":"https:\/\/jornalfatosenoticias.com.br\/#\/schema\/logo\/image\/"}},{"@type":"Person","@id":"https:\/\/jornalfatosenoticias.com.br\/#\/schema\/person\/d63837fa13ac8666eb9e74e0985d6f81","name":"Luzimara Fernandes","image":{"@type":"ImageObject","inLanguage":"pt-BR","@id":"https:\/\/jornalfatosenoticias.com.br\/#\/schema\/person\/image\/","url":"https:\/\/jornalfatosenoticias.com.br\/wp-content\/uploads\/2025\/05\/EU_portal.jpg","contentUrl":"https:\/\/jornalfatosenoticias.com.br\/wp-content\/uploads\/2025\/05\/EU_portal.jpg","caption":"Luzimara Fernandes"},"description":"Jornalista MTB 2358-ES","sameAs":["https:\/\/jornalfatosenoticias.com.br"],"url":"https:\/\/jornalfatosenoticias.com.br\/index.php\/author\/luzimara\/"}]}},"cc_featured_image_caption":{"caption_text":"(Foto: Ricardo Botelho\/Minfra) ","source_text":"","source_url":""},"jetpack_featured_media_url":"https:\/\/jornalfatosenoticias.com.br\/wp-content\/uploads\/2021\/12\/construcao_e_operacao_de_ferrovias_ferrovia_trilhos_de_trem.jpeg","_links":{"self":[{"href":"https:\/\/jornalfatosenoticias.com.br\/index.php\/wp-json\/wp\/v2\/posts\/25885","targetHints":{"allow":["GET"]}}],"collection":[{"href":"https:\/\/jornalfatosenoticias.com.br\/index.php\/wp-json\/wp\/v2\/posts"}],"about":[{"href":"https:\/\/jornalfatosenoticias.com.br\/index.php\/wp-json\/wp\/v2\/types\/post"}],"author":[{"embeddable":true,"href":"https:\/\/jornalfatosenoticias.com.br\/index.php\/wp-json\/wp\/v2\/users\/2"}],"replies":[{"embeddable":true,"href":"https:\/\/jornalfatosenoticias.com.br\/index.php\/wp-json\/wp\/v2\/comments?post=25885"}],"version-history":[{"count":0,"href":"https:\/\/jornalfatosenoticias.com.br\/index.php\/wp-json\/wp\/v2\/posts\/25885\/revisions"}],"wp:featuredmedia":[{"embeddable":true,"href":"https:\/\/jornalfatosenoticias.com.br\/index.php\/wp-json\/wp\/v2\/media\/25886"}],"wp:attachment":[{"href":"https:\/\/jornalfatosenoticias.com.br\/index.php\/wp-json\/wp\/v2\/media?parent=25885"}],"wp:term":[{"taxonomy":"category","embeddable":true,"href":"https:\/\/jornalfatosenoticias.com.br\/index.php\/wp-json\/wp\/v2\/categories?post=25885"},{"taxonomy":"post_tag","embeddable":true,"href":"https:\/\/jornalfatosenoticias.com.br\/index.php\/wp-json\/wp\/v2\/tags?post=25885"}],"curies":[{"name":"wp","href":"https:\/\/api.w.org\/{rel}","templated":true}]}}