{"id":25896,"date":"2021-12-14T09:56:59","date_gmt":"2021-12-14T12:56:59","guid":{"rendered":"https:\/\/jornalfatosenoticias.com.br\/?p=25896"},"modified":"2021-12-14T09:57:16","modified_gmt":"2021-12-14T12:57:16","slug":"inca-retoma-terapia-assistida-por-animais-com-a-cadela-hope","status":"publish","type":"post","link":"https:\/\/jornalfatosenoticias.com.br\/index.php\/2021\/12\/14\/inca-retoma-terapia-assistida-por-animais-com-a-cadela-hope\/","title":{"rendered":"Inca retoma Terapia Assistida por Animais com a cadela Hope"},"content":{"rendered":"\n<p><em><span class=\"has-inline-color has-black-color\">Atividades foram retomadas ap\u00f3s quase dois anos<\/span><\/em><\/p>\n\n\n\n<p>Pacientes e funcion\u00e1rios da Se\u00e7\u00e3o de Pediatria do Instituto Nacional de C\u00e2ncer Jos\u00e9 Alencar Gomes da Silva (Inca) comemoraram a volta ao trabalho de uma de suas terapeutas. Hope, a cadelinha que ajuda a promover a Terapia Assistida por Animais no instituto, retomou as atividades este m\u00eas, ap\u00f3s quase dois anos afastada, devido aos cuidados com a seguran\u00e7a hospitalar durante a pandemia de covid-19. Hope far\u00e1 atendimento semanal \u00e0s crian\u00e7as e adolescentes que est\u00e3o em tratamento oncol\u00f3gico, depois da autoriza\u00e7\u00e3o da Comiss\u00e3o de Controle de Infec\u00e7\u00e3o Hospitalar do Inca.<br>Joana Katelin Silva de Souza, m\u00e3e do pequeno Levi Emanuel, contou que ele conheceu a cadelinha em 2019, quando se internou no Inca pela primeira vez, com um ano e tr\u00eas meses de idade, para se tratar de uma m\u00e1-forma\u00e7\u00e3o linf\u00e1tica. <\/p>\n\n\n\n<blockquote class=\"wp-block-quote is-layout-flow wp-block-quote-is-layout-flow\"><p><span class=\"has-inline-color has-luminous-vivid-orange-color\">\u201cEle ficou apaixonado pela Hope e eu acredito que seja assim com todas as crian\u00e7as. Ela traz um benef\u00edcio maravilhoso para as crian\u00e7as em tratamento; eu acredito nisso. Traz alegria para o hospital. Ela \u00e9 maravilhosa, \u00e9 linda. Encanta todo mundo, n\u00e3o s\u00f3 os pacientes, como os pais tamb\u00e9m. A vinda dela, o retorno, vai ajudar as crian\u00e7as que est\u00e3o aqui, que permanecem e precisam de todo esse carinho, de todo esse suporte\u201d, afirmou Joana.<\/span><\/p><\/blockquote>\n\n\n\n<p>A Terapia Assistida por Animais foi implementada na Se\u00e7\u00e3o de Pediatria do instituto em abril de 2019 e, desde ent\u00e3o, vem sendo importante aux\u00edlio no desenvolvimento emocional dos pacientes e na promo\u00e7\u00e3o do bem-estar. Hope \u00e9 da ra\u00e7a Golden Retrivier e tem tr\u00eas anos.<\/p>\n\n\n\n<p><strong><span class=\"has-inline-color has-black-color\">A\u00e7\u00f5es essenciais<br><\/span><\/strong>A m\u00e9dica oncopediatra Bianca Santana, tutora e respons\u00e1vel pelo trabalho do animal no Inca, informou que, durante o per\u00edodo em que ficou longe das atividades, a cadela continuou cumprindo a\u00e7\u00f5es essenciais para manter a rotina saud\u00e1vel, entre as quais passeios e aulas de adestramento di\u00e1rios e sess\u00f5es de fisioterapia na hidroesteira, uma vez por semana.<\/p>\n\n\n\n<blockquote class=\"wp-block-quote is-layout-flow wp-block-quote-is-layout-flow\"><p><span class=\"has-inline-color has-luminous-vivid-orange-color\">\u201cAl\u00e9m de muito d\u00f3cil, Hope recebe adestramento espec\u00edfico para o trabalho desde os primeiros meses de vida. Tanto empenho e cuidado na cria\u00e7\u00e3o \u00e9 recompensado quando observamos que a presen\u00e7a dela ajuda a aliviar o estresse e traz mais leveza para o ambiente do hospital\u201d, disse Bianca.<\/span><\/p><\/blockquote>\n\n\n\n<p>As visitas de Hope seguem rigorosas normas de higiene, como vacina\u00e7\u00e3o e vermifuga\u00e7\u00e3o em dia, consultas peri\u00f3dicas ao veterin\u00e1rio. Al\u00e9m disso, antes de ir ao hospital, a cadelinha toma banho, faz limpeza das patas e escova os dentes. O adestrador Andr\u00e9 Donza, que acompanha o animal, tamb\u00e9m cumpre regras sanit\u00e1rias como apresentar comprovante da vacina contra a covid-19, usar m\u00e1scara N95 e, o mais importante, evitar o contato f\u00edsico com os pacientes e funcion\u00e1rios.<br>A chefe da Se\u00e7\u00e3o de Pediatria, Sima Ferman, afirmou que o projeto de pet terapia \u00e9 um trabalho bem elaborado e com todos os cuidados necess\u00e1rios. \u201cA visita da Hope \u00e9 uma experi\u00eancia enriquecedora e importante dentro da estrat\u00e9gia de atendimento integral aos pacientes&#8221;, afirmou.<\/p>\n\n\n\n<p><strong><em>Fonte: <a href=\"https:\/\/agenciabrasil.ebc.com.br\/saude\/noticia\/2021-12\/inca-retoma-terapia-assistida-por-animais-com-cadela-hope\">Ag\u00eancia Brasil<\/a><\/em><\/strong><\/p>\n","protected":false},"excerpt":{"rendered":"<p>Atividades foram retomadas ap\u00f3s quase dois anos Pacientes e funcion\u00e1rios da Se\u00e7\u00e3o de Pediatria do Instituto Nacional de C\u00e2ncer Jos\u00e9 Alencar Gomes da Silva (Inca) comemoraram a volta ao trabalho de uma de suas terapeutas. Hope, a cadelinha que ajuda a promover a Terapia Assistida por Animais no instituto, retomou as atividades este m\u00eas, ap\u00f3s [&hellip;]<\/p>\n","protected":false},"author":2,"featured_media":25897,"comment_status":"open","ping_status":"open","sticky":false,"template":"","format":"standard","meta":{"footnotes":""},"categories":[11],"tags":[1264,12492,12493,670,1123,2267],"class_list":["post-25896","post","type-post","status-publish","format-standard","has-post-thumbnail","hentry","category-saude","tag-animais","tag-cadela","tag-cadela-hope","tag-criancas","tag-inca","tag-terapia"],"yoast_head":"<!-- This site is optimized with the Yoast SEO plugin v26.5 - https:\/\/yoast.com\/wordpress\/plugins\/seo\/ -->\n<title>Inca retoma Terapia Assistida por Animais com a cadela Hope - Jornal Fatos e Not\u00edcias<\/title>\n<meta name=\"robots\" content=\"index, follow, max-snippet:-1, max-image-preview:large, max-video-preview:-1\" \/>\n<link rel=\"canonical\" href=\"https:\/\/jornalfatosenoticias.com.br\/index.php\/2021\/12\/14\/inca-retoma-terapia-assistida-por-animais-com-a-cadela-hope\/\" \/>\n<meta property=\"og:locale\" content=\"pt_BR\" \/>\n<meta property=\"og:type\" content=\"article\" \/>\n<meta property=\"og:title\" content=\"Inca retoma Terapia Assistida por Animais com a cadela Hope - Jornal Fatos e Not\u00edcias\" \/>\n<meta property=\"og:description\" content=\"Atividades foram retomadas ap\u00f3s quase dois anos Pacientes e funcion\u00e1rios da Se\u00e7\u00e3o de Pediatria do Instituto Nacional de C\u00e2ncer Jos\u00e9 Alencar Gomes da Silva (Inca) comemoraram a volta ao trabalho de uma de suas terapeutas. Hope, a cadelinha que ajuda a promover a Terapia Assistida por Animais no instituto, retomou as atividades este m\u00eas, ap\u00f3s [&hellip;]\" \/>\n<meta property=\"og:url\" content=\"https:\/\/jornalfatosenoticias.com.br\/index.php\/2021\/12\/14\/inca-retoma-terapia-assistida-por-animais-com-a-cadela-hope\/\" \/>\n<meta property=\"og:site_name\" content=\"Jornal Fatos e Not\u00edcias\" \/>\n<meta property=\"article:published_time\" content=\"2021-12-14T12:56:59+00:00\" \/>\n<meta property=\"article:modified_time\" content=\"2021-12-14T12:57:16+00:00\" \/>\n<meta property=\"og:image\" content=\"https:\/\/jornalfatosenoticias.com.br\/wp-content\/uploads\/2021\/12\/inca_cadela-hope.jpg\" \/>\n\t<meta property=\"og:image:width\" content=\"1000\" \/>\n\t<meta property=\"og:image:height\" content=\"598\" \/>\n\t<meta property=\"og:image:type\" content=\"image\/jpeg\" \/>\n<meta name=\"author\" content=\"Luzimara Fernandes\" \/>\n<meta name=\"twitter:card\" content=\"summary_large_image\" \/>\n<meta name=\"twitter:label1\" content=\"Escrito por\" \/>\n\t<meta name=\"twitter:data1\" content=\"Luzimara Fernandes\" \/>\n\t<meta name=\"twitter:label2\" content=\"Est. tempo de leitura\" \/>\n\t<meta name=\"twitter:data2\" content=\"3 minutos\" \/>\n<script type=\"application\/ld+json\" class=\"yoast-schema-graph\">{\"@context\":\"https:\/\/schema.org\",\"@graph\":[{\"@type\":\"Article\",\"@id\":\"https:\/\/jornalfatosenoticias.com.br\/index.php\/2021\/12\/14\/inca-retoma-terapia-assistida-por-animais-com-a-cadela-hope\/#article\",\"isPartOf\":{\"@id\":\"https:\/\/jornalfatosenoticias.com.br\/index.php\/2021\/12\/14\/inca-retoma-terapia-assistida-por-animais-com-a-cadela-hope\/\"},\"author\":{\"name\":\"Luzimara Fernandes\",\"@id\":\"https:\/\/jornalfatosenoticias.com.br\/#\/schema\/person\/d63837fa13ac8666eb9e74e0985d6f81\"},\"headline\":\"Inca retoma Terapia Assistida por Animais com a cadela Hope\",\"datePublished\":\"2021-12-14T12:56:59+00:00\",\"dateModified\":\"2021-12-14T12:57:16+00:00\",\"mainEntityOfPage\":{\"@id\":\"https:\/\/jornalfatosenoticias.com.br\/index.php\/2021\/12\/14\/inca-retoma-terapia-assistida-por-animais-com-a-cadela-hope\/\"},\"wordCount\":543,\"commentCount\":0,\"publisher\":{\"@id\":\"https:\/\/jornalfatosenoticias.com.br\/#organization\"},\"image\":{\"@id\":\"https:\/\/jornalfatosenoticias.com.br\/index.php\/2021\/12\/14\/inca-retoma-terapia-assistida-por-animais-com-a-cadela-hope\/#primaryimage\"},\"thumbnailUrl\":\"https:\/\/jornalfatosenoticias.com.br\/wp-content\/uploads\/2021\/12\/inca_cadela-hope.jpg\",\"keywords\":[\"animais\",\"cadela\",\"cadela Hope\",\"crian\u00e7as\",\"Inca\",\"terapia\"],\"articleSection\":[\"Sa\u00fade\"],\"inLanguage\":\"pt-BR\",\"potentialAction\":[{\"@type\":\"CommentAction\",\"name\":\"Comment\",\"target\":[\"https:\/\/jornalfatosenoticias.com.br\/index.php\/2021\/12\/14\/inca-retoma-terapia-assistida-por-animais-com-a-cadela-hope\/#respond\"]}]},{\"@type\":\"WebPage\",\"@id\":\"https:\/\/jornalfatosenoticias.com.br\/index.php\/2021\/12\/14\/inca-retoma-terapia-assistida-por-animais-com-a-cadela-hope\/\",\"url\":\"https:\/\/jornalfatosenoticias.com.br\/index.php\/2021\/12\/14\/inca-retoma-terapia-assistida-por-animais-com-a-cadela-hope\/\",\"name\":\"Inca retoma Terapia Assistida por Animais com a cadela Hope - Jornal Fatos e Not\u00edcias\",\"isPartOf\":{\"@id\":\"https:\/\/jornalfatosenoticias.com.br\/#website\"},\"primaryImageOfPage\":{\"@id\":\"https:\/\/jornalfatosenoticias.com.br\/index.php\/2021\/12\/14\/inca-retoma-terapia-assistida-por-animais-com-a-cadela-hope\/#primaryimage\"},\"image\":{\"@id\":\"https:\/\/jornalfatosenoticias.com.br\/index.php\/2021\/12\/14\/inca-retoma-terapia-assistida-por-animais-com-a-cadela-hope\/#primaryimage\"},\"thumbnailUrl\":\"https:\/\/jornalfatosenoticias.com.br\/wp-content\/uploads\/2021\/12\/inca_cadela-hope.jpg\",\"datePublished\":\"2021-12-14T12:56:59+00:00\",\"dateModified\":\"2021-12-14T12:57:16+00:00\",\"breadcrumb\":{\"@id\":\"https:\/\/jornalfatosenoticias.com.br\/index.php\/2021\/12\/14\/inca-retoma-terapia-assistida-por-animais-com-a-cadela-hope\/#breadcrumb\"},\"inLanguage\":\"pt-BR\",\"potentialAction\":[{\"@type\":\"ReadAction\",\"target\":[\"https:\/\/jornalfatosenoticias.com.br\/index.php\/2021\/12\/14\/inca-retoma-terapia-assistida-por-animais-com-a-cadela-hope\/\"]}]},{\"@type\":\"ImageObject\",\"inLanguage\":\"pt-BR\",\"@id\":\"https:\/\/jornalfatosenoticias.com.br\/index.php\/2021\/12\/14\/inca-retoma-terapia-assistida-por-animais-com-a-cadela-hope\/#primaryimage\",\"url\":\"https:\/\/jornalfatosenoticias.com.br\/wp-content\/uploads\/2021\/12\/inca_cadela-hope.jpg\",\"contentUrl\":\"https:\/\/jornalfatosenoticias.com.br\/wp-content\/uploads\/2021\/12\/inca_cadela-hope.jpg\",\"width\":1000,\"height\":598,\"caption\":\"Terapia Assistida Por Animais no Inca\"},{\"@type\":\"BreadcrumbList\",\"@id\":\"https:\/\/jornalfatosenoticias.com.br\/index.php\/2021\/12\/14\/inca-retoma-terapia-assistida-por-animais-com-a-cadela-hope\/#breadcrumb\",\"itemListElement\":[{\"@type\":\"ListItem\",\"position\":1,\"name\":\"In\u00edcio\",\"item\":\"https:\/\/jornalfatosenoticias.com.br\/\"},{\"@type\":\"ListItem\",\"position\":2,\"name\":\"Inca retoma Terapia Assistida por Animais com a cadela Hope\"}]},{\"@type\":\"WebSite\",\"@id\":\"https:\/\/jornalfatosenoticias.com.br\/#website\",\"url\":\"https:\/\/jornalfatosenoticias.com.br\/\",\"name\":\"Jornal Fatos e Not\u00edcias\",\"description\":\"Not\u00edcias em geral\",\"publisher\":{\"@id\":\"https:\/\/jornalfatosenoticias.com.br\/#organization\"},\"potentialAction\":[{\"@type\":\"SearchAction\",\"target\":{\"@type\":\"EntryPoint\",\"urlTemplate\":\"https:\/\/jornalfatosenoticias.com.br\/?s={search_term_string}\"},\"query-input\":{\"@type\":\"PropertyValueSpecification\",\"valueRequired\":true,\"valueName\":\"search_term_string\"}}],\"inLanguage\":\"pt-BR\"},{\"@type\":\"Organization\",\"@id\":\"https:\/\/jornalfatosenoticias.com.br\/#organization\",\"name\":\"Jornal Fatos e Not\u00edcias\",\"url\":\"https:\/\/jornalfatosenoticias.com.br\/\",\"logo\":{\"@type\":\"ImageObject\",\"inLanguage\":\"pt-BR\",\"@id\":\"https:\/\/jornalfatosenoticias.com.br\/#\/schema\/logo\/image\/\",\"url\":\"https:\/\/jornalfatosenoticias.com.br\/wp-content\/uploads\/2020\/02\/logo120.png\",\"contentUrl\":\"https:\/\/jornalfatosenoticias.com.br\/wp-content\/uploads\/2020\/02\/logo120.png\",\"width\":1227,\"height\":120,\"caption\":\"Jornal Fatos e Not\u00edcias\"},\"image\":{\"@id\":\"https:\/\/jornalfatosenoticias.com.br\/#\/schema\/logo\/image\/\"}},{\"@type\":\"Person\",\"@id\":\"https:\/\/jornalfatosenoticias.com.br\/#\/schema\/person\/d63837fa13ac8666eb9e74e0985d6f81\",\"name\":\"Luzimara Fernandes\",\"image\":{\"@type\":\"ImageObject\",\"inLanguage\":\"pt-BR\",\"@id\":\"https:\/\/jornalfatosenoticias.com.br\/#\/schema\/person\/image\/\",\"url\":\"https:\/\/jornalfatosenoticias.com.br\/wp-content\/uploads\/2025\/05\/EU_portal.jpg\",\"contentUrl\":\"https:\/\/jornalfatosenoticias.com.br\/wp-content\/uploads\/2025\/05\/EU_portal.jpg\",\"caption\":\"Luzimara Fernandes\"},\"description\":\"Jornalista MTB 2358-ES\",\"sameAs\":[\"https:\/\/jornalfatosenoticias.com.br\"],\"url\":\"https:\/\/jornalfatosenoticias.com.br\/index.php\/author\/luzimara\/\"}]}<\/script>\n<!-- \/ Yoast SEO plugin. -->","yoast_head_json":{"title":"Inca retoma Terapia Assistida por Animais com a cadela Hope - Jornal Fatos e Not\u00edcias","robots":{"index":"index","follow":"follow","max-snippet":"max-snippet:-1","max-image-preview":"max-image-preview:large","max-video-preview":"max-video-preview:-1"},"canonical":"https:\/\/jornalfatosenoticias.com.br\/index.php\/2021\/12\/14\/inca-retoma-terapia-assistida-por-animais-com-a-cadela-hope\/","og_locale":"pt_BR","og_type":"article","og_title":"Inca retoma Terapia Assistida por Animais com a cadela Hope - Jornal Fatos e Not\u00edcias","og_description":"Atividades foram retomadas ap\u00f3s quase dois anos Pacientes e funcion\u00e1rios da Se\u00e7\u00e3o de Pediatria do Instituto Nacional de C\u00e2ncer Jos\u00e9 Alencar Gomes da Silva (Inca) comemoraram a volta ao trabalho de uma de suas terapeutas. Hope, a cadelinha que ajuda a promover a Terapia Assistida por Animais no instituto, retomou as atividades este m\u00eas, ap\u00f3s [&hellip;]","og_url":"https:\/\/jornalfatosenoticias.com.br\/index.php\/2021\/12\/14\/inca-retoma-terapia-assistida-por-animais-com-a-cadela-hope\/","og_site_name":"Jornal Fatos e Not\u00edcias","article_published_time":"2021-12-14T12:56:59+00:00","article_modified_time":"2021-12-14T12:57:16+00:00","og_image":[{"width":1000,"height":598,"url":"https:\/\/jornalfatosenoticias.com.br\/wp-content\/uploads\/2021\/12\/inca_cadela-hope.jpg","type":"image\/jpeg"}],"author":"Luzimara Fernandes","twitter_card":"summary_large_image","twitter_misc":{"Escrito por":"Luzimara Fernandes","Est. tempo de leitura":"3 minutos"},"schema":{"@context":"https:\/\/schema.org","@graph":[{"@type":"Article","@id":"https:\/\/jornalfatosenoticias.com.br\/index.php\/2021\/12\/14\/inca-retoma-terapia-assistida-por-animais-com-a-cadela-hope\/#article","isPartOf":{"@id":"https:\/\/jornalfatosenoticias.com.br\/index.php\/2021\/12\/14\/inca-retoma-terapia-assistida-por-animais-com-a-cadela-hope\/"},"author":{"name":"Luzimara Fernandes","@id":"https:\/\/jornalfatosenoticias.com.br\/#\/schema\/person\/d63837fa13ac8666eb9e74e0985d6f81"},"headline":"Inca retoma Terapia Assistida por Animais com a cadela Hope","datePublished":"2021-12-14T12:56:59+00:00","dateModified":"2021-12-14T12:57:16+00:00","mainEntityOfPage":{"@id":"https:\/\/jornalfatosenoticias.com.br\/index.php\/2021\/12\/14\/inca-retoma-terapia-assistida-por-animais-com-a-cadela-hope\/"},"wordCount":543,"commentCount":0,"publisher":{"@id":"https:\/\/jornalfatosenoticias.com.br\/#organization"},"image":{"@id":"https:\/\/jornalfatosenoticias.com.br\/index.php\/2021\/12\/14\/inca-retoma-terapia-assistida-por-animais-com-a-cadela-hope\/#primaryimage"},"thumbnailUrl":"https:\/\/jornalfatosenoticias.com.br\/wp-content\/uploads\/2021\/12\/inca_cadela-hope.jpg","keywords":["animais","cadela","cadela Hope","crian\u00e7as","Inca","terapia"],"articleSection":["Sa\u00fade"],"inLanguage":"pt-BR","potentialAction":[{"@type":"CommentAction","name":"Comment","target":["https:\/\/jornalfatosenoticias.com.br\/index.php\/2021\/12\/14\/inca-retoma-terapia-assistida-por-animais-com-a-cadela-hope\/#respond"]}]},{"@type":"WebPage","@id":"https:\/\/jornalfatosenoticias.com.br\/index.php\/2021\/12\/14\/inca-retoma-terapia-assistida-por-animais-com-a-cadela-hope\/","url":"https:\/\/jornalfatosenoticias.com.br\/index.php\/2021\/12\/14\/inca-retoma-terapia-assistida-por-animais-com-a-cadela-hope\/","name":"Inca retoma Terapia Assistida por Animais com a cadela Hope - Jornal Fatos e Not\u00edcias","isPartOf":{"@id":"https:\/\/jornalfatosenoticias.com.br\/#website"},"primaryImageOfPage":{"@id":"https:\/\/jornalfatosenoticias.com.br\/index.php\/2021\/12\/14\/inca-retoma-terapia-assistida-por-animais-com-a-cadela-hope\/#primaryimage"},"image":{"@id":"https:\/\/jornalfatosenoticias.com.br\/index.php\/2021\/12\/14\/inca-retoma-terapia-assistida-por-animais-com-a-cadela-hope\/#primaryimage"},"thumbnailUrl":"https:\/\/jornalfatosenoticias.com.br\/wp-content\/uploads\/2021\/12\/inca_cadela-hope.jpg","datePublished":"2021-12-14T12:56:59+00:00","dateModified":"2021-12-14T12:57:16+00:00","breadcrumb":{"@id":"https:\/\/jornalfatosenoticias.com.br\/index.php\/2021\/12\/14\/inca-retoma-terapia-assistida-por-animais-com-a-cadela-hope\/#breadcrumb"},"inLanguage":"pt-BR","potentialAction":[{"@type":"ReadAction","target":["https:\/\/jornalfatosenoticias.com.br\/index.php\/2021\/12\/14\/inca-retoma-terapia-assistida-por-animais-com-a-cadela-hope\/"]}]},{"@type":"ImageObject","inLanguage":"pt-BR","@id":"https:\/\/jornalfatosenoticias.com.br\/index.php\/2021\/12\/14\/inca-retoma-terapia-assistida-por-animais-com-a-cadela-hope\/#primaryimage","url":"https:\/\/jornalfatosenoticias.com.br\/wp-content\/uploads\/2021\/12\/inca_cadela-hope.jpg","contentUrl":"https:\/\/jornalfatosenoticias.com.br\/wp-content\/uploads\/2021\/12\/inca_cadela-hope.jpg","width":1000,"height":598,"caption":"Terapia Assistida Por Animais no Inca"},{"@type":"BreadcrumbList","@id":"https:\/\/jornalfatosenoticias.com.br\/index.php\/2021\/12\/14\/inca-retoma-terapia-assistida-por-animais-com-a-cadela-hope\/#breadcrumb","itemListElement":[{"@type":"ListItem","position":1,"name":"In\u00edcio","item":"https:\/\/jornalfatosenoticias.com.br\/"},{"@type":"ListItem","position":2,"name":"Inca retoma Terapia Assistida por Animais com a cadela Hope"}]},{"@type":"WebSite","@id":"https:\/\/jornalfatosenoticias.com.br\/#website","url":"https:\/\/jornalfatosenoticias.com.br\/","name":"Jornal Fatos e Not\u00edcias","description":"Not\u00edcias em geral","publisher":{"@id":"https:\/\/jornalfatosenoticias.com.br\/#organization"},"potentialAction":[{"@type":"SearchAction","target":{"@type":"EntryPoint","urlTemplate":"https:\/\/jornalfatosenoticias.com.br\/?s={search_term_string}"},"query-input":{"@type":"PropertyValueSpecification","valueRequired":true,"valueName":"search_term_string"}}],"inLanguage":"pt-BR"},{"@type":"Organization","@id":"https:\/\/jornalfatosenoticias.com.br\/#organization","name":"Jornal Fatos e Not\u00edcias","url":"https:\/\/jornalfatosenoticias.com.br\/","logo":{"@type":"ImageObject","inLanguage":"pt-BR","@id":"https:\/\/jornalfatosenoticias.com.br\/#\/schema\/logo\/image\/","url":"https:\/\/jornalfatosenoticias.com.br\/wp-content\/uploads\/2020\/02\/logo120.png","contentUrl":"https:\/\/jornalfatosenoticias.com.br\/wp-content\/uploads\/2020\/02\/logo120.png","width":1227,"height":120,"caption":"Jornal Fatos e Not\u00edcias"},"image":{"@id":"https:\/\/jornalfatosenoticias.com.br\/#\/schema\/logo\/image\/"}},{"@type":"Person","@id":"https:\/\/jornalfatosenoticias.com.br\/#\/schema\/person\/d63837fa13ac8666eb9e74e0985d6f81","name":"Luzimara Fernandes","image":{"@type":"ImageObject","inLanguage":"pt-BR","@id":"https:\/\/jornalfatosenoticias.com.br\/#\/schema\/person\/image\/","url":"https:\/\/jornalfatosenoticias.com.br\/wp-content\/uploads\/2025\/05\/EU_portal.jpg","contentUrl":"https:\/\/jornalfatosenoticias.com.br\/wp-content\/uploads\/2025\/05\/EU_portal.jpg","caption":"Luzimara Fernandes"},"description":"Jornalista MTB 2358-ES","sameAs":["https:\/\/jornalfatosenoticias.com.br"],"url":"https:\/\/jornalfatosenoticias.com.br\/index.php\/author\/luzimara\/"}]}},"cc_featured_image_caption":{"caption_text":"(Foto: Divulga\u00e7\u00e3o Inca) ","source_text":"","source_url":""},"jetpack_featured_media_url":"https:\/\/jornalfatosenoticias.com.br\/wp-content\/uploads\/2021\/12\/inca_cadela-hope.jpg","_links":{"self":[{"href":"https:\/\/jornalfatosenoticias.com.br\/index.php\/wp-json\/wp\/v2\/posts\/25896","targetHints":{"allow":["GET"]}}],"collection":[{"href":"https:\/\/jornalfatosenoticias.com.br\/index.php\/wp-json\/wp\/v2\/posts"}],"about":[{"href":"https:\/\/jornalfatosenoticias.com.br\/index.php\/wp-json\/wp\/v2\/types\/post"}],"author":[{"embeddable":true,"href":"https:\/\/jornalfatosenoticias.com.br\/index.php\/wp-json\/wp\/v2\/users\/2"}],"replies":[{"embeddable":true,"href":"https:\/\/jornalfatosenoticias.com.br\/index.php\/wp-json\/wp\/v2\/comments?post=25896"}],"version-history":[{"count":0,"href":"https:\/\/jornalfatosenoticias.com.br\/index.php\/wp-json\/wp\/v2\/posts\/25896\/revisions"}],"wp:featuredmedia":[{"embeddable":true,"href":"https:\/\/jornalfatosenoticias.com.br\/index.php\/wp-json\/wp\/v2\/media\/25897"}],"wp:attachment":[{"href":"https:\/\/jornalfatosenoticias.com.br\/index.php\/wp-json\/wp\/v2\/media?parent=25896"}],"wp:term":[{"taxonomy":"category","embeddable":true,"href":"https:\/\/jornalfatosenoticias.com.br\/index.php\/wp-json\/wp\/v2\/categories?post=25896"},{"taxonomy":"post_tag","embeddable":true,"href":"https:\/\/jornalfatosenoticias.com.br\/index.php\/wp-json\/wp\/v2\/tags?post=25896"}],"curies":[{"name":"wp","href":"https:\/\/api.w.org\/{rel}","templated":true}]}}