{"id":25979,"date":"2021-12-15T13:39:30","date_gmt":"2021-12-15T16:39:30","guid":{"rendered":"https:\/\/jornalfatosenoticias.com.br\/?p=25979"},"modified":"2021-12-15T13:39:31","modified_gmt":"2021-12-15T16:39:31","slug":"tecnologia-demais-pode-prejudicar-o-cerebro-das-criancas","status":"publish","type":"post","link":"https:\/\/jornalfatosenoticias.com.br\/index.php\/2021\/12\/15\/tecnologia-demais-pode-prejudicar-o-cerebro-das-criancas\/","title":{"rendered":"Tecnologia demais pode prejudicar o c\u00e9rebro das crian\u00e7as"},"content":{"rendered":"\n<p>A inf\u00e2ncia \u00e9 uma das fases mais importantes da vida do ser humano \u2014 \u00e9 nela que as primeiras bases de conhecimentos e interesses s\u00e3o fomentadas. \u00c9 o momento no qual as estruturas cerebrais est\u00e3o em desenvolvimento cont\u00ednuo, tendo a neuroplasticidade como importante agente desses est\u00edmulos.<br>Por\u00e9m, nem todas as informa\u00e7\u00f5es s\u00e3o boas para a constru\u00e7\u00e3o de uma personalidade. O celular pode ser um grande vil\u00e3o nisso, por exemplo. Precisamos criar maneiras alternativas para formar uma personalidade que possa abrir portas para aquele indiv\u00edduo no futuro.<\/p>\n\n\n\n<p><strong><span class=\"has-inline-color has-black-color\">Desenvolvimento cerebral nas crian\u00e7as<br><\/span><\/strong>\u00c9 um comportamento comum dos pais da contemporaneidade utilizarem-se da tecnologia para distrair e acalmar as crian\u00e7as. Por\u00e9m, ter esse h\u00e1bito leva a crian\u00e7a a crer que sempre que ela tiver um comportamento parecido, mesmo que negativo, ser\u00e1 recompensada com o uso de aparelhos eletr\u00f4nicos. Essa conduta pode n\u00e3o s\u00f3 prejudicar a forma\u00e7\u00e3o da personalidade da crian\u00e7a, como tamb\u00e9m o desenvolvimento de \u00e1reas importantes do c\u00e9rebro como o lobo frontal.<br>Algumas \u00e1reas encef\u00e1licas espec\u00edficas est\u00e3o mais relacionadas ao processo de aprendizagem e \u00e0 forma\u00e7\u00e3o do comportamento do indiv\u00edduo. Por isso, a neuroplasticidade dessas \u00e1reas \u00e9 extremamente importante na inf\u00e2ncia. Nesta fase, h\u00e1 maior capacidade de aprendizagem e maior crescimento de neur\u00f4nios, logo, a neuroplasticidade ocorre mais facilmente.<br>O uso de aparelhos eletr\u00f4nicos, como celular e TV, \u00e9 respons\u00e1vel pelo desenvolvimento de problemas cognitivos. Estudos mostraram a rela\u00e7\u00e3o entre o v\u00edcio em internet e altera\u00e7\u00f5es encef\u00e1licas, chegando a afetar 38 \u00e1reas distintas. O excesso de exposi\u00e7\u00e3o \u00e0s telas est\u00e1 relacionado a problemas como a sonol\u00eancia diurna, dificuldade de memoriza\u00e7\u00e3o e de aprendizagem.<br>O <a class=\"\" href=\"https:\/\/ciencialatina.org\/index.php\/cienciala\/article\/view\/1022\/1394\" target=\"_blank\" rel=\"noreferrer noopener\">estudo<\/a>, publicado na <em>Revista Multidisciplinar Ci\u00eancia Latina,<\/em> concluiu que os pais t\u00eam um papel fundamental como mediadores na vida das crian\u00e7as para evitar o v\u00edcio em telas. Afinal, existem alternativas mais saud\u00e1veis como papel e caneta, leitura de hist\u00f3rias, divers\u00e3o com jogos n\u00e3o virtuais ou ainda, utiliza\u00e7\u00e3o de quebra-cabe\u00e7as e esportes. Se atendermos a essas curiosidades, podemos fomentar uma personalidade curiosa sem prejudicar o desenvolvimento cerebral dos pequenos.<\/p>\n\n\n\n<p><strong><em>Fonte: <a href=\"https:\/\/www.megacurioso.com.br\/saude-bem-estar\/120651-tecnologia-demais-pode-prejudicar-o-cerebro-das-criancas.htm\">Mega Curioso<\/a><\/em><\/strong><\/p>\n","protected":false},"excerpt":{"rendered":"<p>A inf\u00e2ncia \u00e9 uma das fases mais importantes da vida do ser humano \u2014 \u00e9 nela que as primeiras bases de conhecimentos e interesses s\u00e3o fomentadas. \u00c9 o momento no qual as estruturas cerebrais est\u00e3o em desenvolvimento cont\u00ednuo, tendo a neuroplasticidade como importante agente desses est\u00edmulos.Por\u00e9m, nem todas as informa\u00e7\u00f5es s\u00e3o boas para a constru\u00e7\u00e3o [&hellip;]<\/p>\n","protected":false},"author":2,"featured_media":25980,"comment_status":"open","ping_status":"open","sticky":false,"template":"","format":"standard","meta":{"footnotes":""},"categories":[2522],"tags":[1400,1779,670,74,198],"class_list":["post-25979","post","type-post","status-publish","format-standard","has-post-thumbnail","hentry","category-comportamento","tag-comportamento","tag-comportamento-infantil","tag-criancas","tag-saude","tag-tecnologia"],"yoast_head":"<!-- This site is optimized with the Yoast SEO plugin v26.5 - https:\/\/yoast.com\/wordpress\/plugins\/seo\/ -->\n<title>Tecnologia demais pode prejudicar o c\u00e9rebro das crian\u00e7as - Jornal Fatos e Not\u00edcias<\/title>\n<meta name=\"robots\" content=\"index, follow, max-snippet:-1, max-image-preview:large, max-video-preview:-1\" \/>\n<link rel=\"canonical\" href=\"https:\/\/jornalfatosenoticias.com.br\/index.php\/2021\/12\/15\/tecnologia-demais-pode-prejudicar-o-cerebro-das-criancas\/\" \/>\n<meta property=\"og:locale\" content=\"pt_BR\" \/>\n<meta property=\"og:type\" content=\"article\" \/>\n<meta property=\"og:title\" content=\"Tecnologia demais pode prejudicar o c\u00e9rebro das crian\u00e7as - Jornal Fatos e Not\u00edcias\" \/>\n<meta property=\"og:description\" content=\"A inf\u00e2ncia \u00e9 uma das fases mais importantes da vida do ser humano \u2014 \u00e9 nela que as primeiras bases de conhecimentos e interesses s\u00e3o fomentadas. \u00c9 o momento no qual as estruturas cerebrais est\u00e3o em desenvolvimento cont\u00ednuo, tendo a neuroplasticidade como importante agente desses est\u00edmulos.Por\u00e9m, nem todas as informa\u00e7\u00f5es s\u00e3o boas para a constru\u00e7\u00e3o [&hellip;]\" \/>\n<meta property=\"og:url\" content=\"https:\/\/jornalfatosenoticias.com.br\/index.php\/2021\/12\/15\/tecnologia-demais-pode-prejudicar-o-cerebro-das-criancas\/\" \/>\n<meta property=\"og:site_name\" content=\"Jornal Fatos e Not\u00edcias\" \/>\n<meta property=\"article:published_time\" content=\"2021-12-15T16:39:30+00:00\" \/>\n<meta property=\"article:modified_time\" content=\"2021-12-15T16:39:31+00:00\" \/>\n<meta property=\"og:image\" content=\"https:\/\/jornalfatosenoticias.com.br\/wp-content\/uploads\/2021\/12\/crianca-e-tecnologia.jpg\" \/>\n\t<meta property=\"og:image:width\" content=\"1000\" \/>\n\t<meta property=\"og:image:height\" content=\"754\" \/>\n\t<meta property=\"og:image:type\" content=\"image\/jpeg\" \/>\n<meta name=\"author\" content=\"Luzimara Fernandes\" \/>\n<meta name=\"twitter:card\" content=\"summary_large_image\" \/>\n<meta name=\"twitter:label1\" content=\"Escrito por\" \/>\n\t<meta name=\"twitter:data1\" content=\"Luzimara Fernandes\" \/>\n\t<meta name=\"twitter:label2\" content=\"Est. tempo de leitura\" \/>\n\t<meta name=\"twitter:data2\" content=\"2 minutos\" \/>\n<script type=\"application\/ld+json\" class=\"yoast-schema-graph\">{\"@context\":\"https:\/\/schema.org\",\"@graph\":[{\"@type\":\"Article\",\"@id\":\"https:\/\/jornalfatosenoticias.com.br\/index.php\/2021\/12\/15\/tecnologia-demais-pode-prejudicar-o-cerebro-das-criancas\/#article\",\"isPartOf\":{\"@id\":\"https:\/\/jornalfatosenoticias.com.br\/index.php\/2021\/12\/15\/tecnologia-demais-pode-prejudicar-o-cerebro-das-criancas\/\"},\"author\":{\"name\":\"Luzimara Fernandes\",\"@id\":\"https:\/\/jornalfatosenoticias.com.br\/#\/schema\/person\/d63837fa13ac8666eb9e74e0985d6f81\"},\"headline\":\"Tecnologia demais pode prejudicar o c\u00e9rebro das crian\u00e7as\",\"datePublished\":\"2021-12-15T16:39:30+00:00\",\"dateModified\":\"2021-12-15T16:39:31+00:00\",\"mainEntityOfPage\":{\"@id\":\"https:\/\/jornalfatosenoticias.com.br\/index.php\/2021\/12\/15\/tecnologia-demais-pode-prejudicar-o-cerebro-das-criancas\/\"},\"wordCount\":382,\"commentCount\":0,\"publisher\":{\"@id\":\"https:\/\/jornalfatosenoticias.com.br\/#organization\"},\"image\":{\"@id\":\"https:\/\/jornalfatosenoticias.com.br\/index.php\/2021\/12\/15\/tecnologia-demais-pode-prejudicar-o-cerebro-das-criancas\/#primaryimage\"},\"thumbnailUrl\":\"https:\/\/jornalfatosenoticias.com.br\/wp-content\/uploads\/2021\/12\/crianca-e-tecnologia.jpg\",\"keywords\":[\"comportamento\",\"comportamento infantil\",\"crian\u00e7as\",\"sa\u00fade\",\"tecnologia\"],\"articleSection\":[\"Comportamento &amp; Equil\u00edbrio\"],\"inLanguage\":\"pt-BR\",\"potentialAction\":[{\"@type\":\"CommentAction\",\"name\":\"Comment\",\"target\":[\"https:\/\/jornalfatosenoticias.com.br\/index.php\/2021\/12\/15\/tecnologia-demais-pode-prejudicar-o-cerebro-das-criancas\/#respond\"]}]},{\"@type\":\"WebPage\",\"@id\":\"https:\/\/jornalfatosenoticias.com.br\/index.php\/2021\/12\/15\/tecnologia-demais-pode-prejudicar-o-cerebro-das-criancas\/\",\"url\":\"https:\/\/jornalfatosenoticias.com.br\/index.php\/2021\/12\/15\/tecnologia-demais-pode-prejudicar-o-cerebro-das-criancas\/\",\"name\":\"Tecnologia demais pode prejudicar o c\u00e9rebro das crian\u00e7as - Jornal Fatos e Not\u00edcias\",\"isPartOf\":{\"@id\":\"https:\/\/jornalfatosenoticias.com.br\/#website\"},\"primaryImageOfPage\":{\"@id\":\"https:\/\/jornalfatosenoticias.com.br\/index.php\/2021\/12\/15\/tecnologia-demais-pode-prejudicar-o-cerebro-das-criancas\/#primaryimage\"},\"image\":{\"@id\":\"https:\/\/jornalfatosenoticias.com.br\/index.php\/2021\/12\/15\/tecnologia-demais-pode-prejudicar-o-cerebro-das-criancas\/#primaryimage\"},\"thumbnailUrl\":\"https:\/\/jornalfatosenoticias.com.br\/wp-content\/uploads\/2021\/12\/crianca-e-tecnologia.jpg\",\"datePublished\":\"2021-12-15T16:39:30+00:00\",\"dateModified\":\"2021-12-15T16:39:31+00:00\",\"breadcrumb\":{\"@id\":\"https:\/\/jornalfatosenoticias.com.br\/index.php\/2021\/12\/15\/tecnologia-demais-pode-prejudicar-o-cerebro-das-criancas\/#breadcrumb\"},\"inLanguage\":\"pt-BR\",\"potentialAction\":[{\"@type\":\"ReadAction\",\"target\":[\"https:\/\/jornalfatosenoticias.com.br\/index.php\/2021\/12\/15\/tecnologia-demais-pode-prejudicar-o-cerebro-das-criancas\/\"]}]},{\"@type\":\"ImageObject\",\"inLanguage\":\"pt-BR\",\"@id\":\"https:\/\/jornalfatosenoticias.com.br\/index.php\/2021\/12\/15\/tecnologia-demais-pode-prejudicar-o-cerebro-das-criancas\/#primaryimage\",\"url\":\"https:\/\/jornalfatosenoticias.com.br\/wp-content\/uploads\/2021\/12\/crianca-e-tecnologia.jpg\",\"contentUrl\":\"https:\/\/jornalfatosenoticias.com.br\/wp-content\/uploads\/2021\/12\/crianca-e-tecnologia.jpg\",\"width\":1000,\"height\":754,\"caption\":\"Shot of a young boy using his digital tablet while lying on the floor at home\"},{\"@type\":\"BreadcrumbList\",\"@id\":\"https:\/\/jornalfatosenoticias.com.br\/index.php\/2021\/12\/15\/tecnologia-demais-pode-prejudicar-o-cerebro-das-criancas\/#breadcrumb\",\"itemListElement\":[{\"@type\":\"ListItem\",\"position\":1,\"name\":\"In\u00edcio\",\"item\":\"https:\/\/jornalfatosenoticias.com.br\/\"},{\"@type\":\"ListItem\",\"position\":2,\"name\":\"Tecnologia demais pode prejudicar o c\u00e9rebro das crian\u00e7as\"}]},{\"@type\":\"WebSite\",\"@id\":\"https:\/\/jornalfatosenoticias.com.br\/#website\",\"url\":\"https:\/\/jornalfatosenoticias.com.br\/\",\"name\":\"Jornal Fatos e Not\u00edcias\",\"description\":\"Not\u00edcias em geral\",\"publisher\":{\"@id\":\"https:\/\/jornalfatosenoticias.com.br\/#organization\"},\"potentialAction\":[{\"@type\":\"SearchAction\",\"target\":{\"@type\":\"EntryPoint\",\"urlTemplate\":\"https:\/\/jornalfatosenoticias.com.br\/?s={search_term_string}\"},\"query-input\":{\"@type\":\"PropertyValueSpecification\",\"valueRequired\":true,\"valueName\":\"search_term_string\"}}],\"inLanguage\":\"pt-BR\"},{\"@type\":\"Organization\",\"@id\":\"https:\/\/jornalfatosenoticias.com.br\/#organization\",\"name\":\"Jornal Fatos e Not\u00edcias\",\"url\":\"https:\/\/jornalfatosenoticias.com.br\/\",\"logo\":{\"@type\":\"ImageObject\",\"inLanguage\":\"pt-BR\",\"@id\":\"https:\/\/jornalfatosenoticias.com.br\/#\/schema\/logo\/image\/\",\"url\":\"https:\/\/jornalfatosenoticias.com.br\/wp-content\/uploads\/2020\/02\/logo120.png\",\"contentUrl\":\"https:\/\/jornalfatosenoticias.com.br\/wp-content\/uploads\/2020\/02\/logo120.png\",\"width\":1227,\"height\":120,\"caption\":\"Jornal Fatos e Not\u00edcias\"},\"image\":{\"@id\":\"https:\/\/jornalfatosenoticias.com.br\/#\/schema\/logo\/image\/\"}},{\"@type\":\"Person\",\"@id\":\"https:\/\/jornalfatosenoticias.com.br\/#\/schema\/person\/d63837fa13ac8666eb9e74e0985d6f81\",\"name\":\"Luzimara Fernandes\",\"image\":{\"@type\":\"ImageObject\",\"inLanguage\":\"pt-BR\",\"@id\":\"https:\/\/jornalfatosenoticias.com.br\/#\/schema\/person\/image\/\",\"url\":\"https:\/\/jornalfatosenoticias.com.br\/wp-content\/uploads\/2025\/05\/EU_portal.jpg\",\"contentUrl\":\"https:\/\/jornalfatosenoticias.com.br\/wp-content\/uploads\/2025\/05\/EU_portal.jpg\",\"caption\":\"Luzimara Fernandes\"},\"description\":\"Jornalista MTB 2358-ES\",\"sameAs\":[\"https:\/\/jornalfatosenoticias.com.br\"],\"url\":\"https:\/\/jornalfatosenoticias.com.br\/index.php\/author\/luzimara\/\"}]}<\/script>\n<!-- \/ Yoast SEO plugin. -->","yoast_head_json":{"title":"Tecnologia demais pode prejudicar o c\u00e9rebro das crian\u00e7as - Jornal Fatos e Not\u00edcias","robots":{"index":"index","follow":"follow","max-snippet":"max-snippet:-1","max-image-preview":"max-image-preview:large","max-video-preview":"max-video-preview:-1"},"canonical":"https:\/\/jornalfatosenoticias.com.br\/index.php\/2021\/12\/15\/tecnologia-demais-pode-prejudicar-o-cerebro-das-criancas\/","og_locale":"pt_BR","og_type":"article","og_title":"Tecnologia demais pode prejudicar o c\u00e9rebro das crian\u00e7as - Jornal Fatos e Not\u00edcias","og_description":"A inf\u00e2ncia \u00e9 uma das fases mais importantes da vida do ser humano \u2014 \u00e9 nela que as primeiras bases de conhecimentos e interesses s\u00e3o fomentadas. \u00c9 o momento no qual as estruturas cerebrais est\u00e3o em desenvolvimento cont\u00ednuo, tendo a neuroplasticidade como importante agente desses est\u00edmulos.Por\u00e9m, nem todas as informa\u00e7\u00f5es s\u00e3o boas para a constru\u00e7\u00e3o [&hellip;]","og_url":"https:\/\/jornalfatosenoticias.com.br\/index.php\/2021\/12\/15\/tecnologia-demais-pode-prejudicar-o-cerebro-das-criancas\/","og_site_name":"Jornal Fatos e Not\u00edcias","article_published_time":"2021-12-15T16:39:30+00:00","article_modified_time":"2021-12-15T16:39:31+00:00","og_image":[{"width":1000,"height":754,"url":"https:\/\/jornalfatosenoticias.com.br\/wp-content\/uploads\/2021\/12\/crianca-e-tecnologia.jpg","type":"image\/jpeg"}],"author":"Luzimara Fernandes","twitter_card":"summary_large_image","twitter_misc":{"Escrito por":"Luzimara Fernandes","Est. tempo de leitura":"2 minutos"},"schema":{"@context":"https:\/\/schema.org","@graph":[{"@type":"Article","@id":"https:\/\/jornalfatosenoticias.com.br\/index.php\/2021\/12\/15\/tecnologia-demais-pode-prejudicar-o-cerebro-das-criancas\/#article","isPartOf":{"@id":"https:\/\/jornalfatosenoticias.com.br\/index.php\/2021\/12\/15\/tecnologia-demais-pode-prejudicar-o-cerebro-das-criancas\/"},"author":{"name":"Luzimara Fernandes","@id":"https:\/\/jornalfatosenoticias.com.br\/#\/schema\/person\/d63837fa13ac8666eb9e74e0985d6f81"},"headline":"Tecnologia demais pode prejudicar o c\u00e9rebro das crian\u00e7as","datePublished":"2021-12-15T16:39:30+00:00","dateModified":"2021-12-15T16:39:31+00:00","mainEntityOfPage":{"@id":"https:\/\/jornalfatosenoticias.com.br\/index.php\/2021\/12\/15\/tecnologia-demais-pode-prejudicar-o-cerebro-das-criancas\/"},"wordCount":382,"commentCount":0,"publisher":{"@id":"https:\/\/jornalfatosenoticias.com.br\/#organization"},"image":{"@id":"https:\/\/jornalfatosenoticias.com.br\/index.php\/2021\/12\/15\/tecnologia-demais-pode-prejudicar-o-cerebro-das-criancas\/#primaryimage"},"thumbnailUrl":"https:\/\/jornalfatosenoticias.com.br\/wp-content\/uploads\/2021\/12\/crianca-e-tecnologia.jpg","keywords":["comportamento","comportamento infantil","crian\u00e7as","sa\u00fade","tecnologia"],"articleSection":["Comportamento &amp; Equil\u00edbrio"],"inLanguage":"pt-BR","potentialAction":[{"@type":"CommentAction","name":"Comment","target":["https:\/\/jornalfatosenoticias.com.br\/index.php\/2021\/12\/15\/tecnologia-demais-pode-prejudicar-o-cerebro-das-criancas\/#respond"]}]},{"@type":"WebPage","@id":"https:\/\/jornalfatosenoticias.com.br\/index.php\/2021\/12\/15\/tecnologia-demais-pode-prejudicar-o-cerebro-das-criancas\/","url":"https:\/\/jornalfatosenoticias.com.br\/index.php\/2021\/12\/15\/tecnologia-demais-pode-prejudicar-o-cerebro-das-criancas\/","name":"Tecnologia demais pode prejudicar o c\u00e9rebro das crian\u00e7as - Jornal Fatos e Not\u00edcias","isPartOf":{"@id":"https:\/\/jornalfatosenoticias.com.br\/#website"},"primaryImageOfPage":{"@id":"https:\/\/jornalfatosenoticias.com.br\/index.php\/2021\/12\/15\/tecnologia-demais-pode-prejudicar-o-cerebro-das-criancas\/#primaryimage"},"image":{"@id":"https:\/\/jornalfatosenoticias.com.br\/index.php\/2021\/12\/15\/tecnologia-demais-pode-prejudicar-o-cerebro-das-criancas\/#primaryimage"},"thumbnailUrl":"https:\/\/jornalfatosenoticias.com.br\/wp-content\/uploads\/2021\/12\/crianca-e-tecnologia.jpg","datePublished":"2021-12-15T16:39:30+00:00","dateModified":"2021-12-15T16:39:31+00:00","breadcrumb":{"@id":"https:\/\/jornalfatosenoticias.com.br\/index.php\/2021\/12\/15\/tecnologia-demais-pode-prejudicar-o-cerebro-das-criancas\/#breadcrumb"},"inLanguage":"pt-BR","potentialAction":[{"@type":"ReadAction","target":["https:\/\/jornalfatosenoticias.com.br\/index.php\/2021\/12\/15\/tecnologia-demais-pode-prejudicar-o-cerebro-das-criancas\/"]}]},{"@type":"ImageObject","inLanguage":"pt-BR","@id":"https:\/\/jornalfatosenoticias.com.br\/index.php\/2021\/12\/15\/tecnologia-demais-pode-prejudicar-o-cerebro-das-criancas\/#primaryimage","url":"https:\/\/jornalfatosenoticias.com.br\/wp-content\/uploads\/2021\/12\/crianca-e-tecnologia.jpg","contentUrl":"https:\/\/jornalfatosenoticias.com.br\/wp-content\/uploads\/2021\/12\/crianca-e-tecnologia.jpg","width":1000,"height":754,"caption":"Shot of a young boy using his digital tablet while lying on the floor at home"},{"@type":"BreadcrumbList","@id":"https:\/\/jornalfatosenoticias.com.br\/index.php\/2021\/12\/15\/tecnologia-demais-pode-prejudicar-o-cerebro-das-criancas\/#breadcrumb","itemListElement":[{"@type":"ListItem","position":1,"name":"In\u00edcio","item":"https:\/\/jornalfatosenoticias.com.br\/"},{"@type":"ListItem","position":2,"name":"Tecnologia demais pode prejudicar o c\u00e9rebro das crian\u00e7as"}]},{"@type":"WebSite","@id":"https:\/\/jornalfatosenoticias.com.br\/#website","url":"https:\/\/jornalfatosenoticias.com.br\/","name":"Jornal Fatos e Not\u00edcias","description":"Not\u00edcias em geral","publisher":{"@id":"https:\/\/jornalfatosenoticias.com.br\/#organization"},"potentialAction":[{"@type":"SearchAction","target":{"@type":"EntryPoint","urlTemplate":"https:\/\/jornalfatosenoticias.com.br\/?s={search_term_string}"},"query-input":{"@type":"PropertyValueSpecification","valueRequired":true,"valueName":"search_term_string"}}],"inLanguage":"pt-BR"},{"@type":"Organization","@id":"https:\/\/jornalfatosenoticias.com.br\/#organization","name":"Jornal Fatos e Not\u00edcias","url":"https:\/\/jornalfatosenoticias.com.br\/","logo":{"@type":"ImageObject","inLanguage":"pt-BR","@id":"https:\/\/jornalfatosenoticias.com.br\/#\/schema\/logo\/image\/","url":"https:\/\/jornalfatosenoticias.com.br\/wp-content\/uploads\/2020\/02\/logo120.png","contentUrl":"https:\/\/jornalfatosenoticias.com.br\/wp-content\/uploads\/2020\/02\/logo120.png","width":1227,"height":120,"caption":"Jornal Fatos e Not\u00edcias"},"image":{"@id":"https:\/\/jornalfatosenoticias.com.br\/#\/schema\/logo\/image\/"}},{"@type":"Person","@id":"https:\/\/jornalfatosenoticias.com.br\/#\/schema\/person\/d63837fa13ac8666eb9e74e0985d6f81","name":"Luzimara Fernandes","image":{"@type":"ImageObject","inLanguage":"pt-BR","@id":"https:\/\/jornalfatosenoticias.com.br\/#\/schema\/person\/image\/","url":"https:\/\/jornalfatosenoticias.com.br\/wp-content\/uploads\/2025\/05\/EU_portal.jpg","contentUrl":"https:\/\/jornalfatosenoticias.com.br\/wp-content\/uploads\/2025\/05\/EU_portal.jpg","caption":"Luzimara Fernandes"},"description":"Jornalista MTB 2358-ES","sameAs":["https:\/\/jornalfatosenoticias.com.br"],"url":"https:\/\/jornalfatosenoticias.com.br\/index.php\/author\/luzimara\/"}]}},"cc_featured_image_caption":{"caption_text":"(Foto: Getty Images\/iStock) ","source_text":"","source_url":""},"jetpack_featured_media_url":"https:\/\/jornalfatosenoticias.com.br\/wp-content\/uploads\/2021\/12\/crianca-e-tecnologia.jpg","_links":{"self":[{"href":"https:\/\/jornalfatosenoticias.com.br\/index.php\/wp-json\/wp\/v2\/posts\/25979","targetHints":{"allow":["GET"]}}],"collection":[{"href":"https:\/\/jornalfatosenoticias.com.br\/index.php\/wp-json\/wp\/v2\/posts"}],"about":[{"href":"https:\/\/jornalfatosenoticias.com.br\/index.php\/wp-json\/wp\/v2\/types\/post"}],"author":[{"embeddable":true,"href":"https:\/\/jornalfatosenoticias.com.br\/index.php\/wp-json\/wp\/v2\/users\/2"}],"replies":[{"embeddable":true,"href":"https:\/\/jornalfatosenoticias.com.br\/index.php\/wp-json\/wp\/v2\/comments?post=25979"}],"version-history":[{"count":0,"href":"https:\/\/jornalfatosenoticias.com.br\/index.php\/wp-json\/wp\/v2\/posts\/25979\/revisions"}],"wp:featuredmedia":[{"embeddable":true,"href":"https:\/\/jornalfatosenoticias.com.br\/index.php\/wp-json\/wp\/v2\/media\/25980"}],"wp:attachment":[{"href":"https:\/\/jornalfatosenoticias.com.br\/index.php\/wp-json\/wp\/v2\/media?parent=25979"}],"wp:term":[{"taxonomy":"category","embeddable":true,"href":"https:\/\/jornalfatosenoticias.com.br\/index.php\/wp-json\/wp\/v2\/categories?post=25979"},{"taxonomy":"post_tag","embeddable":true,"href":"https:\/\/jornalfatosenoticias.com.br\/index.php\/wp-json\/wp\/v2\/tags?post=25979"}],"curies":[{"name":"wp","href":"https:\/\/api.w.org\/{rel}","templated":true}]}}