{"id":25982,"date":"2021-12-15T14:00:50","date_gmt":"2021-12-15T17:00:50","guid":{"rendered":"https:\/\/jornalfatosenoticias.com.br\/?p=25982"},"modified":"2021-12-15T14:00:50","modified_gmt":"2021-12-15T17:00:50","slug":"sanya-o-bairro-dos-desprezados-de-toquio","status":"publish","type":"post","link":"https:\/\/jornalfatosenoticias.com.br\/index.php\/2021\/12\/15\/sanya-o-bairro-dos-desprezados-de-toquio\/","title":{"rendered":"San&#8217;ya: o bairro dos desprezados de T\u00f3quio"},"content":{"rendered":"\n<p>No Jap\u00e3o, quando algu\u00e9m <a href=\"https:\/\/www.megacurioso.com.br\/artes-cultura\/120317-johatsu-os-japoneses-que-decidem-desaparecer-de-suas-vidas.htm\" rel=\"noreferrer noopener\" target=\"_blank\">decide desaparecer<\/a>, vai se refugiar em San&#8217;ya, uma \u00e1rea localizada entre os bairros Taito e Arakawa, em T\u00f3quio. Antes de 1966, San\u2019ya era um bairro completo, mas acabou sumindo entre v\u00e1rios bairros para acomodar a popula\u00e7\u00e3o pobre crescente.<br>O local \u00e9 considerado uma &#8220;terra de ningu\u00e9m&#8221; desde o per\u00edodo Edo, em que trabalhadores muito pobres de castas inferiores viviam em pens\u00f5es ou casas de alugu\u00e9is insalubres. Ainda que o bairro tenha sofrido um processo de <a class=\"\" href=\"https:\/\/www.megacurioso.com.br\/artes-cultura\/120227-o-que-e-gentrificacao-e-por-que-esse-processo-e-tao-danoso.htm\" rel=\"noreferrer noopener\" target=\"_blank\">gentrifica\u00e7\u00e3o<\/a>, que transformou algumas pens\u00f5es decr\u00e9pitas das redondezas em hostels para mochileiros do mundo inteiro, a regi\u00e3o permanece uma &#8220;mancha&#8221; na sociedade japonesa.<\/p>\n\n\n\n<figure class=\"wp-block-image size-large\"><img loading=\"lazy\" decoding=\"async\" width=\"1000\" height=\"400\" src=\"https:\/\/jornalfatosenoticias.com.br\/wp-content\/uploads\/2021\/12\/bairro-de-toquio1.jpg\" alt=\"\" class=\"wp-image-25983\" srcset=\"https:\/\/jornalfatosenoticias.com.br\/wp-content\/uploads\/2021\/12\/bairro-de-toquio1.jpg 1000w, https:\/\/jornalfatosenoticias.com.br\/wp-content\/uploads\/2021\/12\/bairro-de-toquio1-300x120.jpg 300w, https:\/\/jornalfatosenoticias.com.br\/wp-content\/uploads\/2021\/12\/bairro-de-toquio1-768x307.jpg 768w\" sizes=\"auto, (max-width: 1000px) 100vw, 1000px\" \/><figcaption><em><span class=\"has-inline-color has-black-color\">O ponto fraco de T\u00f3quio: os pobres. O b\u00eabado. Os destitu\u00eddos (Foto: Tokyo Times)<\/span><\/em><\/figcaption><\/figure>\n\n\n\n<p>Conforme uma pesquisa levantada pela <em>Live Japan<\/em>, cerca de 14 milh\u00f5es de pessoas vivem espalhadas entre os 23 distritos centrais de T\u00f3quio. Entretanto, o Minist\u00e9rio da Sa\u00fade, Trabalho e Bem-Estar do Jap\u00e3o contabilizou 3.824 desabrigados em todo o pa\u00eds, que tem 38 milh\u00f5es de habitantes, ou seja, um valor que corresponde a apenas 0,00003% da popula\u00e7\u00e3o. Talvez voc\u00ea j\u00e1 saiba onde est\u00e1 a parcela real de desabrigados.<\/p>\n\n\n\n<h4 class=\"wp-block-heading\"><span class=\"has-inline-color has-black-color\">Um local esquecido<\/span><\/h4>\n\n\n\n<figure class=\"wp-block-image size-large\"><img loading=\"lazy\" decoding=\"async\" width=\"1000\" height=\"668\" src=\"https:\/\/jornalfatosenoticias.com.br\/wp-content\/uploads\/2021\/12\/bairro-de-toquio3.jpg\" alt=\"\" class=\"wp-image-25984\" srcset=\"https:\/\/jornalfatosenoticias.com.br\/wp-content\/uploads\/2021\/12\/bairro-de-toquio3.jpg 1000w, https:\/\/jornalfatosenoticias.com.br\/wp-content\/uploads\/2021\/12\/bairro-de-toquio3-300x200.jpg 300w, https:\/\/jornalfatosenoticias.com.br\/wp-content\/uploads\/2021\/12\/bairro-de-toquio3-768x513.jpg 768w\" sizes=\"auto, (max-width: 1000px) 100vw, 1000px\" \/><figcaption><em><span class=\"has-inline-color has-black-color\">O ponto fraco de T\u00f3quio: os pobres. O b\u00eabado. Os destitu\u00eddos (Foto: Tokyo Times)<\/span><\/em><\/figcaption><\/figure>\n\n\n\n<p>Sim, San&#8217;ya se tornou um grande &#8220;dep\u00f3sito social&#8221;, onde o governo &#8220;enfiou&#8221; aqueles que n\u00e3o tinham mais vaga na estrutura rigorosa de sobreviv\u00eancia da sociedade japonesa. O bairro \u00e9 como uma cidade-fantasma com v\u00e1rios pr\u00e9dios de tijolos aparentes pichados, que est\u00e3o ruindo sobre os pr\u00f3prios alicerces em fun\u00e7\u00e3o de anos de falta de reparo. Espremendo-se entre o concreto armado, est\u00e3o as casas de telhados de metal corrugado devastados pela ferrugem, com caixas de correio repletas de lixo dos propriet\u00e1rios que j\u00e1 se foram.<\/p>\n\n\n\n<p><a href=\"https:\/\/www.tokyotimes.org\/tokyos-dark-underbelly-the-poor-the-drunk-the-destitute\/\">O ponto fraco de T\u00f3quio: os pobres.\u00a0O b\u00eabado.\u00a0Os destitu\u00eddos.<\/a><\/p>\n\n\n\n<figure class=\"wp-block-image size-large\"><img loading=\"lazy\" decoding=\"async\" width=\"1000\" height=\"672\" src=\"https:\/\/jornalfatosenoticias.com.br\/wp-content\/uploads\/2021\/12\/bairro-de-toquio2.jpg\" alt=\"\" class=\"wp-image-25985\" srcset=\"https:\/\/jornalfatosenoticias.com.br\/wp-content\/uploads\/2021\/12\/bairro-de-toquio2.jpg 1000w, https:\/\/jornalfatosenoticias.com.br\/wp-content\/uploads\/2021\/12\/bairro-de-toquio2-300x202.jpg 300w, https:\/\/jornalfatosenoticias.com.br\/wp-content\/uploads\/2021\/12\/bairro-de-toquio2-768x516.jpg 768w\" sizes=\"auto, (max-width: 1000px) 100vw, 1000px\" \/><figcaption><em><span class=\"has-inline-color has-black-color\">O ponto fraco de T\u00f3quio: os pobres. O b\u00eabado. Os destitu\u00eddos (Foto: Tokyo Times)<\/span><\/em><\/figcaption><\/figure>\n\n\n\n<p>O com\u00e9rcio no local \u00e9 resumido em lanchonetes e lojas familiares decadentes espalhadas por toda a extens\u00e3o de San&#8217;ya para alimentar os muito pobres, b\u00eabados, viciados e aqueles que se mudaram para l\u00e1 com o intuito de desaparecer.<br>Em 2002, Masaki Yamamoto fundou as Casas da Esperan\u00e7a (<em>Kibo no le em japon\u00eas<\/em>), habita\u00e7\u00f5es provis\u00f3rias para acolher aqueles que enfrentam a morte iminente, como disse em entrevista ao <em>Japan Times<\/em>, bem como os que ca\u00edram pelas &#8220;fendas da sociedade&#8221;.<\/p>\n\n\n\n<figure class=\"wp-block-image size-large\"><img loading=\"lazy\" decoding=\"async\" width=\"1000\" height=\"724\" src=\"https:\/\/jornalfatosenoticias.com.br\/wp-content\/uploads\/2021\/12\/bairro-de-toquio4.jpg\" alt=\"\" class=\"wp-image-25987\" srcset=\"https:\/\/jornalfatosenoticias.com.br\/wp-content\/uploads\/2021\/12\/bairro-de-toquio4.jpg 1000w, https:\/\/jornalfatosenoticias.com.br\/wp-content\/uploads\/2021\/12\/bairro-de-toquio4-300x217.jpg 300w, https:\/\/jornalfatosenoticias.com.br\/wp-content\/uploads\/2021\/12\/bairro-de-toquio4-768x556.jpg 768w\" sizes=\"auto, (max-width: 1000px) 100vw, 1000px\" \/><figcaption><em><span class=\"has-inline-color has-black-color\">O ponto fraco de T\u00f3quio: os pobres. O b\u00eabado. Os destitu\u00eddos (Foto: Tokyo Times)<\/span><\/em><\/figcaption><\/figure>\n\n\n\n<blockquote class=\"wp-block-quote is-layout-flow wp-block-quote-is-layout-flow\"><p><span class=\"has-inline-color has-luminous-vivid-orange-color\">Com sua esposa Mie, Yamamoto re\u00fane indiv\u00edduos desprezados por serem soropositivo, terem c\u00e2ncer, Parkinson ou que t\u00eam algum tipo de transtorno mental \u2014 um dos piores problemas de sa\u00fade do pa\u00eds.<\/span><\/p><\/blockquote>\n\n\n\n<p>Como apontou uma mat\u00e9ria de 2019 do <em>The Guardian<\/em>, a esmagadora maioria das pessoas que vivem sem teto ou que moram em <a href=\"https:\/\/www.tokyotimes.org\/?p=7779\"><\/a><a href=\"https:\/\/www.tokyotimes.org\/?p=7779\">Sanya<\/a> s\u00e3o mulheres que s\u00e3o diaristas, isso porque &#8220;o rolo compressor social japon\u00eas&#8221; espera que uma pessoa conclua seus estudos e entre para algum cargo de uma entidade corporativa. Qualquer um que n\u00e3o seguir esse padr\u00e3o social, \u00e9 considerado automaticamente uma esc\u00f3ria da natureza, desprezado por todos ao seu redor, inclusive pelo pr\u00f3prio governo.<\/p>\n\n\n\n<figure class=\"wp-block-image size-large\"><img loading=\"lazy\" decoding=\"async\" width=\"1000\" height=\"674\" src=\"https:\/\/jornalfatosenoticias.com.br\/wp-content\/uploads\/2021\/12\/bairro-de-toquio5.jpg\" alt=\"\" class=\"wp-image-25986\" srcset=\"https:\/\/jornalfatosenoticias.com.br\/wp-content\/uploads\/2021\/12\/bairro-de-toquio5.jpg 1000w, https:\/\/jornalfatosenoticias.com.br\/wp-content\/uploads\/2021\/12\/bairro-de-toquio5-300x202.jpg 300w, https:\/\/jornalfatosenoticias.com.br\/wp-content\/uploads\/2021\/12\/bairro-de-toquio5-768x518.jpg 768w\" sizes=\"auto, (max-width: 1000px) 100vw, 1000px\" \/><figcaption><em><span class=\"has-inline-color has-black-color\">O ponto fraco de T\u00f3quio: os pobres. O b\u00eabado. Os destitu\u00eddos (Foto: Tokyo Times)<\/span><\/em><\/figcaption><\/figure>\n\n\n\n<p>Ironia ou n\u00e3o, os que acabaram em San&#8217;ya por motivos econ\u00f4micos s\u00e3o tamb\u00e9m os respons\u00e1veis pela reconstru\u00e7\u00e3o da cidade antes da hist\u00f3rica Olimp\u00edadas de 1964, que colocou o Jap\u00e3o no mapa novamente ap\u00f3s ter sido bombardeado pelos Estados Unidos em 1945.<\/p>\n\n\n\n<p><strong><em>Fonte: <a href=\"https:\/\/www.megacurioso.com.br\/artes-cultura\/120640-san-ya-o-bairro-dos-desprezados-de-toquio.htm\">Mega Curioso<\/a><\/em><\/strong><\/p>\n","protected":false},"excerpt":{"rendered":"<p>No Jap\u00e3o, quando algu\u00e9m decide desaparecer, vai se refugiar em San&#8217;ya, uma \u00e1rea localizada entre os bairros Taito e Arakawa, em T\u00f3quio. Antes de 1966, San\u2019ya era um bairro completo, mas acabou sumindo entre v\u00e1rios bairros para acomodar a popula\u00e7\u00e3o pobre crescente.O local \u00e9 considerado uma &#8220;terra de ningu\u00e9m&#8221; desde o per\u00edodo Edo, em que [&hellip;]<\/p>\n","protected":false},"author":2,"featured_media":25987,"comment_status":"open","ping_status":"open","sticky":false,"template":"","format":"standard","meta":{"footnotes":""},"categories":[41],"tags":[12532,233,12534,12531,12533],"class_list":["post-25982","post","type-post","status-publish","format-standard","has-post-thumbnail","hentry","category-internacional","tag-destituidos-da-sociedade","tag-japao","tag-lixo-humano","tag-pessoas-abandonadas","tag-populacao-pobre"],"yoast_head":"<!-- This site is optimized with the Yoast SEO plugin v26.5 - https:\/\/yoast.com\/wordpress\/plugins\/seo\/ -->\n<title>San&#039;ya: o bairro dos desprezados de T\u00f3quio - Jornal Fatos e Not\u00edcias<\/title>\n<meta name=\"robots\" content=\"index, follow, max-snippet:-1, max-image-preview:large, max-video-preview:-1\" \/>\n<link rel=\"canonical\" href=\"https:\/\/jornalfatosenoticias.com.br\/index.php\/2021\/12\/15\/sanya-o-bairro-dos-desprezados-de-toquio\/\" \/>\n<meta property=\"og:locale\" content=\"pt_BR\" \/>\n<meta property=\"og:type\" content=\"article\" \/>\n<meta property=\"og:title\" content=\"San&#039;ya: o bairro dos desprezados de T\u00f3quio - Jornal Fatos e Not\u00edcias\" \/>\n<meta property=\"og:description\" content=\"No Jap\u00e3o, quando algu\u00e9m decide desaparecer, vai se refugiar em San&#8217;ya, uma \u00e1rea localizada entre os bairros Taito e Arakawa, em T\u00f3quio. Antes de 1966, San\u2019ya era um bairro completo, mas acabou sumindo entre v\u00e1rios bairros para acomodar a popula\u00e7\u00e3o pobre crescente.O local \u00e9 considerado uma &#8220;terra de ningu\u00e9m&#8221; desde o per\u00edodo Edo, em que [&hellip;]\" \/>\n<meta property=\"og:url\" content=\"https:\/\/jornalfatosenoticias.com.br\/index.php\/2021\/12\/15\/sanya-o-bairro-dos-desprezados-de-toquio\/\" \/>\n<meta property=\"og:site_name\" content=\"Jornal Fatos e Not\u00edcias\" \/>\n<meta property=\"article:published_time\" content=\"2021-12-15T17:00:50+00:00\" \/>\n<meta property=\"og:image\" content=\"https:\/\/jornalfatosenoticias.com.br\/wp-content\/uploads\/2021\/12\/bairro-de-toquio4.jpg\" \/>\n\t<meta property=\"og:image:width\" content=\"1000\" \/>\n\t<meta property=\"og:image:height\" content=\"724\" \/>\n\t<meta property=\"og:image:type\" content=\"image\/jpeg\" \/>\n<meta name=\"author\" content=\"Luzimara Fernandes\" \/>\n<meta name=\"twitter:card\" content=\"summary_large_image\" \/>\n<meta name=\"twitter:label1\" content=\"Escrito por\" \/>\n\t<meta name=\"twitter:data1\" content=\"Luzimara Fernandes\" \/>\n\t<meta name=\"twitter:label2\" content=\"Est. tempo de leitura\" \/>\n\t<meta name=\"twitter:data2\" content=\"3 minutos\" \/>\n<script type=\"application\/ld+json\" class=\"yoast-schema-graph\">{\"@context\":\"https:\/\/schema.org\",\"@graph\":[{\"@type\":\"Article\",\"@id\":\"https:\/\/jornalfatosenoticias.com.br\/index.php\/2021\/12\/15\/sanya-o-bairro-dos-desprezados-de-toquio\/#article\",\"isPartOf\":{\"@id\":\"https:\/\/jornalfatosenoticias.com.br\/index.php\/2021\/12\/15\/sanya-o-bairro-dos-desprezados-de-toquio\/\"},\"author\":{\"name\":\"Luzimara Fernandes\",\"@id\":\"https:\/\/jornalfatosenoticias.com.br\/#\/schema\/person\/d63837fa13ac8666eb9e74e0985d6f81\"},\"headline\":\"San&#8217;ya: o bairro dos desprezados de T\u00f3quio\",\"datePublished\":\"2021-12-15T17:00:50+00:00\",\"mainEntityOfPage\":{\"@id\":\"https:\/\/jornalfatosenoticias.com.br\/index.php\/2021\/12\/15\/sanya-o-bairro-dos-desprezados-de-toquio\/\"},\"wordCount\":640,\"commentCount\":0,\"publisher\":{\"@id\":\"https:\/\/jornalfatosenoticias.com.br\/#organization\"},\"image\":{\"@id\":\"https:\/\/jornalfatosenoticias.com.br\/index.php\/2021\/12\/15\/sanya-o-bairro-dos-desprezados-de-toquio\/#primaryimage\"},\"thumbnailUrl\":\"https:\/\/jornalfatosenoticias.com.br\/wp-content\/uploads\/2021\/12\/bairro-de-toquio4.jpg\",\"keywords\":[\"destitu\u00eddos da sociedade\",\"jap\u00e3o\",\"lixo humano\",\"pessoas abandonadas\",\"popula\u00e7\u00e3o pobre\"],\"articleSection\":[\"Internacional\"],\"inLanguage\":\"pt-BR\",\"potentialAction\":[{\"@type\":\"CommentAction\",\"name\":\"Comment\",\"target\":[\"https:\/\/jornalfatosenoticias.com.br\/index.php\/2021\/12\/15\/sanya-o-bairro-dos-desprezados-de-toquio\/#respond\"]}]},{\"@type\":\"WebPage\",\"@id\":\"https:\/\/jornalfatosenoticias.com.br\/index.php\/2021\/12\/15\/sanya-o-bairro-dos-desprezados-de-toquio\/\",\"url\":\"https:\/\/jornalfatosenoticias.com.br\/index.php\/2021\/12\/15\/sanya-o-bairro-dos-desprezados-de-toquio\/\",\"name\":\"San'ya: o bairro dos desprezados de T\u00f3quio - Jornal Fatos e Not\u00edcias\",\"isPartOf\":{\"@id\":\"https:\/\/jornalfatosenoticias.com.br\/#website\"},\"primaryImageOfPage\":{\"@id\":\"https:\/\/jornalfatosenoticias.com.br\/index.php\/2021\/12\/15\/sanya-o-bairro-dos-desprezados-de-toquio\/#primaryimage\"},\"image\":{\"@id\":\"https:\/\/jornalfatosenoticias.com.br\/index.php\/2021\/12\/15\/sanya-o-bairro-dos-desprezados-de-toquio\/#primaryimage\"},\"thumbnailUrl\":\"https:\/\/jornalfatosenoticias.com.br\/wp-content\/uploads\/2021\/12\/bairro-de-toquio4.jpg\",\"datePublished\":\"2021-12-15T17:00:50+00:00\",\"breadcrumb\":{\"@id\":\"https:\/\/jornalfatosenoticias.com.br\/index.php\/2021\/12\/15\/sanya-o-bairro-dos-desprezados-de-toquio\/#breadcrumb\"},\"inLanguage\":\"pt-BR\",\"potentialAction\":[{\"@type\":\"ReadAction\",\"target\":[\"https:\/\/jornalfatosenoticias.com.br\/index.php\/2021\/12\/15\/sanya-o-bairro-dos-desprezados-de-toquio\/\"]}]},{\"@type\":\"ImageObject\",\"inLanguage\":\"pt-BR\",\"@id\":\"https:\/\/jornalfatosenoticias.com.br\/index.php\/2021\/12\/15\/sanya-o-bairro-dos-desprezados-de-toquio\/#primaryimage\",\"url\":\"https:\/\/jornalfatosenoticias.com.br\/wp-content\/uploads\/2021\/12\/bairro-de-toquio4.jpg\",\"contentUrl\":\"https:\/\/jornalfatosenoticias.com.br\/wp-content\/uploads\/2021\/12\/bairro-de-toquio4.jpg\",\"width\":1000,\"height\":724},{\"@type\":\"BreadcrumbList\",\"@id\":\"https:\/\/jornalfatosenoticias.com.br\/index.php\/2021\/12\/15\/sanya-o-bairro-dos-desprezados-de-toquio\/#breadcrumb\",\"itemListElement\":[{\"@type\":\"ListItem\",\"position\":1,\"name\":\"In\u00edcio\",\"item\":\"https:\/\/jornalfatosenoticias.com.br\/\"},{\"@type\":\"ListItem\",\"position\":2,\"name\":\"San&#8217;ya: o bairro dos desprezados de T\u00f3quio\"}]},{\"@type\":\"WebSite\",\"@id\":\"https:\/\/jornalfatosenoticias.com.br\/#website\",\"url\":\"https:\/\/jornalfatosenoticias.com.br\/\",\"name\":\"Jornal Fatos e Not\u00edcias\",\"description\":\"Not\u00edcias em geral\",\"publisher\":{\"@id\":\"https:\/\/jornalfatosenoticias.com.br\/#organization\"},\"potentialAction\":[{\"@type\":\"SearchAction\",\"target\":{\"@type\":\"EntryPoint\",\"urlTemplate\":\"https:\/\/jornalfatosenoticias.com.br\/?s={search_term_string}\"},\"query-input\":{\"@type\":\"PropertyValueSpecification\",\"valueRequired\":true,\"valueName\":\"search_term_string\"}}],\"inLanguage\":\"pt-BR\"},{\"@type\":\"Organization\",\"@id\":\"https:\/\/jornalfatosenoticias.com.br\/#organization\",\"name\":\"Jornal Fatos e Not\u00edcias\",\"url\":\"https:\/\/jornalfatosenoticias.com.br\/\",\"logo\":{\"@type\":\"ImageObject\",\"inLanguage\":\"pt-BR\",\"@id\":\"https:\/\/jornalfatosenoticias.com.br\/#\/schema\/logo\/image\/\",\"url\":\"https:\/\/jornalfatosenoticias.com.br\/wp-content\/uploads\/2020\/02\/logo120.png\",\"contentUrl\":\"https:\/\/jornalfatosenoticias.com.br\/wp-content\/uploads\/2020\/02\/logo120.png\",\"width\":1227,\"height\":120,\"caption\":\"Jornal Fatos e Not\u00edcias\"},\"image\":{\"@id\":\"https:\/\/jornalfatosenoticias.com.br\/#\/schema\/logo\/image\/\"}},{\"@type\":\"Person\",\"@id\":\"https:\/\/jornalfatosenoticias.com.br\/#\/schema\/person\/d63837fa13ac8666eb9e74e0985d6f81\",\"name\":\"Luzimara Fernandes\",\"image\":{\"@type\":\"ImageObject\",\"inLanguage\":\"pt-BR\",\"@id\":\"https:\/\/jornalfatosenoticias.com.br\/#\/schema\/person\/image\/\",\"url\":\"https:\/\/jornalfatosenoticias.com.br\/wp-content\/uploads\/2025\/05\/EU_portal.jpg\",\"contentUrl\":\"https:\/\/jornalfatosenoticias.com.br\/wp-content\/uploads\/2025\/05\/EU_portal.jpg\",\"caption\":\"Luzimara Fernandes\"},\"description\":\"Jornalista MTB 2358-ES\",\"sameAs\":[\"https:\/\/jornalfatosenoticias.com.br\"],\"url\":\"https:\/\/jornalfatosenoticias.com.br\/index.php\/author\/luzimara\/\"}]}<\/script>\n<!-- \/ Yoast SEO plugin. -->","yoast_head_json":{"title":"San'ya: o bairro dos desprezados de T\u00f3quio - Jornal Fatos e Not\u00edcias","robots":{"index":"index","follow":"follow","max-snippet":"max-snippet:-1","max-image-preview":"max-image-preview:large","max-video-preview":"max-video-preview:-1"},"canonical":"https:\/\/jornalfatosenoticias.com.br\/index.php\/2021\/12\/15\/sanya-o-bairro-dos-desprezados-de-toquio\/","og_locale":"pt_BR","og_type":"article","og_title":"San'ya: o bairro dos desprezados de T\u00f3quio - Jornal Fatos e Not\u00edcias","og_description":"No Jap\u00e3o, quando algu\u00e9m decide desaparecer, vai se refugiar em San&#8217;ya, uma \u00e1rea localizada entre os bairros Taito e Arakawa, em T\u00f3quio. Antes de 1966, San\u2019ya era um bairro completo, mas acabou sumindo entre v\u00e1rios bairros para acomodar a popula\u00e7\u00e3o pobre crescente.O local \u00e9 considerado uma &#8220;terra de ningu\u00e9m&#8221; desde o per\u00edodo Edo, em que [&hellip;]","og_url":"https:\/\/jornalfatosenoticias.com.br\/index.php\/2021\/12\/15\/sanya-o-bairro-dos-desprezados-de-toquio\/","og_site_name":"Jornal Fatos e Not\u00edcias","article_published_time":"2021-12-15T17:00:50+00:00","og_image":[{"width":1000,"height":724,"url":"https:\/\/jornalfatosenoticias.com.br\/wp-content\/uploads\/2021\/12\/bairro-de-toquio4.jpg","type":"image\/jpeg"}],"author":"Luzimara Fernandes","twitter_card":"summary_large_image","twitter_misc":{"Escrito por":"Luzimara Fernandes","Est. tempo de leitura":"3 minutos"},"schema":{"@context":"https:\/\/schema.org","@graph":[{"@type":"Article","@id":"https:\/\/jornalfatosenoticias.com.br\/index.php\/2021\/12\/15\/sanya-o-bairro-dos-desprezados-de-toquio\/#article","isPartOf":{"@id":"https:\/\/jornalfatosenoticias.com.br\/index.php\/2021\/12\/15\/sanya-o-bairro-dos-desprezados-de-toquio\/"},"author":{"name":"Luzimara Fernandes","@id":"https:\/\/jornalfatosenoticias.com.br\/#\/schema\/person\/d63837fa13ac8666eb9e74e0985d6f81"},"headline":"San&#8217;ya: o bairro dos desprezados de T\u00f3quio","datePublished":"2021-12-15T17:00:50+00:00","mainEntityOfPage":{"@id":"https:\/\/jornalfatosenoticias.com.br\/index.php\/2021\/12\/15\/sanya-o-bairro-dos-desprezados-de-toquio\/"},"wordCount":640,"commentCount":0,"publisher":{"@id":"https:\/\/jornalfatosenoticias.com.br\/#organization"},"image":{"@id":"https:\/\/jornalfatosenoticias.com.br\/index.php\/2021\/12\/15\/sanya-o-bairro-dos-desprezados-de-toquio\/#primaryimage"},"thumbnailUrl":"https:\/\/jornalfatosenoticias.com.br\/wp-content\/uploads\/2021\/12\/bairro-de-toquio4.jpg","keywords":["destitu\u00eddos da sociedade","jap\u00e3o","lixo humano","pessoas abandonadas","popula\u00e7\u00e3o pobre"],"articleSection":["Internacional"],"inLanguage":"pt-BR","potentialAction":[{"@type":"CommentAction","name":"Comment","target":["https:\/\/jornalfatosenoticias.com.br\/index.php\/2021\/12\/15\/sanya-o-bairro-dos-desprezados-de-toquio\/#respond"]}]},{"@type":"WebPage","@id":"https:\/\/jornalfatosenoticias.com.br\/index.php\/2021\/12\/15\/sanya-o-bairro-dos-desprezados-de-toquio\/","url":"https:\/\/jornalfatosenoticias.com.br\/index.php\/2021\/12\/15\/sanya-o-bairro-dos-desprezados-de-toquio\/","name":"San'ya: o bairro dos desprezados de T\u00f3quio - Jornal Fatos e Not\u00edcias","isPartOf":{"@id":"https:\/\/jornalfatosenoticias.com.br\/#website"},"primaryImageOfPage":{"@id":"https:\/\/jornalfatosenoticias.com.br\/index.php\/2021\/12\/15\/sanya-o-bairro-dos-desprezados-de-toquio\/#primaryimage"},"image":{"@id":"https:\/\/jornalfatosenoticias.com.br\/index.php\/2021\/12\/15\/sanya-o-bairro-dos-desprezados-de-toquio\/#primaryimage"},"thumbnailUrl":"https:\/\/jornalfatosenoticias.com.br\/wp-content\/uploads\/2021\/12\/bairro-de-toquio4.jpg","datePublished":"2021-12-15T17:00:50+00:00","breadcrumb":{"@id":"https:\/\/jornalfatosenoticias.com.br\/index.php\/2021\/12\/15\/sanya-o-bairro-dos-desprezados-de-toquio\/#breadcrumb"},"inLanguage":"pt-BR","potentialAction":[{"@type":"ReadAction","target":["https:\/\/jornalfatosenoticias.com.br\/index.php\/2021\/12\/15\/sanya-o-bairro-dos-desprezados-de-toquio\/"]}]},{"@type":"ImageObject","inLanguage":"pt-BR","@id":"https:\/\/jornalfatosenoticias.com.br\/index.php\/2021\/12\/15\/sanya-o-bairro-dos-desprezados-de-toquio\/#primaryimage","url":"https:\/\/jornalfatosenoticias.com.br\/wp-content\/uploads\/2021\/12\/bairro-de-toquio4.jpg","contentUrl":"https:\/\/jornalfatosenoticias.com.br\/wp-content\/uploads\/2021\/12\/bairro-de-toquio4.jpg","width":1000,"height":724},{"@type":"BreadcrumbList","@id":"https:\/\/jornalfatosenoticias.com.br\/index.php\/2021\/12\/15\/sanya-o-bairro-dos-desprezados-de-toquio\/#breadcrumb","itemListElement":[{"@type":"ListItem","position":1,"name":"In\u00edcio","item":"https:\/\/jornalfatosenoticias.com.br\/"},{"@type":"ListItem","position":2,"name":"San&#8217;ya: o bairro dos desprezados de T\u00f3quio"}]},{"@type":"WebSite","@id":"https:\/\/jornalfatosenoticias.com.br\/#website","url":"https:\/\/jornalfatosenoticias.com.br\/","name":"Jornal Fatos e Not\u00edcias","description":"Not\u00edcias em geral","publisher":{"@id":"https:\/\/jornalfatosenoticias.com.br\/#organization"},"potentialAction":[{"@type":"SearchAction","target":{"@type":"EntryPoint","urlTemplate":"https:\/\/jornalfatosenoticias.com.br\/?s={search_term_string}"},"query-input":{"@type":"PropertyValueSpecification","valueRequired":true,"valueName":"search_term_string"}}],"inLanguage":"pt-BR"},{"@type":"Organization","@id":"https:\/\/jornalfatosenoticias.com.br\/#organization","name":"Jornal Fatos e Not\u00edcias","url":"https:\/\/jornalfatosenoticias.com.br\/","logo":{"@type":"ImageObject","inLanguage":"pt-BR","@id":"https:\/\/jornalfatosenoticias.com.br\/#\/schema\/logo\/image\/","url":"https:\/\/jornalfatosenoticias.com.br\/wp-content\/uploads\/2020\/02\/logo120.png","contentUrl":"https:\/\/jornalfatosenoticias.com.br\/wp-content\/uploads\/2020\/02\/logo120.png","width":1227,"height":120,"caption":"Jornal Fatos e Not\u00edcias"},"image":{"@id":"https:\/\/jornalfatosenoticias.com.br\/#\/schema\/logo\/image\/"}},{"@type":"Person","@id":"https:\/\/jornalfatosenoticias.com.br\/#\/schema\/person\/d63837fa13ac8666eb9e74e0985d6f81","name":"Luzimara Fernandes","image":{"@type":"ImageObject","inLanguage":"pt-BR","@id":"https:\/\/jornalfatosenoticias.com.br\/#\/schema\/person\/image\/","url":"https:\/\/jornalfatosenoticias.com.br\/wp-content\/uploads\/2025\/05\/EU_portal.jpg","contentUrl":"https:\/\/jornalfatosenoticias.com.br\/wp-content\/uploads\/2025\/05\/EU_portal.jpg","caption":"Luzimara Fernandes"},"description":"Jornalista MTB 2358-ES","sameAs":["https:\/\/jornalfatosenoticias.com.br"],"url":"https:\/\/jornalfatosenoticias.com.br\/index.php\/author\/luzimara\/"}]}},"cc_featured_image_caption":{"caption_text":"","source_text":"","source_url":""},"jetpack_featured_media_url":"https:\/\/jornalfatosenoticias.com.br\/wp-content\/uploads\/2021\/12\/bairro-de-toquio4.jpg","_links":{"self":[{"href":"https:\/\/jornalfatosenoticias.com.br\/index.php\/wp-json\/wp\/v2\/posts\/25982","targetHints":{"allow":["GET"]}}],"collection":[{"href":"https:\/\/jornalfatosenoticias.com.br\/index.php\/wp-json\/wp\/v2\/posts"}],"about":[{"href":"https:\/\/jornalfatosenoticias.com.br\/index.php\/wp-json\/wp\/v2\/types\/post"}],"author":[{"embeddable":true,"href":"https:\/\/jornalfatosenoticias.com.br\/index.php\/wp-json\/wp\/v2\/users\/2"}],"replies":[{"embeddable":true,"href":"https:\/\/jornalfatosenoticias.com.br\/index.php\/wp-json\/wp\/v2\/comments?post=25982"}],"version-history":[{"count":0,"href":"https:\/\/jornalfatosenoticias.com.br\/index.php\/wp-json\/wp\/v2\/posts\/25982\/revisions"}],"wp:featuredmedia":[{"embeddable":true,"href":"https:\/\/jornalfatosenoticias.com.br\/index.php\/wp-json\/wp\/v2\/media\/25987"}],"wp:attachment":[{"href":"https:\/\/jornalfatosenoticias.com.br\/index.php\/wp-json\/wp\/v2\/media?parent=25982"}],"wp:term":[{"taxonomy":"category","embeddable":true,"href":"https:\/\/jornalfatosenoticias.com.br\/index.php\/wp-json\/wp\/v2\/categories?post=25982"},{"taxonomy":"post_tag","embeddable":true,"href":"https:\/\/jornalfatosenoticias.com.br\/index.php\/wp-json\/wp\/v2\/tags?post=25982"}],"curies":[{"name":"wp","href":"https:\/\/api.w.org\/{rel}","templated":true}]}}