{"id":26000,"date":"2021-12-16T13:49:33","date_gmt":"2021-12-16T16:49:33","guid":{"rendered":"https:\/\/jornalfatosenoticias.com.br\/?p=26000"},"modified":"2021-12-16T13:49:36","modified_gmt":"2021-12-16T16:49:36","slug":"acao-de-inconstitucionalidade-revogacao-da-lei-de-alienacao-parental-tributo-a-joanna-marcenal-parte-i","status":"publish","type":"post","link":"https:\/\/jornalfatosenoticias.com.br\/index.php\/2021\/12\/16\/acao-de-inconstitucionalidade-revogacao-da-lei-de-alienacao-parental-tributo-a-joanna-marcenal-parte-i\/","title":{"rendered":"A\u00e7\u00e3o de Inconstitucionalidade, Revoga\u00e7\u00e3o da Lei de Aliena\u00e7\u00e3o Parental \u2014 Tributo a Joanna Marcenal \u2014 Parte I"},"content":{"rendered":"\n<p>Ser\u00e1 que foi coincid\u00eancia? A A\u00e7\u00e3o de Inconstitucionalidade, ADI 6273\/2019, contra a Lei de Aliena\u00e7\u00e3o Parental, 12.318\/2010, foi protocolada no STF, em 12\/12\/2019. Seguindo o rito, os pedidos de <em>Amicus Curiae<\/em> de associa\u00e7\u00f5es civis que defendiam a lei e das que apontavam pontos aberrantes da lei, nunca tinham recebido respostas, at\u00e9 a surpreendente marca\u00e7\u00e3o da data de vota\u00e7\u00e3o da referida ADI. Depois, foram comunicados os aceites das entidades civis que haviam pedido este lugar de fala. Hav\u00edamos pedido no in\u00edcio de 2020, como ONG Vozes de Anjos, em parceria com um Escrit\u00f3rio de Direito Internacional, cujo advogado que faria a sustenta\u00e7\u00e3o tem ampla experi\u00eancia nessa \u00e1rea, porquanto foi Presidente do CONANDA, o comit\u00ea de Direitos da Crian\u00e7a e do Adolescente. Fomos exclu\u00eddos. Cortados na nossa voz. Rumores sobre o crit\u00e9rio usado transbordaram. Mas, n\u00e3o seremos atrevidos em apontar nenhum deles.<br>Concomitantemente, o PL 6371\/2019, que pede a <em><strong><span class=\"has-inline-color has-black-color\">Revoga\u00e7\u00e3o da Lei de Aliena\u00e7\u00e3o Parental,<\/span><\/strong><\/em> que teve a subscri\u00e7\u00e3o de 41 Deputadas, 41, foi rebaixada e tornou-se apense de um conglomerado de <em>substitutivos,<\/em> vindos dos mais diferentes cantos, at\u00e9 de pessoas do agroneg\u00f3cio, todos tentando remendar a lei que para punir um afastamento do pai, a tal da aliena\u00e7\u00e3o atribu\u00edda \u00e0 m\u00e3e, executa o afastamento da m\u00e3e, como se ela fosse de alt\u00edssima periculosidade para a Crian\u00e7a. Ou seja, a m\u00e3e que denuncia abuso sexual incestuoso ou viol\u00eancia dom\u00e9stica, ao buscar prote\u00e7\u00e3o para a Crian\u00e7a, como reza o Artigo 13 do ECA, den\u00fancia obrigat\u00f3ria para qualquer pessoa que tenha conhecimento de crime contra a Crian\u00e7a, essa m\u00e3e torna-se uma criminosa que deve ser afastada da Crian\u00e7a. Sim, parece enlouquecido, mas \u00e9 assim que se passa. A Justi\u00e7a entende que a Crian\u00e7a n\u00e3o pode prescindir da conviv\u00eancia com o pai, a alega\u00e7\u00e3o \u00e9 que h\u00e1 \u201cv\u00ednculos\u201d com o pai, mesmo sendo ele um estuprador da Crian\u00e7a. No entanto, pode perder, completamente, a conviv\u00eancia com a m\u00e3e, como temos alguns milhares de casos detectados pela CPI dos Maus-Tratos de Crian\u00e7a, que em seu Relat\u00f3rio final, pediu a <strong><span class=\"has-inline-color has-black-color\">REVOGA\u00c7\u00c3O da Lei de Aliena\u00e7\u00e3o Parental.<\/span><\/strong><br>A ADI e o PL, estavam encostados em algum canto. De repente, ao apagar das luzes, eles surgem, juntos, com uma celeridade inacredit\u00e1vel. Ser\u00e1 que podemos confiar que isto se deve ao Princ\u00edpio do Melhor Interesse da Crian\u00e7a? Uma lei que s\u00f3 se preocupa com a equivocada ideia de v\u00ednculo do pai. Mesmo quando ele \u00e9 um violento ou um abusador sexual: \u00e9 o pai, tem que conviver, n\u00e3o pode perder o v\u00ednculo\u201d. Fala repetida por muitos magistrados, sem ter o conhecimento de que v\u00ednculo n\u00e3o \u00e9 conviv\u00eancia, de que se algum v\u00ednculo havia, foi destru\u00eddo pelo agressor, e pior ainda, que afastando a m\u00e3e da Crian\u00e7a porque ela ousou fazer uma den\u00fancia contra um homem, \u00e9 determinar a Priva\u00e7\u00e3o Materna Judicial. Ser\u00e1 que s\u00f3 importa o tal \u201cv\u00ednculo\u201d do pai? E o da m\u00e3e? S\u00f3 prejudica a forma\u00e7\u00e3o da Crian\u00e7a a aus\u00eancia do pai, a aus\u00eancia da m\u00e3e, em nada prejudica uma Crian\u00e7a, quantas ainda na Primeira Inf\u00e2ncia? N\u00e3o h\u00e1 l\u00f3gica no Sofisma inventado de que a m\u00e3e dita \u201calienadora\u201d \u00e9 de alt\u00edssima periculosidade, enquanto o pai que viola o corpo da filha ou do filho, deve ser acolhido e reverenciado com honras e pompa.<\/p>\n\n\n\n<figure class=\"wp-block-image size-large\"><img loading=\"lazy\" decoding=\"async\" width=\"1000\" height=\"563\" src=\"https:\/\/jornalfatosenoticias.com.br\/wp-content\/uploads\/2021\/12\/joanna-marcenal_reproducao.jpg\" alt=\"\" class=\"wp-image-26001\" srcset=\"https:\/\/jornalfatosenoticias.com.br\/wp-content\/uploads\/2021\/12\/joanna-marcenal_reproducao.jpg 1000w, https:\/\/jornalfatosenoticias.com.br\/wp-content\/uploads\/2021\/12\/joanna-marcenal_reproducao-300x169.jpg 300w, https:\/\/jornalfatosenoticias.com.br\/wp-content\/uploads\/2021\/12\/joanna-marcenal_reproducao-768x432.jpg 768w\" sizes=\"auto, (max-width: 1000px) 100vw, 1000px\" \/><figcaption><em><span class=\"has-inline-color has-black-color\">Joanna Marcenal (Foto: Reprodu\u00e7\u00e3o)<\/span><\/em><\/figcaption><\/figure>\n\n\n\n<p>Faz mal ao desenvolvimento da Crian\u00e7a n\u00e3o ter a conviv\u00eancia do pai criminoso, porquanto viol\u00eancia dom\u00e9stica e estupro de vulner\u00e1vel s\u00e3o <strong><span class=\"has-inline-color has-black-color\">CRIMES<\/span><\/strong>. Ningu\u00e9m se interessa para garantir \u00e0s Crian\u00e7as nascidas com microcefalia, por neglig\u00eancia do Estado, causada pelo Zica v\u00edrus. <strong><span class=\"has-inline-color has-black-color\">69%<\/span><\/strong> dos pais dessas Crian\u00e7as <strong><span class=\"has-inline-color has-black-color\">abandonaram<\/span><\/strong> seus filhos nos bra\u00e7os das m\u00e3es que ficaram desamparadas para sustentar e fazer o tratamento intensivo que eles necessitam. <strong><span class=\"has-inline-color has-black-color\">Mais de \u2154! Nenhum desses pais foi incomodado pela cobran\u00e7a do dever de conviv\u00eancia ou mesmo sustento. Ca\u00edram no mundo sem deixar rastro. Ou mesmo, deixando. Nenhuma dessas m\u00e3es foi acusada de pr\u00e1tica de aliena\u00e7\u00e3o parental para afastar o pai do filho. Nenhuma dessas Crian\u00e7as tiveram a tal indispens\u00e1vel conviv\u00eancia do pai garantida.<\/span><\/strong><br><strong><span class=\"has-inline-color has-vivid-red-color\">A lei deveria ser igual para todos. Deveria PROTEGER as Crian\u00e7as.<br><\/span><\/strong>A lei de aliena\u00e7\u00e3o parental mata. J\u00e1 matou muitas Crian\u00e7as, e muitas Mulheres\/M\u00e3es. Baseada nesse termo inventado por um m\u00e9dico americano ped\u00f3filo, que acreditava que a pedofilia era ben\u00e9fica para a Crian\u00e7a, e escreveu sua posi\u00e7\u00e3o a favor da pedofilia, s\u00f3 serve a alguns estratos sociais. Entre os menos favorecidos financeiramente, ela n\u00e3o aparece, porque ela faz parte de uma engrenagem que \u00e9 muito bem monetizada. Parece-me que a\u00ed reside um motivo para ela ter se tornado um dogma jur\u00eddico, sua import\u00e2ncia na cadeia alimentar que ela movimenta.<\/p>\n\n\n\n<figure class=\"wp-block-image size-large\"><img loading=\"lazy\" decoding=\"async\" width=\"1000\" height=\"617\" src=\"https:\/\/jornalfatosenoticias.com.br\/wp-content\/uploads\/2021\/12\/violencia-infantil.jpg\" alt=\"\" class=\"wp-image-26002\" srcset=\"https:\/\/jornalfatosenoticias.com.br\/wp-content\/uploads\/2021\/12\/violencia-infantil.jpg 1000w, https:\/\/jornalfatosenoticias.com.br\/wp-content\/uploads\/2021\/12\/violencia-infantil-300x185.jpg 300w, https:\/\/jornalfatosenoticias.com.br\/wp-content\/uploads\/2021\/12\/violencia-infantil-768x474.jpg 768w\" sizes=\"auto, (max-width: 1000px) 100vw, 1000px\" \/><figcaption><em><span class=\"has-inline-color has-black-color\">Viol\u00eancia dom\u00e9stica infantil deixa marcas e causam impactos emocionais graves (Foto: Cidadania e Justi\u00e7a\/Governo do Tocantins)<\/span><\/em><\/figcaption><\/figure>\n\n\n\n<p>Evid\u00eancias de INCONSTITUCIOPNALIDADE n\u00e3o lhe faltam para que fosse retirada do corol\u00e1rio jur\u00eddico, posto que o ECA j\u00e1 tem todos os artigos que rezam a Prote\u00e7\u00e3o Integral da Crian\u00e7a e do Adolescente. Para a ADI, a extin\u00e7\u00e3o. Para a Revoga\u00e7\u00e3o, um substitutivo que confere uma classifica\u00e7\u00e3o de doen\u00e7a ps\u00edquica para a m\u00e3e dada pelo judici\u00e1rio, quando nem a Medicina nem a Psicologia reconhecem nenhuma s\u00edndrome.<br>A viola\u00e7\u00e3o do Princ\u00edpio Constitucional da Razoabilidade exibido pela execu\u00e7\u00e3o da <strong><span class=\"has-inline-color has-black-color\">Lei de Tali\u00e3o,<\/span><\/strong> dente por dente, olho por olho, \u00e9 inconteste quando, pela <strong><span class=\"has-inline-color has-black-color\"><em>acusa\u00e7\u00e3o da m\u00e3e \u201calienar\u201d o pai, o ESTADO pune \u201calienando\u201d a m\u00e3e.<\/em><\/span><\/strong><br>E pior. Se houve uma suspeita ou at\u00e9 uma comprova\u00e7\u00e3o de abuso sexual incestuoso, sem a devida investiga\u00e7\u00e3o, sempre a m\u00e3e \u00e9 louca e a Crian\u00e7a mentirosa, o ESTADO entrega a Crian\u00e7a ao suspeito\/confirmado de ser seu abusador. Est\u00e1 na Lei de Aliena\u00e7\u00e3o Parental.<br>Como vamos ter a ingenuidade de pensar que \u00e9 uma coincid\u00eancia a ADI 6273\/2019, e PL 6371\/2019, entrarem na pauta e na celeridade, nos \u00faltimos dias antes do Recesso. Convivemos com essa corriqueira estrat\u00e9gia usada para os mandados de Busca e Pris\u00e3o de Crian\u00e7as em v\u00e9spera de recessos, de feriad\u00f5es ou mesmo na sexta-feira \u00e0s 18h10. Pelo que temos experimentado enquanto movimento de m\u00e3es, 350 conhecidas de perto, mil, mais de cinco mil registradas pela CPI dos Maus-Tratos, n\u00e3o cremos mais em \u201cmelhor interesse da Crian\u00e7a\u201d. Sabemos que a Crian\u00e7a \u00e9 um produto muito, muito rent\u00e1vel para mentes perversas. E invis\u00edvel para mentes omissas.<\/p>\n","protected":false},"excerpt":{"rendered":"<p>Ser\u00e1 que foi coincid\u00eancia? A A\u00e7\u00e3o de Inconstitucionalidade, ADI 6273\/2019, contra a Lei de Aliena\u00e7\u00e3o Parental, 12.318\/2010, foi protocolada no STF, em 12\/12\/2019. Seguindo o rito, os pedidos de Amicus Curiae de associa\u00e7\u00f5es civis que defendiam a lei e das que apontavam pontos aberrantes da lei, nunca tinham recebido respostas, at\u00e9 a surpreendente marca\u00e7\u00e3o da [&hellip;]<\/p>\n","protected":false},"author":8,"featured_media":26003,"comment_status":"open","ping_status":"open","sticky":false,"template":"","format":"standard","meta":{"footnotes":""},"categories":[2522],"tags":[12538,12539,8318,9678],"class_list":["post-26000","post","type-post","status-publish","format-standard","has-post-thumbnail","hentry","category-comportamento","tag-acao-de-inconstitucionalidade","tag-conanda","tag-joanna-marcenal","tag-revogacao-da-lei-de-alienacao-parental"],"yoast_head":"<!-- This site is optimized with the Yoast SEO plugin v26.5 - https:\/\/yoast.com\/wordpress\/plugins\/seo\/ -->\n<title>A\u00e7\u00e3o de Inconstitucionalidade, Revoga\u00e7\u00e3o da Lei de Aliena\u00e7\u00e3o Parental \u2014 Tributo a Joanna Marcenal \u2014 Parte I - Jornal Fatos e Not\u00edcias<\/title>\n<meta name=\"robots\" content=\"index, follow, max-snippet:-1, max-image-preview:large, max-video-preview:-1\" \/>\n<link rel=\"canonical\" href=\"https:\/\/jornalfatosenoticias.com.br\/index.php\/2021\/12\/16\/acao-de-inconstitucionalidade-revogacao-da-lei-de-alienacao-parental-tributo-a-joanna-marcenal-parte-i\/\" \/>\n<meta property=\"og:locale\" content=\"pt_BR\" \/>\n<meta property=\"og:type\" content=\"article\" \/>\n<meta property=\"og:title\" content=\"A\u00e7\u00e3o de Inconstitucionalidade, Revoga\u00e7\u00e3o da Lei de Aliena\u00e7\u00e3o Parental \u2014 Tributo a Joanna Marcenal \u2014 Parte I - Jornal Fatos e Not\u00edcias\" \/>\n<meta property=\"og:description\" content=\"Ser\u00e1 que foi coincid\u00eancia? A A\u00e7\u00e3o de Inconstitucionalidade, ADI 6273\/2019, contra a Lei de Aliena\u00e7\u00e3o Parental, 12.318\/2010, foi protocolada no STF, em 12\/12\/2019. Seguindo o rito, os pedidos de Amicus Curiae de associa\u00e7\u00f5es civis que defendiam a lei e das que apontavam pontos aberrantes da lei, nunca tinham recebido respostas, at\u00e9 a surpreendente marca\u00e7\u00e3o da [&hellip;]\" \/>\n<meta property=\"og:url\" content=\"https:\/\/jornalfatosenoticias.com.br\/index.php\/2021\/12\/16\/acao-de-inconstitucionalidade-revogacao-da-lei-de-alienacao-parental-tributo-a-joanna-marcenal-parte-i\/\" \/>\n<meta property=\"og:site_name\" content=\"Jornal Fatos e Not\u00edcias\" \/>\n<meta property=\"article:published_time\" content=\"2021-12-16T16:49:33+00:00\" \/>\n<meta property=\"article:modified_time\" content=\"2021-12-16T16:49:36+00:00\" \/>\n<meta property=\"og:image\" content=\"https:\/\/jornalfatosenoticias.com.br\/wp-content\/uploads\/2021\/12\/senado-recebe-protesto-contra-a-lei-da-alienacao-parental.jpg\" \/>\n\t<meta property=\"og:image:width\" content=\"1000\" \/>\n\t<meta property=\"og:image:height\" content=\"662\" \/>\n\t<meta property=\"og:image:type\" content=\"image\/jpeg\" \/>\n<meta name=\"author\" content=\"Ana Maria Iencarelli\" \/>\n<meta name=\"twitter:card\" content=\"summary_large_image\" \/>\n<meta name=\"twitter:label1\" content=\"Escrito por\" \/>\n\t<meta name=\"twitter:data1\" content=\"Ana Maria Iencarelli\" \/>\n\t<meta name=\"twitter:label2\" content=\"Est. tempo de leitura\" \/>\n\t<meta name=\"twitter:data2\" content=\"6 minutos\" \/>\n<script type=\"application\/ld+json\" class=\"yoast-schema-graph\">{\"@context\":\"https:\/\/schema.org\",\"@graph\":[{\"@type\":\"Article\",\"@id\":\"https:\/\/jornalfatosenoticias.com.br\/index.php\/2021\/12\/16\/acao-de-inconstitucionalidade-revogacao-da-lei-de-alienacao-parental-tributo-a-joanna-marcenal-parte-i\/#article\",\"isPartOf\":{\"@id\":\"https:\/\/jornalfatosenoticias.com.br\/index.php\/2021\/12\/16\/acao-de-inconstitucionalidade-revogacao-da-lei-de-alienacao-parental-tributo-a-joanna-marcenal-parte-i\/\"},\"author\":{\"name\":\"Ana Maria Iencarelli\",\"@id\":\"https:\/\/jornalfatosenoticias.com.br\/#\/schema\/person\/c33fcf5fb02d729d3fec92c6737a22d1\"},\"headline\":\"A\u00e7\u00e3o de Inconstitucionalidade, Revoga\u00e7\u00e3o da Lei de Aliena\u00e7\u00e3o Parental \u2014 Tributo a Joanna Marcenal \u2014 Parte I\",\"datePublished\":\"2021-12-16T16:49:33+00:00\",\"dateModified\":\"2021-12-16T16:49:36+00:00\",\"mainEntityOfPage\":{\"@id\":\"https:\/\/jornalfatosenoticias.com.br\/index.php\/2021\/12\/16\/acao-de-inconstitucionalidade-revogacao-da-lei-de-alienacao-parental-tributo-a-joanna-marcenal-parte-i\/\"},\"wordCount\":1170,\"commentCount\":0,\"publisher\":{\"@id\":\"https:\/\/jornalfatosenoticias.com.br\/#organization\"},\"image\":{\"@id\":\"https:\/\/jornalfatosenoticias.com.br\/index.php\/2021\/12\/16\/acao-de-inconstitucionalidade-revogacao-da-lei-de-alienacao-parental-tributo-a-joanna-marcenal-parte-i\/#primaryimage\"},\"thumbnailUrl\":\"https:\/\/jornalfatosenoticias.com.br\/wp-content\/uploads\/2021\/12\/senado-recebe-protesto-contra-a-lei-da-alienacao-parental.jpg\",\"keywords\":[\"a\u00e7\u00e3o de inconstitucionalidade\",\"Conanda\",\"Joanna Marcenal\",\"revoga\u00e7\u00e3o da Lei de Aliena\u00e7\u00e3o Parental\"],\"articleSection\":[\"Comportamento &amp; Equil\u00edbrio\"],\"inLanguage\":\"pt-BR\",\"potentialAction\":[{\"@type\":\"CommentAction\",\"name\":\"Comment\",\"target\":[\"https:\/\/jornalfatosenoticias.com.br\/index.php\/2021\/12\/16\/acao-de-inconstitucionalidade-revogacao-da-lei-de-alienacao-parental-tributo-a-joanna-marcenal-parte-i\/#respond\"]}]},{\"@type\":\"WebPage\",\"@id\":\"https:\/\/jornalfatosenoticias.com.br\/index.php\/2021\/12\/16\/acao-de-inconstitucionalidade-revogacao-da-lei-de-alienacao-parental-tributo-a-joanna-marcenal-parte-i\/\",\"url\":\"https:\/\/jornalfatosenoticias.com.br\/index.php\/2021\/12\/16\/acao-de-inconstitucionalidade-revogacao-da-lei-de-alienacao-parental-tributo-a-joanna-marcenal-parte-i\/\",\"name\":\"A\u00e7\u00e3o de Inconstitucionalidade, Revoga\u00e7\u00e3o da Lei de Aliena\u00e7\u00e3o Parental \u2014 Tributo a Joanna Marcenal \u2014 Parte I - Jornal Fatos e Not\u00edcias\",\"isPartOf\":{\"@id\":\"https:\/\/jornalfatosenoticias.com.br\/#website\"},\"primaryImageOfPage\":{\"@id\":\"https:\/\/jornalfatosenoticias.com.br\/index.php\/2021\/12\/16\/acao-de-inconstitucionalidade-revogacao-da-lei-de-alienacao-parental-tributo-a-joanna-marcenal-parte-i\/#primaryimage\"},\"image\":{\"@id\":\"https:\/\/jornalfatosenoticias.com.br\/index.php\/2021\/12\/16\/acao-de-inconstitucionalidade-revogacao-da-lei-de-alienacao-parental-tributo-a-joanna-marcenal-parte-i\/#primaryimage\"},\"thumbnailUrl\":\"https:\/\/jornalfatosenoticias.com.br\/wp-content\/uploads\/2021\/12\/senado-recebe-protesto-contra-a-lei-da-alienacao-parental.jpg\",\"datePublished\":\"2021-12-16T16:49:33+00:00\",\"dateModified\":\"2021-12-16T16:49:36+00:00\",\"breadcrumb\":{\"@id\":\"https:\/\/jornalfatosenoticias.com.br\/index.php\/2021\/12\/16\/acao-de-inconstitucionalidade-revogacao-da-lei-de-alienacao-parental-tributo-a-joanna-marcenal-parte-i\/#breadcrumb\"},\"inLanguage\":\"pt-BR\",\"potentialAction\":[{\"@type\":\"ReadAction\",\"target\":[\"https:\/\/jornalfatosenoticias.com.br\/index.php\/2021\/12\/16\/acao-de-inconstitucionalidade-revogacao-da-lei-de-alienacao-parental-tributo-a-joanna-marcenal-parte-i\/\"]}]},{\"@type\":\"ImageObject\",\"inLanguage\":\"pt-BR\",\"@id\":\"https:\/\/jornalfatosenoticias.com.br\/index.php\/2021\/12\/16\/acao-de-inconstitucionalidade-revogacao-da-lei-de-alienacao-parental-tributo-a-joanna-marcenal-parte-i\/#primaryimage\",\"url\":\"https:\/\/jornalfatosenoticias.com.br\/wp-content\/uploads\/2021\/12\/senado-recebe-protesto-contra-a-lei-da-alienacao-parental.jpg\",\"contentUrl\":\"https:\/\/jornalfatosenoticias.com.br\/wp-content\/uploads\/2021\/12\/senado-recebe-protesto-contra-a-lei-da-alienacao-parental.jpg\",\"width\":1000,\"height\":662},{\"@type\":\"BreadcrumbList\",\"@id\":\"https:\/\/jornalfatosenoticias.com.br\/index.php\/2021\/12\/16\/acao-de-inconstitucionalidade-revogacao-da-lei-de-alienacao-parental-tributo-a-joanna-marcenal-parte-i\/#breadcrumb\",\"itemListElement\":[{\"@type\":\"ListItem\",\"position\":1,\"name\":\"In\u00edcio\",\"item\":\"https:\/\/jornalfatosenoticias.com.br\/\"},{\"@type\":\"ListItem\",\"position\":2,\"name\":\"A\u00e7\u00e3o de Inconstitucionalidade, Revoga\u00e7\u00e3o da Lei de Aliena\u00e7\u00e3o Parental \u2014 Tributo a Joanna Marcenal \u2014 Parte I\"}]},{\"@type\":\"WebSite\",\"@id\":\"https:\/\/jornalfatosenoticias.com.br\/#website\",\"url\":\"https:\/\/jornalfatosenoticias.com.br\/\",\"name\":\"Jornal Fatos e Not\u00edcias\",\"description\":\"Not\u00edcias em geral\",\"publisher\":{\"@id\":\"https:\/\/jornalfatosenoticias.com.br\/#organization\"},\"potentialAction\":[{\"@type\":\"SearchAction\",\"target\":{\"@type\":\"EntryPoint\",\"urlTemplate\":\"https:\/\/jornalfatosenoticias.com.br\/?s={search_term_string}\"},\"query-input\":{\"@type\":\"PropertyValueSpecification\",\"valueRequired\":true,\"valueName\":\"search_term_string\"}}],\"inLanguage\":\"pt-BR\"},{\"@type\":\"Organization\",\"@id\":\"https:\/\/jornalfatosenoticias.com.br\/#organization\",\"name\":\"Jornal Fatos e Not\u00edcias\",\"url\":\"https:\/\/jornalfatosenoticias.com.br\/\",\"logo\":{\"@type\":\"ImageObject\",\"inLanguage\":\"pt-BR\",\"@id\":\"https:\/\/jornalfatosenoticias.com.br\/#\/schema\/logo\/image\/\",\"url\":\"https:\/\/jornalfatosenoticias.com.br\/wp-content\/uploads\/2020\/02\/logo120.png\",\"contentUrl\":\"https:\/\/jornalfatosenoticias.com.br\/wp-content\/uploads\/2020\/02\/logo120.png\",\"width\":1227,\"height\":120,\"caption\":\"Jornal Fatos e Not\u00edcias\"},\"image\":{\"@id\":\"https:\/\/jornalfatosenoticias.com.br\/#\/schema\/logo\/image\/\"}},{\"@type\":\"Person\",\"@id\":\"https:\/\/jornalfatosenoticias.com.br\/#\/schema\/person\/c33fcf5fb02d729d3fec92c6737a22d1\",\"name\":\"Ana Maria Iencarelli\",\"image\":{\"@type\":\"ImageObject\",\"inLanguage\":\"pt-BR\",\"@id\":\"https:\/\/jornalfatosenoticias.com.br\/#\/schema\/person\/image\/\",\"url\":\"https:\/\/jornalfatosenoticias.com.br\/wp-content\/uploads\/2020\/02\/Ana-Maria-Iencarelli-1-150x150.jpg\",\"contentUrl\":\"https:\/\/jornalfatosenoticias.com.br\/wp-content\/uploads\/2020\/02\/Ana-Maria-Iencarelli-1-150x150.jpg\",\"caption\":\"Ana Maria Iencarelli\"},\"description\":\"Psicanalista Cl\u00ednica, especializada no atendimento a Crian\u00e7as e Adolescentes. Presidente da ONG Vozes de Anjos.\",\"url\":\"https:\/\/jornalfatosenoticias.com.br\/index.php\/author\/anamaria\/\"}]}<\/script>\n<!-- \/ Yoast SEO plugin. -->","yoast_head_json":{"title":"A\u00e7\u00e3o de Inconstitucionalidade, Revoga\u00e7\u00e3o da Lei de Aliena\u00e7\u00e3o Parental \u2014 Tributo a Joanna Marcenal \u2014 Parte I - Jornal Fatos e Not\u00edcias","robots":{"index":"index","follow":"follow","max-snippet":"max-snippet:-1","max-image-preview":"max-image-preview:large","max-video-preview":"max-video-preview:-1"},"canonical":"https:\/\/jornalfatosenoticias.com.br\/index.php\/2021\/12\/16\/acao-de-inconstitucionalidade-revogacao-da-lei-de-alienacao-parental-tributo-a-joanna-marcenal-parte-i\/","og_locale":"pt_BR","og_type":"article","og_title":"A\u00e7\u00e3o de Inconstitucionalidade, Revoga\u00e7\u00e3o da Lei de Aliena\u00e7\u00e3o Parental \u2014 Tributo a Joanna Marcenal \u2014 Parte I - Jornal Fatos e Not\u00edcias","og_description":"Ser\u00e1 que foi coincid\u00eancia? A A\u00e7\u00e3o de Inconstitucionalidade, ADI 6273\/2019, contra a Lei de Aliena\u00e7\u00e3o Parental, 12.318\/2010, foi protocolada no STF, em 12\/12\/2019. Seguindo o rito, os pedidos de Amicus Curiae de associa\u00e7\u00f5es civis que defendiam a lei e das que apontavam pontos aberrantes da lei, nunca tinham recebido respostas, at\u00e9 a surpreendente marca\u00e7\u00e3o da [&hellip;]","og_url":"https:\/\/jornalfatosenoticias.com.br\/index.php\/2021\/12\/16\/acao-de-inconstitucionalidade-revogacao-da-lei-de-alienacao-parental-tributo-a-joanna-marcenal-parte-i\/","og_site_name":"Jornal Fatos e Not\u00edcias","article_published_time":"2021-12-16T16:49:33+00:00","article_modified_time":"2021-12-16T16:49:36+00:00","og_image":[{"width":1000,"height":662,"url":"https:\/\/jornalfatosenoticias.com.br\/wp-content\/uploads\/2021\/12\/senado-recebe-protesto-contra-a-lei-da-alienacao-parental.jpg","type":"image\/jpeg"}],"author":"Ana Maria Iencarelli","twitter_card":"summary_large_image","twitter_misc":{"Escrito por":"Ana Maria Iencarelli","Est. tempo de leitura":"6 minutos"},"schema":{"@context":"https:\/\/schema.org","@graph":[{"@type":"Article","@id":"https:\/\/jornalfatosenoticias.com.br\/index.php\/2021\/12\/16\/acao-de-inconstitucionalidade-revogacao-da-lei-de-alienacao-parental-tributo-a-joanna-marcenal-parte-i\/#article","isPartOf":{"@id":"https:\/\/jornalfatosenoticias.com.br\/index.php\/2021\/12\/16\/acao-de-inconstitucionalidade-revogacao-da-lei-de-alienacao-parental-tributo-a-joanna-marcenal-parte-i\/"},"author":{"name":"Ana Maria Iencarelli","@id":"https:\/\/jornalfatosenoticias.com.br\/#\/schema\/person\/c33fcf5fb02d729d3fec92c6737a22d1"},"headline":"A\u00e7\u00e3o de Inconstitucionalidade, Revoga\u00e7\u00e3o da Lei de Aliena\u00e7\u00e3o Parental \u2014 Tributo a Joanna Marcenal \u2014 Parte I","datePublished":"2021-12-16T16:49:33+00:00","dateModified":"2021-12-16T16:49:36+00:00","mainEntityOfPage":{"@id":"https:\/\/jornalfatosenoticias.com.br\/index.php\/2021\/12\/16\/acao-de-inconstitucionalidade-revogacao-da-lei-de-alienacao-parental-tributo-a-joanna-marcenal-parte-i\/"},"wordCount":1170,"commentCount":0,"publisher":{"@id":"https:\/\/jornalfatosenoticias.com.br\/#organization"},"image":{"@id":"https:\/\/jornalfatosenoticias.com.br\/index.php\/2021\/12\/16\/acao-de-inconstitucionalidade-revogacao-da-lei-de-alienacao-parental-tributo-a-joanna-marcenal-parte-i\/#primaryimage"},"thumbnailUrl":"https:\/\/jornalfatosenoticias.com.br\/wp-content\/uploads\/2021\/12\/senado-recebe-protesto-contra-a-lei-da-alienacao-parental.jpg","keywords":["a\u00e7\u00e3o de inconstitucionalidade","Conanda","Joanna Marcenal","revoga\u00e7\u00e3o da Lei de Aliena\u00e7\u00e3o Parental"],"articleSection":["Comportamento &amp; Equil\u00edbrio"],"inLanguage":"pt-BR","potentialAction":[{"@type":"CommentAction","name":"Comment","target":["https:\/\/jornalfatosenoticias.com.br\/index.php\/2021\/12\/16\/acao-de-inconstitucionalidade-revogacao-da-lei-de-alienacao-parental-tributo-a-joanna-marcenal-parte-i\/#respond"]}]},{"@type":"WebPage","@id":"https:\/\/jornalfatosenoticias.com.br\/index.php\/2021\/12\/16\/acao-de-inconstitucionalidade-revogacao-da-lei-de-alienacao-parental-tributo-a-joanna-marcenal-parte-i\/","url":"https:\/\/jornalfatosenoticias.com.br\/index.php\/2021\/12\/16\/acao-de-inconstitucionalidade-revogacao-da-lei-de-alienacao-parental-tributo-a-joanna-marcenal-parte-i\/","name":"A\u00e7\u00e3o de Inconstitucionalidade, Revoga\u00e7\u00e3o da Lei de Aliena\u00e7\u00e3o Parental \u2014 Tributo a Joanna Marcenal \u2014 Parte I - Jornal Fatos e Not\u00edcias","isPartOf":{"@id":"https:\/\/jornalfatosenoticias.com.br\/#website"},"primaryImageOfPage":{"@id":"https:\/\/jornalfatosenoticias.com.br\/index.php\/2021\/12\/16\/acao-de-inconstitucionalidade-revogacao-da-lei-de-alienacao-parental-tributo-a-joanna-marcenal-parte-i\/#primaryimage"},"image":{"@id":"https:\/\/jornalfatosenoticias.com.br\/index.php\/2021\/12\/16\/acao-de-inconstitucionalidade-revogacao-da-lei-de-alienacao-parental-tributo-a-joanna-marcenal-parte-i\/#primaryimage"},"thumbnailUrl":"https:\/\/jornalfatosenoticias.com.br\/wp-content\/uploads\/2021\/12\/senado-recebe-protesto-contra-a-lei-da-alienacao-parental.jpg","datePublished":"2021-12-16T16:49:33+00:00","dateModified":"2021-12-16T16:49:36+00:00","breadcrumb":{"@id":"https:\/\/jornalfatosenoticias.com.br\/index.php\/2021\/12\/16\/acao-de-inconstitucionalidade-revogacao-da-lei-de-alienacao-parental-tributo-a-joanna-marcenal-parte-i\/#breadcrumb"},"inLanguage":"pt-BR","potentialAction":[{"@type":"ReadAction","target":["https:\/\/jornalfatosenoticias.com.br\/index.php\/2021\/12\/16\/acao-de-inconstitucionalidade-revogacao-da-lei-de-alienacao-parental-tributo-a-joanna-marcenal-parte-i\/"]}]},{"@type":"ImageObject","inLanguage":"pt-BR","@id":"https:\/\/jornalfatosenoticias.com.br\/index.php\/2021\/12\/16\/acao-de-inconstitucionalidade-revogacao-da-lei-de-alienacao-parental-tributo-a-joanna-marcenal-parte-i\/#primaryimage","url":"https:\/\/jornalfatosenoticias.com.br\/wp-content\/uploads\/2021\/12\/senado-recebe-protesto-contra-a-lei-da-alienacao-parental.jpg","contentUrl":"https:\/\/jornalfatosenoticias.com.br\/wp-content\/uploads\/2021\/12\/senado-recebe-protesto-contra-a-lei-da-alienacao-parental.jpg","width":1000,"height":662},{"@type":"BreadcrumbList","@id":"https:\/\/jornalfatosenoticias.com.br\/index.php\/2021\/12\/16\/acao-de-inconstitucionalidade-revogacao-da-lei-de-alienacao-parental-tributo-a-joanna-marcenal-parte-i\/#breadcrumb","itemListElement":[{"@type":"ListItem","position":1,"name":"In\u00edcio","item":"https:\/\/jornalfatosenoticias.com.br\/"},{"@type":"ListItem","position":2,"name":"A\u00e7\u00e3o de Inconstitucionalidade, Revoga\u00e7\u00e3o da Lei de Aliena\u00e7\u00e3o Parental \u2014 Tributo a Joanna Marcenal \u2014 Parte I"}]},{"@type":"WebSite","@id":"https:\/\/jornalfatosenoticias.com.br\/#website","url":"https:\/\/jornalfatosenoticias.com.br\/","name":"Jornal Fatos e Not\u00edcias","description":"Not\u00edcias em geral","publisher":{"@id":"https:\/\/jornalfatosenoticias.com.br\/#organization"},"potentialAction":[{"@type":"SearchAction","target":{"@type":"EntryPoint","urlTemplate":"https:\/\/jornalfatosenoticias.com.br\/?s={search_term_string}"},"query-input":{"@type":"PropertyValueSpecification","valueRequired":true,"valueName":"search_term_string"}}],"inLanguage":"pt-BR"},{"@type":"Organization","@id":"https:\/\/jornalfatosenoticias.com.br\/#organization","name":"Jornal Fatos e Not\u00edcias","url":"https:\/\/jornalfatosenoticias.com.br\/","logo":{"@type":"ImageObject","inLanguage":"pt-BR","@id":"https:\/\/jornalfatosenoticias.com.br\/#\/schema\/logo\/image\/","url":"https:\/\/jornalfatosenoticias.com.br\/wp-content\/uploads\/2020\/02\/logo120.png","contentUrl":"https:\/\/jornalfatosenoticias.com.br\/wp-content\/uploads\/2020\/02\/logo120.png","width":1227,"height":120,"caption":"Jornal Fatos e Not\u00edcias"},"image":{"@id":"https:\/\/jornalfatosenoticias.com.br\/#\/schema\/logo\/image\/"}},{"@type":"Person","@id":"https:\/\/jornalfatosenoticias.com.br\/#\/schema\/person\/c33fcf5fb02d729d3fec92c6737a22d1","name":"Ana Maria Iencarelli","image":{"@type":"ImageObject","inLanguage":"pt-BR","@id":"https:\/\/jornalfatosenoticias.com.br\/#\/schema\/person\/image\/","url":"https:\/\/jornalfatosenoticias.com.br\/wp-content\/uploads\/2020\/02\/Ana-Maria-Iencarelli-1-150x150.jpg","contentUrl":"https:\/\/jornalfatosenoticias.com.br\/wp-content\/uploads\/2020\/02\/Ana-Maria-Iencarelli-1-150x150.jpg","caption":"Ana Maria Iencarelli"},"description":"Psicanalista Cl\u00ednica, especializada no atendimento a Crian\u00e7as e Adolescentes. Presidente da ONG Vozes de Anjos.","url":"https:\/\/jornalfatosenoticias.com.br\/index.php\/author\/anamaria\/"}]}},"cc_featured_image_caption":{"caption_text":"(Foto: Marcos Oliveira\/Ag\u00eancia Senado) \r\n","source_text":"","source_url":""},"jetpack_featured_media_url":"https:\/\/jornalfatosenoticias.com.br\/wp-content\/uploads\/2021\/12\/senado-recebe-protesto-contra-a-lei-da-alienacao-parental.jpg","_links":{"self":[{"href":"https:\/\/jornalfatosenoticias.com.br\/index.php\/wp-json\/wp\/v2\/posts\/26000","targetHints":{"allow":["GET"]}}],"collection":[{"href":"https:\/\/jornalfatosenoticias.com.br\/index.php\/wp-json\/wp\/v2\/posts"}],"about":[{"href":"https:\/\/jornalfatosenoticias.com.br\/index.php\/wp-json\/wp\/v2\/types\/post"}],"author":[{"embeddable":true,"href":"https:\/\/jornalfatosenoticias.com.br\/index.php\/wp-json\/wp\/v2\/users\/8"}],"replies":[{"embeddable":true,"href":"https:\/\/jornalfatosenoticias.com.br\/index.php\/wp-json\/wp\/v2\/comments?post=26000"}],"version-history":[{"count":0,"href":"https:\/\/jornalfatosenoticias.com.br\/index.php\/wp-json\/wp\/v2\/posts\/26000\/revisions"}],"wp:featuredmedia":[{"embeddable":true,"href":"https:\/\/jornalfatosenoticias.com.br\/index.php\/wp-json\/wp\/v2\/media\/26003"}],"wp:attachment":[{"href":"https:\/\/jornalfatosenoticias.com.br\/index.php\/wp-json\/wp\/v2\/media?parent=26000"}],"wp:term":[{"taxonomy":"category","embeddable":true,"href":"https:\/\/jornalfatosenoticias.com.br\/index.php\/wp-json\/wp\/v2\/categories?post=26000"},{"taxonomy":"post_tag","embeddable":true,"href":"https:\/\/jornalfatosenoticias.com.br\/index.php\/wp-json\/wp\/v2\/tags?post=26000"}],"curies":[{"name":"wp","href":"https:\/\/api.w.org\/{rel}","templated":true}]}}