{"id":26024,"date":"2021-12-16T14:26:03","date_gmt":"2021-12-16T17:26:03","guid":{"rendered":"https:\/\/jornalfatosenoticias.com.br\/?p=26024"},"modified":"2021-12-16T14:26:04","modified_gmt":"2021-12-16T17:26:04","slug":"professor-transforma-pracas-em-salas-de-aula","status":"publish","type":"post","link":"https:\/\/jornalfatosenoticias.com.br\/index.php\/2021\/12\/16\/professor-transforma-pracas-em-salas-de-aula\/","title":{"rendered":"Professor transforma pra\u00e7as em salas de aula"},"content":{"rendered":"\n<p>Quando a reportagem chegou \u00e0 Pra\u00e7a Mauro Duarte, em <a href=\"https:\/\/tudo-sobre.estadao.com.br\/botafogo\" target=\"_blank\" rel=\"noreferrer noopener\"><strong>Botafogo<\/strong><\/a>, zona sul do\u00a0<a href=\"https:\/\/tudo-sobre.estadao.com.br\/rio-de-janeiro\" target=\"_blank\" rel=\"noreferrer noopener\"><strong>Rio<\/strong><\/a>, o engenheiro eletricista aposentado Silv\u00e9rio Moron pendurava um cartaz do seu projeto, <strong>Adote um Aluno,<\/strong> numa das mesinhas de concreto do lugar. Uma mulher que passava acenou e avisou: &#8220;Meu pivete n\u00e3o vem hoje, t\u00e1 doente&#8221;. Minutos depois, chegaram Hugo \u2014 que, aos nove anos, precisa aprender a divis\u00e3o por dois algarismos \u2014 e Pedro Carlos \u2014 que, aos 63, quer saber calcular logaritmos.<br>Criado por Moron, o Adote um Aluno est\u00e1 renascendo ap\u00f3s quase dois anos de recolhimento com a <a href=\"https:\/\/tudo-sobre.estadao.com.br\/coronavirus\" target=\"_blank\" rel=\"noreferrer noopener\"><strong>pandemia<\/strong><\/a>. O projeto completar\u00e1 quatro anos em mar\u00e7o. O\u00a0<strong>Estad\u00e3o<\/strong> contou sua hist\u00f3ria em setembro de 2019, \u00e9poca em que a a\u00e7\u00e3o reunia 50 volunt\u00e1rios e 300 pessoas de todas as idades para &#8220;desenvolver a educa\u00e7\u00e3o!&#8221;, como gosta de dizer o engenheiro e professor.<br>Esse n\u00famero foi para 90 volunt\u00e1rios e 450 alunos espalhados por nove pra\u00e7as da capital, duas de <strong><a href=\"https:\/\/tudo-sobre.estadao.com.br\/niteroi-rj\" target=\"_blank\" rel=\"noreferrer noopener\">Niter\u00f3i<\/a>\u00a0<\/strong>e uma de\u00a0<strong><a href=\"https:\/\/tudo-sobre.estadao.com.br\/cabo-frio-rj\" target=\"_blank\" rel=\"noreferrer noopener\">Cabo Frio<\/a>\u00a0<\/strong>em mar\u00e7o de 2020. A\u00ed veio a covid-19. &#8220;Dei aula a dist\u00e2ncia por\u00a0<strong><a href=\"https:\/\/tudo-sobre.estadao.com.br\/whatsapp\" target=\"_blank\" rel=\"noreferrer noopener\">WhatsApp<\/a><\/strong> durante a pandemia. Acho (o app) mais objetivo, eles tiram foto das d\u00favidas, dos exerc\u00edcios, me enviam, e eu retorno explicando a d\u00favida&#8221;, conta Silv\u00e9rio. &#8220;Ajudei em torno de 20 alunos dessa forma, por um ano e sete meses&#8221;.<br>Silv\u00e9rio voltou \u00e0 pra\u00e7a em outubro. Aos poucos retoma seus alunos e volunt\u00e1rios. Em menos de dois meses, j\u00e1 reuniu 16 pessoas dispostas a ensinar e 20 querendo aprender. Gente em busca de todo tipo de aprendizado.<\/p>\n\n\n\n<p><strong><span class=\"has-inline-color has-black-color\">Alunos<br><\/span><\/strong>Aluno da 4\u00aa s\u00e9rie de uma escola que fica pr\u00f3xima \u00e0 pra\u00e7a, Hugo Barbosa passou a frequentar as aulas de Silv\u00e9rio e de M\u00f4nica Coelho, uma volunt\u00e1ria, atr\u00e1s de respostas para as d\u00favidas sobre divis\u00e3o. Quem o levou foi a av\u00f3, Elizabeth. Ela tamb\u00e9m aproveitou para aprender algo. &#8220;Como eu j\u00e1 estava aqui, em vez de ficar \u00e0 toa, decidi aprender coisas b\u00e1sicas de ingl\u00eas&#8221;, contou Elizabeth, que tem 61 anos. &#8220;O Hugo vem de segunda a quinta. O custo para contratar aulas particulares \u00e9 muito caro, nem todo mundo pode pagar, ainda mais depois de uma pandemia, pois muita gente perdeu trabalho&#8221;.<br>Quem tamb\u00e9m elogiou a iniciativa foi o escritor Pedro Carlos Csou. Deficiente visual, ele buscou ajuda de Silv\u00e9rio \u00e0s v\u00e9speras das provas do <a href=\"https:\/\/tudo-sobre.estadao.com.br\/enem\" target=\"_blank\" rel=\"noreferrer noopener\"><strong>Enem<\/strong><\/a>. &#8220;Matem\u00e1tica, para quem n\u00e3o enxerga, \u00e9 muito dif\u00edcil&#8221;, explicou. &#8220;Eu n\u00e3o sabia logaritmo e recorri a ele para tentar entender&#8221;, explicou. &#8220;Voc\u00ea n\u00e3o v\u00ea nada e vai acumulando, espelhando tudo no c\u00e9rebro. Tive duas aulas com o Silv\u00e9rio e percebi que o cara \u00e9 bom, ele conhece. Se tivesse ca\u00eddo logaritmo no Enem, eu saberia tudo&#8221;.<br>N\u00e3o h\u00e1 nenhuma exig\u00eancia ou pr\u00e9-requisito para ter aulas com algum volunt\u00e1rio do Adote um Aluno. &#8220;O projeto \u00e9 muito simples: a sala de aula \u00e9 uma pra\u00e7a a c\u00e9u aberto. \u00c9 s\u00f3 chegar, n\u00e3o precisa marcar nada. Acho fundamental que os espa\u00e7os p\u00fablicos sejam ocupados com educa\u00e7\u00e3o&#8221;, diz Silv\u00e9rio.<\/p>\n\n\n\n<p><strong>Sonho<br><\/strong>&#8220;S\u00e3o 181 bairros na cidade do Rio. Nosso objetivo \u00e9 que em cada um desses bairros tenha uma pra\u00e7a desenvolvendo a educa\u00e7\u00e3o, mas para isso \u00e9 muito importante a ades\u00e3o de um morador de cada bairro para compartilhar seu conhecimento&#8221;, pontuou o engenheiro, que decidiu promover aulas na pra\u00e7a pela situa\u00e7\u00e3o dif\u00edcil do ensino p\u00fablico.<br>&#8220;Dou aula particular desde 2003, e \u00e9 muito triste uma pessoa que trabalha no mundo da educa\u00e7\u00e3o ver a educa\u00e7\u00e3o da sua cidade regredir em vez de progredir&#8221;, lamentou. &#8220;Fui aluno de escola municipal em 1970 e tive ensino de excel\u00eancia. \u00c9 muito triste ver que isso regrediu, ent\u00e3o optei por vir \u00e0 pra\u00e7a p\u00fablica, perto de dois col\u00e9gios municipais, justamente para atender a esses alunos&#8221;.<br>M\u00f4nica Coelho, engenheira eletr\u00f4nica aposentada, decidiu ser volunt\u00e1ria por raz\u00e3o semelhante. &#8220;Minha irm\u00e3 \u00e9 professora em escola p\u00fablica, e sabemos que a escola n\u00e3o d\u00e1 condi\u00e7\u00f5es de acompanhar cada aluno&#8221;.<br>Sempre sorrindo e disposto, Silv\u00e9rio ficou com a voz embargada ao responder ao <strong>Estad\u00e3o<\/strong> se acredita que a educa\u00e7\u00e3o no Brasil ainda pode dar certo. &#8220;Se n\u00e3o acreditasse nisso, eu n\u00e3o estaria na rua&#8221;, afirmou.<\/p>\n\n\n\n<p><strong><em>Fonte: <a href=\"https:\/\/www.msn.com\/pt-br\/noticias\/educacao\/o-professor-que-transforma-pra%C3%A7as-em-salas-de-aula\/ar-AARNfeq#image=1\">MSN Not\u00edcias<\/a><\/em><\/strong><\/p>\n","protected":false},"excerpt":{"rendered":"<p>Quando a reportagem chegou \u00e0 Pra\u00e7a Mauro Duarte, em Botafogo, zona sul do\u00a0Rio, o engenheiro eletricista aposentado Silv\u00e9rio Moron pendurava um cartaz do seu projeto, Adote um Aluno, numa das mesinhas de concreto do lugar. Uma mulher que passava acenou e avisou: &#8220;Meu pivete n\u00e3o vem hoje, t\u00e1 doente&#8221;. Minutos depois, chegaram Hugo \u2014 que, [&hellip;]<\/p>\n","protected":false},"author":2,"featured_media":26025,"comment_status":"open","ping_status":"open","sticky":false,"template":"","format":"standard","meta":{"footnotes":""},"categories":[7],"tags":[12547,1327,7861,12548,2265],"class_list":["post-26024","post","type-post","status-publish","format-standard","has-post-thumbnail","hentry","category-educacao","tag-bem-ao-proximo","tag-professor","tag-projeto-educacional","tag-silverio-moron","tag-superacao"],"yoast_head":"<!-- This site is optimized with the Yoast SEO plugin v26.5 - https:\/\/yoast.com\/wordpress\/plugins\/seo\/ -->\n<title>Professor transforma pra\u00e7as em salas de aula - Jornal Fatos e Not\u00edcias<\/title>\n<meta name=\"robots\" content=\"index, follow, max-snippet:-1, max-image-preview:large, max-video-preview:-1\" \/>\n<link rel=\"canonical\" href=\"https:\/\/jornalfatosenoticias.com.br\/index.php\/2021\/12\/16\/professor-transforma-pracas-em-salas-de-aula\/\" \/>\n<meta property=\"og:locale\" content=\"pt_BR\" \/>\n<meta property=\"og:type\" content=\"article\" \/>\n<meta property=\"og:title\" content=\"Professor transforma pra\u00e7as em salas de aula - Jornal Fatos e Not\u00edcias\" \/>\n<meta property=\"og:description\" content=\"Quando a reportagem chegou \u00e0 Pra\u00e7a Mauro Duarte, em Botafogo, zona sul do\u00a0Rio, o engenheiro eletricista aposentado Silv\u00e9rio Moron pendurava um cartaz do seu projeto, Adote um Aluno, numa das mesinhas de concreto do lugar. Uma mulher que passava acenou e avisou: &#8220;Meu pivete n\u00e3o vem hoje, t\u00e1 doente&#8221;. Minutos depois, chegaram Hugo \u2014 que, [&hellip;]\" \/>\n<meta property=\"og:url\" content=\"https:\/\/jornalfatosenoticias.com.br\/index.php\/2021\/12\/16\/professor-transforma-pracas-em-salas-de-aula\/\" \/>\n<meta property=\"og:site_name\" content=\"Jornal Fatos e Not\u00edcias\" \/>\n<meta property=\"article:published_time\" content=\"2021-12-16T17:26:03+00:00\" \/>\n<meta property=\"article:modified_time\" content=\"2021-12-16T17:26:04+00:00\" \/>\n<meta property=\"og:image\" content=\"https:\/\/jornalfatosenoticias.com.br\/wp-content\/uploads\/2021\/12\/professor-transforma-pracas-em-salas-de-aula.jpg\" \/>\n\t<meta property=\"og:image:width\" content=\"1000\" \/>\n\t<meta property=\"og:image:height\" content=\"666\" \/>\n\t<meta property=\"og:image:type\" content=\"image\/jpeg\" \/>\n<meta name=\"author\" content=\"Luzimara Fernandes\" \/>\n<meta name=\"twitter:card\" content=\"summary_large_image\" \/>\n<meta name=\"twitter:label1\" content=\"Escrito por\" \/>\n\t<meta name=\"twitter:data1\" content=\"Luzimara Fernandes\" \/>\n\t<meta name=\"twitter:label2\" content=\"Est. tempo de leitura\" \/>\n\t<meta name=\"twitter:data2\" content=\"4 minutos\" \/>\n<script type=\"application\/ld+json\" class=\"yoast-schema-graph\">{\"@context\":\"https:\/\/schema.org\",\"@graph\":[{\"@type\":\"Article\",\"@id\":\"https:\/\/jornalfatosenoticias.com.br\/index.php\/2021\/12\/16\/professor-transforma-pracas-em-salas-de-aula\/#article\",\"isPartOf\":{\"@id\":\"https:\/\/jornalfatosenoticias.com.br\/index.php\/2021\/12\/16\/professor-transforma-pracas-em-salas-de-aula\/\"},\"author\":{\"name\":\"Luzimara Fernandes\",\"@id\":\"https:\/\/jornalfatosenoticias.com.br\/#\/schema\/person\/d63837fa13ac8666eb9e74e0985d6f81\"},\"headline\":\"Professor transforma pra\u00e7as em salas de aula\",\"datePublished\":\"2021-12-16T17:26:03+00:00\",\"dateModified\":\"2021-12-16T17:26:04+00:00\",\"mainEntityOfPage\":{\"@id\":\"https:\/\/jornalfatosenoticias.com.br\/index.php\/2021\/12\/16\/professor-transforma-pracas-em-salas-de-aula\/\"},\"wordCount\":736,\"commentCount\":0,\"publisher\":{\"@id\":\"https:\/\/jornalfatosenoticias.com.br\/#organization\"},\"image\":{\"@id\":\"https:\/\/jornalfatosenoticias.com.br\/index.php\/2021\/12\/16\/professor-transforma-pracas-em-salas-de-aula\/#primaryimage\"},\"thumbnailUrl\":\"https:\/\/jornalfatosenoticias.com.br\/wp-content\/uploads\/2021\/12\/professor-transforma-pracas-em-salas-de-aula.jpg\",\"keywords\":[\"bem ao pr\u00f3ximo\",\"professor\",\"projeto educacional\",\"Silv\u00e9rio Moron\",\"supera\u00e7\u00e3o\"],\"articleSection\":[\"Educa\u00e7\u00e3o\"],\"inLanguage\":\"pt-BR\",\"potentialAction\":[{\"@type\":\"CommentAction\",\"name\":\"Comment\",\"target\":[\"https:\/\/jornalfatosenoticias.com.br\/index.php\/2021\/12\/16\/professor-transforma-pracas-em-salas-de-aula\/#respond\"]}]},{\"@type\":\"WebPage\",\"@id\":\"https:\/\/jornalfatosenoticias.com.br\/index.php\/2021\/12\/16\/professor-transforma-pracas-em-salas-de-aula\/\",\"url\":\"https:\/\/jornalfatosenoticias.com.br\/index.php\/2021\/12\/16\/professor-transforma-pracas-em-salas-de-aula\/\",\"name\":\"Professor transforma pra\u00e7as em salas de aula - Jornal Fatos e Not\u00edcias\",\"isPartOf\":{\"@id\":\"https:\/\/jornalfatosenoticias.com.br\/#website\"},\"primaryImageOfPage\":{\"@id\":\"https:\/\/jornalfatosenoticias.com.br\/index.php\/2021\/12\/16\/professor-transforma-pracas-em-salas-de-aula\/#primaryimage\"},\"image\":{\"@id\":\"https:\/\/jornalfatosenoticias.com.br\/index.php\/2021\/12\/16\/professor-transforma-pracas-em-salas-de-aula\/#primaryimage\"},\"thumbnailUrl\":\"https:\/\/jornalfatosenoticias.com.br\/wp-content\/uploads\/2021\/12\/professor-transforma-pracas-em-salas-de-aula.jpg\",\"datePublished\":\"2021-12-16T17:26:03+00:00\",\"dateModified\":\"2021-12-16T17:26:04+00:00\",\"breadcrumb\":{\"@id\":\"https:\/\/jornalfatosenoticias.com.br\/index.php\/2021\/12\/16\/professor-transforma-pracas-em-salas-de-aula\/#breadcrumb\"},\"inLanguage\":\"pt-BR\",\"potentialAction\":[{\"@type\":\"ReadAction\",\"target\":[\"https:\/\/jornalfatosenoticias.com.br\/index.php\/2021\/12\/16\/professor-transforma-pracas-em-salas-de-aula\/\"]}]},{\"@type\":\"ImageObject\",\"inLanguage\":\"pt-BR\",\"@id\":\"https:\/\/jornalfatosenoticias.com.br\/index.php\/2021\/12\/16\/professor-transforma-pracas-em-salas-de-aula\/#primaryimage\",\"url\":\"https:\/\/jornalfatosenoticias.com.br\/wp-content\/uploads\/2021\/12\/professor-transforma-pracas-em-salas-de-aula.jpg\",\"contentUrl\":\"https:\/\/jornalfatosenoticias.com.br\/wp-content\/uploads\/2021\/12\/professor-transforma-pracas-em-salas-de-aula.jpg\",\"width\":1000,\"height\":666},{\"@type\":\"BreadcrumbList\",\"@id\":\"https:\/\/jornalfatosenoticias.com.br\/index.php\/2021\/12\/16\/professor-transforma-pracas-em-salas-de-aula\/#breadcrumb\",\"itemListElement\":[{\"@type\":\"ListItem\",\"position\":1,\"name\":\"In\u00edcio\",\"item\":\"https:\/\/jornalfatosenoticias.com.br\/\"},{\"@type\":\"ListItem\",\"position\":2,\"name\":\"Professor transforma pra\u00e7as em salas de aula\"}]},{\"@type\":\"WebSite\",\"@id\":\"https:\/\/jornalfatosenoticias.com.br\/#website\",\"url\":\"https:\/\/jornalfatosenoticias.com.br\/\",\"name\":\"Jornal Fatos e Not\u00edcias\",\"description\":\"Not\u00edcias em geral\",\"publisher\":{\"@id\":\"https:\/\/jornalfatosenoticias.com.br\/#organization\"},\"potentialAction\":[{\"@type\":\"SearchAction\",\"target\":{\"@type\":\"EntryPoint\",\"urlTemplate\":\"https:\/\/jornalfatosenoticias.com.br\/?s={search_term_string}\"},\"query-input\":{\"@type\":\"PropertyValueSpecification\",\"valueRequired\":true,\"valueName\":\"search_term_string\"}}],\"inLanguage\":\"pt-BR\"},{\"@type\":\"Organization\",\"@id\":\"https:\/\/jornalfatosenoticias.com.br\/#organization\",\"name\":\"Jornal Fatos e Not\u00edcias\",\"url\":\"https:\/\/jornalfatosenoticias.com.br\/\",\"logo\":{\"@type\":\"ImageObject\",\"inLanguage\":\"pt-BR\",\"@id\":\"https:\/\/jornalfatosenoticias.com.br\/#\/schema\/logo\/image\/\",\"url\":\"https:\/\/jornalfatosenoticias.com.br\/wp-content\/uploads\/2020\/02\/logo120.png\",\"contentUrl\":\"https:\/\/jornalfatosenoticias.com.br\/wp-content\/uploads\/2020\/02\/logo120.png\",\"width\":1227,\"height\":120,\"caption\":\"Jornal Fatos e Not\u00edcias\"},\"image\":{\"@id\":\"https:\/\/jornalfatosenoticias.com.br\/#\/schema\/logo\/image\/\"}},{\"@type\":\"Person\",\"@id\":\"https:\/\/jornalfatosenoticias.com.br\/#\/schema\/person\/d63837fa13ac8666eb9e74e0985d6f81\",\"name\":\"Luzimara Fernandes\",\"image\":{\"@type\":\"ImageObject\",\"inLanguage\":\"pt-BR\",\"@id\":\"https:\/\/jornalfatosenoticias.com.br\/#\/schema\/person\/image\/\",\"url\":\"https:\/\/jornalfatosenoticias.com.br\/wp-content\/uploads\/2025\/05\/EU_portal.jpg\",\"contentUrl\":\"https:\/\/jornalfatosenoticias.com.br\/wp-content\/uploads\/2025\/05\/EU_portal.jpg\",\"caption\":\"Luzimara Fernandes\"},\"description\":\"Jornalista MTB 2358-ES\",\"sameAs\":[\"https:\/\/jornalfatosenoticias.com.br\"],\"url\":\"https:\/\/jornalfatosenoticias.com.br\/index.php\/author\/luzimara\/\"}]}<\/script>\n<!-- \/ Yoast SEO plugin. -->","yoast_head_json":{"title":"Professor transforma pra\u00e7as em salas de aula - Jornal Fatos e Not\u00edcias","robots":{"index":"index","follow":"follow","max-snippet":"max-snippet:-1","max-image-preview":"max-image-preview:large","max-video-preview":"max-video-preview:-1"},"canonical":"https:\/\/jornalfatosenoticias.com.br\/index.php\/2021\/12\/16\/professor-transforma-pracas-em-salas-de-aula\/","og_locale":"pt_BR","og_type":"article","og_title":"Professor transforma pra\u00e7as em salas de aula - Jornal Fatos e Not\u00edcias","og_description":"Quando a reportagem chegou \u00e0 Pra\u00e7a Mauro Duarte, em Botafogo, zona sul do\u00a0Rio, o engenheiro eletricista aposentado Silv\u00e9rio Moron pendurava um cartaz do seu projeto, Adote um Aluno, numa das mesinhas de concreto do lugar. Uma mulher que passava acenou e avisou: &#8220;Meu pivete n\u00e3o vem hoje, t\u00e1 doente&#8221;. Minutos depois, chegaram Hugo \u2014 que, [&hellip;]","og_url":"https:\/\/jornalfatosenoticias.com.br\/index.php\/2021\/12\/16\/professor-transforma-pracas-em-salas-de-aula\/","og_site_name":"Jornal Fatos e Not\u00edcias","article_published_time":"2021-12-16T17:26:03+00:00","article_modified_time":"2021-12-16T17:26:04+00:00","og_image":[{"width":1000,"height":666,"url":"https:\/\/jornalfatosenoticias.com.br\/wp-content\/uploads\/2021\/12\/professor-transforma-pracas-em-salas-de-aula.jpg","type":"image\/jpeg"}],"author":"Luzimara Fernandes","twitter_card":"summary_large_image","twitter_misc":{"Escrito por":"Luzimara Fernandes","Est. tempo de leitura":"4 minutos"},"schema":{"@context":"https:\/\/schema.org","@graph":[{"@type":"Article","@id":"https:\/\/jornalfatosenoticias.com.br\/index.php\/2021\/12\/16\/professor-transforma-pracas-em-salas-de-aula\/#article","isPartOf":{"@id":"https:\/\/jornalfatosenoticias.com.br\/index.php\/2021\/12\/16\/professor-transforma-pracas-em-salas-de-aula\/"},"author":{"name":"Luzimara Fernandes","@id":"https:\/\/jornalfatosenoticias.com.br\/#\/schema\/person\/d63837fa13ac8666eb9e74e0985d6f81"},"headline":"Professor transforma pra\u00e7as em salas de aula","datePublished":"2021-12-16T17:26:03+00:00","dateModified":"2021-12-16T17:26:04+00:00","mainEntityOfPage":{"@id":"https:\/\/jornalfatosenoticias.com.br\/index.php\/2021\/12\/16\/professor-transforma-pracas-em-salas-de-aula\/"},"wordCount":736,"commentCount":0,"publisher":{"@id":"https:\/\/jornalfatosenoticias.com.br\/#organization"},"image":{"@id":"https:\/\/jornalfatosenoticias.com.br\/index.php\/2021\/12\/16\/professor-transforma-pracas-em-salas-de-aula\/#primaryimage"},"thumbnailUrl":"https:\/\/jornalfatosenoticias.com.br\/wp-content\/uploads\/2021\/12\/professor-transforma-pracas-em-salas-de-aula.jpg","keywords":["bem ao pr\u00f3ximo","professor","projeto educacional","Silv\u00e9rio Moron","supera\u00e7\u00e3o"],"articleSection":["Educa\u00e7\u00e3o"],"inLanguage":"pt-BR","potentialAction":[{"@type":"CommentAction","name":"Comment","target":["https:\/\/jornalfatosenoticias.com.br\/index.php\/2021\/12\/16\/professor-transforma-pracas-em-salas-de-aula\/#respond"]}]},{"@type":"WebPage","@id":"https:\/\/jornalfatosenoticias.com.br\/index.php\/2021\/12\/16\/professor-transforma-pracas-em-salas-de-aula\/","url":"https:\/\/jornalfatosenoticias.com.br\/index.php\/2021\/12\/16\/professor-transforma-pracas-em-salas-de-aula\/","name":"Professor transforma pra\u00e7as em salas de aula - Jornal Fatos e Not\u00edcias","isPartOf":{"@id":"https:\/\/jornalfatosenoticias.com.br\/#website"},"primaryImageOfPage":{"@id":"https:\/\/jornalfatosenoticias.com.br\/index.php\/2021\/12\/16\/professor-transforma-pracas-em-salas-de-aula\/#primaryimage"},"image":{"@id":"https:\/\/jornalfatosenoticias.com.br\/index.php\/2021\/12\/16\/professor-transforma-pracas-em-salas-de-aula\/#primaryimage"},"thumbnailUrl":"https:\/\/jornalfatosenoticias.com.br\/wp-content\/uploads\/2021\/12\/professor-transforma-pracas-em-salas-de-aula.jpg","datePublished":"2021-12-16T17:26:03+00:00","dateModified":"2021-12-16T17:26:04+00:00","breadcrumb":{"@id":"https:\/\/jornalfatosenoticias.com.br\/index.php\/2021\/12\/16\/professor-transforma-pracas-em-salas-de-aula\/#breadcrumb"},"inLanguage":"pt-BR","potentialAction":[{"@type":"ReadAction","target":["https:\/\/jornalfatosenoticias.com.br\/index.php\/2021\/12\/16\/professor-transforma-pracas-em-salas-de-aula\/"]}]},{"@type":"ImageObject","inLanguage":"pt-BR","@id":"https:\/\/jornalfatosenoticias.com.br\/index.php\/2021\/12\/16\/professor-transforma-pracas-em-salas-de-aula\/#primaryimage","url":"https:\/\/jornalfatosenoticias.com.br\/wp-content\/uploads\/2021\/12\/professor-transforma-pracas-em-salas-de-aula.jpg","contentUrl":"https:\/\/jornalfatosenoticias.com.br\/wp-content\/uploads\/2021\/12\/professor-transforma-pracas-em-salas-de-aula.jpg","width":1000,"height":666},{"@type":"BreadcrumbList","@id":"https:\/\/jornalfatosenoticias.com.br\/index.php\/2021\/12\/16\/professor-transforma-pracas-em-salas-de-aula\/#breadcrumb","itemListElement":[{"@type":"ListItem","position":1,"name":"In\u00edcio","item":"https:\/\/jornalfatosenoticias.com.br\/"},{"@type":"ListItem","position":2,"name":"Professor transforma pra\u00e7as em salas de aula"}]},{"@type":"WebSite","@id":"https:\/\/jornalfatosenoticias.com.br\/#website","url":"https:\/\/jornalfatosenoticias.com.br\/","name":"Jornal Fatos e Not\u00edcias","description":"Not\u00edcias em geral","publisher":{"@id":"https:\/\/jornalfatosenoticias.com.br\/#organization"},"potentialAction":[{"@type":"SearchAction","target":{"@type":"EntryPoint","urlTemplate":"https:\/\/jornalfatosenoticias.com.br\/?s={search_term_string}"},"query-input":{"@type":"PropertyValueSpecification","valueRequired":true,"valueName":"search_term_string"}}],"inLanguage":"pt-BR"},{"@type":"Organization","@id":"https:\/\/jornalfatosenoticias.com.br\/#organization","name":"Jornal Fatos e Not\u00edcias","url":"https:\/\/jornalfatosenoticias.com.br\/","logo":{"@type":"ImageObject","inLanguage":"pt-BR","@id":"https:\/\/jornalfatosenoticias.com.br\/#\/schema\/logo\/image\/","url":"https:\/\/jornalfatosenoticias.com.br\/wp-content\/uploads\/2020\/02\/logo120.png","contentUrl":"https:\/\/jornalfatosenoticias.com.br\/wp-content\/uploads\/2020\/02\/logo120.png","width":1227,"height":120,"caption":"Jornal Fatos e Not\u00edcias"},"image":{"@id":"https:\/\/jornalfatosenoticias.com.br\/#\/schema\/logo\/image\/"}},{"@type":"Person","@id":"https:\/\/jornalfatosenoticias.com.br\/#\/schema\/person\/d63837fa13ac8666eb9e74e0985d6f81","name":"Luzimara Fernandes","image":{"@type":"ImageObject","inLanguage":"pt-BR","@id":"https:\/\/jornalfatosenoticias.com.br\/#\/schema\/person\/image\/","url":"https:\/\/jornalfatosenoticias.com.br\/wp-content\/uploads\/2025\/05\/EU_portal.jpg","contentUrl":"https:\/\/jornalfatosenoticias.com.br\/wp-content\/uploads\/2025\/05\/EU_portal.jpg","caption":"Luzimara Fernandes"},"description":"Jornalista MTB 2358-ES","sameAs":["https:\/\/jornalfatosenoticias.com.br"],"url":"https:\/\/jornalfatosenoticias.com.br\/index.php\/author\/luzimara\/"}]}},"cc_featured_image_caption":{"caption_text":"(Foto: Wilton J\u00fanior\/Estad\u00e3o) ","source_text":"","source_url":""},"jetpack_featured_media_url":"https:\/\/jornalfatosenoticias.com.br\/wp-content\/uploads\/2021\/12\/professor-transforma-pracas-em-salas-de-aula.jpg","_links":{"self":[{"href":"https:\/\/jornalfatosenoticias.com.br\/index.php\/wp-json\/wp\/v2\/posts\/26024","targetHints":{"allow":["GET"]}}],"collection":[{"href":"https:\/\/jornalfatosenoticias.com.br\/index.php\/wp-json\/wp\/v2\/posts"}],"about":[{"href":"https:\/\/jornalfatosenoticias.com.br\/index.php\/wp-json\/wp\/v2\/types\/post"}],"author":[{"embeddable":true,"href":"https:\/\/jornalfatosenoticias.com.br\/index.php\/wp-json\/wp\/v2\/users\/2"}],"replies":[{"embeddable":true,"href":"https:\/\/jornalfatosenoticias.com.br\/index.php\/wp-json\/wp\/v2\/comments?post=26024"}],"version-history":[{"count":0,"href":"https:\/\/jornalfatosenoticias.com.br\/index.php\/wp-json\/wp\/v2\/posts\/26024\/revisions"}],"wp:featuredmedia":[{"embeddable":true,"href":"https:\/\/jornalfatosenoticias.com.br\/index.php\/wp-json\/wp\/v2\/media\/26025"}],"wp:attachment":[{"href":"https:\/\/jornalfatosenoticias.com.br\/index.php\/wp-json\/wp\/v2\/media?parent=26024"}],"wp:term":[{"taxonomy":"category","embeddable":true,"href":"https:\/\/jornalfatosenoticias.com.br\/index.php\/wp-json\/wp\/v2\/categories?post=26024"},{"taxonomy":"post_tag","embeddable":true,"href":"https:\/\/jornalfatosenoticias.com.br\/index.php\/wp-json\/wp\/v2\/tags?post=26024"}],"curies":[{"name":"wp","href":"https:\/\/api.w.org\/{rel}","templated":true}]}}