{"id":26035,"date":"2021-12-16T14:43:59","date_gmt":"2021-12-16T17:43:59","guid":{"rendered":"https:\/\/jornalfatosenoticias.com.br\/?p=26035"},"modified":"2021-12-16T14:44:03","modified_gmt":"2021-12-16T17:44:03","slug":"emily-bronte-a-melancolica-autora-de-o-morro-dos-ventos-uivantes","status":"publish","type":"post","link":"https:\/\/jornalfatosenoticias.com.br\/index.php\/2021\/12\/16\/emily-bronte-a-melancolica-autora-de-o-morro-dos-ventos-uivantes\/","title":{"rendered":"Emily Bront\u00eb, a melanc\u00f3lica autora de &#8216;O Morro dos Ventos Uivantes&#8217;"},"content":{"rendered":"\n<p><em><span class=\"has-inline-color has-black-color\">Com dois de seus trabalhos publicados, a escritora inglesa teve uma vida curta e sequer acompanhou a dimens\u00e3o de sua fama<\/span><\/em><\/p>\n\n\n\n<p>Em meados de 1847, <a href=\"https:\/\/aventurasnahistoria.uol.com.br\/noticias\/historia-hoje\/classico-o-morro-dos-ventos-uivantes-e-relancado-em-edicao-especial-e-memoravel.phtml\" rel=\"noreferrer noopener\" target=\"_blank\"><strong>Emily Jane Bront\u00eb<\/strong><\/a> publicou uma o livro que se tornaria uma das maiores obras da hist\u00f3ria da literatura. Mal sabia ela que &#8216;O Morro dos Ventos Uivantes&#8217; seria t\u00e3o aclamado, um verdadeiro cl\u00e1ssico para os amantes da leitura.<br>Pouco se sabe, no entanto, sobre a vida da autora. Na obra &#8216;Queens of Literature of the Victorian Era&#8217;, escrita por <strong>Eva Hope\u00a0<\/strong>em 1886, a autora \u00e9 descrita como uma mulher peculiar, t\u00edmida e reclusa. Nascida no condado de York, no Reino Unido, a poetisa e romancista ainda assim \u00e9 considerada uma das maiores escritoras da\u00a0<a href=\"https:\/\/aventurasnahistoria.uol.com.br\/noticias\/vitrine\/20-classicos-da-literatura.phtml\" rel=\"noreferrer noopener\" target=\"_blank\">literatura mundial.<\/a><\/p>\n\n\n\n<p><strong><span class=\"has-inline-color has-black-color\">Os primeiros contatos com a escrita<br><\/span><\/strong>Nascida em 1818, no vilarejo de Thornton, na Inglaterra, Emily era filha de <strong>Maria Branwell<\/strong>\u00a0e\u00a0<strong>Patrick Bront\u00eb<\/strong>. Com apenas tr\u00eas anos de idade, a futura escritora perdeu a sua m\u00e3e, v\u00edtima de um c\u00e2ncer. Ap\u00f3s a morte da matriarca, a menina foi enviada para a Escola das Filhas do Clero em Cowan Bridge, ao lado de suas irm\u00e3s,\u00a0<strong>Maria<\/strong>,\u00a0<strong>Elizabeth<\/strong>\u00a0e\u00a0<strong>Charlotte<\/strong>.<br>No local, as crian\u00e7as sofreram abusos e priva\u00e7\u00f5es. Al\u00e9m disso, devido \u00e0s m\u00e1s condi\u00e7\u00f5es da escola, suas irm\u00e3s <strong>Maria <\/strong>e<strong> Elizabeth<\/strong> acabaram contraindo febre tifoide, vindo a \u00f3bito respectivamente. Mais tarde, as tr\u00eas irm\u00e3s que sobreviveram e seu irm\u00e3o <strong>Branwell<\/strong>, foram educados em casa por seu pai e tia <strong>Elizabeth Branwell.<\/strong> Desde cedo, <strong>Emily<\/strong> j\u00e1 demonstrava interesse pela literatura e teve acesso a v\u00e1rios autores, como <a href=\"https:\/\/aventurasnahistoria.uol.com.br\/noticias\/vitrine\/historia-turbulenta-vida-sexual-de-lord-byron.phtml\" rel=\"noreferrer noopener\" target=\"_blank\"><strong>Lord Byron<\/strong><\/a> e\u00a0<a href=\"https:\/\/aventurasnahistoria.uol.com.br\/noticias\/vitrine\/historia-mary-shelley-frankenstein.phtml\" rel=\"noreferrer noopener\" target=\"_blank\"><strong>Mary Shelley.<\/strong><\/a><br>Quando tinha 13 anos, a aspirante a escritora e sua irm\u00e3 <strong>Anne<\/strong>\u00a0come\u00e7aram a escrever suas pr\u00f3prias\u00a0<a href=\"https:\/\/aventurasnahistoria.uol.com.br\/noticias\/almanaque\/o-bizarro-desaparecimento-do-cranio-de-shakespeare.phtml\" rel=\"noreferrer noopener\" target=\"_blank\">hist\u00f3rias<\/a>. No entanto, seus escritos n\u00e3o foram preservados, restando apenas algumas p\u00e1ginas soltas, como uma esp\u00e9cie de &#8220;di\u00e1rio&#8221;. Aos 17 anos, a jovem passou a frequentar a Roe Head Girls &#8216;School, mas ficou pouco tempo, pois logo a saudade de casa a fez retornar ao lar.<\/p>\n\n\n\n<figure class=\"wp-block-image size-large\"><img loading=\"lazy\" decoding=\"async\" width=\"1000\" height=\"562\" src=\"https:\/\/jornalfatosenoticias.com.br\/wp-content\/uploads\/2021\/12\/emily_bronte2.jpg\" alt=\"\" class=\"wp-image-26036\" srcset=\"https:\/\/jornalfatosenoticias.com.br\/wp-content\/uploads\/2021\/12\/emily_bronte2.jpg 1000w, https:\/\/jornalfatosenoticias.com.br\/wp-content\/uploads\/2021\/12\/emily_bronte2-300x169.jpg 300w, https:\/\/jornalfatosenoticias.com.br\/wp-content\/uploads\/2021\/12\/emily_bronte2-768x432.jpg 768w\" sizes=\"auto, (max-width: 1000px) 100vw, 1000px\" \/><figcaption><em><span class=\"has-inline-color has-black-color\">Irm\u00e3s Bront\u00eb, em uma pintura de 1834 (Foto: Dom\u00ednio P\u00fablico\/Creative Commons\/Wikimedia Commons)<\/span><\/em><\/figcaption><\/figure>\n\n\n\n<p><strong><span class=\"has-inline-color has-black-color\">Dois exemplares vendidos<br><\/span><\/strong>Embora a sua voca\u00e7\u00e3o para a escrita, <strong>Emily<\/strong> vendeu apenas dois exemplares ao longo de sua vida. Em 1845, come\u00e7ou a escrever o cl\u00e1ssico O Morro dos Ventos Uivantes, que foi conclu\u00eddo no ano seguinte e publicado em 1847, em dois volumes \u2014 junto com Agnes Grey, de <strong>Anne<\/strong>. J\u00e1 o livro de poemas Jane Eyre, foi escrito em conjunto com suas irm\u00e3s <strong>Charlotte <\/strong>e<strong> Anne<\/strong> e lan\u00e7ado em 1846.<br>Na \u00e9poca, os cr\u00edticos reconheceram a for\u00e7a dram\u00e1tica da hist\u00f3ria de amor e ru\u00edna que permeia O Morro dos Ventos Uivantes. No entanto, algumas pessoas a acusaram de propagar \u201cviol\u00eancia psicol\u00f3gica\u201d, j\u00e1 outras alegaram que as imagens eram as mais chocantes e piores representa\u00e7\u00f5es de humanidade.<br><strong>Emily Bront\u00eb<\/strong>, por sua vez, nunca soube a dimens\u00e3o da fama que atingiu com seu \u00fanico romance publicado. A renomada escritora veio a falecer um ano ap\u00f3s o lan\u00e7amento do cl\u00e1ssico, que at\u00e9 hoje \u00e9 refer\u00eancia na literatura mundial. Discreta e com poucos amigos, a romancista era conhecida por ser uma pessoa extremamente t\u00edmida e reclusa. Ainda segundo alguns bi\u00f3grafos, sua condi\u00e7\u00e3o beirava \u00e0 misantropia \u2014 avers\u00e3o ao ser humano e \u00e0 natureza humana como um todo. Em seus \u00faltimos anos de vida, a autora enfrentava tamb\u00e9m problemas de sa\u00fade.<br>Acredita-se que as condi\u00e7\u00f5es insalubres do ar, atreladas a um forte resfriado que rapidamente evoluiu para uma tuberculose, tenham resultado na morte da romancista, no dia 24 de setembro de 1848. Segundo <strong>Mary Robinson<\/strong>, uma das primeiras bi\u00f3grafas de <strong>Emily<\/strong>, a poetisa morreu sentada em seu sof\u00e1. No entanto, em uma carta escrita pela sua irm\u00e3 <strong>Charlotte<\/strong>, a mulher menciona que o cachorro da autora, <strong>Keeper<\/strong>, estaria deitado ao lado de sua cama no momento de sua morte.<br>No fim de sua vida, a escritora estava t\u00e3o magra, que seu caix\u00e3o media apenas 40 cent\u00edmetros de largura. Posteriormente, seus restos mortais foram enterrados no cofre da fam\u00edlia, localizado em St. Michael and All Angels &#8216;Church, Haworth.<\/p>\n\n\n\n<p><em><span class=\"has-inline-color has-black-color\"><strong>Foto de capa: <\/strong>Dom\u00ednio P\u00fablico\/Creative Commons\/Wikimedia Commons<\/span><\/em><\/p>\n\n\n\n<p><strong><em>Fonte: <a href=\"https:\/\/aventurasnahistoria.uol.com.br\/noticias\/reportagem\/dois-exemplares-publicados-e-morte-precoce-melancolica-trajetoria-da-escritora-emily-bronte.phtml\">Aventuras na Hist\u00f3ria<\/a><\/em><\/strong><\/p>\n","protected":false},"excerpt":{"rendered":"<p>Com dois de seus trabalhos publicados, a escritora inglesa teve uma vida curta e sequer acompanhou a dimens\u00e3o de sua fama Em meados de 1847, Emily Jane Bront\u00eb publicou uma o livro que se tornaria uma das maiores obras da hist\u00f3ria da literatura. Mal sabia ela que &#8216;O Morro dos Ventos Uivantes&#8217; seria t\u00e3o aclamado, [&hellip;]<\/p>\n","protected":false},"author":2,"featured_media":26037,"comment_status":"open","ping_status":"open","sticky":false,"template":"","format":"standard","meta":{"footnotes":""},"categories":[4],"tags":[12552,457,914,1217,12553,1948],"class_list":["post-26035","post","type-post","status-publish","format-standard","has-post-thumbnail","hentry","category-cultura","tag-emily-bronte","tag-inglaterra","tag-literatura","tag-livro","tag-o-morro-dos-ventos-uivantes","tag-obra"],"yoast_head":"<!-- This site is optimized with the Yoast SEO plugin v26.5 - https:\/\/yoast.com\/wordpress\/plugins\/seo\/ -->\n<title>Emily Bront\u00eb, a melanc\u00f3lica autora de &#039;O Morro dos Ventos Uivantes&#039; - Jornal Fatos e Not\u00edcias<\/title>\n<meta name=\"robots\" content=\"index, follow, max-snippet:-1, max-image-preview:large, max-video-preview:-1\" \/>\n<link rel=\"canonical\" href=\"https:\/\/jornalfatosenoticias.com.br\/index.php\/2021\/12\/16\/emily-bronte-a-melancolica-autora-de-o-morro-dos-ventos-uivantes\/\" \/>\n<meta property=\"og:locale\" content=\"pt_BR\" \/>\n<meta property=\"og:type\" content=\"article\" \/>\n<meta property=\"og:title\" content=\"Emily Bront\u00eb, a melanc\u00f3lica autora de &#039;O Morro dos Ventos Uivantes&#039; - Jornal Fatos e Not\u00edcias\" \/>\n<meta property=\"og:description\" content=\"Com dois de seus trabalhos publicados, a escritora inglesa teve uma vida curta e sequer acompanhou a dimens\u00e3o de sua fama Em meados de 1847, Emily Jane Bront\u00eb publicou uma o livro que se tornaria uma das maiores obras da hist\u00f3ria da literatura. Mal sabia ela que &#8216;O Morro dos Ventos Uivantes&#8217; seria t\u00e3o aclamado, [&hellip;]\" \/>\n<meta property=\"og:url\" content=\"https:\/\/jornalfatosenoticias.com.br\/index.php\/2021\/12\/16\/emily-bronte-a-melancolica-autora-de-o-morro-dos-ventos-uivantes\/\" \/>\n<meta property=\"og:site_name\" content=\"Jornal Fatos e Not\u00edcias\" \/>\n<meta property=\"article:published_time\" content=\"2021-12-16T17:43:59+00:00\" \/>\n<meta property=\"article:modified_time\" content=\"2021-12-16T17:44:03+00:00\" \/>\n<meta property=\"og:image\" content=\"https:\/\/jornalfatosenoticias.com.br\/wp-content\/uploads\/2021\/12\/emily_bronte_capa.jpg\" \/>\n\t<meta property=\"og:image:width\" content=\"1000\" \/>\n\t<meta property=\"og:image:height\" content=\"562\" \/>\n\t<meta property=\"og:image:type\" content=\"image\/jpeg\" \/>\n<meta name=\"author\" content=\"Luzimara Fernandes\" \/>\n<meta name=\"twitter:card\" content=\"summary_large_image\" \/>\n<meta name=\"twitter:label1\" content=\"Escrito por\" \/>\n\t<meta name=\"twitter:data1\" content=\"Luzimara Fernandes\" \/>\n\t<meta name=\"twitter:label2\" content=\"Est. tempo de leitura\" \/>\n\t<meta name=\"twitter:data2\" content=\"4 minutos\" \/>\n<script type=\"application\/ld+json\" class=\"yoast-schema-graph\">{\"@context\":\"https:\/\/schema.org\",\"@graph\":[{\"@type\":\"Article\",\"@id\":\"https:\/\/jornalfatosenoticias.com.br\/index.php\/2021\/12\/16\/emily-bronte-a-melancolica-autora-de-o-morro-dos-ventos-uivantes\/#article\",\"isPartOf\":{\"@id\":\"https:\/\/jornalfatosenoticias.com.br\/index.php\/2021\/12\/16\/emily-bronte-a-melancolica-autora-de-o-morro-dos-ventos-uivantes\/\"},\"author\":{\"name\":\"Luzimara Fernandes\",\"@id\":\"https:\/\/jornalfatosenoticias.com.br\/#\/schema\/person\/d63837fa13ac8666eb9e74e0985d6f81\"},\"headline\":\"Emily Bront\u00eb, a melanc\u00f3lica autora de &#8216;O Morro dos Ventos Uivantes&#8217;\",\"datePublished\":\"2021-12-16T17:43:59+00:00\",\"dateModified\":\"2021-12-16T17:44:03+00:00\",\"mainEntityOfPage\":{\"@id\":\"https:\/\/jornalfatosenoticias.com.br\/index.php\/2021\/12\/16\/emily-bronte-a-melancolica-autora-de-o-morro-dos-ventos-uivantes\/\"},\"wordCount\":735,\"commentCount\":0,\"publisher\":{\"@id\":\"https:\/\/jornalfatosenoticias.com.br\/#organization\"},\"image\":{\"@id\":\"https:\/\/jornalfatosenoticias.com.br\/index.php\/2021\/12\/16\/emily-bronte-a-melancolica-autora-de-o-morro-dos-ventos-uivantes\/#primaryimage\"},\"thumbnailUrl\":\"https:\/\/jornalfatosenoticias.com.br\/wp-content\/uploads\/2021\/12\/emily_bronte_capa.jpg\",\"keywords\":[\"Emily Bront\u00eb\",\"Inglaterra\",\"literatura\",\"livro\",\"O Morro dos Ventos Uivantes\",\"obra\"],\"articleSection\":[\"Cultura\"],\"inLanguage\":\"pt-BR\",\"potentialAction\":[{\"@type\":\"CommentAction\",\"name\":\"Comment\",\"target\":[\"https:\/\/jornalfatosenoticias.com.br\/index.php\/2021\/12\/16\/emily-bronte-a-melancolica-autora-de-o-morro-dos-ventos-uivantes\/#respond\"]}]},{\"@type\":\"WebPage\",\"@id\":\"https:\/\/jornalfatosenoticias.com.br\/index.php\/2021\/12\/16\/emily-bronte-a-melancolica-autora-de-o-morro-dos-ventos-uivantes\/\",\"url\":\"https:\/\/jornalfatosenoticias.com.br\/index.php\/2021\/12\/16\/emily-bronte-a-melancolica-autora-de-o-morro-dos-ventos-uivantes\/\",\"name\":\"Emily Bront\u00eb, a melanc\u00f3lica autora de 'O Morro dos Ventos Uivantes' - Jornal Fatos e Not\u00edcias\",\"isPartOf\":{\"@id\":\"https:\/\/jornalfatosenoticias.com.br\/#website\"},\"primaryImageOfPage\":{\"@id\":\"https:\/\/jornalfatosenoticias.com.br\/index.php\/2021\/12\/16\/emily-bronte-a-melancolica-autora-de-o-morro-dos-ventos-uivantes\/#primaryimage\"},\"image\":{\"@id\":\"https:\/\/jornalfatosenoticias.com.br\/index.php\/2021\/12\/16\/emily-bronte-a-melancolica-autora-de-o-morro-dos-ventos-uivantes\/#primaryimage\"},\"thumbnailUrl\":\"https:\/\/jornalfatosenoticias.com.br\/wp-content\/uploads\/2021\/12\/emily_bronte_capa.jpg\",\"datePublished\":\"2021-12-16T17:43:59+00:00\",\"dateModified\":\"2021-12-16T17:44:03+00:00\",\"breadcrumb\":{\"@id\":\"https:\/\/jornalfatosenoticias.com.br\/index.php\/2021\/12\/16\/emily-bronte-a-melancolica-autora-de-o-morro-dos-ventos-uivantes\/#breadcrumb\"},\"inLanguage\":\"pt-BR\",\"potentialAction\":[{\"@type\":\"ReadAction\",\"target\":[\"https:\/\/jornalfatosenoticias.com.br\/index.php\/2021\/12\/16\/emily-bronte-a-melancolica-autora-de-o-morro-dos-ventos-uivantes\/\"]}]},{\"@type\":\"ImageObject\",\"inLanguage\":\"pt-BR\",\"@id\":\"https:\/\/jornalfatosenoticias.com.br\/index.php\/2021\/12\/16\/emily-bronte-a-melancolica-autora-de-o-morro-dos-ventos-uivantes\/#primaryimage\",\"url\":\"https:\/\/jornalfatosenoticias.com.br\/wp-content\/uploads\/2021\/12\/emily_bronte_capa.jpg\",\"contentUrl\":\"https:\/\/jornalfatosenoticias.com.br\/wp-content\/uploads\/2021\/12\/emily_bronte_capa.jpg\",\"width\":1000,\"height\":562},{\"@type\":\"BreadcrumbList\",\"@id\":\"https:\/\/jornalfatosenoticias.com.br\/index.php\/2021\/12\/16\/emily-bronte-a-melancolica-autora-de-o-morro-dos-ventos-uivantes\/#breadcrumb\",\"itemListElement\":[{\"@type\":\"ListItem\",\"position\":1,\"name\":\"In\u00edcio\",\"item\":\"https:\/\/jornalfatosenoticias.com.br\/\"},{\"@type\":\"ListItem\",\"position\":2,\"name\":\"Emily Bront\u00eb, a melanc\u00f3lica autora de &#8216;O Morro dos Ventos Uivantes&#8217;\"}]},{\"@type\":\"WebSite\",\"@id\":\"https:\/\/jornalfatosenoticias.com.br\/#website\",\"url\":\"https:\/\/jornalfatosenoticias.com.br\/\",\"name\":\"Jornal Fatos e Not\u00edcias\",\"description\":\"Not\u00edcias em geral\",\"publisher\":{\"@id\":\"https:\/\/jornalfatosenoticias.com.br\/#organization\"},\"potentialAction\":[{\"@type\":\"SearchAction\",\"target\":{\"@type\":\"EntryPoint\",\"urlTemplate\":\"https:\/\/jornalfatosenoticias.com.br\/?s={search_term_string}\"},\"query-input\":{\"@type\":\"PropertyValueSpecification\",\"valueRequired\":true,\"valueName\":\"search_term_string\"}}],\"inLanguage\":\"pt-BR\"},{\"@type\":\"Organization\",\"@id\":\"https:\/\/jornalfatosenoticias.com.br\/#organization\",\"name\":\"Jornal Fatos e Not\u00edcias\",\"url\":\"https:\/\/jornalfatosenoticias.com.br\/\",\"logo\":{\"@type\":\"ImageObject\",\"inLanguage\":\"pt-BR\",\"@id\":\"https:\/\/jornalfatosenoticias.com.br\/#\/schema\/logo\/image\/\",\"url\":\"https:\/\/jornalfatosenoticias.com.br\/wp-content\/uploads\/2020\/02\/logo120.png\",\"contentUrl\":\"https:\/\/jornalfatosenoticias.com.br\/wp-content\/uploads\/2020\/02\/logo120.png\",\"width\":1227,\"height\":120,\"caption\":\"Jornal Fatos e Not\u00edcias\"},\"image\":{\"@id\":\"https:\/\/jornalfatosenoticias.com.br\/#\/schema\/logo\/image\/\"}},{\"@type\":\"Person\",\"@id\":\"https:\/\/jornalfatosenoticias.com.br\/#\/schema\/person\/d63837fa13ac8666eb9e74e0985d6f81\",\"name\":\"Luzimara Fernandes\",\"image\":{\"@type\":\"ImageObject\",\"inLanguage\":\"pt-BR\",\"@id\":\"https:\/\/jornalfatosenoticias.com.br\/#\/schema\/person\/image\/\",\"url\":\"https:\/\/jornalfatosenoticias.com.br\/wp-content\/uploads\/2025\/05\/EU_portal.jpg\",\"contentUrl\":\"https:\/\/jornalfatosenoticias.com.br\/wp-content\/uploads\/2025\/05\/EU_portal.jpg\",\"caption\":\"Luzimara Fernandes\"},\"description\":\"Jornalista MTB 2358-ES\",\"sameAs\":[\"https:\/\/jornalfatosenoticias.com.br\"],\"url\":\"https:\/\/jornalfatosenoticias.com.br\/index.php\/author\/luzimara\/\"}]}<\/script>\n<!-- \/ Yoast SEO plugin. -->","yoast_head_json":{"title":"Emily Bront\u00eb, a melanc\u00f3lica autora de 'O Morro dos Ventos Uivantes' - Jornal Fatos e Not\u00edcias","robots":{"index":"index","follow":"follow","max-snippet":"max-snippet:-1","max-image-preview":"max-image-preview:large","max-video-preview":"max-video-preview:-1"},"canonical":"https:\/\/jornalfatosenoticias.com.br\/index.php\/2021\/12\/16\/emily-bronte-a-melancolica-autora-de-o-morro-dos-ventos-uivantes\/","og_locale":"pt_BR","og_type":"article","og_title":"Emily Bront\u00eb, a melanc\u00f3lica autora de 'O Morro dos Ventos Uivantes' - Jornal Fatos e Not\u00edcias","og_description":"Com dois de seus trabalhos publicados, a escritora inglesa teve uma vida curta e sequer acompanhou a dimens\u00e3o de sua fama Em meados de 1847, Emily Jane Bront\u00eb publicou uma o livro que se tornaria uma das maiores obras da hist\u00f3ria da literatura. Mal sabia ela que &#8216;O Morro dos Ventos Uivantes&#8217; seria t\u00e3o aclamado, [&hellip;]","og_url":"https:\/\/jornalfatosenoticias.com.br\/index.php\/2021\/12\/16\/emily-bronte-a-melancolica-autora-de-o-morro-dos-ventos-uivantes\/","og_site_name":"Jornal Fatos e Not\u00edcias","article_published_time":"2021-12-16T17:43:59+00:00","article_modified_time":"2021-12-16T17:44:03+00:00","og_image":[{"width":1000,"height":562,"url":"https:\/\/jornalfatosenoticias.com.br\/wp-content\/uploads\/2021\/12\/emily_bronte_capa.jpg","type":"image\/jpeg"}],"author":"Luzimara Fernandes","twitter_card":"summary_large_image","twitter_misc":{"Escrito por":"Luzimara Fernandes","Est. tempo de leitura":"4 minutos"},"schema":{"@context":"https:\/\/schema.org","@graph":[{"@type":"Article","@id":"https:\/\/jornalfatosenoticias.com.br\/index.php\/2021\/12\/16\/emily-bronte-a-melancolica-autora-de-o-morro-dos-ventos-uivantes\/#article","isPartOf":{"@id":"https:\/\/jornalfatosenoticias.com.br\/index.php\/2021\/12\/16\/emily-bronte-a-melancolica-autora-de-o-morro-dos-ventos-uivantes\/"},"author":{"name":"Luzimara Fernandes","@id":"https:\/\/jornalfatosenoticias.com.br\/#\/schema\/person\/d63837fa13ac8666eb9e74e0985d6f81"},"headline":"Emily Bront\u00eb, a melanc\u00f3lica autora de &#8216;O Morro dos Ventos Uivantes&#8217;","datePublished":"2021-12-16T17:43:59+00:00","dateModified":"2021-12-16T17:44:03+00:00","mainEntityOfPage":{"@id":"https:\/\/jornalfatosenoticias.com.br\/index.php\/2021\/12\/16\/emily-bronte-a-melancolica-autora-de-o-morro-dos-ventos-uivantes\/"},"wordCount":735,"commentCount":0,"publisher":{"@id":"https:\/\/jornalfatosenoticias.com.br\/#organization"},"image":{"@id":"https:\/\/jornalfatosenoticias.com.br\/index.php\/2021\/12\/16\/emily-bronte-a-melancolica-autora-de-o-morro-dos-ventos-uivantes\/#primaryimage"},"thumbnailUrl":"https:\/\/jornalfatosenoticias.com.br\/wp-content\/uploads\/2021\/12\/emily_bronte_capa.jpg","keywords":["Emily Bront\u00eb","Inglaterra","literatura","livro","O Morro dos Ventos Uivantes","obra"],"articleSection":["Cultura"],"inLanguage":"pt-BR","potentialAction":[{"@type":"CommentAction","name":"Comment","target":["https:\/\/jornalfatosenoticias.com.br\/index.php\/2021\/12\/16\/emily-bronte-a-melancolica-autora-de-o-morro-dos-ventos-uivantes\/#respond"]}]},{"@type":"WebPage","@id":"https:\/\/jornalfatosenoticias.com.br\/index.php\/2021\/12\/16\/emily-bronte-a-melancolica-autora-de-o-morro-dos-ventos-uivantes\/","url":"https:\/\/jornalfatosenoticias.com.br\/index.php\/2021\/12\/16\/emily-bronte-a-melancolica-autora-de-o-morro-dos-ventos-uivantes\/","name":"Emily Bront\u00eb, a melanc\u00f3lica autora de 'O Morro dos Ventos Uivantes' - Jornal Fatos e Not\u00edcias","isPartOf":{"@id":"https:\/\/jornalfatosenoticias.com.br\/#website"},"primaryImageOfPage":{"@id":"https:\/\/jornalfatosenoticias.com.br\/index.php\/2021\/12\/16\/emily-bronte-a-melancolica-autora-de-o-morro-dos-ventos-uivantes\/#primaryimage"},"image":{"@id":"https:\/\/jornalfatosenoticias.com.br\/index.php\/2021\/12\/16\/emily-bronte-a-melancolica-autora-de-o-morro-dos-ventos-uivantes\/#primaryimage"},"thumbnailUrl":"https:\/\/jornalfatosenoticias.com.br\/wp-content\/uploads\/2021\/12\/emily_bronte_capa.jpg","datePublished":"2021-12-16T17:43:59+00:00","dateModified":"2021-12-16T17:44:03+00:00","breadcrumb":{"@id":"https:\/\/jornalfatosenoticias.com.br\/index.php\/2021\/12\/16\/emily-bronte-a-melancolica-autora-de-o-morro-dos-ventos-uivantes\/#breadcrumb"},"inLanguage":"pt-BR","potentialAction":[{"@type":"ReadAction","target":["https:\/\/jornalfatosenoticias.com.br\/index.php\/2021\/12\/16\/emily-bronte-a-melancolica-autora-de-o-morro-dos-ventos-uivantes\/"]}]},{"@type":"ImageObject","inLanguage":"pt-BR","@id":"https:\/\/jornalfatosenoticias.com.br\/index.php\/2021\/12\/16\/emily-bronte-a-melancolica-autora-de-o-morro-dos-ventos-uivantes\/#primaryimage","url":"https:\/\/jornalfatosenoticias.com.br\/wp-content\/uploads\/2021\/12\/emily_bronte_capa.jpg","contentUrl":"https:\/\/jornalfatosenoticias.com.br\/wp-content\/uploads\/2021\/12\/emily_bronte_capa.jpg","width":1000,"height":562},{"@type":"BreadcrumbList","@id":"https:\/\/jornalfatosenoticias.com.br\/index.php\/2021\/12\/16\/emily-bronte-a-melancolica-autora-de-o-morro-dos-ventos-uivantes\/#breadcrumb","itemListElement":[{"@type":"ListItem","position":1,"name":"In\u00edcio","item":"https:\/\/jornalfatosenoticias.com.br\/"},{"@type":"ListItem","position":2,"name":"Emily Bront\u00eb, a melanc\u00f3lica autora de &#8216;O Morro dos Ventos Uivantes&#8217;"}]},{"@type":"WebSite","@id":"https:\/\/jornalfatosenoticias.com.br\/#website","url":"https:\/\/jornalfatosenoticias.com.br\/","name":"Jornal Fatos e Not\u00edcias","description":"Not\u00edcias em geral","publisher":{"@id":"https:\/\/jornalfatosenoticias.com.br\/#organization"},"potentialAction":[{"@type":"SearchAction","target":{"@type":"EntryPoint","urlTemplate":"https:\/\/jornalfatosenoticias.com.br\/?s={search_term_string}"},"query-input":{"@type":"PropertyValueSpecification","valueRequired":true,"valueName":"search_term_string"}}],"inLanguage":"pt-BR"},{"@type":"Organization","@id":"https:\/\/jornalfatosenoticias.com.br\/#organization","name":"Jornal Fatos e Not\u00edcias","url":"https:\/\/jornalfatosenoticias.com.br\/","logo":{"@type":"ImageObject","inLanguage":"pt-BR","@id":"https:\/\/jornalfatosenoticias.com.br\/#\/schema\/logo\/image\/","url":"https:\/\/jornalfatosenoticias.com.br\/wp-content\/uploads\/2020\/02\/logo120.png","contentUrl":"https:\/\/jornalfatosenoticias.com.br\/wp-content\/uploads\/2020\/02\/logo120.png","width":1227,"height":120,"caption":"Jornal Fatos e Not\u00edcias"},"image":{"@id":"https:\/\/jornalfatosenoticias.com.br\/#\/schema\/logo\/image\/"}},{"@type":"Person","@id":"https:\/\/jornalfatosenoticias.com.br\/#\/schema\/person\/d63837fa13ac8666eb9e74e0985d6f81","name":"Luzimara Fernandes","image":{"@type":"ImageObject","inLanguage":"pt-BR","@id":"https:\/\/jornalfatosenoticias.com.br\/#\/schema\/person\/image\/","url":"https:\/\/jornalfatosenoticias.com.br\/wp-content\/uploads\/2025\/05\/EU_portal.jpg","contentUrl":"https:\/\/jornalfatosenoticias.com.br\/wp-content\/uploads\/2025\/05\/EU_portal.jpg","caption":"Luzimara Fernandes"},"description":"Jornalista MTB 2358-ES","sameAs":["https:\/\/jornalfatosenoticias.com.br"],"url":"https:\/\/jornalfatosenoticias.com.br\/index.php\/author\/luzimara\/"}]}},"cc_featured_image_caption":{"caption_text":"","source_text":"","source_url":""},"jetpack_featured_media_url":"https:\/\/jornalfatosenoticias.com.br\/wp-content\/uploads\/2021\/12\/emily_bronte_capa.jpg","_links":{"self":[{"href":"https:\/\/jornalfatosenoticias.com.br\/index.php\/wp-json\/wp\/v2\/posts\/26035","targetHints":{"allow":["GET"]}}],"collection":[{"href":"https:\/\/jornalfatosenoticias.com.br\/index.php\/wp-json\/wp\/v2\/posts"}],"about":[{"href":"https:\/\/jornalfatosenoticias.com.br\/index.php\/wp-json\/wp\/v2\/types\/post"}],"author":[{"embeddable":true,"href":"https:\/\/jornalfatosenoticias.com.br\/index.php\/wp-json\/wp\/v2\/users\/2"}],"replies":[{"embeddable":true,"href":"https:\/\/jornalfatosenoticias.com.br\/index.php\/wp-json\/wp\/v2\/comments?post=26035"}],"version-history":[{"count":0,"href":"https:\/\/jornalfatosenoticias.com.br\/index.php\/wp-json\/wp\/v2\/posts\/26035\/revisions"}],"wp:featuredmedia":[{"embeddable":true,"href":"https:\/\/jornalfatosenoticias.com.br\/index.php\/wp-json\/wp\/v2\/media\/26037"}],"wp:attachment":[{"href":"https:\/\/jornalfatosenoticias.com.br\/index.php\/wp-json\/wp\/v2\/media?parent=26035"}],"wp:term":[{"taxonomy":"category","embeddable":true,"href":"https:\/\/jornalfatosenoticias.com.br\/index.php\/wp-json\/wp\/v2\/categories?post=26035"},{"taxonomy":"post_tag","embeddable":true,"href":"https:\/\/jornalfatosenoticias.com.br\/index.php\/wp-json\/wp\/v2\/tags?post=26035"}],"curies":[{"name":"wp","href":"https:\/\/api.w.org\/{rel}","templated":true}]}}