{"id":26039,"date":"2021-12-16T14:51:19","date_gmt":"2021-12-16T17:51:19","guid":{"rendered":"https:\/\/jornalfatosenoticias.com.br\/?p=26039"},"modified":"2021-12-16T14:51:22","modified_gmt":"2021-12-16T17:51:22","slug":"vaga-lumes-em-risco-de-extincao","status":"publish","type":"post","link":"https:\/\/jornalfatosenoticias.com.br\/index.php\/2021\/12\/16\/vaga-lumes-em-risco-de-extincao\/","title":{"rendered":"Vaga-lumes em risco de extin\u00e7\u00e3o"},"content":{"rendered":"\n<p><em><span class=\"has-inline-color has-black-color\">Polui\u00e7\u00e3o luminosa, perda do habitat e pesticidas contribuem para a extin\u00e7\u00e3o do inseto<\/span><\/em><\/p>\n\n\n\n<p>Os vaga-lumes fazem parte do nosso patrim\u00f4nio de biodiversidade. Conhecidos por serem pontinhos brilhantes durante a noite, eles s\u00e3o uma criatura ic\u00f4nica e desempenharam um papel em muitas culturas \u2014 fizeram parte de m\u00fasicas, contos de fadas e afloram a imagina\u00e7\u00e3o das crian\u00e7as. Existem mais de duas mil variedades de vaga-lumes e os cientistas est\u00e3o alertando que algumas delas est\u00e3o \u00e0 beira da extin\u00e7\u00e3o.<br>Essa not\u00edcia n\u00e3o \u00e9 novidade. <a href=\"https:\/\/www.somersetwildlife.org\/sites\/default\/files\/2019-11\/FULL%20AFI%20REPORT%20WEB1_1.pdf\" rel=\"noreferrer noopener\" target=\"_blank\">Estudos anteriores<\/a> j\u00e1 apontavam para um surto de extin\u00e7\u00e3o de insetos, com at\u00e9 41% de esp\u00e9cies de insetos enfrentando s\u00e9rios riscos de desaparecimento. Uma nova pesquisa publicada recentemente na revista BioScience indica que a perda de habitat, polui\u00e7\u00e3o luminosa e pesticidas est\u00e3o amea\u00e7ando a sobreviv\u00eancia dos vaga-lumes. Alguns fatores v\u00eam contribuindo bastante para isso.<\/p>\n\n\n\n<p><strong><span class=\"has-inline-color has-black-color\">Perda do habitat: <\/span><\/strong>\u00e9 a principal culpada por modificar as condi\u00e7\u00f5es ambientais necess\u00e1rias ao desenvolvimento do vaga-lume para seu ciclo de vida. Um exemplo \u00e9 a esp\u00e9cie de <em>Pteroptyx tener,<\/em> origin\u00e1ria na Mal\u00e1sia que, para se reproduzir de forma adequada, precisa de manguezais e plantas espec\u00edficas que v\u00eam sendo substitu\u00eddas por fazendas de aquicultura e planta\u00e7\u00f5es de \u00f3leo de palma.<\/p>\n\n\n\n<p><strong><span class=\"has-inline-color has-black-color\">Polui\u00e7\u00e3o luminosa:<\/span><\/strong> o uso de luz artificial \u00e0 noite \u00e9 a segunda maior amea\u00e7a para eles. Esse tipo de ilumina\u00e7\u00e3o pode ocorrer de maneira direta, com luzes de rua e outdoors, e uma ilumina\u00e7\u00e3o mais difusa que se espalha no c\u00e9u. Essa \u201cpolui\u00e7\u00e3o luminosa\u201d atrapalha os rituais de acasalamento da esp\u00e9cie. Os vaga-lumes machos exibem padr\u00f5es bioluminescentes espec\u00edficos para atrair as f\u00eameas, que em troca devem emitir respostas. Infelizmente, as luzes artificiais podem imitar e, portanto, confundir os sinais. Ou, pior ainda, a polui\u00e7\u00e3o luminosa pode ser muito forte para os vaga-lumes emitirem e reconhecerem adequadamente seus sinais rituais para que o acasalamento seja iniciado ou conclu\u00eddo.<\/p>\n\n\n\n<p><strong><span class=\"has-inline-color has-black-color\">Pesticidas:<\/span><\/strong> t\u00eam sido um fator determinante significativo no decl\u00ednio das popula\u00e7\u00f5es de vaga-lumes. A maioria delas passa por est\u00e1gios larvais, em que ficam enterradas ou debaixo da \u00e1gua por at\u00e9 dois anos enquanto se desenvolvem. \u00c9 nesse per\u00edodo que os insetos est\u00e3o mais vulner\u00e1veis a inseticidas como neonicotin\u00f3ides ou organofosfatos \u2014 que s\u00e3o usados para matar pestes, mas que podem acabar afetando tamb\u00e9m insetos ben\u00e9ficos, incluindo os vaga-lumes. Como resultado, as larvas morrem de fome ou apresentam anomalias de desenvolvimento que impedem o crescimento populacional.<br>A pesquisa tamb\u00e9m identificou algumas esp\u00e9cies que parecem estar especialmente amea\u00e7adas. A <em>Phausis reticulata<\/em>, conhecidos como \u201cfantasma azul\u201d pelo forte brilho colorido que emite, est\u00e1 sob s\u00e9rio risco. As f\u00eameas da esp\u00e9cie n\u00e3o t\u00eam asas e dificilmente conseguem migrar de habitat caso ele seja destru\u00eddo.<\/p>\n\n\n\n<p><strong><span class=\"has-inline-color has-black-color\">Como posso ajudar?<br><\/span><\/strong>Agora que ficou claro quais atitudes est\u00e3o contribuindo para a extin\u00e7\u00e3o dos vaga-lumes, podemos fazer pequenas mudan\u00e7as que ir\u00e3o ajudar a melhorar a situa\u00e7\u00e3o:<\/p>\n\n\n\n<p>\u2013 Evitar o uso de produtos qu\u00edmicos no seu jardim ou horta;<br>\u2013 Deixar vermes, carac\u00f3is e lesmas para as larvas dos vaga-lumes se alimentarem;<br>\u2013 Desligar as luzes;<br>\u2013 Fornecer uma boa cobertura do solo, gram\u00edneas e arbustos para eles se esconderem.<\/p>\n\n\n\n<p>Pode parecer uma luta improv\u00e1vel, mas salvar os vaga-lumes realmente importa \u2014 mesmo que indiretamente. Os habitats dos vagalumes tamb\u00e9m abrigam muitas formas de vida selvagem, incluindo mam\u00edferos, p\u00e1ssaros, r\u00e9pteis, anf\u00edbios e v\u00e1rias esp\u00e9cies de invertebrados e da flora. E para n\u00e3o falar da sua profunda import\u00e2ncia para n\u00f3s. Quanto mais maravilhas perdemos na natureza, menos nos sentimos emocionalmente empenhados em proteg\u00ea-la.<\/p>\n\n\n\n<p><strong><em>Fonte: <a href=\"https:\/\/www.pensamentoverde.com.br\/animais-em-extincao\/vaga-lumes-em-risco-de-extincao\/\">Pensamento Verde<\/a><\/em><\/strong><\/p>\n","protected":false},"excerpt":{"rendered":"<p>Polui\u00e7\u00e3o luminosa, perda do habitat e pesticidas contribuem para a extin\u00e7\u00e3o do inseto Os vaga-lumes fazem parte do nosso patrim\u00f4nio de biodiversidade. Conhecidos por serem pontinhos brilhantes durante a noite, eles s\u00e3o uma criatura ic\u00f4nica e desempenharam um papel em muitas culturas \u2014 fizeram parte de m\u00fasicas, contos de fadas e afloram a imagina\u00e7\u00e3o das [&hellip;]<\/p>\n","protected":false},"author":2,"featured_media":26040,"comment_status":"open","ping_status":"open","sticky":false,"template":"","format":"standard","meta":{"footnotes":""},"categories":[8],"tags":[60,3291,12554,5840,2163],"class_list":["post-26039","post","type-post","status-publish","format-standard","has-post-thumbnail","hentry","category-meio-ambiente","tag-insetos","tag-mariposas","tag-poluicao-luminosa","tag-risco-de-extincao-2","tag-vaga-lumes"],"yoast_head":"<!-- This site is optimized with the Yoast SEO plugin v26.5 - https:\/\/yoast.com\/wordpress\/plugins\/seo\/ -->\n<title>Vaga-lumes em risco de extin\u00e7\u00e3o - Jornal Fatos e Not\u00edcias<\/title>\n<meta name=\"robots\" content=\"index, follow, max-snippet:-1, max-image-preview:large, max-video-preview:-1\" \/>\n<link rel=\"canonical\" href=\"https:\/\/jornalfatosenoticias.com.br\/index.php\/2021\/12\/16\/vaga-lumes-em-risco-de-extincao\/\" \/>\n<meta property=\"og:locale\" content=\"pt_BR\" \/>\n<meta property=\"og:type\" content=\"article\" \/>\n<meta property=\"og:title\" content=\"Vaga-lumes em risco de extin\u00e7\u00e3o - Jornal Fatos e Not\u00edcias\" \/>\n<meta property=\"og:description\" content=\"Polui\u00e7\u00e3o luminosa, perda do habitat e pesticidas contribuem para a extin\u00e7\u00e3o do inseto Os vaga-lumes fazem parte do nosso patrim\u00f4nio de biodiversidade. Conhecidos por serem pontinhos brilhantes durante a noite, eles s\u00e3o uma criatura ic\u00f4nica e desempenharam um papel em muitas culturas \u2014 fizeram parte de m\u00fasicas, contos de fadas e afloram a imagina\u00e7\u00e3o das [&hellip;]\" \/>\n<meta property=\"og:url\" content=\"https:\/\/jornalfatosenoticias.com.br\/index.php\/2021\/12\/16\/vaga-lumes-em-risco-de-extincao\/\" \/>\n<meta property=\"og:site_name\" content=\"Jornal Fatos e Not\u00edcias\" \/>\n<meta property=\"article:published_time\" content=\"2021-12-16T17:51:19+00:00\" \/>\n<meta property=\"article:modified_time\" content=\"2021-12-16T17:51:22+00:00\" \/>\n<meta property=\"og:image\" content=\"https:\/\/jornalfatosenoticias.com.br\/wp-content\/uploads\/2021\/12\/vaga-lumes-em-risco-de-extincao.jpg\" \/>\n\t<meta property=\"og:image:width\" content=\"1000\" \/>\n\t<meta property=\"og:image:height\" content=\"625\" \/>\n\t<meta property=\"og:image:type\" content=\"image\/jpeg\" \/>\n<meta name=\"author\" content=\"Luzimara Fernandes\" \/>\n<meta name=\"twitter:card\" content=\"summary_large_image\" \/>\n<meta name=\"twitter:label1\" content=\"Escrito por\" \/>\n\t<meta name=\"twitter:data1\" content=\"Luzimara Fernandes\" \/>\n\t<meta name=\"twitter:label2\" content=\"Est. tempo de leitura\" \/>\n\t<meta name=\"twitter:data2\" content=\"3 minutos\" \/>\n<script type=\"application\/ld+json\" class=\"yoast-schema-graph\">{\"@context\":\"https:\/\/schema.org\",\"@graph\":[{\"@type\":\"Article\",\"@id\":\"https:\/\/jornalfatosenoticias.com.br\/index.php\/2021\/12\/16\/vaga-lumes-em-risco-de-extincao\/#article\",\"isPartOf\":{\"@id\":\"https:\/\/jornalfatosenoticias.com.br\/index.php\/2021\/12\/16\/vaga-lumes-em-risco-de-extincao\/\"},\"author\":{\"name\":\"Luzimara Fernandes\",\"@id\":\"https:\/\/jornalfatosenoticias.com.br\/#\/schema\/person\/d63837fa13ac8666eb9e74e0985d6f81\"},\"headline\":\"Vaga-lumes em risco de extin\u00e7\u00e3o\",\"datePublished\":\"2021-12-16T17:51:19+00:00\",\"dateModified\":\"2021-12-16T17:51:22+00:00\",\"mainEntityOfPage\":{\"@id\":\"https:\/\/jornalfatosenoticias.com.br\/index.php\/2021\/12\/16\/vaga-lumes-em-risco-de-extincao\/\"},\"wordCount\":641,\"commentCount\":0,\"publisher\":{\"@id\":\"https:\/\/jornalfatosenoticias.com.br\/#organization\"},\"image\":{\"@id\":\"https:\/\/jornalfatosenoticias.com.br\/index.php\/2021\/12\/16\/vaga-lumes-em-risco-de-extincao\/#primaryimage\"},\"thumbnailUrl\":\"https:\/\/jornalfatosenoticias.com.br\/wp-content\/uploads\/2021\/12\/vaga-lumes-em-risco-de-extincao.jpg\",\"keywords\":[\"insetos\",\"mariposas\",\"polui\u00e7\u00e3o luminosa\",\"risco de extin\u00e7\u00e3o\",\"vaga-lumes\"],\"articleSection\":[\"Meio ambiente\"],\"inLanguage\":\"pt-BR\",\"potentialAction\":[{\"@type\":\"CommentAction\",\"name\":\"Comment\",\"target\":[\"https:\/\/jornalfatosenoticias.com.br\/index.php\/2021\/12\/16\/vaga-lumes-em-risco-de-extincao\/#respond\"]}]},{\"@type\":\"WebPage\",\"@id\":\"https:\/\/jornalfatosenoticias.com.br\/index.php\/2021\/12\/16\/vaga-lumes-em-risco-de-extincao\/\",\"url\":\"https:\/\/jornalfatosenoticias.com.br\/index.php\/2021\/12\/16\/vaga-lumes-em-risco-de-extincao\/\",\"name\":\"Vaga-lumes em risco de extin\u00e7\u00e3o - Jornal Fatos e Not\u00edcias\",\"isPartOf\":{\"@id\":\"https:\/\/jornalfatosenoticias.com.br\/#website\"},\"primaryImageOfPage\":{\"@id\":\"https:\/\/jornalfatosenoticias.com.br\/index.php\/2021\/12\/16\/vaga-lumes-em-risco-de-extincao\/#primaryimage\"},\"image\":{\"@id\":\"https:\/\/jornalfatosenoticias.com.br\/index.php\/2021\/12\/16\/vaga-lumes-em-risco-de-extincao\/#primaryimage\"},\"thumbnailUrl\":\"https:\/\/jornalfatosenoticias.com.br\/wp-content\/uploads\/2021\/12\/vaga-lumes-em-risco-de-extincao.jpg\",\"datePublished\":\"2021-12-16T17:51:19+00:00\",\"dateModified\":\"2021-12-16T17:51:22+00:00\",\"breadcrumb\":{\"@id\":\"https:\/\/jornalfatosenoticias.com.br\/index.php\/2021\/12\/16\/vaga-lumes-em-risco-de-extincao\/#breadcrumb\"},\"inLanguage\":\"pt-BR\",\"potentialAction\":[{\"@type\":\"ReadAction\",\"target\":[\"https:\/\/jornalfatosenoticias.com.br\/index.php\/2021\/12\/16\/vaga-lumes-em-risco-de-extincao\/\"]}]},{\"@type\":\"ImageObject\",\"inLanguage\":\"pt-BR\",\"@id\":\"https:\/\/jornalfatosenoticias.com.br\/index.php\/2021\/12\/16\/vaga-lumes-em-risco-de-extincao\/#primaryimage\",\"url\":\"https:\/\/jornalfatosenoticias.com.br\/wp-content\/uploads\/2021\/12\/vaga-lumes-em-risco-de-extincao.jpg\",\"contentUrl\":\"https:\/\/jornalfatosenoticias.com.br\/wp-content\/uploads\/2021\/12\/vaga-lumes-em-risco-de-extincao.jpg\",\"width\":1000,\"height\":625},{\"@type\":\"BreadcrumbList\",\"@id\":\"https:\/\/jornalfatosenoticias.com.br\/index.php\/2021\/12\/16\/vaga-lumes-em-risco-de-extincao\/#breadcrumb\",\"itemListElement\":[{\"@type\":\"ListItem\",\"position\":1,\"name\":\"In\u00edcio\",\"item\":\"https:\/\/jornalfatosenoticias.com.br\/\"},{\"@type\":\"ListItem\",\"position\":2,\"name\":\"Vaga-lumes em risco de extin\u00e7\u00e3o\"}]},{\"@type\":\"WebSite\",\"@id\":\"https:\/\/jornalfatosenoticias.com.br\/#website\",\"url\":\"https:\/\/jornalfatosenoticias.com.br\/\",\"name\":\"Jornal Fatos e Not\u00edcias\",\"description\":\"Not\u00edcias em geral\",\"publisher\":{\"@id\":\"https:\/\/jornalfatosenoticias.com.br\/#organization\"},\"potentialAction\":[{\"@type\":\"SearchAction\",\"target\":{\"@type\":\"EntryPoint\",\"urlTemplate\":\"https:\/\/jornalfatosenoticias.com.br\/?s={search_term_string}\"},\"query-input\":{\"@type\":\"PropertyValueSpecification\",\"valueRequired\":true,\"valueName\":\"search_term_string\"}}],\"inLanguage\":\"pt-BR\"},{\"@type\":\"Organization\",\"@id\":\"https:\/\/jornalfatosenoticias.com.br\/#organization\",\"name\":\"Jornal Fatos e Not\u00edcias\",\"url\":\"https:\/\/jornalfatosenoticias.com.br\/\",\"logo\":{\"@type\":\"ImageObject\",\"inLanguage\":\"pt-BR\",\"@id\":\"https:\/\/jornalfatosenoticias.com.br\/#\/schema\/logo\/image\/\",\"url\":\"https:\/\/jornalfatosenoticias.com.br\/wp-content\/uploads\/2020\/02\/logo120.png\",\"contentUrl\":\"https:\/\/jornalfatosenoticias.com.br\/wp-content\/uploads\/2020\/02\/logo120.png\",\"width\":1227,\"height\":120,\"caption\":\"Jornal Fatos e Not\u00edcias\"},\"image\":{\"@id\":\"https:\/\/jornalfatosenoticias.com.br\/#\/schema\/logo\/image\/\"}},{\"@type\":\"Person\",\"@id\":\"https:\/\/jornalfatosenoticias.com.br\/#\/schema\/person\/d63837fa13ac8666eb9e74e0985d6f81\",\"name\":\"Luzimara Fernandes\",\"image\":{\"@type\":\"ImageObject\",\"inLanguage\":\"pt-BR\",\"@id\":\"https:\/\/jornalfatosenoticias.com.br\/#\/schema\/person\/image\/\",\"url\":\"https:\/\/jornalfatosenoticias.com.br\/wp-content\/uploads\/2025\/05\/EU_portal.jpg\",\"contentUrl\":\"https:\/\/jornalfatosenoticias.com.br\/wp-content\/uploads\/2025\/05\/EU_portal.jpg\",\"caption\":\"Luzimara Fernandes\"},\"description\":\"Jornalista MTB 2358-ES\",\"sameAs\":[\"https:\/\/jornalfatosenoticias.com.br\"],\"url\":\"https:\/\/jornalfatosenoticias.com.br\/index.php\/author\/luzimara\/\"}]}<\/script>\n<!-- \/ Yoast SEO plugin. -->","yoast_head_json":{"title":"Vaga-lumes em risco de extin\u00e7\u00e3o - Jornal Fatos e Not\u00edcias","robots":{"index":"index","follow":"follow","max-snippet":"max-snippet:-1","max-image-preview":"max-image-preview:large","max-video-preview":"max-video-preview:-1"},"canonical":"https:\/\/jornalfatosenoticias.com.br\/index.php\/2021\/12\/16\/vaga-lumes-em-risco-de-extincao\/","og_locale":"pt_BR","og_type":"article","og_title":"Vaga-lumes em risco de extin\u00e7\u00e3o - Jornal Fatos e Not\u00edcias","og_description":"Polui\u00e7\u00e3o luminosa, perda do habitat e pesticidas contribuem para a extin\u00e7\u00e3o do inseto Os vaga-lumes fazem parte do nosso patrim\u00f4nio de biodiversidade. Conhecidos por serem pontinhos brilhantes durante a noite, eles s\u00e3o uma criatura ic\u00f4nica e desempenharam um papel em muitas culturas \u2014 fizeram parte de m\u00fasicas, contos de fadas e afloram a imagina\u00e7\u00e3o das [&hellip;]","og_url":"https:\/\/jornalfatosenoticias.com.br\/index.php\/2021\/12\/16\/vaga-lumes-em-risco-de-extincao\/","og_site_name":"Jornal Fatos e Not\u00edcias","article_published_time":"2021-12-16T17:51:19+00:00","article_modified_time":"2021-12-16T17:51:22+00:00","og_image":[{"width":1000,"height":625,"url":"https:\/\/jornalfatosenoticias.com.br\/wp-content\/uploads\/2021\/12\/vaga-lumes-em-risco-de-extincao.jpg","type":"image\/jpeg"}],"author":"Luzimara Fernandes","twitter_card":"summary_large_image","twitter_misc":{"Escrito por":"Luzimara Fernandes","Est. tempo de leitura":"3 minutos"},"schema":{"@context":"https:\/\/schema.org","@graph":[{"@type":"Article","@id":"https:\/\/jornalfatosenoticias.com.br\/index.php\/2021\/12\/16\/vaga-lumes-em-risco-de-extincao\/#article","isPartOf":{"@id":"https:\/\/jornalfatosenoticias.com.br\/index.php\/2021\/12\/16\/vaga-lumes-em-risco-de-extincao\/"},"author":{"name":"Luzimara Fernandes","@id":"https:\/\/jornalfatosenoticias.com.br\/#\/schema\/person\/d63837fa13ac8666eb9e74e0985d6f81"},"headline":"Vaga-lumes em risco de extin\u00e7\u00e3o","datePublished":"2021-12-16T17:51:19+00:00","dateModified":"2021-12-16T17:51:22+00:00","mainEntityOfPage":{"@id":"https:\/\/jornalfatosenoticias.com.br\/index.php\/2021\/12\/16\/vaga-lumes-em-risco-de-extincao\/"},"wordCount":641,"commentCount":0,"publisher":{"@id":"https:\/\/jornalfatosenoticias.com.br\/#organization"},"image":{"@id":"https:\/\/jornalfatosenoticias.com.br\/index.php\/2021\/12\/16\/vaga-lumes-em-risco-de-extincao\/#primaryimage"},"thumbnailUrl":"https:\/\/jornalfatosenoticias.com.br\/wp-content\/uploads\/2021\/12\/vaga-lumes-em-risco-de-extincao.jpg","keywords":["insetos","mariposas","polui\u00e7\u00e3o luminosa","risco de extin\u00e7\u00e3o","vaga-lumes"],"articleSection":["Meio ambiente"],"inLanguage":"pt-BR","potentialAction":[{"@type":"CommentAction","name":"Comment","target":["https:\/\/jornalfatosenoticias.com.br\/index.php\/2021\/12\/16\/vaga-lumes-em-risco-de-extincao\/#respond"]}]},{"@type":"WebPage","@id":"https:\/\/jornalfatosenoticias.com.br\/index.php\/2021\/12\/16\/vaga-lumes-em-risco-de-extincao\/","url":"https:\/\/jornalfatosenoticias.com.br\/index.php\/2021\/12\/16\/vaga-lumes-em-risco-de-extincao\/","name":"Vaga-lumes em risco de extin\u00e7\u00e3o - Jornal Fatos e Not\u00edcias","isPartOf":{"@id":"https:\/\/jornalfatosenoticias.com.br\/#website"},"primaryImageOfPage":{"@id":"https:\/\/jornalfatosenoticias.com.br\/index.php\/2021\/12\/16\/vaga-lumes-em-risco-de-extincao\/#primaryimage"},"image":{"@id":"https:\/\/jornalfatosenoticias.com.br\/index.php\/2021\/12\/16\/vaga-lumes-em-risco-de-extincao\/#primaryimage"},"thumbnailUrl":"https:\/\/jornalfatosenoticias.com.br\/wp-content\/uploads\/2021\/12\/vaga-lumes-em-risco-de-extincao.jpg","datePublished":"2021-12-16T17:51:19+00:00","dateModified":"2021-12-16T17:51:22+00:00","breadcrumb":{"@id":"https:\/\/jornalfatosenoticias.com.br\/index.php\/2021\/12\/16\/vaga-lumes-em-risco-de-extincao\/#breadcrumb"},"inLanguage":"pt-BR","potentialAction":[{"@type":"ReadAction","target":["https:\/\/jornalfatosenoticias.com.br\/index.php\/2021\/12\/16\/vaga-lumes-em-risco-de-extincao\/"]}]},{"@type":"ImageObject","inLanguage":"pt-BR","@id":"https:\/\/jornalfatosenoticias.com.br\/index.php\/2021\/12\/16\/vaga-lumes-em-risco-de-extincao\/#primaryimage","url":"https:\/\/jornalfatosenoticias.com.br\/wp-content\/uploads\/2021\/12\/vaga-lumes-em-risco-de-extincao.jpg","contentUrl":"https:\/\/jornalfatosenoticias.com.br\/wp-content\/uploads\/2021\/12\/vaga-lumes-em-risco-de-extincao.jpg","width":1000,"height":625},{"@type":"BreadcrumbList","@id":"https:\/\/jornalfatosenoticias.com.br\/index.php\/2021\/12\/16\/vaga-lumes-em-risco-de-extincao\/#breadcrumb","itemListElement":[{"@type":"ListItem","position":1,"name":"In\u00edcio","item":"https:\/\/jornalfatosenoticias.com.br\/"},{"@type":"ListItem","position":2,"name":"Vaga-lumes em risco de extin\u00e7\u00e3o"}]},{"@type":"WebSite","@id":"https:\/\/jornalfatosenoticias.com.br\/#website","url":"https:\/\/jornalfatosenoticias.com.br\/","name":"Jornal Fatos e Not\u00edcias","description":"Not\u00edcias em geral","publisher":{"@id":"https:\/\/jornalfatosenoticias.com.br\/#organization"},"potentialAction":[{"@type":"SearchAction","target":{"@type":"EntryPoint","urlTemplate":"https:\/\/jornalfatosenoticias.com.br\/?s={search_term_string}"},"query-input":{"@type":"PropertyValueSpecification","valueRequired":true,"valueName":"search_term_string"}}],"inLanguage":"pt-BR"},{"@type":"Organization","@id":"https:\/\/jornalfatosenoticias.com.br\/#organization","name":"Jornal Fatos e Not\u00edcias","url":"https:\/\/jornalfatosenoticias.com.br\/","logo":{"@type":"ImageObject","inLanguage":"pt-BR","@id":"https:\/\/jornalfatosenoticias.com.br\/#\/schema\/logo\/image\/","url":"https:\/\/jornalfatosenoticias.com.br\/wp-content\/uploads\/2020\/02\/logo120.png","contentUrl":"https:\/\/jornalfatosenoticias.com.br\/wp-content\/uploads\/2020\/02\/logo120.png","width":1227,"height":120,"caption":"Jornal Fatos e Not\u00edcias"},"image":{"@id":"https:\/\/jornalfatosenoticias.com.br\/#\/schema\/logo\/image\/"}},{"@type":"Person","@id":"https:\/\/jornalfatosenoticias.com.br\/#\/schema\/person\/d63837fa13ac8666eb9e74e0985d6f81","name":"Luzimara Fernandes","image":{"@type":"ImageObject","inLanguage":"pt-BR","@id":"https:\/\/jornalfatosenoticias.com.br\/#\/schema\/person\/image\/","url":"https:\/\/jornalfatosenoticias.com.br\/wp-content\/uploads\/2025\/05\/EU_portal.jpg","contentUrl":"https:\/\/jornalfatosenoticias.com.br\/wp-content\/uploads\/2025\/05\/EU_portal.jpg","caption":"Luzimara Fernandes"},"description":"Jornalista MTB 2358-ES","sameAs":["https:\/\/jornalfatosenoticias.com.br"],"url":"https:\/\/jornalfatosenoticias.com.br\/index.php\/author\/luzimara\/"}]}},"cc_featured_image_caption":{"caption_text":"(Foto: iStock) \r\n","source_text":"","source_url":""},"jetpack_featured_media_url":"https:\/\/jornalfatosenoticias.com.br\/wp-content\/uploads\/2021\/12\/vaga-lumes-em-risco-de-extincao.jpg","_links":{"self":[{"href":"https:\/\/jornalfatosenoticias.com.br\/index.php\/wp-json\/wp\/v2\/posts\/26039","targetHints":{"allow":["GET"]}}],"collection":[{"href":"https:\/\/jornalfatosenoticias.com.br\/index.php\/wp-json\/wp\/v2\/posts"}],"about":[{"href":"https:\/\/jornalfatosenoticias.com.br\/index.php\/wp-json\/wp\/v2\/types\/post"}],"author":[{"embeddable":true,"href":"https:\/\/jornalfatosenoticias.com.br\/index.php\/wp-json\/wp\/v2\/users\/2"}],"replies":[{"embeddable":true,"href":"https:\/\/jornalfatosenoticias.com.br\/index.php\/wp-json\/wp\/v2\/comments?post=26039"}],"version-history":[{"count":0,"href":"https:\/\/jornalfatosenoticias.com.br\/index.php\/wp-json\/wp\/v2\/posts\/26039\/revisions"}],"wp:featuredmedia":[{"embeddable":true,"href":"https:\/\/jornalfatosenoticias.com.br\/index.php\/wp-json\/wp\/v2\/media\/26040"}],"wp:attachment":[{"href":"https:\/\/jornalfatosenoticias.com.br\/index.php\/wp-json\/wp\/v2\/media?parent=26039"}],"wp:term":[{"taxonomy":"category","embeddable":true,"href":"https:\/\/jornalfatosenoticias.com.br\/index.php\/wp-json\/wp\/v2\/categories?post=26039"},{"taxonomy":"post_tag","embeddable":true,"href":"https:\/\/jornalfatosenoticias.com.br\/index.php\/wp-json\/wp\/v2\/tags?post=26039"}],"curies":[{"name":"wp","href":"https:\/\/api.w.org\/{rel}","templated":true}]}}