{"id":26046,"date":"2021-12-16T15:02:48","date_gmt":"2021-12-16T18:02:48","guid":{"rendered":"https:\/\/jornalfatosenoticias.com.br\/?p=26046"},"modified":"2021-12-16T15:02:50","modified_gmt":"2021-12-16T18:02:50","slug":"singular-e-futurista-aviao-passaro-e-apresentado-na-africa-do-sul","status":"publish","type":"post","link":"https:\/\/jornalfatosenoticias.com.br\/index.php\/2021\/12\/16\/singular-e-futurista-aviao-passaro-e-apresentado-na-africa-do-sul\/","title":{"rendered":"Singular e futurista: &#8216;avi\u00e3o-p\u00e1ssaro&#8217; \u00e9 apresentado na \u00c1frica do Sul"},"content":{"rendered":"\n<p><em><span class=\"has-inline-color has-black-color\">A empresa africana Phractyl apresentou um &#8220;avi\u00e3o-p\u00e1ssaro&#8221;, dotado de &#8220;patas&#8221; com esteiras e uma cabine e asas inclinadas, prometendo um voo de pouso e decolagem quase vertical<\/span><\/em><\/p>\n\n\n\n<p>A companhia sul-africana de aeronaves el\u00e9tricas resolveu investir em um conceito diferente de tudo j\u00e1 visto, e criou o Macrobat, uma aeronave de <a href=\"https:\/\/br.sputniknews.com\/20210409\/aviao-militar-da-turquia-cai-no-mar-egeu-pilotos-conseguem-se-salvar-17296537.html\" target=\"_blank\" rel=\"noreferrer noopener\">decolagem e pouso quase vertical<\/a> ou NVTOL, como tamb\u00e9m \u00e9 conhecida.<br>O projeto inicial conta com apenas um lugar, podendo alcan\u00e7ar at\u00e9 150 quil\u00f4metros transportando uma <strong>carga \u00fatil m\u00e1xima de 150 quilos,<\/strong> com uma velocidade de at\u00e9 180 quil\u00f4metros por hora. <\/p>\n\n\n\n<figure class=\"wp-block-embed-twitter wp-block-embed is-type-rich is-provider-twitter\"><div class=\"wp-block-embed__wrapper\">\n<blockquote class=\"twitter-tweet\" data-width=\"550\" data-dnt=\"true\"><p lang=\"en\" dir=\"ltr\">IMAGES: A birdoplane(flying taxi), an African concept by South African startup Phractyl. <br><br>It&#39;s an all-electric Macrobat birdoplane with tracked feet, bird legs, a tilting cabin and tilting wings.<br><br>The aircraft can take off and land vertically without needing runways or helipads. <a href=\"https:\/\/t.co\/MQmy64q5Ws\">pic.twitter.com\/MQmy64q5Ws<\/a><\/p>&mdash; Facts East Africa (@east_facts) <a href=\"https:\/\/twitter.com\/east_facts\/status\/1470326499182092292?ref_src=twsrc%5Etfw\">December 13, 2021<\/a><\/blockquote><script async src=\"https:\/\/platform.twitter.com\/widgets.js\" charset=\"utf-8\"><\/script>\n<\/div><figcaption><em><span class=\"has-inline-color has-black-color\">Imagens: um avi\u00e3o-p\u00e1ssaro (t\u00e1xi a\u00e9reo), um conceito africano da startup sul-africana Phractyl. Esse \u00e9 um avi\u00e3o-p\u00e1ssaro el\u00e9trico Macrobat com patas, pernas de p\u00e1ssaro, uma cabine e asas basculantes. A aeronave pode decolar e pousar verticalmente sem precisar de pistas ou helipontos<\/span><\/em><\/figcaption><\/figure>\n\n\n\n<p><a href=\"https:\/\/robbreport.com\/motors\/aviation\/bird-like-evtol-land-uneven-surfaces-1234653368\/\" target=\"_blank\" rel=\"noreferrer noopener\">De acordo<\/a> com o portal Robb Report, a aeronave poder\u00e1 ser operada por um piloto a bordo, ou <strong>remotamente como um drone.<\/strong><br>Durante a decolagem, tanto o corpo quanto as\u00a0<a href=\"https:\/\/br.sputniknews.com\/20210922\/aviao-an-26-com-6-pessoas-a-bordo-desaparece-do-radar-na-russia-18045585.html\" target=\"_blank\" rel=\"noreferrer noopener\">asas s\u00e3o inclinadas para tr\u00e1s<\/a>, permitindo que o Macrobat realize a decolagem quase vertical. Ap\u00f3s a decolagem, as patas s\u00e3o recolhidas. Segundo a empresa, o <strong>equipamento foi desenvolvido<\/strong>\u00a0para enfrentar os desafios de transporte mais cr\u00edticos da \u00c1frica, incluindo a mobilidade de pessoas e cargas para\u00a0<a href=\"https:\/\/br.sputniknews.com\/20210702\/eua-apresentam-novo-aviao-de-ataque-do-comando-de-operacoes-especiais-foto-17728362.html\" target=\"_blank\" rel=\"noreferrer noopener\">\u00e1reas de dif\u00edcil acesso<\/a>.<\/p>\n\n\n\n<p><strong><em>Fonte: <a href=\"https:\/\/br.sputniknews.com\/20211214\/singular-e-futurista-aviao-passaro-e-apresentado-na-africa-do-sul-fotos-20685701.html\">Sputnik News Brasil<\/a><\/em><\/strong><\/p>\n","protected":false},"excerpt":{"rendered":"<p>A empresa africana Phractyl apresentou um &#8220;avi\u00e3o-p\u00e1ssaro&#8221;, dotado de &#8220;patas&#8221; com esteiras e uma cabine e asas inclinadas, prometendo um voo de pouso e decolagem quase vertical A companhia sul-africana de aeronaves el\u00e9tricas resolveu investir em um conceito diferente de tudo j\u00e1 visto, e criou o Macrobat, uma aeronave de decolagem e pouso quase vertical [&hellip;]<\/p>\n","protected":false},"author":2,"featured_media":26047,"comment_status":"open","ping_status":"open","sticky":false,"template":"","format":"standard","meta":{"footnotes":""},"categories":[3],"tags":[2428,681,2752,12555,4977,12556],"class_list":["post-26046","post","type-post","status-publish","format-standard","has-post-thumbnail","hentry","category-tecnologia","tag-aeronave","tag-africa-do-sul","tag-aviao","tag-aviao-passaro","tag-drone","tag-veiculo-aereo-nao-tripulado"],"yoast_head":"<!-- This site is optimized with the Yoast SEO plugin v26.5 - https:\/\/yoast.com\/wordpress\/plugins\/seo\/ -->\n<title>Singular e futurista: &#039;avi\u00e3o-p\u00e1ssaro&#039; \u00e9 apresentado na \u00c1frica do Sul - Jornal Fatos e Not\u00edcias<\/title>\n<meta name=\"robots\" content=\"index, follow, max-snippet:-1, max-image-preview:large, max-video-preview:-1\" \/>\n<link rel=\"canonical\" href=\"https:\/\/jornalfatosenoticias.com.br\/index.php\/2021\/12\/16\/singular-e-futurista-aviao-passaro-e-apresentado-na-africa-do-sul\/\" \/>\n<meta property=\"og:locale\" content=\"pt_BR\" \/>\n<meta property=\"og:type\" content=\"article\" \/>\n<meta property=\"og:title\" content=\"Singular e futurista: &#039;avi\u00e3o-p\u00e1ssaro&#039; \u00e9 apresentado na \u00c1frica do Sul - Jornal Fatos e Not\u00edcias\" \/>\n<meta property=\"og:description\" content=\"A empresa africana Phractyl apresentou um &#8220;avi\u00e3o-p\u00e1ssaro&#8221;, dotado de &#8220;patas&#8221; com esteiras e uma cabine e asas inclinadas, prometendo um voo de pouso e decolagem quase vertical A companhia sul-africana de aeronaves el\u00e9tricas resolveu investir em um conceito diferente de tudo j\u00e1 visto, e criou o Macrobat, uma aeronave de decolagem e pouso quase vertical [&hellip;]\" \/>\n<meta property=\"og:url\" content=\"https:\/\/jornalfatosenoticias.com.br\/index.php\/2021\/12\/16\/singular-e-futurista-aviao-passaro-e-apresentado-na-africa-do-sul\/\" \/>\n<meta property=\"og:site_name\" content=\"Jornal Fatos e Not\u00edcias\" \/>\n<meta property=\"article:published_time\" content=\"2021-12-16T18:02:48+00:00\" \/>\n<meta property=\"article:modified_time\" content=\"2021-12-16T18:02:50+00:00\" \/>\n<meta property=\"og:image\" content=\"https:\/\/jornalfatosenoticias.com.br\/wp-content\/uploads\/2021\/12\/aviao-passaro.jpg\" \/>\n\t<meta property=\"og:image:width\" content=\"1000\" \/>\n\t<meta property=\"og:image:height\" content=\"562\" \/>\n\t<meta property=\"og:image:type\" content=\"image\/jpeg\" \/>\n<meta name=\"author\" content=\"Luzimara Fernandes\" \/>\n<meta name=\"twitter:card\" content=\"summary_large_image\" \/>\n<meta name=\"twitter:label1\" content=\"Escrito por\" \/>\n\t<meta name=\"twitter:data1\" content=\"Luzimara Fernandes\" \/>\n\t<meta name=\"twitter:label2\" content=\"Est. tempo de leitura\" \/>\n\t<meta name=\"twitter:data2\" content=\"1 minuto\" \/>\n<script type=\"application\/ld+json\" class=\"yoast-schema-graph\">{\"@context\":\"https:\/\/schema.org\",\"@graph\":[{\"@type\":\"Article\",\"@id\":\"https:\/\/jornalfatosenoticias.com.br\/index.php\/2021\/12\/16\/singular-e-futurista-aviao-passaro-e-apresentado-na-africa-do-sul\/#article\",\"isPartOf\":{\"@id\":\"https:\/\/jornalfatosenoticias.com.br\/index.php\/2021\/12\/16\/singular-e-futurista-aviao-passaro-e-apresentado-na-africa-do-sul\/\"},\"author\":{\"name\":\"Luzimara Fernandes\",\"@id\":\"https:\/\/jornalfatosenoticias.com.br\/#\/schema\/person\/d63837fa13ac8666eb9e74e0985d6f81\"},\"headline\":\"Singular e futurista: &#8216;avi\u00e3o-p\u00e1ssaro&#8217; \u00e9 apresentado na \u00c1frica do Sul\",\"datePublished\":\"2021-12-16T18:02:48+00:00\",\"dateModified\":\"2021-12-16T18:02:50+00:00\",\"mainEntityOfPage\":{\"@id\":\"https:\/\/jornalfatosenoticias.com.br\/index.php\/2021\/12\/16\/singular-e-futurista-aviao-passaro-e-apresentado-na-africa-do-sul\/\"},\"wordCount\":274,\"commentCount\":0,\"publisher\":{\"@id\":\"https:\/\/jornalfatosenoticias.com.br\/#organization\"},\"image\":{\"@id\":\"https:\/\/jornalfatosenoticias.com.br\/index.php\/2021\/12\/16\/singular-e-futurista-aviao-passaro-e-apresentado-na-africa-do-sul\/#primaryimage\"},\"thumbnailUrl\":\"https:\/\/jornalfatosenoticias.com.br\/wp-content\/uploads\/2021\/12\/aviao-passaro.jpg\",\"keywords\":[\"aeronave\",\"\u00c1frica do Sul\",\"avi\u00e3o\",\"avi\u00e3o-p\u00e1ssaro\",\"drone\",\"ve\u00edculo a\u00e9reo n\u00e3o tripulado\"],\"articleSection\":[\"Tecnologia &amp; Inova\u00e7\u00e3o\"],\"inLanguage\":\"pt-BR\",\"potentialAction\":[{\"@type\":\"CommentAction\",\"name\":\"Comment\",\"target\":[\"https:\/\/jornalfatosenoticias.com.br\/index.php\/2021\/12\/16\/singular-e-futurista-aviao-passaro-e-apresentado-na-africa-do-sul\/#respond\"]}]},{\"@type\":\"WebPage\",\"@id\":\"https:\/\/jornalfatosenoticias.com.br\/index.php\/2021\/12\/16\/singular-e-futurista-aviao-passaro-e-apresentado-na-africa-do-sul\/\",\"url\":\"https:\/\/jornalfatosenoticias.com.br\/index.php\/2021\/12\/16\/singular-e-futurista-aviao-passaro-e-apresentado-na-africa-do-sul\/\",\"name\":\"Singular e futurista: 'avi\u00e3o-p\u00e1ssaro' \u00e9 apresentado na \u00c1frica do Sul - Jornal Fatos e Not\u00edcias\",\"isPartOf\":{\"@id\":\"https:\/\/jornalfatosenoticias.com.br\/#website\"},\"primaryImageOfPage\":{\"@id\":\"https:\/\/jornalfatosenoticias.com.br\/index.php\/2021\/12\/16\/singular-e-futurista-aviao-passaro-e-apresentado-na-africa-do-sul\/#primaryimage\"},\"image\":{\"@id\":\"https:\/\/jornalfatosenoticias.com.br\/index.php\/2021\/12\/16\/singular-e-futurista-aviao-passaro-e-apresentado-na-africa-do-sul\/#primaryimage\"},\"thumbnailUrl\":\"https:\/\/jornalfatosenoticias.com.br\/wp-content\/uploads\/2021\/12\/aviao-passaro.jpg\",\"datePublished\":\"2021-12-16T18:02:48+00:00\",\"dateModified\":\"2021-12-16T18:02:50+00:00\",\"breadcrumb\":{\"@id\":\"https:\/\/jornalfatosenoticias.com.br\/index.php\/2021\/12\/16\/singular-e-futurista-aviao-passaro-e-apresentado-na-africa-do-sul\/#breadcrumb\"},\"inLanguage\":\"pt-BR\",\"potentialAction\":[{\"@type\":\"ReadAction\",\"target\":[\"https:\/\/jornalfatosenoticias.com.br\/index.php\/2021\/12\/16\/singular-e-futurista-aviao-passaro-e-apresentado-na-africa-do-sul\/\"]}]},{\"@type\":\"ImageObject\",\"inLanguage\":\"pt-BR\",\"@id\":\"https:\/\/jornalfatosenoticias.com.br\/index.php\/2021\/12\/16\/singular-e-futurista-aviao-passaro-e-apresentado-na-africa-do-sul\/#primaryimage\",\"url\":\"https:\/\/jornalfatosenoticias.com.br\/wp-content\/uploads\/2021\/12\/aviao-passaro.jpg\",\"contentUrl\":\"https:\/\/jornalfatosenoticias.com.br\/wp-content\/uploads\/2021\/12\/aviao-passaro.jpg\",\"width\":1000,\"height\":562},{\"@type\":\"BreadcrumbList\",\"@id\":\"https:\/\/jornalfatosenoticias.com.br\/index.php\/2021\/12\/16\/singular-e-futurista-aviao-passaro-e-apresentado-na-africa-do-sul\/#breadcrumb\",\"itemListElement\":[{\"@type\":\"ListItem\",\"position\":1,\"name\":\"In\u00edcio\",\"item\":\"https:\/\/jornalfatosenoticias.com.br\/\"},{\"@type\":\"ListItem\",\"position\":2,\"name\":\"Singular e futurista: &#8216;avi\u00e3o-p\u00e1ssaro&#8217; \u00e9 apresentado na \u00c1frica do Sul\"}]},{\"@type\":\"WebSite\",\"@id\":\"https:\/\/jornalfatosenoticias.com.br\/#website\",\"url\":\"https:\/\/jornalfatosenoticias.com.br\/\",\"name\":\"Jornal Fatos e Not\u00edcias\",\"description\":\"Not\u00edcias em geral\",\"publisher\":{\"@id\":\"https:\/\/jornalfatosenoticias.com.br\/#organization\"},\"potentialAction\":[{\"@type\":\"SearchAction\",\"target\":{\"@type\":\"EntryPoint\",\"urlTemplate\":\"https:\/\/jornalfatosenoticias.com.br\/?s={search_term_string}\"},\"query-input\":{\"@type\":\"PropertyValueSpecification\",\"valueRequired\":true,\"valueName\":\"search_term_string\"}}],\"inLanguage\":\"pt-BR\"},{\"@type\":\"Organization\",\"@id\":\"https:\/\/jornalfatosenoticias.com.br\/#organization\",\"name\":\"Jornal Fatos e Not\u00edcias\",\"url\":\"https:\/\/jornalfatosenoticias.com.br\/\",\"logo\":{\"@type\":\"ImageObject\",\"inLanguage\":\"pt-BR\",\"@id\":\"https:\/\/jornalfatosenoticias.com.br\/#\/schema\/logo\/image\/\",\"url\":\"https:\/\/jornalfatosenoticias.com.br\/wp-content\/uploads\/2020\/02\/logo120.png\",\"contentUrl\":\"https:\/\/jornalfatosenoticias.com.br\/wp-content\/uploads\/2020\/02\/logo120.png\",\"width\":1227,\"height\":120,\"caption\":\"Jornal Fatos e Not\u00edcias\"},\"image\":{\"@id\":\"https:\/\/jornalfatosenoticias.com.br\/#\/schema\/logo\/image\/\"}},{\"@type\":\"Person\",\"@id\":\"https:\/\/jornalfatosenoticias.com.br\/#\/schema\/person\/d63837fa13ac8666eb9e74e0985d6f81\",\"name\":\"Luzimara Fernandes\",\"image\":{\"@type\":\"ImageObject\",\"inLanguage\":\"pt-BR\",\"@id\":\"https:\/\/jornalfatosenoticias.com.br\/#\/schema\/person\/image\/\",\"url\":\"https:\/\/jornalfatosenoticias.com.br\/wp-content\/uploads\/2025\/05\/EU_portal.jpg\",\"contentUrl\":\"https:\/\/jornalfatosenoticias.com.br\/wp-content\/uploads\/2025\/05\/EU_portal.jpg\",\"caption\":\"Luzimara Fernandes\"},\"description\":\"Jornalista MTB 2358-ES\",\"sameAs\":[\"https:\/\/jornalfatosenoticias.com.br\"],\"url\":\"https:\/\/jornalfatosenoticias.com.br\/index.php\/author\/luzimara\/\"}]}<\/script>\n<!-- \/ Yoast SEO plugin. -->","yoast_head_json":{"title":"Singular e futurista: 'avi\u00e3o-p\u00e1ssaro' \u00e9 apresentado na \u00c1frica do Sul - Jornal Fatos e Not\u00edcias","robots":{"index":"index","follow":"follow","max-snippet":"max-snippet:-1","max-image-preview":"max-image-preview:large","max-video-preview":"max-video-preview:-1"},"canonical":"https:\/\/jornalfatosenoticias.com.br\/index.php\/2021\/12\/16\/singular-e-futurista-aviao-passaro-e-apresentado-na-africa-do-sul\/","og_locale":"pt_BR","og_type":"article","og_title":"Singular e futurista: 'avi\u00e3o-p\u00e1ssaro' \u00e9 apresentado na \u00c1frica do Sul - Jornal Fatos e Not\u00edcias","og_description":"A empresa africana Phractyl apresentou um &#8220;avi\u00e3o-p\u00e1ssaro&#8221;, dotado de &#8220;patas&#8221; com esteiras e uma cabine e asas inclinadas, prometendo um voo de pouso e decolagem quase vertical A companhia sul-africana de aeronaves el\u00e9tricas resolveu investir em um conceito diferente de tudo j\u00e1 visto, e criou o Macrobat, uma aeronave de decolagem e pouso quase vertical [&hellip;]","og_url":"https:\/\/jornalfatosenoticias.com.br\/index.php\/2021\/12\/16\/singular-e-futurista-aviao-passaro-e-apresentado-na-africa-do-sul\/","og_site_name":"Jornal Fatos e Not\u00edcias","article_published_time":"2021-12-16T18:02:48+00:00","article_modified_time":"2021-12-16T18:02:50+00:00","og_image":[{"width":1000,"height":562,"url":"https:\/\/jornalfatosenoticias.com.br\/wp-content\/uploads\/2021\/12\/aviao-passaro.jpg","type":"image\/jpeg"}],"author":"Luzimara Fernandes","twitter_card":"summary_large_image","twitter_misc":{"Escrito por":"Luzimara Fernandes","Est. tempo de leitura":"1 minuto"},"schema":{"@context":"https:\/\/schema.org","@graph":[{"@type":"Article","@id":"https:\/\/jornalfatosenoticias.com.br\/index.php\/2021\/12\/16\/singular-e-futurista-aviao-passaro-e-apresentado-na-africa-do-sul\/#article","isPartOf":{"@id":"https:\/\/jornalfatosenoticias.com.br\/index.php\/2021\/12\/16\/singular-e-futurista-aviao-passaro-e-apresentado-na-africa-do-sul\/"},"author":{"name":"Luzimara Fernandes","@id":"https:\/\/jornalfatosenoticias.com.br\/#\/schema\/person\/d63837fa13ac8666eb9e74e0985d6f81"},"headline":"Singular e futurista: &#8216;avi\u00e3o-p\u00e1ssaro&#8217; \u00e9 apresentado na \u00c1frica do Sul","datePublished":"2021-12-16T18:02:48+00:00","dateModified":"2021-12-16T18:02:50+00:00","mainEntityOfPage":{"@id":"https:\/\/jornalfatosenoticias.com.br\/index.php\/2021\/12\/16\/singular-e-futurista-aviao-passaro-e-apresentado-na-africa-do-sul\/"},"wordCount":274,"commentCount":0,"publisher":{"@id":"https:\/\/jornalfatosenoticias.com.br\/#organization"},"image":{"@id":"https:\/\/jornalfatosenoticias.com.br\/index.php\/2021\/12\/16\/singular-e-futurista-aviao-passaro-e-apresentado-na-africa-do-sul\/#primaryimage"},"thumbnailUrl":"https:\/\/jornalfatosenoticias.com.br\/wp-content\/uploads\/2021\/12\/aviao-passaro.jpg","keywords":["aeronave","\u00c1frica do Sul","avi\u00e3o","avi\u00e3o-p\u00e1ssaro","drone","ve\u00edculo a\u00e9reo n\u00e3o tripulado"],"articleSection":["Tecnologia &amp; Inova\u00e7\u00e3o"],"inLanguage":"pt-BR","potentialAction":[{"@type":"CommentAction","name":"Comment","target":["https:\/\/jornalfatosenoticias.com.br\/index.php\/2021\/12\/16\/singular-e-futurista-aviao-passaro-e-apresentado-na-africa-do-sul\/#respond"]}]},{"@type":"WebPage","@id":"https:\/\/jornalfatosenoticias.com.br\/index.php\/2021\/12\/16\/singular-e-futurista-aviao-passaro-e-apresentado-na-africa-do-sul\/","url":"https:\/\/jornalfatosenoticias.com.br\/index.php\/2021\/12\/16\/singular-e-futurista-aviao-passaro-e-apresentado-na-africa-do-sul\/","name":"Singular e futurista: 'avi\u00e3o-p\u00e1ssaro' \u00e9 apresentado na \u00c1frica do Sul - Jornal Fatos e Not\u00edcias","isPartOf":{"@id":"https:\/\/jornalfatosenoticias.com.br\/#website"},"primaryImageOfPage":{"@id":"https:\/\/jornalfatosenoticias.com.br\/index.php\/2021\/12\/16\/singular-e-futurista-aviao-passaro-e-apresentado-na-africa-do-sul\/#primaryimage"},"image":{"@id":"https:\/\/jornalfatosenoticias.com.br\/index.php\/2021\/12\/16\/singular-e-futurista-aviao-passaro-e-apresentado-na-africa-do-sul\/#primaryimage"},"thumbnailUrl":"https:\/\/jornalfatosenoticias.com.br\/wp-content\/uploads\/2021\/12\/aviao-passaro.jpg","datePublished":"2021-12-16T18:02:48+00:00","dateModified":"2021-12-16T18:02:50+00:00","breadcrumb":{"@id":"https:\/\/jornalfatosenoticias.com.br\/index.php\/2021\/12\/16\/singular-e-futurista-aviao-passaro-e-apresentado-na-africa-do-sul\/#breadcrumb"},"inLanguage":"pt-BR","potentialAction":[{"@type":"ReadAction","target":["https:\/\/jornalfatosenoticias.com.br\/index.php\/2021\/12\/16\/singular-e-futurista-aviao-passaro-e-apresentado-na-africa-do-sul\/"]}]},{"@type":"ImageObject","inLanguage":"pt-BR","@id":"https:\/\/jornalfatosenoticias.com.br\/index.php\/2021\/12\/16\/singular-e-futurista-aviao-passaro-e-apresentado-na-africa-do-sul\/#primaryimage","url":"https:\/\/jornalfatosenoticias.com.br\/wp-content\/uploads\/2021\/12\/aviao-passaro.jpg","contentUrl":"https:\/\/jornalfatosenoticias.com.br\/wp-content\/uploads\/2021\/12\/aviao-passaro.jpg","width":1000,"height":562},{"@type":"BreadcrumbList","@id":"https:\/\/jornalfatosenoticias.com.br\/index.php\/2021\/12\/16\/singular-e-futurista-aviao-passaro-e-apresentado-na-africa-do-sul\/#breadcrumb","itemListElement":[{"@type":"ListItem","position":1,"name":"In\u00edcio","item":"https:\/\/jornalfatosenoticias.com.br\/"},{"@type":"ListItem","position":2,"name":"Singular e futurista: &#8216;avi\u00e3o-p\u00e1ssaro&#8217; \u00e9 apresentado na \u00c1frica do Sul"}]},{"@type":"WebSite","@id":"https:\/\/jornalfatosenoticias.com.br\/#website","url":"https:\/\/jornalfatosenoticias.com.br\/","name":"Jornal Fatos e Not\u00edcias","description":"Not\u00edcias em geral","publisher":{"@id":"https:\/\/jornalfatosenoticias.com.br\/#organization"},"potentialAction":[{"@type":"SearchAction","target":{"@type":"EntryPoint","urlTemplate":"https:\/\/jornalfatosenoticias.com.br\/?s={search_term_string}"},"query-input":{"@type":"PropertyValueSpecification","valueRequired":true,"valueName":"search_term_string"}}],"inLanguage":"pt-BR"},{"@type":"Organization","@id":"https:\/\/jornalfatosenoticias.com.br\/#organization","name":"Jornal Fatos e Not\u00edcias","url":"https:\/\/jornalfatosenoticias.com.br\/","logo":{"@type":"ImageObject","inLanguage":"pt-BR","@id":"https:\/\/jornalfatosenoticias.com.br\/#\/schema\/logo\/image\/","url":"https:\/\/jornalfatosenoticias.com.br\/wp-content\/uploads\/2020\/02\/logo120.png","contentUrl":"https:\/\/jornalfatosenoticias.com.br\/wp-content\/uploads\/2020\/02\/logo120.png","width":1227,"height":120,"caption":"Jornal Fatos e Not\u00edcias"},"image":{"@id":"https:\/\/jornalfatosenoticias.com.br\/#\/schema\/logo\/image\/"}},{"@type":"Person","@id":"https:\/\/jornalfatosenoticias.com.br\/#\/schema\/person\/d63837fa13ac8666eb9e74e0985d6f81","name":"Luzimara Fernandes","image":{"@type":"ImageObject","inLanguage":"pt-BR","@id":"https:\/\/jornalfatosenoticias.com.br\/#\/schema\/person\/image\/","url":"https:\/\/jornalfatosenoticias.com.br\/wp-content\/uploads\/2025\/05\/EU_portal.jpg","contentUrl":"https:\/\/jornalfatosenoticias.com.br\/wp-content\/uploads\/2025\/05\/EU_portal.jpg","caption":"Luzimara Fernandes"},"description":"Jornalista MTB 2358-ES","sameAs":["https:\/\/jornalfatosenoticias.com.br"],"url":"https:\/\/jornalfatosenoticias.com.br\/index.php\/author\/luzimara\/"}]}},"cc_featured_image_caption":{"caption_text":"(Foto: Phractyl)","source_text":"","source_url":""},"jetpack_featured_media_url":"https:\/\/jornalfatosenoticias.com.br\/wp-content\/uploads\/2021\/12\/aviao-passaro.jpg","_links":{"self":[{"href":"https:\/\/jornalfatosenoticias.com.br\/index.php\/wp-json\/wp\/v2\/posts\/26046","targetHints":{"allow":["GET"]}}],"collection":[{"href":"https:\/\/jornalfatosenoticias.com.br\/index.php\/wp-json\/wp\/v2\/posts"}],"about":[{"href":"https:\/\/jornalfatosenoticias.com.br\/index.php\/wp-json\/wp\/v2\/types\/post"}],"author":[{"embeddable":true,"href":"https:\/\/jornalfatosenoticias.com.br\/index.php\/wp-json\/wp\/v2\/users\/2"}],"replies":[{"embeddable":true,"href":"https:\/\/jornalfatosenoticias.com.br\/index.php\/wp-json\/wp\/v2\/comments?post=26046"}],"version-history":[{"count":0,"href":"https:\/\/jornalfatosenoticias.com.br\/index.php\/wp-json\/wp\/v2\/posts\/26046\/revisions"}],"wp:featuredmedia":[{"embeddable":true,"href":"https:\/\/jornalfatosenoticias.com.br\/index.php\/wp-json\/wp\/v2\/media\/26047"}],"wp:attachment":[{"href":"https:\/\/jornalfatosenoticias.com.br\/index.php\/wp-json\/wp\/v2\/media?parent=26046"}],"wp:term":[{"taxonomy":"category","embeddable":true,"href":"https:\/\/jornalfatosenoticias.com.br\/index.php\/wp-json\/wp\/v2\/categories?post=26046"},{"taxonomy":"post_tag","embeddable":true,"href":"https:\/\/jornalfatosenoticias.com.br\/index.php\/wp-json\/wp\/v2\/tags?post=26046"}],"curies":[{"name":"wp","href":"https:\/\/api.w.org\/{rel}","templated":true}]}}