{"id":26082,"date":"2021-12-17T12:21:26","date_gmt":"2021-12-17T15:21:26","guid":{"rendered":"https:\/\/jornalfatosenoticias.com.br\/?p=26082"},"modified":"2021-12-17T12:21:28","modified_gmt":"2021-12-17T15:21:28","slug":"o-gengibre-age-contra-a-progressao-de-doencas-autoimunes","status":"publish","type":"post","link":"https:\/\/jornalfatosenoticias.com.br\/index.php\/2021\/12\/17\/o-gengibre-age-contra-a-progressao-de-doencas-autoimunes\/","title":{"rendered":"O gengibre age contra a progress\u00e3o de doen\u00e7as autoimunes"},"content":{"rendered":"\n<p>O <strong><a href=\"https:\/\/www.greenmebrasil.com\/viver\/saude-e-bem-estar\/1821-gengibre-todas-as-propriedades-e-varios-modos-de-usa-lo\/\">gengibre<\/a><\/strong> \u00e9 tradicionalmente conhecido por ter efeitos anti-inflamat\u00f3rios e antioxidantes, o que o tornou uma erva popular no tratamento de doen\u00e7as inflamat\u00f3rias. Agora, um novo estudo da Michigan Medicine em ratos sugere que pode ajudar a combater certas doen\u00e7as autoimunes.<br>Os pesquisadores analisaram o l\u00fapus, que ataca o pr\u00f3prio sistema imunol\u00f3gico do corpo, e a s\u00edndrome antifosfolip\u00eddica (frequentemente associada ao l\u00fapus), que causa co\u00e1gulos sangu\u00edneos. Nos testes com camundongos, o 6-gingerol interrompeu a libera\u00e7\u00e3o da armadilha extracelular de neutr\u00f3filos causada pela produ\u00e7\u00e3o de autoanticorpos da doen\u00e7a.<br>\u201cAs armadilhas extracelulares de neutr\u00f3filos, ou TNEs, v\u00eam de gl\u00f3bulos brancos chamados neutr\u00f3filos\u201d, explicou o autor principal Ramadan Ali, Ph.D. em <strong><strong><a href=\"https:\/\/medicalxpress.com\/news\/2021-01-ginger-counters-autoimmune-diseases-mice.html\" target=\"_blank\" rel=\"noreferrer noopener\">um comunicado \u00e0 imprensa<\/a><\/strong><\/strong>. \u201cEssas estruturas pegajosas em forma de teia de aranha s\u00e3o formadas quando os autoanticorpos interagem com os receptores na superf\u00edcie do neutr\u00f3filo\u201d.<br>As teias, segundo Ali, desempenham papel fundamental na patog\u00eanese do l\u00fapus e da s\u00edndrome antifosfolip\u00eddica, na qual desencadeiam a forma\u00e7\u00e3o de autoanticorpos e contribuem para a forma\u00e7\u00e3o de co\u00e1gulos nos vasos sangu\u00edneos e outros danos.<br>O medicamento natural tamb\u00e9m impediu os neutr\u00f3filos de criar armadilhas extracelulares de neutr\u00f3filos que facilitam a progress\u00e3o da doen\u00e7a. Al\u00e9m disso, o 6-gingerol foi capaz de quebrar o ciclo inflamat\u00f3rio dos autoanticorpos estimulando os TNEs, que por sua vez estimulam mais autoanticorpos.<br>Embora o 6-gingerol n\u00e3o possa ser a terapia prim\u00e1ria para indiv\u00edduos com l\u00fapus ou s\u00edndrome antifosfolip\u00eddica ativa, a equipe de pesquisa est\u00e1 ansiosa para ver se o suplemento natural <strong>oferece ajuda para aqueles com alto risco de desenvolver as doen\u00e7as.<\/strong><\/p>\n\n\n\n<blockquote class=\"wp-block-quote is-layout-flow wp-block-quote-is-layout-flow\"><p><span class=\"has-inline-color has-luminous-vivid-orange-color\">\u201cAqueles que t\u00eam autoanticorpos, mas n\u00e3o t\u00eam doen\u00e7a ativada, podem se beneficiar com este tratamento se o 6-gingerol provar ser um agente protetor em humanos como em camundongos\u201d, disse Ali.<\/span><\/p><\/blockquote>\n\n\n\n<p><strong><em>Fonte: <a href=\"https:\/\/www.greenmebrasil.com\/viver\/saude-e-bem-estar\/59068-o-gengibre-age-contra-a-progressao-de-doencas-autimunes\/\">GreenMe<\/a><\/em><\/strong><\/p>\n","protected":false},"excerpt":{"rendered":"<p>O gengibre \u00e9 tradicionalmente conhecido por ter efeitos anti-inflamat\u00f3rios e antioxidantes, o que o tornou uma erva popular no tratamento de doen\u00e7as inflamat\u00f3rias. Agora, um novo estudo da Michigan Medicine em ratos sugere que pode ajudar a combater certas doen\u00e7as autoimunes.Os pesquisadores analisaram o l\u00fapus, que ataca o pr\u00f3prio sistema imunol\u00f3gico do corpo, e a [&hellip;]<\/p>\n","protected":false},"author":2,"featured_media":26083,"comment_status":"open","ping_status":"open","sticky":false,"template":"","format":"standard","meta":{"footnotes":""},"categories":[42],"tags":[4308,12580,5571,8202,12579],"class_list":["post-26082","post","type-post","status-publish","format-standard","has-post-thumbnail","hentry","category-bem-estar","tag-anti-inflamatorio","tag-autoanticorpos","tag-doencas-autoimunes","tag-gengibre","tag-progressao"],"yoast_head":"<!-- This site is optimized with the Yoast SEO plugin v26.5 - https:\/\/yoast.com\/wordpress\/plugins\/seo\/ -->\n<title>O gengibre age contra a progress\u00e3o de doen\u00e7as autoimunes - Jornal Fatos e Not\u00edcias<\/title>\n<meta name=\"robots\" content=\"index, follow, max-snippet:-1, max-image-preview:large, max-video-preview:-1\" \/>\n<link rel=\"canonical\" href=\"https:\/\/jornalfatosenoticias.com.br\/index.php\/2021\/12\/17\/o-gengibre-age-contra-a-progressao-de-doencas-autoimunes\/\" \/>\n<meta property=\"og:locale\" content=\"pt_BR\" \/>\n<meta property=\"og:type\" content=\"article\" \/>\n<meta property=\"og:title\" content=\"O gengibre age contra a progress\u00e3o de doen\u00e7as autoimunes - Jornal Fatos e Not\u00edcias\" \/>\n<meta property=\"og:description\" content=\"O gengibre \u00e9 tradicionalmente conhecido por ter efeitos anti-inflamat\u00f3rios e antioxidantes, o que o tornou uma erva popular no tratamento de doen\u00e7as inflamat\u00f3rias. Agora, um novo estudo da Michigan Medicine em ratos sugere que pode ajudar a combater certas doen\u00e7as autoimunes.Os pesquisadores analisaram o l\u00fapus, que ataca o pr\u00f3prio sistema imunol\u00f3gico do corpo, e a [&hellip;]\" \/>\n<meta property=\"og:url\" content=\"https:\/\/jornalfatosenoticias.com.br\/index.php\/2021\/12\/17\/o-gengibre-age-contra-a-progressao-de-doencas-autoimunes\/\" \/>\n<meta property=\"og:site_name\" content=\"Jornal Fatos e Not\u00edcias\" \/>\n<meta property=\"article:published_time\" content=\"2021-12-17T15:21:26+00:00\" \/>\n<meta property=\"article:modified_time\" content=\"2021-12-17T15:21:28+00:00\" \/>\n<meta property=\"og:image\" content=\"https:\/\/jornalfatosenoticias.com.br\/wp-content\/uploads\/2021\/12\/gengibre.jpg\" \/>\n\t<meta property=\"og:image:width\" content=\"1000\" \/>\n\t<meta property=\"og:image:height\" content=\"666\" \/>\n\t<meta property=\"og:image:type\" content=\"image\/jpeg\" \/>\n<meta name=\"author\" content=\"Luzimara Fernandes\" \/>\n<meta name=\"twitter:card\" content=\"summary_large_image\" \/>\n<meta name=\"twitter:label1\" content=\"Escrito por\" \/>\n\t<meta name=\"twitter:data1\" content=\"Luzimara Fernandes\" \/>\n\t<meta name=\"twitter:label2\" content=\"Est. tempo de leitura\" \/>\n\t<meta name=\"twitter:data2\" content=\"2 minutos\" \/>\n<script type=\"application\/ld+json\" class=\"yoast-schema-graph\">{\"@context\":\"https:\/\/schema.org\",\"@graph\":[{\"@type\":\"Article\",\"@id\":\"https:\/\/jornalfatosenoticias.com.br\/index.php\/2021\/12\/17\/o-gengibre-age-contra-a-progressao-de-doencas-autoimunes\/#article\",\"isPartOf\":{\"@id\":\"https:\/\/jornalfatosenoticias.com.br\/index.php\/2021\/12\/17\/o-gengibre-age-contra-a-progressao-de-doencas-autoimunes\/\"},\"author\":{\"name\":\"Luzimara Fernandes\",\"@id\":\"https:\/\/jornalfatosenoticias.com.br\/#\/schema\/person\/d63837fa13ac8666eb9e74e0985d6f81\"},\"headline\":\"O gengibre age contra a progress\u00e3o de doen\u00e7as autoimunes\",\"datePublished\":\"2021-12-17T15:21:26+00:00\",\"dateModified\":\"2021-12-17T15:21:28+00:00\",\"mainEntityOfPage\":{\"@id\":\"https:\/\/jornalfatosenoticias.com.br\/index.php\/2021\/12\/17\/o-gengibre-age-contra-a-progressao-de-doencas-autoimunes\/\"},\"wordCount\":342,\"commentCount\":0,\"publisher\":{\"@id\":\"https:\/\/jornalfatosenoticias.com.br\/#organization\"},\"image\":{\"@id\":\"https:\/\/jornalfatosenoticias.com.br\/index.php\/2021\/12\/17\/o-gengibre-age-contra-a-progressao-de-doencas-autoimunes\/#primaryimage\"},\"thumbnailUrl\":\"https:\/\/jornalfatosenoticias.com.br\/wp-content\/uploads\/2021\/12\/gengibre.jpg\",\"keywords\":[\"anti-inflamat\u00f3rio\",\"autoanticorpos\",\"doen\u00e7as autoimunes\",\"gengibre\",\"progress\u00e3o\"],\"articleSection\":[\"Bem-estar\"],\"inLanguage\":\"pt-BR\",\"potentialAction\":[{\"@type\":\"CommentAction\",\"name\":\"Comment\",\"target\":[\"https:\/\/jornalfatosenoticias.com.br\/index.php\/2021\/12\/17\/o-gengibre-age-contra-a-progressao-de-doencas-autoimunes\/#respond\"]}]},{\"@type\":\"WebPage\",\"@id\":\"https:\/\/jornalfatosenoticias.com.br\/index.php\/2021\/12\/17\/o-gengibre-age-contra-a-progressao-de-doencas-autoimunes\/\",\"url\":\"https:\/\/jornalfatosenoticias.com.br\/index.php\/2021\/12\/17\/o-gengibre-age-contra-a-progressao-de-doencas-autoimunes\/\",\"name\":\"O gengibre age contra a progress\u00e3o de doen\u00e7as autoimunes - Jornal Fatos e Not\u00edcias\",\"isPartOf\":{\"@id\":\"https:\/\/jornalfatosenoticias.com.br\/#website\"},\"primaryImageOfPage\":{\"@id\":\"https:\/\/jornalfatosenoticias.com.br\/index.php\/2021\/12\/17\/o-gengibre-age-contra-a-progressao-de-doencas-autoimunes\/#primaryimage\"},\"image\":{\"@id\":\"https:\/\/jornalfatosenoticias.com.br\/index.php\/2021\/12\/17\/o-gengibre-age-contra-a-progressao-de-doencas-autoimunes\/#primaryimage\"},\"thumbnailUrl\":\"https:\/\/jornalfatosenoticias.com.br\/wp-content\/uploads\/2021\/12\/gengibre.jpg\",\"datePublished\":\"2021-12-17T15:21:26+00:00\",\"dateModified\":\"2021-12-17T15:21:28+00:00\",\"breadcrumb\":{\"@id\":\"https:\/\/jornalfatosenoticias.com.br\/index.php\/2021\/12\/17\/o-gengibre-age-contra-a-progressao-de-doencas-autoimunes\/#breadcrumb\"},\"inLanguage\":\"pt-BR\",\"potentialAction\":[{\"@type\":\"ReadAction\",\"target\":[\"https:\/\/jornalfatosenoticias.com.br\/index.php\/2021\/12\/17\/o-gengibre-age-contra-a-progressao-de-doencas-autoimunes\/\"]}]},{\"@type\":\"ImageObject\",\"inLanguage\":\"pt-BR\",\"@id\":\"https:\/\/jornalfatosenoticias.com.br\/index.php\/2021\/12\/17\/o-gengibre-age-contra-a-progressao-de-doencas-autoimunes\/#primaryimage\",\"url\":\"https:\/\/jornalfatosenoticias.com.br\/wp-content\/uploads\/2021\/12\/gengibre.jpg\",\"contentUrl\":\"https:\/\/jornalfatosenoticias.com.br\/wp-content\/uploads\/2021\/12\/gengibre.jpg\",\"width\":1000,\"height\":666},{\"@type\":\"BreadcrumbList\",\"@id\":\"https:\/\/jornalfatosenoticias.com.br\/index.php\/2021\/12\/17\/o-gengibre-age-contra-a-progressao-de-doencas-autoimunes\/#breadcrumb\",\"itemListElement\":[{\"@type\":\"ListItem\",\"position\":1,\"name\":\"In\u00edcio\",\"item\":\"https:\/\/jornalfatosenoticias.com.br\/\"},{\"@type\":\"ListItem\",\"position\":2,\"name\":\"O gengibre age contra a progress\u00e3o de doen\u00e7as autoimunes\"}]},{\"@type\":\"WebSite\",\"@id\":\"https:\/\/jornalfatosenoticias.com.br\/#website\",\"url\":\"https:\/\/jornalfatosenoticias.com.br\/\",\"name\":\"Jornal Fatos e Not\u00edcias\",\"description\":\"Not\u00edcias em geral\",\"publisher\":{\"@id\":\"https:\/\/jornalfatosenoticias.com.br\/#organization\"},\"potentialAction\":[{\"@type\":\"SearchAction\",\"target\":{\"@type\":\"EntryPoint\",\"urlTemplate\":\"https:\/\/jornalfatosenoticias.com.br\/?s={search_term_string}\"},\"query-input\":{\"@type\":\"PropertyValueSpecification\",\"valueRequired\":true,\"valueName\":\"search_term_string\"}}],\"inLanguage\":\"pt-BR\"},{\"@type\":\"Organization\",\"@id\":\"https:\/\/jornalfatosenoticias.com.br\/#organization\",\"name\":\"Jornal Fatos e Not\u00edcias\",\"url\":\"https:\/\/jornalfatosenoticias.com.br\/\",\"logo\":{\"@type\":\"ImageObject\",\"inLanguage\":\"pt-BR\",\"@id\":\"https:\/\/jornalfatosenoticias.com.br\/#\/schema\/logo\/image\/\",\"url\":\"https:\/\/jornalfatosenoticias.com.br\/wp-content\/uploads\/2020\/02\/logo120.png\",\"contentUrl\":\"https:\/\/jornalfatosenoticias.com.br\/wp-content\/uploads\/2020\/02\/logo120.png\",\"width\":1227,\"height\":120,\"caption\":\"Jornal Fatos e Not\u00edcias\"},\"image\":{\"@id\":\"https:\/\/jornalfatosenoticias.com.br\/#\/schema\/logo\/image\/\"}},{\"@type\":\"Person\",\"@id\":\"https:\/\/jornalfatosenoticias.com.br\/#\/schema\/person\/d63837fa13ac8666eb9e74e0985d6f81\",\"name\":\"Luzimara Fernandes\",\"image\":{\"@type\":\"ImageObject\",\"inLanguage\":\"pt-BR\",\"@id\":\"https:\/\/jornalfatosenoticias.com.br\/#\/schema\/person\/image\/\",\"url\":\"https:\/\/jornalfatosenoticias.com.br\/wp-content\/uploads\/2025\/05\/EU_portal.jpg\",\"contentUrl\":\"https:\/\/jornalfatosenoticias.com.br\/wp-content\/uploads\/2025\/05\/EU_portal.jpg\",\"caption\":\"Luzimara Fernandes\"},\"description\":\"Jornalista MTB 2358-ES\",\"sameAs\":[\"https:\/\/jornalfatosenoticias.com.br\"],\"url\":\"https:\/\/jornalfatosenoticias.com.br\/index.php\/author\/luzimara\/\"}]}<\/script>\n<!-- \/ Yoast SEO plugin. -->","yoast_head_json":{"title":"O gengibre age contra a progress\u00e3o de doen\u00e7as autoimunes - Jornal Fatos e Not\u00edcias","robots":{"index":"index","follow":"follow","max-snippet":"max-snippet:-1","max-image-preview":"max-image-preview:large","max-video-preview":"max-video-preview:-1"},"canonical":"https:\/\/jornalfatosenoticias.com.br\/index.php\/2021\/12\/17\/o-gengibre-age-contra-a-progressao-de-doencas-autoimunes\/","og_locale":"pt_BR","og_type":"article","og_title":"O gengibre age contra a progress\u00e3o de doen\u00e7as autoimunes - Jornal Fatos e Not\u00edcias","og_description":"O gengibre \u00e9 tradicionalmente conhecido por ter efeitos anti-inflamat\u00f3rios e antioxidantes, o que o tornou uma erva popular no tratamento de doen\u00e7as inflamat\u00f3rias. Agora, um novo estudo da Michigan Medicine em ratos sugere que pode ajudar a combater certas doen\u00e7as autoimunes.Os pesquisadores analisaram o l\u00fapus, que ataca o pr\u00f3prio sistema imunol\u00f3gico do corpo, e a [&hellip;]","og_url":"https:\/\/jornalfatosenoticias.com.br\/index.php\/2021\/12\/17\/o-gengibre-age-contra-a-progressao-de-doencas-autoimunes\/","og_site_name":"Jornal Fatos e Not\u00edcias","article_published_time":"2021-12-17T15:21:26+00:00","article_modified_time":"2021-12-17T15:21:28+00:00","og_image":[{"width":1000,"height":666,"url":"https:\/\/jornalfatosenoticias.com.br\/wp-content\/uploads\/2021\/12\/gengibre.jpg","type":"image\/jpeg"}],"author":"Luzimara Fernandes","twitter_card":"summary_large_image","twitter_misc":{"Escrito por":"Luzimara Fernandes","Est. tempo de leitura":"2 minutos"},"schema":{"@context":"https:\/\/schema.org","@graph":[{"@type":"Article","@id":"https:\/\/jornalfatosenoticias.com.br\/index.php\/2021\/12\/17\/o-gengibre-age-contra-a-progressao-de-doencas-autoimunes\/#article","isPartOf":{"@id":"https:\/\/jornalfatosenoticias.com.br\/index.php\/2021\/12\/17\/o-gengibre-age-contra-a-progressao-de-doencas-autoimunes\/"},"author":{"name":"Luzimara Fernandes","@id":"https:\/\/jornalfatosenoticias.com.br\/#\/schema\/person\/d63837fa13ac8666eb9e74e0985d6f81"},"headline":"O gengibre age contra a progress\u00e3o de doen\u00e7as autoimunes","datePublished":"2021-12-17T15:21:26+00:00","dateModified":"2021-12-17T15:21:28+00:00","mainEntityOfPage":{"@id":"https:\/\/jornalfatosenoticias.com.br\/index.php\/2021\/12\/17\/o-gengibre-age-contra-a-progressao-de-doencas-autoimunes\/"},"wordCount":342,"commentCount":0,"publisher":{"@id":"https:\/\/jornalfatosenoticias.com.br\/#organization"},"image":{"@id":"https:\/\/jornalfatosenoticias.com.br\/index.php\/2021\/12\/17\/o-gengibre-age-contra-a-progressao-de-doencas-autoimunes\/#primaryimage"},"thumbnailUrl":"https:\/\/jornalfatosenoticias.com.br\/wp-content\/uploads\/2021\/12\/gengibre.jpg","keywords":["anti-inflamat\u00f3rio","autoanticorpos","doen\u00e7as autoimunes","gengibre","progress\u00e3o"],"articleSection":["Bem-estar"],"inLanguage":"pt-BR","potentialAction":[{"@type":"CommentAction","name":"Comment","target":["https:\/\/jornalfatosenoticias.com.br\/index.php\/2021\/12\/17\/o-gengibre-age-contra-a-progressao-de-doencas-autoimunes\/#respond"]}]},{"@type":"WebPage","@id":"https:\/\/jornalfatosenoticias.com.br\/index.php\/2021\/12\/17\/o-gengibre-age-contra-a-progressao-de-doencas-autoimunes\/","url":"https:\/\/jornalfatosenoticias.com.br\/index.php\/2021\/12\/17\/o-gengibre-age-contra-a-progressao-de-doencas-autoimunes\/","name":"O gengibre age contra a progress\u00e3o de doen\u00e7as autoimunes - Jornal Fatos e Not\u00edcias","isPartOf":{"@id":"https:\/\/jornalfatosenoticias.com.br\/#website"},"primaryImageOfPage":{"@id":"https:\/\/jornalfatosenoticias.com.br\/index.php\/2021\/12\/17\/o-gengibre-age-contra-a-progressao-de-doencas-autoimunes\/#primaryimage"},"image":{"@id":"https:\/\/jornalfatosenoticias.com.br\/index.php\/2021\/12\/17\/o-gengibre-age-contra-a-progressao-de-doencas-autoimunes\/#primaryimage"},"thumbnailUrl":"https:\/\/jornalfatosenoticias.com.br\/wp-content\/uploads\/2021\/12\/gengibre.jpg","datePublished":"2021-12-17T15:21:26+00:00","dateModified":"2021-12-17T15:21:28+00:00","breadcrumb":{"@id":"https:\/\/jornalfatosenoticias.com.br\/index.php\/2021\/12\/17\/o-gengibre-age-contra-a-progressao-de-doencas-autoimunes\/#breadcrumb"},"inLanguage":"pt-BR","potentialAction":[{"@type":"ReadAction","target":["https:\/\/jornalfatosenoticias.com.br\/index.php\/2021\/12\/17\/o-gengibre-age-contra-a-progressao-de-doencas-autoimunes\/"]}]},{"@type":"ImageObject","inLanguage":"pt-BR","@id":"https:\/\/jornalfatosenoticias.com.br\/index.php\/2021\/12\/17\/o-gengibre-age-contra-a-progressao-de-doencas-autoimunes\/#primaryimage","url":"https:\/\/jornalfatosenoticias.com.br\/wp-content\/uploads\/2021\/12\/gengibre.jpg","contentUrl":"https:\/\/jornalfatosenoticias.com.br\/wp-content\/uploads\/2021\/12\/gengibre.jpg","width":1000,"height":666},{"@type":"BreadcrumbList","@id":"https:\/\/jornalfatosenoticias.com.br\/index.php\/2021\/12\/17\/o-gengibre-age-contra-a-progressao-de-doencas-autoimunes\/#breadcrumb","itemListElement":[{"@type":"ListItem","position":1,"name":"In\u00edcio","item":"https:\/\/jornalfatosenoticias.com.br\/"},{"@type":"ListItem","position":2,"name":"O gengibre age contra a progress\u00e3o de doen\u00e7as autoimunes"}]},{"@type":"WebSite","@id":"https:\/\/jornalfatosenoticias.com.br\/#website","url":"https:\/\/jornalfatosenoticias.com.br\/","name":"Jornal Fatos e Not\u00edcias","description":"Not\u00edcias em geral","publisher":{"@id":"https:\/\/jornalfatosenoticias.com.br\/#organization"},"potentialAction":[{"@type":"SearchAction","target":{"@type":"EntryPoint","urlTemplate":"https:\/\/jornalfatosenoticias.com.br\/?s={search_term_string}"},"query-input":{"@type":"PropertyValueSpecification","valueRequired":true,"valueName":"search_term_string"}}],"inLanguage":"pt-BR"},{"@type":"Organization","@id":"https:\/\/jornalfatosenoticias.com.br\/#organization","name":"Jornal Fatos e Not\u00edcias","url":"https:\/\/jornalfatosenoticias.com.br\/","logo":{"@type":"ImageObject","inLanguage":"pt-BR","@id":"https:\/\/jornalfatosenoticias.com.br\/#\/schema\/logo\/image\/","url":"https:\/\/jornalfatosenoticias.com.br\/wp-content\/uploads\/2020\/02\/logo120.png","contentUrl":"https:\/\/jornalfatosenoticias.com.br\/wp-content\/uploads\/2020\/02\/logo120.png","width":1227,"height":120,"caption":"Jornal Fatos e Not\u00edcias"},"image":{"@id":"https:\/\/jornalfatosenoticias.com.br\/#\/schema\/logo\/image\/"}},{"@type":"Person","@id":"https:\/\/jornalfatosenoticias.com.br\/#\/schema\/person\/d63837fa13ac8666eb9e74e0985d6f81","name":"Luzimara Fernandes","image":{"@type":"ImageObject","inLanguage":"pt-BR","@id":"https:\/\/jornalfatosenoticias.com.br\/#\/schema\/person\/image\/","url":"https:\/\/jornalfatosenoticias.com.br\/wp-content\/uploads\/2025\/05\/EU_portal.jpg","contentUrl":"https:\/\/jornalfatosenoticias.com.br\/wp-content\/uploads\/2025\/05\/EU_portal.jpg","caption":"Luzimara Fernandes"},"description":"Jornalista MTB 2358-ES","sameAs":["https:\/\/jornalfatosenoticias.com.br"],"url":"https:\/\/jornalfatosenoticias.com.br\/index.php\/author\/luzimara\/"}]}},"cc_featured_image_caption":{"caption_text":"(Foto: iStock)","source_text":"","source_url":""},"jetpack_featured_media_url":"https:\/\/jornalfatosenoticias.com.br\/wp-content\/uploads\/2021\/12\/gengibre.jpg","_links":{"self":[{"href":"https:\/\/jornalfatosenoticias.com.br\/index.php\/wp-json\/wp\/v2\/posts\/26082","targetHints":{"allow":["GET"]}}],"collection":[{"href":"https:\/\/jornalfatosenoticias.com.br\/index.php\/wp-json\/wp\/v2\/posts"}],"about":[{"href":"https:\/\/jornalfatosenoticias.com.br\/index.php\/wp-json\/wp\/v2\/types\/post"}],"author":[{"embeddable":true,"href":"https:\/\/jornalfatosenoticias.com.br\/index.php\/wp-json\/wp\/v2\/users\/2"}],"replies":[{"embeddable":true,"href":"https:\/\/jornalfatosenoticias.com.br\/index.php\/wp-json\/wp\/v2\/comments?post=26082"}],"version-history":[{"count":0,"href":"https:\/\/jornalfatosenoticias.com.br\/index.php\/wp-json\/wp\/v2\/posts\/26082\/revisions"}],"wp:featuredmedia":[{"embeddable":true,"href":"https:\/\/jornalfatosenoticias.com.br\/index.php\/wp-json\/wp\/v2\/media\/26083"}],"wp:attachment":[{"href":"https:\/\/jornalfatosenoticias.com.br\/index.php\/wp-json\/wp\/v2\/media?parent=26082"}],"wp:term":[{"taxonomy":"category","embeddable":true,"href":"https:\/\/jornalfatosenoticias.com.br\/index.php\/wp-json\/wp\/v2\/categories?post=26082"},{"taxonomy":"post_tag","embeddable":true,"href":"https:\/\/jornalfatosenoticias.com.br\/index.php\/wp-json\/wp\/v2\/tags?post=26082"}],"curies":[{"name":"wp","href":"https:\/\/api.w.org\/{rel}","templated":true}]}}