{"id":26088,"date":"2021-12-17T12:51:22","date_gmt":"2021-12-17T15:51:22","guid":{"rendered":"https:\/\/jornalfatosenoticias.com.br\/?p=26088"},"modified":"2021-12-17T12:51:22","modified_gmt":"2021-12-17T15:51:22","slug":"bonus-na-conta-de-luz","status":"publish","type":"post","link":"https:\/\/jornalfatosenoticias.com.br\/index.php\/2021\/12\/17\/bonus-na-conta-de-luz\/","title":{"rendered":"B\u00f4nus na conta de Luz"},"content":{"rendered":"\n<p><em><span class=\"has-inline-color has-black-color\">Segundo EDP, entre setembro e novembro, 39% dos clientes capixabas atingiram meta parcial para receber b\u00f4nus na conta de luz<\/span><\/em><\/p>\n\n\n\n<p>Em vigor h\u00e1 tr\u00eas meses, programa do Governo Federal proporciona desconto a clientes que conseguirem reduzir o consumo de energia el\u00e9trica. No Esp\u00edrito Santo, 39% dos clientes eleg\u00edveis ao Programa de Incentivo \u00e0 Redu\u00e7\u00e3o Volunt\u00e1ria do Consumo de Energia El\u00e9trica, conseguiram atingir a meta parcial de diminui\u00e7\u00e3o mensal m\u00ednima de 10% do seu gasto de energia no per\u00edodo. Caso mantenham a redu\u00e7\u00e3o, esses consumidores receber\u00e3o b\u00f4nus na conta de luz a partir de janeiro de 2022. O levantamento \u00e9 da EDP, distribuidora de energia el\u00e9trica do Esp\u00edrito Santo.<br>Em vigor h\u00e1 tr\u00eas meses, o programa foi estabelecido pelo Minist\u00e9rio de Minas e Energia (MME) e Ag\u00eancia Nacional de Energia El\u00e9trica (Aneel), e \u00e9 v\u00e1lido para o consumo residencial, industrial, comercial, rural e servi\u00e7os e outras atividades. A iniciativa, que abrange todo o territ\u00f3rio nacional, proporcionar\u00e1 descontos na conta no valor de R$ 0,50 para cada kWh economizado, no per\u00edodo de quatro meses (setembro a dezembro). O abatimento ser\u00e1 concedido a quem poupar no m\u00ednimo 10% e no m\u00e1ximo 20% em rela\u00e7\u00e3o ao mesmo intervalo de meses do ano de 2020. O desconto correspondente ser\u00e1 lan\u00e7ado nas faturas de energia el\u00e9trica a partir de janeiro de 2022.<br>Se, por exemplo, uma fam\u00edlia consumiu 200kWh em setembro de 2020, 180kWh em outubro, 190kWh em novembro e 200kWh em dezembro de 2020, seu consumo m\u00e9dio de refer\u00eancia proporcionalizado em rela\u00e7\u00e3o aos dias de leitura foi de 191kWh. Desta forma, essa fam\u00edlia precisa reduzir seu consumo mensal em no m\u00ednimo 10% para participar do programa de b\u00f4nus, o que equivaleria a um consumo m\u00e9dio mensal em torno de 172kWh. Neste caso, o b\u00f4nus creditado ao fim do Programa seria de R$ 39,18. Considerando o limite m\u00e1ximo permitido para recebimento de b\u00f4nus, que \u00e9 20%, essa fam\u00edlia poderia ter um cr\u00e9dito de at\u00e9 R$ 77,64.<br>Vale destacar que, para os clientes eleg\u00edveis, a EDP informa a meta de economia de cada unidade consumidora e a redu\u00e7\u00e3o de consumo alcan\u00e7ada em rela\u00e7\u00e3o ao mesmo per\u00edodo do ano anterior na fatura de energia el\u00e9trica. Com isso, \u00e9 poss\u00edvel acompanhar a evolu\u00e7\u00e3o do consumo e readequar h\u00e1bitos familiares de maneira a fazer jus ao b\u00f4nus.<br>\u201cApesar das chuvas ocorridas nos \u00faltimos meses e de uma leve melhora nos n\u00edveis dos reservat\u00f3rios brasileiros, o momento de escassez h\u00eddrica nos desafia a usar a eletricidade de forma cada vez mais consciente. O sistema de b\u00f4nus \u00e9 uma forma de reconhecer o esfor\u00e7o da popula\u00e7\u00e3o em contribuir para a mitiga\u00e7\u00e3o dos impactos da falta de chuvas, ajudando o Pa\u00eds a superar esse momento\u201d, afirma Vilmar Abreu, gestor de Excel\u00eancia ao Cliente da EDP.<br>Para mais informa\u00e7\u00f5es sobre o Programa de Incentivo \u00e0 Redu\u00e7\u00e3o Volunt\u00e1ria do Consumo de Energia El\u00e9trica e dicas de uso eficiente da energia, acesse: <a href=\"http:\/\/www.edp.com.br\/seliganoconsumo\">www.edp.com.br\/seliganoconsumo<\/a>.<\/p>\n\n\n\n<figure class=\"wp-block-image size-large\"><img loading=\"lazy\" decoding=\"async\" width=\"666\" height=\"1000\" src=\"https:\/\/jornalfatosenoticias.com.br\/wp-content\/uploads\/2021\/12\/bonus-conta-luz.jpg\" alt=\"\" class=\"wp-image-26089\" srcset=\"https:\/\/jornalfatosenoticias.com.br\/wp-content\/uploads\/2021\/12\/bonus-conta-luz.jpg 666w, https:\/\/jornalfatosenoticias.com.br\/wp-content\/uploads\/2021\/12\/bonus-conta-luz-200x300.jpg 200w\" sizes=\"auto, (max-width: 666px) 100vw, 666px\" \/><figcaption><em><strong>Arte: Extra Globo<\/strong><\/em><\/figcaption><\/figure>\n\n\n\n<h4 class=\"wp-block-heading\"><span class=\"has-inline-color has-black-color\">Mais dicas de uso respons\u00e1vel da energia para clientes residenciais<\/span><\/h4>\n\n\n\n<p>\u2022 Ventile e ilumine naturalmente todos os ambientes da resid\u00eancia<br>\u2022 Troque as l\u00e2mpadas antigas por LED, que duram mais e gastam menos energia.<br>\u2022 Evite pintar as paredes internas da resid\u00eancia com cores escuras, que exigem ilumina\u00e7\u00e3o mais potente.<br>\u2022 Nos quartos, proteja as janelas com venezianas ou persianas externas, que permitem escurecer o ambiente sem abdicar da ventila\u00e7\u00e3o natural.<br>\u2022 Utilize sua m\u00e1quina de lavar na capacidade m\u00e1xima, conforme indicado pelo fabricante, evitando o desperd\u00edcio de energia el\u00e9trica e \u00e1gua.<br>\u2022 O chuveiro el\u00e9trico consome bastante energia. Tente controlar o tempo do banho \u2014 entre cinco e oito minutos, no m\u00e1ximo \u2014 e a press\u00e3o da \u00e1gua, que tamb\u00e9m n\u00e3o deve ser excessiva, ajudando a reduzir o desperd\u00edcio.<br>\u2022 Procure passar a maior quantidade poss\u00edvel de roupas de uma s\u00f3 vez. Antes de ligar o ferro, separe as roupas por tipo de tecido \u2013 alguns exigem temperatura mais alta que outros. Comece com as roupas que precisam de temperatura mais baixa.<br>\u2022 A fun\u00e7\u00e3o stand by de alguns eletr\u00f4nicos, como televis\u00e3o, computador e videogame, tamb\u00e9m consome energia. Sempre que poss\u00edvel, desligue os aparelhos ou tire-os da tomada.<br>\u2022 Ao comprar novos equipamentos, d\u00ea prefer\u00eancia aos eletrodom\u00e9sticos com o selo Procel, que classifica os aparelhos de acordo com o n\u00edvel de consumo. Eles s\u00e3o certificados pelo Inmetro e, al\u00e9m de consumir menos energia, contribuem com a preserva\u00e7\u00e3o do meio-ambiente.<br>\u2022 Adquira equipamentos de acordo com a caracter\u00edstica da fam\u00edlia, como quantidade de pessoas e h\u00e1bitos de consumo.<br>\u2022 Evite o faturamento pela m\u00e9dia garantindo o acesso do leiturista ao medidor. Verifique a data prevista da pr\u00f3xima leitura na sua fatura de energia.<br>\u2022 Em alternativa ao faturamento por m\u00e9dia, a EDP oferece em seus canais o servi\u00e7o de autoleitura, saiba mais em <a href=\"http:\/\/www.edp.com.br\">www.edp.com.br<\/a>.<\/p>\n\n\n\n<p><strong><span class=\"has-inline-color has-vivid-red-color\">Sobre a EDP no Brasil<br><\/span><\/strong>Presente h\u00e1 mais de 20 anos no Pa\u00eds, a EDP \u00e9 uma das maiores empresas privadas do setor el\u00e9trico a operar em toda a cadeia de valor. Com mais de 10 mil colaboradores diretos e terceirizados, a Companhia tem neg\u00f3cios em Gera\u00e7\u00e3o, Transmiss\u00e3o, e Solu\u00e7\u00f5es em Servi\u00e7os de Energia voltados ao mercado B2B, como gera\u00e7\u00e3o solar, mobilidade el\u00e9trica e mercado livre de energia. Em Distribui\u00e7\u00e3o, atende cerca de 3,6 milh\u00f5es de clientes em S\u00e3o Paulo e no Esp\u00edrito Santo, al\u00e9m de ser a principal acionista da Celesc, em Santa Catarina. Em 2021 foi eleita pelo segundo ano consecutivo a empresa mais inovadora do setor el\u00e9trico pelo ranking Valor Inova\u00e7\u00e3o, do jornal Valor Econ\u00f4mico, e \u00e9 refer\u00eancia em ESG, figurando h\u00e1 15 anos no \u00cdndice de Sustentabilidade Empresarial (ISE) da B3.<\/p>\n\n\n\n<p><strong><em><span class=\"has-inline-color has-black-color\">Fonte: Divulga\u00e7\u00e3o<\/span><\/em><\/strong><\/p>\n","protected":false},"excerpt":{"rendered":"<p>Segundo EDP, entre setembro e novembro, 39% dos clientes capixabas atingiram meta parcial para receber b\u00f4nus na conta de luz Em vigor h\u00e1 tr\u00eas meses, programa do Governo Federal proporciona desconto a clientes que conseguirem reduzir o consumo de energia el\u00e9trica. No Esp\u00edrito Santo, 39% dos clientes eleg\u00edveis ao Programa de Incentivo \u00e0 Redu\u00e7\u00e3o Volunt\u00e1ria [&hellip;]<\/p>\n","protected":false},"author":2,"featured_media":26090,"comment_status":"open","ping_status":"open","sticky":false,"template":"","format":"standard","meta":{"footnotes":""},"categories":[9],"tags":[2509,12581,2528,537],"class_list":["post-26088","post","type-post","status-publish","format-standard","has-post-thumbnail","hentry","category-economia","tag-aneel","tag-bonus-conta-de-luz","tag-conta-de-luz","tag-edp"],"yoast_head":"<!-- This site is optimized with the Yoast SEO plugin v26.5 - https:\/\/yoast.com\/wordpress\/plugins\/seo\/ -->\n<title>B\u00f4nus na conta de Luz - Jornal Fatos e Not\u00edcias<\/title>\n<meta name=\"robots\" content=\"index, follow, max-snippet:-1, max-image-preview:large, max-video-preview:-1\" \/>\n<link rel=\"canonical\" href=\"https:\/\/jornalfatosenoticias.com.br\/index.php\/2021\/12\/17\/bonus-na-conta-de-luz\/\" \/>\n<meta property=\"og:locale\" content=\"pt_BR\" \/>\n<meta property=\"og:type\" content=\"article\" \/>\n<meta property=\"og:title\" content=\"B\u00f4nus na conta de Luz - Jornal Fatos e Not\u00edcias\" \/>\n<meta property=\"og:description\" content=\"Segundo EDP, entre setembro e novembro, 39% dos clientes capixabas atingiram meta parcial para receber b\u00f4nus na conta de luz Em vigor h\u00e1 tr\u00eas meses, programa do Governo Federal proporciona desconto a clientes que conseguirem reduzir o consumo de energia el\u00e9trica. No Esp\u00edrito Santo, 39% dos clientes eleg\u00edveis ao Programa de Incentivo \u00e0 Redu\u00e7\u00e3o Volunt\u00e1ria [&hellip;]\" \/>\n<meta property=\"og:url\" content=\"https:\/\/jornalfatosenoticias.com.br\/index.php\/2021\/12\/17\/bonus-na-conta-de-luz\/\" \/>\n<meta property=\"og:site_name\" content=\"Jornal Fatos e Not\u00edcias\" \/>\n<meta property=\"article:published_time\" content=\"2021-12-17T15:51:22+00:00\" \/>\n<meta property=\"og:image\" content=\"https:\/\/jornalfatosenoticias.com.br\/wp-content\/uploads\/2021\/12\/bonus-conta-de-luz_capa_Shutterstock.jpg\" \/>\n\t<meta property=\"og:image:width\" content=\"1000\" \/>\n\t<meta property=\"og:image:height\" content=\"667\" \/>\n\t<meta property=\"og:image:type\" content=\"image\/jpeg\" \/>\n<meta name=\"author\" content=\"Luzimara Fernandes\" \/>\n<meta name=\"twitter:card\" content=\"summary_large_image\" \/>\n<meta name=\"twitter:label1\" content=\"Escrito por\" \/>\n\t<meta name=\"twitter:data1\" content=\"Luzimara Fernandes\" \/>\n\t<meta name=\"twitter:label2\" content=\"Est. tempo de leitura\" \/>\n\t<meta name=\"twitter:data2\" content=\"5 minutos\" \/>\n<script type=\"application\/ld+json\" class=\"yoast-schema-graph\">{\"@context\":\"https:\/\/schema.org\",\"@graph\":[{\"@type\":\"Article\",\"@id\":\"https:\/\/jornalfatosenoticias.com.br\/index.php\/2021\/12\/17\/bonus-na-conta-de-luz\/#article\",\"isPartOf\":{\"@id\":\"https:\/\/jornalfatosenoticias.com.br\/index.php\/2021\/12\/17\/bonus-na-conta-de-luz\/\"},\"author\":{\"name\":\"Luzimara Fernandes\",\"@id\":\"https:\/\/jornalfatosenoticias.com.br\/#\/schema\/person\/d63837fa13ac8666eb9e74e0985d6f81\"},\"headline\":\"B\u00f4nus na conta de Luz\",\"datePublished\":\"2021-12-17T15:51:22+00:00\",\"mainEntityOfPage\":{\"@id\":\"https:\/\/jornalfatosenoticias.com.br\/index.php\/2021\/12\/17\/bonus-na-conta-de-luz\/\"},\"wordCount\":1010,\"commentCount\":0,\"publisher\":{\"@id\":\"https:\/\/jornalfatosenoticias.com.br\/#organization\"},\"image\":{\"@id\":\"https:\/\/jornalfatosenoticias.com.br\/index.php\/2021\/12\/17\/bonus-na-conta-de-luz\/#primaryimage\"},\"thumbnailUrl\":\"https:\/\/jornalfatosenoticias.com.br\/wp-content\/uploads\/2021\/12\/bonus-conta-de-luz_capa_Shutterstock.jpg\",\"keywords\":[\"Aneel\",\"b\u00f4nus conta de luz\",\"conta de luz\",\"EDP\"],\"articleSection\":[\"Economia\"],\"inLanguage\":\"pt-BR\",\"potentialAction\":[{\"@type\":\"CommentAction\",\"name\":\"Comment\",\"target\":[\"https:\/\/jornalfatosenoticias.com.br\/index.php\/2021\/12\/17\/bonus-na-conta-de-luz\/#respond\"]}]},{\"@type\":\"WebPage\",\"@id\":\"https:\/\/jornalfatosenoticias.com.br\/index.php\/2021\/12\/17\/bonus-na-conta-de-luz\/\",\"url\":\"https:\/\/jornalfatosenoticias.com.br\/index.php\/2021\/12\/17\/bonus-na-conta-de-luz\/\",\"name\":\"B\u00f4nus na conta de Luz - Jornal Fatos e Not\u00edcias\",\"isPartOf\":{\"@id\":\"https:\/\/jornalfatosenoticias.com.br\/#website\"},\"primaryImageOfPage\":{\"@id\":\"https:\/\/jornalfatosenoticias.com.br\/index.php\/2021\/12\/17\/bonus-na-conta-de-luz\/#primaryimage\"},\"image\":{\"@id\":\"https:\/\/jornalfatosenoticias.com.br\/index.php\/2021\/12\/17\/bonus-na-conta-de-luz\/#primaryimage\"},\"thumbnailUrl\":\"https:\/\/jornalfatosenoticias.com.br\/wp-content\/uploads\/2021\/12\/bonus-conta-de-luz_capa_Shutterstock.jpg\",\"datePublished\":\"2021-12-17T15:51:22+00:00\",\"breadcrumb\":{\"@id\":\"https:\/\/jornalfatosenoticias.com.br\/index.php\/2021\/12\/17\/bonus-na-conta-de-luz\/#breadcrumb\"},\"inLanguage\":\"pt-BR\",\"potentialAction\":[{\"@type\":\"ReadAction\",\"target\":[\"https:\/\/jornalfatosenoticias.com.br\/index.php\/2021\/12\/17\/bonus-na-conta-de-luz\/\"]}]},{\"@type\":\"ImageObject\",\"inLanguage\":\"pt-BR\",\"@id\":\"https:\/\/jornalfatosenoticias.com.br\/index.php\/2021\/12\/17\/bonus-na-conta-de-luz\/#primaryimage\",\"url\":\"https:\/\/jornalfatosenoticias.com.br\/wp-content\/uploads\/2021\/12\/bonus-conta-de-luz_capa_Shutterstock.jpg\",\"contentUrl\":\"https:\/\/jornalfatosenoticias.com.br\/wp-content\/uploads\/2021\/12\/bonus-conta-de-luz_capa_Shutterstock.jpg\",\"width\":1000,\"height\":667},{\"@type\":\"BreadcrumbList\",\"@id\":\"https:\/\/jornalfatosenoticias.com.br\/index.php\/2021\/12\/17\/bonus-na-conta-de-luz\/#breadcrumb\",\"itemListElement\":[{\"@type\":\"ListItem\",\"position\":1,\"name\":\"In\u00edcio\",\"item\":\"https:\/\/jornalfatosenoticias.com.br\/\"},{\"@type\":\"ListItem\",\"position\":2,\"name\":\"B\u00f4nus na conta de Luz\"}]},{\"@type\":\"WebSite\",\"@id\":\"https:\/\/jornalfatosenoticias.com.br\/#website\",\"url\":\"https:\/\/jornalfatosenoticias.com.br\/\",\"name\":\"Jornal Fatos e Not\u00edcias\",\"description\":\"Not\u00edcias em geral\",\"publisher\":{\"@id\":\"https:\/\/jornalfatosenoticias.com.br\/#organization\"},\"potentialAction\":[{\"@type\":\"SearchAction\",\"target\":{\"@type\":\"EntryPoint\",\"urlTemplate\":\"https:\/\/jornalfatosenoticias.com.br\/?s={search_term_string}\"},\"query-input\":{\"@type\":\"PropertyValueSpecification\",\"valueRequired\":true,\"valueName\":\"search_term_string\"}}],\"inLanguage\":\"pt-BR\"},{\"@type\":\"Organization\",\"@id\":\"https:\/\/jornalfatosenoticias.com.br\/#organization\",\"name\":\"Jornal Fatos e Not\u00edcias\",\"url\":\"https:\/\/jornalfatosenoticias.com.br\/\",\"logo\":{\"@type\":\"ImageObject\",\"inLanguage\":\"pt-BR\",\"@id\":\"https:\/\/jornalfatosenoticias.com.br\/#\/schema\/logo\/image\/\",\"url\":\"https:\/\/jornalfatosenoticias.com.br\/wp-content\/uploads\/2020\/02\/logo120.png\",\"contentUrl\":\"https:\/\/jornalfatosenoticias.com.br\/wp-content\/uploads\/2020\/02\/logo120.png\",\"width\":1227,\"height\":120,\"caption\":\"Jornal Fatos e Not\u00edcias\"},\"image\":{\"@id\":\"https:\/\/jornalfatosenoticias.com.br\/#\/schema\/logo\/image\/\"}},{\"@type\":\"Person\",\"@id\":\"https:\/\/jornalfatosenoticias.com.br\/#\/schema\/person\/d63837fa13ac8666eb9e74e0985d6f81\",\"name\":\"Luzimara Fernandes\",\"image\":{\"@type\":\"ImageObject\",\"inLanguage\":\"pt-BR\",\"@id\":\"https:\/\/jornalfatosenoticias.com.br\/#\/schema\/person\/image\/\",\"url\":\"https:\/\/jornalfatosenoticias.com.br\/wp-content\/uploads\/2025\/05\/EU_portal.jpg\",\"contentUrl\":\"https:\/\/jornalfatosenoticias.com.br\/wp-content\/uploads\/2025\/05\/EU_portal.jpg\",\"caption\":\"Luzimara Fernandes\"},\"description\":\"Jornalista MTB 2358-ES\",\"sameAs\":[\"https:\/\/jornalfatosenoticias.com.br\"],\"url\":\"https:\/\/jornalfatosenoticias.com.br\/index.php\/author\/luzimara\/\"}]}<\/script>\n<!-- \/ Yoast SEO plugin. -->","yoast_head_json":{"title":"B\u00f4nus na conta de Luz - Jornal Fatos e Not\u00edcias","robots":{"index":"index","follow":"follow","max-snippet":"max-snippet:-1","max-image-preview":"max-image-preview:large","max-video-preview":"max-video-preview:-1"},"canonical":"https:\/\/jornalfatosenoticias.com.br\/index.php\/2021\/12\/17\/bonus-na-conta-de-luz\/","og_locale":"pt_BR","og_type":"article","og_title":"B\u00f4nus na conta de Luz - Jornal Fatos e Not\u00edcias","og_description":"Segundo EDP, entre setembro e novembro, 39% dos clientes capixabas atingiram meta parcial para receber b\u00f4nus na conta de luz Em vigor h\u00e1 tr\u00eas meses, programa do Governo Federal proporciona desconto a clientes que conseguirem reduzir o consumo de energia el\u00e9trica. No Esp\u00edrito Santo, 39% dos clientes eleg\u00edveis ao Programa de Incentivo \u00e0 Redu\u00e7\u00e3o Volunt\u00e1ria [&hellip;]","og_url":"https:\/\/jornalfatosenoticias.com.br\/index.php\/2021\/12\/17\/bonus-na-conta-de-luz\/","og_site_name":"Jornal Fatos e Not\u00edcias","article_published_time":"2021-12-17T15:51:22+00:00","og_image":[{"width":1000,"height":667,"url":"https:\/\/jornalfatosenoticias.com.br\/wp-content\/uploads\/2021\/12\/bonus-conta-de-luz_capa_Shutterstock.jpg","type":"image\/jpeg"}],"author":"Luzimara Fernandes","twitter_card":"summary_large_image","twitter_misc":{"Escrito por":"Luzimara Fernandes","Est. tempo de leitura":"5 minutos"},"schema":{"@context":"https:\/\/schema.org","@graph":[{"@type":"Article","@id":"https:\/\/jornalfatosenoticias.com.br\/index.php\/2021\/12\/17\/bonus-na-conta-de-luz\/#article","isPartOf":{"@id":"https:\/\/jornalfatosenoticias.com.br\/index.php\/2021\/12\/17\/bonus-na-conta-de-luz\/"},"author":{"name":"Luzimara Fernandes","@id":"https:\/\/jornalfatosenoticias.com.br\/#\/schema\/person\/d63837fa13ac8666eb9e74e0985d6f81"},"headline":"B\u00f4nus na conta de Luz","datePublished":"2021-12-17T15:51:22+00:00","mainEntityOfPage":{"@id":"https:\/\/jornalfatosenoticias.com.br\/index.php\/2021\/12\/17\/bonus-na-conta-de-luz\/"},"wordCount":1010,"commentCount":0,"publisher":{"@id":"https:\/\/jornalfatosenoticias.com.br\/#organization"},"image":{"@id":"https:\/\/jornalfatosenoticias.com.br\/index.php\/2021\/12\/17\/bonus-na-conta-de-luz\/#primaryimage"},"thumbnailUrl":"https:\/\/jornalfatosenoticias.com.br\/wp-content\/uploads\/2021\/12\/bonus-conta-de-luz_capa_Shutterstock.jpg","keywords":["Aneel","b\u00f4nus conta de luz","conta de luz","EDP"],"articleSection":["Economia"],"inLanguage":"pt-BR","potentialAction":[{"@type":"CommentAction","name":"Comment","target":["https:\/\/jornalfatosenoticias.com.br\/index.php\/2021\/12\/17\/bonus-na-conta-de-luz\/#respond"]}]},{"@type":"WebPage","@id":"https:\/\/jornalfatosenoticias.com.br\/index.php\/2021\/12\/17\/bonus-na-conta-de-luz\/","url":"https:\/\/jornalfatosenoticias.com.br\/index.php\/2021\/12\/17\/bonus-na-conta-de-luz\/","name":"B\u00f4nus na conta de Luz - Jornal Fatos e Not\u00edcias","isPartOf":{"@id":"https:\/\/jornalfatosenoticias.com.br\/#website"},"primaryImageOfPage":{"@id":"https:\/\/jornalfatosenoticias.com.br\/index.php\/2021\/12\/17\/bonus-na-conta-de-luz\/#primaryimage"},"image":{"@id":"https:\/\/jornalfatosenoticias.com.br\/index.php\/2021\/12\/17\/bonus-na-conta-de-luz\/#primaryimage"},"thumbnailUrl":"https:\/\/jornalfatosenoticias.com.br\/wp-content\/uploads\/2021\/12\/bonus-conta-de-luz_capa_Shutterstock.jpg","datePublished":"2021-12-17T15:51:22+00:00","breadcrumb":{"@id":"https:\/\/jornalfatosenoticias.com.br\/index.php\/2021\/12\/17\/bonus-na-conta-de-luz\/#breadcrumb"},"inLanguage":"pt-BR","potentialAction":[{"@type":"ReadAction","target":["https:\/\/jornalfatosenoticias.com.br\/index.php\/2021\/12\/17\/bonus-na-conta-de-luz\/"]}]},{"@type":"ImageObject","inLanguage":"pt-BR","@id":"https:\/\/jornalfatosenoticias.com.br\/index.php\/2021\/12\/17\/bonus-na-conta-de-luz\/#primaryimage","url":"https:\/\/jornalfatosenoticias.com.br\/wp-content\/uploads\/2021\/12\/bonus-conta-de-luz_capa_Shutterstock.jpg","contentUrl":"https:\/\/jornalfatosenoticias.com.br\/wp-content\/uploads\/2021\/12\/bonus-conta-de-luz_capa_Shutterstock.jpg","width":1000,"height":667},{"@type":"BreadcrumbList","@id":"https:\/\/jornalfatosenoticias.com.br\/index.php\/2021\/12\/17\/bonus-na-conta-de-luz\/#breadcrumb","itemListElement":[{"@type":"ListItem","position":1,"name":"In\u00edcio","item":"https:\/\/jornalfatosenoticias.com.br\/"},{"@type":"ListItem","position":2,"name":"B\u00f4nus na conta de Luz"}]},{"@type":"WebSite","@id":"https:\/\/jornalfatosenoticias.com.br\/#website","url":"https:\/\/jornalfatosenoticias.com.br\/","name":"Jornal Fatos e Not\u00edcias","description":"Not\u00edcias em geral","publisher":{"@id":"https:\/\/jornalfatosenoticias.com.br\/#organization"},"potentialAction":[{"@type":"SearchAction","target":{"@type":"EntryPoint","urlTemplate":"https:\/\/jornalfatosenoticias.com.br\/?s={search_term_string}"},"query-input":{"@type":"PropertyValueSpecification","valueRequired":true,"valueName":"search_term_string"}}],"inLanguage":"pt-BR"},{"@type":"Organization","@id":"https:\/\/jornalfatosenoticias.com.br\/#organization","name":"Jornal Fatos e Not\u00edcias","url":"https:\/\/jornalfatosenoticias.com.br\/","logo":{"@type":"ImageObject","inLanguage":"pt-BR","@id":"https:\/\/jornalfatosenoticias.com.br\/#\/schema\/logo\/image\/","url":"https:\/\/jornalfatosenoticias.com.br\/wp-content\/uploads\/2020\/02\/logo120.png","contentUrl":"https:\/\/jornalfatosenoticias.com.br\/wp-content\/uploads\/2020\/02\/logo120.png","width":1227,"height":120,"caption":"Jornal Fatos e Not\u00edcias"},"image":{"@id":"https:\/\/jornalfatosenoticias.com.br\/#\/schema\/logo\/image\/"}},{"@type":"Person","@id":"https:\/\/jornalfatosenoticias.com.br\/#\/schema\/person\/d63837fa13ac8666eb9e74e0985d6f81","name":"Luzimara Fernandes","image":{"@type":"ImageObject","inLanguage":"pt-BR","@id":"https:\/\/jornalfatosenoticias.com.br\/#\/schema\/person\/image\/","url":"https:\/\/jornalfatosenoticias.com.br\/wp-content\/uploads\/2025\/05\/EU_portal.jpg","contentUrl":"https:\/\/jornalfatosenoticias.com.br\/wp-content\/uploads\/2025\/05\/EU_portal.jpg","caption":"Luzimara Fernandes"},"description":"Jornalista MTB 2358-ES","sameAs":["https:\/\/jornalfatosenoticias.com.br"],"url":"https:\/\/jornalfatosenoticias.com.br\/index.php\/author\/luzimara\/"}]}},"cc_featured_image_caption":{"caption_text":"(Foto: Shutterstock) ","source_text":"","source_url":""},"jetpack_featured_media_url":"https:\/\/jornalfatosenoticias.com.br\/wp-content\/uploads\/2021\/12\/bonus-conta-de-luz_capa_Shutterstock.jpg","_links":{"self":[{"href":"https:\/\/jornalfatosenoticias.com.br\/index.php\/wp-json\/wp\/v2\/posts\/26088","targetHints":{"allow":["GET"]}}],"collection":[{"href":"https:\/\/jornalfatosenoticias.com.br\/index.php\/wp-json\/wp\/v2\/posts"}],"about":[{"href":"https:\/\/jornalfatosenoticias.com.br\/index.php\/wp-json\/wp\/v2\/types\/post"}],"author":[{"embeddable":true,"href":"https:\/\/jornalfatosenoticias.com.br\/index.php\/wp-json\/wp\/v2\/users\/2"}],"replies":[{"embeddable":true,"href":"https:\/\/jornalfatosenoticias.com.br\/index.php\/wp-json\/wp\/v2\/comments?post=26088"}],"version-history":[{"count":0,"href":"https:\/\/jornalfatosenoticias.com.br\/index.php\/wp-json\/wp\/v2\/posts\/26088\/revisions"}],"wp:featuredmedia":[{"embeddable":true,"href":"https:\/\/jornalfatosenoticias.com.br\/index.php\/wp-json\/wp\/v2\/media\/26090"}],"wp:attachment":[{"href":"https:\/\/jornalfatosenoticias.com.br\/index.php\/wp-json\/wp\/v2\/media?parent=26088"}],"wp:term":[{"taxonomy":"category","embeddable":true,"href":"https:\/\/jornalfatosenoticias.com.br\/index.php\/wp-json\/wp\/v2\/categories?post=26088"},{"taxonomy":"post_tag","embeddable":true,"href":"https:\/\/jornalfatosenoticias.com.br\/index.php\/wp-json\/wp\/v2\/tags?post=26088"}],"curies":[{"name":"wp","href":"https:\/\/api.w.org\/{rel}","templated":true}]}}