{"id":26180,"date":"2021-12-21T12:32:37","date_gmt":"2021-12-21T15:32:37","guid":{"rendered":"https:\/\/jornalfatosenoticias.com.br\/?p=26180"},"modified":"2021-12-21T12:32:42","modified_gmt":"2021-12-21T15:32:42","slug":"surpreendente-descoberta-e-feita-em-cidade-onde-maria-madalena-nasceu","status":"publish","type":"post","link":"https:\/\/jornalfatosenoticias.com.br\/index.php\/2021\/12\/21\/surpreendente-descoberta-e-feita-em-cidade-onde-maria-madalena-nasceu\/","title":{"rendered":"Surpreendente descoberta \u00e9 feita em cidade onde Maria Madalena nasceu"},"content":{"rendered":"\n<p><em><span class=\"has-inline-color has-black-color\">&#8216;Podemos imaginar Maria Madalena e sua fam\u00edlia vindo aqui&#8217;, diz arque\u00f3loga<\/span><\/em><\/p>\n\n\n\n<p>Uma <a href=\"https:\/\/aventurasnahistoria.uol.com.br\/noticias\/historia-hoje\/vestigios-de-sinagoga-destruida-na-noite-dos-cristais-sao-descobertos.phtml\" rel=\"noreferrer noopener\" target=\"_blank\">sinagoga<\/a>\u00a0de 2.000 anos foi desenterrada em\u00a0<a href=\"https:\/\/pt.wikipedia.org\/wiki\/Magdala\" rel=\"noreferrer noopener\" target=\"_blank\">Magdala<\/a>, uma antiga vila judaica do per\u00edodo do Segundo Templo, que ficava situada na costa oeste do Mar da Galileia. Acredita-se que a cidade possa ser o local de nascimento de\u00a0<a href=\"https:\/\/aventurasnahistoria.uol.com.br\/noticias\/reportagem\/apostola-dos-apostolos-os-enigmas-de-maria-madalena.phtml\" rel=\"noreferrer noopener\" target=\"_blank\"><strong>Maria Madalena<\/strong><\/a>.\u00a0Magdala tamb\u00e9m \u00e9 conhecida por ter abrigado a principal base rebelde do comandante <a href=\"https:\/\/pt.wikipedia.org\/wiki\/Fl%C3%83%C2%A1vio_Josefo\" rel=\"noreferrer noopener\" target=\"_blank\"><strong>Fl\u00e1vio Josefo<\/strong><\/a>\u00a0durante a\u00a0<a href=\"https:\/\/pt.wikipedia.org\/wiki\/Primeira_guerra_judaico-romana\" rel=\"noreferrer noopener\" target=\"_blank\">Primeira Guerra romano-judaica<\/a>, que aconteceu entre os anos 66 e 73.<\/p>\n\n\n\n<figure class=\"wp-block-image size-large\"><img loading=\"lazy\" decoding=\"async\" width=\"1000\" height=\"721\" src=\"https:\/\/jornalfatosenoticias.com.br\/wp-content\/uploads\/2021\/12\/MARIA-MADALENA_2_getty-images.jpg\" alt=\"\" class=\"wp-image-26181\" srcset=\"https:\/\/jornalfatosenoticias.com.br\/wp-content\/uploads\/2021\/12\/MARIA-MADALENA_2_getty-images.jpg 1000w, https:\/\/jornalfatosenoticias.com.br\/wp-content\/uploads\/2021\/12\/MARIA-MADALENA_2_getty-images-300x216.jpg 300w, https:\/\/jornalfatosenoticias.com.br\/wp-content\/uploads\/2021\/12\/MARIA-MADALENA_2_getty-images-768x554.jpg 768w\" sizes=\"auto, (max-width: 1000px) 100vw, 1000px\" \/><figcaption><em><span class=\"has-inline-color has-black-color\">Imagem a\u00e9rea da funda\u00e7\u00e3o da sinagoga (Foto: Getty Images)<\/span><\/em><\/figcaption><\/figure>\n\n\n\n<p>\u201c[A descoberta] lan\u00e7a luz sobre a vida social e religiosa dos judeus na \u00e1rea neste per\u00edodo e reflete a necessidade de um edif\u00edcio dedicado \u00e0 leitura e estudo da Tor\u00e1 e para encontros sociais\u201d, aponta a codiretora de escava\u00e7\u00e3o <strong>Dina Avshalom-Gorni,<\/strong> arque\u00f3loga da Universidade de Haifa. <\/p>\n\n\n\n<blockquote class=\"wp-block-quote is-layout-flow wp-block-quote-is-layout-flow\"><p><span class=\"has-inline-color has-luminous-vivid-orange-color\">\u201cPodemos imaginar <strong>Maria Madalena<\/strong> e sua fam\u00edlia vindo \u00e0 sinagoga aqui, junto com outros residentes de Magdala, para participar de eventos religiosos e comunit\u00e1rios\u201d, continua.<\/span><\/p><\/blockquote>\n\n\n\n<figure class=\"wp-block-image size-large\"><img loading=\"lazy\" decoding=\"async\" width=\"1000\" height=\"666\" src=\"https:\/\/jornalfatosenoticias.com.br\/wp-content\/uploads\/2021\/12\/MARIA-MADALENA_3_getty-images.jpg\" alt=\"\" class=\"wp-image-26182\" srcset=\"https:\/\/jornalfatosenoticias.com.br\/wp-content\/uploads\/2021\/12\/MARIA-MADALENA_3_getty-images.jpg 1000w, https:\/\/jornalfatosenoticias.com.br\/wp-content\/uploads\/2021\/12\/MARIA-MADALENA_3_getty-images-300x200.jpg 300w, https:\/\/jornalfatosenoticias.com.br\/wp-content\/uploads\/2021\/12\/MARIA-MADALENA_3_getty-images-768x511.jpg 768w\" sizes=\"auto, (max-width: 1000px) 100vw, 1000px\" \/><figcaption><em><span class=\"has-inline-color has-black-color\">Detalhes do ch\u00e3o da sinagoga (Foto: Getty Images)<\/span><\/em><\/figcaption><\/figure>\n\n\n\n<p>A sinagoga foi projetada com um sal\u00e3o principal e duas salas separadas. O espa\u00e7o foi constru\u00eddo em basalto vulc\u00e2nico, calc\u00e1rio e gesso. Al\u00e9m do mais, um banco de pedra esculpido com imagens de uma menor\u00e1 de sete bra\u00e7os foi encontrado em uma das salas menores, segundo aponta o jornal local Times of Israel.<br>E os arque\u00f3logos descobriram v\u00e1rios artefatos, incluindo casti\u00e7ais de cer\u00e2mica, tigelas de vidro moldado, an\u00e9is e utens\u00edlios de pedra usados para rituais de purifica\u00e7\u00e3o.<\/p>\n\n\n\n<figure class=\"wp-block-image size-large\"><img loading=\"lazy\" decoding=\"async\" width=\"1000\" height=\"666\" src=\"https:\/\/jornalfatosenoticias.com.br\/wp-content\/uploads\/2021\/12\/MARIA-MADALENA_4_getty-images.jpg\" alt=\"\" class=\"wp-image-26183\" srcset=\"https:\/\/jornalfatosenoticias.com.br\/wp-content\/uploads\/2021\/12\/MARIA-MADALENA_4_getty-images.jpg 1000w, https:\/\/jornalfatosenoticias.com.br\/wp-content\/uploads\/2021\/12\/MARIA-MADALENA_4_getty-images-300x200.jpg 300w, https:\/\/jornalfatosenoticias.com.br\/wp-content\/uploads\/2021\/12\/MARIA-MADALENA_4_getty-images-768x511.jpg 768w\" sizes=\"auto, (max-width: 1000px) 100vw, 1000px\" \/><figcaption><em><span class=\"has-inline-color has-black-color\">Banco de pedra (Foto: Getty Images)<\/span><\/em><\/figcaption><\/figure>\n\n\n\n<p><strong><em>Fonte: <a href=\"https:\/\/aventurasnahistoria.uol.com.br\/noticias\/historia-hoje\/surpreendente-descoberta-e-feita-na-cidade-onde-maria-madalena-nasceu.phtml\">Aventuras na Hist\u00f3ria<\/a><\/em><\/strong><\/p>\n","protected":false},"excerpt":{"rendered":"<p>&#8216;Podemos imaginar Maria Madalena e sua fam\u00edlia vindo aqui&#8217;, diz arque\u00f3loga Uma sinagoga\u00a0de 2.000 anos foi desenterrada em\u00a0Magdala, uma antiga vila judaica do per\u00edodo do Segundo Templo, que ficava situada na costa oeste do Mar da Galileia. Acredita-se que a cidade possa ser o local de nascimento de\u00a0Maria Madalena.\u00a0Magdala tamb\u00e9m \u00e9 conhecida por ter abrigado [&hellip;]<\/p>\n","protected":false},"author":2,"featured_media":26184,"comment_status":"open","ping_status":"open","sticky":false,"template":"","format":"standard","meta":{"footnotes":""},"categories":[9808],"tags":[1478,1666,12613,12616,12614,3294,12615],"class_list":["post-26180","post","type-post","status-publish","format-standard","has-post-thumbnail","hentry","category-paleo-arqueologia","tag-arqueologia","tag-descoberta","tag-magdala","tag-mar-da-galileia","tag-maria-madalena","tag-religiao","tag-sinagoga"],"yoast_head":"<!-- This site is optimized with the Yoast SEO plugin v26.5 - https:\/\/yoast.com\/wordpress\/plugins\/seo\/ -->\n<title>Surpreendente descoberta \u00e9 feita em cidade onde Maria Madalena nasceu - Jornal Fatos e Not\u00edcias<\/title>\n<meta name=\"robots\" content=\"index, follow, max-snippet:-1, max-image-preview:large, max-video-preview:-1\" \/>\n<link rel=\"canonical\" href=\"https:\/\/jornalfatosenoticias.com.br\/index.php\/2021\/12\/21\/surpreendente-descoberta-e-feita-em-cidade-onde-maria-madalena-nasceu\/\" \/>\n<meta property=\"og:locale\" content=\"pt_BR\" \/>\n<meta property=\"og:type\" content=\"article\" \/>\n<meta property=\"og:title\" content=\"Surpreendente descoberta \u00e9 feita em cidade onde Maria Madalena nasceu - Jornal Fatos e Not\u00edcias\" \/>\n<meta property=\"og:description\" content=\"&#8216;Podemos imaginar Maria Madalena e sua fam\u00edlia vindo aqui&#8217;, diz arque\u00f3loga Uma sinagoga\u00a0de 2.000 anos foi desenterrada em\u00a0Magdala, uma antiga vila judaica do per\u00edodo do Segundo Templo, que ficava situada na costa oeste do Mar da Galileia. Acredita-se que a cidade possa ser o local de nascimento de\u00a0Maria Madalena.\u00a0Magdala tamb\u00e9m \u00e9 conhecida por ter abrigado [&hellip;]\" \/>\n<meta property=\"og:url\" content=\"https:\/\/jornalfatosenoticias.com.br\/index.php\/2021\/12\/21\/surpreendente-descoberta-e-feita-em-cidade-onde-maria-madalena-nasceu\/\" \/>\n<meta property=\"og:site_name\" content=\"Jornal Fatos e Not\u00edcias\" \/>\n<meta property=\"article:published_time\" content=\"2021-12-21T15:32:37+00:00\" \/>\n<meta property=\"article:modified_time\" content=\"2021-12-21T15:32:42+00:00\" \/>\n<meta property=\"og:image\" content=\"https:\/\/jornalfatosenoticias.com.br\/wp-content\/uploads\/2021\/12\/MARIA-MADALENA_getty-images.jpg\" \/>\n\t<meta property=\"og:image:width\" content=\"1000\" \/>\n\t<meta property=\"og:image:height\" content=\"562\" \/>\n\t<meta property=\"og:image:type\" content=\"image\/jpeg\" \/>\n<meta name=\"author\" content=\"Luzimara Fernandes\" \/>\n<meta name=\"twitter:card\" content=\"summary_large_image\" \/>\n<meta name=\"twitter:label1\" content=\"Escrito por\" \/>\n\t<meta name=\"twitter:data1\" content=\"Luzimara Fernandes\" \/>\n\t<meta name=\"twitter:label2\" content=\"Est. tempo de leitura\" \/>\n\t<meta name=\"twitter:data2\" content=\"1 minuto\" \/>\n<script type=\"application\/ld+json\" class=\"yoast-schema-graph\">{\"@context\":\"https:\/\/schema.org\",\"@graph\":[{\"@type\":\"Article\",\"@id\":\"https:\/\/jornalfatosenoticias.com.br\/index.php\/2021\/12\/21\/surpreendente-descoberta-e-feita-em-cidade-onde-maria-madalena-nasceu\/#article\",\"isPartOf\":{\"@id\":\"https:\/\/jornalfatosenoticias.com.br\/index.php\/2021\/12\/21\/surpreendente-descoberta-e-feita-em-cidade-onde-maria-madalena-nasceu\/\"},\"author\":{\"name\":\"Luzimara Fernandes\",\"@id\":\"https:\/\/jornalfatosenoticias.com.br\/#\/schema\/person\/d63837fa13ac8666eb9e74e0985d6f81\"},\"headline\":\"Surpreendente descoberta \u00e9 feita em cidade onde Maria Madalena nasceu\",\"datePublished\":\"2021-12-21T15:32:37+00:00\",\"dateModified\":\"2021-12-21T15:32:42+00:00\",\"mainEntityOfPage\":{\"@id\":\"https:\/\/jornalfatosenoticias.com.br\/index.php\/2021\/12\/21\/surpreendente-descoberta-e-feita-em-cidade-onde-maria-madalena-nasceu\/\"},\"wordCount\":288,\"commentCount\":0,\"publisher\":{\"@id\":\"https:\/\/jornalfatosenoticias.com.br\/#organization\"},\"image\":{\"@id\":\"https:\/\/jornalfatosenoticias.com.br\/index.php\/2021\/12\/21\/surpreendente-descoberta-e-feita-em-cidade-onde-maria-madalena-nasceu\/#primaryimage\"},\"thumbnailUrl\":\"https:\/\/jornalfatosenoticias.com.br\/wp-content\/uploads\/2021\/12\/MARIA-MADALENA_getty-images.jpg\",\"keywords\":[\"arqueologia\",\"descoberta\",\"Magdala\",\"Mar da Galileia\",\"Maria Madalena\",\"religi\u00e3o\",\"sinagoga\"],\"articleSection\":[\"Paleo &amp; Arqueologia\"],\"inLanguage\":\"pt-BR\",\"potentialAction\":[{\"@type\":\"CommentAction\",\"name\":\"Comment\",\"target\":[\"https:\/\/jornalfatosenoticias.com.br\/index.php\/2021\/12\/21\/surpreendente-descoberta-e-feita-em-cidade-onde-maria-madalena-nasceu\/#respond\"]}]},{\"@type\":\"WebPage\",\"@id\":\"https:\/\/jornalfatosenoticias.com.br\/index.php\/2021\/12\/21\/surpreendente-descoberta-e-feita-em-cidade-onde-maria-madalena-nasceu\/\",\"url\":\"https:\/\/jornalfatosenoticias.com.br\/index.php\/2021\/12\/21\/surpreendente-descoberta-e-feita-em-cidade-onde-maria-madalena-nasceu\/\",\"name\":\"Surpreendente descoberta \u00e9 feita em cidade onde Maria Madalena nasceu - Jornal Fatos e Not\u00edcias\",\"isPartOf\":{\"@id\":\"https:\/\/jornalfatosenoticias.com.br\/#website\"},\"primaryImageOfPage\":{\"@id\":\"https:\/\/jornalfatosenoticias.com.br\/index.php\/2021\/12\/21\/surpreendente-descoberta-e-feita-em-cidade-onde-maria-madalena-nasceu\/#primaryimage\"},\"image\":{\"@id\":\"https:\/\/jornalfatosenoticias.com.br\/index.php\/2021\/12\/21\/surpreendente-descoberta-e-feita-em-cidade-onde-maria-madalena-nasceu\/#primaryimage\"},\"thumbnailUrl\":\"https:\/\/jornalfatosenoticias.com.br\/wp-content\/uploads\/2021\/12\/MARIA-MADALENA_getty-images.jpg\",\"datePublished\":\"2021-12-21T15:32:37+00:00\",\"dateModified\":\"2021-12-21T15:32:42+00:00\",\"breadcrumb\":{\"@id\":\"https:\/\/jornalfatosenoticias.com.br\/index.php\/2021\/12\/21\/surpreendente-descoberta-e-feita-em-cidade-onde-maria-madalena-nasceu\/#breadcrumb\"},\"inLanguage\":\"pt-BR\",\"potentialAction\":[{\"@type\":\"ReadAction\",\"target\":[\"https:\/\/jornalfatosenoticias.com.br\/index.php\/2021\/12\/21\/surpreendente-descoberta-e-feita-em-cidade-onde-maria-madalena-nasceu\/\"]}]},{\"@type\":\"ImageObject\",\"inLanguage\":\"pt-BR\",\"@id\":\"https:\/\/jornalfatosenoticias.com.br\/index.php\/2021\/12\/21\/surpreendente-descoberta-e-feita-em-cidade-onde-maria-madalena-nasceu\/#primaryimage\",\"url\":\"https:\/\/jornalfatosenoticias.com.br\/wp-content\/uploads\/2021\/12\/MARIA-MADALENA_getty-images.jpg\",\"contentUrl\":\"https:\/\/jornalfatosenoticias.com.br\/wp-content\/uploads\/2021\/12\/MARIA-MADALENA_getty-images.jpg\",\"width\":1000,\"height\":562},{\"@type\":\"BreadcrumbList\",\"@id\":\"https:\/\/jornalfatosenoticias.com.br\/index.php\/2021\/12\/21\/surpreendente-descoberta-e-feita-em-cidade-onde-maria-madalena-nasceu\/#breadcrumb\",\"itemListElement\":[{\"@type\":\"ListItem\",\"position\":1,\"name\":\"In\u00edcio\",\"item\":\"https:\/\/jornalfatosenoticias.com.br\/\"},{\"@type\":\"ListItem\",\"position\":2,\"name\":\"Surpreendente descoberta \u00e9 feita em cidade onde Maria Madalena nasceu\"}]},{\"@type\":\"WebSite\",\"@id\":\"https:\/\/jornalfatosenoticias.com.br\/#website\",\"url\":\"https:\/\/jornalfatosenoticias.com.br\/\",\"name\":\"Jornal Fatos e Not\u00edcias\",\"description\":\"Not\u00edcias em geral\",\"publisher\":{\"@id\":\"https:\/\/jornalfatosenoticias.com.br\/#organization\"},\"potentialAction\":[{\"@type\":\"SearchAction\",\"target\":{\"@type\":\"EntryPoint\",\"urlTemplate\":\"https:\/\/jornalfatosenoticias.com.br\/?s={search_term_string}\"},\"query-input\":{\"@type\":\"PropertyValueSpecification\",\"valueRequired\":true,\"valueName\":\"search_term_string\"}}],\"inLanguage\":\"pt-BR\"},{\"@type\":\"Organization\",\"@id\":\"https:\/\/jornalfatosenoticias.com.br\/#organization\",\"name\":\"Jornal Fatos e Not\u00edcias\",\"url\":\"https:\/\/jornalfatosenoticias.com.br\/\",\"logo\":{\"@type\":\"ImageObject\",\"inLanguage\":\"pt-BR\",\"@id\":\"https:\/\/jornalfatosenoticias.com.br\/#\/schema\/logo\/image\/\",\"url\":\"https:\/\/jornalfatosenoticias.com.br\/wp-content\/uploads\/2020\/02\/logo120.png\",\"contentUrl\":\"https:\/\/jornalfatosenoticias.com.br\/wp-content\/uploads\/2020\/02\/logo120.png\",\"width\":1227,\"height\":120,\"caption\":\"Jornal Fatos e Not\u00edcias\"},\"image\":{\"@id\":\"https:\/\/jornalfatosenoticias.com.br\/#\/schema\/logo\/image\/\"}},{\"@type\":\"Person\",\"@id\":\"https:\/\/jornalfatosenoticias.com.br\/#\/schema\/person\/d63837fa13ac8666eb9e74e0985d6f81\",\"name\":\"Luzimara Fernandes\",\"image\":{\"@type\":\"ImageObject\",\"inLanguage\":\"pt-BR\",\"@id\":\"https:\/\/jornalfatosenoticias.com.br\/#\/schema\/person\/image\/\",\"url\":\"https:\/\/jornalfatosenoticias.com.br\/wp-content\/uploads\/2025\/05\/EU_portal.jpg\",\"contentUrl\":\"https:\/\/jornalfatosenoticias.com.br\/wp-content\/uploads\/2025\/05\/EU_portal.jpg\",\"caption\":\"Luzimara Fernandes\"},\"description\":\"Jornalista MTB 2358-ES\",\"sameAs\":[\"https:\/\/jornalfatosenoticias.com.br\"],\"url\":\"https:\/\/jornalfatosenoticias.com.br\/index.php\/author\/luzimara\/\"}]}<\/script>\n<!-- \/ Yoast SEO plugin. -->","yoast_head_json":{"title":"Surpreendente descoberta \u00e9 feita em cidade onde Maria Madalena nasceu - Jornal Fatos e Not\u00edcias","robots":{"index":"index","follow":"follow","max-snippet":"max-snippet:-1","max-image-preview":"max-image-preview:large","max-video-preview":"max-video-preview:-1"},"canonical":"https:\/\/jornalfatosenoticias.com.br\/index.php\/2021\/12\/21\/surpreendente-descoberta-e-feita-em-cidade-onde-maria-madalena-nasceu\/","og_locale":"pt_BR","og_type":"article","og_title":"Surpreendente descoberta \u00e9 feita em cidade onde Maria Madalena nasceu - Jornal Fatos e Not\u00edcias","og_description":"&#8216;Podemos imaginar Maria Madalena e sua fam\u00edlia vindo aqui&#8217;, diz arque\u00f3loga Uma sinagoga\u00a0de 2.000 anos foi desenterrada em\u00a0Magdala, uma antiga vila judaica do per\u00edodo do Segundo Templo, que ficava situada na costa oeste do Mar da Galileia. Acredita-se que a cidade possa ser o local de nascimento de\u00a0Maria Madalena.\u00a0Magdala tamb\u00e9m \u00e9 conhecida por ter abrigado [&hellip;]","og_url":"https:\/\/jornalfatosenoticias.com.br\/index.php\/2021\/12\/21\/surpreendente-descoberta-e-feita-em-cidade-onde-maria-madalena-nasceu\/","og_site_name":"Jornal Fatos e Not\u00edcias","article_published_time":"2021-12-21T15:32:37+00:00","article_modified_time":"2021-12-21T15:32:42+00:00","og_image":[{"width":1000,"height":562,"url":"https:\/\/jornalfatosenoticias.com.br\/wp-content\/uploads\/2021\/12\/MARIA-MADALENA_getty-images.jpg","type":"image\/jpeg"}],"author":"Luzimara Fernandes","twitter_card":"summary_large_image","twitter_misc":{"Escrito por":"Luzimara Fernandes","Est. tempo de leitura":"1 minuto"},"schema":{"@context":"https:\/\/schema.org","@graph":[{"@type":"Article","@id":"https:\/\/jornalfatosenoticias.com.br\/index.php\/2021\/12\/21\/surpreendente-descoberta-e-feita-em-cidade-onde-maria-madalena-nasceu\/#article","isPartOf":{"@id":"https:\/\/jornalfatosenoticias.com.br\/index.php\/2021\/12\/21\/surpreendente-descoberta-e-feita-em-cidade-onde-maria-madalena-nasceu\/"},"author":{"name":"Luzimara Fernandes","@id":"https:\/\/jornalfatosenoticias.com.br\/#\/schema\/person\/d63837fa13ac8666eb9e74e0985d6f81"},"headline":"Surpreendente descoberta \u00e9 feita em cidade onde Maria Madalena nasceu","datePublished":"2021-12-21T15:32:37+00:00","dateModified":"2021-12-21T15:32:42+00:00","mainEntityOfPage":{"@id":"https:\/\/jornalfatosenoticias.com.br\/index.php\/2021\/12\/21\/surpreendente-descoberta-e-feita-em-cidade-onde-maria-madalena-nasceu\/"},"wordCount":288,"commentCount":0,"publisher":{"@id":"https:\/\/jornalfatosenoticias.com.br\/#organization"},"image":{"@id":"https:\/\/jornalfatosenoticias.com.br\/index.php\/2021\/12\/21\/surpreendente-descoberta-e-feita-em-cidade-onde-maria-madalena-nasceu\/#primaryimage"},"thumbnailUrl":"https:\/\/jornalfatosenoticias.com.br\/wp-content\/uploads\/2021\/12\/MARIA-MADALENA_getty-images.jpg","keywords":["arqueologia","descoberta","Magdala","Mar da Galileia","Maria Madalena","religi\u00e3o","sinagoga"],"articleSection":["Paleo &amp; Arqueologia"],"inLanguage":"pt-BR","potentialAction":[{"@type":"CommentAction","name":"Comment","target":["https:\/\/jornalfatosenoticias.com.br\/index.php\/2021\/12\/21\/surpreendente-descoberta-e-feita-em-cidade-onde-maria-madalena-nasceu\/#respond"]}]},{"@type":"WebPage","@id":"https:\/\/jornalfatosenoticias.com.br\/index.php\/2021\/12\/21\/surpreendente-descoberta-e-feita-em-cidade-onde-maria-madalena-nasceu\/","url":"https:\/\/jornalfatosenoticias.com.br\/index.php\/2021\/12\/21\/surpreendente-descoberta-e-feita-em-cidade-onde-maria-madalena-nasceu\/","name":"Surpreendente descoberta \u00e9 feita em cidade onde Maria Madalena nasceu - Jornal Fatos e Not\u00edcias","isPartOf":{"@id":"https:\/\/jornalfatosenoticias.com.br\/#website"},"primaryImageOfPage":{"@id":"https:\/\/jornalfatosenoticias.com.br\/index.php\/2021\/12\/21\/surpreendente-descoberta-e-feita-em-cidade-onde-maria-madalena-nasceu\/#primaryimage"},"image":{"@id":"https:\/\/jornalfatosenoticias.com.br\/index.php\/2021\/12\/21\/surpreendente-descoberta-e-feita-em-cidade-onde-maria-madalena-nasceu\/#primaryimage"},"thumbnailUrl":"https:\/\/jornalfatosenoticias.com.br\/wp-content\/uploads\/2021\/12\/MARIA-MADALENA_getty-images.jpg","datePublished":"2021-12-21T15:32:37+00:00","dateModified":"2021-12-21T15:32:42+00:00","breadcrumb":{"@id":"https:\/\/jornalfatosenoticias.com.br\/index.php\/2021\/12\/21\/surpreendente-descoberta-e-feita-em-cidade-onde-maria-madalena-nasceu\/#breadcrumb"},"inLanguage":"pt-BR","potentialAction":[{"@type":"ReadAction","target":["https:\/\/jornalfatosenoticias.com.br\/index.php\/2021\/12\/21\/surpreendente-descoberta-e-feita-em-cidade-onde-maria-madalena-nasceu\/"]}]},{"@type":"ImageObject","inLanguage":"pt-BR","@id":"https:\/\/jornalfatosenoticias.com.br\/index.php\/2021\/12\/21\/surpreendente-descoberta-e-feita-em-cidade-onde-maria-madalena-nasceu\/#primaryimage","url":"https:\/\/jornalfatosenoticias.com.br\/wp-content\/uploads\/2021\/12\/MARIA-MADALENA_getty-images.jpg","contentUrl":"https:\/\/jornalfatosenoticias.com.br\/wp-content\/uploads\/2021\/12\/MARIA-MADALENA_getty-images.jpg","width":1000,"height":562},{"@type":"BreadcrumbList","@id":"https:\/\/jornalfatosenoticias.com.br\/index.php\/2021\/12\/21\/surpreendente-descoberta-e-feita-em-cidade-onde-maria-madalena-nasceu\/#breadcrumb","itemListElement":[{"@type":"ListItem","position":1,"name":"In\u00edcio","item":"https:\/\/jornalfatosenoticias.com.br\/"},{"@type":"ListItem","position":2,"name":"Surpreendente descoberta \u00e9 feita em cidade onde Maria Madalena nasceu"}]},{"@type":"WebSite","@id":"https:\/\/jornalfatosenoticias.com.br\/#website","url":"https:\/\/jornalfatosenoticias.com.br\/","name":"Jornal Fatos e Not\u00edcias","description":"Not\u00edcias em geral","publisher":{"@id":"https:\/\/jornalfatosenoticias.com.br\/#organization"},"potentialAction":[{"@type":"SearchAction","target":{"@type":"EntryPoint","urlTemplate":"https:\/\/jornalfatosenoticias.com.br\/?s={search_term_string}"},"query-input":{"@type":"PropertyValueSpecification","valueRequired":true,"valueName":"search_term_string"}}],"inLanguage":"pt-BR"},{"@type":"Organization","@id":"https:\/\/jornalfatosenoticias.com.br\/#organization","name":"Jornal Fatos e Not\u00edcias","url":"https:\/\/jornalfatosenoticias.com.br\/","logo":{"@type":"ImageObject","inLanguage":"pt-BR","@id":"https:\/\/jornalfatosenoticias.com.br\/#\/schema\/logo\/image\/","url":"https:\/\/jornalfatosenoticias.com.br\/wp-content\/uploads\/2020\/02\/logo120.png","contentUrl":"https:\/\/jornalfatosenoticias.com.br\/wp-content\/uploads\/2020\/02\/logo120.png","width":1227,"height":120,"caption":"Jornal Fatos e Not\u00edcias"},"image":{"@id":"https:\/\/jornalfatosenoticias.com.br\/#\/schema\/logo\/image\/"}},{"@type":"Person","@id":"https:\/\/jornalfatosenoticias.com.br\/#\/schema\/person\/d63837fa13ac8666eb9e74e0985d6f81","name":"Luzimara Fernandes","image":{"@type":"ImageObject","inLanguage":"pt-BR","@id":"https:\/\/jornalfatosenoticias.com.br\/#\/schema\/person\/image\/","url":"https:\/\/jornalfatosenoticias.com.br\/wp-content\/uploads\/2025\/05\/EU_portal.jpg","contentUrl":"https:\/\/jornalfatosenoticias.com.br\/wp-content\/uploads\/2025\/05\/EU_portal.jpg","caption":"Luzimara Fernandes"},"description":"Jornalista MTB 2358-ES","sameAs":["https:\/\/jornalfatosenoticias.com.br"],"url":"https:\/\/jornalfatosenoticias.com.br\/index.php\/author\/luzimara\/"}]}},"cc_featured_image_caption":{"caption_text":"(Foto: Getty Images) ","source_text":"","source_url":""},"jetpack_featured_media_url":"https:\/\/jornalfatosenoticias.com.br\/wp-content\/uploads\/2021\/12\/MARIA-MADALENA_getty-images.jpg","_links":{"self":[{"href":"https:\/\/jornalfatosenoticias.com.br\/index.php\/wp-json\/wp\/v2\/posts\/26180","targetHints":{"allow":["GET"]}}],"collection":[{"href":"https:\/\/jornalfatosenoticias.com.br\/index.php\/wp-json\/wp\/v2\/posts"}],"about":[{"href":"https:\/\/jornalfatosenoticias.com.br\/index.php\/wp-json\/wp\/v2\/types\/post"}],"author":[{"embeddable":true,"href":"https:\/\/jornalfatosenoticias.com.br\/index.php\/wp-json\/wp\/v2\/users\/2"}],"replies":[{"embeddable":true,"href":"https:\/\/jornalfatosenoticias.com.br\/index.php\/wp-json\/wp\/v2\/comments?post=26180"}],"version-history":[{"count":0,"href":"https:\/\/jornalfatosenoticias.com.br\/index.php\/wp-json\/wp\/v2\/posts\/26180\/revisions"}],"wp:featuredmedia":[{"embeddable":true,"href":"https:\/\/jornalfatosenoticias.com.br\/index.php\/wp-json\/wp\/v2\/media\/26184"}],"wp:attachment":[{"href":"https:\/\/jornalfatosenoticias.com.br\/index.php\/wp-json\/wp\/v2\/media?parent=26180"}],"wp:term":[{"taxonomy":"category","embeddable":true,"href":"https:\/\/jornalfatosenoticias.com.br\/index.php\/wp-json\/wp\/v2\/categories?post=26180"},{"taxonomy":"post_tag","embeddable":true,"href":"https:\/\/jornalfatosenoticias.com.br\/index.php\/wp-json\/wp\/v2\/tags?post=26180"}],"curies":[{"name":"wp","href":"https:\/\/api.w.org\/{rel}","templated":true}]}}