{"id":26203,"date":"2021-12-21T13:30:41","date_gmt":"2021-12-21T16:30:41","guid":{"rendered":"https:\/\/jornalfatosenoticias.com.br\/?p=26203"},"modified":"2021-12-21T13:30:41","modified_gmt":"2021-12-21T16:30:41","slug":"projeto-de-lei-que-exige-medidas-de-seguranca-para-o-abastecimento-de-gas-natural-e-aprovado-na-camara-de-vitoria","status":"publish","type":"post","link":"https:\/\/jornalfatosenoticias.com.br\/index.php\/2021\/12\/21\/projeto-de-lei-que-exige-medidas-de-seguranca-para-o-abastecimento-de-gas-natural-e-aprovado-na-camara-de-vitoria\/","title":{"rendered":"Projeto de lei que exige medidas de seguran\u00e7a para o abastecimento de g\u00e1s natural \u00e9 aprovado na C\u00e2mara de Vit\u00f3ria"},"content":{"rendered":"\n<p>Nesta ter\u00e7a-feira (21), foi aprovado em regime de urg\u00eancia e por unanimidade, o projeto de lei do vereador de Vit\u00f3ria, Leandro Piquet (Republicanos), que altera a Lei n\u00ba 6.080\/2003 (C\u00f3digo de Posturas), para exigir a ado\u00e7\u00e3o de medidas de seguran\u00e7a para o abastecimento de ve\u00edculos equipados com g\u00e1s natural veicular (GNV).<br>A proposta de lei diz que os postos de combust\u00edveis de Vit\u00f3ria precisar\u00e3o exigir a apresenta\u00e7\u00e3o do Selo de Abastecimento de GNV v\u00e1lido, conforme modelo previsto na regulamenta\u00e7\u00e3o espec\u00edfica do Instituto Nacional de Metrologia, Qualidade e Tecnologia \u2014 Inmetro, dentro do prazo de validade.<br>Al\u00e9m disso, motorista e passageiro dever\u00e3o permanecer fora do ve\u00edculo e a uma dist\u00e2ncia segura (tr\u00eas metros) durante o abastecimento. O ve\u00edculo com cilindro no porta-malas dever\u00e1 ser abastecido com o porta-malas aberto. Em todos os casos, ser\u00e1 preciso apresentar a documenta\u00e7\u00e3o do cilindro GNV instalado.<br>A medida visa preservar a seguran\u00e7a dos cidad\u00e3os, pois os cilindros de GNV sem a adequada manuten\u00e7\u00e3o oferecem grande risco \u00e0 popula\u00e7\u00e3o. T\u00eam sido recorrentes as explos\u00f5es de ve\u00edculos equipados com GNV nos postos de gasolina por todo Pa\u00eds.<\/p>\n\n\n\n<blockquote class=\"wp-block-quote is-layout-flow wp-block-quote-is-layout-flow\"><p><span class=\"has-inline-color has-luminous-vivid-orange-color\">&#8220;Com o aumento do pre\u00e7o da gasolina, o g\u00e1s natural veicular (GNV) passa a ser importante op\u00e7\u00e3o para a popula\u00e7\u00e3o e para o meio ambiente, uma vez que, al\u00e9m de possuir valor mais baixo, apresenta baixa emiss\u00e3o de res\u00edduos de carbono, o que aumenta a vida \u00fatil e o intervalo de trocas de \u00f3leo. Com esta medida, proposta pelo nosso mandato, espera-se sejam evitados novos acidentes graves e tr\u00e1gicos, dando, desse modo, maior seguran\u00e7a aos cidad\u00e3os, consumidores e funcion\u00e1rios&#8221;, disse o vereador Leandro Piquet.<\/span><\/p><\/blockquote>\n","protected":false},"excerpt":{"rendered":"<p>Nesta ter\u00e7a-feira (21), foi aprovado em regime de urg\u00eancia e por unanimidade, o projeto de lei do vereador de Vit\u00f3ria, Leandro Piquet (Republicanos), que altera a Lei n\u00ba 6.080\/2003 (C\u00f3digo de Posturas), para exigir a ado\u00e7\u00e3o de medidas de seguran\u00e7a para o abastecimento de ve\u00edculos equipados com g\u00e1s natural veicular (GNV).A proposta de lei diz [&hellip;]<\/p>\n","protected":false},"author":2,"featured_media":26204,"comment_status":"open","ping_status":"open","sticky":false,"template":"","format":"standard","meta":{"footnotes":""},"categories":[10],"tags":[12627,7611,12628,6955,6978,4261],"class_list":["post-26203","post","type-post","status-publish","format-standard","has-post-thumbnail","hentry","category-politica","tag-abastecimento-de-gas-natural","tag-camara-de-vitoria","tag-gnv","tag-leandro-piquet","tag-novas-regras","tag-projeto-de-lei"],"yoast_head":"<!-- This site is optimized with the Yoast SEO plugin v26.5 - https:\/\/yoast.com\/wordpress\/plugins\/seo\/ -->\n<title>Projeto de lei que exige medidas de seguran\u00e7a para o abastecimento de g\u00e1s natural \u00e9 aprovado na C\u00e2mara de Vit\u00f3ria - Jornal Fatos e Not\u00edcias<\/title>\n<meta name=\"robots\" content=\"index, follow, max-snippet:-1, max-image-preview:large, max-video-preview:-1\" \/>\n<link rel=\"canonical\" href=\"https:\/\/jornalfatosenoticias.com.br\/index.php\/2021\/12\/21\/projeto-de-lei-que-exige-medidas-de-seguranca-para-o-abastecimento-de-gas-natural-e-aprovado-na-camara-de-vitoria\/\" \/>\n<meta property=\"og:locale\" content=\"pt_BR\" \/>\n<meta property=\"og:type\" content=\"article\" \/>\n<meta property=\"og:title\" content=\"Projeto de lei que exige medidas de seguran\u00e7a para o abastecimento de g\u00e1s natural \u00e9 aprovado na C\u00e2mara de Vit\u00f3ria - Jornal Fatos e Not\u00edcias\" \/>\n<meta property=\"og:description\" content=\"Nesta ter\u00e7a-feira (21), foi aprovado em regime de urg\u00eancia e por unanimidade, o projeto de lei do vereador de Vit\u00f3ria, Leandro Piquet (Republicanos), que altera a Lei n\u00ba 6.080\/2003 (C\u00f3digo de Posturas), para exigir a ado\u00e7\u00e3o de medidas de seguran\u00e7a para o abastecimento de ve\u00edculos equipados com g\u00e1s natural veicular (GNV).A proposta de lei diz [&hellip;]\" \/>\n<meta property=\"og:url\" content=\"https:\/\/jornalfatosenoticias.com.br\/index.php\/2021\/12\/21\/projeto-de-lei-que-exige-medidas-de-seguranca-para-o-abastecimento-de-gas-natural-e-aprovado-na-camara-de-vitoria\/\" \/>\n<meta property=\"og:site_name\" content=\"Jornal Fatos e Not\u00edcias\" \/>\n<meta property=\"article:published_time\" content=\"2021-12-21T16:30:41+00:00\" \/>\n<meta property=\"og:image\" content=\"https:\/\/jornalfatosenoticias.com.br\/wp-content\/uploads\/2021\/12\/gas-natural-reproducao.jpg\" \/>\n\t<meta property=\"og:image:width\" content=\"1000\" \/>\n\t<meta property=\"og:image:height\" content=\"625\" \/>\n\t<meta property=\"og:image:type\" content=\"image\/jpeg\" \/>\n<meta name=\"author\" content=\"Luzimara Fernandes\" \/>\n<meta name=\"twitter:card\" content=\"summary_large_image\" \/>\n<meta name=\"twitter:label1\" content=\"Escrito por\" \/>\n\t<meta name=\"twitter:data1\" content=\"Luzimara Fernandes\" \/>\n\t<meta name=\"twitter:label2\" content=\"Est. tempo de leitura\" \/>\n\t<meta name=\"twitter:data2\" content=\"2 minutos\" \/>\n<script type=\"application\/ld+json\" class=\"yoast-schema-graph\">{\"@context\":\"https:\/\/schema.org\",\"@graph\":[{\"@type\":\"Article\",\"@id\":\"https:\/\/jornalfatosenoticias.com.br\/index.php\/2021\/12\/21\/projeto-de-lei-que-exige-medidas-de-seguranca-para-o-abastecimento-de-gas-natural-e-aprovado-na-camara-de-vitoria\/#article\",\"isPartOf\":{\"@id\":\"https:\/\/jornalfatosenoticias.com.br\/index.php\/2021\/12\/21\/projeto-de-lei-que-exige-medidas-de-seguranca-para-o-abastecimento-de-gas-natural-e-aprovado-na-camara-de-vitoria\/\"},\"author\":{\"name\":\"Luzimara Fernandes\",\"@id\":\"https:\/\/jornalfatosenoticias.com.br\/#\/schema\/person\/d63837fa13ac8666eb9e74e0985d6f81\"},\"headline\":\"Projeto de lei que exige medidas de seguran\u00e7a para o abastecimento de g\u00e1s natural \u00e9 aprovado na C\u00e2mara de Vit\u00f3ria\",\"datePublished\":\"2021-12-21T16:30:41+00:00\",\"mainEntityOfPage\":{\"@id\":\"https:\/\/jornalfatosenoticias.com.br\/index.php\/2021\/12\/21\/projeto-de-lei-que-exige-medidas-de-seguranca-para-o-abastecimento-de-gas-natural-e-aprovado-na-camara-de-vitoria\/\"},\"wordCount\":324,\"commentCount\":0,\"publisher\":{\"@id\":\"https:\/\/jornalfatosenoticias.com.br\/#organization\"},\"image\":{\"@id\":\"https:\/\/jornalfatosenoticias.com.br\/index.php\/2021\/12\/21\/projeto-de-lei-que-exige-medidas-de-seguranca-para-o-abastecimento-de-gas-natural-e-aprovado-na-camara-de-vitoria\/#primaryimage\"},\"thumbnailUrl\":\"https:\/\/jornalfatosenoticias.com.br\/wp-content\/uploads\/2021\/12\/gas-natural-reproducao.jpg\",\"keywords\":[\"abastecimento de g\u00e1s natural\",\"C\u00e2mara de Vit\u00f3ria\",\"GNV\",\"Leandro Piquet\",\"novas regras\",\"projeto de lei\"],\"articleSection\":[\"Pol\u00edtica\"],\"inLanguage\":\"pt-BR\",\"potentialAction\":[{\"@type\":\"CommentAction\",\"name\":\"Comment\",\"target\":[\"https:\/\/jornalfatosenoticias.com.br\/index.php\/2021\/12\/21\/projeto-de-lei-que-exige-medidas-de-seguranca-para-o-abastecimento-de-gas-natural-e-aprovado-na-camara-de-vitoria\/#respond\"]}]},{\"@type\":\"WebPage\",\"@id\":\"https:\/\/jornalfatosenoticias.com.br\/index.php\/2021\/12\/21\/projeto-de-lei-que-exige-medidas-de-seguranca-para-o-abastecimento-de-gas-natural-e-aprovado-na-camara-de-vitoria\/\",\"url\":\"https:\/\/jornalfatosenoticias.com.br\/index.php\/2021\/12\/21\/projeto-de-lei-que-exige-medidas-de-seguranca-para-o-abastecimento-de-gas-natural-e-aprovado-na-camara-de-vitoria\/\",\"name\":\"Projeto de lei que exige medidas de seguran\u00e7a para o abastecimento de g\u00e1s natural \u00e9 aprovado na C\u00e2mara de Vit\u00f3ria - Jornal Fatos e Not\u00edcias\",\"isPartOf\":{\"@id\":\"https:\/\/jornalfatosenoticias.com.br\/#website\"},\"primaryImageOfPage\":{\"@id\":\"https:\/\/jornalfatosenoticias.com.br\/index.php\/2021\/12\/21\/projeto-de-lei-que-exige-medidas-de-seguranca-para-o-abastecimento-de-gas-natural-e-aprovado-na-camara-de-vitoria\/#primaryimage\"},\"image\":{\"@id\":\"https:\/\/jornalfatosenoticias.com.br\/index.php\/2021\/12\/21\/projeto-de-lei-que-exige-medidas-de-seguranca-para-o-abastecimento-de-gas-natural-e-aprovado-na-camara-de-vitoria\/#primaryimage\"},\"thumbnailUrl\":\"https:\/\/jornalfatosenoticias.com.br\/wp-content\/uploads\/2021\/12\/gas-natural-reproducao.jpg\",\"datePublished\":\"2021-12-21T16:30:41+00:00\",\"breadcrumb\":{\"@id\":\"https:\/\/jornalfatosenoticias.com.br\/index.php\/2021\/12\/21\/projeto-de-lei-que-exige-medidas-de-seguranca-para-o-abastecimento-de-gas-natural-e-aprovado-na-camara-de-vitoria\/#breadcrumb\"},\"inLanguage\":\"pt-BR\",\"potentialAction\":[{\"@type\":\"ReadAction\",\"target\":[\"https:\/\/jornalfatosenoticias.com.br\/index.php\/2021\/12\/21\/projeto-de-lei-que-exige-medidas-de-seguranca-para-o-abastecimento-de-gas-natural-e-aprovado-na-camara-de-vitoria\/\"]}]},{\"@type\":\"ImageObject\",\"inLanguage\":\"pt-BR\",\"@id\":\"https:\/\/jornalfatosenoticias.com.br\/index.php\/2021\/12\/21\/projeto-de-lei-que-exige-medidas-de-seguranca-para-o-abastecimento-de-gas-natural-e-aprovado-na-camara-de-vitoria\/#primaryimage\",\"url\":\"https:\/\/jornalfatosenoticias.com.br\/wp-content\/uploads\/2021\/12\/gas-natural-reproducao.jpg\",\"contentUrl\":\"https:\/\/jornalfatosenoticias.com.br\/wp-content\/uploads\/2021\/12\/gas-natural-reproducao.jpg\",\"width\":1000,\"height\":625},{\"@type\":\"BreadcrumbList\",\"@id\":\"https:\/\/jornalfatosenoticias.com.br\/index.php\/2021\/12\/21\/projeto-de-lei-que-exige-medidas-de-seguranca-para-o-abastecimento-de-gas-natural-e-aprovado-na-camara-de-vitoria\/#breadcrumb\",\"itemListElement\":[{\"@type\":\"ListItem\",\"position\":1,\"name\":\"In\u00edcio\",\"item\":\"https:\/\/jornalfatosenoticias.com.br\/\"},{\"@type\":\"ListItem\",\"position\":2,\"name\":\"Projeto de lei que exige medidas de seguran\u00e7a para o abastecimento de g\u00e1s natural \u00e9 aprovado na C\u00e2mara de Vit\u00f3ria\"}]},{\"@type\":\"WebSite\",\"@id\":\"https:\/\/jornalfatosenoticias.com.br\/#website\",\"url\":\"https:\/\/jornalfatosenoticias.com.br\/\",\"name\":\"Jornal Fatos e Not\u00edcias\",\"description\":\"Not\u00edcias em geral\",\"publisher\":{\"@id\":\"https:\/\/jornalfatosenoticias.com.br\/#organization\"},\"potentialAction\":[{\"@type\":\"SearchAction\",\"target\":{\"@type\":\"EntryPoint\",\"urlTemplate\":\"https:\/\/jornalfatosenoticias.com.br\/?s={search_term_string}\"},\"query-input\":{\"@type\":\"PropertyValueSpecification\",\"valueRequired\":true,\"valueName\":\"search_term_string\"}}],\"inLanguage\":\"pt-BR\"},{\"@type\":\"Organization\",\"@id\":\"https:\/\/jornalfatosenoticias.com.br\/#organization\",\"name\":\"Jornal Fatos e Not\u00edcias\",\"url\":\"https:\/\/jornalfatosenoticias.com.br\/\",\"logo\":{\"@type\":\"ImageObject\",\"inLanguage\":\"pt-BR\",\"@id\":\"https:\/\/jornalfatosenoticias.com.br\/#\/schema\/logo\/image\/\",\"url\":\"https:\/\/jornalfatosenoticias.com.br\/wp-content\/uploads\/2020\/02\/logo120.png\",\"contentUrl\":\"https:\/\/jornalfatosenoticias.com.br\/wp-content\/uploads\/2020\/02\/logo120.png\",\"width\":1227,\"height\":120,\"caption\":\"Jornal Fatos e Not\u00edcias\"},\"image\":{\"@id\":\"https:\/\/jornalfatosenoticias.com.br\/#\/schema\/logo\/image\/\"}},{\"@type\":\"Person\",\"@id\":\"https:\/\/jornalfatosenoticias.com.br\/#\/schema\/person\/d63837fa13ac8666eb9e74e0985d6f81\",\"name\":\"Luzimara Fernandes\",\"image\":{\"@type\":\"ImageObject\",\"inLanguage\":\"pt-BR\",\"@id\":\"https:\/\/jornalfatosenoticias.com.br\/#\/schema\/person\/image\/\",\"url\":\"https:\/\/jornalfatosenoticias.com.br\/wp-content\/uploads\/2025\/05\/EU_portal.jpg\",\"contentUrl\":\"https:\/\/jornalfatosenoticias.com.br\/wp-content\/uploads\/2025\/05\/EU_portal.jpg\",\"caption\":\"Luzimara Fernandes\"},\"description\":\"Jornalista MTB 2358-ES\",\"sameAs\":[\"https:\/\/jornalfatosenoticias.com.br\"],\"url\":\"https:\/\/jornalfatosenoticias.com.br\/index.php\/author\/luzimara\/\"}]}<\/script>\n<!-- \/ Yoast SEO plugin. -->","yoast_head_json":{"title":"Projeto de lei que exige medidas de seguran\u00e7a para o abastecimento de g\u00e1s natural \u00e9 aprovado na C\u00e2mara de Vit\u00f3ria - Jornal Fatos e Not\u00edcias","robots":{"index":"index","follow":"follow","max-snippet":"max-snippet:-1","max-image-preview":"max-image-preview:large","max-video-preview":"max-video-preview:-1"},"canonical":"https:\/\/jornalfatosenoticias.com.br\/index.php\/2021\/12\/21\/projeto-de-lei-que-exige-medidas-de-seguranca-para-o-abastecimento-de-gas-natural-e-aprovado-na-camara-de-vitoria\/","og_locale":"pt_BR","og_type":"article","og_title":"Projeto de lei que exige medidas de seguran\u00e7a para o abastecimento de g\u00e1s natural \u00e9 aprovado na C\u00e2mara de Vit\u00f3ria - Jornal Fatos e Not\u00edcias","og_description":"Nesta ter\u00e7a-feira (21), foi aprovado em regime de urg\u00eancia e por unanimidade, o projeto de lei do vereador de Vit\u00f3ria, Leandro Piquet (Republicanos), que altera a Lei n\u00ba 6.080\/2003 (C\u00f3digo de Posturas), para exigir a ado\u00e7\u00e3o de medidas de seguran\u00e7a para o abastecimento de ve\u00edculos equipados com g\u00e1s natural veicular (GNV).A proposta de lei diz [&hellip;]","og_url":"https:\/\/jornalfatosenoticias.com.br\/index.php\/2021\/12\/21\/projeto-de-lei-que-exige-medidas-de-seguranca-para-o-abastecimento-de-gas-natural-e-aprovado-na-camara-de-vitoria\/","og_site_name":"Jornal Fatos e Not\u00edcias","article_published_time":"2021-12-21T16:30:41+00:00","og_image":[{"width":1000,"height":625,"url":"https:\/\/jornalfatosenoticias.com.br\/wp-content\/uploads\/2021\/12\/gas-natural-reproducao.jpg","type":"image\/jpeg"}],"author":"Luzimara Fernandes","twitter_card":"summary_large_image","twitter_misc":{"Escrito por":"Luzimara Fernandes","Est. tempo de leitura":"2 minutos"},"schema":{"@context":"https:\/\/schema.org","@graph":[{"@type":"Article","@id":"https:\/\/jornalfatosenoticias.com.br\/index.php\/2021\/12\/21\/projeto-de-lei-que-exige-medidas-de-seguranca-para-o-abastecimento-de-gas-natural-e-aprovado-na-camara-de-vitoria\/#article","isPartOf":{"@id":"https:\/\/jornalfatosenoticias.com.br\/index.php\/2021\/12\/21\/projeto-de-lei-que-exige-medidas-de-seguranca-para-o-abastecimento-de-gas-natural-e-aprovado-na-camara-de-vitoria\/"},"author":{"name":"Luzimara Fernandes","@id":"https:\/\/jornalfatosenoticias.com.br\/#\/schema\/person\/d63837fa13ac8666eb9e74e0985d6f81"},"headline":"Projeto de lei que exige medidas de seguran\u00e7a para o abastecimento de g\u00e1s natural \u00e9 aprovado na C\u00e2mara de Vit\u00f3ria","datePublished":"2021-12-21T16:30:41+00:00","mainEntityOfPage":{"@id":"https:\/\/jornalfatosenoticias.com.br\/index.php\/2021\/12\/21\/projeto-de-lei-que-exige-medidas-de-seguranca-para-o-abastecimento-de-gas-natural-e-aprovado-na-camara-de-vitoria\/"},"wordCount":324,"commentCount":0,"publisher":{"@id":"https:\/\/jornalfatosenoticias.com.br\/#organization"},"image":{"@id":"https:\/\/jornalfatosenoticias.com.br\/index.php\/2021\/12\/21\/projeto-de-lei-que-exige-medidas-de-seguranca-para-o-abastecimento-de-gas-natural-e-aprovado-na-camara-de-vitoria\/#primaryimage"},"thumbnailUrl":"https:\/\/jornalfatosenoticias.com.br\/wp-content\/uploads\/2021\/12\/gas-natural-reproducao.jpg","keywords":["abastecimento de g\u00e1s natural","C\u00e2mara de Vit\u00f3ria","GNV","Leandro Piquet","novas regras","projeto de lei"],"articleSection":["Pol\u00edtica"],"inLanguage":"pt-BR","potentialAction":[{"@type":"CommentAction","name":"Comment","target":["https:\/\/jornalfatosenoticias.com.br\/index.php\/2021\/12\/21\/projeto-de-lei-que-exige-medidas-de-seguranca-para-o-abastecimento-de-gas-natural-e-aprovado-na-camara-de-vitoria\/#respond"]}]},{"@type":"WebPage","@id":"https:\/\/jornalfatosenoticias.com.br\/index.php\/2021\/12\/21\/projeto-de-lei-que-exige-medidas-de-seguranca-para-o-abastecimento-de-gas-natural-e-aprovado-na-camara-de-vitoria\/","url":"https:\/\/jornalfatosenoticias.com.br\/index.php\/2021\/12\/21\/projeto-de-lei-que-exige-medidas-de-seguranca-para-o-abastecimento-de-gas-natural-e-aprovado-na-camara-de-vitoria\/","name":"Projeto de lei que exige medidas de seguran\u00e7a para o abastecimento de g\u00e1s natural \u00e9 aprovado na C\u00e2mara de Vit\u00f3ria - Jornal Fatos e Not\u00edcias","isPartOf":{"@id":"https:\/\/jornalfatosenoticias.com.br\/#website"},"primaryImageOfPage":{"@id":"https:\/\/jornalfatosenoticias.com.br\/index.php\/2021\/12\/21\/projeto-de-lei-que-exige-medidas-de-seguranca-para-o-abastecimento-de-gas-natural-e-aprovado-na-camara-de-vitoria\/#primaryimage"},"image":{"@id":"https:\/\/jornalfatosenoticias.com.br\/index.php\/2021\/12\/21\/projeto-de-lei-que-exige-medidas-de-seguranca-para-o-abastecimento-de-gas-natural-e-aprovado-na-camara-de-vitoria\/#primaryimage"},"thumbnailUrl":"https:\/\/jornalfatosenoticias.com.br\/wp-content\/uploads\/2021\/12\/gas-natural-reproducao.jpg","datePublished":"2021-12-21T16:30:41+00:00","breadcrumb":{"@id":"https:\/\/jornalfatosenoticias.com.br\/index.php\/2021\/12\/21\/projeto-de-lei-que-exige-medidas-de-seguranca-para-o-abastecimento-de-gas-natural-e-aprovado-na-camara-de-vitoria\/#breadcrumb"},"inLanguage":"pt-BR","potentialAction":[{"@type":"ReadAction","target":["https:\/\/jornalfatosenoticias.com.br\/index.php\/2021\/12\/21\/projeto-de-lei-que-exige-medidas-de-seguranca-para-o-abastecimento-de-gas-natural-e-aprovado-na-camara-de-vitoria\/"]}]},{"@type":"ImageObject","inLanguage":"pt-BR","@id":"https:\/\/jornalfatosenoticias.com.br\/index.php\/2021\/12\/21\/projeto-de-lei-que-exige-medidas-de-seguranca-para-o-abastecimento-de-gas-natural-e-aprovado-na-camara-de-vitoria\/#primaryimage","url":"https:\/\/jornalfatosenoticias.com.br\/wp-content\/uploads\/2021\/12\/gas-natural-reproducao.jpg","contentUrl":"https:\/\/jornalfatosenoticias.com.br\/wp-content\/uploads\/2021\/12\/gas-natural-reproducao.jpg","width":1000,"height":625},{"@type":"BreadcrumbList","@id":"https:\/\/jornalfatosenoticias.com.br\/index.php\/2021\/12\/21\/projeto-de-lei-que-exige-medidas-de-seguranca-para-o-abastecimento-de-gas-natural-e-aprovado-na-camara-de-vitoria\/#breadcrumb","itemListElement":[{"@type":"ListItem","position":1,"name":"In\u00edcio","item":"https:\/\/jornalfatosenoticias.com.br\/"},{"@type":"ListItem","position":2,"name":"Projeto de lei que exige medidas de seguran\u00e7a para o abastecimento de g\u00e1s natural \u00e9 aprovado na C\u00e2mara de Vit\u00f3ria"}]},{"@type":"WebSite","@id":"https:\/\/jornalfatosenoticias.com.br\/#website","url":"https:\/\/jornalfatosenoticias.com.br\/","name":"Jornal Fatos e Not\u00edcias","description":"Not\u00edcias em geral","publisher":{"@id":"https:\/\/jornalfatosenoticias.com.br\/#organization"},"potentialAction":[{"@type":"SearchAction","target":{"@type":"EntryPoint","urlTemplate":"https:\/\/jornalfatosenoticias.com.br\/?s={search_term_string}"},"query-input":{"@type":"PropertyValueSpecification","valueRequired":true,"valueName":"search_term_string"}}],"inLanguage":"pt-BR"},{"@type":"Organization","@id":"https:\/\/jornalfatosenoticias.com.br\/#organization","name":"Jornal Fatos e Not\u00edcias","url":"https:\/\/jornalfatosenoticias.com.br\/","logo":{"@type":"ImageObject","inLanguage":"pt-BR","@id":"https:\/\/jornalfatosenoticias.com.br\/#\/schema\/logo\/image\/","url":"https:\/\/jornalfatosenoticias.com.br\/wp-content\/uploads\/2020\/02\/logo120.png","contentUrl":"https:\/\/jornalfatosenoticias.com.br\/wp-content\/uploads\/2020\/02\/logo120.png","width":1227,"height":120,"caption":"Jornal Fatos e Not\u00edcias"},"image":{"@id":"https:\/\/jornalfatosenoticias.com.br\/#\/schema\/logo\/image\/"}},{"@type":"Person","@id":"https:\/\/jornalfatosenoticias.com.br\/#\/schema\/person\/d63837fa13ac8666eb9e74e0985d6f81","name":"Luzimara Fernandes","image":{"@type":"ImageObject","inLanguage":"pt-BR","@id":"https:\/\/jornalfatosenoticias.com.br\/#\/schema\/person\/image\/","url":"https:\/\/jornalfatosenoticias.com.br\/wp-content\/uploads\/2025\/05\/EU_portal.jpg","contentUrl":"https:\/\/jornalfatosenoticias.com.br\/wp-content\/uploads\/2025\/05\/EU_portal.jpg","caption":"Luzimara Fernandes"},"description":"Jornalista MTB 2358-ES","sameAs":["https:\/\/jornalfatosenoticias.com.br"],"url":"https:\/\/jornalfatosenoticias.com.br\/index.php\/author\/luzimara\/"}]}},"cc_featured_image_caption":{"caption_text":"(Foto: Reprodu\u00e7\u00e3o)","source_text":"","source_url":""},"jetpack_featured_media_url":"https:\/\/jornalfatosenoticias.com.br\/wp-content\/uploads\/2021\/12\/gas-natural-reproducao.jpg","_links":{"self":[{"href":"https:\/\/jornalfatosenoticias.com.br\/index.php\/wp-json\/wp\/v2\/posts\/26203","targetHints":{"allow":["GET"]}}],"collection":[{"href":"https:\/\/jornalfatosenoticias.com.br\/index.php\/wp-json\/wp\/v2\/posts"}],"about":[{"href":"https:\/\/jornalfatosenoticias.com.br\/index.php\/wp-json\/wp\/v2\/types\/post"}],"author":[{"embeddable":true,"href":"https:\/\/jornalfatosenoticias.com.br\/index.php\/wp-json\/wp\/v2\/users\/2"}],"replies":[{"embeddable":true,"href":"https:\/\/jornalfatosenoticias.com.br\/index.php\/wp-json\/wp\/v2\/comments?post=26203"}],"version-history":[{"count":0,"href":"https:\/\/jornalfatosenoticias.com.br\/index.php\/wp-json\/wp\/v2\/posts\/26203\/revisions"}],"wp:featuredmedia":[{"embeddable":true,"href":"https:\/\/jornalfatosenoticias.com.br\/index.php\/wp-json\/wp\/v2\/media\/26204"}],"wp:attachment":[{"href":"https:\/\/jornalfatosenoticias.com.br\/index.php\/wp-json\/wp\/v2\/media?parent=26203"}],"wp:term":[{"taxonomy":"category","embeddable":true,"href":"https:\/\/jornalfatosenoticias.com.br\/index.php\/wp-json\/wp\/v2\/categories?post=26203"},{"taxonomy":"post_tag","embeddable":true,"href":"https:\/\/jornalfatosenoticias.com.br\/index.php\/wp-json\/wp\/v2\/tags?post=26203"}],"curies":[{"name":"wp","href":"https:\/\/api.w.org\/{rel}","templated":true}]}}