{"id":2621,"date":"2020-04-01T08:42:51","date_gmt":"2020-04-01T11:42:51","guid":{"rendered":"https:\/\/jornalfatosenoticias.com.br\/?p=2621"},"modified":"2020-04-01T08:43:23","modified_gmt":"2020-04-01T11:43:23","slug":"um-terco-dos-candidatos-as-universidades-nao-tem-acesso-a-ead","status":"publish","type":"post","link":"https:\/\/jornalfatosenoticias.com.br\/index.php\/2020\/04\/01\/um-terco-dos-candidatos-as-universidades-nao-tem-acesso-a-ead\/","title":{"rendered":"Um ter\u00e7o dos candidatos \u00e0s universidades n\u00e3o tem acesso \u00e0 EAD"},"content":{"rendered":"\n<h6 class=\"wp-block-heading\"><em>Recursos de teleaula t\u00eam sido estrat\u00e9gicos para manter semestre<\/em><\/h6>\n\n\n\n<p>Um em cada tr\u00eas estudantes (33,5%) que tentaram vaga no curso superior, nos \u00faltimos cinco anos, por meio do Exame Nacional do Ensino M\u00e9dio (Enem), n\u00e3o tem acesso \u00e0 internet e a dispositivos, como computador ou celular, que permita, por exemplo, aprender por meio de educa\u00e7\u00e3o a dist\u00e2ncia (EAD).<br> Em tempos da pandemia de covid-19, recursos de teleaula em aplicativos fornecidos por faculdades t\u00eam sido estrat\u00e9gicos para manter o semestre letivo e viabilizar a aprendizagem.<br> Conforme an\u00e1lise dos dados colhidos nas respostas do question\u00e1rio socioecon\u00f4mico aplicado pelo Instituto Nacional de Estudos e Pesquisas Educacionais An\u00edsio Teixeira (Inep), vinculado ao Minist\u00e9rio da Educa\u00e7\u00e3o (MEC), na inscri\u00e7\u00e3o para o exame nos \u00faltimos cinco anos, 65,9% dos egressos desse n\u00edvel de ensino declararam acessar internet e celular; 61,9% tinham computador e celular; e 54,81% tinham os dois dispositivos e acessavam a rede mundial de computadores. Quase 98% declararam ter celular.<br> Os dados foram levantados pela plataforma interativa Quero Bolsa, criada para estudantes buscarem aux\u00edlio e descontos para inscri\u00e7\u00e3o em faculdades particulares.<br> Pedro Balerine, diretor de Intelig\u00eancia Educacional da plataforma, ressalta que os dados s\u00e3o colhidos antes do ingresso universit\u00e1rio, mas assinala que \u201cse um ter\u00e7o dos egressos [do n\u00edvel m\u00e9dio] n\u00e3o disp\u00f5e dos meios necess\u00e1rios para a EAD, \u00e9 improv\u00e1vel que esse n\u00famero caia a zero quando esses alunos entrarem na faculdade\u201d.<br> Conforme o especialista, \u201cas institui\u00e7\u00f5es precisam se preocupar com esse assunto, sen\u00e3o correr\u00e3o o risco de lidar com evas\u00e3o e baixo desempenho acad\u00eamico\u201d. Para ele, \u201cas institui\u00e7\u00f5es de ensino superior, principalmente aquelas que ficam em regi\u00f5es mais pobres ou remotas, precisam ficar atentas ao fato de que possivelmente uma boa parte de seu corpo discente n\u00e3o tem infraestrutura dom\u00e9stica adequada para o aprendizado a dist\u00e2ncia, ent\u00e3o a migra\u00e7\u00e3o intempestiva para o EAD em tempos de covid-19 pode vir com alguns riscos\u201d.<br> O quadro, no entanto, \u201cn\u00e3o invalida nem tira o m\u00e9rito do EAD, que de fato veio para ficar e cujo crescimento \u00e9 ineg\u00e1vel\u201d, opina. \u201c[A] EAD tem tido um papel importante em combater essa desigualdade, pois al\u00e9m de baratear muito o curso &#8211; tornando-o, assim, acess\u00edvel para mais gente -, ele traz uma novidade ao setor, que \u00e9 o uso intensivo de inova\u00e7\u00e3o tecnol\u00f3gica e recursos tecnol\u00f3gicos para personalizar a experi\u00eancia de aprendizado do aluno e garantir resultados melhores\u201d, refor\u00e7a Pedro Balerine.<br> Conforme nota distribu\u00edda \u00e0 imprensa pela Quero Bolsa, \u201cem nove estados, mais da metade dos estudantes n\u00e3o t\u00eam estrutura b\u00e1sica para cursar ensino superior a dist\u00e2ncia. O Amap\u00e1 \u00e9 o estado com menor propor\u00e7\u00e3o de estudantes com estrutura m\u00ednima para cursar o ensino superior a dist\u00e2ncia, com apenas 36,5%. Al\u00e9m dele, nos estados do Par\u00e1, Maranh\u00e3o, Acre, Amazonas, Piau\u00ed, Roraima, Cear\u00e1 e Tocantins, menos da metade dos estudantes responderam que tem internet em casa e computador ou celular. O estado com maior propor\u00e7\u00e3o \u00e9 Santa Catarina, com 82,9%\u201d.<br> \u201cO Brasil \u00e9 um pa\u00eds bastante heterog\u00eaneo e desigual\u201d, ressalta o diretor da plataforma. \u201cMuitos estados t\u00eam amplo acesso a dispositivos eletr\u00f4nicos (computadores e celulares) e internet, mas em v\u00e1rios outros, nem tanto. Isso \u00e9 fruto principalmente da desigualdade de renda e, em menor grau, da infraestrutura de telecomunica\u00e7\u00f5es limitada no interior de v\u00e1rios estados\u201d.  <\/p>\n\n\n\n<p><strong><em>Fonte: <a href=\"https:\/\/agenciabrasil.ebc.com.br\/educacao\/noticia\/2020-04\/um-terco-dos-candidatos-universidades-nao-tem-acesso-ead\">Ag\u00eancia Brasil<\/a><\/em><\/strong><\/p>\n","protected":false},"excerpt":{"rendered":"<p>Recursos de teleaula t\u00eam sido estrat\u00e9gicos para manter semestre Um em cada tr\u00eas estudantes (33,5%) que tentaram vaga no curso superior, nos \u00faltimos cinco anos, por meio do Exame Nacional do Ensino M\u00e9dio (Enem), n\u00e3o tem acesso \u00e0 internet e a dispositivos, como computador ou celular, que permita, por exemplo, aprender por meio de educa\u00e7\u00e3o [&hellip;]<\/p>\n","protected":false},"author":2,"featured_media":2622,"comment_status":"open","ping_status":"open","sticky":false,"template":"","format":"standard","meta":{"footnotes":""},"categories":[7],"tags":[73,273,1273,345,921,1272,283,330,1274],"class_list":["post-2621","post","type-post","status-publish","format-standard","has-post-thumbnail","hentry","category-educacao","tag-coronavirus","tag-covid-19","tag-ead","tag-educacao","tag-enem","tag-ensino-a-distancia","tag-mec","tag-pandemia","tag-teleaula"],"yoast_head":"<!-- This site is optimized with the Yoast SEO plugin v26.5 - https:\/\/yoast.com\/wordpress\/plugins\/seo\/ -->\n<title>Um ter\u00e7o dos candidatos \u00e0s universidades n\u00e3o tem acesso \u00e0 EAD - Jornal Fatos e Not\u00edcias<\/title>\n<meta name=\"robots\" content=\"index, follow, max-snippet:-1, max-image-preview:large, max-video-preview:-1\" \/>\n<link rel=\"canonical\" href=\"https:\/\/jornalfatosenoticias.com.br\/index.php\/2020\/04\/01\/um-terco-dos-candidatos-as-universidades-nao-tem-acesso-a-ead\/\" \/>\n<meta property=\"og:locale\" content=\"pt_BR\" \/>\n<meta property=\"og:type\" content=\"article\" \/>\n<meta property=\"og:title\" content=\"Um ter\u00e7o dos candidatos \u00e0s universidades n\u00e3o tem acesso \u00e0 EAD - Jornal Fatos e Not\u00edcias\" \/>\n<meta property=\"og:description\" content=\"Recursos de teleaula t\u00eam sido estrat\u00e9gicos para manter semestre Um em cada tr\u00eas estudantes (33,5%) que tentaram vaga no curso superior, nos \u00faltimos cinco anos, por meio do Exame Nacional do Ensino M\u00e9dio (Enem), n\u00e3o tem acesso \u00e0 internet e a dispositivos, como computador ou celular, que permita, por exemplo, aprender por meio de educa\u00e7\u00e3o [&hellip;]\" \/>\n<meta property=\"og:url\" content=\"https:\/\/jornalfatosenoticias.com.br\/index.php\/2020\/04\/01\/um-terco-dos-candidatos-as-universidades-nao-tem-acesso-a-ead\/\" \/>\n<meta property=\"og:site_name\" content=\"Jornal Fatos e Not\u00edcias\" \/>\n<meta property=\"article:published_time\" content=\"2020-04-01T11:42:51+00:00\" \/>\n<meta property=\"article:modified_time\" content=\"2020-04-01T11:43:23+00:00\" \/>\n<meta property=\"og:image\" content=\"https:\/\/jornalfatosenoticias.com.br\/wp-content\/uploads\/2020\/04\/EAD.jpeg\" \/>\n\t<meta property=\"og:image:width\" content=\"1170\" \/>\n\t<meta property=\"og:image:height\" content=\"700\" \/>\n\t<meta property=\"og:image:type\" content=\"image\/jpeg\" \/>\n<meta name=\"author\" content=\"Luzimara Fernandes\" \/>\n<meta name=\"twitter:card\" content=\"summary_large_image\" \/>\n<meta name=\"twitter:label1\" content=\"Escrito por\" \/>\n\t<meta name=\"twitter:data1\" content=\"Luzimara Fernandes\" \/>\n\t<meta name=\"twitter:label2\" content=\"Est. tempo de leitura\" \/>\n\t<meta name=\"twitter:data2\" content=\"3 minutos\" \/>\n<script type=\"application\/ld+json\" class=\"yoast-schema-graph\">{\"@context\":\"https:\/\/schema.org\",\"@graph\":[{\"@type\":\"Article\",\"@id\":\"https:\/\/jornalfatosenoticias.com.br\/index.php\/2020\/04\/01\/um-terco-dos-candidatos-as-universidades-nao-tem-acesso-a-ead\/#article\",\"isPartOf\":{\"@id\":\"https:\/\/jornalfatosenoticias.com.br\/index.php\/2020\/04\/01\/um-terco-dos-candidatos-as-universidades-nao-tem-acesso-a-ead\/\"},\"author\":{\"name\":\"Luzimara Fernandes\",\"@id\":\"https:\/\/jornalfatosenoticias.com.br\/#\/schema\/person\/d63837fa13ac8666eb9e74e0985d6f81\"},\"headline\":\"Um ter\u00e7o dos candidatos \u00e0s universidades n\u00e3o tem acesso \u00e0 EAD\",\"datePublished\":\"2020-04-01T11:42:51+00:00\",\"dateModified\":\"2020-04-01T11:43:23+00:00\",\"mainEntityOfPage\":{\"@id\":\"https:\/\/jornalfatosenoticias.com.br\/index.php\/2020\/04\/01\/um-terco-dos-candidatos-as-universidades-nao-tem-acesso-a-ead\/\"},\"wordCount\":604,\"commentCount\":0,\"publisher\":{\"@id\":\"https:\/\/jornalfatosenoticias.com.br\/#organization\"},\"image\":{\"@id\":\"https:\/\/jornalfatosenoticias.com.br\/index.php\/2020\/04\/01\/um-terco-dos-candidatos-as-universidades-nao-tem-acesso-a-ead\/#primaryimage\"},\"thumbnailUrl\":\"https:\/\/jornalfatosenoticias.com.br\/wp-content\/uploads\/2020\/04\/EAD.jpeg\",\"keywords\":[\"coronav\u00edrus\",\"covid-19\",\"EaD\",\"educa\u00e7\u00e3o\",\"Enem\",\"ensino a dist\u00e2ncia\",\"MEC\",\"pandemia\",\"teleaula\"],\"articleSection\":[\"Educa\u00e7\u00e3o\"],\"inLanguage\":\"pt-BR\",\"potentialAction\":[{\"@type\":\"CommentAction\",\"name\":\"Comment\",\"target\":[\"https:\/\/jornalfatosenoticias.com.br\/index.php\/2020\/04\/01\/um-terco-dos-candidatos-as-universidades-nao-tem-acesso-a-ead\/#respond\"]}]},{\"@type\":\"WebPage\",\"@id\":\"https:\/\/jornalfatosenoticias.com.br\/index.php\/2020\/04\/01\/um-terco-dos-candidatos-as-universidades-nao-tem-acesso-a-ead\/\",\"url\":\"https:\/\/jornalfatosenoticias.com.br\/index.php\/2020\/04\/01\/um-terco-dos-candidatos-as-universidades-nao-tem-acesso-a-ead\/\",\"name\":\"Um ter\u00e7o dos candidatos \u00e0s universidades n\u00e3o tem acesso \u00e0 EAD - Jornal Fatos e Not\u00edcias\",\"isPartOf\":{\"@id\":\"https:\/\/jornalfatosenoticias.com.br\/#website\"},\"primaryImageOfPage\":{\"@id\":\"https:\/\/jornalfatosenoticias.com.br\/index.php\/2020\/04\/01\/um-terco-dos-candidatos-as-universidades-nao-tem-acesso-a-ead\/#primaryimage\"},\"image\":{\"@id\":\"https:\/\/jornalfatosenoticias.com.br\/index.php\/2020\/04\/01\/um-terco-dos-candidatos-as-universidades-nao-tem-acesso-a-ead\/#primaryimage\"},\"thumbnailUrl\":\"https:\/\/jornalfatosenoticias.com.br\/wp-content\/uploads\/2020\/04\/EAD.jpeg\",\"datePublished\":\"2020-04-01T11:42:51+00:00\",\"dateModified\":\"2020-04-01T11:43:23+00:00\",\"breadcrumb\":{\"@id\":\"https:\/\/jornalfatosenoticias.com.br\/index.php\/2020\/04\/01\/um-terco-dos-candidatos-as-universidades-nao-tem-acesso-a-ead\/#breadcrumb\"},\"inLanguage\":\"pt-BR\",\"potentialAction\":[{\"@type\":\"ReadAction\",\"target\":[\"https:\/\/jornalfatosenoticias.com.br\/index.php\/2020\/04\/01\/um-terco-dos-candidatos-as-universidades-nao-tem-acesso-a-ead\/\"]}]},{\"@type\":\"ImageObject\",\"inLanguage\":\"pt-BR\",\"@id\":\"https:\/\/jornalfatosenoticias.com.br\/index.php\/2020\/04\/01\/um-terco-dos-candidatos-as-universidades-nao-tem-acesso-a-ead\/#primaryimage\",\"url\":\"https:\/\/jornalfatosenoticias.com.br\/wp-content\/uploads\/2020\/04\/EAD.jpeg\",\"contentUrl\":\"https:\/\/jornalfatosenoticias.com.br\/wp-content\/uploads\/2020\/04\/EAD.jpeg\",\"width\":1170,\"height\":700},{\"@type\":\"BreadcrumbList\",\"@id\":\"https:\/\/jornalfatosenoticias.com.br\/index.php\/2020\/04\/01\/um-terco-dos-candidatos-as-universidades-nao-tem-acesso-a-ead\/#breadcrumb\",\"itemListElement\":[{\"@type\":\"ListItem\",\"position\":1,\"name\":\"In\u00edcio\",\"item\":\"https:\/\/jornalfatosenoticias.com.br\/\"},{\"@type\":\"ListItem\",\"position\":2,\"name\":\"Um ter\u00e7o dos candidatos \u00e0s universidades n\u00e3o tem acesso \u00e0 EAD\"}]},{\"@type\":\"WebSite\",\"@id\":\"https:\/\/jornalfatosenoticias.com.br\/#website\",\"url\":\"https:\/\/jornalfatosenoticias.com.br\/\",\"name\":\"Jornal Fatos e Not\u00edcias\",\"description\":\"Not\u00edcias em geral\",\"publisher\":{\"@id\":\"https:\/\/jornalfatosenoticias.com.br\/#organization\"},\"potentialAction\":[{\"@type\":\"SearchAction\",\"target\":{\"@type\":\"EntryPoint\",\"urlTemplate\":\"https:\/\/jornalfatosenoticias.com.br\/?s={search_term_string}\"},\"query-input\":{\"@type\":\"PropertyValueSpecification\",\"valueRequired\":true,\"valueName\":\"search_term_string\"}}],\"inLanguage\":\"pt-BR\"},{\"@type\":\"Organization\",\"@id\":\"https:\/\/jornalfatosenoticias.com.br\/#organization\",\"name\":\"Jornal Fatos e Not\u00edcias\",\"url\":\"https:\/\/jornalfatosenoticias.com.br\/\",\"logo\":{\"@type\":\"ImageObject\",\"inLanguage\":\"pt-BR\",\"@id\":\"https:\/\/jornalfatosenoticias.com.br\/#\/schema\/logo\/image\/\",\"url\":\"https:\/\/jornalfatosenoticias.com.br\/wp-content\/uploads\/2020\/02\/logo120.png\",\"contentUrl\":\"https:\/\/jornalfatosenoticias.com.br\/wp-content\/uploads\/2020\/02\/logo120.png\",\"width\":1227,\"height\":120,\"caption\":\"Jornal Fatos e Not\u00edcias\"},\"image\":{\"@id\":\"https:\/\/jornalfatosenoticias.com.br\/#\/schema\/logo\/image\/\"}},{\"@type\":\"Person\",\"@id\":\"https:\/\/jornalfatosenoticias.com.br\/#\/schema\/person\/d63837fa13ac8666eb9e74e0985d6f81\",\"name\":\"Luzimara Fernandes\",\"image\":{\"@type\":\"ImageObject\",\"inLanguage\":\"pt-BR\",\"@id\":\"https:\/\/jornalfatosenoticias.com.br\/#\/schema\/person\/image\/\",\"url\":\"https:\/\/jornalfatosenoticias.com.br\/wp-content\/uploads\/2025\/05\/EU_portal.jpg\",\"contentUrl\":\"https:\/\/jornalfatosenoticias.com.br\/wp-content\/uploads\/2025\/05\/EU_portal.jpg\",\"caption\":\"Luzimara Fernandes\"},\"description\":\"Jornalista MTB 2358-ES\",\"sameAs\":[\"https:\/\/jornalfatosenoticias.com.br\"],\"url\":\"https:\/\/jornalfatosenoticias.com.br\/index.php\/author\/luzimara\/\"}]}<\/script>\n<!-- \/ Yoast SEO plugin. -->","yoast_head_json":{"title":"Um ter\u00e7o dos candidatos \u00e0s universidades n\u00e3o tem acesso \u00e0 EAD - Jornal Fatos e Not\u00edcias","robots":{"index":"index","follow":"follow","max-snippet":"max-snippet:-1","max-image-preview":"max-image-preview:large","max-video-preview":"max-video-preview:-1"},"canonical":"https:\/\/jornalfatosenoticias.com.br\/index.php\/2020\/04\/01\/um-terco-dos-candidatos-as-universidades-nao-tem-acesso-a-ead\/","og_locale":"pt_BR","og_type":"article","og_title":"Um ter\u00e7o dos candidatos \u00e0s universidades n\u00e3o tem acesso \u00e0 EAD - Jornal Fatos e Not\u00edcias","og_description":"Recursos de teleaula t\u00eam sido estrat\u00e9gicos para manter semestre Um em cada tr\u00eas estudantes (33,5%) que tentaram vaga no curso superior, nos \u00faltimos cinco anos, por meio do Exame Nacional do Ensino M\u00e9dio (Enem), n\u00e3o tem acesso \u00e0 internet e a dispositivos, como computador ou celular, que permita, por exemplo, aprender por meio de educa\u00e7\u00e3o [&hellip;]","og_url":"https:\/\/jornalfatosenoticias.com.br\/index.php\/2020\/04\/01\/um-terco-dos-candidatos-as-universidades-nao-tem-acesso-a-ead\/","og_site_name":"Jornal Fatos e Not\u00edcias","article_published_time":"2020-04-01T11:42:51+00:00","article_modified_time":"2020-04-01T11:43:23+00:00","og_image":[{"width":1170,"height":700,"url":"https:\/\/jornalfatosenoticias.com.br\/wp-content\/uploads\/2020\/04\/EAD.jpeg","type":"image\/jpeg"}],"author":"Luzimara Fernandes","twitter_card":"summary_large_image","twitter_misc":{"Escrito por":"Luzimara Fernandes","Est. tempo de leitura":"3 minutos"},"schema":{"@context":"https:\/\/schema.org","@graph":[{"@type":"Article","@id":"https:\/\/jornalfatosenoticias.com.br\/index.php\/2020\/04\/01\/um-terco-dos-candidatos-as-universidades-nao-tem-acesso-a-ead\/#article","isPartOf":{"@id":"https:\/\/jornalfatosenoticias.com.br\/index.php\/2020\/04\/01\/um-terco-dos-candidatos-as-universidades-nao-tem-acesso-a-ead\/"},"author":{"name":"Luzimara Fernandes","@id":"https:\/\/jornalfatosenoticias.com.br\/#\/schema\/person\/d63837fa13ac8666eb9e74e0985d6f81"},"headline":"Um ter\u00e7o dos candidatos \u00e0s universidades n\u00e3o tem acesso \u00e0 EAD","datePublished":"2020-04-01T11:42:51+00:00","dateModified":"2020-04-01T11:43:23+00:00","mainEntityOfPage":{"@id":"https:\/\/jornalfatosenoticias.com.br\/index.php\/2020\/04\/01\/um-terco-dos-candidatos-as-universidades-nao-tem-acesso-a-ead\/"},"wordCount":604,"commentCount":0,"publisher":{"@id":"https:\/\/jornalfatosenoticias.com.br\/#organization"},"image":{"@id":"https:\/\/jornalfatosenoticias.com.br\/index.php\/2020\/04\/01\/um-terco-dos-candidatos-as-universidades-nao-tem-acesso-a-ead\/#primaryimage"},"thumbnailUrl":"https:\/\/jornalfatosenoticias.com.br\/wp-content\/uploads\/2020\/04\/EAD.jpeg","keywords":["coronav\u00edrus","covid-19","EaD","educa\u00e7\u00e3o","Enem","ensino a dist\u00e2ncia","MEC","pandemia","teleaula"],"articleSection":["Educa\u00e7\u00e3o"],"inLanguage":"pt-BR","potentialAction":[{"@type":"CommentAction","name":"Comment","target":["https:\/\/jornalfatosenoticias.com.br\/index.php\/2020\/04\/01\/um-terco-dos-candidatos-as-universidades-nao-tem-acesso-a-ead\/#respond"]}]},{"@type":"WebPage","@id":"https:\/\/jornalfatosenoticias.com.br\/index.php\/2020\/04\/01\/um-terco-dos-candidatos-as-universidades-nao-tem-acesso-a-ead\/","url":"https:\/\/jornalfatosenoticias.com.br\/index.php\/2020\/04\/01\/um-terco-dos-candidatos-as-universidades-nao-tem-acesso-a-ead\/","name":"Um ter\u00e7o dos candidatos \u00e0s universidades n\u00e3o tem acesso \u00e0 EAD - Jornal Fatos e Not\u00edcias","isPartOf":{"@id":"https:\/\/jornalfatosenoticias.com.br\/#website"},"primaryImageOfPage":{"@id":"https:\/\/jornalfatosenoticias.com.br\/index.php\/2020\/04\/01\/um-terco-dos-candidatos-as-universidades-nao-tem-acesso-a-ead\/#primaryimage"},"image":{"@id":"https:\/\/jornalfatosenoticias.com.br\/index.php\/2020\/04\/01\/um-terco-dos-candidatos-as-universidades-nao-tem-acesso-a-ead\/#primaryimage"},"thumbnailUrl":"https:\/\/jornalfatosenoticias.com.br\/wp-content\/uploads\/2020\/04\/EAD.jpeg","datePublished":"2020-04-01T11:42:51+00:00","dateModified":"2020-04-01T11:43:23+00:00","breadcrumb":{"@id":"https:\/\/jornalfatosenoticias.com.br\/index.php\/2020\/04\/01\/um-terco-dos-candidatos-as-universidades-nao-tem-acesso-a-ead\/#breadcrumb"},"inLanguage":"pt-BR","potentialAction":[{"@type":"ReadAction","target":["https:\/\/jornalfatosenoticias.com.br\/index.php\/2020\/04\/01\/um-terco-dos-candidatos-as-universidades-nao-tem-acesso-a-ead\/"]}]},{"@type":"ImageObject","inLanguage":"pt-BR","@id":"https:\/\/jornalfatosenoticias.com.br\/index.php\/2020\/04\/01\/um-terco-dos-candidatos-as-universidades-nao-tem-acesso-a-ead\/#primaryimage","url":"https:\/\/jornalfatosenoticias.com.br\/wp-content\/uploads\/2020\/04\/EAD.jpeg","contentUrl":"https:\/\/jornalfatosenoticias.com.br\/wp-content\/uploads\/2020\/04\/EAD.jpeg","width":1170,"height":700},{"@type":"BreadcrumbList","@id":"https:\/\/jornalfatosenoticias.com.br\/index.php\/2020\/04\/01\/um-terco-dos-candidatos-as-universidades-nao-tem-acesso-a-ead\/#breadcrumb","itemListElement":[{"@type":"ListItem","position":1,"name":"In\u00edcio","item":"https:\/\/jornalfatosenoticias.com.br\/"},{"@type":"ListItem","position":2,"name":"Um ter\u00e7o dos candidatos \u00e0s universidades n\u00e3o tem acesso \u00e0 EAD"}]},{"@type":"WebSite","@id":"https:\/\/jornalfatosenoticias.com.br\/#website","url":"https:\/\/jornalfatosenoticias.com.br\/","name":"Jornal Fatos e Not\u00edcias","description":"Not\u00edcias em geral","publisher":{"@id":"https:\/\/jornalfatosenoticias.com.br\/#organization"},"potentialAction":[{"@type":"SearchAction","target":{"@type":"EntryPoint","urlTemplate":"https:\/\/jornalfatosenoticias.com.br\/?s={search_term_string}"},"query-input":{"@type":"PropertyValueSpecification","valueRequired":true,"valueName":"search_term_string"}}],"inLanguage":"pt-BR"},{"@type":"Organization","@id":"https:\/\/jornalfatosenoticias.com.br\/#organization","name":"Jornal Fatos e Not\u00edcias","url":"https:\/\/jornalfatosenoticias.com.br\/","logo":{"@type":"ImageObject","inLanguage":"pt-BR","@id":"https:\/\/jornalfatosenoticias.com.br\/#\/schema\/logo\/image\/","url":"https:\/\/jornalfatosenoticias.com.br\/wp-content\/uploads\/2020\/02\/logo120.png","contentUrl":"https:\/\/jornalfatosenoticias.com.br\/wp-content\/uploads\/2020\/02\/logo120.png","width":1227,"height":120,"caption":"Jornal Fatos e Not\u00edcias"},"image":{"@id":"https:\/\/jornalfatosenoticias.com.br\/#\/schema\/logo\/image\/"}},{"@type":"Person","@id":"https:\/\/jornalfatosenoticias.com.br\/#\/schema\/person\/d63837fa13ac8666eb9e74e0985d6f81","name":"Luzimara Fernandes","image":{"@type":"ImageObject","inLanguage":"pt-BR","@id":"https:\/\/jornalfatosenoticias.com.br\/#\/schema\/person\/image\/","url":"https:\/\/jornalfatosenoticias.com.br\/wp-content\/uploads\/2025\/05\/EU_portal.jpg","contentUrl":"https:\/\/jornalfatosenoticias.com.br\/wp-content\/uploads\/2025\/05\/EU_portal.jpg","caption":"Luzimara Fernandes"},"description":"Jornalista MTB 2358-ES","sameAs":["https:\/\/jornalfatosenoticias.com.br"],"url":"https:\/\/jornalfatosenoticias.com.br\/index.php\/author\/luzimara\/"}]}},"cc_featured_image_caption":{"caption_text":"(Foto: Divulga\u00e7\u00e3o\/MCTIC)","source_text":"","source_url":""},"jetpack_featured_media_url":"https:\/\/jornalfatosenoticias.com.br\/wp-content\/uploads\/2020\/04\/EAD.jpeg","_links":{"self":[{"href":"https:\/\/jornalfatosenoticias.com.br\/index.php\/wp-json\/wp\/v2\/posts\/2621","targetHints":{"allow":["GET"]}}],"collection":[{"href":"https:\/\/jornalfatosenoticias.com.br\/index.php\/wp-json\/wp\/v2\/posts"}],"about":[{"href":"https:\/\/jornalfatosenoticias.com.br\/index.php\/wp-json\/wp\/v2\/types\/post"}],"author":[{"embeddable":true,"href":"https:\/\/jornalfatosenoticias.com.br\/index.php\/wp-json\/wp\/v2\/users\/2"}],"replies":[{"embeddable":true,"href":"https:\/\/jornalfatosenoticias.com.br\/index.php\/wp-json\/wp\/v2\/comments?post=2621"}],"version-history":[{"count":0,"href":"https:\/\/jornalfatosenoticias.com.br\/index.php\/wp-json\/wp\/v2\/posts\/2621\/revisions"}],"wp:featuredmedia":[{"embeddable":true,"href":"https:\/\/jornalfatosenoticias.com.br\/index.php\/wp-json\/wp\/v2\/media\/2622"}],"wp:attachment":[{"href":"https:\/\/jornalfatosenoticias.com.br\/index.php\/wp-json\/wp\/v2\/media?parent=2621"}],"wp:term":[{"taxonomy":"category","embeddable":true,"href":"https:\/\/jornalfatosenoticias.com.br\/index.php\/wp-json\/wp\/v2\/categories?post=2621"},{"taxonomy":"post_tag","embeddable":true,"href":"https:\/\/jornalfatosenoticias.com.br\/index.php\/wp-json\/wp\/v2\/tags?post=2621"}],"curies":[{"name":"wp","href":"https:\/\/api.w.org\/{rel}","templated":true}]}}