{"id":26266,"date":"2021-12-22T18:45:22","date_gmt":"2021-12-22T21:45:22","guid":{"rendered":"https:\/\/jornalfatosenoticias.com.br\/?p=26266"},"modified":"2021-12-22T18:45:24","modified_gmt":"2021-12-22T21:45:24","slug":"proximidade-genetica-entre-racas-de-caes-aumenta-risco-de-doencas","status":"publish","type":"post","link":"https:\/\/jornalfatosenoticias.com.br\/index.php\/2021\/12\/22\/proximidade-genetica-entre-racas-de-caes-aumenta-risco-de-doencas\/","title":{"rendered":"Proximidade gen\u00e9tica entre ra\u00e7as de c\u00e3es aumenta risco de doen\u00e7as"},"content":{"rendered":"\n<p>Sejam as curtas patas e o corpo alongado de um Dachshund, seja o focinho encurtado e amassado de um pug, seja o corpo todo pintado de um d\u00e1lmata, voc\u00ea pode citar in\u00fameras diferen\u00e7as entre as variadas <a class=\"\" href=\"https:\/\/www.megacurioso.com.br\/animais\/42726-10-racas-de-caes-que-nao-existem-mais.htm\" rel=\"noreferrer noopener\" target=\"_blank\">ra\u00e7as<\/a> de cachorro, n\u00e3o \u00e9 mesmo? Entretanto, a gen\u00e9tica que faz cada um desses animais se parecer assim \u00e9 frequentemente fruto da <strong>consanguinidade<\/strong>. E o que isso significa?<br>A consanguinidade \u00e9 caracterizada pelo cruzamento de dois indiv\u00edduos geneticamente semelhantes \u2014 algo bastante comum entre cachorros de ra\u00e7a. E, para piorar a situa\u00e7\u00e3o, a falta de variedade gen\u00e9tica parece afetar diretamente a sa\u00fade dos c\u00e3es, isso \u00e9 o que diz um novo estudo publicado na <em>Canine Medicine and Genetics.<\/em><\/p>\n\n\n\n<h4 class=\"wp-block-heading\"><span class=\"has-inline-color has-black-color\">Consanguinidade entre cachorros<\/span><\/h4>\n\n\n\n<figure class=\"wp-block-image size-large\"><img loading=\"lazy\" decoding=\"async\" width=\"1000\" height=\"667\" src=\"https:\/\/jornalfatosenoticias.com.br\/wp-content\/uploads\/2021\/12\/racas.jpg\" alt=\"\" class=\"wp-image-26267\" srcset=\"https:\/\/jornalfatosenoticias.com.br\/wp-content\/uploads\/2021\/12\/racas.jpg 1000w, https:\/\/jornalfatosenoticias.com.br\/wp-content\/uploads\/2021\/12\/racas-300x200.jpg 300w, https:\/\/jornalfatosenoticias.com.br\/wp-content\/uploads\/2021\/12\/racas-768x512.jpg 768w\" sizes=\"auto, (max-width: 1000px) 100vw, 1000px\" \/><figcaption><em><span class=\"has-inline-color has-black-color\">(Foto: Shutterstock)<\/span><\/em><\/figcaption><\/figure>\n\n\n\n<p>&#8220;Embora estudos anteriores tenham mostrado que c\u00e3es pequenos vivem mais do que os grandes, ningu\u00e9m havia relatado morbidade ou presen\u00e7a de doen\u00e7a nesses indiv\u00edduos. Este estudo revelou que se os c\u00e3es s\u00e3o de tamanho menor e n\u00e3o consangu\u00edneos, eles s\u00e3o muito mais saud\u00e1veis do que c\u00e3es maiores com alta consanguinidade&#8221;, relatou Danika Bannasch, autora do estudo e veterin\u00e1ria geneticista na Universidade da Calif\u00f3rnia (Estados Unidos).<br>Com base na an\u00e1lise de 227 ra\u00e7as de cachorros, a equipe de pesquisadores conseguiu constatar que a taxa de compartilhamento gen\u00e9tico entre esp\u00e9cimes chega a 25%, em m\u00e9dia, o que seria equivalente ao compartilhamento de material gen\u00e9tico que temos com um irm\u00e3o de mesmo pai e m\u00e3e.<br>Esses n\u00edveis s\u00e3o considerados bem mais altos do que o seguro para a reprodu\u00e7\u00e3o de humanos e at\u00e9 mesmo de animais selvagens. Em humanos, altos \u00edndices de <a class=\"\" href=\"https:\/\/www.megacurioso.com.br\/ciencia\/112926-incestos-foram-responsaveis-por-deformidades-em-maxilares-de-reis.htm\" rel=\"noreferrer noopener\" target=\"_blank\">consanguinidade<\/a> \u2014 que ficam entre 3% e 6% \u2014 t\u00eam sido associados ao aumento da preval\u00eancia de doen\u00e7as complexas, bem como de outras condi\u00e7\u00f5es.<\/p>\n\n\n\n<h4 class=\"wp-block-heading\"><span class=\"has-inline-color has-black-color\">Doen\u00e7as complexas<\/span><\/h4>\n\n\n\n<figure class=\"wp-block-image size-large\"><img loading=\"lazy\" decoding=\"async\" width=\"1000\" height=\"762\" src=\"https:\/\/jornalfatosenoticias.com.br\/wp-content\/uploads\/2021\/12\/racas3.jpg\" alt=\"\" class=\"wp-image-26268\" srcset=\"https:\/\/jornalfatosenoticias.com.br\/wp-content\/uploads\/2021\/12\/racas3.jpg 1000w, https:\/\/jornalfatosenoticias.com.br\/wp-content\/uploads\/2021\/12\/racas3-300x229.jpg 300w, https:\/\/jornalfatosenoticias.com.br\/wp-content\/uploads\/2021\/12\/racas3-768x585.jpg 768w\" sizes=\"auto, (max-width: 1000px) 100vw, 1000px\" \/><figcaption><em><span class=\"has-inline-color has-black-color\">(Foto: Shutterstock)<\/span><\/em><\/figcaption><\/figure>\n\n\n\n<p>Segundo os pesquisadores, estudos derivados de outras esp\u00e9cies mostram que fortes la\u00e7os de consanguinidade costumam ser seguidos de uma maior predisposi\u00e7\u00e3o para o desenvolvimento de <a class=\"\" href=\"https:\/\/www.megacurioso.com.br\/medicina-e-psicologia\/37583-3-doencas-super-raras-que-voce-talvez-desconheca.htm\" rel=\"noreferrer noopener\" target=\"_blank\">doen\u00e7as complexas<\/a>, como c\u00e2ncer e doen\u00e7as autoimunes. Portanto, o compartilhamento gen\u00e9tico entre as ra\u00e7as de cachorro seria realmente perigoso.<br>Para Bannasch, alguns c\u00e3es dividem mais \u00e1cido desoxirribonucleico (DNA) do que outros por terem popula\u00e7\u00f5es menores e os seres humanos os for\u00e7ar a se reproduzirem apenas entre si para que a ra\u00e7a n\u00e3o perca certos tra\u00e7os gen\u00e9ticos. Esse \u00e9 um problema que acontece principalmente entre esp\u00e9cies criadas para parecem mais &#8220;fofinhas&#8221; para o p\u00fablico.<\/p>\n\n\n\n<h4 class=\"wp-block-heading\"><span class=\"has-inline-color has-black-color\">Controle populacional de c\u00e3es<\/span><\/h4>\n\n\n\n<figure class=\"wp-block-image size-large\"><img loading=\"lazy\" decoding=\"async\" width=\"1000\" height=\"667\" src=\"https:\/\/jornalfatosenoticias.com.br\/wp-content\/uploads\/2021\/12\/racas4.jpg\" alt=\"\" class=\"wp-image-26269\" srcset=\"https:\/\/jornalfatosenoticias.com.br\/wp-content\/uploads\/2021\/12\/racas4.jpg 1000w, https:\/\/jornalfatosenoticias.com.br\/wp-content\/uploads\/2021\/12\/racas4-300x200.jpg 300w, https:\/\/jornalfatosenoticias.com.br\/wp-content\/uploads\/2021\/12\/racas4-768x512.jpg 768w\" sizes=\"auto, (max-width: 1000px) 100vw, 1000px\" \/><figcaption><em><span class=\"has-inline-color has-black-color\">(Foto: Shutterstock)<\/span><\/em><\/figcaption><\/figure>\n\n\n\n<p>O estudo tamb\u00e9m demonstrou que existe uma maior taxa de mortalidade entre c\u00e3es de cr\u00e2nio curto do que aqueles de nariz alongado, algo que n\u00e3o era exatamente uma surpresa para os cientistas. Quanto aos problemas causados pela consanguinidade, Bannasch n\u00e3o soube responder se existe uma sa\u00edda para isso.<br>Por mais que novas tecnologias de monitoramento das taxas de compartilhamento gen\u00e9tico possam surgir no futuro, a pesquisadora disse em seu artigo que a melhor sa\u00edda no momento para algumas ra\u00e7as \u00e9 garantir que suas popula\u00e7\u00f5es n\u00e3o diminuam nos pr\u00f3ximos anos, o que acarretaria uma perda gen\u00e9tica ainda maior.<br>Para as ra\u00e7as que j\u00e1 t\u00eam baixo n\u00edvel de consanguinidade, a cientista ressalta que todos os esfor\u00e7os devem ser feitos para elas continuarem sendo vastas geneticamente.<\/p>\n\n\n\n<p><strong><em>Fonte: <a href=\"https:\/\/www.megacurioso.com.br\/ciencia\/120733-proximidade-genetica-entre-racas-de-caes-aumenta-risco-de-doencas.htm\">Mega Curioso<\/a><\/em><\/strong><\/p>\n","protected":false},"excerpt":{"rendered":"<p>Sejam as curtas patas e o corpo alongado de um Dachshund, seja o focinho encurtado e amassado de um pug, seja o corpo todo pintado de um d\u00e1lmata, voc\u00ea pode citar in\u00fameras diferen\u00e7as entre as variadas ra\u00e7as de cachorro, n\u00e3o \u00e9 mesmo? Entretanto, a gen\u00e9tica que faz cada um desses animais se parecer assim \u00e9 [&hellip;]<\/p>\n","protected":false},"author":2,"featured_media":26270,"comment_status":"open","ping_status":"open","sticky":false,"template":"","format":"standard","meta":{"footnotes":""},"categories":[9710],"tags":[754,753,12649,4902],"class_list":["post-26266","post","type-post","status-publish","format-standard","has-post-thumbnail","hentry","category-pets","tag-caes","tag-doencas","tag-genetica-animal","tag-racas"],"yoast_head":"<!-- This site is optimized with the Yoast SEO plugin v26.5 - https:\/\/yoast.com\/wordpress\/plugins\/seo\/ -->\n<title>Proximidade gen\u00e9tica entre ra\u00e7as de c\u00e3es aumenta risco de doen\u00e7as - Jornal Fatos e Not\u00edcias<\/title>\n<meta name=\"robots\" content=\"index, follow, max-snippet:-1, max-image-preview:large, max-video-preview:-1\" \/>\n<link rel=\"canonical\" href=\"https:\/\/jornalfatosenoticias.com.br\/index.php\/2021\/12\/22\/proximidade-genetica-entre-racas-de-caes-aumenta-risco-de-doencas\/\" \/>\n<meta property=\"og:locale\" content=\"pt_BR\" \/>\n<meta property=\"og:type\" content=\"article\" \/>\n<meta property=\"og:title\" content=\"Proximidade gen\u00e9tica entre ra\u00e7as de c\u00e3es aumenta risco de doen\u00e7as - Jornal Fatos e Not\u00edcias\" \/>\n<meta property=\"og:description\" content=\"Sejam as curtas patas e o corpo alongado de um Dachshund, seja o focinho encurtado e amassado de um pug, seja o corpo todo pintado de um d\u00e1lmata, voc\u00ea pode citar in\u00fameras diferen\u00e7as entre as variadas ra\u00e7as de cachorro, n\u00e3o \u00e9 mesmo? Entretanto, a gen\u00e9tica que faz cada um desses animais se parecer assim \u00e9 [&hellip;]\" \/>\n<meta property=\"og:url\" content=\"https:\/\/jornalfatosenoticias.com.br\/index.php\/2021\/12\/22\/proximidade-genetica-entre-racas-de-caes-aumenta-risco-de-doencas\/\" \/>\n<meta property=\"og:site_name\" content=\"Jornal Fatos e Not\u00edcias\" \/>\n<meta property=\"article:published_time\" content=\"2021-12-22T21:45:22+00:00\" \/>\n<meta property=\"article:modified_time\" content=\"2021-12-22T21:45:24+00:00\" \/>\n<meta property=\"og:image\" content=\"https:\/\/jornalfatosenoticias.com.br\/wp-content\/uploads\/2021\/12\/dogs-inbreeding-getty-images.jpg\" \/>\n\t<meta property=\"og:image:width\" content=\"1000\" \/>\n\t<meta property=\"og:image:height\" content=\"571\" \/>\n\t<meta property=\"og:image:type\" content=\"image\/jpeg\" \/>\n<meta name=\"author\" content=\"Luzimara Fernandes\" \/>\n<meta name=\"twitter:card\" content=\"summary_large_image\" \/>\n<meta name=\"twitter:label1\" content=\"Escrito por\" \/>\n\t<meta name=\"twitter:data1\" content=\"Luzimara Fernandes\" \/>\n\t<meta name=\"twitter:label2\" content=\"Est. tempo de leitura\" \/>\n\t<meta name=\"twitter:data2\" content=\"3 minutos\" \/>\n<script type=\"application\/ld+json\" class=\"yoast-schema-graph\">{\"@context\":\"https:\/\/schema.org\",\"@graph\":[{\"@type\":\"Article\",\"@id\":\"https:\/\/jornalfatosenoticias.com.br\/index.php\/2021\/12\/22\/proximidade-genetica-entre-racas-de-caes-aumenta-risco-de-doencas\/#article\",\"isPartOf\":{\"@id\":\"https:\/\/jornalfatosenoticias.com.br\/index.php\/2021\/12\/22\/proximidade-genetica-entre-racas-de-caes-aumenta-risco-de-doencas\/\"},\"author\":{\"name\":\"Luzimara Fernandes\",\"@id\":\"https:\/\/jornalfatosenoticias.com.br\/#\/schema\/person\/d63837fa13ac8666eb9e74e0985d6f81\"},\"headline\":\"Proximidade gen\u00e9tica entre ra\u00e7as de c\u00e3es aumenta risco de doen\u00e7as\",\"datePublished\":\"2021-12-22T21:45:22+00:00\",\"dateModified\":\"2021-12-22T21:45:24+00:00\",\"mainEntityOfPage\":{\"@id\":\"https:\/\/jornalfatosenoticias.com.br\/index.php\/2021\/12\/22\/proximidade-genetica-entre-racas-de-caes-aumenta-risco-de-doencas\/\"},\"wordCount\":594,\"commentCount\":0,\"publisher\":{\"@id\":\"https:\/\/jornalfatosenoticias.com.br\/#organization\"},\"image\":{\"@id\":\"https:\/\/jornalfatosenoticias.com.br\/index.php\/2021\/12\/22\/proximidade-genetica-entre-racas-de-caes-aumenta-risco-de-doencas\/#primaryimage\"},\"thumbnailUrl\":\"https:\/\/jornalfatosenoticias.com.br\/wp-content\/uploads\/2021\/12\/dogs-inbreeding-getty-images.jpg\",\"keywords\":[\"c\u00e3es\",\"doen\u00e7as\",\"gen\u00e9tica animal\",\"ra\u00e7as\"],\"articleSection\":[\"Pets\"],\"inLanguage\":\"pt-BR\",\"potentialAction\":[{\"@type\":\"CommentAction\",\"name\":\"Comment\",\"target\":[\"https:\/\/jornalfatosenoticias.com.br\/index.php\/2021\/12\/22\/proximidade-genetica-entre-racas-de-caes-aumenta-risco-de-doencas\/#respond\"]}]},{\"@type\":\"WebPage\",\"@id\":\"https:\/\/jornalfatosenoticias.com.br\/index.php\/2021\/12\/22\/proximidade-genetica-entre-racas-de-caes-aumenta-risco-de-doencas\/\",\"url\":\"https:\/\/jornalfatosenoticias.com.br\/index.php\/2021\/12\/22\/proximidade-genetica-entre-racas-de-caes-aumenta-risco-de-doencas\/\",\"name\":\"Proximidade gen\u00e9tica entre ra\u00e7as de c\u00e3es aumenta risco de doen\u00e7as - Jornal Fatos e Not\u00edcias\",\"isPartOf\":{\"@id\":\"https:\/\/jornalfatosenoticias.com.br\/#website\"},\"primaryImageOfPage\":{\"@id\":\"https:\/\/jornalfatosenoticias.com.br\/index.php\/2021\/12\/22\/proximidade-genetica-entre-racas-de-caes-aumenta-risco-de-doencas\/#primaryimage\"},\"image\":{\"@id\":\"https:\/\/jornalfatosenoticias.com.br\/index.php\/2021\/12\/22\/proximidade-genetica-entre-racas-de-caes-aumenta-risco-de-doencas\/#primaryimage\"},\"thumbnailUrl\":\"https:\/\/jornalfatosenoticias.com.br\/wp-content\/uploads\/2021\/12\/dogs-inbreeding-getty-images.jpg\",\"datePublished\":\"2021-12-22T21:45:22+00:00\",\"dateModified\":\"2021-12-22T21:45:24+00:00\",\"breadcrumb\":{\"@id\":\"https:\/\/jornalfatosenoticias.com.br\/index.php\/2021\/12\/22\/proximidade-genetica-entre-racas-de-caes-aumenta-risco-de-doencas\/#breadcrumb\"},\"inLanguage\":\"pt-BR\",\"potentialAction\":[{\"@type\":\"ReadAction\",\"target\":[\"https:\/\/jornalfatosenoticias.com.br\/index.php\/2021\/12\/22\/proximidade-genetica-entre-racas-de-caes-aumenta-risco-de-doencas\/\"]}]},{\"@type\":\"ImageObject\",\"inLanguage\":\"pt-BR\",\"@id\":\"https:\/\/jornalfatosenoticias.com.br\/index.php\/2021\/12\/22\/proximidade-genetica-entre-racas-de-caes-aumenta-risco-de-doencas\/#primaryimage\",\"url\":\"https:\/\/jornalfatosenoticias.com.br\/wp-content\/uploads\/2021\/12\/dogs-inbreeding-getty-images.jpg\",\"contentUrl\":\"https:\/\/jornalfatosenoticias.com.br\/wp-content\/uploads\/2021\/12\/dogs-inbreeding-getty-images.jpg\",\"width\":1000,\"height\":571},{\"@type\":\"BreadcrumbList\",\"@id\":\"https:\/\/jornalfatosenoticias.com.br\/index.php\/2021\/12\/22\/proximidade-genetica-entre-racas-de-caes-aumenta-risco-de-doencas\/#breadcrumb\",\"itemListElement\":[{\"@type\":\"ListItem\",\"position\":1,\"name\":\"In\u00edcio\",\"item\":\"https:\/\/jornalfatosenoticias.com.br\/\"},{\"@type\":\"ListItem\",\"position\":2,\"name\":\"Proximidade gen\u00e9tica entre ra\u00e7as de c\u00e3es aumenta risco de doen\u00e7as\"}]},{\"@type\":\"WebSite\",\"@id\":\"https:\/\/jornalfatosenoticias.com.br\/#website\",\"url\":\"https:\/\/jornalfatosenoticias.com.br\/\",\"name\":\"Jornal Fatos e Not\u00edcias\",\"description\":\"Not\u00edcias em geral\",\"publisher\":{\"@id\":\"https:\/\/jornalfatosenoticias.com.br\/#organization\"},\"potentialAction\":[{\"@type\":\"SearchAction\",\"target\":{\"@type\":\"EntryPoint\",\"urlTemplate\":\"https:\/\/jornalfatosenoticias.com.br\/?s={search_term_string}\"},\"query-input\":{\"@type\":\"PropertyValueSpecification\",\"valueRequired\":true,\"valueName\":\"search_term_string\"}}],\"inLanguage\":\"pt-BR\"},{\"@type\":\"Organization\",\"@id\":\"https:\/\/jornalfatosenoticias.com.br\/#organization\",\"name\":\"Jornal Fatos e Not\u00edcias\",\"url\":\"https:\/\/jornalfatosenoticias.com.br\/\",\"logo\":{\"@type\":\"ImageObject\",\"inLanguage\":\"pt-BR\",\"@id\":\"https:\/\/jornalfatosenoticias.com.br\/#\/schema\/logo\/image\/\",\"url\":\"https:\/\/jornalfatosenoticias.com.br\/wp-content\/uploads\/2020\/02\/logo120.png\",\"contentUrl\":\"https:\/\/jornalfatosenoticias.com.br\/wp-content\/uploads\/2020\/02\/logo120.png\",\"width\":1227,\"height\":120,\"caption\":\"Jornal Fatos e Not\u00edcias\"},\"image\":{\"@id\":\"https:\/\/jornalfatosenoticias.com.br\/#\/schema\/logo\/image\/\"}},{\"@type\":\"Person\",\"@id\":\"https:\/\/jornalfatosenoticias.com.br\/#\/schema\/person\/d63837fa13ac8666eb9e74e0985d6f81\",\"name\":\"Luzimara Fernandes\",\"image\":{\"@type\":\"ImageObject\",\"inLanguage\":\"pt-BR\",\"@id\":\"https:\/\/jornalfatosenoticias.com.br\/#\/schema\/person\/image\/\",\"url\":\"https:\/\/jornalfatosenoticias.com.br\/wp-content\/uploads\/2025\/05\/EU_portal.jpg\",\"contentUrl\":\"https:\/\/jornalfatosenoticias.com.br\/wp-content\/uploads\/2025\/05\/EU_portal.jpg\",\"caption\":\"Luzimara Fernandes\"},\"description\":\"Jornalista MTB 2358-ES\",\"sameAs\":[\"https:\/\/jornalfatosenoticias.com.br\"],\"url\":\"https:\/\/jornalfatosenoticias.com.br\/index.php\/author\/luzimara\/\"}]}<\/script>\n<!-- \/ Yoast SEO plugin. -->","yoast_head_json":{"title":"Proximidade gen\u00e9tica entre ra\u00e7as de c\u00e3es aumenta risco de doen\u00e7as - Jornal Fatos e Not\u00edcias","robots":{"index":"index","follow":"follow","max-snippet":"max-snippet:-1","max-image-preview":"max-image-preview:large","max-video-preview":"max-video-preview:-1"},"canonical":"https:\/\/jornalfatosenoticias.com.br\/index.php\/2021\/12\/22\/proximidade-genetica-entre-racas-de-caes-aumenta-risco-de-doencas\/","og_locale":"pt_BR","og_type":"article","og_title":"Proximidade gen\u00e9tica entre ra\u00e7as de c\u00e3es aumenta risco de doen\u00e7as - Jornal Fatos e Not\u00edcias","og_description":"Sejam as curtas patas e o corpo alongado de um Dachshund, seja o focinho encurtado e amassado de um pug, seja o corpo todo pintado de um d\u00e1lmata, voc\u00ea pode citar in\u00fameras diferen\u00e7as entre as variadas ra\u00e7as de cachorro, n\u00e3o \u00e9 mesmo? Entretanto, a gen\u00e9tica que faz cada um desses animais se parecer assim \u00e9 [&hellip;]","og_url":"https:\/\/jornalfatosenoticias.com.br\/index.php\/2021\/12\/22\/proximidade-genetica-entre-racas-de-caes-aumenta-risco-de-doencas\/","og_site_name":"Jornal Fatos e Not\u00edcias","article_published_time":"2021-12-22T21:45:22+00:00","article_modified_time":"2021-12-22T21:45:24+00:00","og_image":[{"width":1000,"height":571,"url":"https:\/\/jornalfatosenoticias.com.br\/wp-content\/uploads\/2021\/12\/dogs-inbreeding-getty-images.jpg","type":"image\/jpeg"}],"author":"Luzimara Fernandes","twitter_card":"summary_large_image","twitter_misc":{"Escrito por":"Luzimara Fernandes","Est. tempo de leitura":"3 minutos"},"schema":{"@context":"https:\/\/schema.org","@graph":[{"@type":"Article","@id":"https:\/\/jornalfatosenoticias.com.br\/index.php\/2021\/12\/22\/proximidade-genetica-entre-racas-de-caes-aumenta-risco-de-doencas\/#article","isPartOf":{"@id":"https:\/\/jornalfatosenoticias.com.br\/index.php\/2021\/12\/22\/proximidade-genetica-entre-racas-de-caes-aumenta-risco-de-doencas\/"},"author":{"name":"Luzimara Fernandes","@id":"https:\/\/jornalfatosenoticias.com.br\/#\/schema\/person\/d63837fa13ac8666eb9e74e0985d6f81"},"headline":"Proximidade gen\u00e9tica entre ra\u00e7as de c\u00e3es aumenta risco de doen\u00e7as","datePublished":"2021-12-22T21:45:22+00:00","dateModified":"2021-12-22T21:45:24+00:00","mainEntityOfPage":{"@id":"https:\/\/jornalfatosenoticias.com.br\/index.php\/2021\/12\/22\/proximidade-genetica-entre-racas-de-caes-aumenta-risco-de-doencas\/"},"wordCount":594,"commentCount":0,"publisher":{"@id":"https:\/\/jornalfatosenoticias.com.br\/#organization"},"image":{"@id":"https:\/\/jornalfatosenoticias.com.br\/index.php\/2021\/12\/22\/proximidade-genetica-entre-racas-de-caes-aumenta-risco-de-doencas\/#primaryimage"},"thumbnailUrl":"https:\/\/jornalfatosenoticias.com.br\/wp-content\/uploads\/2021\/12\/dogs-inbreeding-getty-images.jpg","keywords":["c\u00e3es","doen\u00e7as","gen\u00e9tica animal","ra\u00e7as"],"articleSection":["Pets"],"inLanguage":"pt-BR","potentialAction":[{"@type":"CommentAction","name":"Comment","target":["https:\/\/jornalfatosenoticias.com.br\/index.php\/2021\/12\/22\/proximidade-genetica-entre-racas-de-caes-aumenta-risco-de-doencas\/#respond"]}]},{"@type":"WebPage","@id":"https:\/\/jornalfatosenoticias.com.br\/index.php\/2021\/12\/22\/proximidade-genetica-entre-racas-de-caes-aumenta-risco-de-doencas\/","url":"https:\/\/jornalfatosenoticias.com.br\/index.php\/2021\/12\/22\/proximidade-genetica-entre-racas-de-caes-aumenta-risco-de-doencas\/","name":"Proximidade gen\u00e9tica entre ra\u00e7as de c\u00e3es aumenta risco de doen\u00e7as - Jornal Fatos e Not\u00edcias","isPartOf":{"@id":"https:\/\/jornalfatosenoticias.com.br\/#website"},"primaryImageOfPage":{"@id":"https:\/\/jornalfatosenoticias.com.br\/index.php\/2021\/12\/22\/proximidade-genetica-entre-racas-de-caes-aumenta-risco-de-doencas\/#primaryimage"},"image":{"@id":"https:\/\/jornalfatosenoticias.com.br\/index.php\/2021\/12\/22\/proximidade-genetica-entre-racas-de-caes-aumenta-risco-de-doencas\/#primaryimage"},"thumbnailUrl":"https:\/\/jornalfatosenoticias.com.br\/wp-content\/uploads\/2021\/12\/dogs-inbreeding-getty-images.jpg","datePublished":"2021-12-22T21:45:22+00:00","dateModified":"2021-12-22T21:45:24+00:00","breadcrumb":{"@id":"https:\/\/jornalfatosenoticias.com.br\/index.php\/2021\/12\/22\/proximidade-genetica-entre-racas-de-caes-aumenta-risco-de-doencas\/#breadcrumb"},"inLanguage":"pt-BR","potentialAction":[{"@type":"ReadAction","target":["https:\/\/jornalfatosenoticias.com.br\/index.php\/2021\/12\/22\/proximidade-genetica-entre-racas-de-caes-aumenta-risco-de-doencas\/"]}]},{"@type":"ImageObject","inLanguage":"pt-BR","@id":"https:\/\/jornalfatosenoticias.com.br\/index.php\/2021\/12\/22\/proximidade-genetica-entre-racas-de-caes-aumenta-risco-de-doencas\/#primaryimage","url":"https:\/\/jornalfatosenoticias.com.br\/wp-content\/uploads\/2021\/12\/dogs-inbreeding-getty-images.jpg","contentUrl":"https:\/\/jornalfatosenoticias.com.br\/wp-content\/uploads\/2021\/12\/dogs-inbreeding-getty-images.jpg","width":1000,"height":571},{"@type":"BreadcrumbList","@id":"https:\/\/jornalfatosenoticias.com.br\/index.php\/2021\/12\/22\/proximidade-genetica-entre-racas-de-caes-aumenta-risco-de-doencas\/#breadcrumb","itemListElement":[{"@type":"ListItem","position":1,"name":"In\u00edcio","item":"https:\/\/jornalfatosenoticias.com.br\/"},{"@type":"ListItem","position":2,"name":"Proximidade gen\u00e9tica entre ra\u00e7as de c\u00e3es aumenta risco de doen\u00e7as"}]},{"@type":"WebSite","@id":"https:\/\/jornalfatosenoticias.com.br\/#website","url":"https:\/\/jornalfatosenoticias.com.br\/","name":"Jornal Fatos e Not\u00edcias","description":"Not\u00edcias em geral","publisher":{"@id":"https:\/\/jornalfatosenoticias.com.br\/#organization"},"potentialAction":[{"@type":"SearchAction","target":{"@type":"EntryPoint","urlTemplate":"https:\/\/jornalfatosenoticias.com.br\/?s={search_term_string}"},"query-input":{"@type":"PropertyValueSpecification","valueRequired":true,"valueName":"search_term_string"}}],"inLanguage":"pt-BR"},{"@type":"Organization","@id":"https:\/\/jornalfatosenoticias.com.br\/#organization","name":"Jornal Fatos e Not\u00edcias","url":"https:\/\/jornalfatosenoticias.com.br\/","logo":{"@type":"ImageObject","inLanguage":"pt-BR","@id":"https:\/\/jornalfatosenoticias.com.br\/#\/schema\/logo\/image\/","url":"https:\/\/jornalfatosenoticias.com.br\/wp-content\/uploads\/2020\/02\/logo120.png","contentUrl":"https:\/\/jornalfatosenoticias.com.br\/wp-content\/uploads\/2020\/02\/logo120.png","width":1227,"height":120,"caption":"Jornal Fatos e Not\u00edcias"},"image":{"@id":"https:\/\/jornalfatosenoticias.com.br\/#\/schema\/logo\/image\/"}},{"@type":"Person","@id":"https:\/\/jornalfatosenoticias.com.br\/#\/schema\/person\/d63837fa13ac8666eb9e74e0985d6f81","name":"Luzimara Fernandes","image":{"@type":"ImageObject","inLanguage":"pt-BR","@id":"https:\/\/jornalfatosenoticias.com.br\/#\/schema\/person\/image\/","url":"https:\/\/jornalfatosenoticias.com.br\/wp-content\/uploads\/2025\/05\/EU_portal.jpg","contentUrl":"https:\/\/jornalfatosenoticias.com.br\/wp-content\/uploads\/2025\/05\/EU_portal.jpg","caption":"Luzimara Fernandes"},"description":"Jornalista MTB 2358-ES","sameAs":["https:\/\/jornalfatosenoticias.com.br"],"url":"https:\/\/jornalfatosenoticias.com.br\/index.php\/author\/luzimara\/"}]}},"cc_featured_image_caption":{"caption_text":"(Foto: Getty Images)","source_text":"","source_url":""},"jetpack_featured_media_url":"https:\/\/jornalfatosenoticias.com.br\/wp-content\/uploads\/2021\/12\/dogs-inbreeding-getty-images.jpg","_links":{"self":[{"href":"https:\/\/jornalfatosenoticias.com.br\/index.php\/wp-json\/wp\/v2\/posts\/26266","targetHints":{"allow":["GET"]}}],"collection":[{"href":"https:\/\/jornalfatosenoticias.com.br\/index.php\/wp-json\/wp\/v2\/posts"}],"about":[{"href":"https:\/\/jornalfatosenoticias.com.br\/index.php\/wp-json\/wp\/v2\/types\/post"}],"author":[{"embeddable":true,"href":"https:\/\/jornalfatosenoticias.com.br\/index.php\/wp-json\/wp\/v2\/users\/2"}],"replies":[{"embeddable":true,"href":"https:\/\/jornalfatosenoticias.com.br\/index.php\/wp-json\/wp\/v2\/comments?post=26266"}],"version-history":[{"count":0,"href":"https:\/\/jornalfatosenoticias.com.br\/index.php\/wp-json\/wp\/v2\/posts\/26266\/revisions"}],"wp:featuredmedia":[{"embeddable":true,"href":"https:\/\/jornalfatosenoticias.com.br\/index.php\/wp-json\/wp\/v2\/media\/26270"}],"wp:attachment":[{"href":"https:\/\/jornalfatosenoticias.com.br\/index.php\/wp-json\/wp\/v2\/media?parent=26266"}],"wp:term":[{"taxonomy":"category","embeddable":true,"href":"https:\/\/jornalfatosenoticias.com.br\/index.php\/wp-json\/wp\/v2\/categories?post=26266"},{"taxonomy":"post_tag","embeddable":true,"href":"https:\/\/jornalfatosenoticias.com.br\/index.php\/wp-json\/wp\/v2\/tags?post=26266"}],"curies":[{"name":"wp","href":"https:\/\/api.w.org\/{rel}","templated":true}]}}