{"id":26285,"date":"2021-12-23T15:53:53","date_gmt":"2021-12-23T18:53:53","guid":{"rendered":"https:\/\/jornalfatosenoticias.com.br\/?p=26285"},"modified":"2021-12-23T15:53:54","modified_gmt":"2021-12-23T18:53:54","slug":"majeski-e-eleito-deputado-do-ano-2021-pela-equipe-fatos-noticias","status":"publish","type":"post","link":"https:\/\/jornalfatosenoticias.com.br\/index.php\/2021\/12\/23\/majeski-e-eleito-deputado-do-ano-2021-pela-equipe-fatos-noticias\/","title":{"rendered":"Majeski \u00e9 eleito \u201cDeputado do Ano 2021\u201d pela equipe Fatos &#038; Not\u00edcias"},"content":{"rendered":"\n<p><em><span class=\"has-inline-color has-black-color\">Deputado encerra 2021 com R$ 3,6 milh\u00f5es economizados como deputado<\/span><\/em><\/p>\n\n\n\n<p>Desde o primeiro mandato, parlamentar trabalha com n\u00famero reduzido de assessores e controle r\u00edgido das despesas da verba de gabinete. E economia n\u00e3o compromete atua\u00e7\u00e3o. No atual mandato s\u00e3o mais de 587 proposi\u00e7\u00f5es.<br>Ao final do terceiro ano do segundo mandato, o ac\u00famulo de economia de recursos p\u00fablicos gerado pelo deputado estadual S\u00e9rgio Majeski chega a R$ 3,6 milh\u00f5es na Assembleia Legislativa (Ales).<br>Somente em 2021, s\u00e3o R$ 680 mil economizados no gabinete parlamentar. Do que poderia ser utilizado com despesas administrativas do mandato (di\u00e1rias, gasolina, telefone, passagens) a economia chega a 75% e com o que poderia ser gasto para a contrata\u00e7\u00e3o e pagamentos de assessores bate 50%.<br>\u201cA conta \u00e9 simples e n\u00e3o tem mist\u00e9rio. Enquanto cada deputado pode ter at\u00e9 19 assessores, inclusive sem a necessidade de estarem na Assembleia, atualmente temos apenas seis e todos atuam em nosso gabinete diariamente. As outras despesas refletem o uso daquilo que \u00e9 estritamente necess\u00e1rio. Quer\u00edamos ter a possibilidade de poder direcionar esse recurso economizado. Apresentamos projeto nessa natureza, que ainda est\u00e1 tramitando na Assembleia\u201d, destaca Majeski.<\/p>\n\n\n\n<p><strong><span class=\"has-inline-color has-black-color\">Desempenho legislativo<br><\/span><\/strong>A economia financeira n\u00e3o compromete o desempenho do gabinete. No atual mandato s\u00e3o 587 proposi\u00e7\u00f5es apresentadas (Emendas, Indica\u00e7\u00f5es, Projetos de Lei, de Lei Complementar, de Decreto Legislativo e de Resolu\u00e7\u00e3o e Proposta de Emenda Constitucional). Al\u00e9m disso, tem as atua\u00e7\u00f5es junto ao Tribunal de Contas e ao Minist\u00e9rio P\u00fablico Estadual e Federal, sempre em a\u00e7\u00f5es em defesa dos interesses da sociedade.<br>Projetos aprovados que viraram leis s\u00e3o o de Incentivo ao Esporte e \u00e0 Cultura; o que retorna o repasse de recursos dos royalties ao Fundo Estadual de Recursos H\u00eddricos do Esp\u00edrito Santo (Fund\u00e1gua); o que pro\u00edbe a concess\u00e3o de homenagens a pessoas que tenham sido condenadas por atos de improbidade ou crime de corrup\u00e7\u00e3o; o que concede aux\u00edlio aos professores para a compra de computadores; o que declara de utilidade p\u00fablica estadual a Associa\u00e7\u00e3o de Moradores de Burarama (AMB), localizada no munic\u00edpio de Cachoeiro de Itapemirim, e o que concede o t\u00edtulo de \u201cCidade dos Escritores\u201d ao munic\u00edpio de S\u00e3o Jos\u00e9 do Cal\u00e7ado.<\/p>\n\n\n\n<figure class=\"wp-block-image size-large\"><img loading=\"lazy\" decoding=\"async\" width=\"1000\" height=\"666\" src=\"https:\/\/jornalfatosenoticias.com.br\/wp-content\/uploads\/2021\/12\/Ales-454.jpg\" alt=\"\" class=\"wp-image-26286\" srcset=\"https:\/\/jornalfatosenoticias.com.br\/wp-content\/uploads\/2021\/12\/Ales-454.jpg 1000w, https:\/\/jornalfatosenoticias.com.br\/wp-content\/uploads\/2021\/12\/Ales-454-300x200.jpg 300w, https:\/\/jornalfatosenoticias.com.br\/wp-content\/uploads\/2021\/12\/Ales-454-768x511.jpg 768w\" sizes=\"auto, (max-width: 1000px) 100vw, 1000px\" \/><figcaption><em><span class=\"has-inline-color has-black-color\">(Foto: Reprodu\u00e7\u00e3o internet)<\/span><\/em><\/figcaption><\/figure>\n\n\n\n<p><span class=\"has-inline-color has-black-color\"><strong>A\u00e7\u00e3o no STF garante aumento de recursos para Educa\u00e7\u00e3o<br><\/strong><\/span>Em dezembro de 2020, o Supremo Tribunal Federal, por unanimidade, condenou a irregularidade praticada pelo Governo do Estado desde 2011, que computava o pagamento de servidores inativos da Secretaria de Estado da Educa\u00e7\u00e3o (Sedu) como investimento obrigat\u00f3rio em Manuten\u00e7\u00e3o e Desenvolvimento da Educa\u00e7\u00e3o (MDE). Cerca de R$ 6,1 bilh\u00f5es deixaram de ser investidos na Rede Estadual de Ensino por conta da manobra.<br>A a\u00e7\u00e3o na corte foi originada pela den\u00fancia apresentada por Majeski no mandato anterior \u00e0 Procuradoria Geral da Rep\u00fablica. Com o resultado e impedido de seguir realizando a pr\u00e1tica irregular, o Governo do Estado foi obrigado a ampliar o or\u00e7amento 2021 da Sedu em mais de R$ 300 milh\u00f5es, recurso que permitiu a concess\u00e3o de reajuste e abono ao magist\u00e9rio, amplia\u00e7\u00e3o dos investimentos nas estruturas das escolas, a disponibiliza\u00e7\u00e3o de computadores aos professores e alunos, dentre outros.<\/p>\n\n\n\n<p><strong><span class=\"has-inline-color has-black-color\">Carro oficial j\u00e1 est\u00e1 devolvido<br><\/span><\/strong>Como faz em todo recesso parlamentar, o deputado Majeski j\u00e1 devolveu ao setor de transportes da Ales o carro oficial que fica \u00e0 disposi\u00e7\u00e3o do gabinete para atividades exclusivas de trabalho. \u201cSe estamos entrando em recesso parlamentar n\u00e3o h\u00e1 motivos para uso do ve\u00edculo. O zelo pelo recurso p\u00fablico \u00e9 essencial. S\u00f3 utilizamos o ve\u00edculo estritamente para deslocamentos necess\u00e1rios ao trabalho parlamentar. Exemplo s\u00e3o as visitas t\u00e9cnicas \u00e0s escolas da Rede Estadual. J\u00e1 fomos ver de perto a realidade, conversando com profissionais da educa\u00e7\u00e3o e alunos, de aproximadamente 300 escolas em todos os 78 munic\u00edpios capixabas\u201d, finaliza Majeski.<\/p>\n","protected":false},"excerpt":{"rendered":"<p>Deputado encerra 2021 com R$ 3,6 milh\u00f5es economizados como deputado Desde o primeiro mandato, parlamentar trabalha com n\u00famero reduzido de assessores e controle r\u00edgido das despesas da verba de gabinete. E economia n\u00e3o compromete atua\u00e7\u00e3o. No atual mandato s\u00e3o mais de 587 proposi\u00e7\u00f5es.Ao final do terceiro ano do segundo mandato, o ac\u00famulo de economia de [&hellip;]<\/p>\n","protected":false},"author":3,"featured_media":26287,"comment_status":"open","ping_status":"open","sticky":false,"template":"","format":"standard","meta":{"footnotes":""},"categories":[10],"tags":[7567,12653,6678],"class_list":["post-26285","post","type-post","status-publish","format-standard","has-post-thumbnail","hentry","category-politica","tag-ales","tag-deputado-do-ano","tag-sergio-majeski"],"yoast_head":"<!-- This site is optimized with the Yoast SEO plugin v26.5 - https:\/\/yoast.com\/wordpress\/plugins\/seo\/ -->\n<title>Majeski \u00e9 eleito \u201cDeputado do Ano 2021\u201d pela equipe Fatos &amp; Not\u00edcias - Jornal Fatos e Not\u00edcias<\/title>\n<meta name=\"robots\" content=\"index, follow, max-snippet:-1, max-image-preview:large, max-video-preview:-1\" \/>\n<link rel=\"canonical\" href=\"https:\/\/jornalfatosenoticias.com.br\/index.php\/2021\/12\/23\/majeski-e-eleito-deputado-do-ano-2021-pela-equipe-fatos-noticias\/\" \/>\n<meta property=\"og:locale\" content=\"pt_BR\" \/>\n<meta property=\"og:type\" content=\"article\" \/>\n<meta property=\"og:title\" content=\"Majeski \u00e9 eleito \u201cDeputado do Ano 2021\u201d pela equipe Fatos &amp; Not\u00edcias - Jornal Fatos e Not\u00edcias\" \/>\n<meta property=\"og:description\" content=\"Deputado encerra 2021 com R$ 3,6 milh\u00f5es economizados como deputado Desde o primeiro mandato, parlamentar trabalha com n\u00famero reduzido de assessores e controle r\u00edgido das despesas da verba de gabinete. E economia n\u00e3o compromete atua\u00e7\u00e3o. No atual mandato s\u00e3o mais de 587 proposi\u00e7\u00f5es.Ao final do terceiro ano do segundo mandato, o ac\u00famulo de economia de [&hellip;]\" \/>\n<meta property=\"og:url\" content=\"https:\/\/jornalfatosenoticias.com.br\/index.php\/2021\/12\/23\/majeski-e-eleito-deputado-do-ano-2021-pela-equipe-fatos-noticias\/\" \/>\n<meta property=\"og:site_name\" content=\"Jornal Fatos e Not\u00edcias\" \/>\n<meta property=\"article:published_time\" content=\"2021-12-23T18:53:53+00:00\" \/>\n<meta property=\"article:modified_time\" content=\"2021-12-23T18:53:54+00:00\" \/>\n<meta property=\"og:image\" content=\"https:\/\/jornalfatosenoticias.com.br\/wp-content\/uploads\/2021\/12\/SerMajeski-Foto-Lucas-Costa_Ales.jpeg\" \/>\n\t<meta property=\"og:image:width\" content=\"1000\" \/>\n\t<meta property=\"og:image:height\" content=\"665\" \/>\n\t<meta property=\"og:image:type\" content=\"image\/jpeg\" \/>\n<meta name=\"author\" content=\"Haroldo Filho\" \/>\n<meta name=\"twitter:card\" content=\"summary_large_image\" \/>\n<meta name=\"twitter:label1\" content=\"Escrito por\" \/>\n\t<meta name=\"twitter:data1\" content=\"Haroldo Filho\" \/>\n\t<meta name=\"twitter:label2\" content=\"Est. tempo de leitura\" \/>\n\t<meta name=\"twitter:data2\" content=\"3 minutos\" \/>\n<script type=\"application\/ld+json\" class=\"yoast-schema-graph\">{\"@context\":\"https:\/\/schema.org\",\"@graph\":[{\"@type\":\"Article\",\"@id\":\"https:\/\/jornalfatosenoticias.com.br\/index.php\/2021\/12\/23\/majeski-e-eleito-deputado-do-ano-2021-pela-equipe-fatos-noticias\/#article\",\"isPartOf\":{\"@id\":\"https:\/\/jornalfatosenoticias.com.br\/index.php\/2021\/12\/23\/majeski-e-eleito-deputado-do-ano-2021-pela-equipe-fatos-noticias\/\"},\"author\":{\"name\":\"Haroldo Filho\",\"@id\":\"https:\/\/jornalfatosenoticias.com.br\/#\/schema\/person\/05c46cc25b42a5c27e004fb0fa6b4965\"},\"headline\":\"Majeski \u00e9 eleito \u201cDeputado do Ano 2021\u201d pela equipe Fatos &#038; Not\u00edcias\",\"datePublished\":\"2021-12-23T18:53:53+00:00\",\"dateModified\":\"2021-12-23T18:53:54+00:00\",\"mainEntityOfPage\":{\"@id\":\"https:\/\/jornalfatosenoticias.com.br\/index.php\/2021\/12\/23\/majeski-e-eleito-deputado-do-ano-2021-pela-equipe-fatos-noticias\/\"},\"wordCount\":665,\"commentCount\":0,\"publisher\":{\"@id\":\"https:\/\/jornalfatosenoticias.com.br\/#organization\"},\"image\":{\"@id\":\"https:\/\/jornalfatosenoticias.com.br\/index.php\/2021\/12\/23\/majeski-e-eleito-deputado-do-ano-2021-pela-equipe-fatos-noticias\/#primaryimage\"},\"thumbnailUrl\":\"https:\/\/jornalfatosenoticias.com.br\/wp-content\/uploads\/2021\/12\/SerMajeski-Foto-Lucas-Costa_Ales.jpeg\",\"keywords\":[\"Ales\",\"deputado do ano\",\"S\u00e9rgio Majeski\"],\"articleSection\":[\"Pol\u00edtica\"],\"inLanguage\":\"pt-BR\",\"potentialAction\":[{\"@type\":\"CommentAction\",\"name\":\"Comment\",\"target\":[\"https:\/\/jornalfatosenoticias.com.br\/index.php\/2021\/12\/23\/majeski-e-eleito-deputado-do-ano-2021-pela-equipe-fatos-noticias\/#respond\"]}]},{\"@type\":\"WebPage\",\"@id\":\"https:\/\/jornalfatosenoticias.com.br\/index.php\/2021\/12\/23\/majeski-e-eleito-deputado-do-ano-2021-pela-equipe-fatos-noticias\/\",\"url\":\"https:\/\/jornalfatosenoticias.com.br\/index.php\/2021\/12\/23\/majeski-e-eleito-deputado-do-ano-2021-pela-equipe-fatos-noticias\/\",\"name\":\"Majeski \u00e9 eleito \u201cDeputado do Ano 2021\u201d pela equipe Fatos & Not\u00edcias - Jornal Fatos e Not\u00edcias\",\"isPartOf\":{\"@id\":\"https:\/\/jornalfatosenoticias.com.br\/#website\"},\"primaryImageOfPage\":{\"@id\":\"https:\/\/jornalfatosenoticias.com.br\/index.php\/2021\/12\/23\/majeski-e-eleito-deputado-do-ano-2021-pela-equipe-fatos-noticias\/#primaryimage\"},\"image\":{\"@id\":\"https:\/\/jornalfatosenoticias.com.br\/index.php\/2021\/12\/23\/majeski-e-eleito-deputado-do-ano-2021-pela-equipe-fatos-noticias\/#primaryimage\"},\"thumbnailUrl\":\"https:\/\/jornalfatosenoticias.com.br\/wp-content\/uploads\/2021\/12\/SerMajeski-Foto-Lucas-Costa_Ales.jpeg\",\"datePublished\":\"2021-12-23T18:53:53+00:00\",\"dateModified\":\"2021-12-23T18:53:54+00:00\",\"breadcrumb\":{\"@id\":\"https:\/\/jornalfatosenoticias.com.br\/index.php\/2021\/12\/23\/majeski-e-eleito-deputado-do-ano-2021-pela-equipe-fatos-noticias\/#breadcrumb\"},\"inLanguage\":\"pt-BR\",\"potentialAction\":[{\"@type\":\"ReadAction\",\"target\":[\"https:\/\/jornalfatosenoticias.com.br\/index.php\/2021\/12\/23\/majeski-e-eleito-deputado-do-ano-2021-pela-equipe-fatos-noticias\/\"]}]},{\"@type\":\"ImageObject\",\"inLanguage\":\"pt-BR\",\"@id\":\"https:\/\/jornalfatosenoticias.com.br\/index.php\/2021\/12\/23\/majeski-e-eleito-deputado-do-ano-2021-pela-equipe-fatos-noticias\/#primaryimage\",\"url\":\"https:\/\/jornalfatosenoticias.com.br\/wp-content\/uploads\/2021\/12\/SerMajeski-Foto-Lucas-Costa_Ales.jpeg\",\"contentUrl\":\"https:\/\/jornalfatosenoticias.com.br\/wp-content\/uploads\/2021\/12\/SerMajeski-Foto-Lucas-Costa_Ales.jpeg\",\"width\":1000,\"height\":665},{\"@type\":\"BreadcrumbList\",\"@id\":\"https:\/\/jornalfatosenoticias.com.br\/index.php\/2021\/12\/23\/majeski-e-eleito-deputado-do-ano-2021-pela-equipe-fatos-noticias\/#breadcrumb\",\"itemListElement\":[{\"@type\":\"ListItem\",\"position\":1,\"name\":\"In\u00edcio\",\"item\":\"https:\/\/jornalfatosenoticias.com.br\/\"},{\"@type\":\"ListItem\",\"position\":2,\"name\":\"Majeski \u00e9 eleito \u201cDeputado do Ano 2021\u201d pela equipe Fatos &#038; Not\u00edcias\"}]},{\"@type\":\"WebSite\",\"@id\":\"https:\/\/jornalfatosenoticias.com.br\/#website\",\"url\":\"https:\/\/jornalfatosenoticias.com.br\/\",\"name\":\"Jornal Fatos e Not\u00edcias\",\"description\":\"Not\u00edcias em geral\",\"publisher\":{\"@id\":\"https:\/\/jornalfatosenoticias.com.br\/#organization\"},\"potentialAction\":[{\"@type\":\"SearchAction\",\"target\":{\"@type\":\"EntryPoint\",\"urlTemplate\":\"https:\/\/jornalfatosenoticias.com.br\/?s={search_term_string}\"},\"query-input\":{\"@type\":\"PropertyValueSpecification\",\"valueRequired\":true,\"valueName\":\"search_term_string\"}}],\"inLanguage\":\"pt-BR\"},{\"@type\":\"Organization\",\"@id\":\"https:\/\/jornalfatosenoticias.com.br\/#organization\",\"name\":\"Jornal Fatos e Not\u00edcias\",\"url\":\"https:\/\/jornalfatosenoticias.com.br\/\",\"logo\":{\"@type\":\"ImageObject\",\"inLanguage\":\"pt-BR\",\"@id\":\"https:\/\/jornalfatosenoticias.com.br\/#\/schema\/logo\/image\/\",\"url\":\"https:\/\/jornalfatosenoticias.com.br\/wp-content\/uploads\/2020\/02\/logo120.png\",\"contentUrl\":\"https:\/\/jornalfatosenoticias.com.br\/wp-content\/uploads\/2020\/02\/logo120.png\",\"width\":1227,\"height\":120,\"caption\":\"Jornal Fatos e Not\u00edcias\"},\"image\":{\"@id\":\"https:\/\/jornalfatosenoticias.com.br\/#\/schema\/logo\/image\/\"}},{\"@type\":\"Person\",\"@id\":\"https:\/\/jornalfatosenoticias.com.br\/#\/schema\/person\/05c46cc25b42a5c27e004fb0fa6b4965\",\"name\":\"Haroldo Filho\",\"image\":{\"@type\":\"ImageObject\",\"inLanguage\":\"pt-BR\",\"@id\":\"https:\/\/jornalfatosenoticias.com.br\/#\/schema\/person\/image\/\",\"url\":\"https:\/\/jornalfatosenoticias.com.br\/wp-content\/uploads\/2025\/08\/WhatsApp-Image-2025-08-18-at-15.30.28-150x150.jpeg\",\"contentUrl\":\"https:\/\/jornalfatosenoticias.com.br\/wp-content\/uploads\/2025\/08\/WhatsApp-Image-2025-08-18-at-15.30.28-150x150.jpeg\",\"caption\":\"Haroldo Filho\"},\"description\":\"Jornalista \u2013 DRT: 0003818\/ES Coordenador-geral da ONG Educar para Crescer\",\"url\":\"https:\/\/jornalfatosenoticias.com.br\/index.php\/author\/haroldo\/\"}]}<\/script>\n<!-- \/ Yoast SEO plugin. -->","yoast_head_json":{"title":"Majeski \u00e9 eleito \u201cDeputado do Ano 2021\u201d pela equipe Fatos & Not\u00edcias - Jornal Fatos e Not\u00edcias","robots":{"index":"index","follow":"follow","max-snippet":"max-snippet:-1","max-image-preview":"max-image-preview:large","max-video-preview":"max-video-preview:-1"},"canonical":"https:\/\/jornalfatosenoticias.com.br\/index.php\/2021\/12\/23\/majeski-e-eleito-deputado-do-ano-2021-pela-equipe-fatos-noticias\/","og_locale":"pt_BR","og_type":"article","og_title":"Majeski \u00e9 eleito \u201cDeputado do Ano 2021\u201d pela equipe Fatos & Not\u00edcias - Jornal Fatos e Not\u00edcias","og_description":"Deputado encerra 2021 com R$ 3,6 milh\u00f5es economizados como deputado Desde o primeiro mandato, parlamentar trabalha com n\u00famero reduzido de assessores e controle r\u00edgido das despesas da verba de gabinete. E economia n\u00e3o compromete atua\u00e7\u00e3o. No atual mandato s\u00e3o mais de 587 proposi\u00e7\u00f5es.Ao final do terceiro ano do segundo mandato, o ac\u00famulo de economia de [&hellip;]","og_url":"https:\/\/jornalfatosenoticias.com.br\/index.php\/2021\/12\/23\/majeski-e-eleito-deputado-do-ano-2021-pela-equipe-fatos-noticias\/","og_site_name":"Jornal Fatos e Not\u00edcias","article_published_time":"2021-12-23T18:53:53+00:00","article_modified_time":"2021-12-23T18:53:54+00:00","og_image":[{"width":1000,"height":665,"url":"https:\/\/jornalfatosenoticias.com.br\/wp-content\/uploads\/2021\/12\/SerMajeski-Foto-Lucas-Costa_Ales.jpeg","type":"image\/jpeg"}],"author":"Haroldo Filho","twitter_card":"summary_large_image","twitter_misc":{"Escrito por":"Haroldo Filho","Est. tempo de leitura":"3 minutos"},"schema":{"@context":"https:\/\/schema.org","@graph":[{"@type":"Article","@id":"https:\/\/jornalfatosenoticias.com.br\/index.php\/2021\/12\/23\/majeski-e-eleito-deputado-do-ano-2021-pela-equipe-fatos-noticias\/#article","isPartOf":{"@id":"https:\/\/jornalfatosenoticias.com.br\/index.php\/2021\/12\/23\/majeski-e-eleito-deputado-do-ano-2021-pela-equipe-fatos-noticias\/"},"author":{"name":"Haroldo Filho","@id":"https:\/\/jornalfatosenoticias.com.br\/#\/schema\/person\/05c46cc25b42a5c27e004fb0fa6b4965"},"headline":"Majeski \u00e9 eleito \u201cDeputado do Ano 2021\u201d pela equipe Fatos &#038; Not\u00edcias","datePublished":"2021-12-23T18:53:53+00:00","dateModified":"2021-12-23T18:53:54+00:00","mainEntityOfPage":{"@id":"https:\/\/jornalfatosenoticias.com.br\/index.php\/2021\/12\/23\/majeski-e-eleito-deputado-do-ano-2021-pela-equipe-fatos-noticias\/"},"wordCount":665,"commentCount":0,"publisher":{"@id":"https:\/\/jornalfatosenoticias.com.br\/#organization"},"image":{"@id":"https:\/\/jornalfatosenoticias.com.br\/index.php\/2021\/12\/23\/majeski-e-eleito-deputado-do-ano-2021-pela-equipe-fatos-noticias\/#primaryimage"},"thumbnailUrl":"https:\/\/jornalfatosenoticias.com.br\/wp-content\/uploads\/2021\/12\/SerMajeski-Foto-Lucas-Costa_Ales.jpeg","keywords":["Ales","deputado do ano","S\u00e9rgio Majeski"],"articleSection":["Pol\u00edtica"],"inLanguage":"pt-BR","potentialAction":[{"@type":"CommentAction","name":"Comment","target":["https:\/\/jornalfatosenoticias.com.br\/index.php\/2021\/12\/23\/majeski-e-eleito-deputado-do-ano-2021-pela-equipe-fatos-noticias\/#respond"]}]},{"@type":"WebPage","@id":"https:\/\/jornalfatosenoticias.com.br\/index.php\/2021\/12\/23\/majeski-e-eleito-deputado-do-ano-2021-pela-equipe-fatos-noticias\/","url":"https:\/\/jornalfatosenoticias.com.br\/index.php\/2021\/12\/23\/majeski-e-eleito-deputado-do-ano-2021-pela-equipe-fatos-noticias\/","name":"Majeski \u00e9 eleito \u201cDeputado do Ano 2021\u201d pela equipe Fatos & Not\u00edcias - Jornal Fatos e Not\u00edcias","isPartOf":{"@id":"https:\/\/jornalfatosenoticias.com.br\/#website"},"primaryImageOfPage":{"@id":"https:\/\/jornalfatosenoticias.com.br\/index.php\/2021\/12\/23\/majeski-e-eleito-deputado-do-ano-2021-pela-equipe-fatos-noticias\/#primaryimage"},"image":{"@id":"https:\/\/jornalfatosenoticias.com.br\/index.php\/2021\/12\/23\/majeski-e-eleito-deputado-do-ano-2021-pela-equipe-fatos-noticias\/#primaryimage"},"thumbnailUrl":"https:\/\/jornalfatosenoticias.com.br\/wp-content\/uploads\/2021\/12\/SerMajeski-Foto-Lucas-Costa_Ales.jpeg","datePublished":"2021-12-23T18:53:53+00:00","dateModified":"2021-12-23T18:53:54+00:00","breadcrumb":{"@id":"https:\/\/jornalfatosenoticias.com.br\/index.php\/2021\/12\/23\/majeski-e-eleito-deputado-do-ano-2021-pela-equipe-fatos-noticias\/#breadcrumb"},"inLanguage":"pt-BR","potentialAction":[{"@type":"ReadAction","target":["https:\/\/jornalfatosenoticias.com.br\/index.php\/2021\/12\/23\/majeski-e-eleito-deputado-do-ano-2021-pela-equipe-fatos-noticias\/"]}]},{"@type":"ImageObject","inLanguage":"pt-BR","@id":"https:\/\/jornalfatosenoticias.com.br\/index.php\/2021\/12\/23\/majeski-e-eleito-deputado-do-ano-2021-pela-equipe-fatos-noticias\/#primaryimage","url":"https:\/\/jornalfatosenoticias.com.br\/wp-content\/uploads\/2021\/12\/SerMajeski-Foto-Lucas-Costa_Ales.jpeg","contentUrl":"https:\/\/jornalfatosenoticias.com.br\/wp-content\/uploads\/2021\/12\/SerMajeski-Foto-Lucas-Costa_Ales.jpeg","width":1000,"height":665},{"@type":"BreadcrumbList","@id":"https:\/\/jornalfatosenoticias.com.br\/index.php\/2021\/12\/23\/majeski-e-eleito-deputado-do-ano-2021-pela-equipe-fatos-noticias\/#breadcrumb","itemListElement":[{"@type":"ListItem","position":1,"name":"In\u00edcio","item":"https:\/\/jornalfatosenoticias.com.br\/"},{"@type":"ListItem","position":2,"name":"Majeski \u00e9 eleito \u201cDeputado do Ano 2021\u201d pela equipe Fatos &#038; Not\u00edcias"}]},{"@type":"WebSite","@id":"https:\/\/jornalfatosenoticias.com.br\/#website","url":"https:\/\/jornalfatosenoticias.com.br\/","name":"Jornal Fatos e Not\u00edcias","description":"Not\u00edcias em geral","publisher":{"@id":"https:\/\/jornalfatosenoticias.com.br\/#organization"},"potentialAction":[{"@type":"SearchAction","target":{"@type":"EntryPoint","urlTemplate":"https:\/\/jornalfatosenoticias.com.br\/?s={search_term_string}"},"query-input":{"@type":"PropertyValueSpecification","valueRequired":true,"valueName":"search_term_string"}}],"inLanguage":"pt-BR"},{"@type":"Organization","@id":"https:\/\/jornalfatosenoticias.com.br\/#organization","name":"Jornal Fatos e Not\u00edcias","url":"https:\/\/jornalfatosenoticias.com.br\/","logo":{"@type":"ImageObject","inLanguage":"pt-BR","@id":"https:\/\/jornalfatosenoticias.com.br\/#\/schema\/logo\/image\/","url":"https:\/\/jornalfatosenoticias.com.br\/wp-content\/uploads\/2020\/02\/logo120.png","contentUrl":"https:\/\/jornalfatosenoticias.com.br\/wp-content\/uploads\/2020\/02\/logo120.png","width":1227,"height":120,"caption":"Jornal Fatos e Not\u00edcias"},"image":{"@id":"https:\/\/jornalfatosenoticias.com.br\/#\/schema\/logo\/image\/"}},{"@type":"Person","@id":"https:\/\/jornalfatosenoticias.com.br\/#\/schema\/person\/05c46cc25b42a5c27e004fb0fa6b4965","name":"Haroldo Filho","image":{"@type":"ImageObject","inLanguage":"pt-BR","@id":"https:\/\/jornalfatosenoticias.com.br\/#\/schema\/person\/image\/","url":"https:\/\/jornalfatosenoticias.com.br\/wp-content\/uploads\/2025\/08\/WhatsApp-Image-2025-08-18-at-15.30.28-150x150.jpeg","contentUrl":"https:\/\/jornalfatosenoticias.com.br\/wp-content\/uploads\/2025\/08\/WhatsApp-Image-2025-08-18-at-15.30.28-150x150.jpeg","caption":"Haroldo Filho"},"description":"Jornalista \u2013 DRT: 0003818\/ES Coordenador-geral da ONG Educar para Crescer","url":"https:\/\/jornalfatosenoticias.com.br\/index.php\/author\/haroldo\/"}]}},"cc_featured_image_caption":{"caption_text":"(Foto: Lucas Costa\/Ales)","source_text":"","source_url":""},"jetpack_featured_media_url":"https:\/\/jornalfatosenoticias.com.br\/wp-content\/uploads\/2021\/12\/SerMajeski-Foto-Lucas-Costa_Ales.jpeg","_links":{"self":[{"href":"https:\/\/jornalfatosenoticias.com.br\/index.php\/wp-json\/wp\/v2\/posts\/26285","targetHints":{"allow":["GET"]}}],"collection":[{"href":"https:\/\/jornalfatosenoticias.com.br\/index.php\/wp-json\/wp\/v2\/posts"}],"about":[{"href":"https:\/\/jornalfatosenoticias.com.br\/index.php\/wp-json\/wp\/v2\/types\/post"}],"author":[{"embeddable":true,"href":"https:\/\/jornalfatosenoticias.com.br\/index.php\/wp-json\/wp\/v2\/users\/3"}],"replies":[{"embeddable":true,"href":"https:\/\/jornalfatosenoticias.com.br\/index.php\/wp-json\/wp\/v2\/comments?post=26285"}],"version-history":[{"count":0,"href":"https:\/\/jornalfatosenoticias.com.br\/index.php\/wp-json\/wp\/v2\/posts\/26285\/revisions"}],"wp:featuredmedia":[{"embeddable":true,"href":"https:\/\/jornalfatosenoticias.com.br\/index.php\/wp-json\/wp\/v2\/media\/26287"}],"wp:attachment":[{"href":"https:\/\/jornalfatosenoticias.com.br\/index.php\/wp-json\/wp\/v2\/media?parent=26285"}],"wp:term":[{"taxonomy":"category","embeddable":true,"href":"https:\/\/jornalfatosenoticias.com.br\/index.php\/wp-json\/wp\/v2\/categories?post=26285"},{"taxonomy":"post_tag","embeddable":true,"href":"https:\/\/jornalfatosenoticias.com.br\/index.php\/wp-json\/wp\/v2\/tags?post=26285"}],"curies":[{"name":"wp","href":"https:\/\/api.w.org\/{rel}","templated":true}]}}