{"id":26307,"date":"2021-12-23T17:13:08","date_gmt":"2021-12-23T20:13:08","guid":{"rendered":"https:\/\/jornalfatosenoticias.com.br\/?p=26307"},"modified":"2021-12-23T17:13:10","modified_gmt":"2021-12-23T20:13:10","slug":"alagoas-lanca-iniciativa-para-frear-o-abandono-e-a-evasao-escolar-na-rede-estadual","status":"publish","type":"post","link":"https:\/\/jornalfatosenoticias.com.br\/index.php\/2021\/12\/23\/alagoas-lanca-iniciativa-para-frear-o-abandono-e-a-evasao-escolar-na-rede-estadual\/","title":{"rendered":"Alagoas lan\u00e7a iniciativa para frear o abandono e a evas\u00e3o escolar na rede estadual"},"content":{"rendered":"\n<p><em><span class=\"has-inline-color has-black-color\">Entre as estrat\u00e9gias est\u00e1 o incentivo ao ensino t\u00e9cnico, cria\u00e7\u00e3o de bolsas para quem continuar os estudos e para quem concluir o ensino m\u00e9dio<\/span><\/em><\/p>\n\n\n\n<p>Na rede de prote\u00e7\u00e3o a crian\u00e7as e adolescentes, a escola desempenha papel fundamental. Quanto mais tempo meninos e meninas est\u00e3o envolvidos nos estudos, maiores as garantias de distanciamento das viol\u00eancias sociais. Os benef\u00edcios s\u00e3o de curto e longo prazo \u2014 inclusive o de essa juventude transformar suas comunidades e seus futuros.<br><a href=\"https:\/\/porvir.org\/evasao-escolar-e-possiveis-solucoes-apontadas-por-jovens-para-reverter-o-atual-cenario\/\"><strong>Combater a evas\u00e3o<\/strong><\/a> e o abandono escolar depende de a\u00e7\u00f5es realizadas agora. Pensando em como lidar com esse desafio, o governo de Alagoas lan\u00e7ou uma s\u00e9rie de iniciativas focadas no combate ao problema. Uma delas, o Cart\u00e3o Escola 10, apresentada pelo secret\u00e1rio de educa\u00e7\u00e3o de Alagoas, Rafael Brito, prev\u00ea bolsa mensal de R$ 100 para alunos e alunas da rede p\u00fablica estadual que tiverem frequ\u00eancia m\u00ednima de 80% em sala de aula. Al\u00e9m disso, h\u00e1 outra bolsa, de R$ 500, voltada aos estudantes que retornaram \u00e0s aulas presenciais e R$ 2 mil para quem concluir o 3\u00ba ano do ensino m\u00e9dio.<br>\u201cEsse projeto, que pretendemos come\u00e7ar a pagar j\u00e1 a partir deste m\u00eas (dezembro), ataca de frente um dos grandes problemas da educa\u00e7\u00e3o, que \u00e9 a evas\u00e3o escolar. A partir do ano que vem, para que recebam os benef\u00edcios, os alunos precisar\u00e3o ter 90% de frequ\u00eancia escolar\u201d, afirmou Rafael durante o evento <a href=\"https:\/\/porvir.org\/evento\/alagoas-do-futuro-a-transformacao-das-juventudes-atraves-da-educacao-publica-instituto-unibanco\/\"><strong>Alagoas do Futuro<\/strong><\/a>: A transforma\u00e7\u00e3o das juventudes atrav\u00e9s da Educa\u00e7\u00e3o P\u00fablica que marcou o lan\u00e7amento do programa multissetorial \u201cJuventudes Alagoanas\u201d.<\/p>\n\n\n\n<figure class=\"wp-block-embed-youtube wp-block-embed is-type-video is-provider-youtube wp-embed-aspect-16-9 wp-has-aspect-ratio\"><div class=\"wp-block-embed__wrapper\">\n<iframe loading=\"lazy\" title=\"ALAGOAS DO FUTURO: A transforma\u00e7\u00e3o das juventudes atrav\u00e9s da Educa\u00e7\u00e3o P\u00fablica\" width=\"660\" height=\"371\" src=\"https:\/\/www.youtube.com\/embed\/QhUwTAvjiVU?feature=oembed\" frameborder=\"0\" allow=\"accelerometer; autoplay; clipboard-write; encrypted-media; gyroscope; picture-in-picture; web-share\" referrerpolicy=\"strict-origin-when-cross-origin\" allowfullscreen><\/iframe>\n<\/div><\/figure>\n\n\n\n<p><strong><span class=\"has-inline-color has-black-color\">Disparidade nacional<br><\/span><\/strong>As motiva\u00e7\u00f5es para infrequ\u00eancia, <strong><a href=\"https:\/\/porvir.org\/como-evitar-o-aumento-do-abandono-e-da-evasao-no-ensino-medio-apos-a-pandemia\/\">desist\u00eancia e evas\u00e3o<\/a><\/strong> tamb\u00e9m tem rela\u00e7\u00e3o com aspectos socioecon\u00f4micos que v\u00e3o al\u00e9m da pr\u00f3pria, estrutura das escolas: falta de conex\u00e3o dos conte\u00fados com os interesses oferecidos, gravidez, demanda de gerar renda, entre outras raz\u00f5es. Muitos jovens s\u00e3o engolidos pela necessidade de trabalhar para ajudar no sustento da fam\u00edlia, por exemplo, e com isso acabam deixando a escola.<br>O Observat\u00f3rio da Educa\u00e7\u00e3o do Instituto Unibanco traz a seguinte informa\u00e7\u00e3o: <\/p>\n\n\n\n<blockquote class=\"wp-block-quote is-layout-flow wp-block-quote-is-layout-flow\"><p><span class=\"has-inline-color has-luminous-vivid-orange-color\">\u201cQuando o contexto familiar do aluno \u00e9 de uma fam\u00edlia chefiada por um homem branco, com pelo menos a escolaridade m\u00e9dia completa, renda alta e residente de \u00e1rea urbana, a chance deste aluno frequentar normalmente a escola \u00e9 de, no m\u00ednimo, 79%. Quando se trata de fam\u00edlias chefiadas por mulheres negras, analfabetas e de \u00e1rea rural, o \u00edndice m\u00e1ximo \u00e9 de 65% no Estado do Maranh\u00e3o e de 21,7% em Santa Catarina\u201d.<\/span><\/p><\/blockquote>\n\n\n\n<p>Wanyelle Mirian Bezerra, vice-presidente da coordena\u00e7\u00e3o estadual de gr\u00eamios estudantis da rede estadual de Alagoas, ressaltou a necessidade do apoio governamental para que os jovens se mantenham na escola. \u201cEu vi, na pandemia, muitos colegas se afastarem da escola por serem de baixa renda. A escola \u00e9 de suma import\u00e2ncia para a gente aprender a lidar com a vida. Os estudantes precisavam s\u00f3 do apoio do governo para seguir estudando\u201d, apontou.<\/p>\n\n\n\n<p><strong><span class=\"has-inline-color has-black-color\">Suporte estadual<br><\/span><\/strong>Outras a\u00e7\u00f5es de apoio \u00e0 educa\u00e7\u00e3o em Alagoas tamb\u00e9m foram anunciadas. As <strong><a href=\"https:\/\/porvir.org\/ensino-remoto-e-dificil-mas-ja-pensou-como-e-a-alfabetizacao-a-distancia-veja-estrategias\/\">estrat\u00e9gias<\/a>\u00a0<\/strong>foram pensadas para abarcar diferentes est\u00e1gios do ensino e at\u00e9 mesmo envolver a equipe docente. O \u201cVem que d\u00e1 tempo\u201d, por exemplo, \u00e9 uma iniciativa que vai focar no resgate e na acelera\u00e7\u00e3o da Educa\u00e7\u00e3o de Jovens e Adultos (EJA). Essa mesma etapa tamb\u00e9m vai receber orienta\u00e7\u00e3o e prepara\u00e7\u00e3o para o mercado de trabalho com o \u201cEduca\u00e7\u00e3o para o Emprego\u201d, que tamb\u00e9m quer incentivar os alunos da EJA ao empreendedorismo. Um dos projetos tamb\u00e9m visa contemplar os professores, como \u00e9 o caso do \u201cProfessor Mentor\u201d, que vai conceder mais de 11 mil bolsas para educadores e alunos, a fim de promover a pesquisa no ambiente escolar, o combate aos d\u00e9ficits de aprendizagem, a redu\u00e7\u00e3o do abandono e da evas\u00e3o escolar.<br>O mundo do trabalho, que \u00e9 um dos <strong><a href=\"https:\/\/porvir.org\/evasao-escolar-e-possiveis-solucoes-apontadas-por-jovens-para-reverter-o-atual-cenario\/\">fatores que levam<\/a><\/strong> o estudante \u00e0 evas\u00e3o, \u00e9 uma das preocupa\u00e7\u00f5es do projeto. O \u201cPontap\u00e9 Educa\u00e7\u00e3o\u201d \u00e9 outra proposta que vai criar 1,2 mil vagas para est\u00e1gios em unidades de ensino da rede estadual para atua\u00e7\u00e3o de \u00e1reas como Direito, Nutri\u00e7\u00e3o, Ci\u00eancias Cont\u00e1beis e Educa\u00e7\u00e3o F\u00edsica, por exemplo. Os esfor\u00e7os s\u00e3o, portanto, pela garantia de perman\u00eancia dos estudantes. \u201cNingu\u00e9m tem d\u00favida de que quanto mais tempo o aluno passar dentro da escola, melhor para a sociedade\u201d, pontuou Rafael Brito.<\/p>\n\n\n\n<p><strong><span class=\"has-inline-color has-black-color\">Desafios<\/span><\/strong><br>A chefe do escrit\u00f3rio do Unicef (Fundo das Na\u00e7\u00f5es Unidas para a Inf\u00e2ncia) em S\u00e3o Paulo, Adriana Alvarenga, pontuou que os desafios ainda s\u00e3o muitos. Ela mencionou que 23% da popula\u00e7\u00e3o de 18 a 24 n\u00e3o estuda, nem trabalha. Antes da pandemia, cerca de um milh\u00e3o de adolescentes e jovens estavam fora da escola. \u201cComo a gente investe neles hoje vai mostrar o pa\u00eds que n\u00f3s teremos no futuro\u201d.<br>Para os participantes, a preocupa\u00e7\u00e3o de criar estrat\u00e9gias como essa est\u00e1 em elabor\u00e1-las de forma multissetorial, ou seja, que olhem para a educa\u00e7\u00e3o, mas tamb\u00e9m para a sa\u00fade, para o trabalho ou do ponto de vista social.<br>Ricardo Henriques, superintendente executivo do Instituto Unibanco, afirmou que as a\u00e7\u00f5es apresentadas s\u00e3o ambiciosas, mas realistas. Para ele, o cen\u00e1rio \u00e9 desafiador, mas o caminho para garantir mobilidade social \u00e9 via educa\u00e7\u00e3o. <\/p>\n\n\n\n<blockquote class=\"wp-block-quote is-layout-flow wp-block-quote-is-layout-flow\"><p><span class=\"has-inline-color has-luminous-vivid-orange-color\">\u201c\u00c9 garantir o acesso, se n\u00e3o o jogo n\u00e3o come\u00e7a. Uma estrat\u00e9gia para funcionar tem que ser ampla, tem que ter muitas a\u00e7\u00f5es\u201d, disse.<\/span><\/p><\/blockquote>\n\n\n\n<p><strong><em>Fonte: <a href=\"https:\/\/porvir.org\/alagoas-lanca-iniciativa-para-frear-o-abandono-e-a-evasao-escolar-na-rede-estadual\/\">Porvir<\/a><\/em><\/strong><\/p>\n","protected":false},"excerpt":{"rendered":"<p>Entre as estrat\u00e9gias est\u00e1 o incentivo ao ensino t\u00e9cnico, cria\u00e7\u00e3o de bolsas para quem continuar os estudos e para quem concluir o ensino m\u00e9dio Na rede de prote\u00e7\u00e3o a crian\u00e7as e adolescentes, a escola desempenha papel fundamental. Quanto mais tempo meninos e meninas est\u00e3o envolvidos nos estudos, maiores as garantias de distanciamento das viol\u00eancias sociais. [&hellip;]<\/p>\n","protected":false},"author":2,"featured_media":26308,"comment_status":"open","ping_status":"open","sticky":false,"template":"","format":"standard","meta":{"footnotes":""},"categories":[7],"tags":[3762,7849,5036,4360,2203,9651,5398],"class_list":["post-26307","post","type-post","status-publish","format-standard","has-post-thumbnail","hentry","category-educacao","tag-alagoas","tag-carreira","tag-educacao-integral","tag-empreendedorismo","tag-ensino-fundamental","tag-ensino-medio","tag-evasao-escolar"],"yoast_head":"<!-- This site is optimized with the Yoast SEO plugin v26.5 - https:\/\/yoast.com\/wordpress\/plugins\/seo\/ -->\n<title>Alagoas lan\u00e7a iniciativa para frear o abandono e a evas\u00e3o escolar na rede estadual - Jornal Fatos e Not\u00edcias<\/title>\n<meta name=\"robots\" content=\"index, follow, max-snippet:-1, max-image-preview:large, max-video-preview:-1\" \/>\n<link rel=\"canonical\" href=\"https:\/\/jornalfatosenoticias.com.br\/index.php\/2021\/12\/23\/alagoas-lanca-iniciativa-para-frear-o-abandono-e-a-evasao-escolar-na-rede-estadual\/\" \/>\n<meta property=\"og:locale\" content=\"pt_BR\" \/>\n<meta property=\"og:type\" content=\"article\" \/>\n<meta property=\"og:title\" content=\"Alagoas lan\u00e7a iniciativa para frear o abandono e a evas\u00e3o escolar na rede estadual - Jornal Fatos e Not\u00edcias\" \/>\n<meta property=\"og:description\" content=\"Entre as estrat\u00e9gias est\u00e1 o incentivo ao ensino t\u00e9cnico, cria\u00e7\u00e3o de bolsas para quem continuar os estudos e para quem concluir o ensino m\u00e9dio Na rede de prote\u00e7\u00e3o a crian\u00e7as e adolescentes, a escola desempenha papel fundamental. Quanto mais tempo meninos e meninas est\u00e3o envolvidos nos estudos, maiores as garantias de distanciamento das viol\u00eancias sociais. [&hellip;]\" \/>\n<meta property=\"og:url\" content=\"https:\/\/jornalfatosenoticias.com.br\/index.php\/2021\/12\/23\/alagoas-lanca-iniciativa-para-frear-o-abandono-e-a-evasao-escolar-na-rede-estadual\/\" \/>\n<meta property=\"og:site_name\" content=\"Jornal Fatos e Not\u00edcias\" \/>\n<meta property=\"article:published_time\" content=\"2021-12-23T20:13:08+00:00\" \/>\n<meta property=\"article:modified_time\" content=\"2021-12-23T20:13:10+00:00\" \/>\n<meta property=\"og:image\" content=\"https:\/\/jornalfatosenoticias.com.br\/wp-content\/uploads\/2021\/12\/evasao-escolar-alagoas.jpg\" \/>\n\t<meta property=\"og:image:width\" content=\"1000\" \/>\n\t<meta property=\"og:image:height\" content=\"688\" \/>\n\t<meta property=\"og:image:type\" content=\"image\/jpeg\" \/>\n<meta name=\"author\" content=\"Luzimara Fernandes\" \/>\n<meta name=\"twitter:card\" content=\"summary_large_image\" \/>\n<meta name=\"twitter:label1\" content=\"Escrito por\" \/>\n\t<meta name=\"twitter:data1\" content=\"Luzimara Fernandes\" \/>\n\t<meta name=\"twitter:label2\" content=\"Est. tempo de leitura\" \/>\n\t<meta name=\"twitter:data2\" content=\"5 minutos\" \/>\n<script type=\"application\/ld+json\" class=\"yoast-schema-graph\">{\"@context\":\"https:\/\/schema.org\",\"@graph\":[{\"@type\":\"Article\",\"@id\":\"https:\/\/jornalfatosenoticias.com.br\/index.php\/2021\/12\/23\/alagoas-lanca-iniciativa-para-frear-o-abandono-e-a-evasao-escolar-na-rede-estadual\/#article\",\"isPartOf\":{\"@id\":\"https:\/\/jornalfatosenoticias.com.br\/index.php\/2021\/12\/23\/alagoas-lanca-iniciativa-para-frear-o-abandono-e-a-evasao-escolar-na-rede-estadual\/\"},\"author\":{\"name\":\"Luzimara Fernandes\",\"@id\":\"https:\/\/jornalfatosenoticias.com.br\/#\/schema\/person\/d63837fa13ac8666eb9e74e0985d6f81\"},\"headline\":\"Alagoas lan\u00e7a iniciativa para frear o abandono e a evas\u00e3o escolar na rede estadual\",\"datePublished\":\"2021-12-23T20:13:08+00:00\",\"dateModified\":\"2021-12-23T20:13:10+00:00\",\"mainEntityOfPage\":{\"@id\":\"https:\/\/jornalfatosenoticias.com.br\/index.php\/2021\/12\/23\/alagoas-lanca-iniciativa-para-frear-o-abandono-e-a-evasao-escolar-na-rede-estadual\/\"},\"wordCount\":964,\"commentCount\":0,\"publisher\":{\"@id\":\"https:\/\/jornalfatosenoticias.com.br\/#organization\"},\"image\":{\"@id\":\"https:\/\/jornalfatosenoticias.com.br\/index.php\/2021\/12\/23\/alagoas-lanca-iniciativa-para-frear-o-abandono-e-a-evasao-escolar-na-rede-estadual\/#primaryimage\"},\"thumbnailUrl\":\"https:\/\/jornalfatosenoticias.com.br\/wp-content\/uploads\/2021\/12\/evasao-escolar-alagoas.jpg\",\"keywords\":[\"Alagoas\",\"carreira\",\"educa\u00e7\u00e3o integral\",\"empreendedorismo\",\"ensino fundamental\",\"ensino m\u00e9dio\",\"evas\u00e3o escolar\"],\"articleSection\":[\"Educa\u00e7\u00e3o\"],\"inLanguage\":\"pt-BR\",\"potentialAction\":[{\"@type\":\"CommentAction\",\"name\":\"Comment\",\"target\":[\"https:\/\/jornalfatosenoticias.com.br\/index.php\/2021\/12\/23\/alagoas-lanca-iniciativa-para-frear-o-abandono-e-a-evasao-escolar-na-rede-estadual\/#respond\"]}]},{\"@type\":\"WebPage\",\"@id\":\"https:\/\/jornalfatosenoticias.com.br\/index.php\/2021\/12\/23\/alagoas-lanca-iniciativa-para-frear-o-abandono-e-a-evasao-escolar-na-rede-estadual\/\",\"url\":\"https:\/\/jornalfatosenoticias.com.br\/index.php\/2021\/12\/23\/alagoas-lanca-iniciativa-para-frear-o-abandono-e-a-evasao-escolar-na-rede-estadual\/\",\"name\":\"Alagoas lan\u00e7a iniciativa para frear o abandono e a evas\u00e3o escolar na rede estadual - Jornal Fatos e Not\u00edcias\",\"isPartOf\":{\"@id\":\"https:\/\/jornalfatosenoticias.com.br\/#website\"},\"primaryImageOfPage\":{\"@id\":\"https:\/\/jornalfatosenoticias.com.br\/index.php\/2021\/12\/23\/alagoas-lanca-iniciativa-para-frear-o-abandono-e-a-evasao-escolar-na-rede-estadual\/#primaryimage\"},\"image\":{\"@id\":\"https:\/\/jornalfatosenoticias.com.br\/index.php\/2021\/12\/23\/alagoas-lanca-iniciativa-para-frear-o-abandono-e-a-evasao-escolar-na-rede-estadual\/#primaryimage\"},\"thumbnailUrl\":\"https:\/\/jornalfatosenoticias.com.br\/wp-content\/uploads\/2021\/12\/evasao-escolar-alagoas.jpg\",\"datePublished\":\"2021-12-23T20:13:08+00:00\",\"dateModified\":\"2021-12-23T20:13:10+00:00\",\"breadcrumb\":{\"@id\":\"https:\/\/jornalfatosenoticias.com.br\/index.php\/2021\/12\/23\/alagoas-lanca-iniciativa-para-frear-o-abandono-e-a-evasao-escolar-na-rede-estadual\/#breadcrumb\"},\"inLanguage\":\"pt-BR\",\"potentialAction\":[{\"@type\":\"ReadAction\",\"target\":[\"https:\/\/jornalfatosenoticias.com.br\/index.php\/2021\/12\/23\/alagoas-lanca-iniciativa-para-frear-o-abandono-e-a-evasao-escolar-na-rede-estadual\/\"]}]},{\"@type\":\"ImageObject\",\"inLanguage\":\"pt-BR\",\"@id\":\"https:\/\/jornalfatosenoticias.com.br\/index.php\/2021\/12\/23\/alagoas-lanca-iniciativa-para-frear-o-abandono-e-a-evasao-escolar-na-rede-estadual\/#primaryimage\",\"url\":\"https:\/\/jornalfatosenoticias.com.br\/wp-content\/uploads\/2021\/12\/evasao-escolar-alagoas.jpg\",\"contentUrl\":\"https:\/\/jornalfatosenoticias.com.br\/wp-content\/uploads\/2021\/12\/evasao-escolar-alagoas.jpg\",\"width\":1000,\"height\":688},{\"@type\":\"BreadcrumbList\",\"@id\":\"https:\/\/jornalfatosenoticias.com.br\/index.php\/2021\/12\/23\/alagoas-lanca-iniciativa-para-frear-o-abandono-e-a-evasao-escolar-na-rede-estadual\/#breadcrumb\",\"itemListElement\":[{\"@type\":\"ListItem\",\"position\":1,\"name\":\"In\u00edcio\",\"item\":\"https:\/\/jornalfatosenoticias.com.br\/\"},{\"@type\":\"ListItem\",\"position\":2,\"name\":\"Alagoas lan\u00e7a iniciativa para frear o abandono e a evas\u00e3o escolar na rede estadual\"}]},{\"@type\":\"WebSite\",\"@id\":\"https:\/\/jornalfatosenoticias.com.br\/#website\",\"url\":\"https:\/\/jornalfatosenoticias.com.br\/\",\"name\":\"Jornal Fatos e Not\u00edcias\",\"description\":\"Not\u00edcias em geral\",\"publisher\":{\"@id\":\"https:\/\/jornalfatosenoticias.com.br\/#organization\"},\"potentialAction\":[{\"@type\":\"SearchAction\",\"target\":{\"@type\":\"EntryPoint\",\"urlTemplate\":\"https:\/\/jornalfatosenoticias.com.br\/?s={search_term_string}\"},\"query-input\":{\"@type\":\"PropertyValueSpecification\",\"valueRequired\":true,\"valueName\":\"search_term_string\"}}],\"inLanguage\":\"pt-BR\"},{\"@type\":\"Organization\",\"@id\":\"https:\/\/jornalfatosenoticias.com.br\/#organization\",\"name\":\"Jornal Fatos e Not\u00edcias\",\"url\":\"https:\/\/jornalfatosenoticias.com.br\/\",\"logo\":{\"@type\":\"ImageObject\",\"inLanguage\":\"pt-BR\",\"@id\":\"https:\/\/jornalfatosenoticias.com.br\/#\/schema\/logo\/image\/\",\"url\":\"https:\/\/jornalfatosenoticias.com.br\/wp-content\/uploads\/2020\/02\/logo120.png\",\"contentUrl\":\"https:\/\/jornalfatosenoticias.com.br\/wp-content\/uploads\/2020\/02\/logo120.png\",\"width\":1227,\"height\":120,\"caption\":\"Jornal Fatos e Not\u00edcias\"},\"image\":{\"@id\":\"https:\/\/jornalfatosenoticias.com.br\/#\/schema\/logo\/image\/\"}},{\"@type\":\"Person\",\"@id\":\"https:\/\/jornalfatosenoticias.com.br\/#\/schema\/person\/d63837fa13ac8666eb9e74e0985d6f81\",\"name\":\"Luzimara Fernandes\",\"image\":{\"@type\":\"ImageObject\",\"inLanguage\":\"pt-BR\",\"@id\":\"https:\/\/jornalfatosenoticias.com.br\/#\/schema\/person\/image\/\",\"url\":\"https:\/\/jornalfatosenoticias.com.br\/wp-content\/uploads\/2025\/05\/EU_portal.jpg\",\"contentUrl\":\"https:\/\/jornalfatosenoticias.com.br\/wp-content\/uploads\/2025\/05\/EU_portal.jpg\",\"caption\":\"Luzimara Fernandes\"},\"description\":\"Jornalista MTB 2358-ES\",\"sameAs\":[\"https:\/\/jornalfatosenoticias.com.br\"],\"url\":\"https:\/\/jornalfatosenoticias.com.br\/index.php\/author\/luzimara\/\"}]}<\/script>\n<!-- \/ Yoast SEO plugin. -->","yoast_head_json":{"title":"Alagoas lan\u00e7a iniciativa para frear o abandono e a evas\u00e3o escolar na rede estadual - Jornal Fatos e Not\u00edcias","robots":{"index":"index","follow":"follow","max-snippet":"max-snippet:-1","max-image-preview":"max-image-preview:large","max-video-preview":"max-video-preview:-1"},"canonical":"https:\/\/jornalfatosenoticias.com.br\/index.php\/2021\/12\/23\/alagoas-lanca-iniciativa-para-frear-o-abandono-e-a-evasao-escolar-na-rede-estadual\/","og_locale":"pt_BR","og_type":"article","og_title":"Alagoas lan\u00e7a iniciativa para frear o abandono e a evas\u00e3o escolar na rede estadual - Jornal Fatos e Not\u00edcias","og_description":"Entre as estrat\u00e9gias est\u00e1 o incentivo ao ensino t\u00e9cnico, cria\u00e7\u00e3o de bolsas para quem continuar os estudos e para quem concluir o ensino m\u00e9dio Na rede de prote\u00e7\u00e3o a crian\u00e7as e adolescentes, a escola desempenha papel fundamental. Quanto mais tempo meninos e meninas est\u00e3o envolvidos nos estudos, maiores as garantias de distanciamento das viol\u00eancias sociais. [&hellip;]","og_url":"https:\/\/jornalfatosenoticias.com.br\/index.php\/2021\/12\/23\/alagoas-lanca-iniciativa-para-frear-o-abandono-e-a-evasao-escolar-na-rede-estadual\/","og_site_name":"Jornal Fatos e Not\u00edcias","article_published_time":"2021-12-23T20:13:08+00:00","article_modified_time":"2021-12-23T20:13:10+00:00","og_image":[{"width":1000,"height":688,"url":"https:\/\/jornalfatosenoticias.com.br\/wp-content\/uploads\/2021\/12\/evasao-escolar-alagoas.jpg","type":"image\/jpeg"}],"author":"Luzimara Fernandes","twitter_card":"summary_large_image","twitter_misc":{"Escrito por":"Luzimara Fernandes","Est. tempo de leitura":"5 minutos"},"schema":{"@context":"https:\/\/schema.org","@graph":[{"@type":"Article","@id":"https:\/\/jornalfatosenoticias.com.br\/index.php\/2021\/12\/23\/alagoas-lanca-iniciativa-para-frear-o-abandono-e-a-evasao-escolar-na-rede-estadual\/#article","isPartOf":{"@id":"https:\/\/jornalfatosenoticias.com.br\/index.php\/2021\/12\/23\/alagoas-lanca-iniciativa-para-frear-o-abandono-e-a-evasao-escolar-na-rede-estadual\/"},"author":{"name":"Luzimara Fernandes","@id":"https:\/\/jornalfatosenoticias.com.br\/#\/schema\/person\/d63837fa13ac8666eb9e74e0985d6f81"},"headline":"Alagoas lan\u00e7a iniciativa para frear o abandono e a evas\u00e3o escolar na rede estadual","datePublished":"2021-12-23T20:13:08+00:00","dateModified":"2021-12-23T20:13:10+00:00","mainEntityOfPage":{"@id":"https:\/\/jornalfatosenoticias.com.br\/index.php\/2021\/12\/23\/alagoas-lanca-iniciativa-para-frear-o-abandono-e-a-evasao-escolar-na-rede-estadual\/"},"wordCount":964,"commentCount":0,"publisher":{"@id":"https:\/\/jornalfatosenoticias.com.br\/#organization"},"image":{"@id":"https:\/\/jornalfatosenoticias.com.br\/index.php\/2021\/12\/23\/alagoas-lanca-iniciativa-para-frear-o-abandono-e-a-evasao-escolar-na-rede-estadual\/#primaryimage"},"thumbnailUrl":"https:\/\/jornalfatosenoticias.com.br\/wp-content\/uploads\/2021\/12\/evasao-escolar-alagoas.jpg","keywords":["Alagoas","carreira","educa\u00e7\u00e3o integral","empreendedorismo","ensino fundamental","ensino m\u00e9dio","evas\u00e3o escolar"],"articleSection":["Educa\u00e7\u00e3o"],"inLanguage":"pt-BR","potentialAction":[{"@type":"CommentAction","name":"Comment","target":["https:\/\/jornalfatosenoticias.com.br\/index.php\/2021\/12\/23\/alagoas-lanca-iniciativa-para-frear-o-abandono-e-a-evasao-escolar-na-rede-estadual\/#respond"]}]},{"@type":"WebPage","@id":"https:\/\/jornalfatosenoticias.com.br\/index.php\/2021\/12\/23\/alagoas-lanca-iniciativa-para-frear-o-abandono-e-a-evasao-escolar-na-rede-estadual\/","url":"https:\/\/jornalfatosenoticias.com.br\/index.php\/2021\/12\/23\/alagoas-lanca-iniciativa-para-frear-o-abandono-e-a-evasao-escolar-na-rede-estadual\/","name":"Alagoas lan\u00e7a iniciativa para frear o abandono e a evas\u00e3o escolar na rede estadual - Jornal Fatos e Not\u00edcias","isPartOf":{"@id":"https:\/\/jornalfatosenoticias.com.br\/#website"},"primaryImageOfPage":{"@id":"https:\/\/jornalfatosenoticias.com.br\/index.php\/2021\/12\/23\/alagoas-lanca-iniciativa-para-frear-o-abandono-e-a-evasao-escolar-na-rede-estadual\/#primaryimage"},"image":{"@id":"https:\/\/jornalfatosenoticias.com.br\/index.php\/2021\/12\/23\/alagoas-lanca-iniciativa-para-frear-o-abandono-e-a-evasao-escolar-na-rede-estadual\/#primaryimage"},"thumbnailUrl":"https:\/\/jornalfatosenoticias.com.br\/wp-content\/uploads\/2021\/12\/evasao-escolar-alagoas.jpg","datePublished":"2021-12-23T20:13:08+00:00","dateModified":"2021-12-23T20:13:10+00:00","breadcrumb":{"@id":"https:\/\/jornalfatosenoticias.com.br\/index.php\/2021\/12\/23\/alagoas-lanca-iniciativa-para-frear-o-abandono-e-a-evasao-escolar-na-rede-estadual\/#breadcrumb"},"inLanguage":"pt-BR","potentialAction":[{"@type":"ReadAction","target":["https:\/\/jornalfatosenoticias.com.br\/index.php\/2021\/12\/23\/alagoas-lanca-iniciativa-para-frear-o-abandono-e-a-evasao-escolar-na-rede-estadual\/"]}]},{"@type":"ImageObject","inLanguage":"pt-BR","@id":"https:\/\/jornalfatosenoticias.com.br\/index.php\/2021\/12\/23\/alagoas-lanca-iniciativa-para-frear-o-abandono-e-a-evasao-escolar-na-rede-estadual\/#primaryimage","url":"https:\/\/jornalfatosenoticias.com.br\/wp-content\/uploads\/2021\/12\/evasao-escolar-alagoas.jpg","contentUrl":"https:\/\/jornalfatosenoticias.com.br\/wp-content\/uploads\/2021\/12\/evasao-escolar-alagoas.jpg","width":1000,"height":688},{"@type":"BreadcrumbList","@id":"https:\/\/jornalfatosenoticias.com.br\/index.php\/2021\/12\/23\/alagoas-lanca-iniciativa-para-frear-o-abandono-e-a-evasao-escolar-na-rede-estadual\/#breadcrumb","itemListElement":[{"@type":"ListItem","position":1,"name":"In\u00edcio","item":"https:\/\/jornalfatosenoticias.com.br\/"},{"@type":"ListItem","position":2,"name":"Alagoas lan\u00e7a iniciativa para frear o abandono e a evas\u00e3o escolar na rede estadual"}]},{"@type":"WebSite","@id":"https:\/\/jornalfatosenoticias.com.br\/#website","url":"https:\/\/jornalfatosenoticias.com.br\/","name":"Jornal Fatos e Not\u00edcias","description":"Not\u00edcias em geral","publisher":{"@id":"https:\/\/jornalfatosenoticias.com.br\/#organization"},"potentialAction":[{"@type":"SearchAction","target":{"@type":"EntryPoint","urlTemplate":"https:\/\/jornalfatosenoticias.com.br\/?s={search_term_string}"},"query-input":{"@type":"PropertyValueSpecification","valueRequired":true,"valueName":"search_term_string"}}],"inLanguage":"pt-BR"},{"@type":"Organization","@id":"https:\/\/jornalfatosenoticias.com.br\/#organization","name":"Jornal Fatos e Not\u00edcias","url":"https:\/\/jornalfatosenoticias.com.br\/","logo":{"@type":"ImageObject","inLanguage":"pt-BR","@id":"https:\/\/jornalfatosenoticias.com.br\/#\/schema\/logo\/image\/","url":"https:\/\/jornalfatosenoticias.com.br\/wp-content\/uploads\/2020\/02\/logo120.png","contentUrl":"https:\/\/jornalfatosenoticias.com.br\/wp-content\/uploads\/2020\/02\/logo120.png","width":1227,"height":120,"caption":"Jornal Fatos e Not\u00edcias"},"image":{"@id":"https:\/\/jornalfatosenoticias.com.br\/#\/schema\/logo\/image\/"}},{"@type":"Person","@id":"https:\/\/jornalfatosenoticias.com.br\/#\/schema\/person\/d63837fa13ac8666eb9e74e0985d6f81","name":"Luzimara Fernandes","image":{"@type":"ImageObject","inLanguage":"pt-BR","@id":"https:\/\/jornalfatosenoticias.com.br\/#\/schema\/person\/image\/","url":"https:\/\/jornalfatosenoticias.com.br\/wp-content\/uploads\/2025\/05\/EU_portal.jpg","contentUrl":"https:\/\/jornalfatosenoticias.com.br\/wp-content\/uploads\/2025\/05\/EU_portal.jpg","caption":"Luzimara Fernandes"},"description":"Jornalista MTB 2358-ES","sameAs":["https:\/\/jornalfatosenoticias.com.br"],"url":"https:\/\/jornalfatosenoticias.com.br\/index.php\/author\/luzimara\/"}]}},"cc_featured_image_caption":{"caption_text":"(Foto: Scott Webb\/Unsplash) ","source_text":"","source_url":""},"jetpack_featured_media_url":"https:\/\/jornalfatosenoticias.com.br\/wp-content\/uploads\/2021\/12\/evasao-escolar-alagoas.jpg","_links":{"self":[{"href":"https:\/\/jornalfatosenoticias.com.br\/index.php\/wp-json\/wp\/v2\/posts\/26307","targetHints":{"allow":["GET"]}}],"collection":[{"href":"https:\/\/jornalfatosenoticias.com.br\/index.php\/wp-json\/wp\/v2\/posts"}],"about":[{"href":"https:\/\/jornalfatosenoticias.com.br\/index.php\/wp-json\/wp\/v2\/types\/post"}],"author":[{"embeddable":true,"href":"https:\/\/jornalfatosenoticias.com.br\/index.php\/wp-json\/wp\/v2\/users\/2"}],"replies":[{"embeddable":true,"href":"https:\/\/jornalfatosenoticias.com.br\/index.php\/wp-json\/wp\/v2\/comments?post=26307"}],"version-history":[{"count":0,"href":"https:\/\/jornalfatosenoticias.com.br\/index.php\/wp-json\/wp\/v2\/posts\/26307\/revisions"}],"wp:featuredmedia":[{"embeddable":true,"href":"https:\/\/jornalfatosenoticias.com.br\/index.php\/wp-json\/wp\/v2\/media\/26308"}],"wp:attachment":[{"href":"https:\/\/jornalfatosenoticias.com.br\/index.php\/wp-json\/wp\/v2\/media?parent=26307"}],"wp:term":[{"taxonomy":"category","embeddable":true,"href":"https:\/\/jornalfatosenoticias.com.br\/index.php\/wp-json\/wp\/v2\/categories?post=26307"},{"taxonomy":"post_tag","embeddable":true,"href":"https:\/\/jornalfatosenoticias.com.br\/index.php\/wp-json\/wp\/v2\/tags?post=26307"}],"curies":[{"name":"wp","href":"https:\/\/api.w.org\/{rel}","templated":true}]}}