{"id":26314,"date":"2021-12-23T17:26:57","date_gmt":"2021-12-23T20:26:57","guid":{"rendered":"https:\/\/jornalfatosenoticias.com.br\/?p=26314"},"modified":"2021-12-23T17:27:00","modified_gmt":"2021-12-23T20:27:00","slug":"conheca-a-surreal-lagoa-cor-de-rosa-do-mexico","status":"publish","type":"post","link":"https:\/\/jornalfatosenoticias.com.br\/index.php\/2021\/12\/23\/conheca-a-surreal-lagoa-cor-de-rosa-do-mexico\/","title":{"rendered":"Conhe\u00e7a a surreal lagoa cor-de-rosa do M\u00e9xico"},"content":{"rendered":"\n<p><em><span class=\"has-inline-color has-black-color\">O ponto tur\u00edstico possui uma beleza natural rara<\/span><\/em><\/p>\n\n\n\n<p>Na Pen\u00ednsula de Yucat\u00e1n, localizada no <a href=\"https:\/\/aventurasnahistoria.uol.com.br\/noticias\/historia-hoje\/mais-de-300-tartarugas-sao-encontradas-mortas-no-mexico.phtml\" rel=\"noreferrer noopener\" target=\"_blank\">M\u00e9xico<\/a>, existe uma lagoa salgada que parece sa\u00edda diretamente de um conto de fadas. Isso acontece, pois sua \u00e1gua, diferente do azul ou esverdeado com os quais estamos acostumados, tem uma espantosa apar\u00eancia cor-de-rosa.<br>Las Coloradas \u00e9 uma comunidade de pescadores, por\u00e9m a beleza natural contida no territ\u00f3rio atrai turistas de todas as partes do mundo. Para quem se depara com as fotografias on-line, o local parece ter sido criado digitalmente, atrav\u00e9s do uso de filtros, por exemplo, por\u00e9m a colora\u00e7\u00e3o da lagoa \u00e9 simplesmente fruto do seu <a href=\"https:\/\/aventurasnahistoria.uol.com.br\/noticias\/historia-hoje\/vazamento--oleo-no-mar-negro-ameaca-ecossistema-russo.phtml\" rel=\"noreferrer noopener\" target=\"_blank\">ecossistema<\/a>.\u00a0<\/p>\n\n\n\n<figure class=\"wp-block-image size-large\"><img loading=\"lazy\" decoding=\"async\" width=\"1000\" height=\"562\" src=\"https:\/\/jornalfatosenoticias.com.br\/wp-content\/uploads\/2021\/12\/LAGOA-COLORIDA_2.jpg\" alt=\"\" class=\"wp-image-26315\" srcset=\"https:\/\/jornalfatosenoticias.com.br\/wp-content\/uploads\/2021\/12\/LAGOA-COLORIDA_2.jpg 1000w, https:\/\/jornalfatosenoticias.com.br\/wp-content\/uploads\/2021\/12\/LAGOA-COLORIDA_2-300x169.jpg 300w, https:\/\/jornalfatosenoticias.com.br\/wp-content\/uploads\/2021\/12\/LAGOA-COLORIDA_2-768x432.jpg 768w\" sizes=\"auto, (max-width: 1000px) 100vw, 1000px\" \/><figcaption><em><span class=\"has-inline-color has-black-color\">Fotografia a\u00e9rea de Las Coloradas (Foto: Divulga\u00e7\u00e3o\/Instagram\/@areyzagaconsulting)<\/span><\/em><\/figcaption><\/figure>\n\n\n\n<p><strong><span class=\"has-inline-color has-black-color\">Por que acontece?<br><\/span><\/strong>Existe um n\u00famero seleto de lugares no mundo em que tem o privil\u00e9gio de possuir <a href=\"https:\/\/aventurasnahistoria.uol.com.br\/noticias\/historia-hoje\/ao-entrar-em-lago-com-proibicao-para-nadar-homem-e-atacado-por-jacare.phtml\" rel=\"noreferrer noopener\" target=\"_blank\">lagos<\/a> ou outros corpos d&#8217;\u00e1gua que trazem uma cor t\u00e3o incomum. No caso do ponto tur\u00edstico mexicano, essa apar\u00eancia diferenciada \u00e9 criada por um tipo de bact\u00e9ria que habita ambientes que tem uma elevada concentra\u00e7\u00e3o de sal, conforme repercutido por uma mat\u00e9ria de 2018 do El Pa\u00eds.<br>Embora lagoas costumem ser de \u00e1gua doce, a de Las Coloradas \u00e9 definitivamente bem salgada. Isso pois a regi\u00e3o costumava ser um local onde realizava-se a <a href=\"https:\/\/aventurasnahistoria.uol.com.br\/noticias\/reportagem\/os-times-da-mineracao-mudar-titulo.phtml\" rel=\"noreferrer noopener\" target=\"_blank\">minera\u00e7\u00e3o<\/a> do material no passado. Existem, inclusive, diversas &#8220;dunas&#8221; de sal espalhadas pelo lugar.<\/p>\n\n\n\n<figure class=\"wp-block-image size-large\"><img loading=\"lazy\" decoding=\"async\" width=\"1000\" height=\"562\" src=\"https:\/\/jornalfatosenoticias.com.br\/wp-content\/uploads\/2021\/12\/LAGOA-COLORIDA_3.jpg\" alt=\"\" class=\"wp-image-26316\" srcset=\"https:\/\/jornalfatosenoticias.com.br\/wp-content\/uploads\/2021\/12\/LAGOA-COLORIDA_3.jpg 1000w, https:\/\/jornalfatosenoticias.com.br\/wp-content\/uploads\/2021\/12\/LAGOA-COLORIDA_3-300x169.jpg 300w, https:\/\/jornalfatosenoticias.com.br\/wp-content\/uploads\/2021\/12\/LAGOA-COLORIDA_3-768x432.jpg 768w\" sizes=\"auto, (max-width: 1000px) 100vw, 1000px\" \/><figcaption><em><span class=\"has-inline-color has-black-color\">Fotografias \u00e1reas tiradas da regi\u00e3o de La Colorada (Foto: Divulga\u00e7\u00e3o\/Instagram\/@themayantrain\/@paradise.7.travels)<\/span><\/em><\/figcaption><\/figure>\n\n\n\n<p>Assim, o ecossistema local re\u00fane as condi\u00e7\u00f5es ideais para proporcionar multiplica\u00e7\u00e3o das halobact\u00e9rias. Esses micro-organismos possuem membranas de cor p\u00farpura, de forma que \u00e9 sua popula\u00e7\u00e3o inflada a respons\u00e1vel por deixar a \u00e1gua cor-de-rosa.<br>Vale mencionar que existem ainda outras lagoas nas proximidades desta. Essas \u00faltimas, por\u00e9m, n\u00e3o compartilham das \u00e1guas rosadas, possuindo, em vez disso, um tom azul cristalino. A paleta de cores pastel dessa paisagem mexicana, como \u00e9 poss\u00edvel imaginar, faz um grande sucesso no Instagram. A rede social cont\u00e9m, assim, uma s\u00e9rie de fotografias de usu\u00e1rios que visitaram o cart\u00e3o postal para fazer seu pr\u00f3prio registro da lagoa surreal.<\/p>\n\n\n\n<figure class=\"wp-block-image size-large\"><img loading=\"lazy\" decoding=\"async\" width=\"1000\" height=\"562\" src=\"https:\/\/jornalfatosenoticias.com.br\/wp-content\/uploads\/2021\/12\/LAGOA-COLORIDA_4.jpg\" alt=\"\" class=\"wp-image-26317\" srcset=\"https:\/\/jornalfatosenoticias.com.br\/wp-content\/uploads\/2021\/12\/LAGOA-COLORIDA_4.jpg 1000w, https:\/\/jornalfatosenoticias.com.br\/wp-content\/uploads\/2021\/12\/LAGOA-COLORIDA_4-300x169.jpg 300w, https:\/\/jornalfatosenoticias.com.br\/wp-content\/uploads\/2021\/12\/LAGOA-COLORIDA_4-768x432.jpg 768w\" sizes=\"auto, (max-width: 1000px) 100vw, 1000px\" \/><figcaption><em><span class=\"has-inline-color has-black-color\">Outras fotografias de Las Coloradas (Foto: Divulga\u00e7\u00e3o\/Instagram\/@alehasbed\/@_estefania_herrera_broker)<\/span><\/em><\/figcaption><\/figure>\n\n\n\n<p>Outros pa\u00edses famosos por conterem um corpo d&#8217;\u00e1gua de colora\u00e7\u00e3o rosa s\u00e3o Espanha (Salinas de Torrevieja), Austr\u00e1lia (Lago Hiller, que \u00e9 provavelmente o mais popular da lista), Canad\u00e1 (Dusty Rose Lake, que a despeito de seu tom r\u00f3seo n\u00e3o possui um alto teor de sal, configurando um caso \u00fanico no mundo) e Bol\u00edvia (Laguna Rosada, que por vezes tamb\u00e9m tem uma cor mais puxada para o vermelho).<\/p>\n\n\n\n<p><em><span class=\"has-inline-color has-black-color\"><strong>Foto de capa:<\/strong> Divulga\u00e7\u00e3o\/Instagram\/@revesdumonde<\/span><\/em><\/p>\n\n\n\n<p><strong><em>Fonte: <a href=\"https:\/\/aventurasnahistoria.uol.com.br\/noticias\/reportagem\/parece-mentira-conheca-surreal-lagoa-cor-de-rosa-do-mexico.phtml\">Aventuras na Hist\u00f3ria<\/a><\/em><\/strong><\/p>\n","protected":false},"excerpt":{"rendered":"<p>O ponto tur\u00edstico possui uma beleza natural rara Na Pen\u00ednsula de Yucat\u00e1n, localizada no M\u00e9xico, existe uma lagoa salgada que parece sa\u00edda diretamente de um conto de fadas. Isso acontece, pois sua \u00e1gua, diferente do azul ou esverdeado com os quais estamos acostumados, tem uma espantosa apar\u00eancia cor-de-rosa.Las Coloradas \u00e9 uma comunidade de pescadores, por\u00e9m [&hellip;]<\/p>\n","protected":false},"author":2,"featured_media":26318,"comment_status":"open","ping_status":"open","sticky":false,"template":"","format":"standard","meta":{"footnotes":""},"categories":[746],"tags":[12667,55,2070,923,12668,156,12669],"class_list":["post-26314","post","type-post","status-publish","format-standard","has-post-thumbnail","hentry","category-turismo","tag-agua-cor-de-rosa","tag-bacterias","tag-fotografias","tag-instagram","tag-las-coloradas","tag-mexico","tag-vila-de-pescadores"],"yoast_head":"<!-- This site is optimized with the Yoast SEO plugin v26.5 - https:\/\/yoast.com\/wordpress\/plugins\/seo\/ -->\n<title>Conhe\u00e7a a surreal lagoa cor-de-rosa do M\u00e9xico - Jornal Fatos e Not\u00edcias<\/title>\n<meta name=\"robots\" content=\"index, follow, max-snippet:-1, max-image-preview:large, max-video-preview:-1\" \/>\n<link rel=\"canonical\" href=\"https:\/\/jornalfatosenoticias.com.br\/index.php\/2021\/12\/23\/conheca-a-surreal-lagoa-cor-de-rosa-do-mexico\/\" \/>\n<meta property=\"og:locale\" content=\"pt_BR\" \/>\n<meta property=\"og:type\" content=\"article\" \/>\n<meta property=\"og:title\" content=\"Conhe\u00e7a a surreal lagoa cor-de-rosa do M\u00e9xico - Jornal Fatos e Not\u00edcias\" \/>\n<meta property=\"og:description\" content=\"O ponto tur\u00edstico possui uma beleza natural rara Na Pen\u00ednsula de Yucat\u00e1n, localizada no M\u00e9xico, existe uma lagoa salgada que parece sa\u00edda diretamente de um conto de fadas. Isso acontece, pois sua \u00e1gua, diferente do azul ou esverdeado com os quais estamos acostumados, tem uma espantosa apar\u00eancia cor-de-rosa.Las Coloradas \u00e9 uma comunidade de pescadores, por\u00e9m [&hellip;]\" \/>\n<meta property=\"og:url\" content=\"https:\/\/jornalfatosenoticias.com.br\/index.php\/2021\/12\/23\/conheca-a-surreal-lagoa-cor-de-rosa-do-mexico\/\" \/>\n<meta property=\"og:site_name\" content=\"Jornal Fatos e Not\u00edcias\" \/>\n<meta property=\"article:published_time\" content=\"2021-12-23T20:26:57+00:00\" \/>\n<meta property=\"article:modified_time\" content=\"2021-12-23T20:27:00+00:00\" \/>\n<meta property=\"og:image\" content=\"https:\/\/jornalfatosenoticias.com.br\/wp-content\/uploads\/2021\/12\/LAGOA-COLORIDA_1.jpg\" \/>\n\t<meta property=\"og:image:width\" content=\"1000\" \/>\n\t<meta property=\"og:image:height\" content=\"562\" \/>\n\t<meta property=\"og:image:type\" content=\"image\/jpeg\" \/>\n<meta name=\"author\" content=\"Luzimara Fernandes\" \/>\n<meta name=\"twitter:card\" content=\"summary_large_image\" \/>\n<meta name=\"twitter:label1\" content=\"Escrito por\" \/>\n\t<meta name=\"twitter:data1\" content=\"Luzimara Fernandes\" \/>\n\t<meta name=\"twitter:label2\" content=\"Est. tempo de leitura\" \/>\n\t<meta name=\"twitter:data2\" content=\"2 minutos\" \/>\n<script type=\"application\/ld+json\" class=\"yoast-schema-graph\">{\"@context\":\"https:\/\/schema.org\",\"@graph\":[{\"@type\":\"Article\",\"@id\":\"https:\/\/jornalfatosenoticias.com.br\/index.php\/2021\/12\/23\/conheca-a-surreal-lagoa-cor-de-rosa-do-mexico\/#article\",\"isPartOf\":{\"@id\":\"https:\/\/jornalfatosenoticias.com.br\/index.php\/2021\/12\/23\/conheca-a-surreal-lagoa-cor-de-rosa-do-mexico\/\"},\"author\":{\"name\":\"Luzimara Fernandes\",\"@id\":\"https:\/\/jornalfatosenoticias.com.br\/#\/schema\/person\/d63837fa13ac8666eb9e74e0985d6f81\"},\"headline\":\"Conhe\u00e7a a surreal lagoa cor-de-rosa do M\u00e9xico\",\"datePublished\":\"2021-12-23T20:26:57+00:00\",\"dateModified\":\"2021-12-23T20:27:00+00:00\",\"mainEntityOfPage\":{\"@id\":\"https:\/\/jornalfatosenoticias.com.br\/index.php\/2021\/12\/23\/conheca-a-surreal-lagoa-cor-de-rosa-do-mexico\/\"},\"wordCount\":477,\"commentCount\":0,\"publisher\":{\"@id\":\"https:\/\/jornalfatosenoticias.com.br\/#organization\"},\"image\":{\"@id\":\"https:\/\/jornalfatosenoticias.com.br\/index.php\/2021\/12\/23\/conheca-a-surreal-lagoa-cor-de-rosa-do-mexico\/#primaryimage\"},\"thumbnailUrl\":\"https:\/\/jornalfatosenoticias.com.br\/wp-content\/uploads\/2021\/12\/LAGOA-COLORIDA_1.jpg\",\"keywords\":[\"\u00e1gua cor-de-rosa\",\"bact\u00e9rias\",\"fotografias\",\"Instagram\",\"Las Coloradas\",\"M\u00e9xico\",\"vila de pescadores\"],\"articleSection\":[\"Turismo\"],\"inLanguage\":\"pt-BR\",\"potentialAction\":[{\"@type\":\"CommentAction\",\"name\":\"Comment\",\"target\":[\"https:\/\/jornalfatosenoticias.com.br\/index.php\/2021\/12\/23\/conheca-a-surreal-lagoa-cor-de-rosa-do-mexico\/#respond\"]}]},{\"@type\":\"WebPage\",\"@id\":\"https:\/\/jornalfatosenoticias.com.br\/index.php\/2021\/12\/23\/conheca-a-surreal-lagoa-cor-de-rosa-do-mexico\/\",\"url\":\"https:\/\/jornalfatosenoticias.com.br\/index.php\/2021\/12\/23\/conheca-a-surreal-lagoa-cor-de-rosa-do-mexico\/\",\"name\":\"Conhe\u00e7a a surreal lagoa cor-de-rosa do M\u00e9xico - Jornal Fatos e Not\u00edcias\",\"isPartOf\":{\"@id\":\"https:\/\/jornalfatosenoticias.com.br\/#website\"},\"primaryImageOfPage\":{\"@id\":\"https:\/\/jornalfatosenoticias.com.br\/index.php\/2021\/12\/23\/conheca-a-surreal-lagoa-cor-de-rosa-do-mexico\/#primaryimage\"},\"image\":{\"@id\":\"https:\/\/jornalfatosenoticias.com.br\/index.php\/2021\/12\/23\/conheca-a-surreal-lagoa-cor-de-rosa-do-mexico\/#primaryimage\"},\"thumbnailUrl\":\"https:\/\/jornalfatosenoticias.com.br\/wp-content\/uploads\/2021\/12\/LAGOA-COLORIDA_1.jpg\",\"datePublished\":\"2021-12-23T20:26:57+00:00\",\"dateModified\":\"2021-12-23T20:27:00+00:00\",\"breadcrumb\":{\"@id\":\"https:\/\/jornalfatosenoticias.com.br\/index.php\/2021\/12\/23\/conheca-a-surreal-lagoa-cor-de-rosa-do-mexico\/#breadcrumb\"},\"inLanguage\":\"pt-BR\",\"potentialAction\":[{\"@type\":\"ReadAction\",\"target\":[\"https:\/\/jornalfatosenoticias.com.br\/index.php\/2021\/12\/23\/conheca-a-surreal-lagoa-cor-de-rosa-do-mexico\/\"]}]},{\"@type\":\"ImageObject\",\"inLanguage\":\"pt-BR\",\"@id\":\"https:\/\/jornalfatosenoticias.com.br\/index.php\/2021\/12\/23\/conheca-a-surreal-lagoa-cor-de-rosa-do-mexico\/#primaryimage\",\"url\":\"https:\/\/jornalfatosenoticias.com.br\/wp-content\/uploads\/2021\/12\/LAGOA-COLORIDA_1.jpg\",\"contentUrl\":\"https:\/\/jornalfatosenoticias.com.br\/wp-content\/uploads\/2021\/12\/LAGOA-COLORIDA_1.jpg\",\"width\":1000,\"height\":562},{\"@type\":\"BreadcrumbList\",\"@id\":\"https:\/\/jornalfatosenoticias.com.br\/index.php\/2021\/12\/23\/conheca-a-surreal-lagoa-cor-de-rosa-do-mexico\/#breadcrumb\",\"itemListElement\":[{\"@type\":\"ListItem\",\"position\":1,\"name\":\"In\u00edcio\",\"item\":\"https:\/\/jornalfatosenoticias.com.br\/\"},{\"@type\":\"ListItem\",\"position\":2,\"name\":\"Conhe\u00e7a a surreal lagoa cor-de-rosa do M\u00e9xico\"}]},{\"@type\":\"WebSite\",\"@id\":\"https:\/\/jornalfatosenoticias.com.br\/#website\",\"url\":\"https:\/\/jornalfatosenoticias.com.br\/\",\"name\":\"Jornal Fatos e Not\u00edcias\",\"description\":\"Not\u00edcias em geral\",\"publisher\":{\"@id\":\"https:\/\/jornalfatosenoticias.com.br\/#organization\"},\"potentialAction\":[{\"@type\":\"SearchAction\",\"target\":{\"@type\":\"EntryPoint\",\"urlTemplate\":\"https:\/\/jornalfatosenoticias.com.br\/?s={search_term_string}\"},\"query-input\":{\"@type\":\"PropertyValueSpecification\",\"valueRequired\":true,\"valueName\":\"search_term_string\"}}],\"inLanguage\":\"pt-BR\"},{\"@type\":\"Organization\",\"@id\":\"https:\/\/jornalfatosenoticias.com.br\/#organization\",\"name\":\"Jornal Fatos e Not\u00edcias\",\"url\":\"https:\/\/jornalfatosenoticias.com.br\/\",\"logo\":{\"@type\":\"ImageObject\",\"inLanguage\":\"pt-BR\",\"@id\":\"https:\/\/jornalfatosenoticias.com.br\/#\/schema\/logo\/image\/\",\"url\":\"https:\/\/jornalfatosenoticias.com.br\/wp-content\/uploads\/2020\/02\/logo120.png\",\"contentUrl\":\"https:\/\/jornalfatosenoticias.com.br\/wp-content\/uploads\/2020\/02\/logo120.png\",\"width\":1227,\"height\":120,\"caption\":\"Jornal Fatos e Not\u00edcias\"},\"image\":{\"@id\":\"https:\/\/jornalfatosenoticias.com.br\/#\/schema\/logo\/image\/\"}},{\"@type\":\"Person\",\"@id\":\"https:\/\/jornalfatosenoticias.com.br\/#\/schema\/person\/d63837fa13ac8666eb9e74e0985d6f81\",\"name\":\"Luzimara Fernandes\",\"image\":{\"@type\":\"ImageObject\",\"inLanguage\":\"pt-BR\",\"@id\":\"https:\/\/jornalfatosenoticias.com.br\/#\/schema\/person\/image\/\",\"url\":\"https:\/\/jornalfatosenoticias.com.br\/wp-content\/uploads\/2025\/05\/EU_portal.jpg\",\"contentUrl\":\"https:\/\/jornalfatosenoticias.com.br\/wp-content\/uploads\/2025\/05\/EU_portal.jpg\",\"caption\":\"Luzimara Fernandes\"},\"description\":\"Jornalista MTB 2358-ES\",\"sameAs\":[\"https:\/\/jornalfatosenoticias.com.br\"],\"url\":\"https:\/\/jornalfatosenoticias.com.br\/index.php\/author\/luzimara\/\"}]}<\/script>\n<!-- \/ Yoast SEO plugin. -->","yoast_head_json":{"title":"Conhe\u00e7a a surreal lagoa cor-de-rosa do M\u00e9xico - Jornal Fatos e Not\u00edcias","robots":{"index":"index","follow":"follow","max-snippet":"max-snippet:-1","max-image-preview":"max-image-preview:large","max-video-preview":"max-video-preview:-1"},"canonical":"https:\/\/jornalfatosenoticias.com.br\/index.php\/2021\/12\/23\/conheca-a-surreal-lagoa-cor-de-rosa-do-mexico\/","og_locale":"pt_BR","og_type":"article","og_title":"Conhe\u00e7a a surreal lagoa cor-de-rosa do M\u00e9xico - Jornal Fatos e Not\u00edcias","og_description":"O ponto tur\u00edstico possui uma beleza natural rara Na Pen\u00ednsula de Yucat\u00e1n, localizada no M\u00e9xico, existe uma lagoa salgada que parece sa\u00edda diretamente de um conto de fadas. Isso acontece, pois sua \u00e1gua, diferente do azul ou esverdeado com os quais estamos acostumados, tem uma espantosa apar\u00eancia cor-de-rosa.Las Coloradas \u00e9 uma comunidade de pescadores, por\u00e9m [&hellip;]","og_url":"https:\/\/jornalfatosenoticias.com.br\/index.php\/2021\/12\/23\/conheca-a-surreal-lagoa-cor-de-rosa-do-mexico\/","og_site_name":"Jornal Fatos e Not\u00edcias","article_published_time":"2021-12-23T20:26:57+00:00","article_modified_time":"2021-12-23T20:27:00+00:00","og_image":[{"width":1000,"height":562,"url":"https:\/\/jornalfatosenoticias.com.br\/wp-content\/uploads\/2021\/12\/LAGOA-COLORIDA_1.jpg","type":"image\/jpeg"}],"author":"Luzimara Fernandes","twitter_card":"summary_large_image","twitter_misc":{"Escrito por":"Luzimara Fernandes","Est. tempo de leitura":"2 minutos"},"schema":{"@context":"https:\/\/schema.org","@graph":[{"@type":"Article","@id":"https:\/\/jornalfatosenoticias.com.br\/index.php\/2021\/12\/23\/conheca-a-surreal-lagoa-cor-de-rosa-do-mexico\/#article","isPartOf":{"@id":"https:\/\/jornalfatosenoticias.com.br\/index.php\/2021\/12\/23\/conheca-a-surreal-lagoa-cor-de-rosa-do-mexico\/"},"author":{"name":"Luzimara Fernandes","@id":"https:\/\/jornalfatosenoticias.com.br\/#\/schema\/person\/d63837fa13ac8666eb9e74e0985d6f81"},"headline":"Conhe\u00e7a a surreal lagoa cor-de-rosa do M\u00e9xico","datePublished":"2021-12-23T20:26:57+00:00","dateModified":"2021-12-23T20:27:00+00:00","mainEntityOfPage":{"@id":"https:\/\/jornalfatosenoticias.com.br\/index.php\/2021\/12\/23\/conheca-a-surreal-lagoa-cor-de-rosa-do-mexico\/"},"wordCount":477,"commentCount":0,"publisher":{"@id":"https:\/\/jornalfatosenoticias.com.br\/#organization"},"image":{"@id":"https:\/\/jornalfatosenoticias.com.br\/index.php\/2021\/12\/23\/conheca-a-surreal-lagoa-cor-de-rosa-do-mexico\/#primaryimage"},"thumbnailUrl":"https:\/\/jornalfatosenoticias.com.br\/wp-content\/uploads\/2021\/12\/LAGOA-COLORIDA_1.jpg","keywords":["\u00e1gua cor-de-rosa","bact\u00e9rias","fotografias","Instagram","Las Coloradas","M\u00e9xico","vila de pescadores"],"articleSection":["Turismo"],"inLanguage":"pt-BR","potentialAction":[{"@type":"CommentAction","name":"Comment","target":["https:\/\/jornalfatosenoticias.com.br\/index.php\/2021\/12\/23\/conheca-a-surreal-lagoa-cor-de-rosa-do-mexico\/#respond"]}]},{"@type":"WebPage","@id":"https:\/\/jornalfatosenoticias.com.br\/index.php\/2021\/12\/23\/conheca-a-surreal-lagoa-cor-de-rosa-do-mexico\/","url":"https:\/\/jornalfatosenoticias.com.br\/index.php\/2021\/12\/23\/conheca-a-surreal-lagoa-cor-de-rosa-do-mexico\/","name":"Conhe\u00e7a a surreal lagoa cor-de-rosa do M\u00e9xico - Jornal Fatos e Not\u00edcias","isPartOf":{"@id":"https:\/\/jornalfatosenoticias.com.br\/#website"},"primaryImageOfPage":{"@id":"https:\/\/jornalfatosenoticias.com.br\/index.php\/2021\/12\/23\/conheca-a-surreal-lagoa-cor-de-rosa-do-mexico\/#primaryimage"},"image":{"@id":"https:\/\/jornalfatosenoticias.com.br\/index.php\/2021\/12\/23\/conheca-a-surreal-lagoa-cor-de-rosa-do-mexico\/#primaryimage"},"thumbnailUrl":"https:\/\/jornalfatosenoticias.com.br\/wp-content\/uploads\/2021\/12\/LAGOA-COLORIDA_1.jpg","datePublished":"2021-12-23T20:26:57+00:00","dateModified":"2021-12-23T20:27:00+00:00","breadcrumb":{"@id":"https:\/\/jornalfatosenoticias.com.br\/index.php\/2021\/12\/23\/conheca-a-surreal-lagoa-cor-de-rosa-do-mexico\/#breadcrumb"},"inLanguage":"pt-BR","potentialAction":[{"@type":"ReadAction","target":["https:\/\/jornalfatosenoticias.com.br\/index.php\/2021\/12\/23\/conheca-a-surreal-lagoa-cor-de-rosa-do-mexico\/"]}]},{"@type":"ImageObject","inLanguage":"pt-BR","@id":"https:\/\/jornalfatosenoticias.com.br\/index.php\/2021\/12\/23\/conheca-a-surreal-lagoa-cor-de-rosa-do-mexico\/#primaryimage","url":"https:\/\/jornalfatosenoticias.com.br\/wp-content\/uploads\/2021\/12\/LAGOA-COLORIDA_1.jpg","contentUrl":"https:\/\/jornalfatosenoticias.com.br\/wp-content\/uploads\/2021\/12\/LAGOA-COLORIDA_1.jpg","width":1000,"height":562},{"@type":"BreadcrumbList","@id":"https:\/\/jornalfatosenoticias.com.br\/index.php\/2021\/12\/23\/conheca-a-surreal-lagoa-cor-de-rosa-do-mexico\/#breadcrumb","itemListElement":[{"@type":"ListItem","position":1,"name":"In\u00edcio","item":"https:\/\/jornalfatosenoticias.com.br\/"},{"@type":"ListItem","position":2,"name":"Conhe\u00e7a a surreal lagoa cor-de-rosa do M\u00e9xico"}]},{"@type":"WebSite","@id":"https:\/\/jornalfatosenoticias.com.br\/#website","url":"https:\/\/jornalfatosenoticias.com.br\/","name":"Jornal Fatos e Not\u00edcias","description":"Not\u00edcias em geral","publisher":{"@id":"https:\/\/jornalfatosenoticias.com.br\/#organization"},"potentialAction":[{"@type":"SearchAction","target":{"@type":"EntryPoint","urlTemplate":"https:\/\/jornalfatosenoticias.com.br\/?s={search_term_string}"},"query-input":{"@type":"PropertyValueSpecification","valueRequired":true,"valueName":"search_term_string"}}],"inLanguage":"pt-BR"},{"@type":"Organization","@id":"https:\/\/jornalfatosenoticias.com.br\/#organization","name":"Jornal Fatos e Not\u00edcias","url":"https:\/\/jornalfatosenoticias.com.br\/","logo":{"@type":"ImageObject","inLanguage":"pt-BR","@id":"https:\/\/jornalfatosenoticias.com.br\/#\/schema\/logo\/image\/","url":"https:\/\/jornalfatosenoticias.com.br\/wp-content\/uploads\/2020\/02\/logo120.png","contentUrl":"https:\/\/jornalfatosenoticias.com.br\/wp-content\/uploads\/2020\/02\/logo120.png","width":1227,"height":120,"caption":"Jornal Fatos e Not\u00edcias"},"image":{"@id":"https:\/\/jornalfatosenoticias.com.br\/#\/schema\/logo\/image\/"}},{"@type":"Person","@id":"https:\/\/jornalfatosenoticias.com.br\/#\/schema\/person\/d63837fa13ac8666eb9e74e0985d6f81","name":"Luzimara Fernandes","image":{"@type":"ImageObject","inLanguage":"pt-BR","@id":"https:\/\/jornalfatosenoticias.com.br\/#\/schema\/person\/image\/","url":"https:\/\/jornalfatosenoticias.com.br\/wp-content\/uploads\/2025\/05\/EU_portal.jpg","contentUrl":"https:\/\/jornalfatosenoticias.com.br\/wp-content\/uploads\/2025\/05\/EU_portal.jpg","caption":"Luzimara Fernandes"},"description":"Jornalista MTB 2358-ES","sameAs":["https:\/\/jornalfatosenoticias.com.br"],"url":"https:\/\/jornalfatosenoticias.com.br\/index.php\/author\/luzimara\/"}]}},"cc_featured_image_caption":{"caption_text":"","source_text":"","source_url":""},"jetpack_featured_media_url":"https:\/\/jornalfatosenoticias.com.br\/wp-content\/uploads\/2021\/12\/LAGOA-COLORIDA_1.jpg","_links":{"self":[{"href":"https:\/\/jornalfatosenoticias.com.br\/index.php\/wp-json\/wp\/v2\/posts\/26314","targetHints":{"allow":["GET"]}}],"collection":[{"href":"https:\/\/jornalfatosenoticias.com.br\/index.php\/wp-json\/wp\/v2\/posts"}],"about":[{"href":"https:\/\/jornalfatosenoticias.com.br\/index.php\/wp-json\/wp\/v2\/types\/post"}],"author":[{"embeddable":true,"href":"https:\/\/jornalfatosenoticias.com.br\/index.php\/wp-json\/wp\/v2\/users\/2"}],"replies":[{"embeddable":true,"href":"https:\/\/jornalfatosenoticias.com.br\/index.php\/wp-json\/wp\/v2\/comments?post=26314"}],"version-history":[{"count":0,"href":"https:\/\/jornalfatosenoticias.com.br\/index.php\/wp-json\/wp\/v2\/posts\/26314\/revisions"}],"wp:featuredmedia":[{"embeddable":true,"href":"https:\/\/jornalfatosenoticias.com.br\/index.php\/wp-json\/wp\/v2\/media\/26318"}],"wp:attachment":[{"href":"https:\/\/jornalfatosenoticias.com.br\/index.php\/wp-json\/wp\/v2\/media?parent=26314"}],"wp:term":[{"taxonomy":"category","embeddable":true,"href":"https:\/\/jornalfatosenoticias.com.br\/index.php\/wp-json\/wp\/v2\/categories?post=26314"},{"taxonomy":"post_tag","embeddable":true,"href":"https:\/\/jornalfatosenoticias.com.br\/index.php\/wp-json\/wp\/v2\/tags?post=26314"}],"curies":[{"name":"wp","href":"https:\/\/api.w.org\/{rel}","templated":true}]}}