{"id":26341,"date":"2022-01-03T11:37:35","date_gmt":"2022-01-03T14:37:35","guid":{"rendered":"https:\/\/jornalfatosenoticias.com.br\/?p=26341"},"modified":"2022-01-03T11:37:41","modified_gmt":"2022-01-03T14:37:41","slug":"mercado-financeiro-preve-que-economia-vai-crescer-036-em-2022","status":"publish","type":"post","link":"https:\/\/jornalfatosenoticias.com.br\/index.php\/2022\/01\/03\/mercado-financeiro-preve-que-economia-vai-crescer-036-em-2022\/","title":{"rendered":"Mercado financeiro prev\u00ea que economia vai crescer 0,36% em 2022"},"content":{"rendered":"\n<p><em><span class=\"has-inline-color has-black-color\">Estimativa anterior era de 0,42%<\/span><\/em><\/p>\n\n\n\n<p>O mercado financeiro diminuiu novamente a previs\u00e3o para o crescimento da economia brasileira em 2022. As proje\u00e7\u00f5es constam do primeiro boletim Focus de 2022, divulgado hoje (3), em Bras\u00edlia, pelo Banco Central. O documento re\u00fane a proje\u00e7\u00e3o para os principais indicadores econ\u00f4micos do pa\u00eds e aponta para um Produto Interno Bruto (PIB) de 0,36% ante 0,42% estimado na semana passada.<br>O mercado tamb\u00e9m reduziu a previs\u00e3o do PIB &#8211; a soma de todos os bens e servi\u00e7os produzidos no pa\u00eds &#8211; para o ano de 2021, para 4,50%. Na semana anterior, a estimativa era de que o PIB ficasse em 4,51%. H\u00e1 quatro semanas, o boletim estimou um crescimento de 4,71% em 2021.<br>Para 2023 e 2024, a proje\u00e7\u00e3o do mercado financeiro se manteve est\u00e1vel na rela\u00e7\u00e3o com a semana anterior, com expans\u00e3o do PIB em 1,80% e 2%, respectivamente.<br>Para 2022, a estimativa de infla\u00e7\u00e3o ficou em 5,03%, a mesma da semana passada. Para 2021, a previs\u00e3o para o \u00cdndice Nacional de Pre\u00e7os ao Consumidor Amplo (IPCA), a infla\u00e7\u00e3o oficial do pa\u00eds, tamb\u00e9m variou para baixo, de 10,02% para 10,01%. \u00c9 a quarta redu\u00e7\u00e3o depois de 35 semanas consecutivas de alta da proje\u00e7\u00e3o. Para 2023 e 2024, as previs\u00f5es s\u00e3o de 3,41% e 3%, respectivamente.<\/p>\n\n\n\n<p><strong><span class=\"has-inline-color has-vivid-red-color\">Taxa de juros<br><\/span><\/strong>A previs\u00e3o para a taxa b\u00e1sica de juros, a Selic, ao final de 2022, ficou em 11,50% no ano, a mesma da semana anterior. Atualmente, a taxa definida pelo Comit\u00ea de Pol\u00edtica Monet\u00e1ria (Copom) est\u00e1 em 9,25% ao ano. Para a pr\u00f3xima reuni\u00e3o do \u00f3rg\u00e3o, em fevereiro, o Copom j\u00e1 sinalizou que deve elevar a Selic em mais 1,5 ponto percentual.<br>Para o fim de 2023, a estimativa \u00e9 de que a taxa b\u00e1sica caia para 8% ao ano. E para 2024, a previs\u00e3o \u00e9 de Selic em 7% ao ano. A expectativa do mercado para a cota\u00e7\u00e3o do d\u00f3lar em 2022 \u00e9 R$ 5,60, a mesma da semana anterior. Para 2023, a previs\u00e3o \u00e9 de que o d\u00f3lar fique em R$ 5,40 e, em 2024, em R$ 5,30.<\/p>\n\n\n\n<p><strong><em>Fonte: <a href=\"https:\/\/agenciabrasil.ebc.com.br\/economia\/noticia\/2022-01\/mercado-financeiro-preve-que-economia-vai-crescer-036-em-2022\">Ag\u00eancia Brasil<\/a><\/em><\/strong><\/p>\n","protected":false},"excerpt":{"rendered":"<p>Estimativa anterior era de 0,42% O mercado financeiro diminuiu novamente a previs\u00e3o para o crescimento da economia brasileira em 2022. As proje\u00e7\u00f5es constam do primeiro boletim Focus de 2022, divulgado hoje (3), em Bras\u00edlia, pelo Banco Central. O documento re\u00fane a proje\u00e7\u00e3o para os principais indicadores econ\u00f4micos do pa\u00eds e aponta para um Produto Interno [&hellip;]<\/p>\n","protected":false},"author":2,"featured_media":26342,"comment_status":"open","ping_status":"open","sticky":false,"template":"","format":"standard","meta":{"footnotes":""},"categories":[9],"tags":[489,1167,1170,9775,278,4422,12697],"class_list":["post-26341","post","type-post","status-publish","format-standard","has-post-thumbnail","hentry","category-economia","tag-banco-central","tag-boletim-focus","tag-copom","tag-dolar","tag-pib","tag-selic","tag-taxas-de-juros"],"yoast_head":"<!-- This site is optimized with the Yoast SEO plugin v26.5 - https:\/\/yoast.com\/wordpress\/plugins\/seo\/ -->\n<title>Mercado financeiro prev\u00ea que economia vai crescer 0,36% em 2022 - Jornal Fatos e Not\u00edcias<\/title>\n<meta name=\"robots\" content=\"index, follow, max-snippet:-1, max-image-preview:large, max-video-preview:-1\" \/>\n<link rel=\"canonical\" href=\"https:\/\/jornalfatosenoticias.com.br\/index.php\/2022\/01\/03\/mercado-financeiro-preve-que-economia-vai-crescer-036-em-2022\/\" \/>\n<meta property=\"og:locale\" content=\"pt_BR\" \/>\n<meta property=\"og:type\" content=\"article\" \/>\n<meta property=\"og:title\" content=\"Mercado financeiro prev\u00ea que economia vai crescer 0,36% em 2022 - Jornal Fatos e Not\u00edcias\" \/>\n<meta property=\"og:description\" content=\"Estimativa anterior era de 0,42% O mercado financeiro diminuiu novamente a previs\u00e3o para o crescimento da economia brasileira em 2022. As proje\u00e7\u00f5es constam do primeiro boletim Focus de 2022, divulgado hoje (3), em Bras\u00edlia, pelo Banco Central. O documento re\u00fane a proje\u00e7\u00e3o para os principais indicadores econ\u00f4micos do pa\u00eds e aponta para um Produto Interno [&hellip;]\" \/>\n<meta property=\"og:url\" content=\"https:\/\/jornalfatosenoticias.com.br\/index.php\/2022\/01\/03\/mercado-financeiro-preve-que-economia-vai-crescer-036-em-2022\/\" \/>\n<meta property=\"og:site_name\" content=\"Jornal Fatos e Not\u00edcias\" \/>\n<meta property=\"article:published_time\" content=\"2022-01-03T14:37:35+00:00\" \/>\n<meta property=\"article:modified_time\" content=\"2022-01-03T14:37:41+00:00\" \/>\n<meta property=\"og:image\" content=\"https:\/\/jornalfatosenoticias.com.br\/wp-content\/uploads\/2022\/01\/economia.jpg\" \/>\n\t<meta property=\"og:image:width\" content=\"1000\" \/>\n\t<meta property=\"og:image:height\" content=\"598\" \/>\n\t<meta property=\"og:image:type\" content=\"image\/jpeg\" \/>\n<meta name=\"author\" content=\"Luzimara Fernandes\" \/>\n<meta name=\"twitter:card\" content=\"summary_large_image\" \/>\n<meta name=\"twitter:label1\" content=\"Escrito por\" \/>\n\t<meta name=\"twitter:data1\" content=\"Luzimara Fernandes\" \/>\n\t<meta name=\"twitter:label2\" content=\"Est. tempo de leitura\" \/>\n\t<meta name=\"twitter:data2\" content=\"2 minutos\" \/>\n<script type=\"application\/ld+json\" class=\"yoast-schema-graph\">{\"@context\":\"https:\/\/schema.org\",\"@graph\":[{\"@type\":\"Article\",\"@id\":\"https:\/\/jornalfatosenoticias.com.br\/index.php\/2022\/01\/03\/mercado-financeiro-preve-que-economia-vai-crescer-036-em-2022\/#article\",\"isPartOf\":{\"@id\":\"https:\/\/jornalfatosenoticias.com.br\/index.php\/2022\/01\/03\/mercado-financeiro-preve-que-economia-vai-crescer-036-em-2022\/\"},\"author\":{\"name\":\"Luzimara Fernandes\",\"@id\":\"https:\/\/jornalfatosenoticias.com.br\/#\/schema\/person\/d63837fa13ac8666eb9e74e0985d6f81\"},\"headline\":\"Mercado financeiro prev\u00ea que economia vai crescer 0,36% em 2022\",\"datePublished\":\"2022-01-03T14:37:35+00:00\",\"dateModified\":\"2022-01-03T14:37:41+00:00\",\"mainEntityOfPage\":{\"@id\":\"https:\/\/jornalfatosenoticias.com.br\/index.php\/2022\/01\/03\/mercado-financeiro-preve-que-economia-vai-crescer-036-em-2022\/\"},\"wordCount\":349,\"commentCount\":0,\"publisher\":{\"@id\":\"https:\/\/jornalfatosenoticias.com.br\/#organization\"},\"image\":{\"@id\":\"https:\/\/jornalfatosenoticias.com.br\/index.php\/2022\/01\/03\/mercado-financeiro-preve-que-economia-vai-crescer-036-em-2022\/#primaryimage\"},\"thumbnailUrl\":\"https:\/\/jornalfatosenoticias.com.br\/wp-content\/uploads\/2022\/01\/economia.jpg\",\"keywords\":[\"Banco Central\",\"boletim Focus\",\"Copom\",\"d\u00f3lar\",\"PIB\",\"Selic\",\"taxas de juros\"],\"articleSection\":[\"Economia\"],\"inLanguage\":\"pt-BR\",\"potentialAction\":[{\"@type\":\"CommentAction\",\"name\":\"Comment\",\"target\":[\"https:\/\/jornalfatosenoticias.com.br\/index.php\/2022\/01\/03\/mercado-financeiro-preve-que-economia-vai-crescer-036-em-2022\/#respond\"]}]},{\"@type\":\"WebPage\",\"@id\":\"https:\/\/jornalfatosenoticias.com.br\/index.php\/2022\/01\/03\/mercado-financeiro-preve-que-economia-vai-crescer-036-em-2022\/\",\"url\":\"https:\/\/jornalfatosenoticias.com.br\/index.php\/2022\/01\/03\/mercado-financeiro-preve-que-economia-vai-crescer-036-em-2022\/\",\"name\":\"Mercado financeiro prev\u00ea que economia vai crescer 0,36% em 2022 - Jornal Fatos e Not\u00edcias\",\"isPartOf\":{\"@id\":\"https:\/\/jornalfatosenoticias.com.br\/#website\"},\"primaryImageOfPage\":{\"@id\":\"https:\/\/jornalfatosenoticias.com.br\/index.php\/2022\/01\/03\/mercado-financeiro-preve-que-economia-vai-crescer-036-em-2022\/#primaryimage\"},\"image\":{\"@id\":\"https:\/\/jornalfatosenoticias.com.br\/index.php\/2022\/01\/03\/mercado-financeiro-preve-que-economia-vai-crescer-036-em-2022\/#primaryimage\"},\"thumbnailUrl\":\"https:\/\/jornalfatosenoticias.com.br\/wp-content\/uploads\/2022\/01\/economia.jpg\",\"datePublished\":\"2022-01-03T14:37:35+00:00\",\"dateModified\":\"2022-01-03T14:37:41+00:00\",\"breadcrumb\":{\"@id\":\"https:\/\/jornalfatosenoticias.com.br\/index.php\/2022\/01\/03\/mercado-financeiro-preve-que-economia-vai-crescer-036-em-2022\/#breadcrumb\"},\"inLanguage\":\"pt-BR\",\"potentialAction\":[{\"@type\":\"ReadAction\",\"target\":[\"https:\/\/jornalfatosenoticias.com.br\/index.php\/2022\/01\/03\/mercado-financeiro-preve-que-economia-vai-crescer-036-em-2022\/\"]}]},{\"@type\":\"ImageObject\",\"inLanguage\":\"pt-BR\",\"@id\":\"https:\/\/jornalfatosenoticias.com.br\/index.php\/2022\/01\/03\/mercado-financeiro-preve-que-economia-vai-crescer-036-em-2022\/#primaryimage\",\"url\":\"https:\/\/jornalfatosenoticias.com.br\/wp-content\/uploads\/2022\/01\/economia.jpg\",\"contentUrl\":\"https:\/\/jornalfatosenoticias.com.br\/wp-content\/uploads\/2022\/01\/economia.jpg\",\"width\":1000,\"height\":598,\"caption\":\"Economia, Moeda Real,Dinheiro, Calculadora\"},{\"@type\":\"BreadcrumbList\",\"@id\":\"https:\/\/jornalfatosenoticias.com.br\/index.php\/2022\/01\/03\/mercado-financeiro-preve-que-economia-vai-crescer-036-em-2022\/#breadcrumb\",\"itemListElement\":[{\"@type\":\"ListItem\",\"position\":1,\"name\":\"In\u00edcio\",\"item\":\"https:\/\/jornalfatosenoticias.com.br\/\"},{\"@type\":\"ListItem\",\"position\":2,\"name\":\"Mercado financeiro prev\u00ea que economia vai crescer 0,36% em 2022\"}]},{\"@type\":\"WebSite\",\"@id\":\"https:\/\/jornalfatosenoticias.com.br\/#website\",\"url\":\"https:\/\/jornalfatosenoticias.com.br\/\",\"name\":\"Jornal Fatos e Not\u00edcias\",\"description\":\"Not\u00edcias em geral\",\"publisher\":{\"@id\":\"https:\/\/jornalfatosenoticias.com.br\/#organization\"},\"potentialAction\":[{\"@type\":\"SearchAction\",\"target\":{\"@type\":\"EntryPoint\",\"urlTemplate\":\"https:\/\/jornalfatosenoticias.com.br\/?s={search_term_string}\"},\"query-input\":{\"@type\":\"PropertyValueSpecification\",\"valueRequired\":true,\"valueName\":\"search_term_string\"}}],\"inLanguage\":\"pt-BR\"},{\"@type\":\"Organization\",\"@id\":\"https:\/\/jornalfatosenoticias.com.br\/#organization\",\"name\":\"Jornal Fatos e Not\u00edcias\",\"url\":\"https:\/\/jornalfatosenoticias.com.br\/\",\"logo\":{\"@type\":\"ImageObject\",\"inLanguage\":\"pt-BR\",\"@id\":\"https:\/\/jornalfatosenoticias.com.br\/#\/schema\/logo\/image\/\",\"url\":\"https:\/\/jornalfatosenoticias.com.br\/wp-content\/uploads\/2020\/02\/logo120.png\",\"contentUrl\":\"https:\/\/jornalfatosenoticias.com.br\/wp-content\/uploads\/2020\/02\/logo120.png\",\"width\":1227,\"height\":120,\"caption\":\"Jornal Fatos e Not\u00edcias\"},\"image\":{\"@id\":\"https:\/\/jornalfatosenoticias.com.br\/#\/schema\/logo\/image\/\"}},{\"@type\":\"Person\",\"@id\":\"https:\/\/jornalfatosenoticias.com.br\/#\/schema\/person\/d63837fa13ac8666eb9e74e0985d6f81\",\"name\":\"Luzimara Fernandes\",\"image\":{\"@type\":\"ImageObject\",\"inLanguage\":\"pt-BR\",\"@id\":\"https:\/\/jornalfatosenoticias.com.br\/#\/schema\/person\/image\/\",\"url\":\"https:\/\/jornalfatosenoticias.com.br\/wp-content\/uploads\/2025\/05\/EU_portal.jpg\",\"contentUrl\":\"https:\/\/jornalfatosenoticias.com.br\/wp-content\/uploads\/2025\/05\/EU_portal.jpg\",\"caption\":\"Luzimara Fernandes\"},\"description\":\"Jornalista MTB 2358-ES\",\"sameAs\":[\"https:\/\/jornalfatosenoticias.com.br\"],\"url\":\"https:\/\/jornalfatosenoticias.com.br\/index.php\/author\/luzimara\/\"}]}<\/script>\n<!-- \/ Yoast SEO plugin. -->","yoast_head_json":{"title":"Mercado financeiro prev\u00ea que economia vai crescer 0,36% em 2022 - Jornal Fatos e Not\u00edcias","robots":{"index":"index","follow":"follow","max-snippet":"max-snippet:-1","max-image-preview":"max-image-preview:large","max-video-preview":"max-video-preview:-1"},"canonical":"https:\/\/jornalfatosenoticias.com.br\/index.php\/2022\/01\/03\/mercado-financeiro-preve-que-economia-vai-crescer-036-em-2022\/","og_locale":"pt_BR","og_type":"article","og_title":"Mercado financeiro prev\u00ea que economia vai crescer 0,36% em 2022 - Jornal Fatos e Not\u00edcias","og_description":"Estimativa anterior era de 0,42% O mercado financeiro diminuiu novamente a previs\u00e3o para o crescimento da economia brasileira em 2022. As proje\u00e7\u00f5es constam do primeiro boletim Focus de 2022, divulgado hoje (3), em Bras\u00edlia, pelo Banco Central. O documento re\u00fane a proje\u00e7\u00e3o para os principais indicadores econ\u00f4micos do pa\u00eds e aponta para um Produto Interno [&hellip;]","og_url":"https:\/\/jornalfatosenoticias.com.br\/index.php\/2022\/01\/03\/mercado-financeiro-preve-que-economia-vai-crescer-036-em-2022\/","og_site_name":"Jornal Fatos e Not\u00edcias","article_published_time":"2022-01-03T14:37:35+00:00","article_modified_time":"2022-01-03T14:37:41+00:00","og_image":[{"width":1000,"height":598,"url":"https:\/\/jornalfatosenoticias.com.br\/wp-content\/uploads\/2022\/01\/economia.jpg","type":"image\/jpeg"}],"author":"Luzimara Fernandes","twitter_card":"summary_large_image","twitter_misc":{"Escrito por":"Luzimara Fernandes","Est. tempo de leitura":"2 minutos"},"schema":{"@context":"https:\/\/schema.org","@graph":[{"@type":"Article","@id":"https:\/\/jornalfatosenoticias.com.br\/index.php\/2022\/01\/03\/mercado-financeiro-preve-que-economia-vai-crescer-036-em-2022\/#article","isPartOf":{"@id":"https:\/\/jornalfatosenoticias.com.br\/index.php\/2022\/01\/03\/mercado-financeiro-preve-que-economia-vai-crescer-036-em-2022\/"},"author":{"name":"Luzimara Fernandes","@id":"https:\/\/jornalfatosenoticias.com.br\/#\/schema\/person\/d63837fa13ac8666eb9e74e0985d6f81"},"headline":"Mercado financeiro prev\u00ea que economia vai crescer 0,36% em 2022","datePublished":"2022-01-03T14:37:35+00:00","dateModified":"2022-01-03T14:37:41+00:00","mainEntityOfPage":{"@id":"https:\/\/jornalfatosenoticias.com.br\/index.php\/2022\/01\/03\/mercado-financeiro-preve-que-economia-vai-crescer-036-em-2022\/"},"wordCount":349,"commentCount":0,"publisher":{"@id":"https:\/\/jornalfatosenoticias.com.br\/#organization"},"image":{"@id":"https:\/\/jornalfatosenoticias.com.br\/index.php\/2022\/01\/03\/mercado-financeiro-preve-que-economia-vai-crescer-036-em-2022\/#primaryimage"},"thumbnailUrl":"https:\/\/jornalfatosenoticias.com.br\/wp-content\/uploads\/2022\/01\/economia.jpg","keywords":["Banco Central","boletim Focus","Copom","d\u00f3lar","PIB","Selic","taxas de juros"],"articleSection":["Economia"],"inLanguage":"pt-BR","potentialAction":[{"@type":"CommentAction","name":"Comment","target":["https:\/\/jornalfatosenoticias.com.br\/index.php\/2022\/01\/03\/mercado-financeiro-preve-que-economia-vai-crescer-036-em-2022\/#respond"]}]},{"@type":"WebPage","@id":"https:\/\/jornalfatosenoticias.com.br\/index.php\/2022\/01\/03\/mercado-financeiro-preve-que-economia-vai-crescer-036-em-2022\/","url":"https:\/\/jornalfatosenoticias.com.br\/index.php\/2022\/01\/03\/mercado-financeiro-preve-que-economia-vai-crescer-036-em-2022\/","name":"Mercado financeiro prev\u00ea que economia vai crescer 0,36% em 2022 - Jornal Fatos e Not\u00edcias","isPartOf":{"@id":"https:\/\/jornalfatosenoticias.com.br\/#website"},"primaryImageOfPage":{"@id":"https:\/\/jornalfatosenoticias.com.br\/index.php\/2022\/01\/03\/mercado-financeiro-preve-que-economia-vai-crescer-036-em-2022\/#primaryimage"},"image":{"@id":"https:\/\/jornalfatosenoticias.com.br\/index.php\/2022\/01\/03\/mercado-financeiro-preve-que-economia-vai-crescer-036-em-2022\/#primaryimage"},"thumbnailUrl":"https:\/\/jornalfatosenoticias.com.br\/wp-content\/uploads\/2022\/01\/economia.jpg","datePublished":"2022-01-03T14:37:35+00:00","dateModified":"2022-01-03T14:37:41+00:00","breadcrumb":{"@id":"https:\/\/jornalfatosenoticias.com.br\/index.php\/2022\/01\/03\/mercado-financeiro-preve-que-economia-vai-crescer-036-em-2022\/#breadcrumb"},"inLanguage":"pt-BR","potentialAction":[{"@type":"ReadAction","target":["https:\/\/jornalfatosenoticias.com.br\/index.php\/2022\/01\/03\/mercado-financeiro-preve-que-economia-vai-crescer-036-em-2022\/"]}]},{"@type":"ImageObject","inLanguage":"pt-BR","@id":"https:\/\/jornalfatosenoticias.com.br\/index.php\/2022\/01\/03\/mercado-financeiro-preve-que-economia-vai-crescer-036-em-2022\/#primaryimage","url":"https:\/\/jornalfatosenoticias.com.br\/wp-content\/uploads\/2022\/01\/economia.jpg","contentUrl":"https:\/\/jornalfatosenoticias.com.br\/wp-content\/uploads\/2022\/01\/economia.jpg","width":1000,"height":598,"caption":"Economia, Moeda Real,Dinheiro, Calculadora"},{"@type":"BreadcrumbList","@id":"https:\/\/jornalfatosenoticias.com.br\/index.php\/2022\/01\/03\/mercado-financeiro-preve-que-economia-vai-crescer-036-em-2022\/#breadcrumb","itemListElement":[{"@type":"ListItem","position":1,"name":"In\u00edcio","item":"https:\/\/jornalfatosenoticias.com.br\/"},{"@type":"ListItem","position":2,"name":"Mercado financeiro prev\u00ea que economia vai crescer 0,36% em 2022"}]},{"@type":"WebSite","@id":"https:\/\/jornalfatosenoticias.com.br\/#website","url":"https:\/\/jornalfatosenoticias.com.br\/","name":"Jornal Fatos e Not\u00edcias","description":"Not\u00edcias em geral","publisher":{"@id":"https:\/\/jornalfatosenoticias.com.br\/#organization"},"potentialAction":[{"@type":"SearchAction","target":{"@type":"EntryPoint","urlTemplate":"https:\/\/jornalfatosenoticias.com.br\/?s={search_term_string}"},"query-input":{"@type":"PropertyValueSpecification","valueRequired":true,"valueName":"search_term_string"}}],"inLanguage":"pt-BR"},{"@type":"Organization","@id":"https:\/\/jornalfatosenoticias.com.br\/#organization","name":"Jornal Fatos e Not\u00edcias","url":"https:\/\/jornalfatosenoticias.com.br\/","logo":{"@type":"ImageObject","inLanguage":"pt-BR","@id":"https:\/\/jornalfatosenoticias.com.br\/#\/schema\/logo\/image\/","url":"https:\/\/jornalfatosenoticias.com.br\/wp-content\/uploads\/2020\/02\/logo120.png","contentUrl":"https:\/\/jornalfatosenoticias.com.br\/wp-content\/uploads\/2020\/02\/logo120.png","width":1227,"height":120,"caption":"Jornal Fatos e Not\u00edcias"},"image":{"@id":"https:\/\/jornalfatosenoticias.com.br\/#\/schema\/logo\/image\/"}},{"@type":"Person","@id":"https:\/\/jornalfatosenoticias.com.br\/#\/schema\/person\/d63837fa13ac8666eb9e74e0985d6f81","name":"Luzimara Fernandes","image":{"@type":"ImageObject","inLanguage":"pt-BR","@id":"https:\/\/jornalfatosenoticias.com.br\/#\/schema\/person\/image\/","url":"https:\/\/jornalfatosenoticias.com.br\/wp-content\/uploads\/2025\/05\/EU_portal.jpg","contentUrl":"https:\/\/jornalfatosenoticias.com.br\/wp-content\/uploads\/2025\/05\/EU_portal.jpg","caption":"Luzimara Fernandes"},"description":"Jornalista MTB 2358-ES","sameAs":["https:\/\/jornalfatosenoticias.com.br"],"url":"https:\/\/jornalfatosenoticias.com.br\/index.php\/author\/luzimara\/"}]}},"cc_featured_image_caption":{"caption_text":"(Foto: Marcello Casal Jr\/Ag\u00eancia Brasil)","source_text":"","source_url":""},"jetpack_featured_media_url":"https:\/\/jornalfatosenoticias.com.br\/wp-content\/uploads\/2022\/01\/economia.jpg","_links":{"self":[{"href":"https:\/\/jornalfatosenoticias.com.br\/index.php\/wp-json\/wp\/v2\/posts\/26341","targetHints":{"allow":["GET"]}}],"collection":[{"href":"https:\/\/jornalfatosenoticias.com.br\/index.php\/wp-json\/wp\/v2\/posts"}],"about":[{"href":"https:\/\/jornalfatosenoticias.com.br\/index.php\/wp-json\/wp\/v2\/types\/post"}],"author":[{"embeddable":true,"href":"https:\/\/jornalfatosenoticias.com.br\/index.php\/wp-json\/wp\/v2\/users\/2"}],"replies":[{"embeddable":true,"href":"https:\/\/jornalfatosenoticias.com.br\/index.php\/wp-json\/wp\/v2\/comments?post=26341"}],"version-history":[{"count":0,"href":"https:\/\/jornalfatosenoticias.com.br\/index.php\/wp-json\/wp\/v2\/posts\/26341\/revisions"}],"wp:featuredmedia":[{"embeddable":true,"href":"https:\/\/jornalfatosenoticias.com.br\/index.php\/wp-json\/wp\/v2\/media\/26342"}],"wp:attachment":[{"href":"https:\/\/jornalfatosenoticias.com.br\/index.php\/wp-json\/wp\/v2\/media?parent=26341"}],"wp:term":[{"taxonomy":"category","embeddable":true,"href":"https:\/\/jornalfatosenoticias.com.br\/index.php\/wp-json\/wp\/v2\/categories?post=26341"},{"taxonomy":"post_tag","embeddable":true,"href":"https:\/\/jornalfatosenoticias.com.br\/index.php\/wp-json\/wp\/v2\/tags?post=26341"}],"curies":[{"name":"wp","href":"https:\/\/api.w.org\/{rel}","templated":true}]}}