{"id":26400,"date":"2022-01-04T13:13:43","date_gmt":"2022-01-04T16:13:43","guid":{"rendered":"https:\/\/jornalfatosenoticias.com.br\/?p=26400"},"modified":"2022-01-04T13:13:44","modified_gmt":"2022-01-04T16:13:44","slug":"reserva-na-mata-atlantica-lanca-programa-de-turismo-cientifico","status":"publish","type":"post","link":"https:\/\/jornalfatosenoticias.com.br\/index.php\/2022\/01\/04\/reserva-na-mata-atlantica-lanca-programa-de-turismo-cientifico\/","title":{"rendered":"Reserva na Mata Atl\u00e2ntica lan\u00e7a programa de turismo cient\u00edfico"},"content":{"rendered":"\n<p><em><span class=\"has-inline-color has-black-color\">Ecoturista usufrui de estrutura completa em meio a floresta e participa de cursos, oficinas, palestras<\/span><\/em><\/p>\n\n\n\n<p>O Legado das \u00c1guas \u2014 maior reserva privada de Mata Atl\u00e2ntica do Pa\u00eds \u2014 acaba de lan\u00e7ar o Programa de Turismo Cient\u00edfico. A iniciativa tem como objetivos fomentar projetos de pesquisa cient\u00edfica de longo prazo na Reserva por meio da diversifica\u00e7\u00e3o de fonte de capta\u00e7\u00e3o de recursos e, ao mesmo tempo, criar um canal de divulga\u00e7\u00e3o da ci\u00eancia por meio da imers\u00e3o do ecoturista, que usufrui da estrutura completa da Reserva em meio a floresta e participa de cursos, oficinas, palestras e demais atividades de estudo e educa\u00e7\u00e3o sobre o bioma.<br>Nos \u00faltimos anos, o Legado das \u00c1guas se tornou um dos principais destinos de ecoturismo na Mata Atl\u00e2ntica e, agora, a Reserva almeja o mesmo resultado para o turismo cient\u00edfico. De acordo com Daniela Gerdenits, coordenadora de Parcerias e Responsabilidade Social do Legado das \u00c1guas, o programa atende a duas crescentes demandas: a por diferentes fontes de recursos para viabilizar pesquisas cient\u00edficas a longo prazo, e a por \u00e1reas naturais preservadas que possam oferecer estrutura e seguran\u00e7a para a realiza\u00e7\u00e3o de turismo cient\u00edfico.<br>\u201cPara garantir a continuidade das pesquisas cient\u00edficas \u2014 que no Brasil encontram um grande desafio de investimento \u2014 \u00e9 necess\u00e1rio buscar modelos economicamente vi\u00e1veis, com diferentes fontes de capta\u00e7\u00e3o de recurso. Dificilmente uma iniciativa privada consegue financiar uma pesquisa sozinha a longo prazo. Mas em parceria \u00e9 poss\u00edvel somar os esfor\u00e7os. O Legado tem toda a estrutura necess\u00e1ria para fomentar o turismo cient\u00edfico em uma floresta em alto grau de conserva\u00e7\u00e3o, que soma algumas das descobertas mais relevantes do bioma dos \u00faltimos 10 anos. Por isso, no programa, unimos demandas e oportunidades, apresentando aos pesquisadores parceiros um novo modelo de neg\u00f3cio, e ao p\u00fablico em geral uma oportunidade de se aproximar da ci\u00eancia da floresta\u201d, explica a coordenadora.<\/p>\n\n\n\n<figure class=\"wp-block-image size-large\"><img loading=\"lazy\" decoding=\"async\" width=\"1000\" height=\"681\" src=\"https:\/\/jornalfatosenoticias.com.br\/wp-content\/uploads\/2022\/01\/turismo-cientifico-2.jpg\" alt=\"\" class=\"wp-image-26401\" srcset=\"https:\/\/jornalfatosenoticias.com.br\/wp-content\/uploads\/2022\/01\/turismo-cientifico-2.jpg 1000w, https:\/\/jornalfatosenoticias.com.br\/wp-content\/uploads\/2022\/01\/turismo-cientifico-2-300x204.jpg 300w, https:\/\/jornalfatosenoticias.com.br\/wp-content\/uploads\/2022\/01\/turismo-cientifico-2-768x523.jpg 768w\" sizes=\"auto, (max-width: 1000px) 100vw, 1000px\" \/><figcaption><em><span class=\"has-inline-color has-black-color\">(Foto: Reprodu\u00e7\u00e3o CicloVivo)<\/span><\/em><\/figcaption><\/figure>\n\n\n\n<p><strong><span class=\"has-inline-color has-vivid-green-cyan-color\">Como funciona<br><\/span><\/strong>De acordo com Gabriel Gade Mesquita, analista de pesquisa do Legado das \u00c1guas e respons\u00e1vel pelo Programa de Turismo Cient\u00edfico, a Reserva oferecer\u00e1 a sua estrutura para que os cientistas parceiros do Legado possam realizar cursos, oficinas, palestras, workshops e outras atividades de campo.<br>Mesquita explica que para os ecoturista e pesquisadores, a vantagem est\u00e1 na experi\u00eancia de imers\u00e3o na floresta com conforto e seguran\u00e7a.<\/p>\n\n\n\n<blockquote class=\"wp-block-quote is-layout-flow wp-block-quote-is-layout-flow\"><p><span class=\"has-inline-color has-luminous-vivid-orange-color\">\u201cNa Reserva, temos pousada, restaurante, audit\u00f3rio climatizado, estacionamento, \u00e1rea de camping e outras estruturas f\u00edsicas. Infelizmente, no Brasil, h\u00e1 pouqu\u00edssimas \u00e1reas naturais em que \u00e9 poss\u00edvel fazer atividades de campo, atividades te\u00f3ricas, e no final do dia contar com o conforto e seguran\u00e7a que temos no Legado\u201d, descreve o analista.<\/span><\/p><\/blockquote>\n\n\n\n<p>Outra vantagem aos pesquisadores est\u00e1 nos modelos de repasse de receita de bilheteria. \u201cTemos diversas op\u00e7\u00f5es. Em uma delas, toda a receita obtida pela venda dos ingressos pode ser investida no projeto de pesquisa e, como forma de incentivo e apoio, o Legado das \u00c1guas dobra o valor, investindo R$ 1 a mais para cada R$ 1 obtido com a venda dos ingressos. \u00c9 uma forma que encontramos de diversificar a fonte de capta\u00e7\u00e3o de recursos, dando continuidade \u00e0 pesquisa ou at\u00e9 mesmo ampliando\u201d, conclui.<\/p>\n\n\n\n<div class=\"wp-block-jetpack-tiled-gallery aligncenter is-style-columns\"><div class=\"tiled-gallery__gallery\"><div class=\"tiled-gallery__row\"><div class=\"tiled-gallery__col\" style=\"flex-basis:24.94711610073819%\"><figure class=\"tiled-gallery__item\"><img decoding=\"async\" alt=\"\" data-height=\"535\" data-id=\"26403\" data-link=\"https:\/\/jornalfatosenoticias.com.br\/?attachment_id=26403\" data-url=\"https:\/\/jornalfatosenoticias.com.br\/wp-content\/uploads\/2022\/01\/turismo-cientifico-3-1.jpg\" data-width=\"532\" src=\"https:\/\/i1.wp.com\/jornalfatosenoticias.com.br\/wp-content\/uploads\/2022\/01\/turismo-cientifico-3-1.jpg?ssl=1\" layout=\"responsive\"\/><\/figure><\/div><div class=\"tiled-gallery__col\" style=\"flex-basis:37.5699567481632%\"><figure class=\"tiled-gallery__item\"><img decoding=\"async\" alt=\"\" data-height=\"426\" data-id=\"26404\" data-link=\"https:\/\/jornalfatosenoticias.com.br\/?attachment_id=26404\" data-url=\"https:\/\/jornalfatosenoticias.com.br\/wp-content\/uploads\/2022\/01\/turismo-cientifico-4.jpg\" data-width=\"640\" src=\"https:\/\/i2.wp.com\/jornalfatosenoticias.com.br\/wp-content\/uploads\/2022\/01\/turismo-cientifico-4.jpg?ssl=1\" layout=\"responsive\"\/><\/figure><\/div><div class=\"tiled-gallery__col\" style=\"flex-basis:37.48292715109863%\"><figure class=\"tiled-gallery__item\"><img decoding=\"async\" alt=\"\" data-height=\"433\" data-id=\"26405\" data-link=\"https:\/\/jornalfatosenoticias.com.br\/?attachment_id=26405\" data-url=\"https:\/\/jornalfatosenoticias.com.br\/wp-content\/uploads\/2022\/01\/turismo-cientifico-5.jpg\" data-width=\"649\" src=\"https:\/\/i0.wp.com\/jornalfatosenoticias.com.br\/wp-content\/uploads\/2022\/01\/turismo-cientifico-5.jpg?ssl=1\" layout=\"responsive\"\/><\/figure><\/div><\/div><\/div><\/div>\n\n\n\n<p><em><span class=\"has-inline-color has-black-color\">(Fotos: Reprodu\u00e7\u00e3o CicloVivo)<\/span><\/em><\/p>\n\n\n\n<p>Para o Legado das \u00c1guas e para a Mata Atl\u00e2ntica o benef\u00edcio est\u00e1 na gera\u00e7\u00e3o de valor compartilhado. \u201cOs primeiros investimentos em pesquisas cient\u00edficas na Reserva foram para fazer o levantamento da fauna e flora da floresta. Fomos muito surpreendidos com as descobertas, que confirmaram as nossas suspeitas mais otimistas sobre a riqueza da biodiversidade no local. Essas descobertas nos colocaram em um grid mundial e conseguimos transformar alguns desses resultados em neg\u00f3cios que geram receita para continuar conservando a floresta. Ao mesmo tempo, todos esses resultados ampliaram o conhecimento compartilhado sobre a floresta, trazendo benef\u00edcios para toda a sociedade que depende da Mata Atl\u00e2ntica\u201d, finaliza David Canassa, diretor da Reservas Votorantim, gestora do Legado das \u00c1guas.<\/p>\n\n\n\n<h4 class=\"wp-block-heading\"><span class=\"has-inline-color has-vivid-green-cyan-color\">Agenda 2022<\/span><\/h4>\n\n\n\n<figure class=\"wp-block-image size-large\"><img loading=\"lazy\" decoding=\"async\" width=\"750\" height=\"1000\" src=\"https:\/\/jornalfatosenoticias.com.br\/wp-content\/uploads\/2022\/01\/turismo-cientifico-6.jpg\" alt=\"\" class=\"wp-image-26406\" srcset=\"https:\/\/jornalfatosenoticias.com.br\/wp-content\/uploads\/2022\/01\/turismo-cientifico-6.jpg 750w, https:\/\/jornalfatosenoticias.com.br\/wp-content\/uploads\/2022\/01\/turismo-cientifico-6-225x300.jpg 225w\" sizes=\"auto, (max-width: 750px) 100vw, 750px\" \/><figcaption><em><span class=\"has-inline-color has-black-color\">(Foto: Reprodu\u00e7\u00e3o CicloVivo)<\/span><\/em><\/figcaption><\/figure>\n\n\n\n<p>J\u00e1 h\u00e1 um curso pr\u00e9-agendado para abril, de reconhecimento de borboletas da Mata Atl\u00e2ntica, que ser\u00e1 ministrado pela Dra. Laura Braga. A pesquisadora foi respons\u00e1vel pelo levantamento de esp\u00e9cies de borboletas no Legado de 2016 a 2019, tendo como principais resultados o registro de 322 esp\u00e9cies, duas delas raras, a <em>Godartiana byses,<\/em> que jamais havia sido registrada no Estado de S\u00e3o Paulo, e a <em>Prepona deiphile deiphile,<\/em> que foi vista apenas duas vezes no Estado.<br>O in\u00edcio da venda dos ingressos ser\u00e1 informado por meio das redes sociais do Legado das \u00c1guas, <a href=\"https:\/\/enviosimprensa.com\/link.php?code=bDpodHRwcyUzQSUyRiUyRnd3dy5mYWNlYm9vay5jb20uYnIlMkZsZWdhZG9kYXNhZ3Vhczo3NjczNzAwMjY6bWFyY2lhQGNpY2xvdml2by5jb20uYnI6YTI4YjQ1\" target=\"_blank\" rel=\"noreferrer noopener\">Facebook\u00a0<\/a>e\u00a0<a href=\"https:\/\/enviosimprensa.com\/link.php?code=bDpodHRwcyUzQSUyRiUyRiU0MGxlZ2Fkb2Rhc2FndWFzOjc2NzM3MDAyNjptYXJjaWFAY2ljbG92aXZvLmNvbS5icjoyMWMxOTE=\" target=\"_blank\" rel=\"noreferrer noopener\">Instagram,<\/a>\u00a0e pelo\u00a0<a href=\"https:\/\/enviosimprensa.com\/link.php?code=bDpodHRwcyUzQSUyRiUyRnd3dy5sZWdhZG9kYXNhZ3Vhcy5jb20uYnI6NzY3MzcwMDI2Om1hcmNpYUBjaWNsb3Zpdm8uY29tLmJyOmY4MzZmNA==\" target=\"_blank\" rel=\"noreferrer noopener\">site.<\/a><\/p>\n\n\n\n<p><strong><em>Fonte: <a href=\"https:\/\/ciclovivo.com.br\/fique-ligado\/oportunidades\/reserva-na-mata-atlantica-lanca-programa-de-turismo-cientifico\/\">CicloVivo<\/a><\/em><\/strong><\/p>\n","protected":false},"excerpt":{"rendered":"<p>Ecoturista usufrui de estrutura completa em meio a floresta e participa de cursos, oficinas, palestras O Legado das \u00c1guas \u2014 maior reserva privada de Mata Atl\u00e2ntica do Pa\u00eds \u2014 acaba de lan\u00e7ar o Programa de Turismo Cient\u00edfico. A iniciativa tem como objetivos fomentar projetos de pesquisa cient\u00edfica de longo prazo na Reserva por meio da [&hellip;]<\/p>\n","protected":false},"author":2,"featured_media":26407,"comment_status":"open","ping_status":"open","sticky":false,"template":"","format":"standard","meta":{"footnotes":""},"categories":[8,746],"tags":[6944,2857,258,5051,12720],"class_list":["post-26400","post","type-post","status-publish","format-standard","has-post-thumbnail","hentry","category-meio-ambiente","category-turismo","tag-ecoturismo","tag-legado-das-aguas","tag-mata-atlantica","tag-reserva-natural","tag-turismo-cientifico"],"yoast_head":"<!-- This site is optimized with the Yoast SEO plugin v26.5 - https:\/\/yoast.com\/wordpress\/plugins\/seo\/ -->\n<title>Reserva na Mata Atl\u00e2ntica lan\u00e7a programa de turismo cient\u00edfico - Jornal Fatos e Not\u00edcias<\/title>\n<meta name=\"robots\" content=\"index, follow, max-snippet:-1, max-image-preview:large, max-video-preview:-1\" \/>\n<link rel=\"canonical\" href=\"https:\/\/jornalfatosenoticias.com.br\/index.php\/2022\/01\/04\/reserva-na-mata-atlantica-lanca-programa-de-turismo-cientifico\/\" \/>\n<meta property=\"og:locale\" content=\"pt_BR\" \/>\n<meta property=\"og:type\" content=\"article\" \/>\n<meta property=\"og:title\" content=\"Reserva na Mata Atl\u00e2ntica lan\u00e7a programa de turismo cient\u00edfico - Jornal Fatos e Not\u00edcias\" \/>\n<meta property=\"og:description\" content=\"Ecoturista usufrui de estrutura completa em meio a floresta e participa de cursos, oficinas, palestras O Legado das \u00c1guas \u2014 maior reserva privada de Mata Atl\u00e2ntica do Pa\u00eds \u2014 acaba de lan\u00e7ar o Programa de Turismo Cient\u00edfico. A iniciativa tem como objetivos fomentar projetos de pesquisa cient\u00edfica de longo prazo na Reserva por meio da [&hellip;]\" \/>\n<meta property=\"og:url\" content=\"https:\/\/jornalfatosenoticias.com.br\/index.php\/2022\/01\/04\/reserva-na-mata-atlantica-lanca-programa-de-turismo-cientifico\/\" \/>\n<meta property=\"og:site_name\" content=\"Jornal Fatos e Not\u00edcias\" \/>\n<meta property=\"article:published_time\" content=\"2022-01-04T16:13:43+00:00\" \/>\n<meta property=\"article:modified_time\" content=\"2022-01-04T16:13:44+00:00\" \/>\n<meta property=\"og:image\" content=\"https:\/\/jornalfatosenoticias.com.br\/wp-content\/uploads\/2022\/01\/turismo-cientifico-1.jpg\" \/>\n\t<meta property=\"og:image:width\" content=\"1000\" \/>\n\t<meta property=\"og:image:height\" content=\"667\" \/>\n\t<meta property=\"og:image:type\" content=\"image\/jpeg\" \/>\n<meta name=\"author\" content=\"Luzimara Fernandes\" \/>\n<meta name=\"twitter:card\" content=\"summary_large_image\" \/>\n<meta name=\"twitter:label1\" content=\"Escrito por\" \/>\n\t<meta name=\"twitter:data1\" content=\"Luzimara Fernandes\" \/>\n\t<meta name=\"twitter:label2\" content=\"Est. tempo de leitura\" \/>\n\t<meta name=\"twitter:data2\" content=\"4 minutos\" \/>\n<script type=\"application\/ld+json\" class=\"yoast-schema-graph\">{\"@context\":\"https:\/\/schema.org\",\"@graph\":[{\"@type\":\"Article\",\"@id\":\"https:\/\/jornalfatosenoticias.com.br\/index.php\/2022\/01\/04\/reserva-na-mata-atlantica-lanca-programa-de-turismo-cientifico\/#article\",\"isPartOf\":{\"@id\":\"https:\/\/jornalfatosenoticias.com.br\/index.php\/2022\/01\/04\/reserva-na-mata-atlantica-lanca-programa-de-turismo-cientifico\/\"},\"author\":{\"name\":\"Luzimara Fernandes\",\"@id\":\"https:\/\/jornalfatosenoticias.com.br\/#\/schema\/person\/d63837fa13ac8666eb9e74e0985d6f81\"},\"headline\":\"Reserva na Mata Atl\u00e2ntica lan\u00e7a programa de turismo cient\u00edfico\",\"datePublished\":\"2022-01-04T16:13:43+00:00\",\"dateModified\":\"2022-01-04T16:13:44+00:00\",\"mainEntityOfPage\":{\"@id\":\"https:\/\/jornalfatosenoticias.com.br\/index.php\/2022\/01\/04\/reserva-na-mata-atlantica-lanca-programa-de-turismo-cientifico\/\"},\"wordCount\":792,\"commentCount\":0,\"publisher\":{\"@id\":\"https:\/\/jornalfatosenoticias.com.br\/#organization\"},\"image\":{\"@id\":\"https:\/\/jornalfatosenoticias.com.br\/index.php\/2022\/01\/04\/reserva-na-mata-atlantica-lanca-programa-de-turismo-cientifico\/#primaryimage\"},\"thumbnailUrl\":\"https:\/\/jornalfatosenoticias.com.br\/wp-content\/uploads\/2022\/01\/turismo-cientifico-1.jpg\",\"keywords\":[\"ecoturismo\",\"Legado das \u00c1guas\",\"mata atl\u00e2ntica\",\"reserva natural\",\"turismo cient\u00edfico\"],\"articleSection\":[\"Meio ambiente\",\"Turismo\"],\"inLanguage\":\"pt-BR\",\"potentialAction\":[{\"@type\":\"CommentAction\",\"name\":\"Comment\",\"target\":[\"https:\/\/jornalfatosenoticias.com.br\/index.php\/2022\/01\/04\/reserva-na-mata-atlantica-lanca-programa-de-turismo-cientifico\/#respond\"]}]},{\"@type\":\"WebPage\",\"@id\":\"https:\/\/jornalfatosenoticias.com.br\/index.php\/2022\/01\/04\/reserva-na-mata-atlantica-lanca-programa-de-turismo-cientifico\/\",\"url\":\"https:\/\/jornalfatosenoticias.com.br\/index.php\/2022\/01\/04\/reserva-na-mata-atlantica-lanca-programa-de-turismo-cientifico\/\",\"name\":\"Reserva na Mata Atl\u00e2ntica lan\u00e7a programa de turismo cient\u00edfico - Jornal Fatos e Not\u00edcias\",\"isPartOf\":{\"@id\":\"https:\/\/jornalfatosenoticias.com.br\/#website\"},\"primaryImageOfPage\":{\"@id\":\"https:\/\/jornalfatosenoticias.com.br\/index.php\/2022\/01\/04\/reserva-na-mata-atlantica-lanca-programa-de-turismo-cientifico\/#primaryimage\"},\"image\":{\"@id\":\"https:\/\/jornalfatosenoticias.com.br\/index.php\/2022\/01\/04\/reserva-na-mata-atlantica-lanca-programa-de-turismo-cientifico\/#primaryimage\"},\"thumbnailUrl\":\"https:\/\/jornalfatosenoticias.com.br\/wp-content\/uploads\/2022\/01\/turismo-cientifico-1.jpg\",\"datePublished\":\"2022-01-04T16:13:43+00:00\",\"dateModified\":\"2022-01-04T16:13:44+00:00\",\"breadcrumb\":{\"@id\":\"https:\/\/jornalfatosenoticias.com.br\/index.php\/2022\/01\/04\/reserva-na-mata-atlantica-lanca-programa-de-turismo-cientifico\/#breadcrumb\"},\"inLanguage\":\"pt-BR\",\"potentialAction\":[{\"@type\":\"ReadAction\",\"target\":[\"https:\/\/jornalfatosenoticias.com.br\/index.php\/2022\/01\/04\/reserva-na-mata-atlantica-lanca-programa-de-turismo-cientifico\/\"]}]},{\"@type\":\"ImageObject\",\"inLanguage\":\"pt-BR\",\"@id\":\"https:\/\/jornalfatosenoticias.com.br\/index.php\/2022\/01\/04\/reserva-na-mata-atlantica-lanca-programa-de-turismo-cientifico\/#primaryimage\",\"url\":\"https:\/\/jornalfatosenoticias.com.br\/wp-content\/uploads\/2022\/01\/turismo-cientifico-1.jpg\",\"contentUrl\":\"https:\/\/jornalfatosenoticias.com.br\/wp-content\/uploads\/2022\/01\/turismo-cientifico-1.jpg\",\"width\":1000,\"height\":667},{\"@type\":\"BreadcrumbList\",\"@id\":\"https:\/\/jornalfatosenoticias.com.br\/index.php\/2022\/01\/04\/reserva-na-mata-atlantica-lanca-programa-de-turismo-cientifico\/#breadcrumb\",\"itemListElement\":[{\"@type\":\"ListItem\",\"position\":1,\"name\":\"In\u00edcio\",\"item\":\"https:\/\/jornalfatosenoticias.com.br\/\"},{\"@type\":\"ListItem\",\"position\":2,\"name\":\"Reserva na Mata Atl\u00e2ntica lan\u00e7a programa de turismo cient\u00edfico\"}]},{\"@type\":\"WebSite\",\"@id\":\"https:\/\/jornalfatosenoticias.com.br\/#website\",\"url\":\"https:\/\/jornalfatosenoticias.com.br\/\",\"name\":\"Jornal Fatos e Not\u00edcias\",\"description\":\"Not\u00edcias em geral\",\"publisher\":{\"@id\":\"https:\/\/jornalfatosenoticias.com.br\/#organization\"},\"potentialAction\":[{\"@type\":\"SearchAction\",\"target\":{\"@type\":\"EntryPoint\",\"urlTemplate\":\"https:\/\/jornalfatosenoticias.com.br\/?s={search_term_string}\"},\"query-input\":{\"@type\":\"PropertyValueSpecification\",\"valueRequired\":true,\"valueName\":\"search_term_string\"}}],\"inLanguage\":\"pt-BR\"},{\"@type\":\"Organization\",\"@id\":\"https:\/\/jornalfatosenoticias.com.br\/#organization\",\"name\":\"Jornal Fatos e Not\u00edcias\",\"url\":\"https:\/\/jornalfatosenoticias.com.br\/\",\"logo\":{\"@type\":\"ImageObject\",\"inLanguage\":\"pt-BR\",\"@id\":\"https:\/\/jornalfatosenoticias.com.br\/#\/schema\/logo\/image\/\",\"url\":\"https:\/\/jornalfatosenoticias.com.br\/wp-content\/uploads\/2020\/02\/logo120.png\",\"contentUrl\":\"https:\/\/jornalfatosenoticias.com.br\/wp-content\/uploads\/2020\/02\/logo120.png\",\"width\":1227,\"height\":120,\"caption\":\"Jornal Fatos e Not\u00edcias\"},\"image\":{\"@id\":\"https:\/\/jornalfatosenoticias.com.br\/#\/schema\/logo\/image\/\"}},{\"@type\":\"Person\",\"@id\":\"https:\/\/jornalfatosenoticias.com.br\/#\/schema\/person\/d63837fa13ac8666eb9e74e0985d6f81\",\"name\":\"Luzimara Fernandes\",\"image\":{\"@type\":\"ImageObject\",\"inLanguage\":\"pt-BR\",\"@id\":\"https:\/\/jornalfatosenoticias.com.br\/#\/schema\/person\/image\/\",\"url\":\"https:\/\/jornalfatosenoticias.com.br\/wp-content\/uploads\/2025\/05\/EU_portal.jpg\",\"contentUrl\":\"https:\/\/jornalfatosenoticias.com.br\/wp-content\/uploads\/2025\/05\/EU_portal.jpg\",\"caption\":\"Luzimara Fernandes\"},\"description\":\"Jornalista MTB 2358-ES\",\"sameAs\":[\"https:\/\/jornalfatosenoticias.com.br\"],\"url\":\"https:\/\/jornalfatosenoticias.com.br\/index.php\/author\/luzimara\/\"}]}<\/script>\n<!-- \/ Yoast SEO plugin. -->","yoast_head_json":{"title":"Reserva na Mata Atl\u00e2ntica lan\u00e7a programa de turismo cient\u00edfico - Jornal Fatos e Not\u00edcias","robots":{"index":"index","follow":"follow","max-snippet":"max-snippet:-1","max-image-preview":"max-image-preview:large","max-video-preview":"max-video-preview:-1"},"canonical":"https:\/\/jornalfatosenoticias.com.br\/index.php\/2022\/01\/04\/reserva-na-mata-atlantica-lanca-programa-de-turismo-cientifico\/","og_locale":"pt_BR","og_type":"article","og_title":"Reserva na Mata Atl\u00e2ntica lan\u00e7a programa de turismo cient\u00edfico - Jornal Fatos e Not\u00edcias","og_description":"Ecoturista usufrui de estrutura completa em meio a floresta e participa de cursos, oficinas, palestras O Legado das \u00c1guas \u2014 maior reserva privada de Mata Atl\u00e2ntica do Pa\u00eds \u2014 acaba de lan\u00e7ar o Programa de Turismo Cient\u00edfico. A iniciativa tem como objetivos fomentar projetos de pesquisa cient\u00edfica de longo prazo na Reserva por meio da [&hellip;]","og_url":"https:\/\/jornalfatosenoticias.com.br\/index.php\/2022\/01\/04\/reserva-na-mata-atlantica-lanca-programa-de-turismo-cientifico\/","og_site_name":"Jornal Fatos e Not\u00edcias","article_published_time":"2022-01-04T16:13:43+00:00","article_modified_time":"2022-01-04T16:13:44+00:00","og_image":[{"width":1000,"height":667,"url":"https:\/\/jornalfatosenoticias.com.br\/wp-content\/uploads\/2022\/01\/turismo-cientifico-1.jpg","type":"image\/jpeg"}],"author":"Luzimara Fernandes","twitter_card":"summary_large_image","twitter_misc":{"Escrito por":"Luzimara Fernandes","Est. tempo de leitura":"4 minutos"},"schema":{"@context":"https:\/\/schema.org","@graph":[{"@type":"Article","@id":"https:\/\/jornalfatosenoticias.com.br\/index.php\/2022\/01\/04\/reserva-na-mata-atlantica-lanca-programa-de-turismo-cientifico\/#article","isPartOf":{"@id":"https:\/\/jornalfatosenoticias.com.br\/index.php\/2022\/01\/04\/reserva-na-mata-atlantica-lanca-programa-de-turismo-cientifico\/"},"author":{"name":"Luzimara Fernandes","@id":"https:\/\/jornalfatosenoticias.com.br\/#\/schema\/person\/d63837fa13ac8666eb9e74e0985d6f81"},"headline":"Reserva na Mata Atl\u00e2ntica lan\u00e7a programa de turismo cient\u00edfico","datePublished":"2022-01-04T16:13:43+00:00","dateModified":"2022-01-04T16:13:44+00:00","mainEntityOfPage":{"@id":"https:\/\/jornalfatosenoticias.com.br\/index.php\/2022\/01\/04\/reserva-na-mata-atlantica-lanca-programa-de-turismo-cientifico\/"},"wordCount":792,"commentCount":0,"publisher":{"@id":"https:\/\/jornalfatosenoticias.com.br\/#organization"},"image":{"@id":"https:\/\/jornalfatosenoticias.com.br\/index.php\/2022\/01\/04\/reserva-na-mata-atlantica-lanca-programa-de-turismo-cientifico\/#primaryimage"},"thumbnailUrl":"https:\/\/jornalfatosenoticias.com.br\/wp-content\/uploads\/2022\/01\/turismo-cientifico-1.jpg","keywords":["ecoturismo","Legado das \u00c1guas","mata atl\u00e2ntica","reserva natural","turismo cient\u00edfico"],"articleSection":["Meio ambiente","Turismo"],"inLanguage":"pt-BR","potentialAction":[{"@type":"CommentAction","name":"Comment","target":["https:\/\/jornalfatosenoticias.com.br\/index.php\/2022\/01\/04\/reserva-na-mata-atlantica-lanca-programa-de-turismo-cientifico\/#respond"]}]},{"@type":"WebPage","@id":"https:\/\/jornalfatosenoticias.com.br\/index.php\/2022\/01\/04\/reserva-na-mata-atlantica-lanca-programa-de-turismo-cientifico\/","url":"https:\/\/jornalfatosenoticias.com.br\/index.php\/2022\/01\/04\/reserva-na-mata-atlantica-lanca-programa-de-turismo-cientifico\/","name":"Reserva na Mata Atl\u00e2ntica lan\u00e7a programa de turismo cient\u00edfico - Jornal Fatos e Not\u00edcias","isPartOf":{"@id":"https:\/\/jornalfatosenoticias.com.br\/#website"},"primaryImageOfPage":{"@id":"https:\/\/jornalfatosenoticias.com.br\/index.php\/2022\/01\/04\/reserva-na-mata-atlantica-lanca-programa-de-turismo-cientifico\/#primaryimage"},"image":{"@id":"https:\/\/jornalfatosenoticias.com.br\/index.php\/2022\/01\/04\/reserva-na-mata-atlantica-lanca-programa-de-turismo-cientifico\/#primaryimage"},"thumbnailUrl":"https:\/\/jornalfatosenoticias.com.br\/wp-content\/uploads\/2022\/01\/turismo-cientifico-1.jpg","datePublished":"2022-01-04T16:13:43+00:00","dateModified":"2022-01-04T16:13:44+00:00","breadcrumb":{"@id":"https:\/\/jornalfatosenoticias.com.br\/index.php\/2022\/01\/04\/reserva-na-mata-atlantica-lanca-programa-de-turismo-cientifico\/#breadcrumb"},"inLanguage":"pt-BR","potentialAction":[{"@type":"ReadAction","target":["https:\/\/jornalfatosenoticias.com.br\/index.php\/2022\/01\/04\/reserva-na-mata-atlantica-lanca-programa-de-turismo-cientifico\/"]}]},{"@type":"ImageObject","inLanguage":"pt-BR","@id":"https:\/\/jornalfatosenoticias.com.br\/index.php\/2022\/01\/04\/reserva-na-mata-atlantica-lanca-programa-de-turismo-cientifico\/#primaryimage","url":"https:\/\/jornalfatosenoticias.com.br\/wp-content\/uploads\/2022\/01\/turismo-cientifico-1.jpg","contentUrl":"https:\/\/jornalfatosenoticias.com.br\/wp-content\/uploads\/2022\/01\/turismo-cientifico-1.jpg","width":1000,"height":667},{"@type":"BreadcrumbList","@id":"https:\/\/jornalfatosenoticias.com.br\/index.php\/2022\/01\/04\/reserva-na-mata-atlantica-lanca-programa-de-turismo-cientifico\/#breadcrumb","itemListElement":[{"@type":"ListItem","position":1,"name":"In\u00edcio","item":"https:\/\/jornalfatosenoticias.com.br\/"},{"@type":"ListItem","position":2,"name":"Reserva na Mata Atl\u00e2ntica lan\u00e7a programa de turismo cient\u00edfico"}]},{"@type":"WebSite","@id":"https:\/\/jornalfatosenoticias.com.br\/#website","url":"https:\/\/jornalfatosenoticias.com.br\/","name":"Jornal Fatos e Not\u00edcias","description":"Not\u00edcias em geral","publisher":{"@id":"https:\/\/jornalfatosenoticias.com.br\/#organization"},"potentialAction":[{"@type":"SearchAction","target":{"@type":"EntryPoint","urlTemplate":"https:\/\/jornalfatosenoticias.com.br\/?s={search_term_string}"},"query-input":{"@type":"PropertyValueSpecification","valueRequired":true,"valueName":"search_term_string"}}],"inLanguage":"pt-BR"},{"@type":"Organization","@id":"https:\/\/jornalfatosenoticias.com.br\/#organization","name":"Jornal Fatos e Not\u00edcias","url":"https:\/\/jornalfatosenoticias.com.br\/","logo":{"@type":"ImageObject","inLanguage":"pt-BR","@id":"https:\/\/jornalfatosenoticias.com.br\/#\/schema\/logo\/image\/","url":"https:\/\/jornalfatosenoticias.com.br\/wp-content\/uploads\/2020\/02\/logo120.png","contentUrl":"https:\/\/jornalfatosenoticias.com.br\/wp-content\/uploads\/2020\/02\/logo120.png","width":1227,"height":120,"caption":"Jornal Fatos e Not\u00edcias"},"image":{"@id":"https:\/\/jornalfatosenoticias.com.br\/#\/schema\/logo\/image\/"}},{"@type":"Person","@id":"https:\/\/jornalfatosenoticias.com.br\/#\/schema\/person\/d63837fa13ac8666eb9e74e0985d6f81","name":"Luzimara Fernandes","image":{"@type":"ImageObject","inLanguage":"pt-BR","@id":"https:\/\/jornalfatosenoticias.com.br\/#\/schema\/person\/image\/","url":"https:\/\/jornalfatosenoticias.com.br\/wp-content\/uploads\/2025\/05\/EU_portal.jpg","contentUrl":"https:\/\/jornalfatosenoticias.com.br\/wp-content\/uploads\/2025\/05\/EU_portal.jpg","caption":"Luzimara Fernandes"},"description":"Jornalista MTB 2358-ES","sameAs":["https:\/\/jornalfatosenoticias.com.br"],"url":"https:\/\/jornalfatosenoticias.com.br\/index.php\/author\/luzimara\/"}]}},"cc_featured_image_caption":{"caption_text":"(Foto: Reprodu\u00e7\u00e3o CicloVivo) ","source_text":"","source_url":""},"jetpack_featured_media_url":"https:\/\/jornalfatosenoticias.com.br\/wp-content\/uploads\/2022\/01\/turismo-cientifico-1.jpg","_links":{"self":[{"href":"https:\/\/jornalfatosenoticias.com.br\/index.php\/wp-json\/wp\/v2\/posts\/26400","targetHints":{"allow":["GET"]}}],"collection":[{"href":"https:\/\/jornalfatosenoticias.com.br\/index.php\/wp-json\/wp\/v2\/posts"}],"about":[{"href":"https:\/\/jornalfatosenoticias.com.br\/index.php\/wp-json\/wp\/v2\/types\/post"}],"author":[{"embeddable":true,"href":"https:\/\/jornalfatosenoticias.com.br\/index.php\/wp-json\/wp\/v2\/users\/2"}],"replies":[{"embeddable":true,"href":"https:\/\/jornalfatosenoticias.com.br\/index.php\/wp-json\/wp\/v2\/comments?post=26400"}],"version-history":[{"count":0,"href":"https:\/\/jornalfatosenoticias.com.br\/index.php\/wp-json\/wp\/v2\/posts\/26400\/revisions"}],"wp:featuredmedia":[{"embeddable":true,"href":"https:\/\/jornalfatosenoticias.com.br\/index.php\/wp-json\/wp\/v2\/media\/26407"}],"wp:attachment":[{"href":"https:\/\/jornalfatosenoticias.com.br\/index.php\/wp-json\/wp\/v2\/media?parent=26400"}],"wp:term":[{"taxonomy":"category","embeddable":true,"href":"https:\/\/jornalfatosenoticias.com.br\/index.php\/wp-json\/wp\/v2\/categories?post=26400"},{"taxonomy":"post_tag","embeddable":true,"href":"https:\/\/jornalfatosenoticias.com.br\/index.php\/wp-json\/wp\/v2\/tags?post=26400"}],"curies":[{"name":"wp","href":"https:\/\/api.w.org\/{rel}","templated":true}]}}