{"id":26437,"date":"2022-01-04T14:48:26","date_gmt":"2022-01-04T17:48:26","guid":{"rendered":"https:\/\/jornalfatosenoticias.com.br\/?p=26437"},"modified":"2022-01-04T14:48:30","modified_gmt":"2022-01-04T17:48:30","slug":"conheca-o-brasileiro-que-esta-viajando-pelo-mundo-em-uma-bike-de-bambu","status":"publish","type":"post","link":"https:\/\/jornalfatosenoticias.com.br\/index.php\/2022\/01\/04\/conheca-o-brasileiro-que-esta-viajando-pelo-mundo-em-uma-bike-de-bambu\/","title":{"rendered":"Conhe\u00e7a o brasileiro que est\u00e1 viajando pelo mundo em uma bike de bambu"},"content":{"rendered":"\n<p>O soci\u00f3logo carioca Ricardo Martins, 36 anos, est\u00e1 viajando o mundo de bicicleta desde 2007. Cansado da vida de escrit\u00f3rio e uma rotina tradicional, ele largou o emprego e embarcou para Am\u00e9rica do Sul com apenas R$ 385. Nesta primeira etapa, que ganhou o apelido de \u201cRoda Am\u00e9rica\u201d, ele ficou fora de casa por quatro anos. Na \u00e9poca, sua companheira era uma bike tradicional de alum\u00ednio chamada Capitu, que foi roubada no Rio de Janeiro pouco tempo depois de ele retornar ao Brasil.<br>\u201cFoi bem traum\u00e1tico. Eu brinco que foi igual quando o Tom Hanks perdeu o Wilson em N\u00e1ufrago\u201d, conta Ricardo Martins em depoimento \u00e0 rede BBC.<br>De volta ao Pa\u00eds, ele tentou retomar uma vida \u201cnormal\u201d e come\u00e7ou a cursar sociologia. Por\u00e9m, n\u00e3o se encaixava mais nos padr\u00f5es tradicionais de uma empresa ou vida, como ele mesmo define. Como sempre curtiu experi\u00eancias diferentes, pensou que poderia voltar \u00e0s viagens ao lado de outra \u201cmagrela\u201d, s\u00f3 que dessa vez ela seria feita de bambu. Ele descobriu o meio de transporte depois de ver um homem andando na rua e teve a curiosidade em perguntar como a bicicleta funcionava.<br>\u201cEle constru\u00eda esses tipos de bicicleta e ainda as fazia sob medida. D\u00e1 para deixar o bambu mais claro, mais escuro e do jeito que voc\u00ea quer. Mede sua perna e tudo. Encaixa como uma alian\u00e7a\u201d. Ao ficar pronta, ela foi batizada como Dulcineia. Em 2016, depois de receber a bike, seguiu para mais uma viagem de um ano e meio pelo continente africano, come\u00e7ando na Cidade do Cabo, \u00c1frica do Sul, e terminando em Alexandria, no Egito. Ao todo, somando as duas jornadas, ele j\u00e1 pedalou mais de 50 mil quil\u00f4metros. \u201cEla se mostrou resistente e sempre a levei em extremos muito fortes. Ela absorve o impacto\u201d, diz.<\/p>\n\n\n\n<p><strong><span class=\"has-inline-color has-vivid-red-color\">In\u00edcio da jornada pelas Am\u00e9ricas<br><\/span><\/strong>Mesmo exigindo muito esfor\u00e7o ao pedalar, o carioca j\u00e1 tinha familiaridade com ciclismo, pois se locomovia de bicicleta diariamente ao trabalho. Quando decidiu deixar o Brasil, Ricardo nunca havia sa\u00eddo de bicicleta da cidade do Rio de Janeiro.<br>Como j\u00e1 tinha conquistado sua primeira meta de vida, que era proporcionar mais conforto \u00e0 fam\u00edlia, ele decidiu viajar de bike pelo continente, justamente por ser algo desafiador. Sua bicicleta funciona quase como uma casa, onde ele armazena barraca, fogareiro e saco de dormir.<br>Ao decidir ir para Am\u00e9rica do Sul, ele saiu do bairro da Penha, na zona norte do Rio de Janeiro, seguiu at\u00e9 o Mato Grosso do Sul e chegou \u00e0 Bol\u00edvia. Para sua surpresa, ao chegar ao pa\u00eds vizinho, ele foi roubado. \u201cNaquela \u00e9poca eu n\u00e3o colocava dinheiro no banco e n\u00e3o era f\u00e1cil como hoje. Perdi quase tudo e fiquei com sete d\u00f3lares\u201d, relembra. Como tinha que se virar e recuperar o dinheiro para seguir com a viagem, ele come\u00e7ou a prestar consultoria de marketing e outros servi\u00e7os para o Minist\u00e9rio do Turismo de La Paz. A partir da\u00ed, se estruturou financeiramente.<br>Ainda na Bol\u00edvia, o viajante se contaminou com salmonella (infec\u00e7\u00e3o por bact\u00e9ria) duas vezes e tamb\u00e9m foi diagnosticado com febre tifoide.<\/p>\n\n\n\n<blockquote class=\"wp-block-quote is-layout-flow wp-block-quote-is-layout-flow\"><p><span class=\"has-inline-color has-luminous-vivid-orange-color\">\u201cN\u00e3o podia tomar rem\u00e9dio nenhum por causa da hepatite no sangue e f\u00edgado. Fiquei no soro por duas semanas. Quase morri\u201d, diz.<\/span><\/p><\/blockquote>\n\n\n\n<p>Durante os quatros anos em que esteve na Am\u00e9rica do Sul, Ricardo teve muitos imprevistos. Enquanto estava na Argentina, se apaixonou por uma mulher e quis ficar mais no pa\u00eds. No entanto, acabou quebrando o joelho lutando taekwondo. Para se recuperar, precisou fazer tr\u00eas cirurgias. Mesmo diante dessas adversidades, ele conta que se a viagem n\u00e3o tivesse sido dessa forma, n\u00e3o teria muito encanto.<br>Na estrada, ele conta que passou a acreditar mais na ra\u00e7a humana e que \u00e9 poss\u00edvel encontrar pessoas sem interesse. \u201cA hospitalidade sempre existe\u201d, conta. E mesmo sendo no mesmo continente, o soci\u00f3logo afirma que h\u00e1 muitas diferen\u00e7as entre os pa\u00edses.<\/p>\n\n\n\n<blockquote class=\"wp-block-quote is-layout-flow wp-block-quote-is-layout-flow\"><p><span class=\"has-inline-color has-luminous-vivid-orange-color\">\u201cQuando voc\u00ea muda de continente, tudo muda. A Bol\u00edvia foi o lugar mais diferente que eu tive oportunidade de conhecer. Tem uma identidade nacional muito forte. Tem montanha, povos andinos, cidades incr\u00edveis e uma hist\u00f3ria latino-americana fant\u00e1stica\u201d.<\/span><\/p><\/blockquote>\n\n\n\n<p><strong><span class=\"has-inline-color has-vivid-red-color\">\u00c1frica em uma bicicleta de bambu<br><\/span><\/strong>A escolha pela \u00c1frica como destino seguinte ocorreu devido \u00e0 curiosidade motivada pelo pouco conhecimento sobre o continente , segundo Ricardo. \u201cEu pensei qual continente eu era mais ignorante\u201d, diz. Ele come\u00e7ou pela \u00c1frica do Sul e os planos eram cruzar desde o extremo sul ao norte do continente, chegando ao Egito. Mas como imprevistos sempre ocorrem, ele foi roubado nos primeiros 20 quil\u00f4metros da viagem.<br>Quando precisou parar para arrumar o pneu de sua bicicleta em frente a uma das favelas mais perigosas do pa\u00eds, levou um susto: um homem armado veio em sua dire\u00e7\u00e3o e o assaltou. \u201cEle levou dinheiro, meu kindle e meu computador\u201d, relembra.<br>Por causa disso, teve que mudar os planos de viagem e como ainda faltavam 15 mil quil\u00f4metros no roteiro, pensou como poderia reaver o dinheiro.<br>Ele escolheu trabalhar em um bar em Zanzibar, na Tanz\u00e2nia, por alguns meses. \u201cZanzibar parece (as ilhas) Maldivas. A \u00c1frica tem uma quantidade de surpresas na minha vida\u201d, diz. Na ilha, Ricardo tamb\u00e9m teve alguns problemas, que hoje ele relembra dando risada e com entusiasmo. Uma vez enquanto dormia numa casa de palha se viu no meio de um inc\u00eandio. Os moradores limpavam o quintal usando fogo, uma fagulha atingiu sua casa e rapidamente come\u00e7ou a queimar tudo.<\/p>\n\n\n\n<blockquote class=\"wp-block-quote is-layout-flow wp-block-quote-is-layout-flow\"><p><span class=\"has-inline-color has-luminous-vivid-orange-color\">\u201cEu estava deitado na rede lendo e comecei a sair correndo. Eu s\u00f3 consegui salvar minha bicicleta, mas perdi os meus equipamentos de viagem, roupa, saco de dormir. A casa toda pegou fogo\u201d, conta.<\/span><\/p><\/blockquote>\n\n\n\n<p>Devido ao incidente, precisou abrir uma \u201cvaquinha\u201d no site apoia.se e seguir produzindo conte\u00fados de viagem. A iniciativa deu certo e a comunidade foi crescendo e o ajudando durante todo o roteiro. Ele criava v\u00eddeos e posts para as redes sociais somente com o celular e um teclado bluetooth. Mesmo tendo alguns problemas durante a viagem, o soci\u00f3logo conta que a jornada teve mais pontos positivos do que negativos. Ricardo afirma que p\u00f4de ver de perto a realidade do pa\u00eds africano e desmistificar alguns estere\u00f3tipos.<br>Em Mo\u00e7ambique, por exemplo, se surpreendeu com a hospitalidade de alguns policiais que o ajudaram e n\u00e3o foram corruptos em nenhum momento \u2014 o pa\u00eds tem fama de ter uma das pol\u00edcias mais corruptas do mundo, diz Ricardo. Ele relembra que os postos policiais eram \u00f3timos para adquirir \u00e1gua pot\u00e1vel e energia el\u00e9trica. Alguns oficiais at\u00e9 o adicionaram no WhatsApp e o avisavam de poss\u00edveis confrontos, guerras civis nas fronteiras e em outros pa\u00edses do continente.<br>Na Eti\u00f3pia tamb\u00e9m conseguiu ver melhor o pa\u00eds al\u00e9m da pobreza. Ricardo conta que o lugar tem paisagens incr\u00edveis e que o povo \u00e9 muito receptivo. J\u00e1 no Qu\u00eania conheceu o deserto de Turkana, local que revela muito sobre a hist\u00f3ria da humanidade. Muitas vezes, a temperatura chegava a 52 graus.<\/p>\n\n\n\n<blockquote class=\"wp-block-quote is-layout-flow wp-block-quote-is-layout-flow\"><p><span class=\"has-inline-color has-luminous-vivid-orange-color\">\u201cPsicologicamente \u00e9 muito dif\u00edcil aguentar, mas fisicamente n\u00e3o. Eu bebia 10 litros de \u00e1gua e fazia soro caseiro para beber e n\u00e3o desidratar\u201d, diz.<\/span><\/p><\/blockquote>\n\n\n\n<p>Ap\u00f3s um ano e quatro meses viajando pelo pa\u00eds, ele encerrou a viagem no Egito e foi recebido pelo embaixador do Brasil no pa\u00eds. \u201cEle me recebeu de terno e eu havia perdido dez quilos e estava com um buraco no t\u00eanis\u201d, brinca. Durante os anos que levou planejando suas viagens, Ricardo desenvolveu trabalhos de sustentabilidade e mobilidade, palestrou em alguns pa\u00edses e realizou pesquisas acad\u00eamicas a dist\u00e2ncia \u2014 por isso era conhecido por autoridades internacionais.<\/p>\n\n\n\n<p><strong><span class=\"has-inline-color has-vivid-red-color\">Do calor do deserto para o gelo na Europa<br><\/span><\/strong>Depois de encerrar seu trajeto na \u00c1frica, ele resolveu encarar as temperaturas negativas da Europa. Dessa vez, tamb\u00e9m iria explorar o continente de uma ponta a outra. Todos os dias ele pedalava em m\u00e9dia 100 quil\u00f4metros e agora precisava lidar com a neve. Como n\u00e3o tinha materiais pr\u00f3prios para o gelo, pensou como poderia ganhar dinheiro para se manter e comprar acess\u00f3rios para baixas temperaturas.<br>Por sorte, foi convidado para palestrar em uma empresa europeia e recebeu um \u00f3timo pagamento, que foi suficiente para comprar roupas e outros equipamentos t\u00e9rmicos. \u201cFoi a primeira vez que eu tive um inverno rigoroso. Qualquer erro custa sua vida\u201d, refor\u00e7a. Ricardo lembra que chegou a pegar temperaturas abaixo de 20 graus e que, \u00e0s vezes, se preocupava. \u201cFiquei tr\u00eas meses no Reino Unido, passei o inverno na Esc\u00f3cia e no Pa\u00eds de Gales. Eu acampava debaixo de neve\u201d.<br>Ao todo, foram 30 pa\u00edses durante pouco mais de um ano viajando sempre na bicicleta de bambu. Ainda durante o trajeto, sentiu a necessidade de retribuir o que j\u00e1 havia ganhado ao longo desse tempo na estrada. Quando ainda estava na Europa, pediu recursos para a comunidade de seguidores que o acompanhavam e comprou 100 pares de sapatos para refugiados que faziam o trajeto entre as fronteiras a p\u00e9. O intuito era comprar botas resistentes para temperaturas negativas. \u201cFiz por meio de uma ONG e consegui arrecadar dinheiro para 115 pares de sapatos\u201d, conta.<\/p>\n\n\n\n<p><span class=\"has-inline-color has-vivid-red-color\"><strong>Do mundo para Queimados, no Rio de Janeiro<br><\/strong><\/span>De volta ao Brasil, Ricardo estava trabalhando no Instituto Estadual do Ambiente (Inea) e um de seus colegas na empresa disse que a cidade de Queimados, na baixada fluminense, havia sido ranqueada como a mais violenta do Pa\u00eds. Isso intrigou o soci\u00f3logo, que desejou mudar essa realidade de alguma forma. Ele procurou l\u00edderes na cidade e teve a ideia de incentivar uma transforma\u00e7\u00e3o social por meio da bicicleta. Foi ent\u00e3o que organizou um workshop na comunidade para mostrar como era poss\u00edvel criar bikes de bambu.<br>Ele criou o Pedala Queimados, que atua para cria\u00e7\u00e3o desses meios de transporte e ainda gera renda para os moradores. Para testar a pr\u00e1tica, eles escolheram ex-presidi\u00e1rios, donas de casa, pessoas que sa\u00edram de abrigos e outros indiv\u00edduos em situa\u00e7\u00e3o de vulnerabilidade. Para adquirir recursos, criaram um crowdfunding (financiamento coletivo) e com o dinheiro arrecadado conseguiram comprar um terreno para as reformas e cria\u00e7\u00e3o de novas bicicletas. \u201c\u00c9 poss\u00edvel vender a bicicleta e gerar renda para comunidade\u201d, refor\u00e7a.<br>Eles ainda arrecadam bicicletas de condom\u00ednios da zona sul do Rio de Janeiro, fazem reparos para deix\u00e1-las ainda mais novas e servir de meio de transporte para entregadores de aplicativos de comida. Ricardo encabe\u00e7ou o projeto, mas treinou outros l\u00edderes para tocar e dar andamento \u00e0 ideia, mesmo estando fora do Brasil. Hoje, ele vive com sua esposa na cidade do Cairo, no Egito, e pretende pedalar com a Dulcineia mais uma vez pelo mundo, s\u00f3 que dessa vez o destino ser\u00e1 o continente asi\u00e1tico.<\/p>\n\n\n\n<p><strong><em>Fonte: <a href=\"https:\/\/gooutside.com.br\/conheca-o-brasileiro-que-esta-viajando-pelo-mundo-em-uma-bike-de-bambu\/\">Go Outside<\/a><\/em><\/strong><\/p>\n","protected":false},"excerpt":{"rendered":"<p>O soci\u00f3logo carioca Ricardo Martins, 36 anos, est\u00e1 viajando o mundo de bicicleta desde 2007. Cansado da vida de escrit\u00f3rio e uma rotina tradicional, ele largou o emprego e embarcou para Am\u00e9rica do Sul com apenas R$ 385. Nesta primeira etapa, que ganhou o apelido de \u201cRoda Am\u00e9rica\u201d, ele ficou fora de casa por quatro [&hellip;]<\/p>\n","protected":false},"author":2,"featured_media":26438,"comment_status":"open","ping_status":"open","sticky":false,"template":"","format":"standard","meta":{"footnotes":""},"categories":[5],"tags":[12729,322,2432],"class_list":["post-26437","post","type-post","status-publish","format-standard","has-post-thumbnail","hentry","category-geral","tag-bike-de-bambu","tag-mundo","tag-viagem"],"yoast_head":"<!-- This site is optimized with the Yoast SEO plugin v26.5 - https:\/\/yoast.com\/wordpress\/plugins\/seo\/ -->\n<title>Conhe\u00e7a o brasileiro que est\u00e1 viajando pelo mundo em uma bike de bambu - Jornal Fatos e Not\u00edcias<\/title>\n<meta name=\"robots\" content=\"index, follow, max-snippet:-1, max-image-preview:large, max-video-preview:-1\" \/>\n<link rel=\"canonical\" href=\"https:\/\/jornalfatosenoticias.com.br\/index.php\/2022\/01\/04\/conheca-o-brasileiro-que-esta-viajando-pelo-mundo-em-uma-bike-de-bambu\/\" \/>\n<meta property=\"og:locale\" content=\"pt_BR\" \/>\n<meta property=\"og:type\" content=\"article\" \/>\n<meta property=\"og:title\" content=\"Conhe\u00e7a o brasileiro que est\u00e1 viajando pelo mundo em uma bike de bambu - Jornal Fatos e Not\u00edcias\" \/>\n<meta property=\"og:description\" content=\"O soci\u00f3logo carioca Ricardo Martins, 36 anos, est\u00e1 viajando o mundo de bicicleta desde 2007. Cansado da vida de escrit\u00f3rio e uma rotina tradicional, ele largou o emprego e embarcou para Am\u00e9rica do Sul com apenas R$ 385. Nesta primeira etapa, que ganhou o apelido de \u201cRoda Am\u00e9rica\u201d, ele ficou fora de casa por quatro [&hellip;]\" \/>\n<meta property=\"og:url\" content=\"https:\/\/jornalfatosenoticias.com.br\/index.php\/2022\/01\/04\/conheca-o-brasileiro-que-esta-viajando-pelo-mundo-em-uma-bike-de-bambu\/\" \/>\n<meta property=\"og:site_name\" content=\"Jornal Fatos e Not\u00edcias\" \/>\n<meta property=\"article:published_time\" content=\"2022-01-04T17:48:26+00:00\" \/>\n<meta property=\"article:modified_time\" content=\"2022-01-04T17:48:30+00:00\" \/>\n<meta property=\"og:image\" content=\"https:\/\/jornalfatosenoticias.com.br\/wp-content\/uploads\/2022\/01\/brasileiro-que-esta-viajando-pelo-mundo-em-uma-bike-de-bambu.jpg\" \/>\n\t<meta property=\"og:image:width\" content=\"1000\" \/>\n\t<meta property=\"og:image:height\" content=\"564\" \/>\n\t<meta property=\"og:image:type\" content=\"image\/jpeg\" \/>\n<meta name=\"author\" content=\"Luzimara Fernandes\" \/>\n<meta name=\"twitter:card\" content=\"summary_large_image\" \/>\n<meta name=\"twitter:label1\" content=\"Escrito por\" \/>\n\t<meta name=\"twitter:data1\" content=\"Luzimara Fernandes\" \/>\n\t<meta name=\"twitter:label2\" content=\"Est. tempo de leitura\" \/>\n\t<meta name=\"twitter:data2\" content=\"9 minutos\" \/>\n<script type=\"application\/ld+json\" class=\"yoast-schema-graph\">{\"@context\":\"https:\/\/schema.org\",\"@graph\":[{\"@type\":\"Article\",\"@id\":\"https:\/\/jornalfatosenoticias.com.br\/index.php\/2022\/01\/04\/conheca-o-brasileiro-que-esta-viajando-pelo-mundo-em-uma-bike-de-bambu\/#article\",\"isPartOf\":{\"@id\":\"https:\/\/jornalfatosenoticias.com.br\/index.php\/2022\/01\/04\/conheca-o-brasileiro-que-esta-viajando-pelo-mundo-em-uma-bike-de-bambu\/\"},\"author\":{\"name\":\"Luzimara Fernandes\",\"@id\":\"https:\/\/jornalfatosenoticias.com.br\/#\/schema\/person\/d63837fa13ac8666eb9e74e0985d6f81\"},\"headline\":\"Conhe\u00e7a o brasileiro que est\u00e1 viajando pelo mundo em uma bike de bambu\",\"datePublished\":\"2022-01-04T17:48:26+00:00\",\"dateModified\":\"2022-01-04T17:48:30+00:00\",\"mainEntityOfPage\":{\"@id\":\"https:\/\/jornalfatosenoticias.com.br\/index.php\/2022\/01\/04\/conheca-o-brasileiro-que-esta-viajando-pelo-mundo-em-uma-bike-de-bambu\/\"},\"wordCount\":1856,\"commentCount\":0,\"publisher\":{\"@id\":\"https:\/\/jornalfatosenoticias.com.br\/#organization\"},\"image\":{\"@id\":\"https:\/\/jornalfatosenoticias.com.br\/index.php\/2022\/01\/04\/conheca-o-brasileiro-que-esta-viajando-pelo-mundo-em-uma-bike-de-bambu\/#primaryimage\"},\"thumbnailUrl\":\"https:\/\/jornalfatosenoticias.com.br\/wp-content\/uploads\/2022\/01\/brasileiro-que-esta-viajando-pelo-mundo-em-uma-bike-de-bambu.jpg\",\"keywords\":[\"bike de bambu\",\"mundo\",\"viagem\"],\"articleSection\":[\"Geral\"],\"inLanguage\":\"pt-BR\",\"potentialAction\":[{\"@type\":\"CommentAction\",\"name\":\"Comment\",\"target\":[\"https:\/\/jornalfatosenoticias.com.br\/index.php\/2022\/01\/04\/conheca-o-brasileiro-que-esta-viajando-pelo-mundo-em-uma-bike-de-bambu\/#respond\"]}]},{\"@type\":\"WebPage\",\"@id\":\"https:\/\/jornalfatosenoticias.com.br\/index.php\/2022\/01\/04\/conheca-o-brasileiro-que-esta-viajando-pelo-mundo-em-uma-bike-de-bambu\/\",\"url\":\"https:\/\/jornalfatosenoticias.com.br\/index.php\/2022\/01\/04\/conheca-o-brasileiro-que-esta-viajando-pelo-mundo-em-uma-bike-de-bambu\/\",\"name\":\"Conhe\u00e7a o brasileiro que est\u00e1 viajando pelo mundo em uma bike de bambu - Jornal Fatos e Not\u00edcias\",\"isPartOf\":{\"@id\":\"https:\/\/jornalfatosenoticias.com.br\/#website\"},\"primaryImageOfPage\":{\"@id\":\"https:\/\/jornalfatosenoticias.com.br\/index.php\/2022\/01\/04\/conheca-o-brasileiro-que-esta-viajando-pelo-mundo-em-uma-bike-de-bambu\/#primaryimage\"},\"image\":{\"@id\":\"https:\/\/jornalfatosenoticias.com.br\/index.php\/2022\/01\/04\/conheca-o-brasileiro-que-esta-viajando-pelo-mundo-em-uma-bike-de-bambu\/#primaryimage\"},\"thumbnailUrl\":\"https:\/\/jornalfatosenoticias.com.br\/wp-content\/uploads\/2022\/01\/brasileiro-que-esta-viajando-pelo-mundo-em-uma-bike-de-bambu.jpg\",\"datePublished\":\"2022-01-04T17:48:26+00:00\",\"dateModified\":\"2022-01-04T17:48:30+00:00\",\"breadcrumb\":{\"@id\":\"https:\/\/jornalfatosenoticias.com.br\/index.php\/2022\/01\/04\/conheca-o-brasileiro-que-esta-viajando-pelo-mundo-em-uma-bike-de-bambu\/#breadcrumb\"},\"inLanguage\":\"pt-BR\",\"potentialAction\":[{\"@type\":\"ReadAction\",\"target\":[\"https:\/\/jornalfatosenoticias.com.br\/index.php\/2022\/01\/04\/conheca-o-brasileiro-que-esta-viajando-pelo-mundo-em-uma-bike-de-bambu\/\"]}]},{\"@type\":\"ImageObject\",\"inLanguage\":\"pt-BR\",\"@id\":\"https:\/\/jornalfatosenoticias.com.br\/index.php\/2022\/01\/04\/conheca-o-brasileiro-que-esta-viajando-pelo-mundo-em-uma-bike-de-bambu\/#primaryimage\",\"url\":\"https:\/\/jornalfatosenoticias.com.br\/wp-content\/uploads\/2022\/01\/brasileiro-que-esta-viajando-pelo-mundo-em-uma-bike-de-bambu.jpg\",\"contentUrl\":\"https:\/\/jornalfatosenoticias.com.br\/wp-content\/uploads\/2022\/01\/brasileiro-que-esta-viajando-pelo-mundo-em-uma-bike-de-bambu.jpg\",\"width\":1000,\"height\":564},{\"@type\":\"BreadcrumbList\",\"@id\":\"https:\/\/jornalfatosenoticias.com.br\/index.php\/2022\/01\/04\/conheca-o-brasileiro-que-esta-viajando-pelo-mundo-em-uma-bike-de-bambu\/#breadcrumb\",\"itemListElement\":[{\"@type\":\"ListItem\",\"position\":1,\"name\":\"In\u00edcio\",\"item\":\"https:\/\/jornalfatosenoticias.com.br\/\"},{\"@type\":\"ListItem\",\"position\":2,\"name\":\"Conhe\u00e7a o brasileiro que est\u00e1 viajando pelo mundo em uma bike de bambu\"}]},{\"@type\":\"WebSite\",\"@id\":\"https:\/\/jornalfatosenoticias.com.br\/#website\",\"url\":\"https:\/\/jornalfatosenoticias.com.br\/\",\"name\":\"Jornal Fatos e Not\u00edcias\",\"description\":\"Not\u00edcias em geral\",\"publisher\":{\"@id\":\"https:\/\/jornalfatosenoticias.com.br\/#organization\"},\"potentialAction\":[{\"@type\":\"SearchAction\",\"target\":{\"@type\":\"EntryPoint\",\"urlTemplate\":\"https:\/\/jornalfatosenoticias.com.br\/?s={search_term_string}\"},\"query-input\":{\"@type\":\"PropertyValueSpecification\",\"valueRequired\":true,\"valueName\":\"search_term_string\"}}],\"inLanguage\":\"pt-BR\"},{\"@type\":\"Organization\",\"@id\":\"https:\/\/jornalfatosenoticias.com.br\/#organization\",\"name\":\"Jornal Fatos e Not\u00edcias\",\"url\":\"https:\/\/jornalfatosenoticias.com.br\/\",\"logo\":{\"@type\":\"ImageObject\",\"inLanguage\":\"pt-BR\",\"@id\":\"https:\/\/jornalfatosenoticias.com.br\/#\/schema\/logo\/image\/\",\"url\":\"https:\/\/jornalfatosenoticias.com.br\/wp-content\/uploads\/2020\/02\/logo120.png\",\"contentUrl\":\"https:\/\/jornalfatosenoticias.com.br\/wp-content\/uploads\/2020\/02\/logo120.png\",\"width\":1227,\"height\":120,\"caption\":\"Jornal Fatos e Not\u00edcias\"},\"image\":{\"@id\":\"https:\/\/jornalfatosenoticias.com.br\/#\/schema\/logo\/image\/\"}},{\"@type\":\"Person\",\"@id\":\"https:\/\/jornalfatosenoticias.com.br\/#\/schema\/person\/d63837fa13ac8666eb9e74e0985d6f81\",\"name\":\"Luzimara Fernandes\",\"image\":{\"@type\":\"ImageObject\",\"inLanguage\":\"pt-BR\",\"@id\":\"https:\/\/jornalfatosenoticias.com.br\/#\/schema\/person\/image\/\",\"url\":\"https:\/\/jornalfatosenoticias.com.br\/wp-content\/uploads\/2025\/05\/EU_portal.jpg\",\"contentUrl\":\"https:\/\/jornalfatosenoticias.com.br\/wp-content\/uploads\/2025\/05\/EU_portal.jpg\",\"caption\":\"Luzimara Fernandes\"},\"description\":\"Jornalista MTB 2358-ES\",\"sameAs\":[\"https:\/\/jornalfatosenoticias.com.br\"],\"url\":\"https:\/\/jornalfatosenoticias.com.br\/index.php\/author\/luzimara\/\"}]}<\/script>\n<!-- \/ Yoast SEO plugin. -->","yoast_head_json":{"title":"Conhe\u00e7a o brasileiro que est\u00e1 viajando pelo mundo em uma bike de bambu - Jornal Fatos e Not\u00edcias","robots":{"index":"index","follow":"follow","max-snippet":"max-snippet:-1","max-image-preview":"max-image-preview:large","max-video-preview":"max-video-preview:-1"},"canonical":"https:\/\/jornalfatosenoticias.com.br\/index.php\/2022\/01\/04\/conheca-o-brasileiro-que-esta-viajando-pelo-mundo-em-uma-bike-de-bambu\/","og_locale":"pt_BR","og_type":"article","og_title":"Conhe\u00e7a o brasileiro que est\u00e1 viajando pelo mundo em uma bike de bambu - Jornal Fatos e Not\u00edcias","og_description":"O soci\u00f3logo carioca Ricardo Martins, 36 anos, est\u00e1 viajando o mundo de bicicleta desde 2007. Cansado da vida de escrit\u00f3rio e uma rotina tradicional, ele largou o emprego e embarcou para Am\u00e9rica do Sul com apenas R$ 385. Nesta primeira etapa, que ganhou o apelido de \u201cRoda Am\u00e9rica\u201d, ele ficou fora de casa por quatro [&hellip;]","og_url":"https:\/\/jornalfatosenoticias.com.br\/index.php\/2022\/01\/04\/conheca-o-brasileiro-que-esta-viajando-pelo-mundo-em-uma-bike-de-bambu\/","og_site_name":"Jornal Fatos e Not\u00edcias","article_published_time":"2022-01-04T17:48:26+00:00","article_modified_time":"2022-01-04T17:48:30+00:00","og_image":[{"width":1000,"height":564,"url":"https:\/\/jornalfatosenoticias.com.br\/wp-content\/uploads\/2022\/01\/brasileiro-que-esta-viajando-pelo-mundo-em-uma-bike-de-bambu.jpg","type":"image\/jpeg"}],"author":"Luzimara Fernandes","twitter_card":"summary_large_image","twitter_misc":{"Escrito por":"Luzimara Fernandes","Est. tempo de leitura":"9 minutos"},"schema":{"@context":"https:\/\/schema.org","@graph":[{"@type":"Article","@id":"https:\/\/jornalfatosenoticias.com.br\/index.php\/2022\/01\/04\/conheca-o-brasileiro-que-esta-viajando-pelo-mundo-em-uma-bike-de-bambu\/#article","isPartOf":{"@id":"https:\/\/jornalfatosenoticias.com.br\/index.php\/2022\/01\/04\/conheca-o-brasileiro-que-esta-viajando-pelo-mundo-em-uma-bike-de-bambu\/"},"author":{"name":"Luzimara Fernandes","@id":"https:\/\/jornalfatosenoticias.com.br\/#\/schema\/person\/d63837fa13ac8666eb9e74e0985d6f81"},"headline":"Conhe\u00e7a o brasileiro que est\u00e1 viajando pelo mundo em uma bike de bambu","datePublished":"2022-01-04T17:48:26+00:00","dateModified":"2022-01-04T17:48:30+00:00","mainEntityOfPage":{"@id":"https:\/\/jornalfatosenoticias.com.br\/index.php\/2022\/01\/04\/conheca-o-brasileiro-que-esta-viajando-pelo-mundo-em-uma-bike-de-bambu\/"},"wordCount":1856,"commentCount":0,"publisher":{"@id":"https:\/\/jornalfatosenoticias.com.br\/#organization"},"image":{"@id":"https:\/\/jornalfatosenoticias.com.br\/index.php\/2022\/01\/04\/conheca-o-brasileiro-que-esta-viajando-pelo-mundo-em-uma-bike-de-bambu\/#primaryimage"},"thumbnailUrl":"https:\/\/jornalfatosenoticias.com.br\/wp-content\/uploads\/2022\/01\/brasileiro-que-esta-viajando-pelo-mundo-em-uma-bike-de-bambu.jpg","keywords":["bike de bambu","mundo","viagem"],"articleSection":["Geral"],"inLanguage":"pt-BR","potentialAction":[{"@type":"CommentAction","name":"Comment","target":["https:\/\/jornalfatosenoticias.com.br\/index.php\/2022\/01\/04\/conheca-o-brasileiro-que-esta-viajando-pelo-mundo-em-uma-bike-de-bambu\/#respond"]}]},{"@type":"WebPage","@id":"https:\/\/jornalfatosenoticias.com.br\/index.php\/2022\/01\/04\/conheca-o-brasileiro-que-esta-viajando-pelo-mundo-em-uma-bike-de-bambu\/","url":"https:\/\/jornalfatosenoticias.com.br\/index.php\/2022\/01\/04\/conheca-o-brasileiro-que-esta-viajando-pelo-mundo-em-uma-bike-de-bambu\/","name":"Conhe\u00e7a o brasileiro que est\u00e1 viajando pelo mundo em uma bike de bambu - Jornal Fatos e Not\u00edcias","isPartOf":{"@id":"https:\/\/jornalfatosenoticias.com.br\/#website"},"primaryImageOfPage":{"@id":"https:\/\/jornalfatosenoticias.com.br\/index.php\/2022\/01\/04\/conheca-o-brasileiro-que-esta-viajando-pelo-mundo-em-uma-bike-de-bambu\/#primaryimage"},"image":{"@id":"https:\/\/jornalfatosenoticias.com.br\/index.php\/2022\/01\/04\/conheca-o-brasileiro-que-esta-viajando-pelo-mundo-em-uma-bike-de-bambu\/#primaryimage"},"thumbnailUrl":"https:\/\/jornalfatosenoticias.com.br\/wp-content\/uploads\/2022\/01\/brasileiro-que-esta-viajando-pelo-mundo-em-uma-bike-de-bambu.jpg","datePublished":"2022-01-04T17:48:26+00:00","dateModified":"2022-01-04T17:48:30+00:00","breadcrumb":{"@id":"https:\/\/jornalfatosenoticias.com.br\/index.php\/2022\/01\/04\/conheca-o-brasileiro-que-esta-viajando-pelo-mundo-em-uma-bike-de-bambu\/#breadcrumb"},"inLanguage":"pt-BR","potentialAction":[{"@type":"ReadAction","target":["https:\/\/jornalfatosenoticias.com.br\/index.php\/2022\/01\/04\/conheca-o-brasileiro-que-esta-viajando-pelo-mundo-em-uma-bike-de-bambu\/"]}]},{"@type":"ImageObject","inLanguage":"pt-BR","@id":"https:\/\/jornalfatosenoticias.com.br\/index.php\/2022\/01\/04\/conheca-o-brasileiro-que-esta-viajando-pelo-mundo-em-uma-bike-de-bambu\/#primaryimage","url":"https:\/\/jornalfatosenoticias.com.br\/wp-content\/uploads\/2022\/01\/brasileiro-que-esta-viajando-pelo-mundo-em-uma-bike-de-bambu.jpg","contentUrl":"https:\/\/jornalfatosenoticias.com.br\/wp-content\/uploads\/2022\/01\/brasileiro-que-esta-viajando-pelo-mundo-em-uma-bike-de-bambu.jpg","width":1000,"height":564},{"@type":"BreadcrumbList","@id":"https:\/\/jornalfatosenoticias.com.br\/index.php\/2022\/01\/04\/conheca-o-brasileiro-que-esta-viajando-pelo-mundo-em-uma-bike-de-bambu\/#breadcrumb","itemListElement":[{"@type":"ListItem","position":1,"name":"In\u00edcio","item":"https:\/\/jornalfatosenoticias.com.br\/"},{"@type":"ListItem","position":2,"name":"Conhe\u00e7a o brasileiro que est\u00e1 viajando pelo mundo em uma bike de bambu"}]},{"@type":"WebSite","@id":"https:\/\/jornalfatosenoticias.com.br\/#website","url":"https:\/\/jornalfatosenoticias.com.br\/","name":"Jornal Fatos e Not\u00edcias","description":"Not\u00edcias em geral","publisher":{"@id":"https:\/\/jornalfatosenoticias.com.br\/#organization"},"potentialAction":[{"@type":"SearchAction","target":{"@type":"EntryPoint","urlTemplate":"https:\/\/jornalfatosenoticias.com.br\/?s={search_term_string}"},"query-input":{"@type":"PropertyValueSpecification","valueRequired":true,"valueName":"search_term_string"}}],"inLanguage":"pt-BR"},{"@type":"Organization","@id":"https:\/\/jornalfatosenoticias.com.br\/#organization","name":"Jornal Fatos e Not\u00edcias","url":"https:\/\/jornalfatosenoticias.com.br\/","logo":{"@type":"ImageObject","inLanguage":"pt-BR","@id":"https:\/\/jornalfatosenoticias.com.br\/#\/schema\/logo\/image\/","url":"https:\/\/jornalfatosenoticias.com.br\/wp-content\/uploads\/2020\/02\/logo120.png","contentUrl":"https:\/\/jornalfatosenoticias.com.br\/wp-content\/uploads\/2020\/02\/logo120.png","width":1227,"height":120,"caption":"Jornal Fatos e Not\u00edcias"},"image":{"@id":"https:\/\/jornalfatosenoticias.com.br\/#\/schema\/logo\/image\/"}},{"@type":"Person","@id":"https:\/\/jornalfatosenoticias.com.br\/#\/schema\/person\/d63837fa13ac8666eb9e74e0985d6f81","name":"Luzimara Fernandes","image":{"@type":"ImageObject","inLanguage":"pt-BR","@id":"https:\/\/jornalfatosenoticias.com.br\/#\/schema\/person\/image\/","url":"https:\/\/jornalfatosenoticias.com.br\/wp-content\/uploads\/2025\/05\/EU_portal.jpg","contentUrl":"https:\/\/jornalfatosenoticias.com.br\/wp-content\/uploads\/2025\/05\/EU_portal.jpg","caption":"Luzimara Fernandes"},"description":"Jornalista MTB 2358-ES","sameAs":["https:\/\/jornalfatosenoticias.com.br"],"url":"https:\/\/jornalfatosenoticias.com.br\/index.php\/author\/luzimara\/"}]}},"cc_featured_image_caption":{"caption_text":"Ricardo Martins (Foto: Arquivo Pessoal) \r\n","source_text":"","source_url":""},"jetpack_featured_media_url":"https:\/\/jornalfatosenoticias.com.br\/wp-content\/uploads\/2022\/01\/brasileiro-que-esta-viajando-pelo-mundo-em-uma-bike-de-bambu.jpg","_links":{"self":[{"href":"https:\/\/jornalfatosenoticias.com.br\/index.php\/wp-json\/wp\/v2\/posts\/26437","targetHints":{"allow":["GET"]}}],"collection":[{"href":"https:\/\/jornalfatosenoticias.com.br\/index.php\/wp-json\/wp\/v2\/posts"}],"about":[{"href":"https:\/\/jornalfatosenoticias.com.br\/index.php\/wp-json\/wp\/v2\/types\/post"}],"author":[{"embeddable":true,"href":"https:\/\/jornalfatosenoticias.com.br\/index.php\/wp-json\/wp\/v2\/users\/2"}],"replies":[{"embeddable":true,"href":"https:\/\/jornalfatosenoticias.com.br\/index.php\/wp-json\/wp\/v2\/comments?post=26437"}],"version-history":[{"count":0,"href":"https:\/\/jornalfatosenoticias.com.br\/index.php\/wp-json\/wp\/v2\/posts\/26437\/revisions"}],"wp:featuredmedia":[{"embeddable":true,"href":"https:\/\/jornalfatosenoticias.com.br\/index.php\/wp-json\/wp\/v2\/media\/26438"}],"wp:attachment":[{"href":"https:\/\/jornalfatosenoticias.com.br\/index.php\/wp-json\/wp\/v2\/media?parent=26437"}],"wp:term":[{"taxonomy":"category","embeddable":true,"href":"https:\/\/jornalfatosenoticias.com.br\/index.php\/wp-json\/wp\/v2\/categories?post=26437"},{"taxonomy":"post_tag","embeddable":true,"href":"https:\/\/jornalfatosenoticias.com.br\/index.php\/wp-json\/wp\/v2\/tags?post=26437"}],"curies":[{"name":"wp","href":"https:\/\/api.w.org\/{rel}","templated":true}]}}