{"id":26450,"date":"2022-01-05T11:32:39","date_gmt":"2022-01-05T14:32:39","guid":{"rendered":"https:\/\/jornalfatosenoticias.com.br\/?p=26450"},"modified":"2022-01-05T11:32:42","modified_gmt":"2022-01-05T14:32:42","slug":"john-deere-revela-seu-trator-totalmente-autonomo-na-ces-2022","status":"publish","type":"post","link":"https:\/\/jornalfatosenoticias.com.br\/index.php\/2022\/01\/05\/john-deere-revela-seu-trator-totalmente-autonomo-na-ces-2022\/","title":{"rendered":"John Deere revela seu trator totalmente aut\u00f4nomo na CES 2022"},"content":{"rendered":"\n<p>Na <a href=\"https:\/\/olhardigital.com.br\/2022\/01\/04\/reviews\/ces-2022-nvidia-expande-seu-alcance-com-diversos-novos-lancamentos\/\" target=\"_blank\" rel=\"noreferrer noopener\">CES 2022<\/a>, a John Deere, uma das maiores fabricantes de m\u00e1quinas agr\u00edcolas do mundo,\u00a0<a href=\"https:\/\/www.deere.com\/en\/our-company\/news-and-announcements\/news-releases\/2022\/agriculture\/autonomous-tractor-reveal\/\" target=\"_blank\" rel=\"noreferrer noopener\">revelou<\/a> um trator totalmente aut\u00f4nomo e pronto para produ\u00e7\u00e3o em larga escala. Trata-se de um pacote de hardware e software que combina aprendizado de m\u00e1quina com recursos de dire\u00e7\u00e3o autom\u00e1tica movidos a GPS para trabalhar no campo, permitindo que o fazendeiro saia da cabine \u2014 e at\u00e9 mesmo do campo.<br>Junto ao trator 8R da empresa, h\u00e1 o escarificador habilitado para TruSet e tecnologias para que a m\u00e1quina seja monitorada a partir de um dispositivo m\u00f3vel, como um smartphone. <\/p>\n\n\n\n<blockquote class=\"wp-block-quote is-layout-flow wp-block-quote-is-layout-flow\"><p><span class=\"has-inline-color has-luminous-vivid-orange-color\">\u201cIsto n\u00e3o \u00e9 uma demonstra\u00e7\u00e3o. N\u00e3o \u00e9 uma m\u00e1quina de <a href=\"https:\/\/olhardigital.com.br\/2022\/01\/04\/carros-e-tecnologia\/indigo-revela-na-ces-2022-designs-de-veiculos-eletricos-para-transporte-compartilhado-e-de-entregas\/\" target=\"_blank\" rel=\"noreferrer noopener\">conceito<\/a>. \u00c9 algo que temos no campo com fazendeiros h\u00e1 anos e que iniciaremos a produ\u00e7\u00e3o no outono [segundo semestre de 2022]\u201d,\u00a0<a href=\"https:\/\/www.theverge.com\/2022\/1\/4\/22866699\/john-deere-autonomous-farming-ai-machine-vision-kit\" target=\"_blank\" rel=\"noreferrer noopener\">disse Deanna Kovar<\/a>, vice-presidente de produ\u00e7\u00e3o e sistemas de produ\u00e7\u00e3o agr\u00edcola de precis\u00e3o da John Deere.<\/span><\/p><\/blockquote>\n\n\n\n<p><strong><span class=\"has-inline-color has-black-color\">Trator trabalhando sozinho<br><\/span><\/strong>O trator aut\u00f4nomo possui seis pares de c\u00e2meras est\u00e9reo, que permitem a detec\u00e7\u00e3o de obst\u00e1culos em 360 graus e o c\u00e1lculo da dist\u00e2ncia. As <a href=\"https:\/\/olhardigital.com.br\/2022\/01\/04\/games-e-consoles\/amd-lanca-novo-software-de-super-resolucao-que-promete-melhoria-para-quase-todos-os-jogos-entenda\/\" target=\"_blank\" rel=\"noreferrer noopener\">imagens<\/a> capturadas pelas c\u00e2meras passam por uma rede neural profunda que classifica cada pixel em aproximadamente 100 milissegundos e determina se a m\u00e1quina continua se movendo ou para, dependendo se um obst\u00e1culo \u00e9 detectado.<\/p>\n\n\n\n<figure class=\"wp-block-image size-large\"><img loading=\"lazy\" decoding=\"async\" width=\"1000\" height=\"479\" src=\"https:\/\/jornalfatosenoticias.com.br\/wp-content\/uploads\/2022\/01\/deere-trator-2.jpg\" alt=\"\" class=\"wp-image-26451\" srcset=\"https:\/\/jornalfatosenoticias.com.br\/wp-content\/uploads\/2022\/01\/deere-trator-2.jpg 1000w, https:\/\/jornalfatosenoticias.com.br\/wp-content\/uploads\/2022\/01\/deere-trator-2-300x144.jpg 300w, https:\/\/jornalfatosenoticias.com.br\/wp-content\/uploads\/2022\/01\/deere-trator-2-768x368.jpg 768w\" sizes=\"auto, (max-width: 1000px) 100vw, 1000px\" \/><figcaption><em><span class=\"has-inline-color has-black-color\">(Foto: Divulga\u00e7\u00e3o\/John Deere)<\/span><\/em><\/figcaption><\/figure>\n\n\n\n<p>A posi\u00e7\u00e3o do trator \u00e9 verificada continuamente em rela\u00e7\u00e3o a uma geocerca, com extrema precis\u00e3o, para garantir que a m\u00e1quina esteja <a href=\"https:\/\/olhardigital.com.br\/2021\/08\/04\/carros-e-tecnologia\/trator-eletrico-solectrac-e70n\/\" target=\"_blank\" rel=\"noreferrer noopener\">operando<\/a> onde deveria. Com esta tecnologia, a John Deere afirma que os agricultores n\u00e3o s\u00f3 poder\u00e3o tirar as m\u00e3os do volante do ve\u00edculo ou sair da cabine, como tamb\u00e9m sair do campo, deixando o equipamento fazer o trabalho sem eles.<\/p>\n\n\n\n<p><strong><span class=\"has-inline-color has-black-color\">Conferindo a fazenda pelo celular<br><\/span><\/strong>Caber\u00e1 ao agricultor s\u00f3 transportar o trator at\u00e9 o campo e configur\u00e1-lo para opera\u00e7\u00e3o aut\u00f4noma. Ap\u00f3s iniciar o funcionamento da m\u00e1quina, a pessoa poder\u00e1 se concentrar em outras tarefas, enquanto monitora os trabalhos do ve\u00edculo em seu <a href=\"https:\/\/olhardigital.com.br\/2021\/11\/30\/games-e-consoles\/farming-simulator-22-vende-15-milhao-de-copias-na-primeira-semana\/\" target=\"_blank\" rel=\"noreferrer noopener\">celular<\/a> ou outro dispositivo m\u00f3vel.<\/p>\n\n\n\n<figure class=\"wp-block-image size-large\"><img loading=\"lazy\" decoding=\"async\" width=\"1000\" height=\"562\" src=\"https:\/\/jornalfatosenoticias.com.br\/wp-content\/uploads\/2022\/01\/deere-trator-3.jpg\" alt=\"\" class=\"wp-image-26452\" srcset=\"https:\/\/jornalfatosenoticias.com.br\/wp-content\/uploads\/2022\/01\/deere-trator-3.jpg 1000w, https:\/\/jornalfatosenoticias.com.br\/wp-content\/uploads\/2022\/01\/deere-trator-3-300x169.jpg 300w, https:\/\/jornalfatosenoticias.com.br\/wp-content\/uploads\/2022\/01\/deere-trator-3-768x432.jpg 768w\" sizes=\"auto, (max-width: 1000px) 100vw, 1000px\" \/><figcaption><em><span class=\"has-inline-color has-black-color\">(Foto: Divulga\u00e7\u00e3o\/John Deere)<\/span><\/em><\/figcaption><\/figure>\n\n\n\n<p>A ferramenta digital da John Deere fornece acesso a v\u00eddeo ao vivo, imagens, dados e m\u00e9tricas e permite que o agricultor ajuste a <a href=\"https:\/\/olhardigital.com.br\/2021\/11\/26\/carros-e-tecnologia\/ford-super-duty-eletrico\/\" target=\"_blank\" rel=\"noreferrer noopener\">velocidade<\/a>, profundidade e muito mais. No caso de qualquer anomalia na qualidade do trabalho ou problemas na m\u00e1quina, os agricultores ser\u00e3o notificados remotamente e podem fazer ajustes para otimizar o desempenho do trator.<\/p>\n\n\n\n<p><strong><span class=\"has-inline-color has-black-color\">Apoio humano<br><\/span><\/strong>Quando os algoritmos da empresa detectam algo inesperado, as imagens das <a href=\"https:\/\/olhardigital.com.br\/2021\/11\/29\/ciencia-e-espaco\/camera-do-tamanho-de-um-grao-de-sal-grosso-e-capaz-de-produzir-imagens-nitidas-e-coloridas-do-corpo-humano\/\" target=\"_blank\" rel=\"noreferrer noopener\">c\u00e2meras<\/a> s\u00e3o enviadas para \u201cteleoperadoras\u201d. Aqui, ter\u00edamos algo como uma central de atendimento de terceiros, com pessoas verificando se o obst\u00e1culo \u00e9 um falso positivo ou se o problema foi resolvido.<\/p>\n\n\n\n<figure class=\"wp-block-image size-large\"><img loading=\"lazy\" decoding=\"async\" width=\"1000\" height=\"562\" src=\"https:\/\/jornalfatosenoticias.com.br\/wp-content\/uploads\/2022\/01\/deere-trator-4.jpg\" alt=\"\" class=\"wp-image-26453\" srcset=\"https:\/\/jornalfatosenoticias.com.br\/wp-content\/uploads\/2022\/01\/deere-trator-4.jpg 1000w, https:\/\/jornalfatosenoticias.com.br\/wp-content\/uploads\/2022\/01\/deere-trator-4-300x169.jpg 300w, https:\/\/jornalfatosenoticias.com.br\/wp-content\/uploads\/2022\/01\/deere-trator-4-768x432.jpg 768w\" sizes=\"auto, (max-width: 1000px) 100vw, 1000px\" \/><figcaption><em><span class=\"has-inline-color has-black-color\">(Foto: Divulga\u00e7\u00e3o\/John Deere)<\/span><\/em><\/figcaption><\/figure>\n\n\n\n<p>Se for um problema real, a informa\u00e7\u00e3o ser\u00e1 encaminhada ao fazendeiro por meio de um alerta em seu aplicativo m\u00f3vel. O <a href=\"https:\/\/olhardigital.com.br\/2021\/11\/25\/pro\/startup-analise-dna-vermes-do-solo\/\" target=\"_blank\" rel=\"noreferrer noopener\">agricultor<\/a> pode ent\u00e3o ver as imagens por si mesmo e decidir se deseja tra\u00e7ar um novo curso ou verificar a situa\u00e7\u00e3o pessoalmente.<\/p>\n\n\n\n<blockquote class=\"wp-block-quote is-layout-flow wp-block-quote-is-layout-flow\"><p><span class=\"has-inline-color has-luminous-vivid-orange-color\">\u201cTreinamos o algoritmo para saber que s\u00e3o p\u00e1ssaros voando, voc\u00ea n\u00e3o precisa parar para os p\u00e1ssaros. Mas se voc\u00ea tiver, digamos, um <a href=\"https:\/\/olhardigital.com.br\/2021\/12\/15\/carros-e-tecnologia\/cachorro-e-visto-pilotando-sozinho-um-tesla-assista\/\" target=\"_blank\" rel=\"noreferrer noopener\">cachorro<\/a> no campo, ent\u00e3o vamos parar\u201d, diz Kovar. \u201cN\u00e3o queremos alertar sempre o agricultor porque podem ser duas da manh\u00e3. Parte do valor da autonomia \u00e9 permitir que os agricultores se concentrem em outras tarefas\u201d.<\/span><\/p><\/blockquote>\n\n\n\n<p><strong><em>Fonte: <a href=\"https:\/\/olhardigital.com.br\/2022\/01\/05\/carros-e-tecnologia\/john-deere-revela-seu-trator-totalmente-autonomo-na-ces-2022\/\">Olhar Digital<\/a><\/em><\/strong><\/p>\n","protected":false},"excerpt":{"rendered":"<p>Na CES 2022, a John Deere, uma das maiores fabricantes de m\u00e1quinas agr\u00edcolas do mundo,\u00a0revelou um trator totalmente aut\u00f4nomo e pronto para produ\u00e7\u00e3o em larga escala. Trata-se de um pacote de hardware e software que combina aprendizado de m\u00e1quina com recursos de dire\u00e7\u00e3o autom\u00e1tica movidos a GPS para trabalhar no campo, permitindo que o fazendeiro [&hellip;]<\/p>\n","protected":false},"author":2,"featured_media":26454,"comment_status":"open","ping_status":"open","sticky":false,"template":"","format":"standard","meta":{"footnotes":""},"categories":[3],"tags":[12723,12733,12368,12734],"class_list":["post-26450","post","type-post","status-publish","format-standard","has-post-thumbnail","hentry","category-tecnologia","tag-ces-2022","tag-john-deere","tag-trator","tag-veiculo-autonomo"],"yoast_head":"<!-- This site is optimized with the Yoast SEO plugin v26.5 - https:\/\/yoast.com\/wordpress\/plugins\/seo\/ -->\n<title>John Deere revela seu trator totalmente aut\u00f4nomo na CES 2022 - Jornal Fatos e Not\u00edcias<\/title>\n<meta name=\"robots\" content=\"index, follow, max-snippet:-1, max-image-preview:large, max-video-preview:-1\" \/>\n<link rel=\"canonical\" href=\"https:\/\/jornalfatosenoticias.com.br\/index.php\/2022\/01\/05\/john-deere-revela-seu-trator-totalmente-autonomo-na-ces-2022\/\" \/>\n<meta property=\"og:locale\" content=\"pt_BR\" \/>\n<meta property=\"og:type\" content=\"article\" \/>\n<meta property=\"og:title\" content=\"John Deere revela seu trator totalmente aut\u00f4nomo na CES 2022 - Jornal Fatos e Not\u00edcias\" \/>\n<meta property=\"og:description\" content=\"Na CES 2022, a John Deere, uma das maiores fabricantes de m\u00e1quinas agr\u00edcolas do mundo,\u00a0revelou um trator totalmente aut\u00f4nomo e pronto para produ\u00e7\u00e3o em larga escala. Trata-se de um pacote de hardware e software que combina aprendizado de m\u00e1quina com recursos de dire\u00e7\u00e3o autom\u00e1tica movidos a GPS para trabalhar no campo, permitindo que o fazendeiro [&hellip;]\" \/>\n<meta property=\"og:url\" content=\"https:\/\/jornalfatosenoticias.com.br\/index.php\/2022\/01\/05\/john-deere-revela-seu-trator-totalmente-autonomo-na-ces-2022\/\" \/>\n<meta property=\"og:site_name\" content=\"Jornal Fatos e Not\u00edcias\" \/>\n<meta property=\"article:published_time\" content=\"2022-01-05T14:32:39+00:00\" \/>\n<meta property=\"article:modified_time\" content=\"2022-01-05T14:32:42+00:00\" \/>\n<meta property=\"og:image\" content=\"https:\/\/jornalfatosenoticias.com.br\/wp-content\/uploads\/2022\/01\/deere-trator-1.jpg\" \/>\n\t<meta property=\"og:image:width\" content=\"1000\" \/>\n\t<meta property=\"og:image:height\" content=\"504\" \/>\n\t<meta property=\"og:image:type\" content=\"image\/jpeg\" \/>\n<meta name=\"author\" content=\"Luzimara Fernandes\" \/>\n<meta name=\"twitter:card\" content=\"summary_large_image\" \/>\n<meta name=\"twitter:label1\" content=\"Escrito por\" \/>\n\t<meta name=\"twitter:data1\" content=\"Luzimara Fernandes\" \/>\n\t<meta name=\"twitter:label2\" content=\"Est. tempo de leitura\" \/>\n\t<meta name=\"twitter:data2\" content=\"3 minutos\" \/>\n<script type=\"application\/ld+json\" class=\"yoast-schema-graph\">{\"@context\":\"https:\/\/schema.org\",\"@graph\":[{\"@type\":\"Article\",\"@id\":\"https:\/\/jornalfatosenoticias.com.br\/index.php\/2022\/01\/05\/john-deere-revela-seu-trator-totalmente-autonomo-na-ces-2022\/#article\",\"isPartOf\":{\"@id\":\"https:\/\/jornalfatosenoticias.com.br\/index.php\/2022\/01\/05\/john-deere-revela-seu-trator-totalmente-autonomo-na-ces-2022\/\"},\"author\":{\"name\":\"Luzimara Fernandes\",\"@id\":\"https:\/\/jornalfatosenoticias.com.br\/#\/schema\/person\/d63837fa13ac8666eb9e74e0985d6f81\"},\"headline\":\"John Deere revela seu trator totalmente aut\u00f4nomo na CES 2022\",\"datePublished\":\"2022-01-05T14:32:39+00:00\",\"dateModified\":\"2022-01-05T14:32:42+00:00\",\"mainEntityOfPage\":{\"@id\":\"https:\/\/jornalfatosenoticias.com.br\/index.php\/2022\/01\/05\/john-deere-revela-seu-trator-totalmente-autonomo-na-ces-2022\/\"},\"wordCount\":590,\"commentCount\":0,\"publisher\":{\"@id\":\"https:\/\/jornalfatosenoticias.com.br\/#organization\"},\"image\":{\"@id\":\"https:\/\/jornalfatosenoticias.com.br\/index.php\/2022\/01\/05\/john-deere-revela-seu-trator-totalmente-autonomo-na-ces-2022\/#primaryimage\"},\"thumbnailUrl\":\"https:\/\/jornalfatosenoticias.com.br\/wp-content\/uploads\/2022\/01\/deere-trator-1.jpg\",\"keywords\":[\"CES 2022\",\"John Deere\",\"trator\",\"ve\u00edculo aut\u00f4nomo\"],\"articleSection\":[\"Tecnologia &amp; Inova\u00e7\u00e3o\"],\"inLanguage\":\"pt-BR\",\"potentialAction\":[{\"@type\":\"CommentAction\",\"name\":\"Comment\",\"target\":[\"https:\/\/jornalfatosenoticias.com.br\/index.php\/2022\/01\/05\/john-deere-revela-seu-trator-totalmente-autonomo-na-ces-2022\/#respond\"]}]},{\"@type\":\"WebPage\",\"@id\":\"https:\/\/jornalfatosenoticias.com.br\/index.php\/2022\/01\/05\/john-deere-revela-seu-trator-totalmente-autonomo-na-ces-2022\/\",\"url\":\"https:\/\/jornalfatosenoticias.com.br\/index.php\/2022\/01\/05\/john-deere-revela-seu-trator-totalmente-autonomo-na-ces-2022\/\",\"name\":\"John Deere revela seu trator totalmente aut\u00f4nomo na CES 2022 - Jornal Fatos e Not\u00edcias\",\"isPartOf\":{\"@id\":\"https:\/\/jornalfatosenoticias.com.br\/#website\"},\"primaryImageOfPage\":{\"@id\":\"https:\/\/jornalfatosenoticias.com.br\/index.php\/2022\/01\/05\/john-deere-revela-seu-trator-totalmente-autonomo-na-ces-2022\/#primaryimage\"},\"image\":{\"@id\":\"https:\/\/jornalfatosenoticias.com.br\/index.php\/2022\/01\/05\/john-deere-revela-seu-trator-totalmente-autonomo-na-ces-2022\/#primaryimage\"},\"thumbnailUrl\":\"https:\/\/jornalfatosenoticias.com.br\/wp-content\/uploads\/2022\/01\/deere-trator-1.jpg\",\"datePublished\":\"2022-01-05T14:32:39+00:00\",\"dateModified\":\"2022-01-05T14:32:42+00:00\",\"breadcrumb\":{\"@id\":\"https:\/\/jornalfatosenoticias.com.br\/index.php\/2022\/01\/05\/john-deere-revela-seu-trator-totalmente-autonomo-na-ces-2022\/#breadcrumb\"},\"inLanguage\":\"pt-BR\",\"potentialAction\":[{\"@type\":\"ReadAction\",\"target\":[\"https:\/\/jornalfatosenoticias.com.br\/index.php\/2022\/01\/05\/john-deere-revela-seu-trator-totalmente-autonomo-na-ces-2022\/\"]}]},{\"@type\":\"ImageObject\",\"inLanguage\":\"pt-BR\",\"@id\":\"https:\/\/jornalfatosenoticias.com.br\/index.php\/2022\/01\/05\/john-deere-revela-seu-trator-totalmente-autonomo-na-ces-2022\/#primaryimage\",\"url\":\"https:\/\/jornalfatosenoticias.com.br\/wp-content\/uploads\/2022\/01\/deere-trator-1.jpg\",\"contentUrl\":\"https:\/\/jornalfatosenoticias.com.br\/wp-content\/uploads\/2022\/01\/deere-trator-1.jpg\",\"width\":1000,\"height\":504},{\"@type\":\"BreadcrumbList\",\"@id\":\"https:\/\/jornalfatosenoticias.com.br\/index.php\/2022\/01\/05\/john-deere-revela-seu-trator-totalmente-autonomo-na-ces-2022\/#breadcrumb\",\"itemListElement\":[{\"@type\":\"ListItem\",\"position\":1,\"name\":\"In\u00edcio\",\"item\":\"https:\/\/jornalfatosenoticias.com.br\/\"},{\"@type\":\"ListItem\",\"position\":2,\"name\":\"John Deere revela seu trator totalmente aut\u00f4nomo na CES 2022\"}]},{\"@type\":\"WebSite\",\"@id\":\"https:\/\/jornalfatosenoticias.com.br\/#website\",\"url\":\"https:\/\/jornalfatosenoticias.com.br\/\",\"name\":\"Jornal Fatos e Not\u00edcias\",\"description\":\"Not\u00edcias em geral\",\"publisher\":{\"@id\":\"https:\/\/jornalfatosenoticias.com.br\/#organization\"},\"potentialAction\":[{\"@type\":\"SearchAction\",\"target\":{\"@type\":\"EntryPoint\",\"urlTemplate\":\"https:\/\/jornalfatosenoticias.com.br\/?s={search_term_string}\"},\"query-input\":{\"@type\":\"PropertyValueSpecification\",\"valueRequired\":true,\"valueName\":\"search_term_string\"}}],\"inLanguage\":\"pt-BR\"},{\"@type\":\"Organization\",\"@id\":\"https:\/\/jornalfatosenoticias.com.br\/#organization\",\"name\":\"Jornal Fatos e Not\u00edcias\",\"url\":\"https:\/\/jornalfatosenoticias.com.br\/\",\"logo\":{\"@type\":\"ImageObject\",\"inLanguage\":\"pt-BR\",\"@id\":\"https:\/\/jornalfatosenoticias.com.br\/#\/schema\/logo\/image\/\",\"url\":\"https:\/\/jornalfatosenoticias.com.br\/wp-content\/uploads\/2020\/02\/logo120.png\",\"contentUrl\":\"https:\/\/jornalfatosenoticias.com.br\/wp-content\/uploads\/2020\/02\/logo120.png\",\"width\":1227,\"height\":120,\"caption\":\"Jornal Fatos e Not\u00edcias\"},\"image\":{\"@id\":\"https:\/\/jornalfatosenoticias.com.br\/#\/schema\/logo\/image\/\"}},{\"@type\":\"Person\",\"@id\":\"https:\/\/jornalfatosenoticias.com.br\/#\/schema\/person\/d63837fa13ac8666eb9e74e0985d6f81\",\"name\":\"Luzimara Fernandes\",\"image\":{\"@type\":\"ImageObject\",\"inLanguage\":\"pt-BR\",\"@id\":\"https:\/\/jornalfatosenoticias.com.br\/#\/schema\/person\/image\/\",\"url\":\"https:\/\/jornalfatosenoticias.com.br\/wp-content\/uploads\/2025\/05\/EU_portal.jpg\",\"contentUrl\":\"https:\/\/jornalfatosenoticias.com.br\/wp-content\/uploads\/2025\/05\/EU_portal.jpg\",\"caption\":\"Luzimara Fernandes\"},\"description\":\"Jornalista MTB 2358-ES\",\"sameAs\":[\"https:\/\/jornalfatosenoticias.com.br\"],\"url\":\"https:\/\/jornalfatosenoticias.com.br\/index.php\/author\/luzimara\/\"}]}<\/script>\n<!-- \/ Yoast SEO plugin. -->","yoast_head_json":{"title":"John Deere revela seu trator totalmente aut\u00f4nomo na CES 2022 - Jornal Fatos e Not\u00edcias","robots":{"index":"index","follow":"follow","max-snippet":"max-snippet:-1","max-image-preview":"max-image-preview:large","max-video-preview":"max-video-preview:-1"},"canonical":"https:\/\/jornalfatosenoticias.com.br\/index.php\/2022\/01\/05\/john-deere-revela-seu-trator-totalmente-autonomo-na-ces-2022\/","og_locale":"pt_BR","og_type":"article","og_title":"John Deere revela seu trator totalmente aut\u00f4nomo na CES 2022 - Jornal Fatos e Not\u00edcias","og_description":"Na CES 2022, a John Deere, uma das maiores fabricantes de m\u00e1quinas agr\u00edcolas do mundo,\u00a0revelou um trator totalmente aut\u00f4nomo e pronto para produ\u00e7\u00e3o em larga escala. Trata-se de um pacote de hardware e software que combina aprendizado de m\u00e1quina com recursos de dire\u00e7\u00e3o autom\u00e1tica movidos a GPS para trabalhar no campo, permitindo que o fazendeiro [&hellip;]","og_url":"https:\/\/jornalfatosenoticias.com.br\/index.php\/2022\/01\/05\/john-deere-revela-seu-trator-totalmente-autonomo-na-ces-2022\/","og_site_name":"Jornal Fatos e Not\u00edcias","article_published_time":"2022-01-05T14:32:39+00:00","article_modified_time":"2022-01-05T14:32:42+00:00","og_image":[{"width":1000,"height":504,"url":"https:\/\/jornalfatosenoticias.com.br\/wp-content\/uploads\/2022\/01\/deere-trator-1.jpg","type":"image\/jpeg"}],"author":"Luzimara Fernandes","twitter_card":"summary_large_image","twitter_misc":{"Escrito por":"Luzimara Fernandes","Est. tempo de leitura":"3 minutos"},"schema":{"@context":"https:\/\/schema.org","@graph":[{"@type":"Article","@id":"https:\/\/jornalfatosenoticias.com.br\/index.php\/2022\/01\/05\/john-deere-revela-seu-trator-totalmente-autonomo-na-ces-2022\/#article","isPartOf":{"@id":"https:\/\/jornalfatosenoticias.com.br\/index.php\/2022\/01\/05\/john-deere-revela-seu-trator-totalmente-autonomo-na-ces-2022\/"},"author":{"name":"Luzimara Fernandes","@id":"https:\/\/jornalfatosenoticias.com.br\/#\/schema\/person\/d63837fa13ac8666eb9e74e0985d6f81"},"headline":"John Deere revela seu trator totalmente aut\u00f4nomo na CES 2022","datePublished":"2022-01-05T14:32:39+00:00","dateModified":"2022-01-05T14:32:42+00:00","mainEntityOfPage":{"@id":"https:\/\/jornalfatosenoticias.com.br\/index.php\/2022\/01\/05\/john-deere-revela-seu-trator-totalmente-autonomo-na-ces-2022\/"},"wordCount":590,"commentCount":0,"publisher":{"@id":"https:\/\/jornalfatosenoticias.com.br\/#organization"},"image":{"@id":"https:\/\/jornalfatosenoticias.com.br\/index.php\/2022\/01\/05\/john-deere-revela-seu-trator-totalmente-autonomo-na-ces-2022\/#primaryimage"},"thumbnailUrl":"https:\/\/jornalfatosenoticias.com.br\/wp-content\/uploads\/2022\/01\/deere-trator-1.jpg","keywords":["CES 2022","John Deere","trator","ve\u00edculo aut\u00f4nomo"],"articleSection":["Tecnologia &amp; Inova\u00e7\u00e3o"],"inLanguage":"pt-BR","potentialAction":[{"@type":"CommentAction","name":"Comment","target":["https:\/\/jornalfatosenoticias.com.br\/index.php\/2022\/01\/05\/john-deere-revela-seu-trator-totalmente-autonomo-na-ces-2022\/#respond"]}]},{"@type":"WebPage","@id":"https:\/\/jornalfatosenoticias.com.br\/index.php\/2022\/01\/05\/john-deere-revela-seu-trator-totalmente-autonomo-na-ces-2022\/","url":"https:\/\/jornalfatosenoticias.com.br\/index.php\/2022\/01\/05\/john-deere-revela-seu-trator-totalmente-autonomo-na-ces-2022\/","name":"John Deere revela seu trator totalmente aut\u00f4nomo na CES 2022 - Jornal Fatos e Not\u00edcias","isPartOf":{"@id":"https:\/\/jornalfatosenoticias.com.br\/#website"},"primaryImageOfPage":{"@id":"https:\/\/jornalfatosenoticias.com.br\/index.php\/2022\/01\/05\/john-deere-revela-seu-trator-totalmente-autonomo-na-ces-2022\/#primaryimage"},"image":{"@id":"https:\/\/jornalfatosenoticias.com.br\/index.php\/2022\/01\/05\/john-deere-revela-seu-trator-totalmente-autonomo-na-ces-2022\/#primaryimage"},"thumbnailUrl":"https:\/\/jornalfatosenoticias.com.br\/wp-content\/uploads\/2022\/01\/deere-trator-1.jpg","datePublished":"2022-01-05T14:32:39+00:00","dateModified":"2022-01-05T14:32:42+00:00","breadcrumb":{"@id":"https:\/\/jornalfatosenoticias.com.br\/index.php\/2022\/01\/05\/john-deere-revela-seu-trator-totalmente-autonomo-na-ces-2022\/#breadcrumb"},"inLanguage":"pt-BR","potentialAction":[{"@type":"ReadAction","target":["https:\/\/jornalfatosenoticias.com.br\/index.php\/2022\/01\/05\/john-deere-revela-seu-trator-totalmente-autonomo-na-ces-2022\/"]}]},{"@type":"ImageObject","inLanguage":"pt-BR","@id":"https:\/\/jornalfatosenoticias.com.br\/index.php\/2022\/01\/05\/john-deere-revela-seu-trator-totalmente-autonomo-na-ces-2022\/#primaryimage","url":"https:\/\/jornalfatosenoticias.com.br\/wp-content\/uploads\/2022\/01\/deere-trator-1.jpg","contentUrl":"https:\/\/jornalfatosenoticias.com.br\/wp-content\/uploads\/2022\/01\/deere-trator-1.jpg","width":1000,"height":504},{"@type":"BreadcrumbList","@id":"https:\/\/jornalfatosenoticias.com.br\/index.php\/2022\/01\/05\/john-deere-revela-seu-trator-totalmente-autonomo-na-ces-2022\/#breadcrumb","itemListElement":[{"@type":"ListItem","position":1,"name":"In\u00edcio","item":"https:\/\/jornalfatosenoticias.com.br\/"},{"@type":"ListItem","position":2,"name":"John Deere revela seu trator totalmente aut\u00f4nomo na CES 2022"}]},{"@type":"WebSite","@id":"https:\/\/jornalfatosenoticias.com.br\/#website","url":"https:\/\/jornalfatosenoticias.com.br\/","name":"Jornal Fatos e Not\u00edcias","description":"Not\u00edcias em geral","publisher":{"@id":"https:\/\/jornalfatosenoticias.com.br\/#organization"},"potentialAction":[{"@type":"SearchAction","target":{"@type":"EntryPoint","urlTemplate":"https:\/\/jornalfatosenoticias.com.br\/?s={search_term_string}"},"query-input":{"@type":"PropertyValueSpecification","valueRequired":true,"valueName":"search_term_string"}}],"inLanguage":"pt-BR"},{"@type":"Organization","@id":"https:\/\/jornalfatosenoticias.com.br\/#organization","name":"Jornal Fatos e Not\u00edcias","url":"https:\/\/jornalfatosenoticias.com.br\/","logo":{"@type":"ImageObject","inLanguage":"pt-BR","@id":"https:\/\/jornalfatosenoticias.com.br\/#\/schema\/logo\/image\/","url":"https:\/\/jornalfatosenoticias.com.br\/wp-content\/uploads\/2020\/02\/logo120.png","contentUrl":"https:\/\/jornalfatosenoticias.com.br\/wp-content\/uploads\/2020\/02\/logo120.png","width":1227,"height":120,"caption":"Jornal Fatos e Not\u00edcias"},"image":{"@id":"https:\/\/jornalfatosenoticias.com.br\/#\/schema\/logo\/image\/"}},{"@type":"Person","@id":"https:\/\/jornalfatosenoticias.com.br\/#\/schema\/person\/d63837fa13ac8666eb9e74e0985d6f81","name":"Luzimara Fernandes","image":{"@type":"ImageObject","inLanguage":"pt-BR","@id":"https:\/\/jornalfatosenoticias.com.br\/#\/schema\/person\/image\/","url":"https:\/\/jornalfatosenoticias.com.br\/wp-content\/uploads\/2025\/05\/EU_portal.jpg","contentUrl":"https:\/\/jornalfatosenoticias.com.br\/wp-content\/uploads\/2025\/05\/EU_portal.jpg","caption":"Luzimara Fernandes"},"description":"Jornalista MTB 2358-ES","sameAs":["https:\/\/jornalfatosenoticias.com.br"],"url":"https:\/\/jornalfatosenoticias.com.br\/index.php\/author\/luzimara\/"}]}},"cc_featured_image_caption":{"caption_text":"(Foto: Divulga\u00e7\u00e3o\/John Deere) ","source_text":"","source_url":""},"jetpack_featured_media_url":"https:\/\/jornalfatosenoticias.com.br\/wp-content\/uploads\/2022\/01\/deere-trator-1.jpg","_links":{"self":[{"href":"https:\/\/jornalfatosenoticias.com.br\/index.php\/wp-json\/wp\/v2\/posts\/26450","targetHints":{"allow":["GET"]}}],"collection":[{"href":"https:\/\/jornalfatosenoticias.com.br\/index.php\/wp-json\/wp\/v2\/posts"}],"about":[{"href":"https:\/\/jornalfatosenoticias.com.br\/index.php\/wp-json\/wp\/v2\/types\/post"}],"author":[{"embeddable":true,"href":"https:\/\/jornalfatosenoticias.com.br\/index.php\/wp-json\/wp\/v2\/users\/2"}],"replies":[{"embeddable":true,"href":"https:\/\/jornalfatosenoticias.com.br\/index.php\/wp-json\/wp\/v2\/comments?post=26450"}],"version-history":[{"count":0,"href":"https:\/\/jornalfatosenoticias.com.br\/index.php\/wp-json\/wp\/v2\/posts\/26450\/revisions"}],"wp:featuredmedia":[{"embeddable":true,"href":"https:\/\/jornalfatosenoticias.com.br\/index.php\/wp-json\/wp\/v2\/media\/26454"}],"wp:attachment":[{"href":"https:\/\/jornalfatosenoticias.com.br\/index.php\/wp-json\/wp\/v2\/media?parent=26450"}],"wp:term":[{"taxonomy":"category","embeddable":true,"href":"https:\/\/jornalfatosenoticias.com.br\/index.php\/wp-json\/wp\/v2\/categories?post=26450"},{"taxonomy":"post_tag","embeddable":true,"href":"https:\/\/jornalfatosenoticias.com.br\/index.php\/wp-json\/wp\/v2\/tags?post=26450"}],"curies":[{"name":"wp","href":"https:\/\/api.w.org\/{rel}","templated":true}]}}