{"id":26464,"date":"2022-01-05T12:56:31","date_gmt":"2022-01-05T15:56:31","guid":{"rendered":"https:\/\/jornalfatosenoticias.com.br\/?p=26464"},"modified":"2022-01-05T12:56:34","modified_gmt":"2022-01-05T15:56:34","slug":"mec-registra-recorde-de-autorizacao-de-novas-vagas-na-educacao-superior-em-2021","status":"publish","type":"post","link":"https:\/\/jornalfatosenoticias.com.br\/index.php\/2022\/01\/05\/mec-registra-recorde-de-autorizacao-de-novas-vagas-na-educacao-superior-em-2021\/","title":{"rendered":"MEC registra recorde de autoriza\u00e7\u00e3o de novas vagas na educa\u00e7\u00e3o superior em 2021"},"content":{"rendered":"\n<p><em><span class=\"has-inline-color has-black-color\">Foram autorizadas 596.198 novas vagas de cursos superiores, sendo 436.358 na modalidade EAD e 159.840 presencial<\/span><\/em><\/p>\n\n\n\n<p>O Minist\u00e9rio da Educa\u00e7\u00e3o \u2014 MEC alcan\u00e7ou a marca de cerca de 600 mil novas vagas autorizadas no ano de 2021 para a educa\u00e7\u00e3o superior brasileira. Do total, 436.358 vagas s\u00e3o para oferta na modalidade a dist\u00e2ncia e 159.840 para cursos presenciais. Segundo levantamento realizado pela Secretaria de Regula\u00e7\u00e3o e Supervis\u00e3o da Educa\u00e7\u00e3o Superior \u2014 Seres, \u00e9 o maior n\u00famero de vagas autorizadas na compara\u00e7\u00e3o entre 2015 e 2021.<br>As vagas est\u00e3o distribu\u00eddas nos 1.576 novos cursos autorizados em 2021, beneficiando mais de 650 institui\u00e7\u00f5es de educa\u00e7\u00e3o superior. A gradua\u00e7\u00e3o em Enfermagem lidera com 112 cursos superiores autorizados, seguida por Direito com 108, Pedagogia com 90, Psicologia com 85 e Administra\u00e7\u00e3o com 72.<br>Os n\u00fameros de vagas e cursos criados em 2021 podem ser ainda maiores em fun\u00e7\u00e3o da autonomia de universidades e centros universit\u00e1rios para autorizar cursos superiores, estabelecida pelo art. 40 do Decreto n\u00ba 9.235, de 15 de dezembro de 2021.<br>Al\u00e9m da autoriza\u00e7\u00e3o de curso, o MEC tamb\u00e9m registrou bons \u00edndices nos atos de reconhecimento e renova\u00e7\u00e3o de reconhecimento de curso. Foram 925 cursos reconhecidos e 8.214 cursos com renova\u00e7\u00e3o de reconhecimento.<br>O balan\u00e7o parcial das a\u00e7\u00f5es realizadas pela Seres no ano de 2021 foi apresentado para as entidades representativas da educa\u00e7\u00e3o superior no \u00faltimo dia 20, ocasi\u00e3o em que o Secret\u00e1rio Paulo Almeida ressaltou o recorde de Portarias publicadas dos \u00faltimos sete anos pela Secretaria. Foram publicadas um total de 2.022 portarias no Di\u00e1rio Oficial da Uni\u00e3o.<\/p>\n\n\n\n<figure class=\"wp-block-image size-large\"><img loading=\"lazy\" decoding=\"async\" width=\"1000\" height=\"562\" src=\"https:\/\/jornalfatosenoticias.com.br\/wp-content\/uploads\/2022\/01\/Grafico_SERES.png\" alt=\"\" class=\"wp-image-26465\" srcset=\"https:\/\/jornalfatosenoticias.com.br\/wp-content\/uploads\/2022\/01\/Grafico_SERES.png 1000w, https:\/\/jornalfatosenoticias.com.br\/wp-content\/uploads\/2022\/01\/Grafico_SERES-300x169.png 300w, https:\/\/jornalfatosenoticias.com.br\/wp-content\/uploads\/2022\/01\/Grafico_SERES-768x432.png 768w\" sizes=\"auto, (max-width: 1000px) 100vw, 1000px\" \/><\/figure>\n\n\n\n<p>Para o secret\u00e1rio de Regula\u00e7\u00e3o e Supervis\u00e3o da Educa\u00e7\u00e3o Superior, \u201co ano de 2021 foi o ano da retomada na educa\u00e7\u00e3o superior. Autoriza\u00e7\u00e3o e reconhecimento dos cursos superiores voltaram a \u00edndices pr\u00e9-pandemia. Mas 2021 n\u00e3o foi s\u00f3 voltar a ser como antes, mas tamb\u00e9m de avan\u00e7ar. Alcan\u00e7amos a marca de mais de 2.000 portarias publicadas, um recorde dos \u00faltimos sete anos\u201d.<\/p>\n\n\n\n<p><strong><span class=\"has-inline-color has-black-color\">Autoriza\u00e7\u00e3o<br><\/span><\/strong>Para solicitar a autoriza\u00e7\u00e3o de um novo curso superior, a institui\u00e7\u00e3o precisa protocolar processo no sistema e-Mec conforme calend\u00e1rio regulat\u00f3rio publicado pelo MEC. O Inep autarquia do MEC, realiza a avalia\u00e7\u00e3o dos cursos, analisando as seguintes dimens\u00f5es: organiza\u00e7\u00e3o did\u00e1tico-pedag\u00f3gica, corpo docente e tutorial, e infraestrutura, atribuindo conceitos de 1 a 5.<\/p>\n\n\n\n<p><strong><span class=\"has-inline-color has-black-color\">Reconhecimento<br><\/span><\/strong>Ap\u00f3s a cria\u00e7\u00e3o dos cursos, as institui\u00e7\u00f5es de educa\u00e7\u00e3o superior precisam protocolar o pedido de reconhecimento, necess\u00e1rio \u00e0 valida\u00e7\u00e3o nacional dos diplomas. O pedido deve ser protocolado no per\u00edodo compreendido entre 50% do prazo previsto para integraliza\u00e7\u00e3o de sua carga hor\u00e1ria e 75% desse prazo, observado o calend\u00e1rio definido pelo MEC.<\/p>\n\n\n\n<p><strong><em>Fonte: <a href=\"https:\/\/www.gov.br\/mec\/pt-br\/assuntos\/noticias\/mec-registra-recorde-de-autorizacao-de-novas-vagas-na-educacao-superior-em-2021\">MEC<\/a><\/em><\/strong><\/p>\n","protected":false},"excerpt":{"rendered":"<p>Foram autorizadas 596.198 novas vagas de cursos superiores, sendo 436.358 na modalidade EAD e 159.840 presencial O Minist\u00e9rio da Educa\u00e7\u00e3o \u2014 MEC alcan\u00e7ou a marca de cerca de 600 mil novas vagas autorizadas no ano de 2021 para a educa\u00e7\u00e3o superior brasileira. Do total, 436.358 vagas s\u00e3o para oferta na modalidade a dist\u00e2ncia e 159.840 [&hellip;]<\/p>\n","protected":false},"author":2,"featured_media":26466,"comment_status":"open","ping_status":"open","sticky":false,"template":"","format":"standard","meta":{"footnotes":""},"categories":[7],"tags":[8723,704,283,12736,12737,12738],"class_list":["post-26464","post","type-post","status-publish","format-standard","has-post-thumbnail","hentry","category-educacao","tag-educacao-superior","tag-inep","tag-mec","tag-novas-vagas","tag-recorde-de-vagas","tag-seres"],"yoast_head":"<!-- This site is optimized with the Yoast SEO plugin v26.5 - https:\/\/yoast.com\/wordpress\/plugins\/seo\/ -->\n<title>MEC registra recorde de autoriza\u00e7\u00e3o de novas vagas na educa\u00e7\u00e3o superior em 2021 - Jornal Fatos e Not\u00edcias<\/title>\n<meta name=\"robots\" content=\"index, follow, max-snippet:-1, max-image-preview:large, max-video-preview:-1\" \/>\n<link rel=\"canonical\" href=\"https:\/\/jornalfatosenoticias.com.br\/index.php\/2022\/01\/05\/mec-registra-recorde-de-autorizacao-de-novas-vagas-na-educacao-superior-em-2021\/\" \/>\n<meta property=\"og:locale\" content=\"pt_BR\" \/>\n<meta property=\"og:type\" content=\"article\" \/>\n<meta property=\"og:title\" content=\"MEC registra recorde de autoriza\u00e7\u00e3o de novas vagas na educa\u00e7\u00e3o superior em 2021 - Jornal Fatos e Not\u00edcias\" \/>\n<meta property=\"og:description\" content=\"Foram autorizadas 596.198 novas vagas de cursos superiores, sendo 436.358 na modalidade EAD e 159.840 presencial O Minist\u00e9rio da Educa\u00e7\u00e3o \u2014 MEC alcan\u00e7ou a marca de cerca de 600 mil novas vagas autorizadas no ano de 2021 para a educa\u00e7\u00e3o superior brasileira. Do total, 436.358 vagas s\u00e3o para oferta na modalidade a dist\u00e2ncia e 159.840 [&hellip;]\" \/>\n<meta property=\"og:url\" content=\"https:\/\/jornalfatosenoticias.com.br\/index.php\/2022\/01\/05\/mec-registra-recorde-de-autorizacao-de-novas-vagas-na-educacao-superior-em-2021\/\" \/>\n<meta property=\"og:site_name\" content=\"Jornal Fatos e Not\u00edcias\" \/>\n<meta property=\"article:published_time\" content=\"2022-01-05T15:56:31+00:00\" \/>\n<meta property=\"article:modified_time\" content=\"2022-01-05T15:56:34+00:00\" \/>\n<meta property=\"og:image\" content=\"https:\/\/jornalfatosenoticias.com.br\/wp-content\/uploads\/2022\/01\/ministerio-da-educacao.jpg\" \/>\n\t<meta property=\"og:image:width\" content=\"1000\" \/>\n\t<meta property=\"og:image:height\" content=\"598\" \/>\n\t<meta property=\"og:image:type\" content=\"image\/jpeg\" \/>\n<meta name=\"author\" content=\"Luzimara Fernandes\" \/>\n<meta name=\"twitter:card\" content=\"summary_large_image\" \/>\n<meta name=\"twitter:label1\" content=\"Escrito por\" \/>\n\t<meta name=\"twitter:data1\" content=\"Luzimara Fernandes\" \/>\n\t<meta name=\"twitter:label2\" content=\"Est. tempo de leitura\" \/>\n\t<meta name=\"twitter:data2\" content=\"2 minutos\" \/>\n<script type=\"application\/ld+json\" class=\"yoast-schema-graph\">{\"@context\":\"https:\/\/schema.org\",\"@graph\":[{\"@type\":\"Article\",\"@id\":\"https:\/\/jornalfatosenoticias.com.br\/index.php\/2022\/01\/05\/mec-registra-recorde-de-autorizacao-de-novas-vagas-na-educacao-superior-em-2021\/#article\",\"isPartOf\":{\"@id\":\"https:\/\/jornalfatosenoticias.com.br\/index.php\/2022\/01\/05\/mec-registra-recorde-de-autorizacao-de-novas-vagas-na-educacao-superior-em-2021\/\"},\"author\":{\"name\":\"Luzimara Fernandes\",\"@id\":\"https:\/\/jornalfatosenoticias.com.br\/#\/schema\/person\/d63837fa13ac8666eb9e74e0985d6f81\"},\"headline\":\"MEC registra recorde de autoriza\u00e7\u00e3o de novas vagas na educa\u00e7\u00e3o superior em 2021\",\"datePublished\":\"2022-01-05T15:56:31+00:00\",\"dateModified\":\"2022-01-05T15:56:34+00:00\",\"mainEntityOfPage\":{\"@id\":\"https:\/\/jornalfatosenoticias.com.br\/index.php\/2022\/01\/05\/mec-registra-recorde-de-autorizacao-de-novas-vagas-na-educacao-superior-em-2021\/\"},\"wordCount\":463,\"commentCount\":0,\"publisher\":{\"@id\":\"https:\/\/jornalfatosenoticias.com.br\/#organization\"},\"image\":{\"@id\":\"https:\/\/jornalfatosenoticias.com.br\/index.php\/2022\/01\/05\/mec-registra-recorde-de-autorizacao-de-novas-vagas-na-educacao-superior-em-2021\/#primaryimage\"},\"thumbnailUrl\":\"https:\/\/jornalfatosenoticias.com.br\/wp-content\/uploads\/2022\/01\/ministerio-da-educacao.jpg\",\"keywords\":[\"educa\u00e7\u00e3o superior\",\"Inep\",\"MEC\",\"novas vagas\",\"recorde de vagas\",\"Seres\"],\"articleSection\":[\"Educa\u00e7\u00e3o\"],\"inLanguage\":\"pt-BR\",\"potentialAction\":[{\"@type\":\"CommentAction\",\"name\":\"Comment\",\"target\":[\"https:\/\/jornalfatosenoticias.com.br\/index.php\/2022\/01\/05\/mec-registra-recorde-de-autorizacao-de-novas-vagas-na-educacao-superior-em-2021\/#respond\"]}]},{\"@type\":\"WebPage\",\"@id\":\"https:\/\/jornalfatosenoticias.com.br\/index.php\/2022\/01\/05\/mec-registra-recorde-de-autorizacao-de-novas-vagas-na-educacao-superior-em-2021\/\",\"url\":\"https:\/\/jornalfatosenoticias.com.br\/index.php\/2022\/01\/05\/mec-registra-recorde-de-autorizacao-de-novas-vagas-na-educacao-superior-em-2021\/\",\"name\":\"MEC registra recorde de autoriza\u00e7\u00e3o de novas vagas na educa\u00e7\u00e3o superior em 2021 - Jornal Fatos e Not\u00edcias\",\"isPartOf\":{\"@id\":\"https:\/\/jornalfatosenoticias.com.br\/#website\"},\"primaryImageOfPage\":{\"@id\":\"https:\/\/jornalfatosenoticias.com.br\/index.php\/2022\/01\/05\/mec-registra-recorde-de-autorizacao-de-novas-vagas-na-educacao-superior-em-2021\/#primaryimage\"},\"image\":{\"@id\":\"https:\/\/jornalfatosenoticias.com.br\/index.php\/2022\/01\/05\/mec-registra-recorde-de-autorizacao-de-novas-vagas-na-educacao-superior-em-2021\/#primaryimage\"},\"thumbnailUrl\":\"https:\/\/jornalfatosenoticias.com.br\/wp-content\/uploads\/2022\/01\/ministerio-da-educacao.jpg\",\"datePublished\":\"2022-01-05T15:56:31+00:00\",\"dateModified\":\"2022-01-05T15:56:34+00:00\",\"breadcrumb\":{\"@id\":\"https:\/\/jornalfatosenoticias.com.br\/index.php\/2022\/01\/05\/mec-registra-recorde-de-autorizacao-de-novas-vagas-na-educacao-superior-em-2021\/#breadcrumb\"},\"inLanguage\":\"pt-BR\",\"potentialAction\":[{\"@type\":\"ReadAction\",\"target\":[\"https:\/\/jornalfatosenoticias.com.br\/index.php\/2022\/01\/05\/mec-registra-recorde-de-autorizacao-de-novas-vagas-na-educacao-superior-em-2021\/\"]}]},{\"@type\":\"ImageObject\",\"inLanguage\":\"pt-BR\",\"@id\":\"https:\/\/jornalfatosenoticias.com.br\/index.php\/2022\/01\/05\/mec-registra-recorde-de-autorizacao-de-novas-vagas-na-educacao-superior-em-2021\/#primaryimage\",\"url\":\"https:\/\/jornalfatosenoticias.com.br\/wp-content\/uploads\/2022\/01\/ministerio-da-educacao.jpg\",\"contentUrl\":\"https:\/\/jornalfatosenoticias.com.br\/wp-content\/uploads\/2022\/01\/ministerio-da-educacao.jpg\",\"width\":1000,\"height\":598,\"caption\":\"Pr\u00e9dio do Minist\u00e9rio da Educa\u00e7\u00e3o\"},{\"@type\":\"BreadcrumbList\",\"@id\":\"https:\/\/jornalfatosenoticias.com.br\/index.php\/2022\/01\/05\/mec-registra-recorde-de-autorizacao-de-novas-vagas-na-educacao-superior-em-2021\/#breadcrumb\",\"itemListElement\":[{\"@type\":\"ListItem\",\"position\":1,\"name\":\"In\u00edcio\",\"item\":\"https:\/\/jornalfatosenoticias.com.br\/\"},{\"@type\":\"ListItem\",\"position\":2,\"name\":\"MEC registra recorde de autoriza\u00e7\u00e3o de novas vagas na educa\u00e7\u00e3o superior em 2021\"}]},{\"@type\":\"WebSite\",\"@id\":\"https:\/\/jornalfatosenoticias.com.br\/#website\",\"url\":\"https:\/\/jornalfatosenoticias.com.br\/\",\"name\":\"Jornal Fatos e Not\u00edcias\",\"description\":\"Not\u00edcias em geral\",\"publisher\":{\"@id\":\"https:\/\/jornalfatosenoticias.com.br\/#organization\"},\"potentialAction\":[{\"@type\":\"SearchAction\",\"target\":{\"@type\":\"EntryPoint\",\"urlTemplate\":\"https:\/\/jornalfatosenoticias.com.br\/?s={search_term_string}\"},\"query-input\":{\"@type\":\"PropertyValueSpecification\",\"valueRequired\":true,\"valueName\":\"search_term_string\"}}],\"inLanguage\":\"pt-BR\"},{\"@type\":\"Organization\",\"@id\":\"https:\/\/jornalfatosenoticias.com.br\/#organization\",\"name\":\"Jornal Fatos e Not\u00edcias\",\"url\":\"https:\/\/jornalfatosenoticias.com.br\/\",\"logo\":{\"@type\":\"ImageObject\",\"inLanguage\":\"pt-BR\",\"@id\":\"https:\/\/jornalfatosenoticias.com.br\/#\/schema\/logo\/image\/\",\"url\":\"https:\/\/jornalfatosenoticias.com.br\/wp-content\/uploads\/2020\/02\/logo120.png\",\"contentUrl\":\"https:\/\/jornalfatosenoticias.com.br\/wp-content\/uploads\/2020\/02\/logo120.png\",\"width\":1227,\"height\":120,\"caption\":\"Jornal Fatos e Not\u00edcias\"},\"image\":{\"@id\":\"https:\/\/jornalfatosenoticias.com.br\/#\/schema\/logo\/image\/\"}},{\"@type\":\"Person\",\"@id\":\"https:\/\/jornalfatosenoticias.com.br\/#\/schema\/person\/d63837fa13ac8666eb9e74e0985d6f81\",\"name\":\"Luzimara Fernandes\",\"image\":{\"@type\":\"ImageObject\",\"inLanguage\":\"pt-BR\",\"@id\":\"https:\/\/jornalfatosenoticias.com.br\/#\/schema\/person\/image\/\",\"url\":\"https:\/\/jornalfatosenoticias.com.br\/wp-content\/uploads\/2025\/05\/EU_portal.jpg\",\"contentUrl\":\"https:\/\/jornalfatosenoticias.com.br\/wp-content\/uploads\/2025\/05\/EU_portal.jpg\",\"caption\":\"Luzimara Fernandes\"},\"description\":\"Jornalista MTB 2358-ES\",\"sameAs\":[\"https:\/\/jornalfatosenoticias.com.br\"],\"url\":\"https:\/\/jornalfatosenoticias.com.br\/index.php\/author\/luzimara\/\"}]}<\/script>\n<!-- \/ Yoast SEO plugin. -->","yoast_head_json":{"title":"MEC registra recorde de autoriza\u00e7\u00e3o de novas vagas na educa\u00e7\u00e3o superior em 2021 - Jornal Fatos e Not\u00edcias","robots":{"index":"index","follow":"follow","max-snippet":"max-snippet:-1","max-image-preview":"max-image-preview:large","max-video-preview":"max-video-preview:-1"},"canonical":"https:\/\/jornalfatosenoticias.com.br\/index.php\/2022\/01\/05\/mec-registra-recorde-de-autorizacao-de-novas-vagas-na-educacao-superior-em-2021\/","og_locale":"pt_BR","og_type":"article","og_title":"MEC registra recorde de autoriza\u00e7\u00e3o de novas vagas na educa\u00e7\u00e3o superior em 2021 - Jornal Fatos e Not\u00edcias","og_description":"Foram autorizadas 596.198 novas vagas de cursos superiores, sendo 436.358 na modalidade EAD e 159.840 presencial O Minist\u00e9rio da Educa\u00e7\u00e3o \u2014 MEC alcan\u00e7ou a marca de cerca de 600 mil novas vagas autorizadas no ano de 2021 para a educa\u00e7\u00e3o superior brasileira. Do total, 436.358 vagas s\u00e3o para oferta na modalidade a dist\u00e2ncia e 159.840 [&hellip;]","og_url":"https:\/\/jornalfatosenoticias.com.br\/index.php\/2022\/01\/05\/mec-registra-recorde-de-autorizacao-de-novas-vagas-na-educacao-superior-em-2021\/","og_site_name":"Jornal Fatos e Not\u00edcias","article_published_time":"2022-01-05T15:56:31+00:00","article_modified_time":"2022-01-05T15:56:34+00:00","og_image":[{"width":1000,"height":598,"url":"https:\/\/jornalfatosenoticias.com.br\/wp-content\/uploads\/2022\/01\/ministerio-da-educacao.jpg","type":"image\/jpeg"}],"author":"Luzimara Fernandes","twitter_card":"summary_large_image","twitter_misc":{"Escrito por":"Luzimara Fernandes","Est. tempo de leitura":"2 minutos"},"schema":{"@context":"https:\/\/schema.org","@graph":[{"@type":"Article","@id":"https:\/\/jornalfatosenoticias.com.br\/index.php\/2022\/01\/05\/mec-registra-recorde-de-autorizacao-de-novas-vagas-na-educacao-superior-em-2021\/#article","isPartOf":{"@id":"https:\/\/jornalfatosenoticias.com.br\/index.php\/2022\/01\/05\/mec-registra-recorde-de-autorizacao-de-novas-vagas-na-educacao-superior-em-2021\/"},"author":{"name":"Luzimara Fernandes","@id":"https:\/\/jornalfatosenoticias.com.br\/#\/schema\/person\/d63837fa13ac8666eb9e74e0985d6f81"},"headline":"MEC registra recorde de autoriza\u00e7\u00e3o de novas vagas na educa\u00e7\u00e3o superior em 2021","datePublished":"2022-01-05T15:56:31+00:00","dateModified":"2022-01-05T15:56:34+00:00","mainEntityOfPage":{"@id":"https:\/\/jornalfatosenoticias.com.br\/index.php\/2022\/01\/05\/mec-registra-recorde-de-autorizacao-de-novas-vagas-na-educacao-superior-em-2021\/"},"wordCount":463,"commentCount":0,"publisher":{"@id":"https:\/\/jornalfatosenoticias.com.br\/#organization"},"image":{"@id":"https:\/\/jornalfatosenoticias.com.br\/index.php\/2022\/01\/05\/mec-registra-recorde-de-autorizacao-de-novas-vagas-na-educacao-superior-em-2021\/#primaryimage"},"thumbnailUrl":"https:\/\/jornalfatosenoticias.com.br\/wp-content\/uploads\/2022\/01\/ministerio-da-educacao.jpg","keywords":["educa\u00e7\u00e3o superior","Inep","MEC","novas vagas","recorde de vagas","Seres"],"articleSection":["Educa\u00e7\u00e3o"],"inLanguage":"pt-BR","potentialAction":[{"@type":"CommentAction","name":"Comment","target":["https:\/\/jornalfatosenoticias.com.br\/index.php\/2022\/01\/05\/mec-registra-recorde-de-autorizacao-de-novas-vagas-na-educacao-superior-em-2021\/#respond"]}]},{"@type":"WebPage","@id":"https:\/\/jornalfatosenoticias.com.br\/index.php\/2022\/01\/05\/mec-registra-recorde-de-autorizacao-de-novas-vagas-na-educacao-superior-em-2021\/","url":"https:\/\/jornalfatosenoticias.com.br\/index.php\/2022\/01\/05\/mec-registra-recorde-de-autorizacao-de-novas-vagas-na-educacao-superior-em-2021\/","name":"MEC registra recorde de autoriza\u00e7\u00e3o de novas vagas na educa\u00e7\u00e3o superior em 2021 - Jornal Fatos e Not\u00edcias","isPartOf":{"@id":"https:\/\/jornalfatosenoticias.com.br\/#website"},"primaryImageOfPage":{"@id":"https:\/\/jornalfatosenoticias.com.br\/index.php\/2022\/01\/05\/mec-registra-recorde-de-autorizacao-de-novas-vagas-na-educacao-superior-em-2021\/#primaryimage"},"image":{"@id":"https:\/\/jornalfatosenoticias.com.br\/index.php\/2022\/01\/05\/mec-registra-recorde-de-autorizacao-de-novas-vagas-na-educacao-superior-em-2021\/#primaryimage"},"thumbnailUrl":"https:\/\/jornalfatosenoticias.com.br\/wp-content\/uploads\/2022\/01\/ministerio-da-educacao.jpg","datePublished":"2022-01-05T15:56:31+00:00","dateModified":"2022-01-05T15:56:34+00:00","breadcrumb":{"@id":"https:\/\/jornalfatosenoticias.com.br\/index.php\/2022\/01\/05\/mec-registra-recorde-de-autorizacao-de-novas-vagas-na-educacao-superior-em-2021\/#breadcrumb"},"inLanguage":"pt-BR","potentialAction":[{"@type":"ReadAction","target":["https:\/\/jornalfatosenoticias.com.br\/index.php\/2022\/01\/05\/mec-registra-recorde-de-autorizacao-de-novas-vagas-na-educacao-superior-em-2021\/"]}]},{"@type":"ImageObject","inLanguage":"pt-BR","@id":"https:\/\/jornalfatosenoticias.com.br\/index.php\/2022\/01\/05\/mec-registra-recorde-de-autorizacao-de-novas-vagas-na-educacao-superior-em-2021\/#primaryimage","url":"https:\/\/jornalfatosenoticias.com.br\/wp-content\/uploads\/2022\/01\/ministerio-da-educacao.jpg","contentUrl":"https:\/\/jornalfatosenoticias.com.br\/wp-content\/uploads\/2022\/01\/ministerio-da-educacao.jpg","width":1000,"height":598,"caption":"Pr\u00e9dio do Minist\u00e9rio da Educa\u00e7\u00e3o"},{"@type":"BreadcrumbList","@id":"https:\/\/jornalfatosenoticias.com.br\/index.php\/2022\/01\/05\/mec-registra-recorde-de-autorizacao-de-novas-vagas-na-educacao-superior-em-2021\/#breadcrumb","itemListElement":[{"@type":"ListItem","position":1,"name":"In\u00edcio","item":"https:\/\/jornalfatosenoticias.com.br\/"},{"@type":"ListItem","position":2,"name":"MEC registra recorde de autoriza\u00e7\u00e3o de novas vagas na educa\u00e7\u00e3o superior em 2021"}]},{"@type":"WebSite","@id":"https:\/\/jornalfatosenoticias.com.br\/#website","url":"https:\/\/jornalfatosenoticias.com.br\/","name":"Jornal Fatos e Not\u00edcias","description":"Not\u00edcias em geral","publisher":{"@id":"https:\/\/jornalfatosenoticias.com.br\/#organization"},"potentialAction":[{"@type":"SearchAction","target":{"@type":"EntryPoint","urlTemplate":"https:\/\/jornalfatosenoticias.com.br\/?s={search_term_string}"},"query-input":{"@type":"PropertyValueSpecification","valueRequired":true,"valueName":"search_term_string"}}],"inLanguage":"pt-BR"},{"@type":"Organization","@id":"https:\/\/jornalfatosenoticias.com.br\/#organization","name":"Jornal Fatos e Not\u00edcias","url":"https:\/\/jornalfatosenoticias.com.br\/","logo":{"@type":"ImageObject","inLanguage":"pt-BR","@id":"https:\/\/jornalfatosenoticias.com.br\/#\/schema\/logo\/image\/","url":"https:\/\/jornalfatosenoticias.com.br\/wp-content\/uploads\/2020\/02\/logo120.png","contentUrl":"https:\/\/jornalfatosenoticias.com.br\/wp-content\/uploads\/2020\/02\/logo120.png","width":1227,"height":120,"caption":"Jornal Fatos e Not\u00edcias"},"image":{"@id":"https:\/\/jornalfatosenoticias.com.br\/#\/schema\/logo\/image\/"}},{"@type":"Person","@id":"https:\/\/jornalfatosenoticias.com.br\/#\/schema\/person\/d63837fa13ac8666eb9e74e0985d6f81","name":"Luzimara Fernandes","image":{"@type":"ImageObject","inLanguage":"pt-BR","@id":"https:\/\/jornalfatosenoticias.com.br\/#\/schema\/person\/image\/","url":"https:\/\/jornalfatosenoticias.com.br\/wp-content\/uploads\/2025\/05\/EU_portal.jpg","contentUrl":"https:\/\/jornalfatosenoticias.com.br\/wp-content\/uploads\/2025\/05\/EU_portal.jpg","caption":"Luzimara Fernandes"},"description":"Jornalista MTB 2358-ES","sameAs":["https:\/\/jornalfatosenoticias.com.br"],"url":"https:\/\/jornalfatosenoticias.com.br\/index.php\/author\/luzimara\/"}]}},"cc_featured_image_caption":{"caption_text":"(Foto: Marcelo Camargo\/Ag\u00eancia Brasil) ","source_text":"","source_url":""},"jetpack_featured_media_url":"https:\/\/jornalfatosenoticias.com.br\/wp-content\/uploads\/2022\/01\/ministerio-da-educacao.jpg","_links":{"self":[{"href":"https:\/\/jornalfatosenoticias.com.br\/index.php\/wp-json\/wp\/v2\/posts\/26464","targetHints":{"allow":["GET"]}}],"collection":[{"href":"https:\/\/jornalfatosenoticias.com.br\/index.php\/wp-json\/wp\/v2\/posts"}],"about":[{"href":"https:\/\/jornalfatosenoticias.com.br\/index.php\/wp-json\/wp\/v2\/types\/post"}],"author":[{"embeddable":true,"href":"https:\/\/jornalfatosenoticias.com.br\/index.php\/wp-json\/wp\/v2\/users\/2"}],"replies":[{"embeddable":true,"href":"https:\/\/jornalfatosenoticias.com.br\/index.php\/wp-json\/wp\/v2\/comments?post=26464"}],"version-history":[{"count":0,"href":"https:\/\/jornalfatosenoticias.com.br\/index.php\/wp-json\/wp\/v2\/posts\/26464\/revisions"}],"wp:featuredmedia":[{"embeddable":true,"href":"https:\/\/jornalfatosenoticias.com.br\/index.php\/wp-json\/wp\/v2\/media\/26466"}],"wp:attachment":[{"href":"https:\/\/jornalfatosenoticias.com.br\/index.php\/wp-json\/wp\/v2\/media?parent=26464"}],"wp:term":[{"taxonomy":"category","embeddable":true,"href":"https:\/\/jornalfatosenoticias.com.br\/index.php\/wp-json\/wp\/v2\/categories?post=26464"},{"taxonomy":"post_tag","embeddable":true,"href":"https:\/\/jornalfatosenoticias.com.br\/index.php\/wp-json\/wp\/v2\/tags?post=26464"}],"curies":[{"name":"wp","href":"https:\/\/api.w.org\/{rel}","templated":true}]}}