{"id":26468,"date":"2022-01-05T13:07:31","date_gmt":"2022-01-05T16:07:31","guid":{"rendered":"https:\/\/jornalfatosenoticias.com.br\/?p=26468"},"modified":"2022-01-05T13:07:33","modified_gmt":"2022-01-05T16:07:33","slug":"o-que-e-a-teoria-da-seletividade-socioemocional","status":"publish","type":"post","link":"https:\/\/jornalfatosenoticias.com.br\/index.php\/2022\/01\/05\/o-que-e-a-teoria-da-seletividade-socioemocional\/","title":{"rendered":"O que \u00e9 a Teoria da Seletividade Socioemocional?"},"content":{"rendered":"\n<p><em><span class=\"has-inline-color has-black-color\">Entenda como a teoria da seletividade socioemocional dialoga com estilo de vida saud\u00e1vel e envelhecimento ativo<\/span><\/em><\/p>\n\n\n\n<p>A <strong>teoria da seletividade socioemocional<\/strong>\u00a0foi desenvolvida em 1991 pela pesquisadora e psic\u00f3loga norte-americana Laura Carstensen. A partir de\u00a0<a href=\"https:\/\/www.researchgate.net\/publication\/226836581_Socioemotional_Selectivity_Theory_and_the_Regulation_of_Emotion_in_the_Second_Half_of_Life\" target=\"_blank\" rel=\"noreferrer noopener\">estudos<\/a>\u00a0sobre o comportamento social e emocional no processo de\u00a0<a href=\"https:\/\/www.ecycle.com.br\/maus-habitos-alimentares-podem-acelerar-envelhecimento-conheca-viloes-e-dicas\/\" target=\"_blank\" rel=\"noreferrer noopener\">envelhecimento<\/a>, Carstensen observou que, a partir dos 60 anos, os h\u00e1bitos e padr\u00f5es de relacionamento s\u00e3o alterados. Em outras palavras, h\u00e1 uma redistribui\u00e7\u00e3o de recursos emocionais \u00e0 medida que se envelhece, segundo a pesquisadora.<br>Com o passar do tempo, os seres humanos deixam de investir em quantidade para priorizar a qualidade das rela\u00e7\u00f5es. Essa mudan\u00e7a reflete no relacionamento de idosos com os seus c\u00edrculos sociais, a comunidade e o ambiente ao redor. No entanto, segundo a pesquisadora, os novos h\u00e1bitos de <strong>seletividade socioemocional<\/strong>\u00a0n\u00e3o necessariamente implicam perdas f\u00edsicas, sociais e emocionais. Na verdade, podem resultar em benef\u00edcios para o estilo de\u00a0<a href=\"https:\/\/www.ecycle.com.br\/vida-saudavel\/\" target=\"_blank\" rel=\"noreferrer noopener\">vida<\/a>.<br>A <strong>teoria\u00a0<\/strong>defende que o envelhecimento leva \u00e0 redu\u00e7\u00e3o da rede de relacionamentos. Diferentemente dos mais jovens, que tendem a privilegiar variedade em vez de qualidade nas rela\u00e7\u00f5es, pessoas mais velhas fazem uma sele\u00e7\u00e3o ativa de seus contatos, descartando relacionamentos irrelevantes ou prejudiciais ao seu\u00a0<a href=\"https:\/\/www.ecycle.com.br\/bem-estar\/\" target=\"_blank\" rel=\"noreferrer noopener\">bem-estar<\/a>. A prioridade passa a ser um relacionamento saud\u00e1vel, que ofere\u00e7a conforto e seguran\u00e7a emocional.<br>A <strong>teoria da seletividade socioemocional<\/strong>\u00a0foi corroborada por um\u00a0<a href=\"https:\/\/science.sciencemag.org\/content\/370\/6515\/473\" target=\"_blank\" rel=\"noreferrer noopener\">estudo<\/a>\u00a0publicado na revista\u00a0<em>Science<\/em>\u00a0e conduzido por uma equipe de psic\u00f3logos e primatologistas do Departamento de Biologia Evolutiva Humana da Universidade de Harvard. A pesquisa revela que a\u00a0<strong>seletividade socioemocional<\/strong>\u00a0n\u00e3o \u00e9 exclusividade dos seres humanos: os chimpanz\u00e9s, um de nossos parentes vivos mais pr\u00f3ximos\u00a0<a href=\"https:\/\/www.ecycle.com.br\/evolucao-humana-evolucao-do-homem\/\">evolutivamente<\/a>, tamb\u00e9m apresentam comportamento seletivo nas rela\u00e7\u00f5es conforme envelhecem. Essa descoberta pode contribuir no desenvolvimento de novas estrat\u00e9gias de promo\u00e7\u00e3o e incentivo ao envelhecimento saud\u00e1vel.<\/p>\n\n\n\n<p><strong><span class=\"has-inline-color has-black-color\">Teoria da seletividade socioemocional e envelhecimento ativo<br><\/span><\/strong>A <strong>seletividade emocional<\/strong> pode contribuir muito para um processo de envelhecimento saud\u00e1vel. \u00c0 medida que amadurecemos, as prioridades, valores, sa\u00fade e bem-estar passam a se adaptar \u00e0s condi\u00e7\u00f5es dessa nova fase. Por isso, a\u00e7\u00f5es que favore\u00e7am o envelhecimento ativo em um contexto social mais amplo s\u00e3o importantes e necess\u00e1rias.<br>A Organiza\u00e7\u00e3o Mundial da Sa\u00fade (OMS) define o envelhecimento ativo como \u201co processo de otimiza\u00e7\u00e3o das oportunidades de sa\u00fade, participa\u00e7\u00e3o e seguran\u00e7a, com o objetivo de melhorar a qualidade de vida \u00e0 medida que as pessoas ficam mais velhas\u201d. O conceito abrange sa\u00fade f\u00edsica, rela\u00e7\u00f5es sociais, estado psicol\u00f3gico e outros fatores de desenvolvimento aos cidad\u00e3os acima de 60 anos. Nesse sentido, fazer parte de uma comunidade que os inclua e promova seu bem-estar \u00e9 fundamental.<br>A <strong>seletividade emocional<\/strong>\u00a0leva as pessoas mais velhas a buscar participa\u00e7\u00e3o ativa e de qualidade nos seus\u00a0<a href=\"https:\/\/www.ecycle.com.br\/circulos-de-convivencia-definem-adocao-de-habitos-sustentaveis-segundo-pesquisa\/\" target=\"_blank\" rel=\"noreferrer noopener\">c\u00edrculos de conviv\u00eancia<\/a>. Por isso, pode ser um facilitador no processo de envelhecimento saud\u00e1vel. Enquanto a\u00a0<strong>seletividade emocional<\/strong> atua como uma ferramenta quase intuitiva na busca por um novo estilo de vida, segundo a teoria de Laura Carstensen, o envelhecimento ativo deve ser incentivado pela comunidade \u2014 e os dois devem caminhar juntos, numa rela\u00e7\u00e3o de sinergia.<\/p>\n\n\n\n<h4 class=\"wp-block-heading\"><span class=\"has-inline-color has-black-color\">Envelhecimento sustent\u00e1vel: \u00e9 poss\u00edvel?<\/span><\/h4>\n\n\n\n<figure class=\"wp-block-image size-large\"><img loading=\"lazy\" decoding=\"async\" width=\"1000\" height=\"668\" src=\"https:\/\/jornalfatosenoticias.com.br\/wp-content\/uploads\/2022\/01\/teoria-da-seletividade-socioemocional2.jpg\" alt=\"\" class=\"wp-image-26470\" srcset=\"https:\/\/jornalfatosenoticias.com.br\/wp-content\/uploads\/2022\/01\/teoria-da-seletividade-socioemocional2.jpg 1000w, https:\/\/jornalfatosenoticias.com.br\/wp-content\/uploads\/2022\/01\/teoria-da-seletividade-socioemocional2-300x200.jpg 300w, https:\/\/jornalfatosenoticias.com.br\/wp-content\/uploads\/2022\/01\/teoria-da-seletividade-socioemocional2-768x513.jpg 768w\" sizes=\"auto, (max-width: 1000px) 100vw, 1000px\" \/><figcaption><em><span class=\"has-inline-color has-black-color\">Mulher andando de bicicleta (Foto: pasja1000\/Pixabay)<\/span><\/em><\/figcaption><\/figure>\n\n\n\n<p>De acordo com a <strong>teoria da seletividade socioemocional<\/strong>, \u00e0 medida que envelhece, o indiv\u00edduo tende a reformular seus h\u00e1bitos e rela\u00e7\u00f5es sociais para encaix\u00e1-los em uma nova realidade, na busca por conforto e bem-estar. As prioridades mudam \u2014 e o estilo de vida tamb\u00e9m! Maior preocupa\u00e7\u00e3o com a sa\u00fade e envolvimento em quest\u00f5es da comunidade podem levar as pessoas a envelhecerem com mais consci\u00eancia de si e do <a href=\"https:\/\/www.ecycle.com.br\/o-que-e-meio-ambiente\/\" target=\"_blank\" rel=\"noreferrer noopener\">meio ambiente<\/a>.<br>Boas condi\u00e7\u00f5es de sa\u00fade mental e f\u00edsica, bem como o conv\u00edvio em um ambiente que promova seu desenvolvimento social e intelectual, encorajam essas pessoas a procurar atividades que elevem ainda mais sua qualidade de vida. Al\u00e9m disso, um envelhecimento saud\u00e1vel e ativo ajuda a incentivar a ado\u00e7\u00e3o de h\u00e1bitos ben\u00e9ficos para a comunidade e o planeta. Atividades f\u00edsicas, passeios ao ar livre e a\u00e7\u00f5es que contribuam para o bem-estar coletivo, por exemplo, podem e devem fazer parte desse processo.<br>Para isso, \u00e9 necess\u00e1rio que haja um envolvimento da sociedade no geral, aliado \u00e0 cria\u00e7\u00e3o de pol\u00edticas p\u00fablicas, com as necessidades de todos os cidad\u00e3os a partir dos 60 anos. Estudos sobre a <strong>teoria da seletividade emocional<\/strong> tamb\u00e9m podem servir como base de sustenta\u00e7\u00e3o para que pensemos em novas maneiras de inclu\u00ed-los em todas as esferas da sociedade e garantir a eles condi\u00e7\u00f5es plenas de vida. O envelhecimento \u00e9 uma pauta de interesse coletivo, afinal, \u00e9 caracter\u00edstica comum a todo ser humano. E envelhecer bem \u00e9 poss\u00edvel: bastam pequenos esfor\u00e7os.<\/p>\n\n\n\n<p><strong><em>Fonte: <a href=\"https:\/\/www.ecycle.com.br\/teoria-da-seletividade-socioemocional\/\">eCycle<\/a><\/em><\/strong><\/p>\n","protected":false},"excerpt":{"rendered":"<p>Entenda como a teoria da seletividade socioemocional dialoga com estilo de vida saud\u00e1vel e envelhecimento ativo A teoria da seletividade socioemocional\u00a0foi desenvolvida em 1991 pela pesquisadora e psic\u00f3loga norte-americana Laura Carstensen. A partir de\u00a0estudos\u00a0sobre o comportamento social e emocional no processo de\u00a0envelhecimento, Carstensen observou que, a partir dos 60 anos, os h\u00e1bitos e padr\u00f5es de [&hellip;]<\/p>\n","protected":false},"author":2,"featured_media":26469,"comment_status":"open","ping_status":"open","sticky":false,"template":"","format":"standard","meta":{"footnotes":""},"categories":[2522],"tags":[1400,2586,714,12740,12739],"class_list":["post-26468","post","type-post","status-publish","format-standard","has-post-thumbnail","hentry","category-comportamento","tag-comportamento","tag-envelhecimento","tag-estudo","tag-laura-carstensen","tag-teoria-da-seletividade-emocional"],"yoast_head":"<!-- This site is optimized with the Yoast SEO plugin v26.5 - https:\/\/yoast.com\/wordpress\/plugins\/seo\/ -->\n<title>O que \u00e9 a Teoria da Seletividade Socioemocional? - Jornal Fatos e Not\u00edcias<\/title>\n<meta name=\"robots\" content=\"index, follow, max-snippet:-1, max-image-preview:large, max-video-preview:-1\" \/>\n<link rel=\"canonical\" href=\"https:\/\/jornalfatosenoticias.com.br\/index.php\/2022\/01\/05\/o-que-e-a-teoria-da-seletividade-socioemocional\/\" \/>\n<meta property=\"og:locale\" content=\"pt_BR\" \/>\n<meta property=\"og:type\" content=\"article\" \/>\n<meta property=\"og:title\" content=\"O que \u00e9 a Teoria da Seletividade Socioemocional? - Jornal Fatos e Not\u00edcias\" \/>\n<meta property=\"og:description\" content=\"Entenda como a teoria da seletividade socioemocional dialoga com estilo de vida saud\u00e1vel e envelhecimento ativo A teoria da seletividade socioemocional\u00a0foi desenvolvida em 1991 pela pesquisadora e psic\u00f3loga norte-americana Laura Carstensen. A partir de\u00a0estudos\u00a0sobre o comportamento social e emocional no processo de\u00a0envelhecimento, Carstensen observou que, a partir dos 60 anos, os h\u00e1bitos e padr\u00f5es de [&hellip;]\" \/>\n<meta property=\"og:url\" content=\"https:\/\/jornalfatosenoticias.com.br\/index.php\/2022\/01\/05\/o-que-e-a-teoria-da-seletividade-socioemocional\/\" \/>\n<meta property=\"og:site_name\" content=\"Jornal Fatos e Not\u00edcias\" \/>\n<meta property=\"article:published_time\" content=\"2022-01-05T16:07:31+00:00\" \/>\n<meta property=\"article:modified_time\" content=\"2022-01-05T16:07:33+00:00\" \/>\n<meta property=\"og:image\" content=\"https:\/\/jornalfatosenoticias.com.br\/wp-content\/uploads\/2022\/01\/teoria-da-seletividade-socioemocional.jpg\" \/>\n\t<meta property=\"og:image:width\" content=\"1000\" \/>\n\t<meta property=\"og:image:height\" content=\"613\" \/>\n\t<meta property=\"og:image:type\" content=\"image\/jpeg\" \/>\n<meta name=\"author\" content=\"Luzimara Fernandes\" \/>\n<meta name=\"twitter:card\" content=\"summary_large_image\" \/>\n<meta name=\"twitter:label1\" content=\"Escrito por\" \/>\n\t<meta name=\"twitter:data1\" content=\"Luzimara Fernandes\" \/>\n\t<meta name=\"twitter:label2\" content=\"Est. tempo de leitura\" \/>\n\t<meta name=\"twitter:data2\" content=\"4 minutos\" \/>\n<script type=\"application\/ld+json\" class=\"yoast-schema-graph\">{\"@context\":\"https:\/\/schema.org\",\"@graph\":[{\"@type\":\"Article\",\"@id\":\"https:\/\/jornalfatosenoticias.com.br\/index.php\/2022\/01\/05\/o-que-e-a-teoria-da-seletividade-socioemocional\/#article\",\"isPartOf\":{\"@id\":\"https:\/\/jornalfatosenoticias.com.br\/index.php\/2022\/01\/05\/o-que-e-a-teoria-da-seletividade-socioemocional\/\"},\"author\":{\"name\":\"Luzimara Fernandes\",\"@id\":\"https:\/\/jornalfatosenoticias.com.br\/#\/schema\/person\/d63837fa13ac8666eb9e74e0985d6f81\"},\"headline\":\"O que \u00e9 a Teoria da Seletividade Socioemocional?\",\"datePublished\":\"2022-01-05T16:07:31+00:00\",\"dateModified\":\"2022-01-05T16:07:33+00:00\",\"mainEntityOfPage\":{\"@id\":\"https:\/\/jornalfatosenoticias.com.br\/index.php\/2022\/01\/05\/o-que-e-a-teoria-da-seletividade-socioemocional\/\"},\"wordCount\":817,\"commentCount\":0,\"publisher\":{\"@id\":\"https:\/\/jornalfatosenoticias.com.br\/#organization\"},\"image\":{\"@id\":\"https:\/\/jornalfatosenoticias.com.br\/index.php\/2022\/01\/05\/o-que-e-a-teoria-da-seletividade-socioemocional\/#primaryimage\"},\"thumbnailUrl\":\"https:\/\/jornalfatosenoticias.com.br\/wp-content\/uploads\/2022\/01\/teoria-da-seletividade-socioemocional.jpg\",\"keywords\":[\"comportamento\",\"envelhecimento\",\"Estudo\",\"Laura Carstensen\",\"teoria da seletividade emocional\"],\"articleSection\":[\"Comportamento &amp; Equil\u00edbrio\"],\"inLanguage\":\"pt-BR\",\"potentialAction\":[{\"@type\":\"CommentAction\",\"name\":\"Comment\",\"target\":[\"https:\/\/jornalfatosenoticias.com.br\/index.php\/2022\/01\/05\/o-que-e-a-teoria-da-seletividade-socioemocional\/#respond\"]}]},{\"@type\":\"WebPage\",\"@id\":\"https:\/\/jornalfatosenoticias.com.br\/index.php\/2022\/01\/05\/o-que-e-a-teoria-da-seletividade-socioemocional\/\",\"url\":\"https:\/\/jornalfatosenoticias.com.br\/index.php\/2022\/01\/05\/o-que-e-a-teoria-da-seletividade-socioemocional\/\",\"name\":\"O que \u00e9 a Teoria da Seletividade Socioemocional? - Jornal Fatos e Not\u00edcias\",\"isPartOf\":{\"@id\":\"https:\/\/jornalfatosenoticias.com.br\/#website\"},\"primaryImageOfPage\":{\"@id\":\"https:\/\/jornalfatosenoticias.com.br\/index.php\/2022\/01\/05\/o-que-e-a-teoria-da-seletividade-socioemocional\/#primaryimage\"},\"image\":{\"@id\":\"https:\/\/jornalfatosenoticias.com.br\/index.php\/2022\/01\/05\/o-que-e-a-teoria-da-seletividade-socioemocional\/#primaryimage\"},\"thumbnailUrl\":\"https:\/\/jornalfatosenoticias.com.br\/wp-content\/uploads\/2022\/01\/teoria-da-seletividade-socioemocional.jpg\",\"datePublished\":\"2022-01-05T16:07:31+00:00\",\"dateModified\":\"2022-01-05T16:07:33+00:00\",\"breadcrumb\":{\"@id\":\"https:\/\/jornalfatosenoticias.com.br\/index.php\/2022\/01\/05\/o-que-e-a-teoria-da-seletividade-socioemocional\/#breadcrumb\"},\"inLanguage\":\"pt-BR\",\"potentialAction\":[{\"@type\":\"ReadAction\",\"target\":[\"https:\/\/jornalfatosenoticias.com.br\/index.php\/2022\/01\/05\/o-que-e-a-teoria-da-seletividade-socioemocional\/\"]}]},{\"@type\":\"ImageObject\",\"inLanguage\":\"pt-BR\",\"@id\":\"https:\/\/jornalfatosenoticias.com.br\/index.php\/2022\/01\/05\/o-que-e-a-teoria-da-seletividade-socioemocional\/#primaryimage\",\"url\":\"https:\/\/jornalfatosenoticias.com.br\/wp-content\/uploads\/2022\/01\/teoria-da-seletividade-socioemocional.jpg\",\"contentUrl\":\"https:\/\/jornalfatosenoticias.com.br\/wp-content\/uploads\/2022\/01\/teoria-da-seletividade-socioemocional.jpg\",\"width\":1000,\"height\":613},{\"@type\":\"BreadcrumbList\",\"@id\":\"https:\/\/jornalfatosenoticias.com.br\/index.php\/2022\/01\/05\/o-que-e-a-teoria-da-seletividade-socioemocional\/#breadcrumb\",\"itemListElement\":[{\"@type\":\"ListItem\",\"position\":1,\"name\":\"In\u00edcio\",\"item\":\"https:\/\/jornalfatosenoticias.com.br\/\"},{\"@type\":\"ListItem\",\"position\":2,\"name\":\"O que \u00e9 a Teoria da Seletividade Socioemocional?\"}]},{\"@type\":\"WebSite\",\"@id\":\"https:\/\/jornalfatosenoticias.com.br\/#website\",\"url\":\"https:\/\/jornalfatosenoticias.com.br\/\",\"name\":\"Jornal Fatos e Not\u00edcias\",\"description\":\"Not\u00edcias em geral\",\"publisher\":{\"@id\":\"https:\/\/jornalfatosenoticias.com.br\/#organization\"},\"potentialAction\":[{\"@type\":\"SearchAction\",\"target\":{\"@type\":\"EntryPoint\",\"urlTemplate\":\"https:\/\/jornalfatosenoticias.com.br\/?s={search_term_string}\"},\"query-input\":{\"@type\":\"PropertyValueSpecification\",\"valueRequired\":true,\"valueName\":\"search_term_string\"}}],\"inLanguage\":\"pt-BR\"},{\"@type\":\"Organization\",\"@id\":\"https:\/\/jornalfatosenoticias.com.br\/#organization\",\"name\":\"Jornal Fatos e Not\u00edcias\",\"url\":\"https:\/\/jornalfatosenoticias.com.br\/\",\"logo\":{\"@type\":\"ImageObject\",\"inLanguage\":\"pt-BR\",\"@id\":\"https:\/\/jornalfatosenoticias.com.br\/#\/schema\/logo\/image\/\",\"url\":\"https:\/\/jornalfatosenoticias.com.br\/wp-content\/uploads\/2020\/02\/logo120.png\",\"contentUrl\":\"https:\/\/jornalfatosenoticias.com.br\/wp-content\/uploads\/2020\/02\/logo120.png\",\"width\":1227,\"height\":120,\"caption\":\"Jornal Fatos e Not\u00edcias\"},\"image\":{\"@id\":\"https:\/\/jornalfatosenoticias.com.br\/#\/schema\/logo\/image\/\"}},{\"@type\":\"Person\",\"@id\":\"https:\/\/jornalfatosenoticias.com.br\/#\/schema\/person\/d63837fa13ac8666eb9e74e0985d6f81\",\"name\":\"Luzimara Fernandes\",\"image\":{\"@type\":\"ImageObject\",\"inLanguage\":\"pt-BR\",\"@id\":\"https:\/\/jornalfatosenoticias.com.br\/#\/schema\/person\/image\/\",\"url\":\"https:\/\/jornalfatosenoticias.com.br\/wp-content\/uploads\/2025\/05\/EU_portal.jpg\",\"contentUrl\":\"https:\/\/jornalfatosenoticias.com.br\/wp-content\/uploads\/2025\/05\/EU_portal.jpg\",\"caption\":\"Luzimara Fernandes\"},\"description\":\"Jornalista MTB 2358-ES\",\"sameAs\":[\"https:\/\/jornalfatosenoticias.com.br\"],\"url\":\"https:\/\/jornalfatosenoticias.com.br\/index.php\/author\/luzimara\/\"}]}<\/script>\n<!-- \/ Yoast SEO plugin. -->","yoast_head_json":{"title":"O que \u00e9 a Teoria da Seletividade Socioemocional? - Jornal Fatos e Not\u00edcias","robots":{"index":"index","follow":"follow","max-snippet":"max-snippet:-1","max-image-preview":"max-image-preview:large","max-video-preview":"max-video-preview:-1"},"canonical":"https:\/\/jornalfatosenoticias.com.br\/index.php\/2022\/01\/05\/o-que-e-a-teoria-da-seletividade-socioemocional\/","og_locale":"pt_BR","og_type":"article","og_title":"O que \u00e9 a Teoria da Seletividade Socioemocional? - Jornal Fatos e Not\u00edcias","og_description":"Entenda como a teoria da seletividade socioemocional dialoga com estilo de vida saud\u00e1vel e envelhecimento ativo A teoria da seletividade socioemocional\u00a0foi desenvolvida em 1991 pela pesquisadora e psic\u00f3loga norte-americana Laura Carstensen. A partir de\u00a0estudos\u00a0sobre o comportamento social e emocional no processo de\u00a0envelhecimento, Carstensen observou que, a partir dos 60 anos, os h\u00e1bitos e padr\u00f5es de [&hellip;]","og_url":"https:\/\/jornalfatosenoticias.com.br\/index.php\/2022\/01\/05\/o-que-e-a-teoria-da-seletividade-socioemocional\/","og_site_name":"Jornal Fatos e Not\u00edcias","article_published_time":"2022-01-05T16:07:31+00:00","article_modified_time":"2022-01-05T16:07:33+00:00","og_image":[{"width":1000,"height":613,"url":"https:\/\/jornalfatosenoticias.com.br\/wp-content\/uploads\/2022\/01\/teoria-da-seletividade-socioemocional.jpg","type":"image\/jpeg"}],"author":"Luzimara Fernandes","twitter_card":"summary_large_image","twitter_misc":{"Escrito por":"Luzimara Fernandes","Est. tempo de leitura":"4 minutos"},"schema":{"@context":"https:\/\/schema.org","@graph":[{"@type":"Article","@id":"https:\/\/jornalfatosenoticias.com.br\/index.php\/2022\/01\/05\/o-que-e-a-teoria-da-seletividade-socioemocional\/#article","isPartOf":{"@id":"https:\/\/jornalfatosenoticias.com.br\/index.php\/2022\/01\/05\/o-que-e-a-teoria-da-seletividade-socioemocional\/"},"author":{"name":"Luzimara Fernandes","@id":"https:\/\/jornalfatosenoticias.com.br\/#\/schema\/person\/d63837fa13ac8666eb9e74e0985d6f81"},"headline":"O que \u00e9 a Teoria da Seletividade Socioemocional?","datePublished":"2022-01-05T16:07:31+00:00","dateModified":"2022-01-05T16:07:33+00:00","mainEntityOfPage":{"@id":"https:\/\/jornalfatosenoticias.com.br\/index.php\/2022\/01\/05\/o-que-e-a-teoria-da-seletividade-socioemocional\/"},"wordCount":817,"commentCount":0,"publisher":{"@id":"https:\/\/jornalfatosenoticias.com.br\/#organization"},"image":{"@id":"https:\/\/jornalfatosenoticias.com.br\/index.php\/2022\/01\/05\/o-que-e-a-teoria-da-seletividade-socioemocional\/#primaryimage"},"thumbnailUrl":"https:\/\/jornalfatosenoticias.com.br\/wp-content\/uploads\/2022\/01\/teoria-da-seletividade-socioemocional.jpg","keywords":["comportamento","envelhecimento","Estudo","Laura Carstensen","teoria da seletividade emocional"],"articleSection":["Comportamento &amp; Equil\u00edbrio"],"inLanguage":"pt-BR","potentialAction":[{"@type":"CommentAction","name":"Comment","target":["https:\/\/jornalfatosenoticias.com.br\/index.php\/2022\/01\/05\/o-que-e-a-teoria-da-seletividade-socioemocional\/#respond"]}]},{"@type":"WebPage","@id":"https:\/\/jornalfatosenoticias.com.br\/index.php\/2022\/01\/05\/o-que-e-a-teoria-da-seletividade-socioemocional\/","url":"https:\/\/jornalfatosenoticias.com.br\/index.php\/2022\/01\/05\/o-que-e-a-teoria-da-seletividade-socioemocional\/","name":"O que \u00e9 a Teoria da Seletividade Socioemocional? - Jornal Fatos e Not\u00edcias","isPartOf":{"@id":"https:\/\/jornalfatosenoticias.com.br\/#website"},"primaryImageOfPage":{"@id":"https:\/\/jornalfatosenoticias.com.br\/index.php\/2022\/01\/05\/o-que-e-a-teoria-da-seletividade-socioemocional\/#primaryimage"},"image":{"@id":"https:\/\/jornalfatosenoticias.com.br\/index.php\/2022\/01\/05\/o-que-e-a-teoria-da-seletividade-socioemocional\/#primaryimage"},"thumbnailUrl":"https:\/\/jornalfatosenoticias.com.br\/wp-content\/uploads\/2022\/01\/teoria-da-seletividade-socioemocional.jpg","datePublished":"2022-01-05T16:07:31+00:00","dateModified":"2022-01-05T16:07:33+00:00","breadcrumb":{"@id":"https:\/\/jornalfatosenoticias.com.br\/index.php\/2022\/01\/05\/o-que-e-a-teoria-da-seletividade-socioemocional\/#breadcrumb"},"inLanguage":"pt-BR","potentialAction":[{"@type":"ReadAction","target":["https:\/\/jornalfatosenoticias.com.br\/index.php\/2022\/01\/05\/o-que-e-a-teoria-da-seletividade-socioemocional\/"]}]},{"@type":"ImageObject","inLanguage":"pt-BR","@id":"https:\/\/jornalfatosenoticias.com.br\/index.php\/2022\/01\/05\/o-que-e-a-teoria-da-seletividade-socioemocional\/#primaryimage","url":"https:\/\/jornalfatosenoticias.com.br\/wp-content\/uploads\/2022\/01\/teoria-da-seletividade-socioemocional.jpg","contentUrl":"https:\/\/jornalfatosenoticias.com.br\/wp-content\/uploads\/2022\/01\/teoria-da-seletividade-socioemocional.jpg","width":1000,"height":613},{"@type":"BreadcrumbList","@id":"https:\/\/jornalfatosenoticias.com.br\/index.php\/2022\/01\/05\/o-que-e-a-teoria-da-seletividade-socioemocional\/#breadcrumb","itemListElement":[{"@type":"ListItem","position":1,"name":"In\u00edcio","item":"https:\/\/jornalfatosenoticias.com.br\/"},{"@type":"ListItem","position":2,"name":"O que \u00e9 a Teoria da Seletividade Socioemocional?"}]},{"@type":"WebSite","@id":"https:\/\/jornalfatosenoticias.com.br\/#website","url":"https:\/\/jornalfatosenoticias.com.br\/","name":"Jornal Fatos e Not\u00edcias","description":"Not\u00edcias em geral","publisher":{"@id":"https:\/\/jornalfatosenoticias.com.br\/#organization"},"potentialAction":[{"@type":"SearchAction","target":{"@type":"EntryPoint","urlTemplate":"https:\/\/jornalfatosenoticias.com.br\/?s={search_term_string}"},"query-input":{"@type":"PropertyValueSpecification","valueRequired":true,"valueName":"search_term_string"}}],"inLanguage":"pt-BR"},{"@type":"Organization","@id":"https:\/\/jornalfatosenoticias.com.br\/#organization","name":"Jornal Fatos e Not\u00edcias","url":"https:\/\/jornalfatosenoticias.com.br\/","logo":{"@type":"ImageObject","inLanguage":"pt-BR","@id":"https:\/\/jornalfatosenoticias.com.br\/#\/schema\/logo\/image\/","url":"https:\/\/jornalfatosenoticias.com.br\/wp-content\/uploads\/2020\/02\/logo120.png","contentUrl":"https:\/\/jornalfatosenoticias.com.br\/wp-content\/uploads\/2020\/02\/logo120.png","width":1227,"height":120,"caption":"Jornal Fatos e Not\u00edcias"},"image":{"@id":"https:\/\/jornalfatosenoticias.com.br\/#\/schema\/logo\/image\/"}},{"@type":"Person","@id":"https:\/\/jornalfatosenoticias.com.br\/#\/schema\/person\/d63837fa13ac8666eb9e74e0985d6f81","name":"Luzimara Fernandes","image":{"@type":"ImageObject","inLanguage":"pt-BR","@id":"https:\/\/jornalfatosenoticias.com.br\/#\/schema\/person\/image\/","url":"https:\/\/jornalfatosenoticias.com.br\/wp-content\/uploads\/2025\/05\/EU_portal.jpg","contentUrl":"https:\/\/jornalfatosenoticias.com.br\/wp-content\/uploads\/2025\/05\/EU_portal.jpg","caption":"Luzimara Fernandes"},"description":"Jornalista MTB 2358-ES","sameAs":["https:\/\/jornalfatosenoticias.com.br"],"url":"https:\/\/jornalfatosenoticias.com.br\/index.php\/author\/luzimara\/"}]}},"cc_featured_image_caption":{"caption_text":"(Foto: pasja1000\/Pixabay) ","source_text":"","source_url":""},"jetpack_featured_media_url":"https:\/\/jornalfatosenoticias.com.br\/wp-content\/uploads\/2022\/01\/teoria-da-seletividade-socioemocional.jpg","_links":{"self":[{"href":"https:\/\/jornalfatosenoticias.com.br\/index.php\/wp-json\/wp\/v2\/posts\/26468","targetHints":{"allow":["GET"]}}],"collection":[{"href":"https:\/\/jornalfatosenoticias.com.br\/index.php\/wp-json\/wp\/v2\/posts"}],"about":[{"href":"https:\/\/jornalfatosenoticias.com.br\/index.php\/wp-json\/wp\/v2\/types\/post"}],"author":[{"embeddable":true,"href":"https:\/\/jornalfatosenoticias.com.br\/index.php\/wp-json\/wp\/v2\/users\/2"}],"replies":[{"embeddable":true,"href":"https:\/\/jornalfatosenoticias.com.br\/index.php\/wp-json\/wp\/v2\/comments?post=26468"}],"version-history":[{"count":0,"href":"https:\/\/jornalfatosenoticias.com.br\/index.php\/wp-json\/wp\/v2\/posts\/26468\/revisions"}],"wp:featuredmedia":[{"embeddable":true,"href":"https:\/\/jornalfatosenoticias.com.br\/index.php\/wp-json\/wp\/v2\/media\/26469"}],"wp:attachment":[{"href":"https:\/\/jornalfatosenoticias.com.br\/index.php\/wp-json\/wp\/v2\/media?parent=26468"}],"wp:term":[{"taxonomy":"category","embeddable":true,"href":"https:\/\/jornalfatosenoticias.com.br\/index.php\/wp-json\/wp\/v2\/categories?post=26468"},{"taxonomy":"post_tag","embeddable":true,"href":"https:\/\/jornalfatosenoticias.com.br\/index.php\/wp-json\/wp\/v2\/tags?post=26468"}],"curies":[{"name":"wp","href":"https:\/\/api.w.org\/{rel}","templated":true}]}}